{"id":3370,"date":"2018-09-10T21:43:44","date_gmt":"2018-09-10T19:43:44","guid":{"rendered":"https:\/\/www.welovecycling.com\/es\/?p=3370"},"modified":"2018-09-10T21:43:44","modified_gmt":"2018-09-10T19:43:44","slug":"fotografo-de-ciclismo","status":"publish","type":"post","link":"https:\/\/www.welovecycling.com\/es\/2018\/09\/10\/fotografo-de-ciclismo\/","title":{"rendered":"La vida de un fot\u00f3grafo de ciclismo: Mario Stiehl"},"content":{"rendered":"<p class=\"western\" lang=\"en-GB\"><strong>\u00bfAlguna vez se ha preguntado lo que significa ser parte intr\u00ednseca de las carreras ciclistas, como el Tour de Francia, el Giro de Italia, la Vuelta a Espa\u00f1a, Paris-Roubaix? B\u00e1sicamente, todas las carreras famosas que hay? Bueno, as\u00ed es la vida de Mario Stiehl. Sentarse en la parte trasera de una motocicleta todo el d\u00eda, asegur\u00e1ndose de que los aficionados al ciclismo recibamos nuestra dosis diaria de fotos de ciclismo. Nos sentamos con uno de los fot\u00f3grafos m\u00e1s publicados en el mundo del ciclismo profesional para hablar de su apasionante trabajo.<\/strong><!--more--><\/p>\n<p class=\"western\" lang=\"en-GB\"><span style=\"color: #000000;\"><i><b>\u00bfC\u00f3mo te iniciaste en el mundo de la fotograf\u00eda ciclista profesional?<\/b><\/i><\/span><\/p>\n<p>Empec\u00e9 en 1994. Yo vengo de Alemania del Este, y cuando era ni\u00f1o en ese entonces, todo lo que ten\u00edamos era la Carrera de la Paz. Y recuerdo que sal\u00edamos de la escuela y nos par\u00e1bamos a los lados de las carreteras para animar a los ciclistas. Ese fue mi primer encuentro con el ciclismo. Luego empec\u00e9 a seguir el Tour de Francia y las Cl\u00e1sicas de Primavera en la televisi\u00f3n siempre que ten\u00edamos la transmisi\u00f3n.<\/p>\n<p class=\"western\" lang=\"en-GB\"><span style=\"color: #000000;\"><i><b>\u00bfAs\u00ed que la fotograf\u00eda no fue tu primer amor, era el ciclismo profesional en s\u00ed mismo<\/b><\/i><i><b>?<\/b><\/i><\/span><\/p>\n<p>S\u00ed, definitivamente. Ver\u00e1, en 1991 me interes\u00e9 por los deportes y las estad\u00edsticas deportivas. Uno de mis primeros objetivos fue escribir un libro sobre estad\u00edsticas de ciclismo porque no hab\u00eda nada disponible en Alemania (Oriental).<\/p>\n<p>As\u00ed que, yo ir\u00eda a Estrasburgo, Francia, a buscar algunos materiales. La idea era crear mi propio libro en alem\u00e1n sobre las estad\u00edsticas del deporte. Al sumergirme en el proyecto, me di cuenta de que lo que realmente quer\u00eda y necesitaba eran&#8230;. fotos<\/p>\n<figure id=\"attachment_3371\" aria-describedby=\"caption-attachment-3371\" style=\"width: 1224px\" class=\"wp-caption alignnone\"><a href=\"https:\/\/d2p6e6u75xmxt8.cloudfront.net\/6\/2018\/09\/mario1.jpg\"><img loading=\"lazy\" decoding=\"async\" class=\"size-full wp-image-3371\" src=\"https:\/\/d2p6e6u75xmxt8.cloudfront.net\/6\/2018\/09\/mario1.jpg\" alt=\"\" width=\"1224\" height=\"918\" srcset=\"https:\/\/d2p6e6u75xmxt8.cloudfront.net\/6\/2018\/09\/mario1.jpg 1224w, https:\/\/d2p6e6u75xmxt8.cloudfront.net\/6\/2018\/09\/mario1-300x225.jpg 300w, https:\/\/d2p6e6u75xmxt8.cloudfront.net\/6\/2018\/09\/mario1-768x576.jpg 768w, https:\/\/d2p6e6u75xmxt8.cloudfront.net\/6\/2018\/09\/mario1-1024x768.jpg 1024w\" sizes=\"auto, (max-width: 1224px) 100vw, 1224px\" \/><\/a><figcaption id=\"caption-attachment-3371\" class=\"wp-caption-text\">Mario in the center with his colleagues Scott Mitchell (GBR) and James Starts (USA).<\/figcaption><\/figure>\n<p>&nbsp;<\/p>\n<p>As\u00ed que me puse en contacto con algunos de los mejores fot\u00f3grafos ciclistas de Alemania en ese momento. Cuando les pregunt\u00e9 sobre el costo de sus fotos, no pod\u00eda creer lo caro que era! As\u00ed que decid\u00ed dedicarme a la fotograf\u00eda ciclista. No hab\u00eda sido mi pasi\u00f3n antes. Por cierto, nunca termin\u00e9 ese libro porque me enamor\u00e9 de la fotograf\u00eda.<\/p>\n<p>\u00bfRecuerdas a Graham Watson? El abuelo de la fotograf\u00eda ciclista. Se jubil\u00f3 hace dos a\u00f1os. Cuando empec\u00e9, le echaba un vistazo a sus libros porque me gustaba su estilo, y desde entonces lo he estado admirando como una influencia. Hace cinco a\u00f1os, pas\u00e9 una temporada con \u00e9l, y fue una revelaci\u00f3n para m\u00ed.<\/p>\n<p class=\"western\" lang=\"en-GB\"><span style=\"color: #000000;\"><i><b>\u00bfPodr\u00eda darnos un resumen de su d\u00eda durante una carrera?<\/b><\/i><\/span><\/p>\n<p>En primer lugar, depende realmente de la etapa y del tiempo de viaje alrededor de ella. En algunas grandes vueltas puede ser muy largo. Normalmente me despierto entre las 6 y las 7 de la ma\u00f1ana. Lo siguiente es ducharse y desayunar. Entonces normalmente tengo que estar en el sitio dos o tres horas antes de la salida para crear todos los datos para la etapa de ese d\u00eda.<\/p>\n<p>Luego, una hora antes de la ceremonia de firma, debo estar all\u00ed para tomar fotos de los directores deportivos, de los ciclistas y de toda la gente que rodea la carrera. La siguiente es la carrera en la que paso de cuatro a seis horas, montando en moto alrededor del 80% del tiempo.<\/p>\n<figure id=\"attachment_3372\" aria-describedby=\"caption-attachment-3372\" style=\"width: 1380px\" class=\"wp-caption alignnone\"><a href=\"https:\/\/d2p6e6u75xmxt8.cloudfront.net\/6\/2018\/09\/mario1-3.jpg\"><img loading=\"lazy\" decoding=\"async\" class=\"wp-image-3372 size-full\" src=\"https:\/\/d2p6e6u75xmxt8.cloudfront.net\/6\/2018\/09\/mario1-3.jpg\" alt=\"\" width=\"1380\" height=\"918\" srcset=\"https:\/\/d2p6e6u75xmxt8.cloudfront.net\/6\/2018\/09\/mario1-3.jpg 1380w, https:\/\/d2p6e6u75xmxt8.cloudfront.net\/6\/2018\/09\/mario1-3-300x200.jpg 300w, https:\/\/d2p6e6u75xmxt8.cloudfront.net\/6\/2018\/09\/mario1-3-768x511.jpg 768w, https:\/\/d2p6e6u75xmxt8.cloudfront.net\/6\/2018\/09\/mario1-3-1024x681.jpg 1024w, https:\/\/d2p6e6u75xmxt8.cloudfront.net\/6\/2018\/09\/mario1-3-272x182.jpg 272w\" sizes=\"auto, (max-width: 1380px) 100vw, 1380px\" \/><\/a><figcaption id=\"caption-attachment-3372\" class=\"wp-caption-text\">\u00a9 Mario Stiehl<\/figcaption><\/figure>\n<p>&nbsp;<\/p>\n<p>Despu\u00e9s viene la ceremonia del podium y todas las dem\u00e1s cosas, que se realizan alrededor de media hora despu\u00e9s de la llegada. Despu\u00e9s de la ceremonia del podio, voy al centro de prensa durante dos o tres horas para enviar las im\u00e1genes a mis clientes. Por cierto, no soy el \u00faltimo que se queda en estos eventos. Siempre es Tim De Waele, otro fot\u00f3grafo profesional como yo (de B\u00e9lgica), quien se queda m\u00e1s tiempo!<\/p>\n<p>Despu\u00e9s de eso, vuelvo a mi hotel donde tengo que enviar las fotos porque los clientes son lo m\u00e1s importante. Me pagan por toda la temporada y quieren tener el material lo antes posible. Luego hablo con mi chofer para organizar el d\u00eda siguiente.<\/p>\n<div id='gallery-1' class='gallery galleryid-3370 gallery-columns-2 gallery-size-large'><figure class='gallery-item'>\n\t\t\t<div class='gallery-icon landscape'>\n\t\t\t\t<a href='https:\/\/d2p6e6u75xmxt8.cloudfront.net\/6\/2018\/09\/20180419_MS_TOC_012.jpg'><img loading=\"lazy\" decoding=\"async\" width=\"1024\" height=\"681\" src=\"https:\/\/d2p6e6u75xmxt8.cloudfront.net\/6\/2018\/09\/20180419_MS_TOC_012-1024x681.jpg\" class=\"attachment-large size-large\" alt=\"\" aria-describedby=\"gallery-1-3364\" srcset=\"https:\/\/d2p6e6u75xmxt8.cloudfront.net\/6\/2018\/09\/20180419_MS_TOC_012-1024x681.jpg 1024w, https:\/\/d2p6e6u75xmxt8.cloudfront.net\/6\/2018\/09\/20180419_MS_TOC_012-300x200.jpg 300w, https:\/\/d2p6e6u75xmxt8.cloudfront.net\/6\/2018\/09\/20180419_MS_TOC_012-768x511.jpg 768w, https:\/\/d2p6e6u75xmxt8.cloudfront.net\/6\/2018\/09\/20180419_MS_TOC_012-1920x1278.jpg 1920w, https:\/\/d2p6e6u75xmxt8.cloudfront.net\/6\/2018\/09\/20180419_MS_TOC_012-272x182.jpg 272w, https:\/\/d2p6e6u75xmxt8.cloudfront.net\/6\/2018\/09\/20180419_MS_TOC_012-1920x1278.jpg 1920w\" sizes=\"auto, (max-width: 1024px) 100vw, 1024px\" \/><\/a>\n\t\t\t<\/div>\n\t\t\t\t<figcaption class='wp-caption-text gallery-caption' id='gallery-1-3364'>\n\t\t\t\t\u00a9 Mario Stiehl\n\t\t\t\t<\/figcaption><\/figure><figure class='gallery-item'>\n\t\t\t<div class='gallery-icon landscape'>\n\t\t\t\t<a href='https:\/\/d2p6e6u75xmxt8.cloudfront.net\/6\/2018\/09\/mario1-4.jpg'><img loading=\"lazy\" decoding=\"async\" width=\"1024\" height=\"681\" src=\"https:\/\/d2p6e6u75xmxt8.cloudfront.net\/6\/2018\/09\/mario1-4-1024x681.jpg\" class=\"attachment-large size-large\" alt=\"\" aria-describedby=\"gallery-1-3365\" srcset=\"https:\/\/d2p6e6u75xmxt8.cloudfront.net\/6\/2018\/09\/mario1-4-1024x681.jpg 1024w, https:\/\/d2p6e6u75xmxt8.cloudfront.net\/6\/2018\/09\/mario1-4-300x200.jpg 300w, https:\/\/d2p6e6u75xmxt8.cloudfront.net\/6\/2018\/09\/mario1-4-768x511.jpg 768w, https:\/\/d2p6e6u75xmxt8.cloudfront.net\/6\/2018\/09\/mario1-4-272x182.jpg 272w, https:\/\/d2p6e6u75xmxt8.cloudfront.net\/6\/2018\/09\/mario1-4.jpg 1380w\" sizes=\"auto, (max-width: 1024px) 100vw, 1024px\" \/><\/a>\n\t\t\t<\/div>\n\t\t\t\t<figcaption class='wp-caption-text gallery-caption' id='gallery-1-3365'>\n\t\t\t\t\u00a9 Mario Stiehl\n\t\t\t\t<\/figcaption><\/figure>\n\t\t<\/div>\n\n<p>Termino a medianoche o a veces incluso a las 2 de la madrugada. Como he dicho, a veces tenemos traslados muy largos, especialmente al principio o al final de la temporada, cuando viajamos en la oscuridad porque es muy temprano o muy tarde.<\/p>\n<p>No es un trabajo f\u00e1cil&#8230;.<\/p>\n<p class=\"western\" lang=\"en-GB\"><span style=\"color: #000000;\"><i><b>\u00bfC\u00f3mo es un a\u00f1o t\u00edpico<\/b><\/i><i><b>?<\/b><\/i><\/span><\/p>\n<p class=\"western\" lang=\"en-GB\">Esta es una pregunta complicada&#8230;. La cosa es que mi empresa est\u00e1 creciendo cada vez m\u00e1s, as\u00ed que ahora trabajo con socios. Pero la conclusi\u00f3n es que estoy fuera de casa unos 260 d\u00edas al a\u00f1o. Empiezo a mediados de enero y trabajo hasta octubre.<\/p>\n<figure id=\"attachment_3373\" aria-describedby=\"caption-attachment-3373\" style=\"width: 1380px\" class=\"wp-caption alignnone\"><a href=\"https:\/\/d2p6e6u75xmxt8.cloudfront.net\/6\/2018\/09\/mario1-5.jpg\"><img loading=\"lazy\" decoding=\"async\" class=\"size-full wp-image-3373\" src=\"https:\/\/d2p6e6u75xmxt8.cloudfront.net\/6\/2018\/09\/mario1-5.jpg\" alt=\"\" width=\"1380\" height=\"918\" srcset=\"https:\/\/d2p6e6u75xmxt8.cloudfront.net\/6\/2018\/09\/mario1-5.jpg 1380w, https:\/\/d2p6e6u75xmxt8.cloudfront.net\/6\/2018\/09\/mario1-5-300x200.jpg 300w, https:\/\/d2p6e6u75xmxt8.cloudfront.net\/6\/2018\/09\/mario1-5-768x511.jpg 768w, https:\/\/d2p6e6u75xmxt8.cloudfront.net\/6\/2018\/09\/mario1-5-1024x681.jpg 1024w, https:\/\/d2p6e6u75xmxt8.cloudfront.net\/6\/2018\/09\/mario1-5-272x182.jpg 272w\" sizes=\"auto, (max-width: 1380px) 100vw, 1380px\" \/><\/a><figcaption id=\"caption-attachment-3373\" class=\"wp-caption-text\">\u00a9 Mario Stiehl<\/figcaption><\/figure>\n<p class=\"western\" lang=\"en-GB\"><span style=\"color: #000000;\"><br \/>\nEn temporada baja, estoy en casa. Me gusta el hockey sobre hielo y el baloncesto porque realmente necesito un descanso del ciclismo. Por supuesto, podr\u00eda ir a cubrir la temporada de ciclocross en oto\u00f1o&#8230;, pero el hecho es que para entonces ya me aburr\u00eda mucho con el ciclismo.<br \/>\n<\/span><\/p>\n<p class=\"western\" lang=\"en-GB\"><span style=\"color: #000000;\"><i><b>De las grandes vueltas \u00bfCu\u00e1l te gusta m\u00e1s?<\/b><\/i><\/span><\/p>\n<p>Prefiero el Giro. Es el m\u00e1s bonito, y mucha gente dir\u00e1 lo mismo. El pa\u00eds y la cultura son incre\u00edbles. No es complicado cubrirlo. A veces las etapas son duras, sin embargo, es m\u00e1s relajado que el Tour de Francia.<\/p>\n<p>El Tour de Francia es el m\u00e1s duro. Es la mayor carrera ciclista, todo el mundo lo sabe. Pero para m\u00ed, es un circo&#8230; Demasiada gente, demasiados periodistas. Como dije, no es complicado cubrir la carrera, pero cuando es tu pasi\u00f3n, entonces cubrirla no es muy divertido.<\/p>\n<figure id=\"attachment_3374\" aria-describedby=\"caption-attachment-3374\" style=\"width: 1380px\" class=\"wp-caption alignnone\"><a href=\"https:\/\/d2p6e6u75xmxt8.cloudfront.net\/6\/2018\/09\/mario1-6.jpg\"><img loading=\"lazy\" decoding=\"async\" class=\"wp-image-3374 size-full\" src=\"https:\/\/d2p6e6u75xmxt8.cloudfront.net\/6\/2018\/09\/mario1-6.jpg\" alt=\"\" width=\"1380\" height=\"918\" srcset=\"https:\/\/d2p6e6u75xmxt8.cloudfront.net\/6\/2018\/09\/mario1-6.jpg 1380w, https:\/\/d2p6e6u75xmxt8.cloudfront.net\/6\/2018\/09\/mario1-6-300x200.jpg 300w, https:\/\/d2p6e6u75xmxt8.cloudfront.net\/6\/2018\/09\/mario1-6-768x511.jpg 768w, https:\/\/d2p6e6u75xmxt8.cloudfront.net\/6\/2018\/09\/mario1-6-1024x681.jpg 1024w, https:\/\/d2p6e6u75xmxt8.cloudfront.net\/6\/2018\/09\/mario1-6-272x182.jpg 272w\" sizes=\"auto, (max-width: 1380px) 100vw, 1380px\" \/><\/a><figcaption id=\"caption-attachment-3374\" class=\"wp-caption-text\">\u00a9 Mario Stiehl<\/figcaption><\/figure>\n<p class=\"western\" lang=\"en-GB\">Adem\u00e1s, despu\u00e9s de los ataques terroristas en Francia, no ha sido muy especial en los \u00faltimos tres a\u00f1os. Las medidas de seguridad est\u00e1n en todas partes, y es estresante. Y te cansas de ello. Hay que viajar antes y despu\u00e9s de las etapas, largos traslados. S\u00f3lo mucho estr\u00e9s.<\/p>\n<p class=\"western\" lang=\"en-GB\"><span style=\"color: #000000;\"><i><b>\u00bfY fuera de las grandes vueltas?<\/b><\/i><\/span><\/p>\n<p>Hace muchos a\u00f1os, habr\u00eda dicho el Crit\u00e9rium du Dauphin\u00e9 y el Tour de Suiza. Estas carreras son realmente agradables y no tan estresantes como las Grand Tours. Podr\u00e1s conocer a las estrellas antes y despu\u00e9s de los Grand Tours, como el Tour de Francia o el Giro de Italia.<\/p>\n<p>Pero en los \u00faltimos seis a\u00f1os, a\u00f1adir\u00eda las carreras noruegas, como el Tour des Fjords, y las de Europa del Este. Noruega es simplemente asombrosa por las fotos que tuve la oportunidad de tomar cuando el pelot\u00f3n estaba pasando a trav\u00e9s de paisajes incre\u00edbles. Hace que la experiencia sea perfecta.<\/p>\n<figure id=\"attachment_3375\" aria-describedby=\"caption-attachment-3375\" style=\"width: 1380px\" class=\"wp-caption alignnone\"><a href=\"https:\/\/d2p6e6u75xmxt8.cloudfront.net\/6\/2018\/09\/mario1-7.jpg\"><img loading=\"lazy\" decoding=\"async\" class=\"wp-image-3375 size-full\" src=\"https:\/\/d2p6e6u75xmxt8.cloudfront.net\/6\/2018\/09\/mario1-7.jpg\" alt=\"\" width=\"1380\" height=\"918\" srcset=\"https:\/\/d2p6e6u75xmxt8.cloudfront.net\/6\/2018\/09\/mario1-7.jpg 1380w, https:\/\/d2p6e6u75xmxt8.cloudfront.net\/6\/2018\/09\/mario1-7-300x200.jpg 300w, https:\/\/d2p6e6u75xmxt8.cloudfront.net\/6\/2018\/09\/mario1-7-768x511.jpg 768w, https:\/\/d2p6e6u75xmxt8.cloudfront.net\/6\/2018\/09\/mario1-7-1024x681.jpg 1024w, https:\/\/d2p6e6u75xmxt8.cloudfront.net\/6\/2018\/09\/mario1-7-272x182.jpg 272w\" sizes=\"auto, (max-width: 1380px) 100vw, 1380px\" \/><\/a><figcaption id=\"caption-attachment-3375\" class=\"wp-caption-text\">\u00a9 Mario Stiehl<\/figcaption><\/figure>\n<p>&nbsp;<\/p>\n<p>As\u00ed que ahora tengo nuevas carreras favoritas en Europa del Este! La Vuelta a Eslovenia y la Vuelta a Croacia, me gustan mucho. La gente es muy amable. En \u00faltima instancia, prefiero el Tour de Eslovenia. Debo decir que la organizaci\u00f3n de las carreras de Europa del Este es cada vez mejor.<\/p>\n<p>En cuanto a las carreras de un d\u00eda, no tengo favoritos. Por supuesto, est\u00e1n los de Par\u00eds-Roubaix, Flandes, Mil\u00e1n-San Remo, etc. Pero no puedes cubrirlos todos!<\/p>\n<p>As\u00ed que cuando planeo mi temporada, tengo que considerar lo que puedo hacer por m\u00ed mismo, porque a veces hay carreras similares al mismo tiempo, como Par\u00eds-Niza y Tirreno-Adri\u00e1tico. As\u00ed que tengo que hablar con mis compa\u00f1eros para ver c\u00f3mo va a ir.<\/p>\n<div id='gallery-2' class='gallery galleryid-3370 gallery-columns-2 gallery-size-large'><figure class='gallery-item'>\n\t\t\t<div class='gallery-icon landscape'>\n\t\t\t\t<a href='https:\/\/d2p6e6u75xmxt8.cloudfront.net\/6\/2018\/09\/mario1-11.jpg'><img loading=\"lazy\" decoding=\"async\" width=\"1024\" height=\"681\" src=\"https:\/\/d2p6e6u75xmxt8.cloudfront.net\/6\/2018\/09\/mario1-11-1024x681.jpg\" class=\"attachment-large size-large\" alt=\"\" srcset=\"https:\/\/d2p6e6u75xmxt8.cloudfront.net\/6\/2018\/09\/mario1-11-1024x681.jpg 1024w, https:\/\/d2p6e6u75xmxt8.cloudfront.net\/6\/2018\/09\/mario1-11-300x200.jpg 300w, https:\/\/d2p6e6u75xmxt8.cloudfront.net\/6\/2018\/09\/mario1-11-768x511.jpg 768w, https:\/\/d2p6e6u75xmxt8.cloudfront.net\/6\/2018\/09\/mario1-11-272x182.jpg 272w, https:\/\/d2p6e6u75xmxt8.cloudfront.net\/6\/2018\/09\/mario1-11.jpg 1380w\" sizes=\"auto, (max-width: 1024px) 100vw, 1024px\" \/><\/a>\n\t\t\t<\/div><\/figure><figure class='gallery-item'>\n\t\t\t<div class='gallery-icon landscape'>\n\t\t\t\t<a href='https:\/\/d2p6e6u75xmxt8.cloudfront.net\/6\/2018\/09\/mario1-8.jpg'><img loading=\"lazy\" decoding=\"async\" width=\"1024\" height=\"681\" src=\"https:\/\/d2p6e6u75xmxt8.cloudfront.net\/6\/2018\/09\/mario1-8-1024x681.jpg\" class=\"attachment-large size-large\" alt=\"\" srcset=\"https:\/\/d2p6e6u75xmxt8.cloudfront.net\/6\/2018\/09\/mario1-8-1024x681.jpg 1024w, https:\/\/d2p6e6u75xmxt8.cloudfront.net\/6\/2018\/09\/mario1-8-300x200.jpg 300w, https:\/\/d2p6e6u75xmxt8.cloudfront.net\/6\/2018\/09\/mario1-8-768x511.jpg 768w, https:\/\/d2p6e6u75xmxt8.cloudfront.net\/6\/2018\/09\/mario1-8-272x182.jpg 272w, https:\/\/d2p6e6u75xmxt8.cloudfront.net\/6\/2018\/09\/mario1-8.jpg 1380w\" sizes=\"auto, (max-width: 1024px) 100vw, 1024px\" \/><\/a>\n\t\t\t<\/div><\/figure>\n\t\t<\/div>\n\n<p class=\"western\" lang=\"en-GB\">Sabes, en mi trabajo, no puedes tener s\u00f3lo &#8220;un gran trato&#8221; con un gran equipo. Como fot\u00f3grafo profesional, necesito varios tratos importantes con equipos importantes. Es complicado, pero la mayor\u00eda de mis clientes requieren que les proporcione muchas im\u00e1genes del 90% de todas las carreras del mundo.<\/p>\n<p class=\"western\" lang=\"en-GB\"><span style=\"color: #000000;\"><i><b>\u00bfPodr\u00edas decirnos cu\u00e1l crees que es la mejor foto de tu vida, aquella en la que sientes que est\u00e1s en el lugar correcto en el momento correcto?<\/b><\/i><i><b>?<\/b><\/i><\/span><\/p>\n<p class=\"western\" lang=\"en-GB\">S\u00ed, por supuesto. Fue hace dos a\u00f1os, una foto que tom\u00e9 en el Tour des Fjords. Los ciclistas pasaban por una cascada y luego, en el momento oportuno, llega esta r\u00e1faga de viento que salpic\u00f3 de gotas de agua todo el pelot\u00f3n. En el mismo momento llega un arco iris. \u00a1Nunca lo olvidar\u00e9!<\/p>\n<figure id=\"attachment_3376\" aria-describedby=\"caption-attachment-3376\" style=\"width: 1380px\" class=\"wp-caption alignnone\"><a href=\"https:\/\/d2p6e6u75xmxt8.cloudfront.net\/6\/2018\/09\/mario1-2.jpg\"><img loading=\"lazy\" decoding=\"async\" class=\"wp-image-3376 size-full\" src=\"https:\/\/d2p6e6u75xmxt8.cloudfront.net\/6\/2018\/09\/mario1-2.jpg\" alt=\"\" width=\"1380\" height=\"918\" srcset=\"https:\/\/d2p6e6u75xmxt8.cloudfront.net\/6\/2018\/09\/mario1-2.jpg 1380w, https:\/\/d2p6e6u75xmxt8.cloudfront.net\/6\/2018\/09\/mario1-2-300x200.jpg 300w, https:\/\/d2p6e6u75xmxt8.cloudfront.net\/6\/2018\/09\/mario1-2-768x511.jpg 768w, https:\/\/d2p6e6u75xmxt8.cloudfront.net\/6\/2018\/09\/mario1-2-1024x681.jpg 1024w, https:\/\/d2p6e6u75xmxt8.cloudfront.net\/6\/2018\/09\/mario1-2-272x182.jpg 272w\" sizes=\"auto, (max-width: 1380px) 100vw, 1380px\" \/><\/a><figcaption id=\"caption-attachment-3376\" class=\"wp-caption-text\">\u00a9 Mario Stiehl<\/figcaption><\/figure>\n<p class=\"western\" lang=\"en-GB\"><span style=\"color: #000000;\"><i><b>\u00bfCu\u00e1l es tu mejor recuerdo fuera de la fotograf\u00eda? \u00bfQu\u00e9 carrera nunca olvidar\u00e1s??<\/b><\/i><\/span><\/p>\n<p>Oh, puedo dec\u00edrtelo exactamente. Fue la primera victoria de Erik Zabel en el Milan &#8211; San Remo en 1997. Viene de Berl\u00edn, mi ciudad natal. Cuando gan\u00f3 la carrera, empezamos a llorar juntos; yo delante de mi televisor, \u00e9l en la carrera. Erik es un buen tipo.<\/p>\n<p class=\"western\" lang=\"en-GB\"><span style=\"color: #000000;\"><i><b>La \u00faltima secci\u00f3n de esta entrevista es un par de preguntas r\u00e1pidas para ti, Mario. Nosotros los llamamos &#8220;disparos&#8221;. Le daremos algunas opciones entre las cuales usted elegir\u00e1 la que crea que es la mejor respuesta.<\/b><\/i><i><b>.<\/b><\/i><\/span><\/p>\n<p class=\"western\" lang=\"en-GB\"><span style=\"color: #000000;\"><i><b>Tiro de Stiehl #1: \u00bfQu\u00e9 haces en tu tiempo libre? 1) Un paseo en bicicleta. 2) Si\u00e9ntese en una silla larga en su patio trasero. 3) Trabajando en la lista de cosas que tu novia prepar\u00f3 para ti.<\/b><\/i><i><b>.<\/b><\/i><\/span><\/p>\n<p class=\"western\" lang=\"en-GB\">Definitivamente la lista de cosas por hacer! Y tambi\u00e9n se trata de pasar tiempo con mi se\u00f1ora y mi hija.<\/p>\n<div id='gallery-3' class='gallery galleryid-3370 gallery-columns-2 gallery-size-large'><figure class='gallery-item'>\n\t\t\t<div class='gallery-icon landscape'>\n\t\t\t\t<a href='https:\/\/d2p6e6u75xmxt8.cloudfront.net\/6\/2018\/09\/mario1-10.jpg'><img loading=\"lazy\" decoding=\"async\" width=\"1024\" height=\"681\" src=\"https:\/\/d2p6e6u75xmxt8.cloudfront.net\/6\/2018\/09\/mario1-10-1024x681.jpg\" class=\"attachment-large size-large\" alt=\"\" srcset=\"https:\/\/d2p6e6u75xmxt8.cloudfront.net\/6\/2018\/09\/mario1-10-1024x681.jpg 1024w, https:\/\/d2p6e6u75xmxt8.cloudfront.net\/6\/2018\/09\/mario1-10-300x200.jpg 300w, https:\/\/d2p6e6u75xmxt8.cloudfront.net\/6\/2018\/09\/mario1-10-768x511.jpg 768w, https:\/\/d2p6e6u75xmxt8.cloudfront.net\/6\/2018\/09\/mario1-10-272x182.jpg 272w, https:\/\/d2p6e6u75xmxt8.cloudfront.net\/6\/2018\/09\/mario1-10.jpg 1380w\" sizes=\"auto, (max-width: 1024px) 100vw, 1024px\" \/><\/a>\n\t\t\t<\/div><\/figure><figure class='gallery-item'>\n\t\t\t<div class='gallery-icon landscape'>\n\t\t\t\t<a href='https:\/\/d2p6e6u75xmxt8.cloudfront.net\/6\/2018\/09\/mario1-9.jpg'><img loading=\"lazy\" decoding=\"async\" width=\"1024\" height=\"681\" src=\"https:\/\/d2p6e6u75xmxt8.cloudfront.net\/6\/2018\/09\/mario1-9-1024x681.jpg\" class=\"attachment-large size-large\" alt=\"\" srcset=\"https:\/\/d2p6e6u75xmxt8.cloudfront.net\/6\/2018\/09\/mario1-9-1024x681.jpg 1024w, https:\/\/d2p6e6u75xmxt8.cloudfront.net\/6\/2018\/09\/mario1-9-300x200.jpg 300w, https:\/\/d2p6e6u75xmxt8.cloudfront.net\/6\/2018\/09\/mario1-9-768x511.jpg 768w, https:\/\/d2p6e6u75xmxt8.cloudfront.net\/6\/2018\/09\/mario1-9-272x182.jpg 272w, https:\/\/d2p6e6u75xmxt8.cloudfront.net\/6\/2018\/09\/mario1-9.jpg 1380w\" sizes=\"auto, (max-width: 1024px) 100vw, 1024px\" \/><\/a>\n\t\t\t<\/div><\/figure>\n\t\t<\/div>\n\n<p class=\"western\" lang=\"en-GB\"><span style=\"color: #000000;\"><i><b>Tiro de Stiehl #2: Despu\u00e9s de un d\u00eda de carrera, \u00bfqu\u00e9 prefieres? 1) Cerveza. 2) Vino. 3) Batido. 4) Agua.<\/b><\/i><i><b>.<\/b><\/i><\/span><\/p>\n<p class=\"western\" lang=\"en-GB\"><span style=\"color: #000000;\">Cerveza belga!<\/span><\/p>\n<p class=\"western\" lang=\"en-GB\"><span style=\"color: #000000;\"><i><b>Stiehl #3: \u00bfCu\u00e1l es la m\u00e1s dif\u00edcil? 1) Un d\u00eda de carreras lluvioso y fr\u00edo en Noruega. 2) Un d\u00eda (muy) caluroso y seco en la Vuelta.<\/b><\/i><\/span><\/p>\n<p class=\"western\" lang=\"en-GB\"><span style=\"color: #000000;\">Las carreras \u00e1rticas. El calor est\u00e1 bien, pero el fr\u00edo no es bueno para el cuerpo, no es bueno para las c\u00e1maras y para su personal. Pero esos son tambi\u00e9n los momentos en los que te das cuenta de que esa es tu pasi\u00f3n en la vida porque realmente sientes el dolor.<\/span><\/p>\n<figure id=\"attachment_3377\" aria-describedby=\"caption-attachment-3377\" style=\"width: 1380px\" class=\"wp-caption alignnone\"><a href=\"https:\/\/d2p6e6u75xmxt8.cloudfront.net\/6\/2018\/09\/mario1-12.jpg\"><img loading=\"lazy\" decoding=\"async\" class=\"wp-image-3377 size-full\" src=\"https:\/\/d2p6e6u75xmxt8.cloudfront.net\/6\/2018\/09\/mario1-12.jpg\" alt=\"\" width=\"1380\" height=\"918\" srcset=\"https:\/\/d2p6e6u75xmxt8.cloudfront.net\/6\/2018\/09\/mario1-12.jpg 1380w, https:\/\/d2p6e6u75xmxt8.cloudfront.net\/6\/2018\/09\/mario1-12-300x200.jpg 300w, https:\/\/d2p6e6u75xmxt8.cloudfront.net\/6\/2018\/09\/mario1-12-768x511.jpg 768w, https:\/\/d2p6e6u75xmxt8.cloudfront.net\/6\/2018\/09\/mario1-12-1024x681.jpg 1024w, https:\/\/d2p6e6u75xmxt8.cloudfront.net\/6\/2018\/09\/mario1-12-272x182.jpg 272w\" sizes=\"auto, (max-width: 1380px) 100vw, 1380px\" \/><\/a><figcaption id=\"caption-attachment-3377\" class=\"wp-caption-text\">\u00a9 Mario Stiehl<\/figcaption><\/figure>\n<p class=\"western\" lang=\"en-GB\"><span style=\"color: #000000;\"><i><b><br \/>\nStiehl # 4: Por lo general, las mejores fotos se toman cuando y donde? 1) Un sprint de grupo. 2) Una etapa de monta\u00f1a. 3) Una contrarreloj.<\/b><\/i><i><b>.<\/b><\/i><\/span><\/p>\n<p class=\"western\" lang=\"en-GB\"><span style=\"color: #000000;\">\u00a1En una gran carrera! Ves a muchos ciclistas, todos van al l\u00edmite. Puedes ver sus caras. Realmente ves los l\u00edmitess.<\/span><\/p>\n<p class=\"western\" lang=\"en-GB\"><span style=\"color: #000000;\"><i><b>El ciclismo profesional es un deporte r\u00e1pido, y a menudo tendemos a apegarnos a la gente principal y a los temas principales del d\u00eda. Qui\u00e9n gan\u00f3, qui\u00e9n se estrell\u00f3, qui\u00e9n abandon\u00f3. Pero tambi\u00e9n hay historias incre\u00edbles detr\u00e1s de las c\u00e1maras. Desafortunadamente, a menudo omitimos estas historias. Pero Mario y su dedicaci\u00f3n son un ejemplo vivo de por qu\u00e9 no deber\u00edamos hacerlo<\/b><\/i><i><b>.<\/b><\/i><\/span><\/p>\n","protected":false},"excerpt":{"rendered":"<p>\u00bfAlguna vez se ha preguntado lo que significa ser parte intr\u00ednseca de las carreras ciclistas, como el Tour de Francia, [&hellip;]<\/p>\n","protected":false},"author":29,"featured_media":3379,"comment_status":"open","ping_status":"open","sticky":false,"template":"","format":"standard","meta":{"footnotes":""},"categories":[7],"tags":[637,636],"global-categories":[],"class_list":["post-3370","post","type-post","status-publish","format-standard","has-post-thumbnail","hentry","category-carretera","tag-fotografia-ciclista","tag-fotografo-de-ciclismo"],"yoast_head":"<!-- This site is optimized with the Yoast SEO Premium plugin v25.3 (Yoast SEO v25.9) - https:\/\/yoast.com\/wordpress\/plugins\/seo\/ -->\n<title>La vida de un fot\u00f3grafo de ciclismo: Mario Stiehl - \u0160koda We Love Cycling - Spain<\/title>\n<meta name=\"description\" content=\"\u00bfAlguna vez se ha preguntado como es la vida de un fot\u00f3grafo de ciclismo. Mario Stiehl, el famoso fot\u00f3grafo alem\u00e1n nos lo expica.\" \/>\n<meta name=\"robots\" content=\"index, follow, max-snippet:-1, max-image-preview:large, max-video-preview:-1\" \/>\n<link rel=\"canonical\" href=\"https:\/\/www.welovecycling.com\/es\/2018\/09\/10\/fotografo-de-ciclismo\/\" \/>\n<meta property=\"og:locale\" content=\"es_ES\" \/>\n<meta property=\"og:type\" content=\"article\" \/>\n<meta property=\"og:title\" content=\"La vida de un fot\u00f3grafo de ciclismo\" \/>\n<meta property=\"og:description\" content=\"\u00bfAlguna vez se ha preguntado como es la vida de un fot\u00f3grafo de ciclismo. Mario Stiehl, el famoso fot\u00f3grafo alem\u00e1n nos lo expica.\" \/>\n<meta property=\"og:url\" content=\"https:\/\/www.welovecycling.com\/es\/2018\/09\/10\/fotografo-de-ciclismo\/\" \/>\n<meta property=\"og:site_name\" content=\"\u0160koda We Love Cycling - Spain\" \/>\n<meta property=\"article:published_time\" content=\"2018-09-10T19:43:44+00:00\" \/>\n<meta property=\"og:image\" content=\"https:\/\/d2p6e6u75xmxt8.cloudfront.net\/6\/2018\/09\/marioCVR.jpg\" \/>\n\t<meta property=\"og:image:width\" content=\"1366\" \/>\n\t<meta property=\"og:image:height\" content=\"600\" \/>\n\t<meta property=\"og:image:type\" content=\"image\/jpeg\" \/>\n<meta name=\"author\" content=\"We Love Cycling Spain\" \/>\n<meta name=\"twitter:card\" content=\"summary_large_image\" \/>\n<meta name=\"twitter:title\" content=\"La vida de un fot\u00f3grafo de ciclismo\" \/>\n<meta name=\"twitter:description\" content=\"\u00bfAlguna vez se ha preguntado como es la vida de un fot\u00f3grafo de ciclismo. Mario Stiehl, el famoso fot\u00f3grafo alem\u00e1n nos lo expica.\" \/>\n<meta name=\"twitter:label1\" content=\"Written by\" \/>\n\t<meta name=\"twitter:data1\" content=\"Jonathan Bouchard (Polska \u00e0 v\u00e9lo)\" \/>\n\t<meta name=\"twitter:label2\" content=\"Est. reading time\" \/>\n\t<meta name=\"twitter:data2\" content=\"9\" \/>\n<script type=\"application\/ld+json\" class=\"yoast-schema-graph\">{\"@context\":\"https:\/\/schema.org\",\"@graph\":[{\"@type\":\"WebPage\",\"@id\":\"https:\/\/www.welovecycling.com\/es\/2018\/09\/10\/fotografo-de-ciclismo\/\",\"url\":\"https:\/\/www.welovecycling.com\/es\/2018\/09\/10\/fotografo-de-ciclismo\/\",\"name\":\"La vida de un fot\u00f3grafo de ciclismo: Mario Stiehl - \u0160koda We Love Cycling - Spain\",\"isPartOf\":{\"@id\":\"https:\/\/www.welovecycling.com\/es\/#website\"},\"primaryImageOfPage\":{\"@id\":\"https:\/\/www.welovecycling.com\/es\/2018\/09\/10\/fotografo-de-ciclismo\/#primaryimage\"},\"image\":{\"@id\":\"https:\/\/www.welovecycling.com\/es\/2018\/09\/10\/fotografo-de-ciclismo\/#primaryimage\"},\"thumbnailUrl\":\"https:\/\/d2p6e6u75xmxt8.cloudfront.net\/6\/2018\/09\/marioCVR.jpg\",\"datePublished\":\"2018-09-10T19:43:44+00:00\",\"author\":{\"@id\":\"https:\/\/www.welovecycling.com\/es\/#\/schema\/person\/deb61715b5812698ee79fb96f343ccd4\"},\"description\":\"\u00bfAlguna vez se ha preguntado como es la vida de un fot\u00f3grafo de ciclismo. Mario Stiehl, el famoso fot\u00f3grafo alem\u00e1n nos lo expica.\",\"breadcrumb\":{\"@id\":\"https:\/\/www.welovecycling.com\/es\/2018\/09\/10\/fotografo-de-ciclismo\/#breadcrumb\"},\"inLanguage\":\"es-ES\",\"potentialAction\":[{\"@type\":\"ReadAction\",\"target\":[\"https:\/\/www.welovecycling.com\/es\/2018\/09\/10\/fotografo-de-ciclismo\/\"]}]},{\"@type\":\"ImageObject\",\"inLanguage\":\"es-ES\",\"@id\":\"https:\/\/www.welovecycling.com\/es\/2018\/09\/10\/fotografo-de-ciclismo\/#primaryimage\",\"url\":\"https:\/\/d2p6e6u75xmxt8.cloudfront.net\/6\/2018\/09\/marioCVR.jpg\",\"contentUrl\":\"https:\/\/d2p6e6u75xmxt8.cloudfront.net\/6\/2018\/09\/marioCVR.jpg\",\"width\":1366,\"height\":600},{\"@type\":\"BreadcrumbList\",\"@id\":\"https:\/\/www.welovecycling.com\/es\/2018\/09\/10\/fotografo-de-ciclismo\/#breadcrumb\",\"itemListElement\":[{\"@type\":\"ListItem\",\"position\":1,\"name\":\"Home\",\"item\":\"https:\/\/www.welovecycling.com\/es\/\"},{\"@type\":\"ListItem\",\"position\":2,\"name\":\"La vida de un fot\u00f3grafo de ciclismo: Mario Stiehl\"}]},{\"@type\":\"WebSite\",\"@id\":\"https:\/\/www.welovecycling.com\/es\/#website\",\"url\":\"https:\/\/www.welovecycling.com\/es\/\",\"name\":\"\u0160koda We Love Cycling - Spain\",\"description\":\"\u0160koda WeLoveCycling Spain\",\"potentialAction\":[{\"@type\":\"SearchAction\",\"target\":{\"@type\":\"EntryPoint\",\"urlTemplate\":\"https:\/\/www.welovecycling.com\/es\/?s={search_term_string}\"},\"query-input\":{\"@type\":\"PropertyValueSpecification\",\"valueRequired\":true,\"valueName\":\"search_term_string\"}}],\"inLanguage\":\"es-ES\"},{\"@type\":\"Person\",\"@id\":\"https:\/\/www.welovecycling.com\/es\/#\/schema\/person\/deb61715b5812698ee79fb96f343ccd4\",\"name\":\"We Love Cycling Spain\",\"image\":{\"@type\":\"ImageObject\",\"inLanguage\":\"es-ES\",\"@id\":\"https:\/\/www.welovecycling.com\/es\/#\/schema\/person\/image\/\",\"url\":\"https:\/\/secure.gravatar.com\/avatar\/c824b04e6df0e37a03219d0b6481672889df542894588964102459e46513159c?s=96&d=mm&r=g\",\"contentUrl\":\"https:\/\/secure.gravatar.com\/avatar\/c824b04e6df0e37a03219d0b6481672889df542894588964102459e46513159c?s=96&d=mm&r=g\",\"caption\":\"We Love Cycling Spain\"},\"url\":\"https:\/\/www.welovecycling.com\/es\/author\/amunoz\/\"}]}<\/script>\n<!-- \/ Yoast SEO Premium plugin. -->","yoast_head_json":{"title":"La vida de un fot\u00f3grafo de ciclismo: Mario Stiehl - \u0160koda We Love Cycling - Spain","description":"\u00bfAlguna vez se ha preguntado como es la vida de un fot\u00f3grafo de ciclismo. Mario Stiehl, el famoso fot\u00f3grafo alem\u00e1n nos lo expica.","robots":{"index":"index","follow":"follow","max-snippet":"max-snippet:-1","max-image-preview":"max-image-preview:large","max-video-preview":"max-video-preview:-1"},"canonical":"https:\/\/www.welovecycling.com\/es\/2018\/09\/10\/fotografo-de-ciclismo\/","og_locale":"es_ES","og_type":"article","og_title":"La vida de un fot\u00f3grafo de ciclismo","og_description":"\u00bfAlguna vez se ha preguntado como es la vida de un fot\u00f3grafo de ciclismo. Mario Stiehl, el famoso fot\u00f3grafo alem\u00e1n nos lo expica.","og_url":"https:\/\/www.welovecycling.com\/es\/2018\/09\/10\/fotografo-de-ciclismo\/","og_site_name":"\u0160koda We Love Cycling - Spain","article_published_time":"2018-09-10T19:43:44+00:00","og_image":[{"width":1366,"height":600,"url":"https:\/\/d2p6e6u75xmxt8.cloudfront.net\/6\/2018\/09\/marioCVR.jpg","type":"image\/jpeg"}],"author":"We Love Cycling Spain","twitter_card":"summary_large_image","twitter_title":"La vida de un fot\u00f3grafo de ciclismo","twitter_description":"\u00bfAlguna vez se ha preguntado como es la vida de un fot\u00f3grafo de ciclismo. Mario Stiehl, el famoso fot\u00f3grafo alem\u00e1n nos lo expica.","twitter_misc":{"Written by":"Jonathan Bouchard (Polska \u00e0 v\u00e9lo)","Est. reading time":"9"},"schema":{"@context":"https:\/\/schema.org","@graph":[{"@type":"WebPage","@id":"https:\/\/www.welovecycling.com\/es\/2018\/09\/10\/fotografo-de-ciclismo\/","url":"https:\/\/www.welovecycling.com\/es\/2018\/09\/10\/fotografo-de-ciclismo\/","name":"La vida de un fot\u00f3grafo de ciclismo: Mario Stiehl - \u0160koda We Love Cycling - Spain","isPartOf":{"@id":"https:\/\/www.welovecycling.com\/es\/#website"},"primaryImageOfPage":{"@id":"https:\/\/www.welovecycling.com\/es\/2018\/09\/10\/fotografo-de-ciclismo\/#primaryimage"},"image":{"@id":"https:\/\/www.welovecycling.com\/es\/2018\/09\/10\/fotografo-de-ciclismo\/#primaryimage"},"thumbnailUrl":"https:\/\/d2p6e6u75xmxt8.cloudfront.net\/6\/2018\/09\/marioCVR.jpg","datePublished":"2018-09-10T19:43:44+00:00","author":{"@id":"https:\/\/www.welovecycling.com\/es\/#\/schema\/person\/deb61715b5812698ee79fb96f343ccd4"},"description":"\u00bfAlguna vez se ha preguntado como es la vida de un fot\u00f3grafo de ciclismo. Mario Stiehl, el famoso fot\u00f3grafo alem\u00e1n nos lo expica.","breadcrumb":{"@id":"https:\/\/www.welovecycling.com\/es\/2018\/09\/10\/fotografo-de-ciclismo\/#breadcrumb"},"inLanguage":"es-ES","potentialAction":[{"@type":"ReadAction","target":["https:\/\/www.welovecycling.com\/es\/2018\/09\/10\/fotografo-de-ciclismo\/"]}]},{"@type":"ImageObject","inLanguage":"es-ES","@id":"https:\/\/www.welovecycling.com\/es\/2018\/09\/10\/fotografo-de-ciclismo\/#primaryimage","url":"https:\/\/d2p6e6u75xmxt8.cloudfront.net\/6\/2018\/09\/marioCVR.jpg","contentUrl":"https:\/\/d2p6e6u75xmxt8.cloudfront.net\/6\/2018\/09\/marioCVR.jpg","width":1366,"height":600},{"@type":"BreadcrumbList","@id":"https:\/\/www.welovecycling.com\/es\/2018\/09\/10\/fotografo-de-ciclismo\/#breadcrumb","itemListElement":[{"@type":"ListItem","position":1,"name":"Home","item":"https:\/\/www.welovecycling.com\/es\/"},{"@type":"ListItem","position":2,"name":"La vida de un fot\u00f3grafo de ciclismo: Mario Stiehl"}]},{"@type":"WebSite","@id":"https:\/\/www.welovecycling.com\/es\/#website","url":"https:\/\/www.welovecycling.com\/es\/","name":"\u0160koda We Love Cycling - Spain","description":"\u0160koda WeLoveCycling Spain","potentialAction":[{"@type":"SearchAction","target":{"@type":"EntryPoint","urlTemplate":"https:\/\/www.welovecycling.com\/es\/?s={search_term_string}"},"query-input":{"@type":"PropertyValueSpecification","valueRequired":true,"valueName":"search_term_string"}}],"inLanguage":"es-ES"},{"@type":"Person","@id":"https:\/\/www.welovecycling.com\/es\/#\/schema\/person\/deb61715b5812698ee79fb96f343ccd4","name":"We Love Cycling Spain","image":{"@type":"ImageObject","inLanguage":"es-ES","@id":"https:\/\/www.welovecycling.com\/es\/#\/schema\/person\/image\/","url":"https:\/\/secure.gravatar.com\/avatar\/c824b04e6df0e37a03219d0b6481672889df542894588964102459e46513159c?s=96&d=mm&r=g","contentUrl":"https:\/\/secure.gravatar.com\/avatar\/c824b04e6df0e37a03219d0b6481672889df542894588964102459e46513159c?s=96&d=mm&r=g","caption":"We Love Cycling Spain"},"url":"https:\/\/www.welovecycling.com\/es\/author\/amunoz\/"}]}},"_links":{"self":[{"href":"https:\/\/www.welovecycling.com\/es\/wp-json\/wp\/v2\/posts\/3370","targetHints":{"allow":["GET"]}}],"collection":[{"href":"https:\/\/www.welovecycling.com\/es\/wp-json\/wp\/v2\/posts"}],"about":[{"href":"https:\/\/www.welovecycling.com\/es\/wp-json\/wp\/v2\/types\/post"}],"author":[{"embeddable":true,"href":"https:\/\/www.welovecycling.com\/es\/wp-json\/wp\/v2\/users\/29"}],"replies":[{"embeddable":true,"href":"https:\/\/www.welovecycling.com\/es\/wp-json\/wp\/v2\/comments?post=3370"}],"version-history":[{"count":2,"href":"https:\/\/www.welovecycling.com\/es\/wp-json\/wp\/v2\/posts\/3370\/revisions"}],"predecessor-version":[{"id":3381,"href":"https:\/\/www.welovecycling.com\/es\/wp-json\/wp\/v2\/posts\/3370\/revisions\/3381"}],"wp:featuredmedia":[{"embeddable":true,"href":"https:\/\/www.welovecycling.com\/es\/wp-json\/wp\/v2\/media\/3379"}],"wp:attachment":[{"href":"https:\/\/www.welovecycling.com\/es\/wp-json\/wp\/v2\/media?parent=3370"}],"wp:term":[{"taxonomy":"category","embeddable":true,"href":"https:\/\/www.welovecycling.com\/es\/wp-json\/wp\/v2\/categories?post=3370"},{"taxonomy":"post_tag","embeddable":true,"href":"https:\/\/www.welovecycling.com\/es\/wp-json\/wp\/v2\/tags?post=3370"},{"taxonomy":"global-categories","embeddable":true,"href":"https:\/\/www.welovecycling.com\/es\/wp-json\/wp\/v2\/global-categories?post=3370"}],"curies":[{"name":"wp","href":"https:\/\/api.w.org\/{rel}","templated":true}]}}