{"id":3341,"date":"2018-09-05T12:46:54","date_gmt":"2018-09-05T10:46:54","guid":{"rendered":"https:\/\/www.welovecycling.com\/es\/?p=3341"},"modified":"2018-09-05T12:52:28","modified_gmt":"2018-09-05T10:52:28","slug":"las-bicicletas-personalizadas-de-la-vuelta","status":"publish","type":"post","link":"https:\/\/www.welovecycling.com\/es\/2018\/09\/05\/las-bicicletas-personalizadas-de-la-vuelta\/","title":{"rendered":"Las bicicletas personalizadas de La Vuelta"},"content":{"rendered":"<p><strong>Hace ya mucho tiempo que las bicicletas de los equipos profesionales no son iguales. Ya ni siquiera coinciden en llevar el mismo modelo todos los ciclistas. Unos eligen la versi\u00f3n m\u00e1s aero, otros la m\u00e1s escaladora. Normalmente suelen llevar el mismo color, pero las marcas tienen &#8216;detalles&#8217; con algunos ciclistas y les personalizan su bicicleta.<\/strong><!--more--><\/p>\n<p>Lo primero que hicieron las marcas fue diferenciar a los campeones nacionales. Como cada uno lleva un maillot que normalmente es diferente al del equipo le correspond\u00eda una bicicleta personalizada con los mismos colores que su equipaci\u00f3n. Cuesti\u00f3n de &#8216;postureo&#8217; ciclista.<\/p>\n<p>As\u00ed en esta Vuelta podemos ver la versi\u00f3n tuneada de la<strong> M\u00e9rida Scultura de Gorka Izaguirre<\/strong> con detalles de la bandera espa\u00f1ola, la Pinarello F10 de<strong> Sergio Henao<\/strong> con los colores colombianos.<\/p>\n<figure id=\"attachment_3343\" aria-describedby=\"caption-attachment-3343\" style=\"width: 1024px\" class=\"wp-caption aligncenter\"><a href=\"www.ciclored.com\"><img loading=\"lazy\" decoding=\"async\" class=\"wp-image-3343 size-large\" src=\"https:\/\/d2p6e6u75xmxt8.cloudfront.net\/6\/2018\/09\/Henao-Pinarello-F-10.JPG-1024x768.jpg\" alt=\"\" width=\"1024\" height=\"768\" srcset=\"https:\/\/d2p6e6u75xmxt8.cloudfront.net\/6\/2018\/09\/Henao-Pinarello-F-10.JPG.jpg 1024w, https:\/\/d2p6e6u75xmxt8.cloudfront.net\/6\/2018\/09\/Henao-Pinarello-F-10.JPG-300x225.jpg 300w, https:\/\/d2p6e6u75xmxt8.cloudfront.net\/6\/2018\/09\/Henao-Pinarello-F-10.JPG-768x576.jpg 768w\" sizes=\"auto, (max-width: 1024px) 100vw, 1024px\" \/><\/a><figcaption id=\"caption-attachment-3343\" class=\"wp-caption-text\">La Pinarello F10 con los colores de Colombia de Sergio Henao.<\/figcaption><\/figure>\n<figure id=\"attachment_3344\" aria-describedby=\"caption-attachment-3344\" style=\"width: 1024px\" class=\"wp-caption aligncenter\"><a href=\"www.ciclored.com\"><img loading=\"lazy\" decoding=\"async\" class=\"wp-image-3344 size-large\" src=\"https:\/\/d2p6e6u75xmxt8.cloudfront.net\/6\/2018\/09\/Izaguirre-Bahrein-Merida-1024x768.jpg\" alt=\"\" width=\"1024\" height=\"768\" srcset=\"https:\/\/d2p6e6u75xmxt8.cloudfront.net\/6\/2018\/09\/Izaguirre-Bahrein-Merida-1024x768.jpg 1024w, https:\/\/d2p6e6u75xmxt8.cloudfront.net\/6\/2018\/09\/Izaguirre-Bahrein-Merida-300x225.jpg 300w, https:\/\/d2p6e6u75xmxt8.cloudfront.net\/6\/2018\/09\/Izaguirre-Bahrein-Merida-768x576.jpg 768w, https:\/\/d2p6e6u75xmxt8.cloudfront.net\/6\/2018\/09\/Izaguirre-Bahrein-Merida.jpg 1280w\" sizes=\"auto, (max-width: 1024px) 100vw, 1024px\" \/><\/a><figcaption id=\"caption-attachment-3344\" class=\"wp-caption-text\">La Merida Scultura de Gorka Izaguirre con los colores de Espa\u00f1a<\/figcaption><\/figure>\n<p>Las marcas tambi\u00e9n suelen crear bicis personalizadas a los l\u00edderes de los equipos. Ya sea con sus colores preferidos o con referencias a su caracter, apodo o\u00a0 victorias conseguidas en su carrera como profesional.<\/p>\n<figure id=\"attachment_3345\" aria-describedby=\"caption-attachment-3345\" style=\"width: 1024px\" class=\"wp-caption aligncenter\"><a href=\"www.ciclored.com\"><img loading=\"lazy\" decoding=\"async\" class=\"wp-image-3345 size-large\" src=\"https:\/\/d2p6e6u75xmxt8.cloudfront.net\/6\/2018\/09\/Pinot-Lapierre-2.JPG-1024x582.jpg\" alt=\"\" width=\"1024\" height=\"582\" srcset=\"https:\/\/d2p6e6u75xmxt8.cloudfront.net\/6\/2018\/09\/Pinot-Lapierre-2.JPG.jpg 1024w, https:\/\/d2p6e6u75xmxt8.cloudfront.net\/6\/2018\/09\/Pinot-Lapierre-2.JPG-300x171.jpg 300w, https:\/\/d2p6e6u75xmxt8.cloudfront.net\/6\/2018\/09\/Pinot-Lapierre-2.JPG-768x437.jpg 768w\" sizes=\"auto, (max-width: 1024px) 100vw, 1024px\" \/><\/a><figcaption id=\"caption-attachment-3345\" class=\"wp-caption-text\">La Lapierre de Thibaut Pinot.<\/figcaption><\/figure>\n<p>Una de ellas es la de<strong> Thibaut Pinot.<\/strong> El franc\u00e9s lleva una Lapierre en blanco y azul y en el cuadro est\u00e1n todos los puertos en los que ha conseguido una victoria de etapa, incluso con la altitud a la que se encuentran sobre el nivel del mar.<\/p>\n<p>M\u00e9rida ha personalizado la Reacto de Vincenzo Nibali con los dientes del &#8216;Squalo&#8217; el mote del italiano, mientras que <strong>Miguel\u00a0 \u00c1ngel L\u00f3pez<\/strong> llevan una Argon 18 de color morado distinta a a la del resto de sus compa\u00f1eros en el Astan\u00e1. Y en el tubo horizontal esta inscripci\u00f3n en ingles &#8220;Dreams save us, dreams lift us up and transformer us&#8221; es decir &#8220;Los sue\u00f1os nos salvan, los sue\u00f1os nos elevan y nos transforman&#8221;. Superman L\u00f3pez<\/p>\n<figure id=\"attachment_3348\" aria-describedby=\"caption-attachment-3348\" style=\"width: 1024px\" class=\"wp-caption aligncenter\"><a href=\"www.ciclored.com\"><img loading=\"lazy\" decoding=\"async\" class=\"wp-image-3348 size-large\" src=\"https:\/\/d2p6e6u75xmxt8.cloudfront.net\/6\/2018\/09\/Miguel-Angel-Lopez-Argon-18-2.JPG-1024x768.jpg\" alt=\"\" width=\"1024\" height=\"768\" srcset=\"https:\/\/d2p6e6u75xmxt8.cloudfront.net\/6\/2018\/09\/Miguel-Angel-Lopez-Argon-18-2.JPG.jpg 1024w, https:\/\/d2p6e6u75xmxt8.cloudfront.net\/6\/2018\/09\/Miguel-Angel-Lopez-Argon-18-2.JPG-300x225.jpg 300w, https:\/\/d2p6e6u75xmxt8.cloudfront.net\/6\/2018\/09\/Miguel-Angel-Lopez-Argon-18-2.JPG-768x576.jpg 768w\" sizes=\"auto, (max-width: 1024px) 100vw, 1024px\" \/><\/a><figcaption id=\"caption-attachment-3348\" class=\"wp-caption-text\">La personalizaci\u00f3n de la Argon 18 de Superman L\u00f3pez.<\/figcaption><\/figure>\n<figure id=\"attachment_3349\" aria-describedby=\"caption-attachment-3349\" style=\"width: 1024px\" class=\"wp-caption aligncenter\"><a href=\"www.ciclored.com\"><img loading=\"lazy\" decoding=\"async\" class=\"wp-image-3349 size-large\" src=\"https:\/\/d2p6e6u75xmxt8.cloudfront.net\/6\/2018\/09\/NIbali-Bahrein-Merida.JPG-1024x768.jpg\" alt=\"\" width=\"1024\" height=\"768\" srcset=\"https:\/\/d2p6e6u75xmxt8.cloudfront.net\/6\/2018\/09\/NIbali-Bahrein-Merida.JPG.jpg 1024w, https:\/\/d2p6e6u75xmxt8.cloudfront.net\/6\/2018\/09\/NIbali-Bahrein-Merida.JPG-300x225.jpg 300w, https:\/\/d2p6e6u75xmxt8.cloudfront.net\/6\/2018\/09\/NIbali-Bahrein-Merida.JPG-768x576.jpg 768w\" sizes=\"auto, (max-width: 1024px) 100vw, 1024px\" \/><\/a><figcaption id=\"caption-attachment-3349\" class=\"wp-caption-text\">Los dientes de Squalo en la Merida Reacto.<\/figcaption><\/figure>\n<p><a href=\"www.ciclored.com\"><img loading=\"lazy\" decoding=\"async\" class=\"aligncenter wp-image-3346 size-large\" src=\"https:\/\/d2p6e6u75xmxt8.cloudfront.net\/6\/2018\/09\/Miguel-Angel-Lopez-Argon-18.JPG-1024x718.jpg\" alt=\"\" width=\"1024\" height=\"718\" srcset=\"https:\/\/d2p6e6u75xmxt8.cloudfront.net\/6\/2018\/09\/Miguel-Angel-Lopez-Argon-18.JPG.jpg 1024w, https:\/\/d2p6e6u75xmxt8.cloudfront.net\/6\/2018\/09\/Miguel-Angel-Lopez-Argon-18.JPG-300x210.jpg 300w, https:\/\/d2p6e6u75xmxt8.cloudfront.net\/6\/2018\/09\/Miguel-Angel-Lopez-Argon-18.JPG-768x539.jpg 768w\" sizes=\"auto, (max-width: 1024px) 100vw, 1024px\" \/><\/a><\/p>\n<p><strong>Peter Sagan<\/strong> es un marca en s\u00ed mismo y Specialized lo ha aprovechado para dise\u00f1ar varios modelos distintos para el eslovaco. Aunque durante todas las etapas de La Vuelta ha empleado el modelo con los colores del Bora, negro y verde, siempre tiene preparada en el coche la bici con detalles dorados que ya llev\u00f3 en la temporada de Cl\u00e1sicas.<\/p>\n<p><a href=\"www.ciclored.com\"><img loading=\"lazy\" decoding=\"async\" class=\"aligncenter wp-image-3347 size-large\" src=\"https:\/\/d2p6e6u75xmxt8.cloudfront.net\/6\/2018\/09\/Sagan-S-Works.JPG-1024x710.jpg\" alt=\"\" width=\"1024\" height=\"710\" srcset=\"https:\/\/d2p6e6u75xmxt8.cloudfront.net\/6\/2018\/09\/Sagan-S-Works.JPG.jpg 1024w, https:\/\/d2p6e6u75xmxt8.cloudfront.net\/6\/2018\/09\/Sagan-S-Works.JPG-300x208.jpg 300w, https:\/\/d2p6e6u75xmxt8.cloudfront.net\/6\/2018\/09\/Sagan-S-Works.JPG-768x533.jpg 768w\" sizes=\"auto, (max-width: 1024px) 100vw, 1024px\" \/><\/a><\/p>\n<p>Y algo que tambi\u00e9n suelen hacer los equipos es darle un toque a la bicicleta del l\u00edder. No solo el maillot rojo sirve para diferenciarle. Normalmente encintan el manillar del mismo color y tanto Pinarello con Kwiato como Lapierre con Molard tienen detalles rojos en el cuadro.<\/p>\n<p><a href=\"www.ciclored.com\"><img loading=\"lazy\" decoding=\"async\" class=\"aligncenter wp-image-3350 size-large\" src=\"https:\/\/d2p6e6u75xmxt8.cloudfront.net\/6\/2018\/09\/Kwiato-Pinarello-F10.JPG-1024x706.jpg\" alt=\"\" width=\"1024\" height=\"706\" srcset=\"https:\/\/d2p6e6u75xmxt8.cloudfront.net\/6\/2018\/09\/Kwiato-Pinarello-F10.JPG.jpg 1024w, https:\/\/d2p6e6u75xmxt8.cloudfront.net\/6\/2018\/09\/Kwiato-Pinarello-F10.JPG-300x207.jpg 300w, https:\/\/d2p6e6u75xmxt8.cloudfront.net\/6\/2018\/09\/Kwiato-Pinarello-F10.JPG-768x530.jpg 768w\" sizes=\"auto, (max-width: 1024px) 100vw, 1024px\" \/><\/a><\/p>\n<figure id=\"attachment_3351\" aria-describedby=\"caption-attachment-3351\" style=\"width: 1000px\" class=\"wp-caption aligncenter\"><a href=\"https:\/\/d2p6e6u75xmxt8.cloudfront.net\/6\/2018\/09\/cinta-roja.jpg\"><img loading=\"lazy\" decoding=\"async\" class=\"size-full wp-image-3351\" src=\"https:\/\/d2p6e6u75xmxt8.cloudfront.net\/6\/2018\/09\/cinta-roja.jpg\" alt=\"\" width=\"1000\" height=\"666\" srcset=\"https:\/\/d2p6e6u75xmxt8.cloudfront.net\/6\/2018\/09\/cinta-roja.jpg 1000w, https:\/\/d2p6e6u75xmxt8.cloudfront.net\/6\/2018\/09\/cinta-roja-300x200.jpg 300w, https:\/\/d2p6e6u75xmxt8.cloudfront.net\/6\/2018\/09\/cinta-roja-768x511.jpg 768w, https:\/\/d2p6e6u75xmxt8.cloudfront.net\/6\/2018\/09\/cinta-roja-272x182.jpg 272w\" sizes=\"auto, (max-width: 1000px) 100vw, 1000px\" \/><\/a><figcaption id=\"caption-attachment-3351\" class=\"wp-caption-text\">Photo Gomez Sport.<\/figcaption><\/figure>\n","protected":false},"excerpt":{"rendered":"<p>Hace ya mucho tiempo que las bicicletas de los equipos profesionales no son iguales. Ya ni siquiera coinciden en llevar [&hellip;]<\/p>\n","protected":false},"author":29,"featured_media":3344,"comment_status":"open","ping_status":"open","sticky":false,"template":"","format":"standard","meta":{"footnotes":""},"categories":[7],"tags":[629,628,627,626,625,631,630,632,577],"global-categories":[],"class_list":["post-3341","post","type-post","status-publish","format-standard","has-post-thumbnail","hentry","category-carretera","tag-argon-18-lopez","tag-bicicleta-nibali","tag-bicicleta-peter-sagan","tag-bicicletas-la-vuelta","tag-bicicletas-personalizadas","tag-lapierre-pinot","tag-merida-reacto-nibali","tag-pinarello-f10","tag-specialized-peter-sagan"],"yoast_head":"<!-- This site is optimized with the Yoast SEO Premium plugin v25.3 (Yoast SEO v25.9) - https:\/\/yoast.com\/wordpress\/plugins\/seo\/ -->\n<title>Las bicicletas personalizadas de La Vuelta - \u0160koda We Love Cycling - Spain<\/title>\n<meta name=\"description\" content=\"Las bicicletas personalizadas de La Vuelta. Un repaso a los modelos de Nibali, Sagan, Pinot o Superman L\u00f3pez, con sus bicis customizadas.\" \/>\n<meta name=\"robots\" content=\"index, follow, max-snippet:-1, max-image-preview:large, max-video-preview:-1\" \/>\n<link rel=\"canonical\" href=\"https:\/\/www.welovecycling.com\/es\/2018\/09\/05\/las-bicicletas-personalizadas-de-la-vuelta\/\" \/>\n<meta property=\"og:locale\" content=\"es_ES\" \/>\n<meta property=\"og:type\" content=\"article\" \/>\n<meta property=\"og:title\" content=\"Las bicicletas personalizadas de La Vuelta\" \/>\n<meta property=\"og:description\" content=\"Las bicicletas personalizadas de La Vuelta. Un repaso a los modelos de Nibali, Sagan, Pinot o Superman L\u00f3pez, con sus bicis customizadas.\" \/>\n<meta property=\"og:url\" content=\"https:\/\/www.welovecycling.com\/es\/2018\/09\/05\/las-bicicletas-personalizadas-de-la-vuelta\/\" \/>\n<meta property=\"og:site_name\" content=\"\u0160koda We Love Cycling - Spain\" \/>\n<meta property=\"article:published_time\" content=\"2018-09-05T10:46:54+00:00\" \/>\n<meta property=\"article:modified_time\" content=\"2018-09-05T10:52:28+00:00\" \/>\n<meta property=\"og:image\" content=\"https:\/\/d2p6e6u75xmxt8.cloudfront.net\/6\/2018\/09\/Izaguirre-Bahrein-Merida.jpg\" \/>\n\t<meta property=\"og:image:width\" content=\"1280\" \/>\n\t<meta property=\"og:image:height\" content=\"960\" \/>\n\t<meta property=\"og:image:type\" content=\"image\/jpeg\" \/>\n<meta name=\"author\" content=\"We Love Cycling Spain\" \/>\n<meta name=\"twitter:card\" content=\"summary_large_image\" \/>\n<meta name=\"twitter:title\" content=\"Las bicicletas personalizadas de La Vuelta\" \/>\n<meta name=\"twitter:description\" content=\"Las bicicletas personalizadas de La Vuelta. Un repaso a los modelos de Nibali, Sagan, Pinot o Superman L\u00f3pez, con sus bicis customizadas.\" \/>\n<meta name=\"twitter:label1\" content=\"Written by\" \/>\n\t<meta name=\"twitter:data1\" content=\"Luis Ortega @ciclored\" \/>\n\t<meta name=\"twitter:label2\" content=\"Est. reading time\" \/>\n\t<meta name=\"twitter:data2\" content=\"3 minutes\" \/>\n<script type=\"application\/ld+json\" class=\"yoast-schema-graph\">{\"@context\":\"https:\/\/schema.org\",\"@graph\":[{\"@type\":\"WebPage\",\"@id\":\"https:\/\/www.welovecycling.com\/es\/2018\/09\/05\/las-bicicletas-personalizadas-de-la-vuelta\/\",\"url\":\"https:\/\/www.welovecycling.com\/es\/2018\/09\/05\/las-bicicletas-personalizadas-de-la-vuelta\/\",\"name\":\"Las bicicletas personalizadas de La Vuelta - \u0160koda We Love Cycling - Spain\",\"isPartOf\":{\"@id\":\"https:\/\/www.welovecycling.com\/es\/#website\"},\"primaryImageOfPage\":{\"@id\":\"https:\/\/www.welovecycling.com\/es\/2018\/09\/05\/las-bicicletas-personalizadas-de-la-vuelta\/#primaryimage\"},\"image\":{\"@id\":\"https:\/\/www.welovecycling.com\/es\/2018\/09\/05\/las-bicicletas-personalizadas-de-la-vuelta\/#primaryimage\"},\"thumbnailUrl\":\"https:\/\/d2p6e6u75xmxt8.cloudfront.net\/6\/2018\/09\/Izaguirre-Bahrein-Merida.jpg\",\"datePublished\":\"2018-09-05T10:46:54+00:00\",\"dateModified\":\"2018-09-05T10:52:28+00:00\",\"author\":{\"@id\":\"https:\/\/www.welovecycling.com\/es\/#\/schema\/person\/deb61715b5812698ee79fb96f343ccd4\"},\"description\":\"Las bicicletas personalizadas de La Vuelta. Un repaso a los modelos de Nibali, Sagan, Pinot o Superman L\u00f3pez, con sus bicis customizadas.\",\"breadcrumb\":{\"@id\":\"https:\/\/www.welovecycling.com\/es\/2018\/09\/05\/las-bicicletas-personalizadas-de-la-vuelta\/#breadcrumb\"},\"inLanguage\":\"es-ES\",\"potentialAction\":[{\"@type\":\"ReadAction\",\"target\":[\"https:\/\/www.welovecycling.com\/es\/2018\/09\/05\/las-bicicletas-personalizadas-de-la-vuelta\/\"]}]},{\"@type\":\"ImageObject\",\"inLanguage\":\"es-ES\",\"@id\":\"https:\/\/www.welovecycling.com\/es\/2018\/09\/05\/las-bicicletas-personalizadas-de-la-vuelta\/#primaryimage\",\"url\":\"https:\/\/d2p6e6u75xmxt8.cloudfront.net\/6\/2018\/09\/Izaguirre-Bahrein-Merida.jpg\",\"contentUrl\":\"https:\/\/d2p6e6u75xmxt8.cloudfront.net\/6\/2018\/09\/Izaguirre-Bahrein-Merida.jpg\",\"width\":1280,\"height\":960},{\"@type\":\"BreadcrumbList\",\"@id\":\"https:\/\/www.welovecycling.com\/es\/2018\/09\/05\/las-bicicletas-personalizadas-de-la-vuelta\/#breadcrumb\",\"itemListElement\":[{\"@type\":\"ListItem\",\"position\":1,\"name\":\"Home\",\"item\":\"https:\/\/www.welovecycling.com\/es\/\"},{\"@type\":\"ListItem\",\"position\":2,\"name\":\"Las bicicletas personalizadas de La Vuelta\"}]},{\"@type\":\"WebSite\",\"@id\":\"https:\/\/www.welovecycling.com\/es\/#website\",\"url\":\"https:\/\/www.welovecycling.com\/es\/\",\"name\":\"\u0160koda We Love Cycling - Spain\",\"description\":\"\u0160koda WeLoveCycling Spain\",\"potentialAction\":[{\"@type\":\"SearchAction\",\"target\":{\"@type\":\"EntryPoint\",\"urlTemplate\":\"https:\/\/www.welovecycling.com\/es\/?s={search_term_string}\"},\"query-input\":{\"@type\":\"PropertyValueSpecification\",\"valueRequired\":true,\"valueName\":\"search_term_string\"}}],\"inLanguage\":\"es-ES\"},{\"@type\":\"Person\",\"@id\":\"https:\/\/www.welovecycling.com\/es\/#\/schema\/person\/deb61715b5812698ee79fb96f343ccd4\",\"name\":\"We Love Cycling Spain\",\"image\":{\"@type\":\"ImageObject\",\"inLanguage\":\"es-ES\",\"@id\":\"https:\/\/www.welovecycling.com\/es\/#\/schema\/person\/image\/\",\"url\":\"https:\/\/secure.gravatar.com\/avatar\/c824b04e6df0e37a03219d0b6481672889df542894588964102459e46513159c?s=96&d=mm&r=g\",\"contentUrl\":\"https:\/\/secure.gravatar.com\/avatar\/c824b04e6df0e37a03219d0b6481672889df542894588964102459e46513159c?s=96&d=mm&r=g\",\"caption\":\"We Love Cycling Spain\"},\"url\":\"https:\/\/www.welovecycling.com\/es\/author\/amunoz\/\"}]}<\/script>\n<!-- \/ Yoast SEO Premium plugin. -->","yoast_head_json":{"title":"Las bicicletas personalizadas de La Vuelta - \u0160koda We Love Cycling - Spain","description":"Las bicicletas personalizadas de La Vuelta. Un repaso a los modelos de Nibali, Sagan, Pinot o Superman L\u00f3pez, con sus bicis customizadas.","robots":{"index":"index","follow":"follow","max-snippet":"max-snippet:-1","max-image-preview":"max-image-preview:large","max-video-preview":"max-video-preview:-1"},"canonical":"https:\/\/www.welovecycling.com\/es\/2018\/09\/05\/las-bicicletas-personalizadas-de-la-vuelta\/","og_locale":"es_ES","og_type":"article","og_title":"Las bicicletas personalizadas de La Vuelta","og_description":"Las bicicletas personalizadas de La Vuelta. Un repaso a los modelos de Nibali, Sagan, Pinot o Superman L\u00f3pez, con sus bicis customizadas.","og_url":"https:\/\/www.welovecycling.com\/es\/2018\/09\/05\/las-bicicletas-personalizadas-de-la-vuelta\/","og_site_name":"\u0160koda We Love Cycling - Spain","article_published_time":"2018-09-05T10:46:54+00:00","article_modified_time":"2018-09-05T10:52:28+00:00","og_image":[{"width":1280,"height":960,"url":"https:\/\/d2p6e6u75xmxt8.cloudfront.net\/6\/2018\/09\/Izaguirre-Bahrein-Merida.jpg","type":"image\/jpeg"}],"author":"We Love Cycling Spain","twitter_card":"summary_large_image","twitter_title":"Las bicicletas personalizadas de La Vuelta","twitter_description":"Las bicicletas personalizadas de La Vuelta. Un repaso a los modelos de Nibali, Sagan, Pinot o Superman L\u00f3pez, con sus bicis customizadas.","twitter_misc":{"Written by":"Luis Ortega @ciclored","Est. reading time":"3 minutes"},"schema":{"@context":"https:\/\/schema.org","@graph":[{"@type":"WebPage","@id":"https:\/\/www.welovecycling.com\/es\/2018\/09\/05\/las-bicicletas-personalizadas-de-la-vuelta\/","url":"https:\/\/www.welovecycling.com\/es\/2018\/09\/05\/las-bicicletas-personalizadas-de-la-vuelta\/","name":"Las bicicletas personalizadas de La Vuelta - \u0160koda We Love Cycling - Spain","isPartOf":{"@id":"https:\/\/www.welovecycling.com\/es\/#website"},"primaryImageOfPage":{"@id":"https:\/\/www.welovecycling.com\/es\/2018\/09\/05\/las-bicicletas-personalizadas-de-la-vuelta\/#primaryimage"},"image":{"@id":"https:\/\/www.welovecycling.com\/es\/2018\/09\/05\/las-bicicletas-personalizadas-de-la-vuelta\/#primaryimage"},"thumbnailUrl":"https:\/\/d2p6e6u75xmxt8.cloudfront.net\/6\/2018\/09\/Izaguirre-Bahrein-Merida.jpg","datePublished":"2018-09-05T10:46:54+00:00","dateModified":"2018-09-05T10:52:28+00:00","author":{"@id":"https:\/\/www.welovecycling.com\/es\/#\/schema\/person\/deb61715b5812698ee79fb96f343ccd4"},"description":"Las bicicletas personalizadas de La Vuelta. Un repaso a los modelos de Nibali, Sagan, Pinot o Superman L\u00f3pez, con sus bicis customizadas.","breadcrumb":{"@id":"https:\/\/www.welovecycling.com\/es\/2018\/09\/05\/las-bicicletas-personalizadas-de-la-vuelta\/#breadcrumb"},"inLanguage":"es-ES","potentialAction":[{"@type":"ReadAction","target":["https:\/\/www.welovecycling.com\/es\/2018\/09\/05\/las-bicicletas-personalizadas-de-la-vuelta\/"]}]},{"@type":"ImageObject","inLanguage":"es-ES","@id":"https:\/\/www.welovecycling.com\/es\/2018\/09\/05\/las-bicicletas-personalizadas-de-la-vuelta\/#primaryimage","url":"https:\/\/d2p6e6u75xmxt8.cloudfront.net\/6\/2018\/09\/Izaguirre-Bahrein-Merida.jpg","contentUrl":"https:\/\/d2p6e6u75xmxt8.cloudfront.net\/6\/2018\/09\/Izaguirre-Bahrein-Merida.jpg","width":1280,"height":960},{"@type":"BreadcrumbList","@id":"https:\/\/www.welovecycling.com\/es\/2018\/09\/05\/las-bicicletas-personalizadas-de-la-vuelta\/#breadcrumb","itemListElement":[{"@type":"ListItem","position":1,"name":"Home","item":"https:\/\/www.welovecycling.com\/es\/"},{"@type":"ListItem","position":2,"name":"Las bicicletas personalizadas de La Vuelta"}]},{"@type":"WebSite","@id":"https:\/\/www.welovecycling.com\/es\/#website","url":"https:\/\/www.welovecycling.com\/es\/","name":"\u0160koda We Love Cycling - Spain","description":"\u0160koda WeLoveCycling Spain","potentialAction":[{"@type":"SearchAction","target":{"@type":"EntryPoint","urlTemplate":"https:\/\/www.welovecycling.com\/es\/?s={search_term_string}"},"query-input":{"@type":"PropertyValueSpecification","valueRequired":true,"valueName":"search_term_string"}}],"inLanguage":"es-ES"},{"@type":"Person","@id":"https:\/\/www.welovecycling.com\/es\/#\/schema\/person\/deb61715b5812698ee79fb96f343ccd4","name":"We Love Cycling Spain","image":{"@type":"ImageObject","inLanguage":"es-ES","@id":"https:\/\/www.welovecycling.com\/es\/#\/schema\/person\/image\/","url":"https:\/\/secure.gravatar.com\/avatar\/c824b04e6df0e37a03219d0b6481672889df542894588964102459e46513159c?s=96&d=mm&r=g","contentUrl":"https:\/\/secure.gravatar.com\/avatar\/c824b04e6df0e37a03219d0b6481672889df542894588964102459e46513159c?s=96&d=mm&r=g","caption":"We Love Cycling Spain"},"url":"https:\/\/www.welovecycling.com\/es\/author\/amunoz\/"}]}},"_links":{"self":[{"href":"https:\/\/www.welovecycling.com\/es\/wp-json\/wp\/v2\/posts\/3341","targetHints":{"allow":["GET"]}}],"collection":[{"href":"https:\/\/www.welovecycling.com\/es\/wp-json\/wp\/v2\/posts"}],"about":[{"href":"https:\/\/www.welovecycling.com\/es\/wp-json\/wp\/v2\/types\/post"}],"author":[{"embeddable":true,"href":"https:\/\/www.welovecycling.com\/es\/wp-json\/wp\/v2\/users\/29"}],"replies":[{"embeddable":true,"href":"https:\/\/www.welovecycling.com\/es\/wp-json\/wp\/v2\/comments?post=3341"}],"version-history":[{"count":2,"href":"https:\/\/www.welovecycling.com\/es\/wp-json\/wp\/v2\/posts\/3341\/revisions"}],"predecessor-version":[{"id":3354,"href":"https:\/\/www.welovecycling.com\/es\/wp-json\/wp\/v2\/posts\/3341\/revisions\/3354"}],"wp:featuredmedia":[{"embeddable":true,"href":"https:\/\/www.welovecycling.com\/es\/wp-json\/wp\/v2\/media\/3344"}],"wp:attachment":[{"href":"https:\/\/www.welovecycling.com\/es\/wp-json\/wp\/v2\/media?parent=3341"}],"wp:term":[{"taxonomy":"category","embeddable":true,"href":"https:\/\/www.welovecycling.com\/es\/wp-json\/wp\/v2\/categories?post=3341"},{"taxonomy":"post_tag","embeddable":true,"href":"https:\/\/www.welovecycling.com\/es\/wp-json\/wp\/v2\/tags?post=3341"},{"taxonomy":"global-categories","embeddable":true,"href":"https:\/\/www.welovecycling.com\/es\/wp-json\/wp\/v2\/global-categories?post=3341"}],"curies":[{"name":"wp","href":"https:\/\/api.w.org\/{rel}","templated":true}]}}