{"id":3335,"date":"2018-09-03T10:16:43","date_gmt":"2018-09-03T08:16:43","guid":{"rendered":"https:\/\/www.welovecycling.com\/es\/?p=3335"},"modified":"2018-09-03T10:16:43","modified_gmt":"2018-09-03T08:16:43","slug":"diferencias-entre-la-vuelta-y-el-tour","status":"publish","type":"post","link":"https:\/\/www.welovecycling.com\/es\/2018\/09\/03\/diferencias-entre-la-vuelta-y-el-tour\/","title":{"rendered":"Las diferencias entre la Vuelta y el Tour vistas por un extranjero"},"content":{"rendered":"<p><strong>En muchos sentidos, la Vuelta a Espa\u00f1a es algo as\u00ed como un anticl\u00edmax, despu\u00e9s del Giro de Italia y, especialmente, del Tour de Francia, que es la carrera ciclista m\u00e1s prestigiosa y el mayor evento deportivo anual del mundo. El lugar que ocupa la Vuelta en el calendario significa que los ciclistas que ya han participado en Giro y Tour estar\u00e1n demasiado cansados para participar o la utilizar\u00e1n como preparaci\u00f3n para el Mundial.<\/strong><!--more--><\/p>\n<p>El Tour de Francia es la m\u00e1s antigua de las GC, y se celebr\u00f3 por primera vez en 1903, mientras que el primer Giro se organiz\u00f3 en 1909. La Vuelta es, en comparaci\u00f3n, una carrera joven, la primera en 1935, cuando fue ganada por el belga Gustaaf Deloor (que tambi\u00e9n gan\u00f3 la segunda edici\u00f3n). Quiz\u00e1s por eso <strong>la Vuelta no tiene la m\u00edtica posici\u00f3n del Tour<\/strong>. Incluso los aficionados a las carreras m\u00e1s duras tendr\u00edan dificultades para nombrar una monta\u00f1a en la carrera espa\u00f1ola que tiene el renombre hist\u00f3rico de Alpe d&#8217;Huez, el Tourmalet o el Galibier, o para recordar victorias legendarias en la Vuelta, como la victoria del estadounidense Greg Lemond sobre el franc\u00e9s Laurent Fignon por 58 segundos en la 21\u00aa y \u00faltima etapa del Tour de Francia de 1989, una contrarreloj desde Versalles hasta los Campos El\u00edseos, para ganar la carrera por 8 segundos, el margen ganador m\u00e1s peque\u00f1o en la historia del Tour.<\/p>\n<figure id=\"attachment_3336\" aria-describedby=\"caption-attachment-3336\" style=\"width: 1250px\" class=\"wp-caption alignnone\"><a href=\"https:\/\/d2p6e6u75xmxt8.cloudfront.net\/6\/2018\/09\/profimedia-0379269916.jpg\"><img loading=\"lazy\" decoding=\"async\" class=\"size-full wp-image-3336\" src=\"https:\/\/d2p6e6u75xmxt8.cloudfront.net\/6\/2018\/09\/profimedia-0379269916.jpg\" alt=\"\" width=\"1250\" height=\"814\" srcset=\"https:\/\/d2p6e6u75xmxt8.cloudfront.net\/6\/2018\/09\/profimedia-0379269916.jpg 1250w, https:\/\/d2p6e6u75xmxt8.cloudfront.net\/6\/2018\/09\/profimedia-0379269916-300x195.jpg 300w, https:\/\/d2p6e6u75xmxt8.cloudfront.net\/6\/2018\/09\/profimedia-0379269916-768x500.jpg 768w, https:\/\/d2p6e6u75xmxt8.cloudfront.net\/6\/2018\/09\/profimedia-0379269916-1024x667.jpg 1024w\" sizes=\"auto, (max-width: 1250px) 100vw, 1250px\" \/><\/a><figcaption id=\"caption-attachment-3336\" class=\"wp-caption-text\">Chris Froome y otros corredores esperan despu\u00e9s de que la carrera fuera neutralizada debido a una manifestaci\u00f3n de agricultores en el camino de la 16\u00aa etapa de la 105\u00aa edici\u00f3n del Tour de Francia, 24 de julio de 2018 \u00a9 Profimedia \u00a9 Profimedia, TEMP EPA<\/figcaption><\/figure>\n<p>Otra diferencia entre la <strong>Vuelta y el Tour de Francia es que mientras que la carrera francesa a menudo cruza las fronteras y ocasionalmente se abre en un pa\u00eds extranjero<\/strong> &#8211; como en 2014, cuando el Grand D\u00e9part se celebr\u00f3 en la ciudad brit\u00e1nica de Leeds &#8211; la Vuelta tiene lugar casi en su totalidad en Espa\u00f1a.<\/p>\n<p>Pero la diferencia m\u00e1s significativa entre las dos carreras se basa en una sorprendente similitud. Seg\u00fan un estudio realizado por un equipo de cient\u00edficos espa\u00f1oles, encabezado por el Dr. Alejandro Luc\u00eda de la Universidad de Madrid, si bien la Vuelta es siempre m\u00e1s corta que el Tour de Francia (en 2017, era m\u00e1s de 200 km m\u00e1s corta) y los corredores pasan menos tiempo en ella (en 2017, el tiempo de la Vuelta ganadora era 4 horas menos que el del Tour), <strong>la carga de trabajo de los corredores en ambas carreras es m\u00e1s o menos la misma<\/strong>.<\/p>\n<figure id=\"attachment_3337\" aria-describedby=\"caption-attachment-3337\" style=\"width: 1250px\" class=\"wp-caption alignnone\"><a href=\"https:\/\/d2p6e6u75xmxt8.cloudfront.net\/6\/2018\/09\/profimedia-0384683617.jpg\"><img loading=\"lazy\" decoding=\"async\" class=\"size-full wp-image-3337\" src=\"https:\/\/d2p6e6u75xmxt8.cloudfront.net\/6\/2018\/09\/profimedia-0384683617.jpg\" alt=\"\" width=\"1250\" height=\"696\" srcset=\"https:\/\/d2p6e6u75xmxt8.cloudfront.net\/6\/2018\/09\/profimedia-0384683617.jpg 1250w, https:\/\/d2p6e6u75xmxt8.cloudfront.net\/6\/2018\/09\/profimedia-0384683617-300x167.jpg 300w, https:\/\/d2p6e6u75xmxt8.cloudfront.net\/6\/2018\/09\/profimedia-0384683617-768x428.jpg 768w, https:\/\/d2p6e6u75xmxt8.cloudfront.net\/6\/2018\/09\/profimedia-0384683617-1024x570.jpg 1024w\" sizes=\"auto, (max-width: 1250px) 100vw, 1250px\" \/><\/a><figcaption id=\"caption-attachment-3337\" class=\"wp-caption-text\">Nacer Bouhhani cruza la l\u00ednea de meta para ganar la sexta etapa de la Vuelta. \u00a9 Profimedia, TEMP EPA<\/figcaption><\/figure>\n<p>Esto significa que los <strong>corredores se esfuerzan m\u00e1s en las etapas m\u00e1s cortas de la Vuelta<\/strong>, quiz\u00e1s debido a los agresivos ciclistas espa\u00f1oles ansiosos por impresionar a sus aficionados, o debido al mayor n\u00famero de llegadas en alto- \u00a1la carrera de este a\u00f1o tiene nueve!<\/p>\n<p>Esto tambi\u00e9n puede confirmar lo que incluso los aficionados al ciclismo ocasional pueden observar: que mientras que el ritmo del Tour de Francia es a menudo controlado por un equipo fuerte, como el Team Sky, la<strong> Vuelta es una carrera m\u00e1s agitada, con m\u00e1s equipos llevando el control de carrera<\/strong>. Esto se debe a que la Vuelta suele ser una carrera mucho m\u00e1s abierta que el Tour.<\/p>\n<p>Los equipos que ya han rendido al m\u00e1s alto nivel en el Giro y el Tour van m\u00e1s tranquilos porque tienen los deberes hechos. Esto abre oportunidades para aquellos corredores y equipos que o bien se cayeron o no rindieron al nivel esperado en las carreras anteriores. La Vuelta les vale para redimir sus temporadas y mejorar su reputaci\u00f3n. Y aunque esto pueda sugerir que una victoria en una Vuelta es menos prestigiosa que una victoria en el Tour de Francia, promete -y en general ofrece- <strong>una carrera mucho m\u00e1s emocionante y llena de suspense<\/strong>.<\/p>\n","protected":false},"excerpt":{"rendered":"<p>En muchos sentidos, la Vuelta a Espa\u00f1a es algo as\u00ed como un anticl\u00edmax, despu\u00e9s del Giro de Italia y, especialmente, [&hellip;]<\/p>\n","protected":false},"author":29,"featured_media":3339,"comment_status":"open","ping_status":"open","sticky":false,"template":"","format":"standard","meta":{"footnotes":""},"categories":[7],"tags":[623,624,622,44,293],"global-categories":[],"class_list":["post-3335","post","type-post","status-publish","format-standard","has-post-thumbnail","hentry","category-carretera","tag-diferencias-entre-la-vuetla-y-el-tour","tag-dureza-de-la-vuelta","tag-el-tour","tag-la-vuelta","tag-la-vuelta-2018"],"yoast_head":"<!-- This site is optimized with the Yoast SEO Premium plugin v25.3 (Yoast SEO v25.9) - https:\/\/yoast.com\/wordpress\/plugins\/seo\/ -->\n<title>Las diferencias entre la Vuelta y el Tour vistas por un extranjero - \u0160koda We Love Cycling - Spain<\/title>\n<meta name=\"description\" content=\"Las diferencias entre La Vuelta y el Tour de Francia vistas por un extranjero. El checo Siegfried Mortkowitz dice que para \u00e9l La Vuelta es m\u00e1s emocionante.\" \/>\n<meta name=\"robots\" content=\"index, follow, max-snippet:-1, max-image-preview:large, max-video-preview:-1\" \/>\n<link rel=\"canonical\" href=\"https:\/\/www.welovecycling.com\/es\/2018\/09\/03\/diferencias-entre-la-vuelta-y-el-tour\/\" \/>\n<meta property=\"og:locale\" content=\"es_ES\" \/>\n<meta property=\"og:type\" content=\"article\" \/>\n<meta property=\"og:title\" content=\"Las diferencias entre la Vuelta y el Tour vistas por un extranjero\" \/>\n<meta property=\"og:description\" content=\"Las diferencias entre La Vuelta y el Tour de Francia vistas por un extranjero. El checo Siegfried Mortkowitz dice que para \u00e9l La Vuelta es m\u00e1s emocionante.\" \/>\n<meta property=\"og:url\" content=\"https:\/\/www.welovecycling.com\/es\/2018\/09\/03\/diferencias-entre-la-vuelta-y-el-tour\/\" \/>\n<meta property=\"og:site_name\" content=\"\u0160koda We Love Cycling - Spain\" \/>\n<meta property=\"article:published_time\" content=\"2018-09-03T08:16:43+00:00\" \/>\n<meta property=\"og:image\" content=\"https:\/\/d2p6e6u75xmxt8.cloudfront.net\/6\/2018\/09\/profimedia-0384693551-1.jpg\" \/>\n\t<meta property=\"og:image:width\" content=\"1366\" \/>\n\t<meta property=\"og:image:height\" content=\"600\" \/>\n\t<meta property=\"og:image:type\" content=\"image\/jpeg\" \/>\n<meta name=\"author\" content=\"We Love Cycling Spain\" \/>\n<meta name=\"twitter:card\" content=\"summary_large_image\" \/>\n<meta name=\"twitter:title\" content=\"Las diferencias entre la Vuelta y el Tour vistas por un extranjero\" \/>\n<meta name=\"twitter:description\" content=\"Las diferencias entre La Vuelta y el Tour de Francia vistas por un extranjero. El checo Siegfried Mortkowitz dice que para \u00e9l La Vuelta es m\u00e1s emocionante.\" \/>\n<meta name=\"twitter:label1\" content=\"Written by\" \/>\n\t<meta name=\"twitter:data1\" content=\"Siegfried Mortkowitz\" \/>\n\t<meta name=\"twitter:label2\" content=\"Est. reading time\" \/>\n\t<meta name=\"twitter:data2\" content=\"4\" \/>\n<script type=\"application\/ld+json\" class=\"yoast-schema-graph\">{\"@context\":\"https:\/\/schema.org\",\"@graph\":[{\"@type\":\"WebPage\",\"@id\":\"https:\/\/www.welovecycling.com\/es\/2018\/09\/03\/diferencias-entre-la-vuelta-y-el-tour\/\",\"url\":\"https:\/\/www.welovecycling.com\/es\/2018\/09\/03\/diferencias-entre-la-vuelta-y-el-tour\/\",\"name\":\"Las diferencias entre la Vuelta y el Tour vistas por un extranjero - \u0160koda We Love Cycling - Spain\",\"isPartOf\":{\"@id\":\"https:\/\/www.welovecycling.com\/es\/#website\"},\"primaryImageOfPage\":{\"@id\":\"https:\/\/www.welovecycling.com\/es\/2018\/09\/03\/diferencias-entre-la-vuelta-y-el-tour\/#primaryimage\"},\"image\":{\"@id\":\"https:\/\/www.welovecycling.com\/es\/2018\/09\/03\/diferencias-entre-la-vuelta-y-el-tour\/#primaryimage\"},\"thumbnailUrl\":\"https:\/\/d2p6e6u75xmxt8.cloudfront.net\/6\/2018\/09\/profimedia-0384693551-1.jpg\",\"datePublished\":\"2018-09-03T08:16:43+00:00\",\"author\":{\"@id\":\"https:\/\/www.welovecycling.com\/es\/#\/schema\/person\/deb61715b5812698ee79fb96f343ccd4\"},\"description\":\"Las diferencias entre La Vuelta y el Tour de Francia vistas por un extranjero. El checo Siegfried Mortkowitz dice que para \u00e9l La Vuelta es m\u00e1s emocionante.\",\"breadcrumb\":{\"@id\":\"https:\/\/www.welovecycling.com\/es\/2018\/09\/03\/diferencias-entre-la-vuelta-y-el-tour\/#breadcrumb\"},\"inLanguage\":\"es-ES\",\"potentialAction\":[{\"@type\":\"ReadAction\",\"target\":[\"https:\/\/www.welovecycling.com\/es\/2018\/09\/03\/diferencias-entre-la-vuelta-y-el-tour\/\"]}]},{\"@type\":\"ImageObject\",\"inLanguage\":\"es-ES\",\"@id\":\"https:\/\/www.welovecycling.com\/es\/2018\/09\/03\/diferencias-entre-la-vuelta-y-el-tour\/#primaryimage\",\"url\":\"https:\/\/d2p6e6u75xmxt8.cloudfront.net\/6\/2018\/09\/profimedia-0384693551-1.jpg\",\"contentUrl\":\"https:\/\/d2p6e6u75xmxt8.cloudfront.net\/6\/2018\/09\/profimedia-0384693551-1.jpg\",\"width\":1366,\"height\":600},{\"@type\":\"BreadcrumbList\",\"@id\":\"https:\/\/www.welovecycling.com\/es\/2018\/09\/03\/diferencias-entre-la-vuelta-y-el-tour\/#breadcrumb\",\"itemListElement\":[{\"@type\":\"ListItem\",\"position\":1,\"name\":\"Home\",\"item\":\"https:\/\/www.welovecycling.com\/es\/\"},{\"@type\":\"ListItem\",\"position\":2,\"name\":\"Las diferencias entre la Vuelta y el Tour vistas por un extranjero\"}]},{\"@type\":\"WebSite\",\"@id\":\"https:\/\/www.welovecycling.com\/es\/#website\",\"url\":\"https:\/\/www.welovecycling.com\/es\/\",\"name\":\"\u0160koda We Love Cycling - Spain\",\"description\":\"\u0160koda WeLoveCycling Spain\",\"potentialAction\":[{\"@type\":\"SearchAction\",\"target\":{\"@type\":\"EntryPoint\",\"urlTemplate\":\"https:\/\/www.welovecycling.com\/es\/?s={search_term_string}\"},\"query-input\":{\"@type\":\"PropertyValueSpecification\",\"valueRequired\":true,\"valueName\":\"search_term_string\"}}],\"inLanguage\":\"es-ES\"},{\"@type\":\"Person\",\"@id\":\"https:\/\/www.welovecycling.com\/es\/#\/schema\/person\/deb61715b5812698ee79fb96f343ccd4\",\"name\":\"We Love Cycling Spain\",\"image\":{\"@type\":\"ImageObject\",\"inLanguage\":\"es-ES\",\"@id\":\"https:\/\/www.welovecycling.com\/es\/#\/schema\/person\/image\/\",\"url\":\"https:\/\/secure.gravatar.com\/avatar\/c824b04e6df0e37a03219d0b6481672889df542894588964102459e46513159c?s=96&d=mm&r=g\",\"contentUrl\":\"https:\/\/secure.gravatar.com\/avatar\/c824b04e6df0e37a03219d0b6481672889df542894588964102459e46513159c?s=96&d=mm&r=g\",\"caption\":\"We Love Cycling Spain\"},\"url\":\"https:\/\/www.welovecycling.com\/es\/author\/amunoz\/\"}]}<\/script>\n<!-- \/ Yoast SEO Premium plugin. -->","yoast_head_json":{"title":"Las diferencias entre la Vuelta y el Tour vistas por un extranjero - \u0160koda We Love Cycling - Spain","description":"Las diferencias entre La Vuelta y el Tour de Francia vistas por un extranjero. El checo Siegfried Mortkowitz dice que para \u00e9l La Vuelta es m\u00e1s emocionante.","robots":{"index":"index","follow":"follow","max-snippet":"max-snippet:-1","max-image-preview":"max-image-preview:large","max-video-preview":"max-video-preview:-1"},"canonical":"https:\/\/www.welovecycling.com\/es\/2018\/09\/03\/diferencias-entre-la-vuelta-y-el-tour\/","og_locale":"es_ES","og_type":"article","og_title":"Las diferencias entre la Vuelta y el Tour vistas por un extranjero","og_description":"Las diferencias entre La Vuelta y el Tour de Francia vistas por un extranjero. El checo Siegfried Mortkowitz dice que para \u00e9l La Vuelta es m\u00e1s emocionante.","og_url":"https:\/\/www.welovecycling.com\/es\/2018\/09\/03\/diferencias-entre-la-vuelta-y-el-tour\/","og_site_name":"\u0160koda We Love Cycling - Spain","article_published_time":"2018-09-03T08:16:43+00:00","og_image":[{"width":1366,"height":600,"url":"https:\/\/d2p6e6u75xmxt8.cloudfront.net\/6\/2018\/09\/profimedia-0384693551-1.jpg","type":"image\/jpeg"}],"author":"We Love Cycling Spain","twitter_card":"summary_large_image","twitter_title":"Las diferencias entre la Vuelta y el Tour vistas por un extranjero","twitter_description":"Las diferencias entre La Vuelta y el Tour de Francia vistas por un extranjero. El checo Siegfried Mortkowitz dice que para \u00e9l La Vuelta es m\u00e1s emocionante.","twitter_misc":{"Written by":"Siegfried Mortkowitz","Est. reading time":"4"},"schema":{"@context":"https:\/\/schema.org","@graph":[{"@type":"WebPage","@id":"https:\/\/www.welovecycling.com\/es\/2018\/09\/03\/diferencias-entre-la-vuelta-y-el-tour\/","url":"https:\/\/www.welovecycling.com\/es\/2018\/09\/03\/diferencias-entre-la-vuelta-y-el-tour\/","name":"Las diferencias entre la Vuelta y el Tour vistas por un extranjero - \u0160koda We Love Cycling - Spain","isPartOf":{"@id":"https:\/\/www.welovecycling.com\/es\/#website"},"primaryImageOfPage":{"@id":"https:\/\/www.welovecycling.com\/es\/2018\/09\/03\/diferencias-entre-la-vuelta-y-el-tour\/#primaryimage"},"image":{"@id":"https:\/\/www.welovecycling.com\/es\/2018\/09\/03\/diferencias-entre-la-vuelta-y-el-tour\/#primaryimage"},"thumbnailUrl":"https:\/\/d2p6e6u75xmxt8.cloudfront.net\/6\/2018\/09\/profimedia-0384693551-1.jpg","datePublished":"2018-09-03T08:16:43+00:00","author":{"@id":"https:\/\/www.welovecycling.com\/es\/#\/schema\/person\/deb61715b5812698ee79fb96f343ccd4"},"description":"Las diferencias entre La Vuelta y el Tour de Francia vistas por un extranjero. El checo Siegfried Mortkowitz dice que para \u00e9l La Vuelta es m\u00e1s emocionante.","breadcrumb":{"@id":"https:\/\/www.welovecycling.com\/es\/2018\/09\/03\/diferencias-entre-la-vuelta-y-el-tour\/#breadcrumb"},"inLanguage":"es-ES","potentialAction":[{"@type":"ReadAction","target":["https:\/\/www.welovecycling.com\/es\/2018\/09\/03\/diferencias-entre-la-vuelta-y-el-tour\/"]}]},{"@type":"ImageObject","inLanguage":"es-ES","@id":"https:\/\/www.welovecycling.com\/es\/2018\/09\/03\/diferencias-entre-la-vuelta-y-el-tour\/#primaryimage","url":"https:\/\/d2p6e6u75xmxt8.cloudfront.net\/6\/2018\/09\/profimedia-0384693551-1.jpg","contentUrl":"https:\/\/d2p6e6u75xmxt8.cloudfront.net\/6\/2018\/09\/profimedia-0384693551-1.jpg","width":1366,"height":600},{"@type":"BreadcrumbList","@id":"https:\/\/www.welovecycling.com\/es\/2018\/09\/03\/diferencias-entre-la-vuelta-y-el-tour\/#breadcrumb","itemListElement":[{"@type":"ListItem","position":1,"name":"Home","item":"https:\/\/www.welovecycling.com\/es\/"},{"@type":"ListItem","position":2,"name":"Las diferencias entre la Vuelta y el Tour vistas por un extranjero"}]},{"@type":"WebSite","@id":"https:\/\/www.welovecycling.com\/es\/#website","url":"https:\/\/www.welovecycling.com\/es\/","name":"\u0160koda We Love Cycling - Spain","description":"\u0160koda WeLoveCycling Spain","potentialAction":[{"@type":"SearchAction","target":{"@type":"EntryPoint","urlTemplate":"https:\/\/www.welovecycling.com\/es\/?s={search_term_string}"},"query-input":{"@type":"PropertyValueSpecification","valueRequired":true,"valueName":"search_term_string"}}],"inLanguage":"es-ES"},{"@type":"Person","@id":"https:\/\/www.welovecycling.com\/es\/#\/schema\/person\/deb61715b5812698ee79fb96f343ccd4","name":"We Love Cycling Spain","image":{"@type":"ImageObject","inLanguage":"es-ES","@id":"https:\/\/www.welovecycling.com\/es\/#\/schema\/person\/image\/","url":"https:\/\/secure.gravatar.com\/avatar\/c824b04e6df0e37a03219d0b6481672889df542894588964102459e46513159c?s=96&d=mm&r=g","contentUrl":"https:\/\/secure.gravatar.com\/avatar\/c824b04e6df0e37a03219d0b6481672889df542894588964102459e46513159c?s=96&d=mm&r=g","caption":"We Love Cycling Spain"},"url":"https:\/\/www.welovecycling.com\/es\/author\/amunoz\/"}]}},"_links":{"self":[{"href":"https:\/\/www.welovecycling.com\/es\/wp-json\/wp\/v2\/posts\/3335","targetHints":{"allow":["GET"]}}],"collection":[{"href":"https:\/\/www.welovecycling.com\/es\/wp-json\/wp\/v2\/posts"}],"about":[{"href":"https:\/\/www.welovecycling.com\/es\/wp-json\/wp\/v2\/types\/post"}],"author":[{"embeddable":true,"href":"https:\/\/www.welovecycling.com\/es\/wp-json\/wp\/v2\/users\/29"}],"replies":[{"embeddable":true,"href":"https:\/\/www.welovecycling.com\/es\/wp-json\/wp\/v2\/comments?post=3335"}],"version-history":[{"count":2,"href":"https:\/\/www.welovecycling.com\/es\/wp-json\/wp\/v2\/posts\/3335\/revisions"}],"predecessor-version":[{"id":3340,"href":"https:\/\/www.welovecycling.com\/es\/wp-json\/wp\/v2\/posts\/3335\/revisions\/3340"}],"wp:featuredmedia":[{"embeddable":true,"href":"https:\/\/www.welovecycling.com\/es\/wp-json\/wp\/v2\/media\/3339"}],"wp:attachment":[{"href":"https:\/\/www.welovecycling.com\/es\/wp-json\/wp\/v2\/media?parent=3335"}],"wp:term":[{"taxonomy":"category","embeddable":true,"href":"https:\/\/www.welovecycling.com\/es\/wp-json\/wp\/v2\/categories?post=3335"},{"taxonomy":"post_tag","embeddable":true,"href":"https:\/\/www.welovecycling.com\/es\/wp-json\/wp\/v2\/tags?post=3335"},{"taxonomy":"global-categories","embeddable":true,"href":"https:\/\/www.welovecycling.com\/es\/wp-json\/wp\/v2\/global-categories?post=3335"}],"curies":[{"name":"wp","href":"https:\/\/api.w.org\/{rel}","templated":true}]}}