{"id":3327,"date":"2018-08-31T13:20:24","date_gmt":"2018-08-31T11:20:24","guid":{"rendered":"https:\/\/www.welovecycling.com\/es\/?p=3327"},"modified":"2018-08-31T13:20:24","modified_gmt":"2018-08-31T11:20:24","slug":"la-caravana-de-la-vuelta-2018-territorio-skoda","status":"publish","type":"post","link":"https:\/\/www.welovecycling.com\/es\/2018\/08\/31\/la-caravana-de-la-vuelta-2018-territorio-skoda\/","title":{"rendered":"La caravana de La Vuelta 2018. Territorio \u0160koda"},"content":{"rendered":"<p><strong>La Vuelta no son solo ciclistas dando pedales. Tiene mucha vida a su alrededor. Al lado de los ciclistas viaja la caravana de la Vuelta. Es itinerante y en ella van los patrocinadores de la carrera entre los que se encuentra\u00a0\u0160koda. Dan color y dinamismo&#8230; y se enfrentan a jornadas de trabajo agotadoras.\u00a0<\/strong><!--more--><\/p>\n<p>Es cierto que la Caravana de la Vuelta es m\u00e1s modesta que la del Tour. Realmente no hay ninguna caravana comparable a la del Tour de Francia, en la que <strong>\u0160koda\u00a0<\/strong>tambi\u00e9n es patrocinador. En la Vuelta la animaci\u00f3n se centra m\u00e1s en las zonas de salida y de meta de cada una de las etapas, donde el p\u00fablico acude a buscar un recuerdo de la carrera y una foto con los ciclistas.<\/p>\n<p><a href=\"https:\/\/d2p6e6u75xmxt8.cloudfront.net\/6\/2018\/08\/la-Vuelta-skoda-1.jpg\"><img loading=\"lazy\" decoding=\"async\" class=\"aligncenter size-large wp-image-3329\" src=\"https:\/\/d2p6e6u75xmxt8.cloudfront.net\/6\/2018\/08\/la-Vuelta-skoda-1-1024x768.jpg\" alt=\"\" width=\"1024\" height=\"768\" srcset=\"https:\/\/d2p6e6u75xmxt8.cloudfront.net\/6\/2018\/08\/la-Vuelta-skoda-1-1024x768.jpg 1024w, https:\/\/d2p6e6u75xmxt8.cloudfront.net\/6\/2018\/08\/la-Vuelta-skoda-1-300x225.jpg 300w, https:\/\/d2p6e6u75xmxt8.cloudfront.net\/6\/2018\/08\/la-Vuelta-skoda-1-768x576.jpg 768w, https:\/\/d2p6e6u75xmxt8.cloudfront.net\/6\/2018\/08\/la-Vuelta-skoda-1.jpg 1280w\" sizes=\"auto, (max-width: 1024px) 100vw, 1024px\" \/><\/a><br \/>\nEn la zona de salida de cada una de las etapas tiene dos stands distintos. <strong>Uno dentro de la zona reservada del Village Depart (como se llama en Francia). Es el lugar para recibir a los invitados de cada una de las etapas<\/strong>. All\u00ed Ana les recibe, les invita a un caf\u00e9, a degustar los productos t\u00edpicos de la zona, a leer el peri\u00f3dico y les da un pack de regalos\u00a0<strong>\u0160koda<\/strong> con toalla, gafas de sol, bid\u00f3n ciclista.<\/p>\n<p>Al stand exterior de la zona de salida de La Vuelta, siempre situado muy cerca del control de firmas por el que pasan los corredores, los aficionados pueden vivir dos experiencias diferentes. Por<strong> un lado compiten de dos en dos en los rodillos<\/strong> montados en bicicletas <strong>\u0160koda<\/strong>. Una competici\u00f3n de 30 segundos sobre un trazado de La Vuelta con ganadores y premios.<\/p>\n<p><a href=\"https:\/\/d2p6e6u75xmxt8.cloudfront.net\/6\/2018\/08\/la-vuelta-skoda-2.jpg\"><img loading=\"lazy\" decoding=\"async\" class=\"aligncenter size-large wp-image-3330\" src=\"https:\/\/d2p6e6u75xmxt8.cloudfront.net\/6\/2018\/08\/la-vuelta-skoda-2-1024x669.jpg\" alt=\"\" width=\"1024\" height=\"669\" srcset=\"https:\/\/d2p6e6u75xmxt8.cloudfront.net\/6\/2018\/08\/la-vuelta-skoda-2-1024x669.jpg 1024w, https:\/\/d2p6e6u75xmxt8.cloudfront.net\/6\/2018\/08\/la-vuelta-skoda-2-300x196.jpg 300w, https:\/\/d2p6e6u75xmxt8.cloudfront.net\/6\/2018\/08\/la-vuelta-skoda-2-768x502.jpg 768w, https:\/\/d2p6e6u75xmxt8.cloudfront.net\/6\/2018\/08\/la-vuelta-skoda-2-1920x1255.jpg 1920w, https:\/\/d2p6e6u75xmxt8.cloudfront.net\/6\/2018\/08\/la-vuelta-skoda-2.jpg 1985w, https:\/\/d2p6e6u75xmxt8.cloudfront.net\/6\/2018\/08\/la-vuelta-skoda-2-1920x1255.jpg 1920w\" sizes=\"auto, (max-width: 1024px) 100vw, 1024px\" \/><\/a><br \/>\nEn el stand los aficionados al ciclismo tambi\u00e9n pueden sentir lo mismo que se vive dentro de un coche de La Vuelta en la bajada de un puerto de alta monta\u00f1a. Un privilegio al que tienen acceso muy pocas personas pero que\u00a0<strong>\u0160koda<\/strong> permite v<strong>ivir en realidad virtual dentro de uno de los coches oficiales<\/strong>.<\/p>\n<p>Adem\u00e1s tambi\u00e9n pueden ver los \u00faltimos modelos de la marca, que coinciden con los que utilizan en carrera la organizaci\u00f3n, los m\u00e9dicos, los coches neutros y la mayor\u00eda de los equipos profesionales de La Vuelta 2018, que una vez m\u00e1s llevan veh\u00edculos\u00a0<strong>\u0160koda.<\/p>\n<p><a href=\"https:\/\/d2p6e6u75xmxt8.cloudfront.net\/6\/2018\/08\/la-vuelta-skoda-3.jpg\"><img loading=\"lazy\" decoding=\"async\" class=\"aligncenter size-large wp-image-3331\" src=\"https:\/\/d2p6e6u75xmxt8.cloudfront.net\/6\/2018\/08\/la-vuelta-skoda-3-1024x768.jpg\" alt=\"\" width=\"1024\" height=\"768\" srcset=\"https:\/\/d2p6e6u75xmxt8.cloudfront.net\/6\/2018\/08\/la-vuelta-skoda-3-1024x768.jpg 1024w, https:\/\/d2p6e6u75xmxt8.cloudfront.net\/6\/2018\/08\/la-vuelta-skoda-3-300x225.jpg 300w, https:\/\/d2p6e6u75xmxt8.cloudfront.net\/6\/2018\/08\/la-vuelta-skoda-3-768x576.jpg 768w, https:\/\/d2p6e6u75xmxt8.cloudfront.net\/6\/2018\/08\/la-vuelta-skoda-3.jpg 1280w\" sizes=\"auto, (max-width: 1024px) 100vw, 1024px\" \/><\/a><br \/>\n<\/strong><\/p>\n<p>Pero como La Vuelta va de un lado para otro el trabajo no acaba en la l\u00ednea de salida. En la zona de meta (o si es etapa de monta\u00f1a en la ciudad m\u00e1s cercana) se monta el Parque Vuelta, que repite las acciones de la zona de salida.<\/p>\n<p>La mejor forma de pasar un rato ameno y ciclista mientras esperan la llegada del pelot\u00f3n. Todav\u00eda queda m\u00e1s de media Vuelta para poder &#8216;jugar&#8217; a ciclistas en el stand de <strong>\u0160koda<\/strong>.<\/p>\n<p><a href=\"https:\/\/www.lavuelta.es\/es\/\">Conoce todas las etapas y salidas de La Vuelta 2018 &gt;<\/a><\/p>\n<p><a href=\"https:\/\/d2p6e6u75xmxt8.cloudfront.net\/6\/2018\/08\/vuelta-Skoda-1.jpg\"><img loading=\"lazy\" decoding=\"async\" class=\"aligncenter size-large wp-image-3332\" src=\"https:\/\/d2p6e6u75xmxt8.cloudfront.net\/6\/2018\/08\/vuelta-Skoda-1-1024x630.jpg\" alt=\"\" width=\"1024\" height=\"630\" srcset=\"https:\/\/d2p6e6u75xmxt8.cloudfront.net\/6\/2018\/08\/vuelta-Skoda-1-1024x630.jpg 1024w, https:\/\/d2p6e6u75xmxt8.cloudfront.net\/6\/2018\/08\/vuelta-Skoda-1-300x185.jpg 300w, https:\/\/d2p6e6u75xmxt8.cloudfront.net\/6\/2018\/08\/vuelta-Skoda-1-768x472.jpg 768w, https:\/\/d2p6e6u75xmxt8.cloudfront.net\/6\/2018\/08\/vuelta-Skoda-1.jpg 1600w\" sizes=\"auto, (max-width: 1024px) 100vw, 1024px\" \/><\/a><\/p>\n","protected":false},"excerpt":{"rendered":"<p>La Vuelta no son solo ciclistas dando pedales. Tiene mucha vida a su alrededor. Al lado de los ciclistas viaja [&hellip;]<\/p>\n","protected":false},"author":29,"featured_media":3328,"comment_status":"open","ping_status":"open","sticky":false,"template":"","format":"standard","meta":{"footnotes":""},"categories":[7],"tags":[619,620,621,97],"global-categories":[],"class_list":["post-3327","post","type-post","status-publish","format-standard","has-post-thumbnail","hentry","category-carretera","tag-caravana-la-vuelta","tag-caravana-publicitaria-la-vuelta","tag-parque-vuelta","tag-skoda-la-vuelta"],"yoast_head":"<!-- This site is optimized with the Yoast SEO Premium plugin v25.3 (Yoast SEO v25.9) - https:\/\/yoast.com\/wordpress\/plugins\/seo\/ -->\n<title>La caravana de La Vuelta 2018. Territorio \u0160koda - \u0160koda We Love Cycling - Spain<\/title>\n<meta name=\"description\" content=\"La caravana de La Vuelta 2018. Territorio \u0160koda. Todo lo que se mueve alrededor de La Vuelta 2018 con los veh\u00edculos \u0160koda y su stand de protagonistas.\" \/>\n<meta name=\"robots\" content=\"index, follow, max-snippet:-1, max-image-preview:large, max-video-preview:-1\" \/>\n<link rel=\"canonical\" href=\"https:\/\/www.welovecycling.com\/es\/2018\/08\/31\/la-caravana-de-la-vuelta-2018-territorio-skoda\/\" \/>\n<meta property=\"og:locale\" content=\"es_ES\" \/>\n<meta property=\"og:type\" content=\"article\" \/>\n<meta property=\"og:title\" content=\"La caravana de La Vuelta 2018. Territorio \u0160koda\" \/>\n<meta property=\"og:description\" content=\"La caravana de La Vuelta 2018. Territorio \u0160koda. Todo lo que se mueve alrededor de La Vuelta 2018 con los veh\u00edculos \u0160koda y su stand de protagonistas.\" \/>\n<meta property=\"og:url\" content=\"https:\/\/www.welovecycling.com\/es\/2018\/08\/31\/la-caravana-de-la-vuelta-2018-territorio-skoda\/\" \/>\n<meta property=\"og:site_name\" content=\"\u0160koda We Love Cycling - Spain\" \/>\n<meta property=\"article:published_time\" content=\"2018-08-31T11:20:24+00:00\" \/>\n<meta property=\"og:image\" content=\"https:\/\/d2p6e6u75xmxt8.cloudfront.net\/6\/2018\/08\/skoda-la-vuelta-3.jpg\" \/>\n\t<meta property=\"og:image:width\" content=\"1840\" \/>\n\t<meta property=\"og:image:height\" content=\"1076\" \/>\n\t<meta property=\"og:image:type\" content=\"image\/jpeg\" \/>\n<meta name=\"author\" content=\"We Love Cycling Spain\" \/>\n<meta name=\"twitter:card\" content=\"summary_large_image\" \/>\n<meta name=\"twitter:title\" content=\"La caravana de La Vuelta 2018. Territorio \u0160koda\" \/>\n<meta name=\"twitter:description\" content=\"La caravana de La Vuelta 2018. Territorio \u0160koda. Todo lo que se mueve alrededor de La Vuelta 2018 con los veh\u00edculos \u0160koda y su stand de protagonistas.\" \/>\n<meta name=\"twitter:label1\" content=\"Written by\" \/>\n\t<meta name=\"twitter:data1\" content=\"Luis Ortega @ciclored\" \/>\n\t<meta name=\"twitter:label2\" content=\"Est. reading time\" \/>\n\t<meta name=\"twitter:data2\" content=\"2 minutes\" \/>\n<script type=\"application\/ld+json\" class=\"yoast-schema-graph\">{\"@context\":\"https:\/\/schema.org\",\"@graph\":[{\"@type\":\"WebPage\",\"@id\":\"https:\/\/www.welovecycling.com\/es\/2018\/08\/31\/la-caravana-de-la-vuelta-2018-territorio-skoda\/\",\"url\":\"https:\/\/www.welovecycling.com\/es\/2018\/08\/31\/la-caravana-de-la-vuelta-2018-territorio-skoda\/\",\"name\":\"La caravana de La Vuelta 2018. Territorio \u0160koda - \u0160koda We Love Cycling - Spain\",\"isPartOf\":{\"@id\":\"https:\/\/www.welovecycling.com\/es\/#website\"},\"primaryImageOfPage\":{\"@id\":\"https:\/\/www.welovecycling.com\/es\/2018\/08\/31\/la-caravana-de-la-vuelta-2018-territorio-skoda\/#primaryimage\"},\"image\":{\"@id\":\"https:\/\/www.welovecycling.com\/es\/2018\/08\/31\/la-caravana-de-la-vuelta-2018-territorio-skoda\/#primaryimage\"},\"thumbnailUrl\":\"https:\/\/d2p6e6u75xmxt8.cloudfront.net\/6\/2018\/08\/skoda-la-vuelta-3.jpg\",\"datePublished\":\"2018-08-31T11:20:24+00:00\",\"author\":{\"@id\":\"https:\/\/www.welovecycling.com\/es\/#\/schema\/person\/deb61715b5812698ee79fb96f343ccd4\"},\"description\":\"La caravana de La Vuelta 2018. Territorio \u0160koda. Todo lo que se mueve alrededor de La Vuelta 2018 con los veh\u00edculos \u0160koda y su stand de protagonistas.\",\"breadcrumb\":{\"@id\":\"https:\/\/www.welovecycling.com\/es\/2018\/08\/31\/la-caravana-de-la-vuelta-2018-territorio-skoda\/#breadcrumb\"},\"inLanguage\":\"es-ES\",\"potentialAction\":[{\"@type\":\"ReadAction\",\"target\":[\"https:\/\/www.welovecycling.com\/es\/2018\/08\/31\/la-caravana-de-la-vuelta-2018-territorio-skoda\/\"]}]},{\"@type\":\"ImageObject\",\"inLanguage\":\"es-ES\",\"@id\":\"https:\/\/www.welovecycling.com\/es\/2018\/08\/31\/la-caravana-de-la-vuelta-2018-territorio-skoda\/#primaryimage\",\"url\":\"https:\/\/d2p6e6u75xmxt8.cloudfront.net\/6\/2018\/08\/skoda-la-vuelta-3.jpg\",\"contentUrl\":\"https:\/\/d2p6e6u75xmxt8.cloudfront.net\/6\/2018\/08\/skoda-la-vuelta-3.jpg\",\"width\":1840,\"height\":1076},{\"@type\":\"BreadcrumbList\",\"@id\":\"https:\/\/www.welovecycling.com\/es\/2018\/08\/31\/la-caravana-de-la-vuelta-2018-territorio-skoda\/#breadcrumb\",\"itemListElement\":[{\"@type\":\"ListItem\",\"position\":1,\"name\":\"Home\",\"item\":\"https:\/\/www.welovecycling.com\/es\/\"},{\"@type\":\"ListItem\",\"position\":2,\"name\":\"La caravana de La Vuelta 2018. Territorio \u0160koda\"}]},{\"@type\":\"WebSite\",\"@id\":\"https:\/\/www.welovecycling.com\/es\/#website\",\"url\":\"https:\/\/www.welovecycling.com\/es\/\",\"name\":\"\u0160koda We Love Cycling - Spain\",\"description\":\"\u0160koda WeLoveCycling Spain\",\"potentialAction\":[{\"@type\":\"SearchAction\",\"target\":{\"@type\":\"EntryPoint\",\"urlTemplate\":\"https:\/\/www.welovecycling.com\/es\/?s={search_term_string}\"},\"query-input\":{\"@type\":\"PropertyValueSpecification\",\"valueRequired\":true,\"valueName\":\"search_term_string\"}}],\"inLanguage\":\"es-ES\"},{\"@type\":\"Person\",\"@id\":\"https:\/\/www.welovecycling.com\/es\/#\/schema\/person\/deb61715b5812698ee79fb96f343ccd4\",\"name\":\"We Love Cycling Spain\",\"image\":{\"@type\":\"ImageObject\",\"inLanguage\":\"es-ES\",\"@id\":\"https:\/\/www.welovecycling.com\/es\/#\/schema\/person\/image\/\",\"url\":\"https:\/\/secure.gravatar.com\/avatar\/c824b04e6df0e37a03219d0b6481672889df542894588964102459e46513159c?s=96&d=mm&r=g\",\"contentUrl\":\"https:\/\/secure.gravatar.com\/avatar\/c824b04e6df0e37a03219d0b6481672889df542894588964102459e46513159c?s=96&d=mm&r=g\",\"caption\":\"We Love Cycling Spain\"},\"url\":\"https:\/\/www.welovecycling.com\/es\/author\/amunoz\/\"}]}<\/script>\n<!-- \/ Yoast SEO Premium plugin. -->","yoast_head_json":{"title":"La caravana de La Vuelta 2018. Territorio \u0160koda - \u0160koda We Love Cycling - Spain","description":"La caravana de La Vuelta 2018. Territorio \u0160koda. Todo lo que se mueve alrededor de La Vuelta 2018 con los veh\u00edculos \u0160koda y su stand de protagonistas.","robots":{"index":"index","follow":"follow","max-snippet":"max-snippet:-1","max-image-preview":"max-image-preview:large","max-video-preview":"max-video-preview:-1"},"canonical":"https:\/\/www.welovecycling.com\/es\/2018\/08\/31\/la-caravana-de-la-vuelta-2018-territorio-skoda\/","og_locale":"es_ES","og_type":"article","og_title":"La caravana de La Vuelta 2018. Territorio \u0160koda","og_description":"La caravana de La Vuelta 2018. Territorio \u0160koda. Todo lo que se mueve alrededor de La Vuelta 2018 con los veh\u00edculos \u0160koda y su stand de protagonistas.","og_url":"https:\/\/www.welovecycling.com\/es\/2018\/08\/31\/la-caravana-de-la-vuelta-2018-territorio-skoda\/","og_site_name":"\u0160koda We Love Cycling - Spain","article_published_time":"2018-08-31T11:20:24+00:00","og_image":[{"width":1840,"height":1076,"url":"https:\/\/d2p6e6u75xmxt8.cloudfront.net\/6\/2018\/08\/skoda-la-vuelta-3.jpg","type":"image\/jpeg"}],"author":"We Love Cycling Spain","twitter_card":"summary_large_image","twitter_title":"La caravana de La Vuelta 2018. Territorio \u0160koda","twitter_description":"La caravana de La Vuelta 2018. Territorio \u0160koda. Todo lo que se mueve alrededor de La Vuelta 2018 con los veh\u00edculos \u0160koda y su stand de protagonistas.","twitter_misc":{"Written by":"Luis Ortega @ciclored","Est. reading time":"2 minutes"},"schema":{"@context":"https:\/\/schema.org","@graph":[{"@type":"WebPage","@id":"https:\/\/www.welovecycling.com\/es\/2018\/08\/31\/la-caravana-de-la-vuelta-2018-territorio-skoda\/","url":"https:\/\/www.welovecycling.com\/es\/2018\/08\/31\/la-caravana-de-la-vuelta-2018-territorio-skoda\/","name":"La caravana de La Vuelta 2018. Territorio \u0160koda - \u0160koda We Love Cycling - Spain","isPartOf":{"@id":"https:\/\/www.welovecycling.com\/es\/#website"},"primaryImageOfPage":{"@id":"https:\/\/www.welovecycling.com\/es\/2018\/08\/31\/la-caravana-de-la-vuelta-2018-territorio-skoda\/#primaryimage"},"image":{"@id":"https:\/\/www.welovecycling.com\/es\/2018\/08\/31\/la-caravana-de-la-vuelta-2018-territorio-skoda\/#primaryimage"},"thumbnailUrl":"https:\/\/d2p6e6u75xmxt8.cloudfront.net\/6\/2018\/08\/skoda-la-vuelta-3.jpg","datePublished":"2018-08-31T11:20:24+00:00","author":{"@id":"https:\/\/www.welovecycling.com\/es\/#\/schema\/person\/deb61715b5812698ee79fb96f343ccd4"},"description":"La caravana de La Vuelta 2018. Territorio \u0160koda. Todo lo que se mueve alrededor de La Vuelta 2018 con los veh\u00edculos \u0160koda y su stand de protagonistas.","breadcrumb":{"@id":"https:\/\/www.welovecycling.com\/es\/2018\/08\/31\/la-caravana-de-la-vuelta-2018-territorio-skoda\/#breadcrumb"},"inLanguage":"es-ES","potentialAction":[{"@type":"ReadAction","target":["https:\/\/www.welovecycling.com\/es\/2018\/08\/31\/la-caravana-de-la-vuelta-2018-territorio-skoda\/"]}]},{"@type":"ImageObject","inLanguage":"es-ES","@id":"https:\/\/www.welovecycling.com\/es\/2018\/08\/31\/la-caravana-de-la-vuelta-2018-territorio-skoda\/#primaryimage","url":"https:\/\/d2p6e6u75xmxt8.cloudfront.net\/6\/2018\/08\/skoda-la-vuelta-3.jpg","contentUrl":"https:\/\/d2p6e6u75xmxt8.cloudfront.net\/6\/2018\/08\/skoda-la-vuelta-3.jpg","width":1840,"height":1076},{"@type":"BreadcrumbList","@id":"https:\/\/www.welovecycling.com\/es\/2018\/08\/31\/la-caravana-de-la-vuelta-2018-territorio-skoda\/#breadcrumb","itemListElement":[{"@type":"ListItem","position":1,"name":"Home","item":"https:\/\/www.welovecycling.com\/es\/"},{"@type":"ListItem","position":2,"name":"La caravana de La Vuelta 2018. Territorio \u0160koda"}]},{"@type":"WebSite","@id":"https:\/\/www.welovecycling.com\/es\/#website","url":"https:\/\/www.welovecycling.com\/es\/","name":"\u0160koda We Love Cycling - Spain","description":"\u0160koda WeLoveCycling Spain","potentialAction":[{"@type":"SearchAction","target":{"@type":"EntryPoint","urlTemplate":"https:\/\/www.welovecycling.com\/es\/?s={search_term_string}"},"query-input":{"@type":"PropertyValueSpecification","valueRequired":true,"valueName":"search_term_string"}}],"inLanguage":"es-ES"},{"@type":"Person","@id":"https:\/\/www.welovecycling.com\/es\/#\/schema\/person\/deb61715b5812698ee79fb96f343ccd4","name":"We Love Cycling Spain","image":{"@type":"ImageObject","inLanguage":"es-ES","@id":"https:\/\/www.welovecycling.com\/es\/#\/schema\/person\/image\/","url":"https:\/\/secure.gravatar.com\/avatar\/c824b04e6df0e37a03219d0b6481672889df542894588964102459e46513159c?s=96&d=mm&r=g","contentUrl":"https:\/\/secure.gravatar.com\/avatar\/c824b04e6df0e37a03219d0b6481672889df542894588964102459e46513159c?s=96&d=mm&r=g","caption":"We Love Cycling Spain"},"url":"https:\/\/www.welovecycling.com\/es\/author\/amunoz\/"}]}},"_links":{"self":[{"href":"https:\/\/www.welovecycling.com\/es\/wp-json\/wp\/v2\/posts\/3327","targetHints":{"allow":["GET"]}}],"collection":[{"href":"https:\/\/www.welovecycling.com\/es\/wp-json\/wp\/v2\/posts"}],"about":[{"href":"https:\/\/www.welovecycling.com\/es\/wp-json\/wp\/v2\/types\/post"}],"author":[{"embeddable":true,"href":"https:\/\/www.welovecycling.com\/es\/wp-json\/wp\/v2\/users\/29"}],"replies":[{"embeddable":true,"href":"https:\/\/www.welovecycling.com\/es\/wp-json\/wp\/v2\/comments?post=3327"}],"version-history":[{"count":1,"href":"https:\/\/www.welovecycling.com\/es\/wp-json\/wp\/v2\/posts\/3327\/revisions"}],"predecessor-version":[{"id":3333,"href":"https:\/\/www.welovecycling.com\/es\/wp-json\/wp\/v2\/posts\/3327\/revisions\/3333"}],"wp:featuredmedia":[{"embeddable":true,"href":"https:\/\/www.welovecycling.com\/es\/wp-json\/wp\/v2\/media\/3328"}],"wp:attachment":[{"href":"https:\/\/www.welovecycling.com\/es\/wp-json\/wp\/v2\/media?parent=3327"}],"wp:term":[{"taxonomy":"category","embeddable":true,"href":"https:\/\/www.welovecycling.com\/es\/wp-json\/wp\/v2\/categories?post=3327"},{"taxonomy":"post_tag","embeddable":true,"href":"https:\/\/www.welovecycling.com\/es\/wp-json\/wp\/v2\/tags?post=3327"},{"taxonomy":"global-categories","embeddable":true,"href":"https:\/\/www.welovecycling.com\/es\/wp-json\/wp\/v2\/global-categories?post=3327"}],"curies":[{"name":"wp","href":"https:\/\/api.w.org\/{rel}","templated":true}]}}