{"id":3270,"date":"2018-08-15T15:37:05","date_gmt":"2018-08-15T13:37:05","guid":{"rendered":"https:\/\/www.welovecycling.com\/es\/?p=3270"},"modified":"2018-08-15T15:37:05","modified_gmt":"2018-08-15T13:37:05","slug":"que-hacen-los-ciclistas-profesionales-cuando-se-retiran","status":"publish","type":"post","link":"https:\/\/www.welovecycling.com\/es\/2018\/08\/15\/que-hacen-los-ciclistas-profesionales-cuando-se-retiran\/","title":{"rendered":"\u00bfQu\u00e9 hacen los ciclistas profesionales cuando se retiran?"},"content":{"rendered":"<p><strong>Jubilados con menos de 40 a\u00f1os. La vida del ciclista profesional es corta, aunque en los \u00faltimos tiempos se va alargando algunos a\u00f1os m\u00e1s. Pero todos acaban colgando la bicicleta y retornando al mundo real. Antes los &#8216;viejos campeones&#8217; sol\u00edan tener una salida sencilla sencilla, o seguir ligados al ciclismo profesional dentro de alg\u00fan equipo o montar una tienda de bicicletas, pero los tiempos est\u00e1n cambiando y tambi\u00e9n los recursos.<br \/>\n<\/strong><!--more--><\/p>\n<p>Hasta mediados los a\u00f1os 90 solo los grandes campeones se pod\u00edan permitir el lujo de vivir de las rentas que hab\u00edan quedado de su vida profesional y algunos ni eso. <strong>Bahamontes<\/strong> pese a ser un \u00eddolo en toda Espa\u00f1a acab\u00f3 montando una tienda de bicicletas en Toledo en la Plaza de Zocodover y varios equipos profesionales. A mediados de los ochenta y noventa no era raro verle en persona con la furgoneta de la tienda repartiendo materiales a las tiendas de la provincia.<\/p>\n<p><strong>Luis Oca\u00f1a<\/strong> fue uno de los primeros h\u00e9roes del ciclismo espa\u00f1ol que consigui\u00f3 amasar algo de fortuna y que acab\u00f3 invirtiendo en un negocio de vinos de Armagnac que acab\u00f3 siendo ruinoso. Tambi\u00e9n pas\u00f3 por equipos profesionales y abri\u00f3 la veta de los medios de comunicaci\u00f3n. Fue el primero y no ha sido el \u00fanico.<\/p>\n<h2><strong>Medios de comunicaci\u00f3n<\/strong><\/h2>\n<p>Y si alguien fue un fen\u00f3meno social de la \u00e9poca se llama <strong>Perico Delgado<\/strong>. El &#8216;periquismo&#8217; hizo ilusionarse a media Espa\u00f1a antes del &#8216;milagro&#8217; de 1992, el que ya todos nos cre\u00edmos europeos de pleno derecho y abandonamos ese complejo de inferioridad. El segoviano incluso altern\u00f3 su vida de ciclista con los medios de comunicaci\u00f3n y ya antes de retirarse retransmiti\u00f3 para TVE el Tour de 1993. Desde entonces su carrera en televisi\u00f3n, radio, prensa, editorial (tiene varios libros) y de comunicaci\u00f3n ha sido fulgurante. Casi no hay ning\u00fan acto importante relacionado con el ciclismo en el que no haya estado Perico. En La Vuelta todav\u00eda sigue firmando casi m\u00e1s aut\u00f3grafos que cualquier ciclista.<\/p>\n<p><img loading=\"lazy\" decoding=\"async\" class=\"alignnone size-extra-large\" src=\"http:\/\/images.vertele.eldiario.es\/2016\/10\/28\/noticias\/Pedro-Perico-Delgado_1843325704_1996903_660x371.jpg\" width=\"660\" height=\"371\" \/><\/p>\n<p>El camino de <strong>Perico<\/strong> lo han seguido muchos ex profesionales, aunque no con tanta profusi\u00f3n. <strong>\u00d3scar Pereiro, Joseba Beloki y Anselmo Fuerte<\/strong> no suelen fallan en radio para colaborar con sus comentarios en Vuelta y Tour. Por la televisi\u00f3n tambi\u00e9n puedes encontrar a Eduardo Chozas y <strong>Alberto Contador<\/strong> en Eurosport. Luis Pasamontes escribe sus art\u00edculos en El Confidencial.<\/p>\n<p>Fuera de nuestras fronteras <strong>Virenque, Jalabert y Moncoutie<\/strong> est\u00e1n trabajando para medios franceses, <strong>Cassani<\/strong> es el habitual comentarista de las carreras en Italia y <strong>Flecha y Roche<\/strong> lo hacen con Eurosport.<\/p>\n<h2><strong>Ciclismo profesional<\/strong><\/h2>\n<p>Otro de los modelos habituales de reubicaci\u00f3n ciclista una vez colgada la bici es seguir vinculado al ciclismo profesional. Lo normal antes era recalar como director de equipo. Los hay m\u00edticos. <strong>Berrendero, Gandarias, Belda, Bahamontes, Gonz\u00e1lez de Galdeano<\/strong>. Y no solo espa\u00f1oles, <strong>Coppi, Riis, Goodefroot, Breukink, Basso, Bruyneel, Stephens, Ekimov, Bettini.<\/strong>.. tambi\u00e9n cambiaron los pedales por el volante. Otros, como <strong>Erik Zabel<\/strong>, pasaron a asesorar en los sprints y <strong>Mauro Giannetti<\/strong> y <strong>Alexander Vinokourov<\/strong> a crear sus propios equipos.<\/p>\n<p><a href=\"https:\/\/d2p6e6u75xmxt8.cloudfront.net\/6\/2018\/08\/la-purito.-Purito.jpg\"><img loading=\"lazy\" decoding=\"async\" class=\"aligncenter size-large wp-image-3272\" src=\"https:\/\/d2p6e6u75xmxt8.cloudfront.net\/6\/2018\/08\/la-purito.-Purito-1024x1024.jpg\" alt=\"\" width=\"1024\" height=\"1024\" srcset=\"https:\/\/d2p6e6u75xmxt8.cloudfront.net\/6\/2018\/08\/la-purito.-Purito-1024x1024.jpg 1024w, https:\/\/d2p6e6u75xmxt8.cloudfront.net\/6\/2018\/08\/la-purito.-Purito-150x150.jpg 150w, https:\/\/d2p6e6u75xmxt8.cloudfront.net\/6\/2018\/08\/la-purito.-Purito-300x300.jpg 300w, https:\/\/d2p6e6u75xmxt8.cloudfront.net\/6\/2018\/08\/la-purito.-Purito-768x768.jpg 768w, https:\/\/d2p6e6u75xmxt8.cloudfront.net\/6\/2018\/08\/la-purito.-Purito.jpg 1536w\" sizes=\"auto, (max-width: 1024px) 100vw, 1024px\" \/><\/a><\/p>\n<p>Pero ahora cada vez m\u00e1s los ciclistas van al mercado de la empresa relacionado con el ciclismo. <strong>Purito Rodr\u00edguez<\/strong> es asesor e imagen el equipo Bahrein M\u00e9rida, <strong>Frank Schleck<\/strong> de Mavic y Trek, <strong>\u00d3scar Pereiro<\/strong>\u00a0y <strong>Fabian Cancellara<\/strong> de Trek, <strong>Dani Clavero<\/strong> con Spiuk, <strong>Fernando Escart\u00edn<\/strong> en Al\u00e9, <strong>Joseba Beloki<\/strong> con Giant, Cadel Evans con BMC,\u00a0<strong>Miguel Indurain<\/strong> con Pinarello y no es raro verles pedalear en marchas cicloturistas luciendo los colores de sus patrocinadores. <strong>Andrea Tafi<\/strong> tiene su propia marca.<\/p>\n<p>Y luego est\u00e1 el caso <strong>paradigm\u00e1tico de Eddy Merckx<\/strong>, que creo su propia marca de bicicletas y las distribuye con su nombre por todo el mundo. <strong>Chechu Rubiera<\/strong> tambi\u00e9n trabaja para MMR, <strong>Baden Cooke<\/strong> ha creado de la nada la marca Factor, que ahora lleva el AG2R de Bardet, y <strong>Mario Cipollini<\/strong>, adem\u00e1s de ser una estrella del famoseo en Italia tiene sus bicicletas y equipo profesional femenino.<\/p>\n<p>Las organizaciones de las carrera tambi\u00e9n se nutren de ciclistas profesionales. <strong>Fernando Escart\u00edn<\/strong> es uno de los dos directores t\u00e9cnicos de La Vuelta, pero dentro como conductores oficiales en carrera puedes ver a <strong>Roberto Laiseka o Lale Cubino<\/strong>. En el Tour durante muchos a\u00f1os <strong>Bernard Hinault<\/strong> fue uno de los asesores e imagen en el podio y en este 2018 <strong>Pedro Horrillo<\/strong> llevaba a invitados VIP en su coche. <strong>Bahamontes<\/strong> organiz\u00f3 durante a\u00f1os La Vuelta a Toledo y <strong>Fignon<\/strong> tambi\u00e9n quiso entrar en el mercado y comprar la Par\u00eds Niza al Tour.<\/p>\n<p><img loading=\"lazy\" decoding=\"async\" class=\"alignnone size-extra-large\" src=\"http:\/\/noticiclismo.com\/wp-content\/uploads\/2018\/06\/Bernard-Hinault-1.jpg\" width=\"640\" height=\"414\" \/><\/p>\n<p><strong>\u00c1ngel Edo<\/strong>, el que fuera sprinter del Kelme, tambi\u00e9n sigue relacionado con el mundo del ciclismo profesional, pero en la faceta de representante. Su empresa Kec Pro Sport da cobertura legal a varios ciclistas y tambi\u00e9n gestiona su relaci\u00f3n con los medios de comunicaci\u00f3n. A los mismo se dedica <strong>Tony Rominger<\/strong>.<\/p>\n<p>Y si de algo saben los ciclistas debido a su vida profesional es viajar. El escalador irlandes <strong>Stephen Roche<\/strong> tiene su propia agencia de viajes ciclistas, como el italiano <strong>Andrea Tonti con Bike Division<\/strong>. Con Max Huerzeler colabora el velocista alem\u00e1n Marcel Wust. Tambi\u00e9n regentan alg\u00fan establecimiento tur\u00edstico <strong>Mauricio Ardila, Andrea Tafi o Pavel Tonkov<\/strong>.<\/p>\n","protected":false},"excerpt":{"rendered":"<p>Jubilados con menos de 40 a\u00f1os. La vida del ciclista profesional es corta, aunque en los \u00faltimos tiempos se va [&hellip;]<\/p>\n","protected":false},"author":29,"featured_media":3273,"comment_status":"open","ping_status":"open","sticky":false,"template":"","format":"standard","meta":{"footnotes":""},"categories":[7],"tags":[601,599,603,602,600],"global-categories":[],"class_list":["post-3270","post","type-post","status-publish","format-standard","has-post-thumbnail","hentry","category-carretera","tag-bahamontes","tag-ex-ciclistas","tag-indurain","tag-perico","tag-que-fue-del-ciclista"],"yoast_head":"<!-- This site is optimized with the Yoast SEO Premium plugin v25.3 (Yoast SEO v25.9) - https:\/\/yoast.com\/wordpress\/plugins\/seo\/ -->\n<title>\u00bfQu\u00e9 hacen los ciclistas profesionales cuando se retiran? - \u0160koda We Love Cycling - Spain<\/title>\n<meta name=\"description\" content=\"Jubilados con menos de 40 a\u00f1os. La vida del ciclista profesional es corta, aunque en los \u00faltimos tiempos se va alargando algunos a\u00f1os m\u00e1s.\" \/>\n<meta name=\"robots\" content=\"index, follow, max-snippet:-1, max-image-preview:large, max-video-preview:-1\" \/>\n<link rel=\"canonical\" href=\"https:\/\/www.welovecycling.com\/es\/2018\/08\/15\/que-hacen-los-ciclistas-profesionales-cuando-se-retiran\/\" \/>\n<meta property=\"og:locale\" content=\"es_ES\" \/>\n<meta property=\"og:type\" content=\"article\" \/>\n<meta property=\"og:title\" content=\"\u00bfQu\u00e9 hacen los ciclistas profesionales cuando se retiran?\" \/>\n<meta property=\"og:description\" content=\"Jubilados con menos de 40 a\u00f1os. La vida del ciclista profesional es corta, aunque en los \u00faltimos tiempos se va alargando algunos a\u00f1os m\u00e1s.\" \/>\n<meta property=\"og:url\" content=\"https:\/\/www.welovecycling.com\/es\/2018\/08\/15\/que-hacen-los-ciclistas-profesionales-cuando-se-retiran\/\" \/>\n<meta property=\"og:site_name\" content=\"\u0160koda We Love Cycling - Spain\" \/>\n<meta property=\"article:published_time\" content=\"2018-08-15T13:37:05+00:00\" \/>\n<meta property=\"og:image\" content=\"https:\/\/d2p6e6u75xmxt8.cloudfront.net\/6\/2018\/08\/bahamontes.jpg\" \/>\n\t<meta property=\"og:image:width\" content=\"1183\" \/>\n\t<meta property=\"og:image:height\" content=\"791\" \/>\n\t<meta property=\"og:image:type\" content=\"image\/jpeg\" \/>\n<meta name=\"author\" content=\"We Love Cycling Spain\" \/>\n<meta name=\"twitter:card\" content=\"summary_large_image\" \/>\n<meta name=\"twitter:label1\" content=\"Written by\" \/>\n\t<meta name=\"twitter:data1\" content=\"Luis Ortega @ciclored\" \/>\n\t<meta name=\"twitter:label2\" content=\"Est. reading time\" \/>\n\t<meta name=\"twitter:data2\" content=\"4 minutes\" \/>\n<script type=\"application\/ld+json\" class=\"yoast-schema-graph\">{\"@context\":\"https:\/\/schema.org\",\"@graph\":[{\"@type\":\"WebPage\",\"@id\":\"https:\/\/www.welovecycling.com\/es\/2018\/08\/15\/que-hacen-los-ciclistas-profesionales-cuando-se-retiran\/\",\"url\":\"https:\/\/www.welovecycling.com\/es\/2018\/08\/15\/que-hacen-los-ciclistas-profesionales-cuando-se-retiran\/\",\"name\":\"\u00bfQu\u00e9 hacen los ciclistas profesionales cuando se retiran? - \u0160koda We Love Cycling - Spain\",\"isPartOf\":{\"@id\":\"https:\/\/www.welovecycling.com\/es\/#website\"},\"primaryImageOfPage\":{\"@id\":\"https:\/\/www.welovecycling.com\/es\/2018\/08\/15\/que-hacen-los-ciclistas-profesionales-cuando-se-retiran\/#primaryimage\"},\"image\":{\"@id\":\"https:\/\/www.welovecycling.com\/es\/2018\/08\/15\/que-hacen-los-ciclistas-profesionales-cuando-se-retiran\/#primaryimage\"},\"thumbnailUrl\":\"https:\/\/d2p6e6u75xmxt8.cloudfront.net\/6\/2018\/08\/bahamontes.jpg\",\"datePublished\":\"2018-08-15T13:37:05+00:00\",\"author\":{\"@id\":\"https:\/\/www.welovecycling.com\/es\/#\/schema\/person\/deb61715b5812698ee79fb96f343ccd4\"},\"description\":\"Jubilados con menos de 40 a\u00f1os. La vida del ciclista profesional es corta, aunque en los \u00faltimos tiempos se va alargando algunos a\u00f1os m\u00e1s.\",\"breadcrumb\":{\"@id\":\"https:\/\/www.welovecycling.com\/es\/2018\/08\/15\/que-hacen-los-ciclistas-profesionales-cuando-se-retiran\/#breadcrumb\"},\"inLanguage\":\"es-ES\",\"potentialAction\":[{\"@type\":\"ReadAction\",\"target\":[\"https:\/\/www.welovecycling.com\/es\/2018\/08\/15\/que-hacen-los-ciclistas-profesionales-cuando-se-retiran\/\"]}]},{\"@type\":\"ImageObject\",\"inLanguage\":\"es-ES\",\"@id\":\"https:\/\/www.welovecycling.com\/es\/2018\/08\/15\/que-hacen-los-ciclistas-profesionales-cuando-se-retiran\/#primaryimage\",\"url\":\"https:\/\/d2p6e6u75xmxt8.cloudfront.net\/6\/2018\/08\/bahamontes.jpg\",\"contentUrl\":\"https:\/\/d2p6e6u75xmxt8.cloudfront.net\/6\/2018\/08\/bahamontes.jpg\",\"width\":1183,\"height\":791,\"caption\":\"SESE\u00d1A(TOLEDO) 09 05 2006 FEDERICO MARTIN BAHAMONTES\/ FOTO JON BARANDICA\"},{\"@type\":\"BreadcrumbList\",\"@id\":\"https:\/\/www.welovecycling.com\/es\/2018\/08\/15\/que-hacen-los-ciclistas-profesionales-cuando-se-retiran\/#breadcrumb\",\"itemListElement\":[{\"@type\":\"ListItem\",\"position\":1,\"name\":\"Home\",\"item\":\"https:\/\/www.welovecycling.com\/es\/\"},{\"@type\":\"ListItem\",\"position\":2,\"name\":\"\u00bfQu\u00e9 hacen los ciclistas profesionales cuando se retiran?\"}]},{\"@type\":\"WebSite\",\"@id\":\"https:\/\/www.welovecycling.com\/es\/#website\",\"url\":\"https:\/\/www.welovecycling.com\/es\/\",\"name\":\"\u0160koda We Love Cycling - Spain\",\"description\":\"\u0160koda WeLoveCycling Spain\",\"potentialAction\":[{\"@type\":\"SearchAction\",\"target\":{\"@type\":\"EntryPoint\",\"urlTemplate\":\"https:\/\/www.welovecycling.com\/es\/?s={search_term_string}\"},\"query-input\":{\"@type\":\"PropertyValueSpecification\",\"valueRequired\":true,\"valueName\":\"search_term_string\"}}],\"inLanguage\":\"es-ES\"},{\"@type\":\"Person\",\"@id\":\"https:\/\/www.welovecycling.com\/es\/#\/schema\/person\/deb61715b5812698ee79fb96f343ccd4\",\"name\":\"We Love Cycling Spain\",\"image\":{\"@type\":\"ImageObject\",\"inLanguage\":\"es-ES\",\"@id\":\"https:\/\/www.welovecycling.com\/es\/#\/schema\/person\/image\/\",\"url\":\"https:\/\/secure.gravatar.com\/avatar\/c824b04e6df0e37a03219d0b6481672889df542894588964102459e46513159c?s=96&d=mm&r=g\",\"contentUrl\":\"https:\/\/secure.gravatar.com\/avatar\/c824b04e6df0e37a03219d0b6481672889df542894588964102459e46513159c?s=96&d=mm&r=g\",\"caption\":\"We Love Cycling Spain\"},\"url\":\"https:\/\/www.welovecycling.com\/es\/author\/amunoz\/\"}]}<\/script>\n<!-- \/ Yoast SEO Premium plugin. -->","yoast_head_json":{"title":"\u00bfQu\u00e9 hacen los ciclistas profesionales cuando se retiran? - \u0160koda We Love Cycling - Spain","description":"Jubilados con menos de 40 a\u00f1os. La vida del ciclista profesional es corta, aunque en los \u00faltimos tiempos se va alargando algunos a\u00f1os m\u00e1s.","robots":{"index":"index","follow":"follow","max-snippet":"max-snippet:-1","max-image-preview":"max-image-preview:large","max-video-preview":"max-video-preview:-1"},"canonical":"https:\/\/www.welovecycling.com\/es\/2018\/08\/15\/que-hacen-los-ciclistas-profesionales-cuando-se-retiran\/","og_locale":"es_ES","og_type":"article","og_title":"\u00bfQu\u00e9 hacen los ciclistas profesionales cuando se retiran?","og_description":"Jubilados con menos de 40 a\u00f1os. La vida del ciclista profesional es corta, aunque en los \u00faltimos tiempos se va alargando algunos a\u00f1os m\u00e1s.","og_url":"https:\/\/www.welovecycling.com\/es\/2018\/08\/15\/que-hacen-los-ciclistas-profesionales-cuando-se-retiran\/","og_site_name":"\u0160koda We Love Cycling - Spain","article_published_time":"2018-08-15T13:37:05+00:00","og_image":[{"width":1183,"height":791,"url":"https:\/\/d2p6e6u75xmxt8.cloudfront.net\/6\/2018\/08\/bahamontes.jpg","type":"image\/jpeg"}],"author":"We Love Cycling Spain","twitter_card":"summary_large_image","twitter_misc":{"Written by":"Luis Ortega @ciclored","Est. reading time":"4 minutes"},"schema":{"@context":"https:\/\/schema.org","@graph":[{"@type":"WebPage","@id":"https:\/\/www.welovecycling.com\/es\/2018\/08\/15\/que-hacen-los-ciclistas-profesionales-cuando-se-retiran\/","url":"https:\/\/www.welovecycling.com\/es\/2018\/08\/15\/que-hacen-los-ciclistas-profesionales-cuando-se-retiran\/","name":"\u00bfQu\u00e9 hacen los ciclistas profesionales cuando se retiran? - \u0160koda We Love Cycling - Spain","isPartOf":{"@id":"https:\/\/www.welovecycling.com\/es\/#website"},"primaryImageOfPage":{"@id":"https:\/\/www.welovecycling.com\/es\/2018\/08\/15\/que-hacen-los-ciclistas-profesionales-cuando-se-retiran\/#primaryimage"},"image":{"@id":"https:\/\/www.welovecycling.com\/es\/2018\/08\/15\/que-hacen-los-ciclistas-profesionales-cuando-se-retiran\/#primaryimage"},"thumbnailUrl":"https:\/\/d2p6e6u75xmxt8.cloudfront.net\/6\/2018\/08\/bahamontes.jpg","datePublished":"2018-08-15T13:37:05+00:00","author":{"@id":"https:\/\/www.welovecycling.com\/es\/#\/schema\/person\/deb61715b5812698ee79fb96f343ccd4"},"description":"Jubilados con menos de 40 a\u00f1os. La vida del ciclista profesional es corta, aunque en los \u00faltimos tiempos se va alargando algunos a\u00f1os m\u00e1s.","breadcrumb":{"@id":"https:\/\/www.welovecycling.com\/es\/2018\/08\/15\/que-hacen-los-ciclistas-profesionales-cuando-se-retiran\/#breadcrumb"},"inLanguage":"es-ES","potentialAction":[{"@type":"ReadAction","target":["https:\/\/www.welovecycling.com\/es\/2018\/08\/15\/que-hacen-los-ciclistas-profesionales-cuando-se-retiran\/"]}]},{"@type":"ImageObject","inLanguage":"es-ES","@id":"https:\/\/www.welovecycling.com\/es\/2018\/08\/15\/que-hacen-los-ciclistas-profesionales-cuando-se-retiran\/#primaryimage","url":"https:\/\/d2p6e6u75xmxt8.cloudfront.net\/6\/2018\/08\/bahamontes.jpg","contentUrl":"https:\/\/d2p6e6u75xmxt8.cloudfront.net\/6\/2018\/08\/bahamontes.jpg","width":1183,"height":791,"caption":"SESE\u00d1A(TOLEDO) 09 05 2006 FEDERICO MARTIN BAHAMONTES\/ FOTO JON BARANDICA"},{"@type":"BreadcrumbList","@id":"https:\/\/www.welovecycling.com\/es\/2018\/08\/15\/que-hacen-los-ciclistas-profesionales-cuando-se-retiran\/#breadcrumb","itemListElement":[{"@type":"ListItem","position":1,"name":"Home","item":"https:\/\/www.welovecycling.com\/es\/"},{"@type":"ListItem","position":2,"name":"\u00bfQu\u00e9 hacen los ciclistas profesionales cuando se retiran?"}]},{"@type":"WebSite","@id":"https:\/\/www.welovecycling.com\/es\/#website","url":"https:\/\/www.welovecycling.com\/es\/","name":"\u0160koda We Love Cycling - Spain","description":"\u0160koda WeLoveCycling Spain","potentialAction":[{"@type":"SearchAction","target":{"@type":"EntryPoint","urlTemplate":"https:\/\/www.welovecycling.com\/es\/?s={search_term_string}"},"query-input":{"@type":"PropertyValueSpecification","valueRequired":true,"valueName":"search_term_string"}}],"inLanguage":"es-ES"},{"@type":"Person","@id":"https:\/\/www.welovecycling.com\/es\/#\/schema\/person\/deb61715b5812698ee79fb96f343ccd4","name":"We Love Cycling Spain","image":{"@type":"ImageObject","inLanguage":"es-ES","@id":"https:\/\/www.welovecycling.com\/es\/#\/schema\/person\/image\/","url":"https:\/\/secure.gravatar.com\/avatar\/c824b04e6df0e37a03219d0b6481672889df542894588964102459e46513159c?s=96&d=mm&r=g","contentUrl":"https:\/\/secure.gravatar.com\/avatar\/c824b04e6df0e37a03219d0b6481672889df542894588964102459e46513159c?s=96&d=mm&r=g","caption":"We Love Cycling Spain"},"url":"https:\/\/www.welovecycling.com\/es\/author\/amunoz\/"}]}},"_links":{"self":[{"href":"https:\/\/www.welovecycling.com\/es\/wp-json\/wp\/v2\/posts\/3270","targetHints":{"allow":["GET"]}}],"collection":[{"href":"https:\/\/www.welovecycling.com\/es\/wp-json\/wp\/v2\/posts"}],"about":[{"href":"https:\/\/www.welovecycling.com\/es\/wp-json\/wp\/v2\/types\/post"}],"author":[{"embeddable":true,"href":"https:\/\/www.welovecycling.com\/es\/wp-json\/wp\/v2\/users\/29"}],"replies":[{"embeddable":true,"href":"https:\/\/www.welovecycling.com\/es\/wp-json\/wp\/v2\/comments?post=3270"}],"version-history":[{"count":2,"href":"https:\/\/www.welovecycling.com\/es\/wp-json\/wp\/v2\/posts\/3270\/revisions"}],"predecessor-version":[{"id":3274,"href":"https:\/\/www.welovecycling.com\/es\/wp-json\/wp\/v2\/posts\/3270\/revisions\/3274"}],"wp:featuredmedia":[{"embeddable":true,"href":"https:\/\/www.welovecycling.com\/es\/wp-json\/wp\/v2\/media\/3273"}],"wp:attachment":[{"href":"https:\/\/www.welovecycling.com\/es\/wp-json\/wp\/v2\/media?parent=3270"}],"wp:term":[{"taxonomy":"category","embeddable":true,"href":"https:\/\/www.welovecycling.com\/es\/wp-json\/wp\/v2\/categories?post=3270"},{"taxonomy":"post_tag","embeddable":true,"href":"https:\/\/www.welovecycling.com\/es\/wp-json\/wp\/v2\/tags?post=3270"},{"taxonomy":"global-categories","embeddable":true,"href":"https:\/\/www.welovecycling.com\/es\/wp-json\/wp\/v2\/global-categories?post=3270"}],"curies":[{"name":"wp","href":"https:\/\/api.w.org\/{rel}","templated":true}]}}