{"id":3264,"date":"2018-08-15T13:51:43","date_gmt":"2018-08-15T11:51:43","guid":{"rendered":"https:\/\/www.welovecycling.com\/es\/?p=3264"},"modified":"2018-08-15T13:51:43","modified_gmt":"2018-08-15T11:51:43","slug":"ola-de-calor-y-ciclismo","status":"publish","type":"post","link":"https:\/\/www.welovecycling.com\/es\/2018\/08\/15\/ola-de-calor-y-ciclismo\/","title":{"rendered":"Ola de calor y ciclismo"},"content":{"rendered":"<p><strong>El verano est\u00e1 en su segunda mitad, pero el calor no disminuir\u00e1 en la mayor\u00eda de los pa\u00edses europeos en un futuro pr\u00f3ximo. Por lo que nunca es tarde para repetir las reglas b\u00e1sicas que hay que cumplir cuando se quiere sobrevivir en bicicleta en una ola de calor.<br \/>\n<\/strong><!--more--><\/p>\n<h2><strong>Mantente hidratado<\/strong><\/h2>\n<p>Con este tiempo, simplemente sudamos cada vez m\u00e1s, lo que no es ninguna sorpresa. Esto nos lleva a una situaci\u00f3n en la que perdemos m\u00e1s l\u00edquidos y es m\u00e1s dif\u00edcil estimar cual es el grado de deshidrataci\u00f3n que tenemos. Lo peor que podemos hacer es empezar a beber en el momento en que tenemos sed, ya que esto significa que ya es demasiado tarde para mantener el nivel de hidrataci\u00f3n bajo control. Es muy recomendable tomar unos sorbos desde el primer minuto en la bicicleta. Agregar electrolitos a su bebida le ayudar\u00e1 a reemplazar aquellos que perdi\u00f3 a trav\u00e9s del sudor, lo cual evitar\u00e1 que sus m\u00fasculos se acalambren. Usted puede mantener su bebida fr\u00eda por m\u00e1s tiempo poniendo cubitos de hielo en la botella.<\/p>\n<p><a href=\"https:\/\/d2p6e6u75xmxt8.cloudfront.net\/6\/2018\/07\/profimedia-0368020310-1.jpg\"><img loading=\"lazy\" decoding=\"async\" class=\"alignnone size-full wp-image-3015\" src=\"https:\/\/d2p6e6u75xmxt8.cloudfront.net\/6\/2018\/07\/profimedia-0368020310-1.jpg\" alt=\"\" width=\"1366\" height=\"600\" srcset=\"https:\/\/d2p6e6u75xmxt8.cloudfront.net\/6\/2018\/07\/profimedia-0368020310-1.jpg 1366w, https:\/\/d2p6e6u75xmxt8.cloudfront.net\/6\/2018\/07\/profimedia-0368020310-1-300x132.jpg 300w, https:\/\/d2p6e6u75xmxt8.cloudfront.net\/6\/2018\/07\/profimedia-0368020310-1-768x337.jpg 768w, https:\/\/d2p6e6u75xmxt8.cloudfront.net\/6\/2018\/07\/profimedia-0368020310-1-1024x450.jpg 1024w\" sizes=\"auto, (max-width: 1366px) 100vw, 1366px\" \/><\/a><\/p>\n<h2><strong>Recorta las etapas<\/strong><\/h2>\n<p>No importa cu\u00e1n entusiasmado est\u00e9s, la ola de calor te deshidrata m\u00e1s r\u00e1pido de lo que crees. Tenga en cuenta que un golpe de calor accidental podr\u00eda mantenerlo alejado de la bicicleta durante algunos d\u00edas, as\u00ed que si desea pedalear tanto como sea posible, considere acortar la distancia total de sus etapas para mantenerse en forma.<\/p>\n<h2><strong>Gafas de sol<\/strong><\/h2>\n<p>Todo el mundo lo hace como un escudo contra los insectos, sin embargo, el filtro UV 100% evitar\u00e1 que los rayos peligrosos del sol que puedan da\u00f1ar sus ojos, que incluso peor que la mayor\u00eda de los insectos molestos.<\/p>\n<p><a href=\"https:\/\/d2p6e6u75xmxt8.cloudfront.net\/6\/2018\/08\/profimedia-0378915010-1.jpg\"><img loading=\"lazy\" decoding=\"async\" class=\"alignnone size-full wp-image-3265\" src=\"https:\/\/d2p6e6u75xmxt8.cloudfront.net\/6\/2018\/08\/profimedia-0378915010-1.jpg\" alt=\"\" width=\"1366\" height=\"600\" srcset=\"https:\/\/d2p6e6u75xmxt8.cloudfront.net\/6\/2018\/08\/profimedia-0378915010-1.jpg 1366w, https:\/\/d2p6e6u75xmxt8.cloudfront.net\/6\/2018\/08\/profimedia-0378915010-1-300x132.jpg 300w, https:\/\/d2p6e6u75xmxt8.cloudfront.net\/6\/2018\/08\/profimedia-0378915010-1-768x337.jpg 768w, https:\/\/d2p6e6u75xmxt8.cloudfront.net\/6\/2018\/08\/profimedia-0378915010-1-1024x450.jpg 1024w\" sizes=\"auto, (max-width: 1366px) 100vw, 1366px\" \/><\/a><\/p>\n<h2><strong>No olvide la crema solar<\/strong><\/h2>\n<p>Mostrar los cortes de morenos a los colegas en la oficina es parte del orgullo de cualquier ciclista, sin embargo, cada juego tiene sus l\u00edmites. Hay un riesgo de c\u00e1ncer de piel y quemarse con el sol porque la piel absorbe demasiados rayos ultravioleta,<\/p>\n<h2><strong>Madruga<\/strong><\/h2>\n<p>Este es un consejo que la mayor\u00eda de nosotros simplemente nos reiremos, pero en lo que respecta a todas las reglas b\u00e1sicas, \u00e9sta es la que tiene m\u00e1s sentido. Empezando a las 7.30 de la ma\u00f1ana, incluso en agosto, significa que entrar\u00e1s en tu viaje con el amanecer, lo que te permitir\u00e1 completar tu porci\u00f3n de 100k antes de que el agotador calor llegue a tu vecindario.<\/p>\n<p><a href=\"https:\/\/d2p6e6u75xmxt8.cloudfront.net\/6\/2018\/08\/profimedia-0380258540-1.jpg\"><img loading=\"lazy\" decoding=\"async\" class=\"alignnone size-full wp-image-3266\" src=\"https:\/\/d2p6e6u75xmxt8.cloudfront.net\/6\/2018\/08\/profimedia-0380258540-1.jpg\" alt=\"\" width=\"1366\" height=\"600\" srcset=\"https:\/\/d2p6e6u75xmxt8.cloudfront.net\/6\/2018\/08\/profimedia-0380258540-1.jpg 1366w, https:\/\/d2p6e6u75xmxt8.cloudfront.net\/6\/2018\/08\/profimedia-0380258540-1-300x132.jpg 300w, https:\/\/d2p6e6u75xmxt8.cloudfront.net\/6\/2018\/08\/profimedia-0380258540-1-768x337.jpg 768w, https:\/\/d2p6e6u75xmxt8.cloudfront.net\/6\/2018\/08\/profimedia-0380258540-1-1024x450.jpg 1024w\" sizes=\"auto, (max-width: 1366px) 100vw, 1366px\" \/><\/a><\/p>\n<h2><strong>Bebe hasta despu\u00e9s de acabar<\/strong><\/h2>\n<p>Es dif\u00edcil resistir una llamada para una cerveza fr\u00eda despu\u00e9s de una etapa. Aunque uno o dos todav\u00eda podr\u00edan estar bien, m\u00e1s empeorar\u00edan la deshidrataci\u00f3n corporal. En lugar de bebidas alcoh\u00f3licas, beba zumos de frutas o limonadas, cuantos m\u00e1s, mejor.<\/p>\n","protected":false},"excerpt":{"rendered":"<p>El verano est\u00e1 en su segunda mitad, pero el calor no disminuir\u00e1 en la mayor\u00eda de los pa\u00edses europeos en [&hellip;]<\/p>\n","protected":false},"author":29,"featured_media":3268,"comment_status":"open","ping_status":"open","sticky":false,"template":"","format":"standard","meta":{"footnotes":""},"categories":[7,9],"tags":[598,17,597],"global-categories":[],"class_list":["post-3264","post","type-post","status-publish","format-standard","has-post-thumbnail","hentry","category-carretera","category-mtb-aventura","tag-calor","tag-ciclismo","tag-ola-de-calor-y-ciclismo"],"yoast_head":"<!-- This site is optimized with the Yoast SEO Premium plugin v25.3 (Yoast SEO v25.9) - https:\/\/yoast.com\/wordpress\/plugins\/seo\/ -->\n<title>Ola de calor y ciclismo - \u0160koda We Love Cycling - Spain<\/title>\n<meta name=\"description\" content=\"Como sobrevivir a la ola de calor. Todav\u00eda quedan semanas de calor intenso y aqu\u00ed te pasamos una lista de consejos para que no sufras con el calor.\" \/>\n<meta name=\"robots\" content=\"index, follow, max-snippet:-1, max-image-preview:large, max-video-preview:-1\" \/>\n<link rel=\"canonical\" href=\"https:\/\/www.welovecycling.com\/es\/2018\/08\/15\/ola-de-calor-y-ciclismo\/\" \/>\n<meta property=\"og:locale\" content=\"es_ES\" \/>\n<meta property=\"og:type\" content=\"article\" \/>\n<meta property=\"og:title\" content=\"Ola de calor y ciclismo\" \/>\n<meta property=\"og:description\" content=\"Como sobrevivir a la ola de calor. Todav\u00eda quedan semanas de calor intenso y aqu\u00ed te pasamos una lista de consejos para que no sufras con el calor.\" \/>\n<meta property=\"og:url\" content=\"https:\/\/www.welovecycling.com\/es\/2018\/08\/15\/ola-de-calor-y-ciclismo\/\" \/>\n<meta property=\"og:site_name\" content=\"\u0160koda We Love Cycling - Spain\" \/>\n<meta property=\"article:published_time\" content=\"2018-08-15T11:51:43+00:00\" \/>\n<meta property=\"og:image\" content=\"https:\/\/d2p6e6u75xmxt8.cloudfront.net\/6\/2018\/08\/profimedia-0380012138-1.jpg\" \/>\n\t<meta property=\"og:image:width\" content=\"1366\" \/>\n\t<meta property=\"og:image:height\" content=\"600\" \/>\n\t<meta property=\"og:image:type\" content=\"image\/jpeg\" \/>\n<meta name=\"author\" content=\"We Love Cycling Spain\" \/>\n<meta name=\"twitter:card\" content=\"summary_large_image\" \/>\n<meta name=\"twitter:label1\" content=\"Written by\" \/>\n\t<meta name=\"twitter:data1\" content=\"Adam Marsal\" \/>\n\t<meta name=\"twitter:label2\" content=\"Est. reading time\" \/>\n\t<meta name=\"twitter:data2\" content=\"5\" \/>\n<script type=\"application\/ld+json\" class=\"yoast-schema-graph\">{\"@context\":\"https:\/\/schema.org\",\"@graph\":[{\"@type\":\"WebPage\",\"@id\":\"https:\/\/www.welovecycling.com\/es\/2018\/08\/15\/ola-de-calor-y-ciclismo\/\",\"url\":\"https:\/\/www.welovecycling.com\/es\/2018\/08\/15\/ola-de-calor-y-ciclismo\/\",\"name\":\"Ola de calor y ciclismo - \u0160koda We Love Cycling - Spain\",\"isPartOf\":{\"@id\":\"https:\/\/www.welovecycling.com\/es\/#website\"},\"primaryImageOfPage\":{\"@id\":\"https:\/\/www.welovecycling.com\/es\/2018\/08\/15\/ola-de-calor-y-ciclismo\/#primaryimage\"},\"image\":{\"@id\":\"https:\/\/www.welovecycling.com\/es\/2018\/08\/15\/ola-de-calor-y-ciclismo\/#primaryimage\"},\"thumbnailUrl\":\"https:\/\/d2p6e6u75xmxt8.cloudfront.net\/6\/2018\/08\/profimedia-0380012138-1.jpg\",\"datePublished\":\"2018-08-15T11:51:43+00:00\",\"author\":{\"@id\":\"https:\/\/www.welovecycling.com\/es\/#\/schema\/person\/deb61715b5812698ee79fb96f343ccd4\"},\"description\":\"Como sobrevivir a la ola de calor. Todav\u00eda quedan semanas de calor intenso y aqu\u00ed te pasamos una lista de consejos para que no sufras con el calor.\",\"breadcrumb\":{\"@id\":\"https:\/\/www.welovecycling.com\/es\/2018\/08\/15\/ola-de-calor-y-ciclismo\/#breadcrumb\"},\"inLanguage\":\"es-ES\",\"potentialAction\":[{\"@type\":\"ReadAction\",\"target\":[\"https:\/\/www.welovecycling.com\/es\/2018\/08\/15\/ola-de-calor-y-ciclismo\/\"]}]},{\"@type\":\"ImageObject\",\"inLanguage\":\"es-ES\",\"@id\":\"https:\/\/www.welovecycling.com\/es\/2018\/08\/15\/ola-de-calor-y-ciclismo\/#primaryimage\",\"url\":\"https:\/\/d2p6e6u75xmxt8.cloudfront.net\/6\/2018\/08\/profimedia-0380012138-1.jpg\",\"contentUrl\":\"https:\/\/d2p6e6u75xmxt8.cloudfront.net\/6\/2018\/08\/profimedia-0380012138-1.jpg\",\"width\":1366,\"height\":600},{\"@type\":\"BreadcrumbList\",\"@id\":\"https:\/\/www.welovecycling.com\/es\/2018\/08\/15\/ola-de-calor-y-ciclismo\/#breadcrumb\",\"itemListElement\":[{\"@type\":\"ListItem\",\"position\":1,\"name\":\"Home\",\"item\":\"https:\/\/www.welovecycling.com\/es\/\"},{\"@type\":\"ListItem\",\"position\":2,\"name\":\"Ola de calor y ciclismo\"}]},{\"@type\":\"WebSite\",\"@id\":\"https:\/\/www.welovecycling.com\/es\/#website\",\"url\":\"https:\/\/www.welovecycling.com\/es\/\",\"name\":\"\u0160koda We Love Cycling - Spain\",\"description\":\"\u0160koda WeLoveCycling Spain\",\"potentialAction\":[{\"@type\":\"SearchAction\",\"target\":{\"@type\":\"EntryPoint\",\"urlTemplate\":\"https:\/\/www.welovecycling.com\/es\/?s={search_term_string}\"},\"query-input\":{\"@type\":\"PropertyValueSpecification\",\"valueRequired\":true,\"valueName\":\"search_term_string\"}}],\"inLanguage\":\"es-ES\"},{\"@type\":\"Person\",\"@id\":\"https:\/\/www.welovecycling.com\/es\/#\/schema\/person\/deb61715b5812698ee79fb96f343ccd4\",\"name\":\"We Love Cycling Spain\",\"image\":{\"@type\":\"ImageObject\",\"inLanguage\":\"es-ES\",\"@id\":\"https:\/\/www.welovecycling.com\/es\/#\/schema\/person\/image\/\",\"url\":\"https:\/\/secure.gravatar.com\/avatar\/c824b04e6df0e37a03219d0b6481672889df542894588964102459e46513159c?s=96&d=mm&r=g\",\"contentUrl\":\"https:\/\/secure.gravatar.com\/avatar\/c824b04e6df0e37a03219d0b6481672889df542894588964102459e46513159c?s=96&d=mm&r=g\",\"caption\":\"We Love Cycling Spain\"},\"url\":\"https:\/\/www.welovecycling.com\/es\/author\/amunoz\/\"}]}<\/script>\n<!-- \/ Yoast SEO Premium plugin. -->","yoast_head_json":{"title":"Ola de calor y ciclismo - \u0160koda We Love Cycling - Spain","description":"Como sobrevivir a la ola de calor. Todav\u00eda quedan semanas de calor intenso y aqu\u00ed te pasamos una lista de consejos para que no sufras con el calor.","robots":{"index":"index","follow":"follow","max-snippet":"max-snippet:-1","max-image-preview":"max-image-preview:large","max-video-preview":"max-video-preview:-1"},"canonical":"https:\/\/www.welovecycling.com\/es\/2018\/08\/15\/ola-de-calor-y-ciclismo\/","og_locale":"es_ES","og_type":"article","og_title":"Ola de calor y ciclismo","og_description":"Como sobrevivir a la ola de calor. Todav\u00eda quedan semanas de calor intenso y aqu\u00ed te pasamos una lista de consejos para que no sufras con el calor.","og_url":"https:\/\/www.welovecycling.com\/es\/2018\/08\/15\/ola-de-calor-y-ciclismo\/","og_site_name":"\u0160koda We Love Cycling - Spain","article_published_time":"2018-08-15T11:51:43+00:00","og_image":[{"width":1366,"height":600,"url":"https:\/\/d2p6e6u75xmxt8.cloudfront.net\/6\/2018\/08\/profimedia-0380012138-1.jpg","type":"image\/jpeg"}],"author":"We Love Cycling Spain","twitter_card":"summary_large_image","twitter_misc":{"Written by":"Adam Marsal","Est. reading time":"5"},"schema":{"@context":"https:\/\/schema.org","@graph":[{"@type":"WebPage","@id":"https:\/\/www.welovecycling.com\/es\/2018\/08\/15\/ola-de-calor-y-ciclismo\/","url":"https:\/\/www.welovecycling.com\/es\/2018\/08\/15\/ola-de-calor-y-ciclismo\/","name":"Ola de calor y ciclismo - \u0160koda We Love Cycling - Spain","isPartOf":{"@id":"https:\/\/www.welovecycling.com\/es\/#website"},"primaryImageOfPage":{"@id":"https:\/\/www.welovecycling.com\/es\/2018\/08\/15\/ola-de-calor-y-ciclismo\/#primaryimage"},"image":{"@id":"https:\/\/www.welovecycling.com\/es\/2018\/08\/15\/ola-de-calor-y-ciclismo\/#primaryimage"},"thumbnailUrl":"https:\/\/d2p6e6u75xmxt8.cloudfront.net\/6\/2018\/08\/profimedia-0380012138-1.jpg","datePublished":"2018-08-15T11:51:43+00:00","author":{"@id":"https:\/\/www.welovecycling.com\/es\/#\/schema\/person\/deb61715b5812698ee79fb96f343ccd4"},"description":"Como sobrevivir a la ola de calor. Todav\u00eda quedan semanas de calor intenso y aqu\u00ed te pasamos una lista de consejos para que no sufras con el calor.","breadcrumb":{"@id":"https:\/\/www.welovecycling.com\/es\/2018\/08\/15\/ola-de-calor-y-ciclismo\/#breadcrumb"},"inLanguage":"es-ES","potentialAction":[{"@type":"ReadAction","target":["https:\/\/www.welovecycling.com\/es\/2018\/08\/15\/ola-de-calor-y-ciclismo\/"]}]},{"@type":"ImageObject","inLanguage":"es-ES","@id":"https:\/\/www.welovecycling.com\/es\/2018\/08\/15\/ola-de-calor-y-ciclismo\/#primaryimage","url":"https:\/\/d2p6e6u75xmxt8.cloudfront.net\/6\/2018\/08\/profimedia-0380012138-1.jpg","contentUrl":"https:\/\/d2p6e6u75xmxt8.cloudfront.net\/6\/2018\/08\/profimedia-0380012138-1.jpg","width":1366,"height":600},{"@type":"BreadcrumbList","@id":"https:\/\/www.welovecycling.com\/es\/2018\/08\/15\/ola-de-calor-y-ciclismo\/#breadcrumb","itemListElement":[{"@type":"ListItem","position":1,"name":"Home","item":"https:\/\/www.welovecycling.com\/es\/"},{"@type":"ListItem","position":2,"name":"Ola de calor y ciclismo"}]},{"@type":"WebSite","@id":"https:\/\/www.welovecycling.com\/es\/#website","url":"https:\/\/www.welovecycling.com\/es\/","name":"\u0160koda We Love Cycling - Spain","description":"\u0160koda WeLoveCycling Spain","potentialAction":[{"@type":"SearchAction","target":{"@type":"EntryPoint","urlTemplate":"https:\/\/www.welovecycling.com\/es\/?s={search_term_string}"},"query-input":{"@type":"PropertyValueSpecification","valueRequired":true,"valueName":"search_term_string"}}],"inLanguage":"es-ES"},{"@type":"Person","@id":"https:\/\/www.welovecycling.com\/es\/#\/schema\/person\/deb61715b5812698ee79fb96f343ccd4","name":"We Love Cycling Spain","image":{"@type":"ImageObject","inLanguage":"es-ES","@id":"https:\/\/www.welovecycling.com\/es\/#\/schema\/person\/image\/","url":"https:\/\/secure.gravatar.com\/avatar\/c824b04e6df0e37a03219d0b6481672889df542894588964102459e46513159c?s=96&d=mm&r=g","contentUrl":"https:\/\/secure.gravatar.com\/avatar\/c824b04e6df0e37a03219d0b6481672889df542894588964102459e46513159c?s=96&d=mm&r=g","caption":"We Love Cycling Spain"},"url":"https:\/\/www.welovecycling.com\/es\/author\/amunoz\/"}]}},"_links":{"self":[{"href":"https:\/\/www.welovecycling.com\/es\/wp-json\/wp\/v2\/posts\/3264","targetHints":{"allow":["GET"]}}],"collection":[{"href":"https:\/\/www.welovecycling.com\/es\/wp-json\/wp\/v2\/posts"}],"about":[{"href":"https:\/\/www.welovecycling.com\/es\/wp-json\/wp\/v2\/types\/post"}],"author":[{"embeddable":true,"href":"https:\/\/www.welovecycling.com\/es\/wp-json\/wp\/v2\/users\/29"}],"replies":[{"embeddable":true,"href":"https:\/\/www.welovecycling.com\/es\/wp-json\/wp\/v2\/comments?post=3264"}],"version-history":[{"count":2,"href":"https:\/\/www.welovecycling.com\/es\/wp-json\/wp\/v2\/posts\/3264\/revisions"}],"predecessor-version":[{"id":3269,"href":"https:\/\/www.welovecycling.com\/es\/wp-json\/wp\/v2\/posts\/3264\/revisions\/3269"}],"wp:featuredmedia":[{"embeddable":true,"href":"https:\/\/www.welovecycling.com\/es\/wp-json\/wp\/v2\/media\/3268"}],"wp:attachment":[{"href":"https:\/\/www.welovecycling.com\/es\/wp-json\/wp\/v2\/media?parent=3264"}],"wp:term":[{"taxonomy":"category","embeddable":true,"href":"https:\/\/www.welovecycling.com\/es\/wp-json\/wp\/v2\/categories?post=3264"},{"taxonomy":"post_tag","embeddable":true,"href":"https:\/\/www.welovecycling.com\/es\/wp-json\/wp\/v2\/tags?post=3264"},{"taxonomy":"global-categories","embeddable":true,"href":"https:\/\/www.welovecycling.com\/es\/wp-json\/wp\/v2\/global-categories?post=3264"}],"curies":[{"name":"wp","href":"https:\/\/api.w.org\/{rel}","templated":true}]}}