{"id":3252,"date":"2018-08-10T09:03:09","date_gmt":"2018-08-10T07:03:09","guid":{"rendered":"https:\/\/www.welovecycling.com\/es\/?p=3252"},"modified":"2018-08-10T09:03:09","modified_gmt":"2018-08-10T07:03:09","slug":"por-que-nos-engancha-el-tour-de-francia","status":"publish","type":"post","link":"https:\/\/www.welovecycling.com\/es\/2018\/08\/10\/por-que-nos-engancha-el-tour-de-francia\/","title":{"rendered":"\u00bfPor qu\u00e9 nos engancha el Tour de Francia?"},"content":{"rendered":"<p><strong>Hay algo que hace que los aficionados al ciclismo (y los que no lo son) pasen el mes de julio pendientes de lo que ocurre en el Tour de Francia. Solo el Mundial de F\u00fatbol o los Juegos Ol\u00edmpicos cada cuatro a\u00f1os pueden distraer algo la atenci\u00f3n, pero en julio el deporte mundial se llama Tour. \u00bfCual es la raz\u00f3n? Pues eso es algo que vamos a tratar de explicar m\u00e1s abajo.<\/strong><!--more--><\/p>\n<p>Est\u00e1 claro que la historia del ciclismo empieza por el Tour de Francia y sigue con todo lo dem\u00e1s. Es tradici\u00f3n pura. Pero en la sociedad actual de ocio, en el que todo debe ser divertido y ameno, la carrera francesa sigue siendo la preferida sobre cualquier otra del calendario y eso que en dosis de emoci\u00f3n ha deca\u00eddo en los \u00faltimos a\u00f1os. Solo un dato, desde <strong><a href=\"https:\/\/es.wikipedia.org\/wiki\/Tour_de_Francia_2011\">2011, en el Tour de Francia<\/a> que gan\u00f3 Cadel Evans a Andy Schleck en la \u00faltima contrarreloj, no ha habido ning\u00fan cambio de l\u00edder en las ocho \u00faltimas jornadas.<\/strong> Es decir, que todo acab\u00f3 como se preve\u00eda a mitad de carrera. Unos a\u00f1os con intentos de cambiar las tornas, y otros incluso sin ellos.<\/p>\n<p>Si miramos a sus dos directas competidoras en vueltas de tres semanas, el <strong>Giro y La Vuelta<\/strong>, ha sucedido todo lo contrario en sus \u00faltimas ediciones. Alternativas, cambios de gui\u00f3n, ataques sorpresa y emoci\u00f3n hasta casi el \u00faltimo d\u00eda, pero a\u00fan as\u00ed, el <strong>Tour sigue siendo el Tour y <a href=\"https:\/\/prnoticias.com\/television\/actualidad-de-la-tv\/20169441-balance-audiencias-tour-francia-2018-tve\">&#8216;revienta&#8217; las medidas de audiencia<\/a> y seguimiento en <a href=\"https:\/\/twitter.com\/LeTour\">redes sociales<\/a><\/strong>.<\/p>\n<p><a href=\"https:\/\/d2p6e6u75xmxt8.cloudfront.net\/6\/2018\/08\/TOUR-2018-37.JPG.jpg\"><img loading=\"lazy\" decoding=\"async\" class=\"aligncenter size-large wp-image-3254\" src=\"https:\/\/d2p6e6u75xmxt8.cloudfront.net\/6\/2018\/08\/TOUR-2018-37.JPG-1024x641.jpg\" alt=\"\" width=\"1024\" height=\"641\" srcset=\"https:\/\/d2p6e6u75xmxt8.cloudfront.net\/6\/2018\/08\/TOUR-2018-37.JPG.jpg 1024w, https:\/\/d2p6e6u75xmxt8.cloudfront.net\/6\/2018\/08\/TOUR-2018-37.JPG-300x188.jpg 300w, https:\/\/d2p6e6u75xmxt8.cloudfront.net\/6\/2018\/08\/TOUR-2018-37.JPG-768x481.jpg 768w\" sizes=\"auto, (max-width: 1024px) 100vw, 1024px\" \/><\/a><\/p>\n<p>Si no vence en emoci\u00f3n, al menos en la \u00faltima d\u00e9cada, cual es la clave. La relevancia y la preponderancia. El Tour de Francia reparte cada a\u00f1o los &#8216;t\u00edtulos mundiales&#8217; del ciclismo. <strong>El que gana la carrera francesa es el mejor ciclista de la temporada<\/strong>, pese a que otros se lleven Vuelta y Giro, o Flandes, Roubaix y Mundial. Da igual. El Tour ha conseguido reunir en sus m\u00e1s de cien a\u00f1os de historia el prestigio que no tienen otras carreras. <strong>Y ese prestigio lo dan los rivales y no tanto el recorrido.\u00a0<\/strong><\/p>\n<p>En ciclismo ganar es muy complicado, pero tambi\u00e9n es m\u00e1s que relevante ante qui\u00e9n lo consigues y qui\u00e9n queda segundo y tercero. <strong>En el Tour, salvo lesi\u00f3n o enfermedad, todos los equipos alinean a sus mejores ciclistas y el que no va es porque no tienen opciones reales de victoria y prefiere reservar fuerzas para Giro y Vuelta<\/strong>. Por eso cada victoria en la carrera francesa, ya sea de etapa, en la general, cualquiera de las clasificaciones secundarias o subir a un podio, tiene un valor doble o triple para directores y aficionados y la <strong>relevancia en medios de comunicaci\u00f3n multiplica a la de otras carreras (que al final es lo que interesa al sponsor).<\/strong><\/p>\n<p><a href=\"https:\/\/d2p6e6u75xmxt8.cloudfront.net\/6\/2018\/08\/TOUR-2018-20.JPG.jpg\"><img loading=\"lazy\" decoding=\"async\" class=\"aligncenter size-large wp-image-3255\" src=\"https:\/\/d2p6e6u75xmxt8.cloudfront.net\/6\/2018\/08\/TOUR-2018-20.JPG-1024x571.jpg\" alt=\"\" width=\"1024\" height=\"571\" srcset=\"https:\/\/d2p6e6u75xmxt8.cloudfront.net\/6\/2018\/08\/TOUR-2018-20.JPG.jpg 1024w, https:\/\/d2p6e6u75xmxt8.cloudfront.net\/6\/2018\/08\/TOUR-2018-20.JPG-300x167.jpg 300w, https:\/\/d2p6e6u75xmxt8.cloudfront.net\/6\/2018\/08\/TOUR-2018-20.JPG-768x428.jpg 768w\" sizes=\"auto, (max-width: 1024px) 100vw, 1024px\" \/><\/a><br \/>\nSi repasamos la n\u00f3mina de favoritos del Tour 2018 no falta casi ninguno de los l\u00edderes. <strong>Froome, Uran, Bardet, Quintana, Landa, Porte, Roglic, Dumoulin, Nibali, Yates, Martin, Jungels, Zakarin<\/strong>&#8230; A cualquier aficionado le gusta ver a todos estos &#8216;pelearse&#8217; por la carrera. Luego ya la carretera pondr\u00e1 a cada uno en su sitio.<\/p>\n<p>Por eso el Tour provoca que cada a\u00f1o se analicen <strong>al detalle sus etapas unos meses antes y se hable en los grupos de amigos ciclistas sobre qui\u00e9n es el favorito<\/strong> o d\u00f3nde se puede atacar para ganar la carrera. Despu\u00e9s, la mayor\u00eda de ellos est\u00e1n pendientes de la televisi\u00f3n o de las redes sociales para saber que pasa. Que tu favorito pierda 20 segundos en una etapa llana de principios del Tour es una tragedia (incluso para los medios de comunicaci\u00f3n) y es algo casi irrelevante en Vuelta\u00a0 y Giro.<\/p>\n<p>Incluso como es el mes de julio y la mayor\u00eda est\u00e1 de vacaciones es f\u00e1cil hacer el <strong>&#8216;petate&#8217; y encaminarte a ver el Tour en directo,<\/strong> a pie de cuneta, pese a que sabes que vas a tener que pasar horas y horas hasta que que llegue la carrera. Da igual, es un peaje que est\u00e1s dispuesto a pagar.<\/p>\n<p><a href=\"https:\/\/d2p6e6u75xmxt8.cloudfront.net\/6\/2018\/08\/TOUR-2018-34.JPG.jpg\"><img loading=\"lazy\" decoding=\"async\" class=\"aligncenter size-large wp-image-3256\" src=\"https:\/\/d2p6e6u75xmxt8.cloudfront.net\/6\/2018\/08\/TOUR-2018-34.JPG-1024x678.jpg\" alt=\"\" width=\"1024\" height=\"678\" srcset=\"https:\/\/d2p6e6u75xmxt8.cloudfront.net\/6\/2018\/08\/TOUR-2018-34.JPG.jpg 1024w, https:\/\/d2p6e6u75xmxt8.cloudfront.net\/6\/2018\/08\/TOUR-2018-34.JPG-300x199.jpg 300w, https:\/\/d2p6e6u75xmxt8.cloudfront.net\/6\/2018\/08\/TOUR-2018-34.JPG-768x509.jpg 768w\" sizes=\"auto, (max-width: 1024px) 100vw, 1024px\" \/><\/a><\/p>\n<p>No es el \u00fanico. Si una etapa pasa por <strong>La Madeleine, Galibier y Alpe d\u00b4Huez eres capaz de pasar horas enganchado a la televisi\u00f3n<\/strong> porque tienes la corazonada de que algo va a suceder. No sabes qu\u00e9, pero no quieres estar lejos y que luego te lo cuenten y no vivir la emoci\u00f3n en directo. Incluso te enfadas si los que est\u00e1n intentando quitar el maillot amarillo al l\u00edder no emplean la t\u00e1ctica que est\u00e1s viendo clar\u00edsima desde casa.<\/p>\n<p>El <strong>Tour, al final, provoca emociones y sensaciones en la mayor\u00eda de los aficionados<\/strong> mucho m\u00e1s intensas que cualquier otra carrera. Por eso lo siguen con m\u00e1s entusiasmo y asiduidad. Eso antes se traduc\u00eda en horas de televisi\u00f3n, prensa y radio y ahora tambi\u00e9n en clicks y relevancia.\u00a0 <strong>No olvidemos que el Tour se invent\u00f3 como una aventura para que el diario L&#8217;Auto tuviera noticias que dar<\/strong>. Los ciclistas, los equipos, los patrocinadores, la organizaci\u00f3n y los medios de comunicaci\u00f3n lo saben y contin\u00faan haciendo del Tour la carrera m\u00e1s importante del a\u00f1o para ellos. <strong>C\u00edrculo cerrado.\u00a0<\/strong><\/p>\n","protected":false},"excerpt":{"rendered":"<p>Hay algo que hace que los aficionados al ciclismo (y los que no lo son) pasen el mes de julio [&hellip;]<\/p>\n","protected":false},"author":29,"featured_media":3253,"comment_status":"open","ping_status":"open","sticky":false,"template":"","format":"standard","meta":{"footnotes":""},"categories":[7],"tags":[593,180,557],"global-categories":[],"class_list":["post-3252","post","type-post","status-publish","format-standard","has-post-thumbnail","hentry","category-carretera","tag-relevancia-tour-de-francia","tag-tour-2018","tag-tour-de-francia"],"yoast_head":"<!-- This site is optimized with the Yoast SEO Premium plugin v25.3 (Yoast SEO v25.9) - https:\/\/yoast.com\/wordpress\/plugins\/seo\/ -->\n<title>\u00bfPor qu\u00e9 nos engancha el Tour de Francia? - \u0160koda We Love Cycling - Spain<\/title>\n<meta name=\"description\" content=\"Por qu\u00e9 nos engancha el Tour de Francia. \u00bfCual es la raz\u00f3n de que cada mes de julio estemos atentos a Francia? Pues eso es algo que vamos a tratar de explicar m\u00e1s abajo.\" \/>\n<meta name=\"robots\" content=\"index, follow, max-snippet:-1, max-image-preview:large, max-video-preview:-1\" \/>\n<link rel=\"canonical\" href=\"https:\/\/www.welovecycling.com\/es\/2018\/08\/10\/por-que-nos-engancha-el-tour-de-francia\/\" \/>\n<meta property=\"og:locale\" content=\"es_ES\" \/>\n<meta property=\"og:type\" content=\"article\" \/>\n<meta property=\"og:title\" content=\"\u00bfPor qu\u00e9 nos engancha el Tour de Francia?\" \/>\n<meta property=\"og:description\" content=\"Por qu\u00e9 nos engancha el Tour de Francia. \u00bfCual es la raz\u00f3n de que cada mes de julio estemos atentos a Francia? Pues eso es algo que vamos a tratar de explicar m\u00e1s abajo.\" \/>\n<meta property=\"og:url\" content=\"https:\/\/www.welovecycling.com\/es\/2018\/08\/10\/por-que-nos-engancha-el-tour-de-francia\/\" \/>\n<meta property=\"og:site_name\" content=\"\u0160koda We Love Cycling - Spain\" \/>\n<meta property=\"article:published_time\" content=\"2018-08-10T07:03:09+00:00\" \/>\n<meta property=\"og:image\" content=\"https:\/\/d2p6e6u75xmxt8.cloudfront.net\/6\/2018\/08\/TOUR-2018-3.JPG.jpg\" \/>\n\t<meta property=\"og:image:width\" content=\"1024\" \/>\n\t<meta property=\"og:image:height\" content=\"600\" \/>\n\t<meta property=\"og:image:type\" content=\"image\/jpeg\" \/>\n<meta name=\"author\" content=\"We Love Cycling Spain\" \/>\n<meta name=\"twitter:card\" content=\"summary_large_image\" \/>\n<meta name=\"twitter:title\" content=\"\u00bfPor qu\u00e9 nos engancha el Tour de Francia?\" \/>\n<meta name=\"twitter:description\" content=\"Por qu\u00e9 nos engancha el Tour de Francia. \u00bfCual es la raz\u00f3n de que cada mes de julio estemos atentos a Francia? Pues eso es algo que vamos a tratar de explicar m\u00e1s abajo.\" \/>\n<meta name=\"twitter:label1\" content=\"Written by\" \/>\n\t<meta name=\"twitter:data1\" content=\"Luis Ortega @ciclored\" \/>\n\t<meta name=\"twitter:label2\" content=\"Est. reading time\" \/>\n\t<meta name=\"twitter:data2\" content=\"5 minutes\" \/>\n<script type=\"application\/ld+json\" class=\"yoast-schema-graph\">{\"@context\":\"https:\/\/schema.org\",\"@graph\":[{\"@type\":\"WebPage\",\"@id\":\"https:\/\/www.welovecycling.com\/es\/2018\/08\/10\/por-que-nos-engancha-el-tour-de-francia\/\",\"url\":\"https:\/\/www.welovecycling.com\/es\/2018\/08\/10\/por-que-nos-engancha-el-tour-de-francia\/\",\"name\":\"\u00bfPor qu\u00e9 nos engancha el Tour de Francia? - \u0160koda We Love Cycling - Spain\",\"isPartOf\":{\"@id\":\"https:\/\/www.welovecycling.com\/es\/#website\"},\"primaryImageOfPage\":{\"@id\":\"https:\/\/www.welovecycling.com\/es\/2018\/08\/10\/por-que-nos-engancha-el-tour-de-francia\/#primaryimage\"},\"image\":{\"@id\":\"https:\/\/www.welovecycling.com\/es\/2018\/08\/10\/por-que-nos-engancha-el-tour-de-francia\/#primaryimage\"},\"thumbnailUrl\":\"https:\/\/d2p6e6u75xmxt8.cloudfront.net\/6\/2018\/08\/TOUR-2018-3.JPG.jpg\",\"datePublished\":\"2018-08-10T07:03:09+00:00\",\"author\":{\"@id\":\"https:\/\/www.welovecycling.com\/es\/#\/schema\/person\/deb61715b5812698ee79fb96f343ccd4\"},\"description\":\"Por qu\u00e9 nos engancha el Tour de Francia. \u00bfCual es la raz\u00f3n de que cada mes de julio estemos atentos a Francia? Pues eso es algo que vamos a tratar de explicar m\u00e1s abajo.\",\"breadcrumb\":{\"@id\":\"https:\/\/www.welovecycling.com\/es\/2018\/08\/10\/por-que-nos-engancha-el-tour-de-francia\/#breadcrumb\"},\"inLanguage\":\"es-ES\",\"potentialAction\":[{\"@type\":\"ReadAction\",\"target\":[\"https:\/\/www.welovecycling.com\/es\/2018\/08\/10\/por-que-nos-engancha-el-tour-de-francia\/\"]}]},{\"@type\":\"ImageObject\",\"inLanguage\":\"es-ES\",\"@id\":\"https:\/\/www.welovecycling.com\/es\/2018\/08\/10\/por-que-nos-engancha-el-tour-de-francia\/#primaryimage\",\"url\":\"https:\/\/d2p6e6u75xmxt8.cloudfront.net\/6\/2018\/08\/TOUR-2018-3.JPG.jpg\",\"contentUrl\":\"https:\/\/d2p6e6u75xmxt8.cloudfront.net\/6\/2018\/08\/TOUR-2018-3.JPG.jpg\",\"width\":1024,\"height\":600},{\"@type\":\"BreadcrumbList\",\"@id\":\"https:\/\/www.welovecycling.com\/es\/2018\/08\/10\/por-que-nos-engancha-el-tour-de-francia\/#breadcrumb\",\"itemListElement\":[{\"@type\":\"ListItem\",\"position\":1,\"name\":\"Home\",\"item\":\"https:\/\/www.welovecycling.com\/es\/\"},{\"@type\":\"ListItem\",\"position\":2,\"name\":\"\u00bfPor qu\u00e9 nos engancha el Tour de Francia?\"}]},{\"@type\":\"WebSite\",\"@id\":\"https:\/\/www.welovecycling.com\/es\/#website\",\"url\":\"https:\/\/www.welovecycling.com\/es\/\",\"name\":\"\u0160koda We Love Cycling - Spain\",\"description\":\"\u0160koda WeLoveCycling Spain\",\"potentialAction\":[{\"@type\":\"SearchAction\",\"target\":{\"@type\":\"EntryPoint\",\"urlTemplate\":\"https:\/\/www.welovecycling.com\/es\/?s={search_term_string}\"},\"query-input\":{\"@type\":\"PropertyValueSpecification\",\"valueRequired\":true,\"valueName\":\"search_term_string\"}}],\"inLanguage\":\"es-ES\"},{\"@type\":\"Person\",\"@id\":\"https:\/\/www.welovecycling.com\/es\/#\/schema\/person\/deb61715b5812698ee79fb96f343ccd4\",\"name\":\"We Love Cycling Spain\",\"image\":{\"@type\":\"ImageObject\",\"inLanguage\":\"es-ES\",\"@id\":\"https:\/\/www.welovecycling.com\/es\/#\/schema\/person\/image\/\",\"url\":\"https:\/\/secure.gravatar.com\/avatar\/c824b04e6df0e37a03219d0b6481672889df542894588964102459e46513159c?s=96&d=mm&r=g\",\"contentUrl\":\"https:\/\/secure.gravatar.com\/avatar\/c824b04e6df0e37a03219d0b6481672889df542894588964102459e46513159c?s=96&d=mm&r=g\",\"caption\":\"We Love Cycling Spain\"},\"url\":\"https:\/\/www.welovecycling.com\/es\/author\/amunoz\/\"}]}<\/script>\n<!-- \/ Yoast SEO Premium plugin. -->","yoast_head_json":{"title":"\u00bfPor qu\u00e9 nos engancha el Tour de Francia? - \u0160koda We Love Cycling - Spain","description":"Por qu\u00e9 nos engancha el Tour de Francia. \u00bfCual es la raz\u00f3n de que cada mes de julio estemos atentos a Francia? Pues eso es algo que vamos a tratar de explicar m\u00e1s abajo.","robots":{"index":"index","follow":"follow","max-snippet":"max-snippet:-1","max-image-preview":"max-image-preview:large","max-video-preview":"max-video-preview:-1"},"canonical":"https:\/\/www.welovecycling.com\/es\/2018\/08\/10\/por-que-nos-engancha-el-tour-de-francia\/","og_locale":"es_ES","og_type":"article","og_title":"\u00bfPor qu\u00e9 nos engancha el Tour de Francia?","og_description":"Por qu\u00e9 nos engancha el Tour de Francia. \u00bfCual es la raz\u00f3n de que cada mes de julio estemos atentos a Francia? Pues eso es algo que vamos a tratar de explicar m\u00e1s abajo.","og_url":"https:\/\/www.welovecycling.com\/es\/2018\/08\/10\/por-que-nos-engancha-el-tour-de-francia\/","og_site_name":"\u0160koda We Love Cycling - Spain","article_published_time":"2018-08-10T07:03:09+00:00","og_image":[{"width":1024,"height":600,"url":"https:\/\/d2p6e6u75xmxt8.cloudfront.net\/6\/2018\/08\/TOUR-2018-3.JPG.jpg","type":"image\/jpeg"}],"author":"We Love Cycling Spain","twitter_card":"summary_large_image","twitter_title":"\u00bfPor qu\u00e9 nos engancha el Tour de Francia?","twitter_description":"Por qu\u00e9 nos engancha el Tour de Francia. \u00bfCual es la raz\u00f3n de que cada mes de julio estemos atentos a Francia? Pues eso es algo que vamos a tratar de explicar m\u00e1s abajo.","twitter_misc":{"Written by":"Luis Ortega @ciclored","Est. reading time":"5 minutes"},"schema":{"@context":"https:\/\/schema.org","@graph":[{"@type":"WebPage","@id":"https:\/\/www.welovecycling.com\/es\/2018\/08\/10\/por-que-nos-engancha-el-tour-de-francia\/","url":"https:\/\/www.welovecycling.com\/es\/2018\/08\/10\/por-que-nos-engancha-el-tour-de-francia\/","name":"\u00bfPor qu\u00e9 nos engancha el Tour de Francia? - \u0160koda We Love Cycling - Spain","isPartOf":{"@id":"https:\/\/www.welovecycling.com\/es\/#website"},"primaryImageOfPage":{"@id":"https:\/\/www.welovecycling.com\/es\/2018\/08\/10\/por-que-nos-engancha-el-tour-de-francia\/#primaryimage"},"image":{"@id":"https:\/\/www.welovecycling.com\/es\/2018\/08\/10\/por-que-nos-engancha-el-tour-de-francia\/#primaryimage"},"thumbnailUrl":"https:\/\/d2p6e6u75xmxt8.cloudfront.net\/6\/2018\/08\/TOUR-2018-3.JPG.jpg","datePublished":"2018-08-10T07:03:09+00:00","author":{"@id":"https:\/\/www.welovecycling.com\/es\/#\/schema\/person\/deb61715b5812698ee79fb96f343ccd4"},"description":"Por qu\u00e9 nos engancha el Tour de Francia. \u00bfCual es la raz\u00f3n de que cada mes de julio estemos atentos a Francia? Pues eso es algo que vamos a tratar de explicar m\u00e1s abajo.","breadcrumb":{"@id":"https:\/\/www.welovecycling.com\/es\/2018\/08\/10\/por-que-nos-engancha-el-tour-de-francia\/#breadcrumb"},"inLanguage":"es-ES","potentialAction":[{"@type":"ReadAction","target":["https:\/\/www.welovecycling.com\/es\/2018\/08\/10\/por-que-nos-engancha-el-tour-de-francia\/"]}]},{"@type":"ImageObject","inLanguage":"es-ES","@id":"https:\/\/www.welovecycling.com\/es\/2018\/08\/10\/por-que-nos-engancha-el-tour-de-francia\/#primaryimage","url":"https:\/\/d2p6e6u75xmxt8.cloudfront.net\/6\/2018\/08\/TOUR-2018-3.JPG.jpg","contentUrl":"https:\/\/d2p6e6u75xmxt8.cloudfront.net\/6\/2018\/08\/TOUR-2018-3.JPG.jpg","width":1024,"height":600},{"@type":"BreadcrumbList","@id":"https:\/\/www.welovecycling.com\/es\/2018\/08\/10\/por-que-nos-engancha-el-tour-de-francia\/#breadcrumb","itemListElement":[{"@type":"ListItem","position":1,"name":"Home","item":"https:\/\/www.welovecycling.com\/es\/"},{"@type":"ListItem","position":2,"name":"\u00bfPor qu\u00e9 nos engancha el Tour de Francia?"}]},{"@type":"WebSite","@id":"https:\/\/www.welovecycling.com\/es\/#website","url":"https:\/\/www.welovecycling.com\/es\/","name":"\u0160koda We Love Cycling - Spain","description":"\u0160koda WeLoveCycling Spain","potentialAction":[{"@type":"SearchAction","target":{"@type":"EntryPoint","urlTemplate":"https:\/\/www.welovecycling.com\/es\/?s={search_term_string}"},"query-input":{"@type":"PropertyValueSpecification","valueRequired":true,"valueName":"search_term_string"}}],"inLanguage":"es-ES"},{"@type":"Person","@id":"https:\/\/www.welovecycling.com\/es\/#\/schema\/person\/deb61715b5812698ee79fb96f343ccd4","name":"We Love Cycling Spain","image":{"@type":"ImageObject","inLanguage":"es-ES","@id":"https:\/\/www.welovecycling.com\/es\/#\/schema\/person\/image\/","url":"https:\/\/secure.gravatar.com\/avatar\/c824b04e6df0e37a03219d0b6481672889df542894588964102459e46513159c?s=96&d=mm&r=g","contentUrl":"https:\/\/secure.gravatar.com\/avatar\/c824b04e6df0e37a03219d0b6481672889df542894588964102459e46513159c?s=96&d=mm&r=g","caption":"We Love Cycling Spain"},"url":"https:\/\/www.welovecycling.com\/es\/author\/amunoz\/"}]}},"_links":{"self":[{"href":"https:\/\/www.welovecycling.com\/es\/wp-json\/wp\/v2\/posts\/3252","targetHints":{"allow":["GET"]}}],"collection":[{"href":"https:\/\/www.welovecycling.com\/es\/wp-json\/wp\/v2\/posts"}],"about":[{"href":"https:\/\/www.welovecycling.com\/es\/wp-json\/wp\/v2\/types\/post"}],"author":[{"embeddable":true,"href":"https:\/\/www.welovecycling.com\/es\/wp-json\/wp\/v2\/users\/29"}],"replies":[{"embeddable":true,"href":"https:\/\/www.welovecycling.com\/es\/wp-json\/wp\/v2\/comments?post=3252"}],"version-history":[{"count":1,"href":"https:\/\/www.welovecycling.com\/es\/wp-json\/wp\/v2\/posts\/3252\/revisions"}],"predecessor-version":[{"id":3257,"href":"https:\/\/www.welovecycling.com\/es\/wp-json\/wp\/v2\/posts\/3252\/revisions\/3257"}],"wp:featuredmedia":[{"embeddable":true,"href":"https:\/\/www.welovecycling.com\/es\/wp-json\/wp\/v2\/media\/3253"}],"wp:attachment":[{"href":"https:\/\/www.welovecycling.com\/es\/wp-json\/wp\/v2\/media?parent=3252"}],"wp:term":[{"taxonomy":"category","embeddable":true,"href":"https:\/\/www.welovecycling.com\/es\/wp-json\/wp\/v2\/categories?post=3252"},{"taxonomy":"post_tag","embeddable":true,"href":"https:\/\/www.welovecycling.com\/es\/wp-json\/wp\/v2\/tags?post=3252"},{"taxonomy":"global-categories","embeddable":true,"href":"https:\/\/www.welovecycling.com\/es\/wp-json\/wp\/v2\/global-categories?post=3252"}],"curies":[{"name":"wp","href":"https:\/\/api.w.org\/{rel}","templated":true}]}}