{"id":3209,"date":"2018-08-02T20:14:53","date_gmt":"2018-08-02T18:14:53","guid":{"rendered":"https:\/\/www.welovecycling.com\/es\/?p=3209"},"modified":"2018-08-02T20:14:53","modified_gmt":"2018-08-02T18:14:53","slug":"la-specialized-de-peter-sagan","status":"publish","type":"post","link":"https:\/\/www.welovecycling.com\/es\/2018\/08\/02\/la-specialized-de-peter-sagan\/","title":{"rendered":"As\u00ed es la Specialized de Peter Sagan"},"content":{"rendered":"<p><strong>Una vez m\u00e1s, Peter Sagan del equipo BORA &#8211; Hansgrohe se llev\u00f3 el maillot verde del Tour. Una parte de este gran trabajo fue realizada por la Specialized S-Works Venge Disc. Ten\u00edamos curiosidad por saber qu\u00e9 tipo de m\u00e1quina hab\u00eda llevado a uno de los mejores ciclistas del mundo a la puntuaci\u00f3n general de 467 puntos, as\u00ed que lo comprobamos.<\/strong><!--more--><\/p>\n<p>Bueno, empecemos con el cuadro. Peter ha optado por el tama\u00f1o de 56 cm. Su altura es de 184 cm, la altura del sill\u00edn desde el pedalier es de 75 cm y la distancia desde la punta del sill\u00edn hasta el centro del manillar es de 62,5 cm. El cuadro es 200 gramos m\u00e1s ligero que su predecesor y la horquilla pesa s\u00f3lo 25 gramos. El peso total de la bici es de s\u00f3lo 7,46 kg.<\/p>\n<p><a href=\"https:\/\/d2p6e6u75xmxt8.cloudfront.net\/2\/2018\/08\/sta\u017een\u00fd-soubor.jpg\"><img loading=\"lazy\" decoding=\"async\" class=\"alignnone size-full wp-image-3211\" src=\"https:\/\/d2p6e6u75xmxt8.cloudfront.net\/2\/2018\/08\/sta\u017een\u00fd-soubor.jpg\" alt=\"\" width=\"1920\" height=\"640\" srcset=\"https:\/\/d2p6e6u75xmxt8.cloudfront.net\/6\/2018\/08\/sta\u017een\u00fd-soubor.jpg 1920w, https:\/\/d2p6e6u75xmxt8.cloudfront.net\/6\/2018\/08\/sta\u017een\u00fd-soubor-300x100.jpg 300w, https:\/\/d2p6e6u75xmxt8.cloudfront.net\/6\/2018\/08\/sta\u017een\u00fd-soubor-768x256.jpg 768w, https:\/\/d2p6e6u75xmxt8.cloudfront.net\/6\/2018\/08\/sta\u017een\u00fd-soubor-1024x341.jpg 1024w, https:\/\/d2p6e6u75xmxt8.cloudfront.net\/6\/2018\/08\/sta\u017een\u00fd-soubor-1920x640.jpg 1920w\" sizes=\"auto, (max-width: 1920px) 100vw, 1920px\" \/><\/a><\/p>\n<div id='gallery-1' class='gallery galleryid-3209 gallery-columns-2 gallery-size-large'><figure class='gallery-item'>\n\t\t\t<div class='gallery-icon landscape'>\n\t\t\t\t<a href='https:\/\/d2p6e6u75xmxt8.cloudfront.net\/6\/2018\/08\/profimedia-0378923055.jpg'><img loading=\"lazy\" decoding=\"async\" width=\"1024\" height=\"682\" src=\"https:\/\/d2p6e6u75xmxt8.cloudfront.net\/6\/2018\/08\/profimedia-0378923055-1024x682.jpg\" class=\"attachment-large size-large\" alt=\"\" srcset=\"https:\/\/d2p6e6u75xmxt8.cloudfront.net\/6\/2018\/08\/profimedia-0378923055-1024x682.jpg 1024w, https:\/\/d2p6e6u75xmxt8.cloudfront.net\/6\/2018\/08\/profimedia-0378923055-300x200.jpg 300w, https:\/\/d2p6e6u75xmxt8.cloudfront.net\/6\/2018\/08\/profimedia-0378923055-768x512.jpg 768w, https:\/\/d2p6e6u75xmxt8.cloudfront.net\/6\/2018\/08\/profimedia-0378923055-272x182.jpg 272w, https:\/\/d2p6e6u75xmxt8.cloudfront.net\/6\/2018\/08\/profimedia-0378923055.jpg 1250w\" sizes=\"auto, (max-width: 1024px) 100vw, 1024px\" \/><\/a>\n\t\t\t<\/div><\/figure><figure class='gallery-item'>\n\t\t\t<div class='gallery-icon landscape'>\n\t\t\t\t<a href='https:\/\/d2p6e6u75xmxt8.cloudfront.net\/6\/2018\/08\/profimedia-0378888679.jpg'><img loading=\"lazy\" decoding=\"async\" width=\"1024\" height=\"682\" src=\"https:\/\/d2p6e6u75xmxt8.cloudfront.net\/6\/2018\/08\/profimedia-0378888679-1024x682.jpg\" class=\"attachment-large size-large\" alt=\"\" srcset=\"https:\/\/d2p6e6u75xmxt8.cloudfront.net\/6\/2018\/08\/profimedia-0378888679-1024x682.jpg 1024w, https:\/\/d2p6e6u75xmxt8.cloudfront.net\/6\/2018\/08\/profimedia-0378888679-300x200.jpg 300w, https:\/\/d2p6e6u75xmxt8.cloudfront.net\/6\/2018\/08\/profimedia-0378888679-768x512.jpg 768w, https:\/\/d2p6e6u75xmxt8.cloudfront.net\/6\/2018\/08\/profimedia-0378888679-272x182.jpg 272w, https:\/\/d2p6e6u75xmxt8.cloudfront.net\/6\/2018\/08\/profimedia-0378888679.jpg 1250w\" sizes=\"auto, (max-width: 1024px) 100vw, 1024px\" \/><\/a>\n\t\t\t<\/div><\/figure>\n\t\t<\/div>\n\n<p>La Specialized no s\u00f3lo es ligera, sino tambi\u00e9n aerodin\u00e1mica, lo que la hace 8 segundos m\u00e1s r\u00e1pida en una contrarreloj de 40 km. Como siempre, es una mezcla entre aerodin\u00e1mica, peso y rigidez. En este caso, los ingenieros lograron combinar lo mejor de todas las caracter\u00edsticas. La bicicleta es mucho m\u00e1s r\u00e1pida y ligera que el modelo anterior.<\/p>\n<p>El color cerceta est\u00e1 supuestamente inspirado en el Mar Mediterr\u00e1neo, cerca de donde vive Sagan en M\u00f3naco, y tambi\u00e9n tiene algo que ver con una reminiscencia de Eslovaquia. En el chainstay, tres bandas con los a\u00f1os 2015, 2016, y 2017 obviamente est\u00e1n recordando a todos las victorias del campeonato mundial de Sagan. En el tubo superior se encuentran las iniciales &#8220;PS&#8221; en una tipograf\u00eda manuscrita. Hay algunos esl\u00f3ganes esparcidos por el marco, como la cita de Sagan: &#8220;Si no tengo amarillo, tengo verde. Si no tengo verde, tengo un arco iris&#8221;, y en la caja de pedalier hay una frase sencilla: &#8220;Ya veremos&#8221;.<\/p>\n<lite-youtube videoid=rn6a5Wl4xGE params=\"enablejsapi=1\" style=\"background-image: url('https:\/\/i.ytimg.com\/vi_webp\/rn6a5Wl4xGE\/maxresdefault.webp');\"><\/lite-youtube>\n<p>La combinaci\u00f3n de manillar y potencia es 107 gramos m\u00e1s ligera que en el modelo anterior. La longitud de la potencia es de 145 mm, que es sin duda una de las m\u00e1s largas del pelot\u00f3n del World Tour. Peter sostiene su manillar aerodin\u00e1mico S-Works Aerofly 2 de 42 cm de ancho y observa el sistema de navegaci\u00f3n GPS Wahoo Element Bolt instalado en la parte delantera de la potencia. El manillar tiene un perfil frontal bajo y no tienen cinta en la parte superior para lograr el m\u00e1ximo efecto aerodin\u00e1mico.<\/p>\n<p>Las manetas montadas en el manillar son Shimano DuraAce Di2 9170, que se llevan bien con los frenos de disco. Mientras que el disco delantero tiene un di\u00e1metro de 160 mm, el trasero tiene 140 mm. Hay m\u00e1s piezas del grupo DuraAce incluyendo el desviador delantero y trasero, cadena, platos y bielas o pedales y el resto viene exclusivamente de Specialized y su compa\u00f1\u00eda de ruedas Roval. El cassette Shimano DuraAce tiene un rango de 11 a 28 dientes, mientras que la combinaci\u00f3n de platos es 54\/42, dientes que es una opci\u00f3n poco com\u00fan. El medidor de potencia est\u00e1 fabricado por Specialized. Las botellas de agua se colocan en un par de portabidones de fibra de carbono.<\/p>\n<figure id=\"attachment_3212\" aria-describedby=\"caption-attachment-3212\" style=\"width: 1250px\" class=\"wp-caption alignnone\"><a href=\"https:\/\/d2p6e6u75xmxt8.cloudfront.net\/6\/2018\/08\/profimedia-0378189092.jpg\"><img loading=\"lazy\" decoding=\"async\" class=\"size-full wp-image-3212\" src=\"https:\/\/d2p6e6u75xmxt8.cloudfront.net\/6\/2018\/08\/profimedia-0378189092.jpg\" alt=\"\" width=\"1250\" height=\"833\" srcset=\"https:\/\/d2p6e6u75xmxt8.cloudfront.net\/6\/2018\/08\/profimedia-0378189092.jpg 1250w, https:\/\/d2p6e6u75xmxt8.cloudfront.net\/6\/2018\/08\/profimedia-0378189092-300x200.jpg 300w, https:\/\/d2p6e6u75xmxt8.cloudfront.net\/6\/2018\/08\/profimedia-0378189092-768x512.jpg 768w, https:\/\/d2p6e6u75xmxt8.cloudfront.net\/6\/2018\/08\/profimedia-0378189092-1024x682.jpg 1024w, https:\/\/d2p6e6u75xmxt8.cloudfront.net\/6\/2018\/08\/profimedia-0378189092-272x182.jpg 272w\" sizes=\"auto, (max-width: 1250px) 100vw, 1250px\" \/><\/a><figcaption id=\"caption-attachment-3212\" class=\"wp-caption-text\">Peter Sagan durante la etapa 10, Annecy &#8211; le Grand Bornand (158,5km) el 17 de julio de 2018 \u00a9 Profimedia, AFP<\/figcaption><\/figure>\n<p>Posdata. Una m\u00e1quina exquisita para un eslovaco exquisito<\/p>\n","protected":false},"excerpt":{"rendered":"<p>Una vez m\u00e1s, Peter Sagan del equipo BORA &#8211; Hansgrohe se llev\u00f3 el maillot verde del Tour. Una parte de [&hellip;]<\/p>\n","protected":false},"author":29,"featured_media":3214,"comment_status":"open","ping_status":"open","sticky":false,"template":"","format":"standard","meta":{"footnotes":""},"categories":[7],"tags":[580,578,576,579,577,581],"global-categories":[],"class_list":["post-3209","post","type-post","status-publish","format-standard","has-post-thumbnail","hentry","category-carretera","tag-asi-es-la-specialized-de-peter-sagan","tag-bicicleta-personalizada-peter-sagan","tag-la-bici-de-peter-sagan","tag-medidas-bicicleta-peter-sagan","tag-specialized-peter-sagan","tag-specialized-s-works-venge-disc"],"yoast_head":"<!-- This site is optimized with the Yoast SEO Premium plugin v25.3 (Yoast SEO v25.9) - https:\/\/yoast.com\/wordpress\/plugins\/seo\/ -->\n<title>As\u00ed es la Specialized de Peter Sagan - \u0160koda We Love Cycling - Spain<\/title>\n<meta name=\"description\" content=\"La Specialized de Peter Sagan. Las particularidades y medidas de la bicicleta que Peter Sagan utiliz\u00f3 durante el Tour de Francia para ganar el maillot verde. As\u00ed es su Specialized S-Works Venge Disc\" \/>\n<meta name=\"robots\" content=\"index, follow, max-snippet:-1, max-image-preview:large, max-video-preview:-1\" \/>\n<link rel=\"canonical\" href=\"https:\/\/www.welovecycling.com\/es\/2018\/08\/02\/la-specialized-de-peter-sagan\/\" \/>\n<meta property=\"og:locale\" content=\"es_ES\" \/>\n<meta property=\"og:type\" content=\"article\" \/>\n<meta property=\"og:title\" content=\"As\u00ed es la Specialized de Peter Sagan\" \/>\n<meta property=\"og:description\" content=\"La Specialized de Peter Sagan. Las particularidades y medidas de la bicicleta que Peter Sagan utiliz\u00f3 durante el Tour de Francia para ganar el maillot verde. As\u00ed es su Specialized S-Works Venge Disc\" \/>\n<meta property=\"og:url\" content=\"https:\/\/www.welovecycling.com\/es\/2018\/08\/02\/la-specialized-de-peter-sagan\/\" \/>\n<meta property=\"og:site_name\" content=\"\u0160koda We Love Cycling - Spain\" \/>\n<meta property=\"article:published_time\" content=\"2018-08-02T18:14:53+00:00\" \/>\n<meta property=\"og:image\" content=\"https:\/\/d2p6e6u75xmxt8.cloudfront.net\/6\/2018\/08\/profimedia-0379627538-1.jpg\" \/>\n\t<meta property=\"og:image:width\" content=\"1366\" \/>\n\t<meta property=\"og:image:height\" content=\"600\" \/>\n\t<meta property=\"og:image:type\" content=\"image\/jpeg\" \/>\n<meta name=\"author\" content=\"We Love Cycling Spain\" \/>\n<meta name=\"twitter:card\" content=\"summary_large_image\" \/>\n<meta name=\"twitter:title\" content=\"As\u00ed es la Specialized de Peter Sagan\" \/>\n<meta name=\"twitter:description\" content=\"La Specialized de Peter Sagan. Las particularidades y medidas de la bicicleta que Peter Sagan utiliz\u00f3 durante el Tour de Francia para ganar el maillot verde. As\u00ed es su Specialized S-Works Venge Disc\" \/>\n<meta name=\"twitter:label1\" content=\"Written by\" \/>\n\t<meta name=\"twitter:data1\" content=\"Adam Marsal\" \/>\n\t<meta name=\"twitter:label2\" content=\"Est. reading time\" \/>\n\t<meta name=\"twitter:data2\" content=\"4\" \/>\n<script type=\"application\/ld+json\" class=\"yoast-schema-graph\">{\"@context\":\"https:\/\/schema.org\",\"@graph\":[{\"@type\":\"WebPage\",\"@id\":\"https:\/\/www.welovecycling.com\/es\/2018\/08\/02\/la-specialized-de-peter-sagan\/\",\"url\":\"https:\/\/www.welovecycling.com\/es\/2018\/08\/02\/la-specialized-de-peter-sagan\/\",\"name\":\"As\u00ed es la Specialized de Peter Sagan - \u0160koda We Love Cycling - Spain\",\"isPartOf\":{\"@id\":\"https:\/\/www.welovecycling.com\/es\/#website\"},\"primaryImageOfPage\":{\"@id\":\"https:\/\/www.welovecycling.com\/es\/2018\/08\/02\/la-specialized-de-peter-sagan\/#primaryimage\"},\"image\":{\"@id\":\"https:\/\/www.welovecycling.com\/es\/2018\/08\/02\/la-specialized-de-peter-sagan\/#primaryimage\"},\"thumbnailUrl\":\"https:\/\/d2p6e6u75xmxt8.cloudfront.net\/6\/2018\/08\/profimedia-0379627538-1.jpg\",\"datePublished\":\"2018-08-02T18:14:53+00:00\",\"author\":{\"@id\":\"https:\/\/www.welovecycling.com\/es\/#\/schema\/person\/deb61715b5812698ee79fb96f343ccd4\"},\"description\":\"La Specialized de Peter Sagan. Las particularidades y medidas de la bicicleta que Peter Sagan utiliz\u00f3 durante el Tour de Francia para ganar el maillot verde. As\u00ed es su Specialized S-Works Venge Disc\",\"breadcrumb\":{\"@id\":\"https:\/\/www.welovecycling.com\/es\/2018\/08\/02\/la-specialized-de-peter-sagan\/#breadcrumb\"},\"inLanguage\":\"es-ES\",\"potentialAction\":[{\"@type\":\"ReadAction\",\"target\":[\"https:\/\/www.welovecycling.com\/es\/2018\/08\/02\/la-specialized-de-peter-sagan\/\"]}]},{\"@type\":\"ImageObject\",\"inLanguage\":\"es-ES\",\"@id\":\"https:\/\/www.welovecycling.com\/es\/2018\/08\/02\/la-specialized-de-peter-sagan\/#primaryimage\",\"url\":\"https:\/\/d2p6e6u75xmxt8.cloudfront.net\/6\/2018\/08\/profimedia-0379627538-1.jpg\",\"contentUrl\":\"https:\/\/d2p6e6u75xmxt8.cloudfront.net\/6\/2018\/08\/profimedia-0379627538-1.jpg\",\"width\":1366,\"height\":600},{\"@type\":\"BreadcrumbList\",\"@id\":\"https:\/\/www.welovecycling.com\/es\/2018\/08\/02\/la-specialized-de-peter-sagan\/#breadcrumb\",\"itemListElement\":[{\"@type\":\"ListItem\",\"position\":1,\"name\":\"Home\",\"item\":\"https:\/\/www.welovecycling.com\/es\/\"},{\"@type\":\"ListItem\",\"position\":2,\"name\":\"As\u00ed es la Specialized de Peter Sagan\"}]},{\"@type\":\"WebSite\",\"@id\":\"https:\/\/www.welovecycling.com\/es\/#website\",\"url\":\"https:\/\/www.welovecycling.com\/es\/\",\"name\":\"\u0160koda We Love Cycling - Spain\",\"description\":\"\u0160koda WeLoveCycling Spain\",\"potentialAction\":[{\"@type\":\"SearchAction\",\"target\":{\"@type\":\"EntryPoint\",\"urlTemplate\":\"https:\/\/www.welovecycling.com\/es\/?s={search_term_string}\"},\"query-input\":{\"@type\":\"PropertyValueSpecification\",\"valueRequired\":true,\"valueName\":\"search_term_string\"}}],\"inLanguage\":\"es-ES\"},{\"@type\":\"Person\",\"@id\":\"https:\/\/www.welovecycling.com\/es\/#\/schema\/person\/deb61715b5812698ee79fb96f343ccd4\",\"name\":\"We Love Cycling Spain\",\"image\":{\"@type\":\"ImageObject\",\"inLanguage\":\"es-ES\",\"@id\":\"https:\/\/www.welovecycling.com\/es\/#\/schema\/person\/image\/\",\"url\":\"https:\/\/secure.gravatar.com\/avatar\/c824b04e6df0e37a03219d0b6481672889df542894588964102459e46513159c?s=96&d=mm&r=g\",\"contentUrl\":\"https:\/\/secure.gravatar.com\/avatar\/c824b04e6df0e37a03219d0b6481672889df542894588964102459e46513159c?s=96&d=mm&r=g\",\"caption\":\"We Love Cycling Spain\"},\"url\":\"https:\/\/www.welovecycling.com\/es\/author\/amunoz\/\"}]}<\/script>\n<!-- \/ Yoast SEO Premium plugin. -->","yoast_head_json":{"title":"As\u00ed es la Specialized de Peter Sagan - \u0160koda We Love Cycling - Spain","description":"La Specialized de Peter Sagan. Las particularidades y medidas de la bicicleta que Peter Sagan utiliz\u00f3 durante el Tour de Francia para ganar el maillot verde. As\u00ed es su Specialized S-Works Venge Disc","robots":{"index":"index","follow":"follow","max-snippet":"max-snippet:-1","max-image-preview":"max-image-preview:large","max-video-preview":"max-video-preview:-1"},"canonical":"https:\/\/www.welovecycling.com\/es\/2018\/08\/02\/la-specialized-de-peter-sagan\/","og_locale":"es_ES","og_type":"article","og_title":"As\u00ed es la Specialized de Peter Sagan","og_description":"La Specialized de Peter Sagan. Las particularidades y medidas de la bicicleta que Peter Sagan utiliz\u00f3 durante el Tour de Francia para ganar el maillot verde. As\u00ed es su Specialized S-Works Venge Disc","og_url":"https:\/\/www.welovecycling.com\/es\/2018\/08\/02\/la-specialized-de-peter-sagan\/","og_site_name":"\u0160koda We Love Cycling - Spain","article_published_time":"2018-08-02T18:14:53+00:00","og_image":[{"width":1366,"height":600,"url":"https:\/\/d2p6e6u75xmxt8.cloudfront.net\/6\/2018\/08\/profimedia-0379627538-1.jpg","type":"image\/jpeg"}],"author":"We Love Cycling Spain","twitter_card":"summary_large_image","twitter_title":"As\u00ed es la Specialized de Peter Sagan","twitter_description":"La Specialized de Peter Sagan. Las particularidades y medidas de la bicicleta que Peter Sagan utiliz\u00f3 durante el Tour de Francia para ganar el maillot verde. As\u00ed es su Specialized S-Works Venge Disc","twitter_misc":{"Written by":"Adam Marsal","Est. reading time":"4"},"schema":{"@context":"https:\/\/schema.org","@graph":[{"@type":"WebPage","@id":"https:\/\/www.welovecycling.com\/es\/2018\/08\/02\/la-specialized-de-peter-sagan\/","url":"https:\/\/www.welovecycling.com\/es\/2018\/08\/02\/la-specialized-de-peter-sagan\/","name":"As\u00ed es la Specialized de Peter Sagan - \u0160koda We Love Cycling - Spain","isPartOf":{"@id":"https:\/\/www.welovecycling.com\/es\/#website"},"primaryImageOfPage":{"@id":"https:\/\/www.welovecycling.com\/es\/2018\/08\/02\/la-specialized-de-peter-sagan\/#primaryimage"},"image":{"@id":"https:\/\/www.welovecycling.com\/es\/2018\/08\/02\/la-specialized-de-peter-sagan\/#primaryimage"},"thumbnailUrl":"https:\/\/d2p6e6u75xmxt8.cloudfront.net\/6\/2018\/08\/profimedia-0379627538-1.jpg","datePublished":"2018-08-02T18:14:53+00:00","author":{"@id":"https:\/\/www.welovecycling.com\/es\/#\/schema\/person\/deb61715b5812698ee79fb96f343ccd4"},"description":"La Specialized de Peter Sagan. Las particularidades y medidas de la bicicleta que Peter Sagan utiliz\u00f3 durante el Tour de Francia para ganar el maillot verde. As\u00ed es su Specialized S-Works Venge Disc","breadcrumb":{"@id":"https:\/\/www.welovecycling.com\/es\/2018\/08\/02\/la-specialized-de-peter-sagan\/#breadcrumb"},"inLanguage":"es-ES","potentialAction":[{"@type":"ReadAction","target":["https:\/\/www.welovecycling.com\/es\/2018\/08\/02\/la-specialized-de-peter-sagan\/"]}]},{"@type":"ImageObject","inLanguage":"es-ES","@id":"https:\/\/www.welovecycling.com\/es\/2018\/08\/02\/la-specialized-de-peter-sagan\/#primaryimage","url":"https:\/\/d2p6e6u75xmxt8.cloudfront.net\/6\/2018\/08\/profimedia-0379627538-1.jpg","contentUrl":"https:\/\/d2p6e6u75xmxt8.cloudfront.net\/6\/2018\/08\/profimedia-0379627538-1.jpg","width":1366,"height":600},{"@type":"BreadcrumbList","@id":"https:\/\/www.welovecycling.com\/es\/2018\/08\/02\/la-specialized-de-peter-sagan\/#breadcrumb","itemListElement":[{"@type":"ListItem","position":1,"name":"Home","item":"https:\/\/www.welovecycling.com\/es\/"},{"@type":"ListItem","position":2,"name":"As\u00ed es la Specialized de Peter Sagan"}]},{"@type":"WebSite","@id":"https:\/\/www.welovecycling.com\/es\/#website","url":"https:\/\/www.welovecycling.com\/es\/","name":"\u0160koda We Love Cycling - Spain","description":"\u0160koda WeLoveCycling Spain","potentialAction":[{"@type":"SearchAction","target":{"@type":"EntryPoint","urlTemplate":"https:\/\/www.welovecycling.com\/es\/?s={search_term_string}"},"query-input":{"@type":"PropertyValueSpecification","valueRequired":true,"valueName":"search_term_string"}}],"inLanguage":"es-ES"},{"@type":"Person","@id":"https:\/\/www.welovecycling.com\/es\/#\/schema\/person\/deb61715b5812698ee79fb96f343ccd4","name":"We Love Cycling Spain","image":{"@type":"ImageObject","inLanguage":"es-ES","@id":"https:\/\/www.welovecycling.com\/es\/#\/schema\/person\/image\/","url":"https:\/\/secure.gravatar.com\/avatar\/c824b04e6df0e37a03219d0b6481672889df542894588964102459e46513159c?s=96&d=mm&r=g","contentUrl":"https:\/\/secure.gravatar.com\/avatar\/c824b04e6df0e37a03219d0b6481672889df542894588964102459e46513159c?s=96&d=mm&r=g","caption":"We Love Cycling Spain"},"url":"https:\/\/www.welovecycling.com\/es\/author\/amunoz\/"}]}},"_links":{"self":[{"href":"https:\/\/www.welovecycling.com\/es\/wp-json\/wp\/v2\/posts\/3209","targetHints":{"allow":["GET"]}}],"collection":[{"href":"https:\/\/www.welovecycling.com\/es\/wp-json\/wp\/v2\/posts"}],"about":[{"href":"https:\/\/www.welovecycling.com\/es\/wp-json\/wp\/v2\/types\/post"}],"author":[{"embeddable":true,"href":"https:\/\/www.welovecycling.com\/es\/wp-json\/wp\/v2\/users\/29"}],"replies":[{"embeddable":true,"href":"https:\/\/www.welovecycling.com\/es\/wp-json\/wp\/v2\/comments?post=3209"}],"version-history":[{"count":2,"href":"https:\/\/www.welovecycling.com\/es\/wp-json\/wp\/v2\/posts\/3209\/revisions"}],"predecessor-version":[{"id":3215,"href":"https:\/\/www.welovecycling.com\/es\/wp-json\/wp\/v2\/posts\/3209\/revisions\/3215"}],"wp:featuredmedia":[{"embeddable":true,"href":"https:\/\/www.welovecycling.com\/es\/wp-json\/wp\/v2\/media\/3214"}],"wp:attachment":[{"href":"https:\/\/www.welovecycling.com\/es\/wp-json\/wp\/v2\/media?parent=3209"}],"wp:term":[{"taxonomy":"category","embeddable":true,"href":"https:\/\/www.welovecycling.com\/es\/wp-json\/wp\/v2\/categories?post=3209"},{"taxonomy":"post_tag","embeddable":true,"href":"https:\/\/www.welovecycling.com\/es\/wp-json\/wp\/v2\/tags?post=3209"},{"taxonomy":"global-categories","embeddable":true,"href":"https:\/\/www.welovecycling.com\/es\/wp-json\/wp\/v2\/global-categories?post=3209"}],"curies":[{"name":"wp","href":"https:\/\/api.w.org\/{rel}","templated":true}]}}