{"id":3200,"date":"2018-07-30T13:21:26","date_gmt":"2018-07-30T11:21:26","guid":{"rendered":"https:\/\/www.welovecycling.com\/es\/?p=3200"},"modified":"2018-07-30T13:21:26","modified_gmt":"2018-07-30T11:21:26","slug":"la-caravana-del-tour","status":"publish","type":"post","link":"https:\/\/www.welovecycling.com\/es\/2018\/07\/30\/la-caravana-del-tour\/","title":{"rendered":"La caravana del Tour de Francia"},"content":{"rendered":"<p><strong>Cada etapa del Tour de Francia va encabezada por una caravana de patrocinadores de la carrera de hasta 12 km de largo que tiene un \u00fanico objetivo: animar al p\u00fablico a<br \/>\nlo largo del recorrido con un gran espect\u00e1culo. Ven a echar un vistazo a los interiores de la famosa Caravane du Tour.<\/strong><!--more--><\/p>\n<div class=\"embed-controller-wrapper\">\n<div class=\"embed-wrapper\"><iframe title=\"\u0160KODA: La Caravane du Tour 2018\" width=\"500\" height=\"281\" data-src=\"https:\/\/www.youtube.com\/embed\/2CO-Ho4Ne5E?feature=oembed\" frameborder=\"0\" allow=\"accelerometer; autoplay; clipboard-write; encrypted-media; gyroscope; picture-in-picture; web-share\" referrerpolicy=\"strict-origin-when-cross-origin\" allowfullscreen><\/iframe><\/div>\n<\/div>\n<p>En total, la caravana est\u00e1 formada por entre<strong> 160 y 170 veh\u00edculos que avanzan en fila para<\/strong><br \/>\n<strong> promocionar diversos socios comerciales de la carrera ciclista m\u00e1s famosa del mundo<\/strong>. La caravana completa puede extenderse hasta 12 km, y circula durante la etapa a<br \/>\naproximadamente la misma velocidad que los ciclistas, por lo que puede permanecer en la carretera m\u00e1s de cuatro horas. Es algo as\u00ed como un circo sobre ruedas y siempre arranca<br \/>\nexactamente dos horas antes del inicio de la carrera.<\/p>\n<p>El objeto, desde luego, es llamar la atenci\u00f3n de los espectadores. Esto significa que la<br \/>\ncaravana incluye, por ejemplo,<strong> figuras enormes de ciclistas con los colores de \u0160koda, as\u00ed<\/strong><br \/>\n<strong> como un gigantesco maillot verde para el mejor velocista<\/strong>. La caravana tambi\u00e9n lleva leones de peluche, naranjas de pl\u00e1stico gigantes, pasteles que parecen platillos voladores, freidoras<br \/>\nrepletas de patatas, pollos, e incluso autocaravanas.<br \/>\n<a href=\"https:\/\/d2p6e6u75xmxt8.cloudfront.net\/6\/2018\/07\/DSC_9313.JPG.jpg\"><img loading=\"lazy\" decoding=\"async\" class=\"aligncenter size-large wp-image-3203\" src=\"https:\/\/d2p6e6u75xmxt8.cloudfront.net\/6\/2018\/07\/DSC_9313.JPG-1024x683.jpg\" alt=\"\" width=\"1024\" height=\"683\" srcset=\"https:\/\/d2p6e6u75xmxt8.cloudfront.net\/6\/2018\/07\/DSC_9313.JPG-1024x683.jpg 1024w, https:\/\/d2p6e6u75xmxt8.cloudfront.net\/6\/2018\/07\/DSC_9313.JPG-300x200.jpg 300w, https:\/\/d2p6e6u75xmxt8.cloudfront.net\/6\/2018\/07\/DSC_9313.JPG-768x512.jpg 768w, https:\/\/d2p6e6u75xmxt8.cloudfront.net\/6\/2018\/07\/DSC_9313.JPG-1920x1280.jpg 1920w, https:\/\/d2p6e6u75xmxt8.cloudfront.net\/6\/2018\/07\/DSC_9313.JPG-272x182.jpg 272w, https:\/\/d2p6e6u75xmxt8.cloudfront.net\/6\/2018\/07\/DSC_9313.JPG-1920x1280.jpg 1920w\" sizes=\"auto, (max-width: 1024px) 100vw, 1024px\" \/><\/a><\/p>\n<p>Poner en marcha este mastodonte no es una tarea f\u00e1cil. <strong>En los preparativos y la traves\u00eda de la<\/strong><br \/>\n<strong> caravana participan unas 600 personas,<\/strong> que comienzan a preparar cada etapa casi dos horas antes de la hora de salida programada. En el gran aparcamiento situado cerca de cada etapa,<br \/>\ntodos los equipos dan los toques finales, cargan los miles de regalos, prueban las cintas de<br \/>\nm\u00fasica y afinan la coreograf\u00eda de los MCs y las bailarinas.<\/p>\n<h2><strong>Miles de obsequios<\/strong><\/h2>\n<p>Al principio de cada etapa, la caravana se divide en grupos m\u00e1s peque\u00f1os seg\u00fan las marcas<br \/>\nque promueven. Estos equipos mantienen una distancia adecuada entre ellos para que los<br \/>\nespectadores puedan prestar atenci\u00f3n a cada uno de los espect\u00e1culos que desfila ante ellos.<br \/>\nLa <strong>gran estrella de la parte de la caravana que ocupa \u0160koda es un veh\u00edculo de carga<\/strong><br \/>\n<strong> completamente reconstruido con el techo totalmente abierto y un gran maillot verde<\/strong> que distingue al ganador de la clasificaci\u00f3n de velocistas del Tour.<\/p>\n<p><img loading=\"lazy\" decoding=\"async\" class=\"alignnone size-extra-large\" src=\"https:\/\/cdn.skoda-storyboard.com\/2018\/07\/publicity_caravan_street_1.JPG-1440x960.jpg\" width=\"1440\" height=\"960\" \/><\/p>\n<p>El equipo est\u00e1 formado por un conductor y un MC cuya tarea es animar a los aficionados a lo largo de cada etapa. En los asientos traseros, algunas personalidades invitadas disfrutan de un viaje realmente singular.<\/p>\n<p>Todo el grupo va acompa\u00f1ado por una azafata que intenta entregar tantos regalos como sea<br \/>\nposible a lo largo del camino, entregando miles de maillots amarillos y gorras de ciclismo.<\/p>\n<p>Un gran coche aleg\u00f3rico recorre junto con cinco veh\u00edculos KODIAQ y KAROQ las etapas<br \/>\ndel Tour de Francia, llevando en su techo ciclistas sonrientes conocidos por el s<strong>itio web<\/strong><br \/>\n<strong> WeLoveCycling.com<\/strong>. La parte trasera de los cinco SUVs de acompa\u00f1amiento ha sido<br \/>\nmodificada para que otro miembro del equipo pueda entregar obsequios a los espectadores a<br \/>\nlo largo de toda la ruta. Cada d\u00eda, el equipo regala m\u00e1s de <strong>30 000 gorras y maillots al<\/strong><br \/>\n<strong> p\u00fablico, y durante todo el Tour distribuye m\u00e1s de 600 000 regalos a los aficionados.<\/strong><br \/>\nDurante las tres semanas que dura el Tour de Francia, la caravana entrega la incre\u00edble cifra de 14<br \/>\nmillones de obsequios.<\/p>\n<p><img loading=\"lazy\" decoding=\"async\" class=\"alignnone size-extra-large\" src=\"https:\/\/cdn.skoda-storyboard.com\/2018\/07\/publicity_caravan_team_1.JPG-1440x960.jpg\" width=\"1440\" height=\"960\" \/><\/p>\n<h2><strong>Una fiesta sobre ruedas<\/strong><\/h2>\n<p>Viajar en la caravana es toda una experiencia, sobre todo en un cami\u00f3n abierto. Puedes ver la<br \/>\nruta de la etapa frente a ti, <strong>sentir la energ\u00eda de los espectadores a ambos lados de la carretera\u00a0<\/strong><strong>e imaginar lo que debe de ser viajar en el pelot\u00f3n a toda velocidad<\/strong>. Sin embargo, lo que levanta m\u00e1s pasiones es sin duda la interacci\u00f3n con los aficionados a lo largo de la ruta. La gente aplaude y saluda, y durante los pocos segundos de paso, incluso puede haber un baile r\u00e1pido con el MC de pie junto al conductor del cami\u00f3n.<\/p>\n<p>Otis, el MC, est\u00e1 en su salsa: intercambia saludos, canta con los espectadores, baila e incluso<br \/>\nhace que la gente a ambos lados de la carretera haga la ola.<\/p>\n<p><img loading=\"lazy\" decoding=\"async\" class=\"alignnone size-extra-large\" src=\"https:\/\/cdn.skoda-storyboard.com\/2018\/07\/publicity_caravan_team_2.JPG-1440x960.jpg\" width=\"1440\" height=\"960\" \/><\/p>\n<p>Entretanto, se p<strong>ueden ver ni\u00f1os y adultos de mirada feliz poni\u00e9ndose las gorras y los maillots verdes que acaban de\u00a0 recibir de la azafata que viaja en el veh\u00edculo de enfrente<\/strong>. La gente se entusiasma mucho con la caravana y se lo pasa en grande, como puedes ver en el v\u00eddeo que acompa\u00f1a este art\u00edculo. Una encuesta del a\u00f1o pasado mostr\u00f3 que el 47 % del p\u00fablico vino a ver el Tour de Francia por la caravana.<\/p>\n<p>La idea de crear la caravana la tuvo hace <strong>88 a\u00f1os el fundador de la carrera, Henri Desgrange,\u00a0<\/strong><strong>que quer\u00eda que los equipos que participaban representaran a sus pa\u00edses, y no a marcas\u00a0<\/strong><strong>comerciales. M\u00e1s tarde, todos los socios del Tour de Francia<\/strong> se reunieron en una larga caravana que viajaba al frente de la misma ruta que hac\u00eda el pelot\u00f3n. La idea de los equipos nacionales no lleg\u00f3 a cuajar, pero la caravana fue un \u00e9xito inmediato entre los aficionados.<\/p>\n<p><img loading=\"lazy\" decoding=\"async\" class=\"alignnone size-extra-large\" src=\"https:\/\/cdn.skoda-storyboard.com\/2018\/07\/publicity_caravan_hostess_1.JPG-1440x960.jpg\" width=\"1440\" height=\"960\" \/><\/p>\n<p>Durante su m\u00e1s de 80 a\u00f1os de vida, se ha convertido en un fen\u00f3meno que forma parte del<br \/>\nTour de Francia, al igual que los ciclistas. Otro tanto ocurre con \u0160koda, que es socio de la<br \/>\ncarrera desde 2004.<\/p>\n<p><strong>Otis \u2013 animador, MC<\/strong><br \/>\n\u201cMi trabajo es asegurarme de que los aficionados disfruten de la colaboraci\u00f3n entre el<br \/>\nTour de Francia y la marca \u0160koda\u201d.<\/p>\n<p><strong>\u00bfQu\u00e9 papel desempe\u00f1a en la caravana?<\/strong><br \/>\nDe hecho, cumplo varias funciones. La principal es, sin duda, divertir. Ayudo a que los<br \/>\naficionados se lo pasen en grande a lo largo del recorrido, y promuevo la asociaci\u00f3n entre<br \/>\nambas marcas. \u0160koda AUTO ha sido socio del Tour durante muchos a\u00f1os, y supervisa la<br \/>\ncompetici\u00f3n por el maillot verde para el mejor velocista. Quiero motivar a la gente que viene<br \/>\npara que anime a los velocistas.<\/p>\n<p>Tambi\u00e9n animo a los invitados que viajan en nuestro veh\u00edculo a descubrir las bellezas de Francia y, a veces, ayudo a Jean-Marc, el conductor, a hacer frente a situaciones que se presentan en la ruta cuando hay que tener especial cuidado para no lesionar a nadie en la carretera cuando pasamos.<\/p>\n<p><img loading=\"lazy\" decoding=\"async\" class=\"alignnone size-extra-large\" src=\"https:\/\/cdn.skoda-storyboard.com\/2018\/07\/publicity_caravan_street_2.JPG-1440x960.jpg\" width=\"1440\" height=\"960\" \/><\/p>\n<p><strong>\u00bfSiente la energ\u00eda de la muchedumbre de aficionados a lo largo del recorrido?<\/strong><br \/>\nDesde luego. Las etapas del Tour de Francia est\u00e1n rodeadas de miles de aficionados cada<br \/>\na\u00f1o. De su energ\u00eda saco fuerzas para mi actuaci\u00f3n. Para m\u00ed, son una fuente de inspiraci\u00f3n.<\/p>\n<p><strong>\u00bfPrepara su actuaci\u00f3n en detalle de antemano o prefiere improvisar?<\/strong><br \/>\nTengo un boceto b\u00e1sico para cada etapa en el que hablo de los principales hitos del<br \/>\nrecorrido. Pero la mayor parte del tiempo improviso, porque en el veh\u00edculo viajan invitados<br \/>\ndistintos cada d\u00eda, y los aficionados en la carretera tambi\u00e9n cambian. Tengo que responder a<br \/>\nese cambio. Podr\u00edamos decir que la caravana de \u0160koda AUTO tiene un MC diferente cada<br \/>\nd\u00eda. Esa es la variedad que me gusta.<\/p>\n<p><strong>\u00bfDisfruta del recorrido de la caravana?<\/strong><br \/>\nHe estado a cargo de la caravana del Tour de Francia durante cuatro a\u00f1os. Mientras m\u00e1s<br \/>\nconozco el Tour de Francia y la marca \u0160koda AUTO, mejor puedo trabajar. Es una gran<br \/>\naventura y disfruto mucho con todo lo que conlleva.<\/p>\n<p><a href=\"https:\/\/d2p6e6u75xmxt8.cloudfront.net\/6\/2018\/07\/DSC_9388.JPG.jpg\"><img loading=\"lazy\" decoding=\"async\" class=\"aligncenter size-large wp-image-3204\" src=\"https:\/\/d2p6e6u75xmxt8.cloudfront.net\/6\/2018\/07\/DSC_9388.JPG-1024x683.jpg\" alt=\"\" width=\"1024\" height=\"683\" srcset=\"https:\/\/d2p6e6u75xmxt8.cloudfront.net\/6\/2018\/07\/DSC_9388.JPG-1024x683.jpg 1024w, https:\/\/d2p6e6u75xmxt8.cloudfront.net\/6\/2018\/07\/DSC_9388.JPG-300x200.jpg 300w, https:\/\/d2p6e6u75xmxt8.cloudfront.net\/6\/2018\/07\/DSC_9388.JPG-768x512.jpg 768w, https:\/\/d2p6e6u75xmxt8.cloudfront.net\/6\/2018\/07\/DSC_9388.JPG-1920x1280.jpg 1920w, https:\/\/d2p6e6u75xmxt8.cloudfront.net\/6\/2018\/07\/DSC_9388.JPG-272x182.jpg 272w, https:\/\/d2p6e6u75xmxt8.cloudfront.net\/6\/2018\/07\/DSC_9388.JPG-1920x1280.jpg 1920w\" sizes=\"auto, (max-width: 1024px) 100vw, 1024px\" \/><\/a><\/p>\n<p><strong>Jean-Marc \u2013 conductor del veh\u00edculo promocional<\/strong><br \/>\n\u201cConducir nuestro veh\u00edculo promocional es como conducir un cami\u00f3n, salvo que debo<br \/>\nllevar casco\u201d.<br \/>\n<strong>\u00bfCu\u00e1ntos kil\u00f3metros conduce durante todo el Tour de Francia?<\/strong><br \/>\nLos veh\u00edculos de acompa\u00f1amiento que circulan delante de m\u00ed recorren unos 11 000 km,<br \/>\nporque se mueven entre las etapas por iniciativa propia. Sin embargo, el gran veh\u00edculo<br \/>\npromocional se carga en un cami\u00f3n. Conduzco el mismo n\u00famero de kil\u00f3metros que la<br \/>\ncarrera ciclista, aproximadamente 3500.<\/p>\n<p><strong>\u00bfConducir un veh\u00edculo promocional tiene alguna particularidad?<\/strong><br \/>\nNada en especial. El veh\u00edculo se monta sobre el chasis de un cami\u00f3n de 3,5 toneladas, que se<br \/>\nconduce de forma muy parecida. No obstante, debo tener cuidado con el equipo del veh\u00edculo<br \/>\nque distribuye los regalos y, sobre todo, con los aficionados. Tengo que acercarme lo<br \/>\nsuficiente a los espectadores para que les lleguen nuestros regalos. Aun as\u00ed, tambi\u00e9n debo<br \/>\nprestar atenci\u00f3n a lo que pasa delante de m\u00ed porque algunos espectadores invaden la calzada<br \/>\nal recoger los regalos promocionales que arroja la caravana situada delante, y es ah\u00ed que la<br \/>\ncosa puede ponerse muy peligrosa.<\/p>\n<p><strong>\u00bfCu\u00e1les son los l\u00edmites de velocidad?<\/strong><br \/>\nNo podemos circular a m\u00e1s de 80 km\/h, pero mantenemos una velocidad media de 40 a lo<br \/>\nlargo del recorrido. Del aparcamiento a la salida y de la meta al aparcamiento, la velocidad<br \/>\nm\u00e1xima es de 30 km\/h.<\/p>\n<p><a href=\"https:\/\/d2p6e6u75xmxt8.cloudfront.net\/6\/2018\/07\/DSC_9410.JPG.jpg\"><img loading=\"lazy\" decoding=\"async\" class=\"aligncenter size-large wp-image-3205\" src=\"https:\/\/d2p6e6u75xmxt8.cloudfront.net\/6\/2018\/07\/DSC_9410.JPG-1024x683.jpg\" alt=\"\" width=\"1024\" height=\"683\" srcset=\"https:\/\/d2p6e6u75xmxt8.cloudfront.net\/6\/2018\/07\/DSC_9410.JPG-1024x683.jpg 1024w, https:\/\/d2p6e6u75xmxt8.cloudfront.net\/6\/2018\/07\/DSC_9410.JPG-300x200.jpg 300w, https:\/\/d2p6e6u75xmxt8.cloudfront.net\/6\/2018\/07\/DSC_9410.JPG-768x512.jpg 768w, https:\/\/d2p6e6u75xmxt8.cloudfront.net\/6\/2018\/07\/DSC_9410.JPG-1920x1280.jpg 1920w, https:\/\/d2p6e6u75xmxt8.cloudfront.net\/6\/2018\/07\/DSC_9410.JPG-272x182.jpg 272w, https:\/\/d2p6e6u75xmxt8.cloudfront.net\/6\/2018\/07\/DSC_9410.JPG-1920x1280.jpg 1920w\" sizes=\"auto, (max-width: 1024px) 100vw, 1024px\" \/><\/a><\/p>\n<p><strong>Maryse \u2013 azafata que entrega los regalos<\/strong><br \/>\n\u201cAunque solo pasamos un momento, puedo ver c\u00f3mo la gente se alegra con cada<br \/>\nregalo\u201d.<\/p>\n<p><strong>\u00bfCu\u00e1ntos regalos entrega cada etapa?<\/strong><br \/>\nEn cada etapa arrojo unas 5.500 gorras y maillots.<br \/>\n\u00bfDebe respetar alguna regla cuando arroja los regalos a los espectadores?<br \/>\nS\u00ed, existen reglas. No debemos arrojar los regalos demasiado alto, para que nadie resulte<br \/>\nlastimado. Tambi\u00e9n debemos tener cuidado de que los regalos queden sobre la calzada, para<br \/>\nque la gente no se ponga delante de los veh\u00edculos de la caravana para recogerlos.<\/p>\n<p><strong>\u00bfTiene tiempo de ver las reacciones cuando la gente recibe los regalos?<\/strong><br \/>\nClaro que s\u00ed. Es lo que m\u00e1s disfruto en la caravana. Me hace muy feliz ver la alegr\u00eda que<br \/>\nmuestran con cada regalo que les lanzo.<\/p>\n<div id=\"pg-w5b571b58a5256-0\" class=\"panel-grid panel-has-style\">\n<div class=\"panel-row-style panel-row-style-for-w5b571b58a5256-0\">\n<div id=\"pgc-w5b571b58a5256-0-0\" class=\"panel-grid-cell\">\n<div id=\"panel-w5b571b58a5256-0-0-1\" class=\"so-panel widget widget_sow-editor panel-last-child\" data-index=\"1\">\n<div class=\"default-bottom-margin panel-widget-style panel-widget-style-for-w5b571b58a5256-0-0-1\">\n<div class=\"so-widget-sow-editor so-widget-sow-editor-base\">\n<div class=\"siteorigin-widget-tinymce textwidget\">\n<p><strong><span class=\"text-uppercase\">15 A\u00d1OS DE RELACI\u00d3N ENTRE EL TOUR Y\u00a0\u0160koda<\/span><\/strong><\/p>\n<p><img loading=\"lazy\" decoding=\"async\" class=\"aligncenter wp-image-70756\" src=\"https:\/\/cdn.skoda-storyboard.com\/2018\/07\/white-line-stripe-e1530706984323-384x9.png\" sizes=\"auto, (max-width: 750px) 100vw, 750px\" srcset=\"https:\/\/cdn.skoda-storyboard.com\/2018\/07\/white-line-stripe-e1530706984323-384x9.png 384w, https:\/\/cdn.skoda-storyboard.com\/2018\/07\/white-line-stripe-e1530706984323-768x17.png 768w, https:\/\/cdn.skoda-storyboard.com\/2018\/07\/white-line-stripe-e1530706984323.png 1400w\" alt=\"white-line-stripe\" width=\"750\" height=\"17\" \/><\/p>\n<\/div>\n<\/div>\n<\/div>\n<\/div>\n<\/div>\n<\/div>\n<\/div>\n<div id=\"pg-w5b571b58a5256-1\" class=\"panel-grid panel-has-style\">\n<div class=\"pull-up panel-row-style panel-row-style-for-w5b571b58a5256-1\">\n<div id=\"pgc-w5b571b58a5256-1-0\" class=\"panel-grid-cell\">\n<div id=\"panel-w5b571b58a5256-1-0-0\" class=\"so-panel widget widget_sow-editor panel-first-child panel-last-child\" data-index=\"2\">\n<div class=\"default-bottom-margin panel-widget-style panel-widget-style-for-w5b571b58a5256-1-0-0\">\n<div class=\"so-widget-sow-editor so-widget-sow-editor-base\">\n<div class=\"siteorigin-widget-tinymce textwidget\">\n<p><img loading=\"lazy\" decoding=\"async\" class=\"aligncenter wp-image-70759 size-full\" src=\"https:\/\/cdn.skoda-storyboard.com\/2018\/07\/TdF-icon-cyclists-e1530707300809.png\" sizes=\"auto, (max-width: 800px) 100vw, 800px\" srcset=\"https:\/\/cdn.skoda-storyboard.com\/2018\/07\/TdF-icon-cyclists-e1530707300809.png 800w, https:\/\/cdn.skoda-storyboard.com\/2018\/07\/TdF-icon-cyclists-e1530707300809-384x340.png 384w, https:\/\/cdn.skoda-storyboard.com\/2018\/07\/TdF-icon-cyclists-e1530707300809-768x680.png 768w\" alt=\"TdF-icon-cyclists\" width=\"800\" height=\"708\" \/><\/p>\n<\/div>\n<\/div>\n<\/div>\n<\/div>\n<\/div>\n<div id=\"pgc-w5b571b58a5256-1-1\" class=\"panel-grid-cell\">\n<div id=\"panel-w5b571b58a5256-1-1-0\" class=\"so-panel widget widget_sow-editor panel-first-child panel-last-child\" data-index=\"3\">\n<div class=\"default-bottom-margin panel-widget-style panel-widget-style-for-w5b571b58a5256-1-1-0\">\n<div class=\"so-widget-sow-editor so-widget-sow-editor-base\">\n<div class=\"siteorigin-widget-tinymce textwidget\">\n<p>Este es el decimoquinto a\u00f1o del fabricante de autom\u00f3viles \u0160koda como patrocinador general del Tour de Francia. <strong>\u0160koda tambi\u00e9n dise\u00f1a los trofeos de los ganadores. Este a\u00f1o, los dise\u00f1adores se han unido a los vidrieros bohemios para producir trofeos de 60 cm de alto y 4 kg de peso para los campeones del 105\u00ba Tour de Francia<\/strong>. En la prueba de 2018, los corredores deber\u00e1n superar 3.351 kil\u00f3metros muy duros en 21 etapas<\/p>\n<p>&nbsp;<\/p>\n<\/div>\n<\/div>\n<\/div>\n<\/div>\n<\/div>\n<\/div>\n<\/div>\n","protected":false},"excerpt":{"rendered":"<p>Cada etapa del Tour de Francia va encabezada por una caravana de patrocinadores de la carrera de hasta 12 km [&hellip;]<\/p>\n","protected":false},"author":29,"featured_media":3202,"comment_status":"open","ping_status":"open","sticky":false,"template":"","format":"standard","meta":{"footnotes":""},"categories":[7],"tags":[574,575],"global-categories":[],"class_list":["post-3200","post","type-post","status-publish","format-standard","has-post-thumbnail","hentry","category-carretera","tag-caravana-del-tour","tag-caravana-tour-de-francia"],"yoast_head":"<!-- This site is optimized with the Yoast SEO Premium plugin v25.3 (Yoast SEO v25.9) - https:\/\/yoast.com\/wordpress\/plugins\/seo\/ -->\n<title>La caravana del Tour de Francia - \u0160koda We Love Cycling - Spain<\/title>\n<meta name=\"description\" content=\"Cada etapa del Tour de Francia va encabezada por una caravana de patrocinadores de la carrera de hasta 12 km de largo que tiene un \u00fanico objetivo: animar al p\u00fablico a lo largo del recorrido con un gran espect\u00e1culo.\" \/>\n<meta name=\"robots\" content=\"index, follow, max-snippet:-1, max-image-preview:large, max-video-preview:-1\" \/>\n<link rel=\"canonical\" href=\"https:\/\/www.welovecycling.com\/es\/2018\/07\/30\/la-caravana-del-tour\/\" \/>\n<meta property=\"og:locale\" content=\"es_ES\" \/>\n<meta property=\"og:type\" content=\"article\" \/>\n<meta property=\"og:title\" content=\"La caravana del Tour de Francia\" \/>\n<meta property=\"og:description\" content=\"Cada etapa del Tour de Francia va encabezada por una caravana de patrocinadores de la carrera de hasta 12 km de largo que tiene un \u00fanico objetivo: animar al p\u00fablico a lo largo del recorrido con un gran espect\u00e1culo.\" \/>\n<meta property=\"og:url\" content=\"https:\/\/www.welovecycling.com\/es\/2018\/07\/30\/la-caravana-del-tour\/\" \/>\n<meta property=\"og:site_name\" content=\"\u0160koda We Love Cycling - Spain\" \/>\n<meta property=\"article:published_time\" content=\"2018-07-30T11:21:26+00:00\" \/>\n<meta property=\"og:image\" content=\"https:\/\/d2p6e6u75xmxt8.cloudfront.net\/6\/2018\/07\/DSC_9400.JPG-1024x683.jpg\" \/>\n\t<meta property=\"og:image:width\" content=\"1024\" \/>\n\t<meta property=\"og:image:height\" content=\"683\" \/>\n\t<meta property=\"og:image:type\" content=\"image\/jpeg\" \/>\n<meta name=\"author\" content=\"We Love Cycling Spain\" \/>\n<meta name=\"twitter:card\" content=\"summary_large_image\" \/>\n<meta name=\"twitter:title\" content=\"La caravana del Tour de Francia\" \/>\n<meta name=\"twitter:description\" content=\"Cada etapa del Tour de Francia va encabezada por una caravana de patrocinadores de la carrera de hasta 12 km de largo que tiene un \u00fanico objetivo: animar al p\u00fablico a lo largo del recorrido con un gran espect\u00e1culo.\" \/>\n<meta name=\"twitter:label1\" content=\"Written by\" \/>\n\t<meta name=\"twitter:data1\" content=\"WeLoveCycling\" \/>\n\t<meta name=\"twitter:label2\" content=\"Est. reading time\" \/>\n\t<meta name=\"twitter:data2\" content=\"9 minutes\" \/>\n<script type=\"application\/ld+json\" class=\"yoast-schema-graph\">{\"@context\":\"https:\/\/schema.org\",\"@graph\":[{\"@type\":\"WebPage\",\"@id\":\"https:\/\/www.welovecycling.com\/es\/2018\/07\/30\/la-caravana-del-tour\/\",\"url\":\"https:\/\/www.welovecycling.com\/es\/2018\/07\/30\/la-caravana-del-tour\/\",\"name\":\"La caravana del Tour de Francia - \u0160koda We Love Cycling - Spain\",\"isPartOf\":{\"@id\":\"https:\/\/www.welovecycling.com\/es\/#website\"},\"primaryImageOfPage\":{\"@id\":\"https:\/\/www.welovecycling.com\/es\/2018\/07\/30\/la-caravana-del-tour\/#primaryimage\"},\"image\":{\"@id\":\"https:\/\/www.welovecycling.com\/es\/2018\/07\/30\/la-caravana-del-tour\/#primaryimage\"},\"thumbnailUrl\":\"https:\/\/d2p6e6u75xmxt8.cloudfront.net\/6\/2018\/07\/DSC_9400.JPG.jpg\",\"datePublished\":\"2018-07-30T11:21:26+00:00\",\"author\":{\"@id\":\"https:\/\/www.welovecycling.com\/es\/#\/schema\/person\/deb61715b5812698ee79fb96f343ccd4\"},\"description\":\"Cada etapa del Tour de Francia va encabezada por una caravana de patrocinadores de la carrera de hasta 12 km de largo que tiene un \u00fanico objetivo: animar al p\u00fablico a lo largo del recorrido con un gran espect\u00e1culo.\",\"breadcrumb\":{\"@id\":\"https:\/\/www.welovecycling.com\/es\/2018\/07\/30\/la-caravana-del-tour\/#breadcrumb\"},\"inLanguage\":\"es-ES\",\"potentialAction\":[{\"@type\":\"ReadAction\",\"target\":[\"https:\/\/www.welovecycling.com\/es\/2018\/07\/30\/la-caravana-del-tour\/\"]}]},{\"@type\":\"ImageObject\",\"inLanguage\":\"es-ES\",\"@id\":\"https:\/\/www.welovecycling.com\/es\/2018\/07\/30\/la-caravana-del-tour\/#primaryimage\",\"url\":\"https:\/\/d2p6e6u75xmxt8.cloudfront.net\/6\/2018\/07\/DSC_9400.JPG.jpg\",\"contentUrl\":\"https:\/\/d2p6e6u75xmxt8.cloudfront.net\/6\/2018\/07\/DSC_9400.JPG.jpg\",\"width\":6560,\"height\":4374},{\"@type\":\"BreadcrumbList\",\"@id\":\"https:\/\/www.welovecycling.com\/es\/2018\/07\/30\/la-caravana-del-tour\/#breadcrumb\",\"itemListElement\":[{\"@type\":\"ListItem\",\"position\":1,\"name\":\"Home\",\"item\":\"https:\/\/www.welovecycling.com\/es\/\"},{\"@type\":\"ListItem\",\"position\":2,\"name\":\"La caravana del Tour de Francia\"}]},{\"@type\":\"WebSite\",\"@id\":\"https:\/\/www.welovecycling.com\/es\/#website\",\"url\":\"https:\/\/www.welovecycling.com\/es\/\",\"name\":\"\u0160koda We Love Cycling - Spain\",\"description\":\"\u0160koda WeLoveCycling Spain\",\"potentialAction\":[{\"@type\":\"SearchAction\",\"target\":{\"@type\":\"EntryPoint\",\"urlTemplate\":\"https:\/\/www.welovecycling.com\/es\/?s={search_term_string}\"},\"query-input\":{\"@type\":\"PropertyValueSpecification\",\"valueRequired\":true,\"valueName\":\"search_term_string\"}}],\"inLanguage\":\"es-ES\"},{\"@type\":\"Person\",\"@id\":\"https:\/\/www.welovecycling.com\/es\/#\/schema\/person\/deb61715b5812698ee79fb96f343ccd4\",\"name\":\"We Love Cycling Spain\",\"image\":{\"@type\":\"ImageObject\",\"inLanguage\":\"es-ES\",\"@id\":\"https:\/\/www.welovecycling.com\/es\/#\/schema\/person\/image\/\",\"url\":\"https:\/\/secure.gravatar.com\/avatar\/c824b04e6df0e37a03219d0b6481672889df542894588964102459e46513159c?s=96&d=mm&r=g\",\"contentUrl\":\"https:\/\/secure.gravatar.com\/avatar\/c824b04e6df0e37a03219d0b6481672889df542894588964102459e46513159c?s=96&d=mm&r=g\",\"caption\":\"We Love Cycling Spain\"},\"url\":\"https:\/\/www.welovecycling.com\/es\/author\/amunoz\/\"}]}<\/script>\n<!-- \/ Yoast SEO Premium plugin. -->","yoast_head_json":{"title":"La caravana del Tour de Francia - \u0160koda We Love Cycling - Spain","description":"Cada etapa del Tour de Francia va encabezada por una caravana de patrocinadores de la carrera de hasta 12 km de largo que tiene un \u00fanico objetivo: animar al p\u00fablico a lo largo del recorrido con un gran espect\u00e1culo.","robots":{"index":"index","follow":"follow","max-snippet":"max-snippet:-1","max-image-preview":"max-image-preview:large","max-video-preview":"max-video-preview:-1"},"canonical":"https:\/\/www.welovecycling.com\/es\/2018\/07\/30\/la-caravana-del-tour\/","og_locale":"es_ES","og_type":"article","og_title":"La caravana del Tour de Francia","og_description":"Cada etapa del Tour de Francia va encabezada por una caravana de patrocinadores de la carrera de hasta 12 km de largo que tiene un \u00fanico objetivo: animar al p\u00fablico a lo largo del recorrido con un gran espect\u00e1culo.","og_url":"https:\/\/www.welovecycling.com\/es\/2018\/07\/30\/la-caravana-del-tour\/","og_site_name":"\u0160koda We Love Cycling - Spain","article_published_time":"2018-07-30T11:21:26+00:00","og_image":[{"width":1024,"height":683,"url":"https:\/\/d2p6e6u75xmxt8.cloudfront.net\/6\/2018\/07\/DSC_9400.JPG-1024x683.jpg","type":"image\/jpeg"}],"author":"We Love Cycling Spain","twitter_card":"summary_large_image","twitter_title":"La caravana del Tour de Francia","twitter_description":"Cada etapa del Tour de Francia va encabezada por una caravana de patrocinadores de la carrera de hasta 12 km de largo que tiene un \u00fanico objetivo: animar al p\u00fablico a lo largo del recorrido con un gran espect\u00e1culo.","twitter_misc":{"Written by":"WeLoveCycling","Est. reading time":"9 minutes"},"schema":{"@context":"https:\/\/schema.org","@graph":[{"@type":"WebPage","@id":"https:\/\/www.welovecycling.com\/es\/2018\/07\/30\/la-caravana-del-tour\/","url":"https:\/\/www.welovecycling.com\/es\/2018\/07\/30\/la-caravana-del-tour\/","name":"La caravana del Tour de Francia - \u0160koda We Love Cycling - Spain","isPartOf":{"@id":"https:\/\/www.welovecycling.com\/es\/#website"},"primaryImageOfPage":{"@id":"https:\/\/www.welovecycling.com\/es\/2018\/07\/30\/la-caravana-del-tour\/#primaryimage"},"image":{"@id":"https:\/\/www.welovecycling.com\/es\/2018\/07\/30\/la-caravana-del-tour\/#primaryimage"},"thumbnailUrl":"https:\/\/d2p6e6u75xmxt8.cloudfront.net\/6\/2018\/07\/DSC_9400.JPG.jpg","datePublished":"2018-07-30T11:21:26+00:00","author":{"@id":"https:\/\/www.welovecycling.com\/es\/#\/schema\/person\/deb61715b5812698ee79fb96f343ccd4"},"description":"Cada etapa del Tour de Francia va encabezada por una caravana de patrocinadores de la carrera de hasta 12 km de largo que tiene un \u00fanico objetivo: animar al p\u00fablico a lo largo del recorrido con un gran espect\u00e1culo.","breadcrumb":{"@id":"https:\/\/www.welovecycling.com\/es\/2018\/07\/30\/la-caravana-del-tour\/#breadcrumb"},"inLanguage":"es-ES","potentialAction":[{"@type":"ReadAction","target":["https:\/\/www.welovecycling.com\/es\/2018\/07\/30\/la-caravana-del-tour\/"]}]},{"@type":"ImageObject","inLanguage":"es-ES","@id":"https:\/\/www.welovecycling.com\/es\/2018\/07\/30\/la-caravana-del-tour\/#primaryimage","url":"https:\/\/d2p6e6u75xmxt8.cloudfront.net\/6\/2018\/07\/DSC_9400.JPG.jpg","contentUrl":"https:\/\/d2p6e6u75xmxt8.cloudfront.net\/6\/2018\/07\/DSC_9400.JPG.jpg","width":6560,"height":4374},{"@type":"BreadcrumbList","@id":"https:\/\/www.welovecycling.com\/es\/2018\/07\/30\/la-caravana-del-tour\/#breadcrumb","itemListElement":[{"@type":"ListItem","position":1,"name":"Home","item":"https:\/\/www.welovecycling.com\/es\/"},{"@type":"ListItem","position":2,"name":"La caravana del Tour de Francia"}]},{"@type":"WebSite","@id":"https:\/\/www.welovecycling.com\/es\/#website","url":"https:\/\/www.welovecycling.com\/es\/","name":"\u0160koda We Love Cycling - Spain","description":"\u0160koda WeLoveCycling Spain","potentialAction":[{"@type":"SearchAction","target":{"@type":"EntryPoint","urlTemplate":"https:\/\/www.welovecycling.com\/es\/?s={search_term_string}"},"query-input":{"@type":"PropertyValueSpecification","valueRequired":true,"valueName":"search_term_string"}}],"inLanguage":"es-ES"},{"@type":"Person","@id":"https:\/\/www.welovecycling.com\/es\/#\/schema\/person\/deb61715b5812698ee79fb96f343ccd4","name":"We Love Cycling Spain","image":{"@type":"ImageObject","inLanguage":"es-ES","@id":"https:\/\/www.welovecycling.com\/es\/#\/schema\/person\/image\/","url":"https:\/\/secure.gravatar.com\/avatar\/c824b04e6df0e37a03219d0b6481672889df542894588964102459e46513159c?s=96&d=mm&r=g","contentUrl":"https:\/\/secure.gravatar.com\/avatar\/c824b04e6df0e37a03219d0b6481672889df542894588964102459e46513159c?s=96&d=mm&r=g","caption":"We Love Cycling Spain"},"url":"https:\/\/www.welovecycling.com\/es\/author\/amunoz\/"}]}},"_links":{"self":[{"href":"https:\/\/www.welovecycling.com\/es\/wp-json\/wp\/v2\/posts\/3200","targetHints":{"allow":["GET"]}}],"collection":[{"href":"https:\/\/www.welovecycling.com\/es\/wp-json\/wp\/v2\/posts"}],"about":[{"href":"https:\/\/www.welovecycling.com\/es\/wp-json\/wp\/v2\/types\/post"}],"author":[{"embeddable":true,"href":"https:\/\/www.welovecycling.com\/es\/wp-json\/wp\/v2\/users\/29"}],"replies":[{"embeddable":true,"href":"https:\/\/www.welovecycling.com\/es\/wp-json\/wp\/v2\/comments?post=3200"}],"version-history":[{"count":1,"href":"https:\/\/www.welovecycling.com\/es\/wp-json\/wp\/v2\/posts\/3200\/revisions"}],"predecessor-version":[{"id":3206,"href":"https:\/\/www.welovecycling.com\/es\/wp-json\/wp\/v2\/posts\/3200\/revisions\/3206"}],"wp:featuredmedia":[{"embeddable":true,"href":"https:\/\/www.welovecycling.com\/es\/wp-json\/wp\/v2\/media\/3202"}],"wp:attachment":[{"href":"https:\/\/www.welovecycling.com\/es\/wp-json\/wp\/v2\/media?parent=3200"}],"wp:term":[{"taxonomy":"category","embeddable":true,"href":"https:\/\/www.welovecycling.com\/es\/wp-json\/wp\/v2\/categories?post=3200"},{"taxonomy":"post_tag","embeddable":true,"href":"https:\/\/www.welovecycling.com\/es\/wp-json\/wp\/v2\/tags?post=3200"},{"taxonomy":"global-categories","embeddable":true,"href":"https:\/\/www.welovecycling.com\/es\/wp-json\/wp\/v2\/global-categories?post=3200"}],"curies":[{"name":"wp","href":"https:\/\/api.w.org\/{rel}","templated":true}]}}