{"id":3191,"date":"2018-07-28T18:43:46","date_gmt":"2018-07-28T16:43:46","guid":{"rendered":"https:\/\/www.welovecycling.com\/es\/?p=3191"},"modified":"2018-07-28T18:43:46","modified_gmt":"2018-07-28T16:43:46","slug":"tour-de-francia-femenino-2018","status":"publish","type":"post","link":"https:\/\/www.welovecycling.com\/es\/2018\/07\/28\/tour-de-francia-femenino-2018\/","title":{"rendered":"El Tour de Francia femenino 2018"},"content":{"rendered":"<p><strong>Al finalizar el Tour de Francia, nos gustar\u00eda presentaros a un grupo menos conocido de ciclistas intr\u00e9pidas que tambi\u00e9n han estado haciendo frente a la ruta de 3.351 km de 21 etapas. Con un d\u00eda de ventaja sobre los hombres, 12 chicas amateurs han completado su propio circuito del Tour. Acompa\u00f1ados por un elenco rotativo de otros ciclistas entusiastas que se unen a ellas cada d\u00eda para participar en la acci\u00f3n, estas guerreras quieren demostrar que tambi\u00e9n es posible un Tour de Francia para mujeres.<\/strong><!--more--><\/p>\n<p>Donnons des Elles au V\u00e9lo comenz\u00f3 hace cuatro a\u00f1os cuando, a la edad de 29 a\u00f1os, la ciclista Claire Floret decidi\u00f3 que la falta de un Tour de Francia femenino oficial no iba a impedirle desafiar sus l\u00edmites y ver si ten\u00eda lo necesario para completar la ruta. Junto a otras dos ciclistas, completaron toda la carrera y demostraron que las mujeres pod\u00edan hacer un recorrido igual que los hombres.<\/p>\n<p>Despu\u00e9s de un per\u00edodo de 6 a\u00f1os en los a\u00f1os 80, donde las mujeres corr\u00edan primero y completaban la mitad de la distancia que los hombres, el Tour de Francia de las mujeres fue cancelado debido a una declarada falta de inter\u00e9s por parte de los patrocinadores. Otro golpe a la igualdad de g\u00e9nero en el ciclismo, los organizadores oficiales del Tour de Francia han dudado en comentar la posibilidad de un resurgimiento del Tour femenino. Sin embargo, en 2015, Floret y sus compa\u00f1eras de equipo decidieron que hab\u00eda que hacer algo, as\u00ed que siguieron adelante y recorrieron el Tour por su cuenta, completando la distancia completa de cada etapa.<\/p>\n<p><a href=\"https:\/\/d2p6e6u75xmxt8.cloudfront.net\/6\/2018\/07\/37904691_1926447557664940_4981139148178980864_o-1.jpg\"><img loading=\"lazy\" decoding=\"async\" class=\"alignnone size-full wp-image-3192\" src=\"https:\/\/d2p6e6u75xmxt8.cloudfront.net\/6\/2018\/07\/37904691_1926447557664940_4981139148178980864_o-1.jpg\" alt=\"\" width=\"1729\" height=\"1151\" srcset=\"https:\/\/d2p6e6u75xmxt8.cloudfront.net\/6\/2018\/07\/37904691_1926447557664940_4981139148178980864_o-1.jpg 1729w, https:\/\/d2p6e6u75xmxt8.cloudfront.net\/6\/2018\/07\/37904691_1926447557664940_4981139148178980864_o-1-300x200.jpg 300w, https:\/\/d2p6e6u75xmxt8.cloudfront.net\/6\/2018\/07\/37904691_1926447557664940_4981139148178980864_o-1-768x511.jpg 768w, https:\/\/d2p6e6u75xmxt8.cloudfront.net\/6\/2018\/07\/37904691_1926447557664940_4981139148178980864_o-1-1024x682.jpg 1024w, https:\/\/d2p6e6u75xmxt8.cloudfront.net\/6\/2018\/07\/37904691_1926447557664940_4981139148178980864_o-1-272x182.jpg 272w\" sizes=\"auto, (max-width: 1729px) 100vw, 1729px\" \/><\/a><\/p>\n<div id='gallery-1' class='gallery galleryid-3191 gallery-columns-3 gallery-size-medium'><figure class='gallery-item'>\n\t\t\t<div class='gallery-icon landscape'>\n\t\t\t\t<a href='https:\/\/d2p6e6u75xmxt8.cloudfront.net\/6\/2018\/07\/37778281_1925137727795923_6932053623488643072_o.jpg'><img loading=\"lazy\" decoding=\"async\" width=\"300\" height=\"200\" src=\"https:\/\/d2p6e6u75xmxt8.cloudfront.net\/6\/2018\/07\/37778281_1925137727795923_6932053623488643072_o-300x200.jpg\" class=\"attachment-medium size-medium\" alt=\"\" srcset=\"https:\/\/d2p6e6u75xmxt8.cloudfront.net\/6\/2018\/07\/37778281_1925137727795923_6932053623488643072_o-300x200.jpg 300w, https:\/\/d2p6e6u75xmxt8.cloudfront.net\/6\/2018\/07\/37778281_1925137727795923_6932053623488643072_o-768x511.jpg 768w, https:\/\/d2p6e6u75xmxt8.cloudfront.net\/6\/2018\/07\/37778281_1925137727795923_6932053623488643072_o-1024x681.jpg 1024w, https:\/\/d2p6e6u75xmxt8.cloudfront.net\/6\/2018\/07\/37778281_1925137727795923_6932053623488643072_o-1920x1278.jpg 1920w, https:\/\/d2p6e6u75xmxt8.cloudfront.net\/6\/2018\/07\/37778281_1925137727795923_6932053623488643072_o-272x182.jpg 272w, https:\/\/d2p6e6u75xmxt8.cloudfront.net\/6\/2018\/07\/37778281_1925137727795923_6932053623488643072_o.jpg 2042w, https:\/\/d2p6e6u75xmxt8.cloudfront.net\/6\/2018\/07\/37778281_1925137727795923_6932053623488643072_o-1920x1278.jpg 1920w\" sizes=\"auto, (max-width: 300px) 100vw, 300px\" \/><\/a>\n\t\t\t<\/div><\/figure><figure class='gallery-item'>\n\t\t\t<div class='gallery-icon landscape'>\n\t\t\t\t<a href='https:\/\/d2p6e6u75xmxt8.cloudfront.net\/6\/2018\/07\/37838936_1926447710998258_2250684084260962304_o.jpg'><img loading=\"lazy\" decoding=\"async\" width=\"300\" height=\"200\" src=\"https:\/\/d2p6e6u75xmxt8.cloudfront.net\/6\/2018\/07\/37838936_1926447710998258_2250684084260962304_o-300x200.jpg\" class=\"attachment-medium size-medium\" alt=\"\" srcset=\"https:\/\/d2p6e6u75xmxt8.cloudfront.net\/6\/2018\/07\/37838936_1926447710998258_2250684084260962304_o-300x200.jpg 300w, https:\/\/d2p6e6u75xmxt8.cloudfront.net\/6\/2018\/07\/37838936_1926447710998258_2250684084260962304_o-768x511.jpg 768w, https:\/\/d2p6e6u75xmxt8.cloudfront.net\/6\/2018\/07\/37838936_1926447710998258_2250684084260962304_o-1024x682.jpg 1024w, https:\/\/d2p6e6u75xmxt8.cloudfront.net\/6\/2018\/07\/37838936_1926447710998258_2250684084260962304_o-272x182.jpg 272w, https:\/\/d2p6e6u75xmxt8.cloudfront.net\/6\/2018\/07\/37838936_1926447710998258_2250684084260962304_o.jpg 1729w\" sizes=\"auto, (max-width: 300px) 100vw, 300px\" \/><\/a>\n\t\t\t<\/div><\/figure><figure class='gallery-item'>\n\t\t\t<div class='gallery-icon landscape'>\n\t\t\t\t<a href='https:\/\/d2p6e6u75xmxt8.cloudfront.net\/6\/2018\/07\/37832952_1926447430998286_5131977832678817792_o.jpg'><img loading=\"lazy\" decoding=\"async\" width=\"300\" height=\"200\" src=\"https:\/\/d2p6e6u75xmxt8.cloudfront.net\/6\/2018\/07\/37832952_1926447430998286_5131977832678817792_o-300x200.jpg\" class=\"attachment-medium size-medium\" alt=\"\" srcset=\"https:\/\/d2p6e6u75xmxt8.cloudfront.net\/6\/2018\/07\/37832952_1926447430998286_5131977832678817792_o-300x200.jpg 300w, https:\/\/d2p6e6u75xmxt8.cloudfront.net\/6\/2018\/07\/37832952_1926447430998286_5131977832678817792_o-768x511.jpg 768w, https:\/\/d2p6e6u75xmxt8.cloudfront.net\/6\/2018\/07\/37832952_1926447430998286_5131977832678817792_o-1024x682.jpg 1024w, https:\/\/d2p6e6u75xmxt8.cloudfront.net\/6\/2018\/07\/37832952_1926447430998286_5131977832678817792_o-272x182.jpg 272w, https:\/\/d2p6e6u75xmxt8.cloudfront.net\/6\/2018\/07\/37832952_1926447430998286_5131977832678817792_o.jpg 1729w\" sizes=\"auto, (max-width: 300px) 100vw, 300px\" \/><\/a>\n\t\t\t<\/div><\/figure>\n\t\t<\/div>\n\n<p>Anna Barrero, otro miembro de Donnons des Elles au V\u00e9lo, explic\u00f3 a We Love Cycling que le presentaron el proyecto hace tres a\u00f1os cuando era una de las cient\u00edficas que trabajaba en un estudio m\u00e9dico sobre la fatiga card\u00edaca en el que participaban los ciclistas. &#8220;Cuando descubr\u00ed que estaban luchando por la igualdad de las mujeres y entend\u00ed los valores del proyecto (adem\u00e1s de que me encanta el ciclismo) decid\u00ed participar tambi\u00e9n&#8221;, nos dijo.<\/p>\n<p>Este a\u00f1o Barrero est\u00e1 junto a otras 11 ciclistas que forman un grupo consumado de cient\u00edficos, maestros, periodistas, madres y mujeres impresionantes. Ninguna de ellas es ciclista profesional y, a pesar de las vidas muy diferentes que llevan el resto del a\u00f1o, se unen cada julio por una causa com\u00fan: llamar la atenci\u00f3n sobre la realidad del ciclismo femenino y exigir una recuperaci\u00f3n del Tour de Francia femenino.<\/p>\n<p>Los objetivos planteados por Donnons des Elles au V\u00e9lo (que se traduce literalmente como &#8220;dar alas a la bicicleta&#8221;, pero que tambi\u00e9n evoca un bonito doble significado en franc\u00e9s, &#8220;darle la bici&#8221;) son sencillos y bien definidos. En primer lugar, quieren <strong>promover el ciclismo femenino y unir a ciclistas de diferentes estilos y niveles, desde principiantes hasta profesionales<\/strong>. Lo hacen animando a corredores de todos los niveles a unirse a ellos en la etapa cada d\u00eda, ya sea durante unas decenas de kil\u00f3metros o durante toda la etapa.<\/p>\n<p><a href=\"https:\/\/d2p6e6u75xmxt8.cloudfront.net\/6\/2018\/07\/37815077_1926447534331609_1565249119620956160_o.jpg\"><img loading=\"lazy\" decoding=\"async\" class=\"alignnone size-full wp-image-3193\" src=\"https:\/\/d2p6e6u75xmxt8.cloudfront.net\/6\/2018\/07\/37815077_1926447534331609_1565249119620956160_o.jpg\" alt=\"\" width=\"1729\" height=\"1151\" srcset=\"https:\/\/d2p6e6u75xmxt8.cloudfront.net\/6\/2018\/07\/37815077_1926447534331609_1565249119620956160_o.jpg 1729w, https:\/\/d2p6e6u75xmxt8.cloudfront.net\/6\/2018\/07\/37815077_1926447534331609_1565249119620956160_o-300x200.jpg 300w, https:\/\/d2p6e6u75xmxt8.cloudfront.net\/6\/2018\/07\/37815077_1926447534331609_1565249119620956160_o-768x511.jpg 768w, https:\/\/d2p6e6u75xmxt8.cloudfront.net\/6\/2018\/07\/37815077_1926447534331609_1565249119620956160_o-1024x682.jpg 1024w, https:\/\/d2p6e6u75xmxt8.cloudfront.net\/6\/2018\/07\/37815077_1926447534331609_1565249119620956160_o-272x182.jpg 272w\" sizes=\"auto, (max-width: 1729px) 100vw, 1729px\" \/><\/a><\/p>\n<p>Barrero nos explic\u00f3: &#8220;Nos gustar\u00eda decirles a todas las mujeres que no tienen que tener miedo de andar en bicicleta o de cualquier otra cosa en sus vidas.&#8221; El mensaje es: &#8220;Salgan y hagan lo que quieran. Viaje un kil\u00f3metro, un tour o lo que usted desee, pero si\u00e9ntase libre de decidir. Necesitamos tener las mismas oportunidades que los hombres y eso comienza demostrando que podemos hacer todo lo que nos propongamos&#8221;.<\/p>\n<p>Adem\u00e1s de animar a otras corredoras, Donnons des Elles au V\u00e9lo tambi\u00e9n quiere presionar a los organizadores de la carrera y a las autoridades para que relancen lo antes posible una verdadera carrera femenina y, a medida que demuestren por s\u00ed mismas de lo que son capaces las mujeres, la cuesti\u00f3n va a ser cada vez m\u00e1s dif\u00edcil de ignorar. Mientras tanto, est\u00e1n trabajando para aumentar la cobertura medi\u00e1tica del ciclismo femenino con el fin de cambiar la imagen, romper el estereotipo y exponer la heterogeneidad presente en el deporte.<\/p>\n<p>Lo que comenz\u00f3 como un grupo de 3 hace cuatro a\u00f1os, Donnons des Elles ya se ha cuadruplicado en un equipo de 12, por no hablar de los cientos de otros corredores que han tenido la oportunidad de correr parte del Tour de Francia gracias al liderazgo de estas mujeres. Esperamos que este n\u00famero aumente de nuevo el a\u00f1o que viene, ya que su proyecto sigue creciendo y cada vez m\u00e1s mujeres ciclistas se niegan a que les digan &#8220;no&#8221;.<\/p>\n<p><a href=\"https:\/\/d2p6e6u75xmxt8.cloudfront.net\/6\/2018\/07\/donnons2.jpg\"><img loading=\"lazy\" decoding=\"async\" class=\"alignnone size-full wp-image-3194\" src=\"https:\/\/d2p6e6u75xmxt8.cloudfront.net\/6\/2018\/07\/donnons2.jpg\" alt=\"\" width=\"1366\" height=\"600\" srcset=\"https:\/\/d2p6e6u75xmxt8.cloudfront.net\/6\/2018\/07\/donnons2.jpg 1366w, https:\/\/d2p6e6u75xmxt8.cloudfront.net\/6\/2018\/07\/donnons2-300x132.jpg 300w, https:\/\/d2p6e6u75xmxt8.cloudfront.net\/6\/2018\/07\/donnons2-768x337.jpg 768w, https:\/\/d2p6e6u75xmxt8.cloudfront.net\/6\/2018\/07\/donnons2-1024x450.jpg 1024w\" sizes=\"auto, (max-width: 1366px) 100vw, 1366px\" \/><\/a><\/p>\n<div id='gallery-2' class='gallery galleryid-3191 gallery-columns-3 gallery-size-large'><figure class='gallery-item'>\n\t\t\t<div class='gallery-icon landscape'>\n\t\t\t\t<a href='https:\/\/d2p6e6u75xmxt8.cloudfront.net\/6\/2018\/07\/37790586_1925136627796033_1843874673293524992_o.jpg'><img loading=\"lazy\" decoding=\"async\" width=\"1024\" height=\"682\" src=\"https:\/\/d2p6e6u75xmxt8.cloudfront.net\/6\/2018\/07\/37790586_1925136627796033_1843874673293524992_o-1024x682.jpg\" class=\"attachment-large size-large\" alt=\"\" srcset=\"https:\/\/d2p6e6u75xmxt8.cloudfront.net\/6\/2018\/07\/37790586_1925136627796033_1843874673293524992_o-1024x682.jpg 1024w, https:\/\/d2p6e6u75xmxt8.cloudfront.net\/6\/2018\/07\/37790586_1925136627796033_1843874673293524992_o-300x200.jpg 300w, https:\/\/d2p6e6u75xmxt8.cloudfront.net\/6\/2018\/07\/37790586_1925136627796033_1843874673293524992_o-768x511.jpg 768w, https:\/\/d2p6e6u75xmxt8.cloudfront.net\/6\/2018\/07\/37790586_1925136627796033_1843874673293524992_o-272x182.jpg 272w, https:\/\/d2p6e6u75xmxt8.cloudfront.net\/6\/2018\/07\/37790586_1925136627796033_1843874673293524992_o.jpg 1729w\" sizes=\"auto, (max-width: 1024px) 100vw, 1024px\" \/><\/a>\n\t\t\t<\/div><\/figure><figure class='gallery-item'>\n\t\t\t<div class='gallery-icon landscape'>\n\t\t\t\t<a href='https:\/\/d2p6e6u75xmxt8.cloudfront.net\/6\/2018\/07\/37779883_1925137171129312_6841665723211710464_o.jpg'><img loading=\"lazy\" decoding=\"async\" width=\"1024\" height=\"682\" src=\"https:\/\/d2p6e6u75xmxt8.cloudfront.net\/6\/2018\/07\/37779883_1925137171129312_6841665723211710464_o-1024x682.jpg\" class=\"attachment-large size-large\" alt=\"\" srcset=\"https:\/\/d2p6e6u75xmxt8.cloudfront.net\/6\/2018\/07\/37779883_1925137171129312_6841665723211710464_o-1024x682.jpg 1024w, https:\/\/d2p6e6u75xmxt8.cloudfront.net\/6\/2018\/07\/37779883_1925137171129312_6841665723211710464_o-300x200.jpg 300w, https:\/\/d2p6e6u75xmxt8.cloudfront.net\/6\/2018\/07\/37779883_1925137171129312_6841665723211710464_o-768x511.jpg 768w, https:\/\/d2p6e6u75xmxt8.cloudfront.net\/6\/2018\/07\/37779883_1925137171129312_6841665723211710464_o-272x182.jpg 272w, https:\/\/d2p6e6u75xmxt8.cloudfront.net\/6\/2018\/07\/37779883_1925137171129312_6841665723211710464_o.jpg 1729w\" sizes=\"auto, (max-width: 1024px) 100vw, 1024px\" \/><\/a>\n\t\t\t<\/div><\/figure><figure class='gallery-item'>\n\t\t\t<div class='gallery-icon landscape'>\n\t\t\t\t<a href='https:\/\/d2p6e6u75xmxt8.cloudfront.net\/6\/2018\/07\/37798274_1925137694462593_7712064446591401984_o.jpg'><img loading=\"lazy\" decoding=\"async\" width=\"1024\" height=\"682\" src=\"https:\/\/d2p6e6u75xmxt8.cloudfront.net\/6\/2018\/07\/37798274_1925137694462593_7712064446591401984_o-1024x682.jpg\" class=\"attachment-large size-large\" alt=\"\" srcset=\"https:\/\/d2p6e6u75xmxt8.cloudfront.net\/6\/2018\/07\/37798274_1925137694462593_7712064446591401984_o-1024x682.jpg 1024w, https:\/\/d2p6e6u75xmxt8.cloudfront.net\/6\/2018\/07\/37798274_1925137694462593_7712064446591401984_o-300x200.jpg 300w, https:\/\/d2p6e6u75xmxt8.cloudfront.net\/6\/2018\/07\/37798274_1925137694462593_7712064446591401984_o-768x511.jpg 768w, https:\/\/d2p6e6u75xmxt8.cloudfront.net\/6\/2018\/07\/37798274_1925137694462593_7712064446591401984_o-272x182.jpg 272w, https:\/\/d2p6e6u75xmxt8.cloudfront.net\/6\/2018\/07\/37798274_1925137694462593_7712064446591401984_o.jpg 1729w\" sizes=\"auto, (max-width: 1024px) 100vw, 1024px\" \/><\/a>\n\t\t\t<\/div><\/figure>\n\t\t<\/div>\n\n<p><a href=\"https:\/\/www.facebook.com\/DonnonsdesellesauveloJ1\/\">Pues\u00a0 puede seguir junto con Donnons des Elles au V\u00e9lo mientras completan las etapas finales del Tour.\u00a0\u00a0<\/a><\/p>\n","protected":false},"excerpt":{"rendered":"<p>Al finalizar el Tour de Francia, nos gustar\u00eda presentaros a un grupo menos conocido de ciclistas intr\u00e9pidas que tambi\u00e9n han [&hellip;]<\/p>\n","protected":false},"author":29,"featured_media":3196,"comment_status":"open","ping_status":"open","sticky":false,"template":"","format":"standard","meta":{"footnotes":""},"categories":[7],"tags":[571,570,572,573],"global-categories":[],"class_list":["post-3191","post","type-post","status-publish","format-standard","has-post-thumbnail","hentry","category-carretera","tag-ciclismo-femenino","tag-tour-de-francia-femenino","tag-tour-femenino","tag-tour-femenino-2018"],"yoast_head":"<!-- This site is optimized with the Yoast SEO Premium plugin v25.3 (Yoast SEO v25.9) - https:\/\/yoast.com\/wordpress\/plugins\/seo\/ -->\n<title>El Tour de Francia femenino 2018 - \u0160koda We Love Cycling - Spain<\/title>\n<meta name=\"description\" content=\"Tour de Francia femenino 2018. nos gustar\u00eda presentaros a un grupo menos conocido de ciclistas intr\u00e9pidas que tambi\u00e9n han estado haciendo frente a la ruta de 3.351 km de 21 etapas\" \/>\n<meta name=\"robots\" content=\"index, follow, max-snippet:-1, max-image-preview:large, max-video-preview:-1\" \/>\n<link rel=\"canonical\" href=\"https:\/\/www.welovecycling.com\/es\/2018\/07\/28\/tour-de-francia-femenino-2018\/\" \/>\n<meta property=\"og:locale\" content=\"es_ES\" \/>\n<meta property=\"og:type\" content=\"article\" \/>\n<meta property=\"og:title\" content=\"El Tour de Francia femenino 2018\" \/>\n<meta property=\"og:description\" content=\"Tour de Francia femenino 2018. nos gustar\u00eda presentaros a un grupo menos conocido de ciclistas intr\u00e9pidas que tambi\u00e9n han estado haciendo frente a la ruta de 3.351 km de 21 etapas\" \/>\n<meta property=\"og:url\" content=\"https:\/\/www.welovecycling.com\/es\/2018\/07\/28\/tour-de-francia-femenino-2018\/\" \/>\n<meta property=\"og:site_name\" content=\"\u0160koda We Love Cycling - Spain\" \/>\n<meta property=\"article:published_time\" content=\"2018-07-28T16:43:46+00:00\" \/>\n<meta property=\"og:image\" content=\"https:\/\/d2p6e6u75xmxt8.cloudfront.net\/6\/2018\/07\/donnons1.jpg\" \/>\n\t<meta property=\"og:image:width\" content=\"1366\" \/>\n\t<meta property=\"og:image:height\" content=\"600\" \/>\n\t<meta property=\"og:image:type\" content=\"image\/jpeg\" \/>\n<meta name=\"author\" content=\"We Love Cycling Spain\" \/>\n<meta name=\"twitter:card\" content=\"summary_large_image\" \/>\n<meta name=\"twitter:title\" content=\"El Tour de Francia femenino 2018\" \/>\n<meta name=\"twitter:description\" content=\"Tour de Francia femenino 2018. nos gustar\u00eda presentaros a un grupo menos conocido de ciclistas intr\u00e9pidas que tambi\u00e9n han estado haciendo frente a la ruta de 3.351 km de 21 etapas\" \/>\n<meta name=\"twitter:label1\" content=\"Written by\" \/>\n\t<meta name=\"twitter:data1\" content=\"Megan Flottorp\" \/>\n\t<meta name=\"twitter:label2\" content=\"Est. reading time\" \/>\n\t<meta name=\"twitter:data2\" content=\"6\" \/>\n<script type=\"application\/ld+json\" class=\"yoast-schema-graph\">{\"@context\":\"https:\/\/schema.org\",\"@graph\":[{\"@type\":\"WebPage\",\"@id\":\"https:\/\/www.welovecycling.com\/es\/2018\/07\/28\/tour-de-francia-femenino-2018\/\",\"url\":\"https:\/\/www.welovecycling.com\/es\/2018\/07\/28\/tour-de-francia-femenino-2018\/\",\"name\":\"El Tour de Francia femenino 2018 - \u0160koda We Love Cycling - Spain\",\"isPartOf\":{\"@id\":\"https:\/\/www.welovecycling.com\/es\/#website\"},\"primaryImageOfPage\":{\"@id\":\"https:\/\/www.welovecycling.com\/es\/2018\/07\/28\/tour-de-francia-femenino-2018\/#primaryimage\"},\"image\":{\"@id\":\"https:\/\/www.welovecycling.com\/es\/2018\/07\/28\/tour-de-francia-femenino-2018\/#primaryimage\"},\"thumbnailUrl\":\"https:\/\/d2p6e6u75xmxt8.cloudfront.net\/6\/2018\/07\/donnons1.jpg\",\"datePublished\":\"2018-07-28T16:43:46+00:00\",\"author\":{\"@id\":\"https:\/\/www.welovecycling.com\/es\/#\/schema\/person\/deb61715b5812698ee79fb96f343ccd4\"},\"description\":\"Tour de Francia femenino 2018. nos gustar\u00eda presentaros a un grupo menos conocido de ciclistas intr\u00e9pidas que tambi\u00e9n han estado haciendo frente a la ruta de 3.351 km de 21 etapas\",\"breadcrumb\":{\"@id\":\"https:\/\/www.welovecycling.com\/es\/2018\/07\/28\/tour-de-francia-femenino-2018\/#breadcrumb\"},\"inLanguage\":\"es-ES\",\"potentialAction\":[{\"@type\":\"ReadAction\",\"target\":[\"https:\/\/www.welovecycling.com\/es\/2018\/07\/28\/tour-de-francia-femenino-2018\/\"]}]},{\"@type\":\"ImageObject\",\"inLanguage\":\"es-ES\",\"@id\":\"https:\/\/www.welovecycling.com\/es\/2018\/07\/28\/tour-de-francia-femenino-2018\/#primaryimage\",\"url\":\"https:\/\/d2p6e6u75xmxt8.cloudfront.net\/6\/2018\/07\/donnons1.jpg\",\"contentUrl\":\"https:\/\/d2p6e6u75xmxt8.cloudfront.net\/6\/2018\/07\/donnons1.jpg\",\"width\":1366,\"height\":600},{\"@type\":\"BreadcrumbList\",\"@id\":\"https:\/\/www.welovecycling.com\/es\/2018\/07\/28\/tour-de-francia-femenino-2018\/#breadcrumb\",\"itemListElement\":[{\"@type\":\"ListItem\",\"position\":1,\"name\":\"Home\",\"item\":\"https:\/\/www.welovecycling.com\/es\/\"},{\"@type\":\"ListItem\",\"position\":2,\"name\":\"El Tour de Francia femenino 2018\"}]},{\"@type\":\"WebSite\",\"@id\":\"https:\/\/www.welovecycling.com\/es\/#website\",\"url\":\"https:\/\/www.welovecycling.com\/es\/\",\"name\":\"\u0160koda We Love Cycling - Spain\",\"description\":\"\u0160koda WeLoveCycling Spain\",\"potentialAction\":[{\"@type\":\"SearchAction\",\"target\":{\"@type\":\"EntryPoint\",\"urlTemplate\":\"https:\/\/www.welovecycling.com\/es\/?s={search_term_string}\"},\"query-input\":{\"@type\":\"PropertyValueSpecification\",\"valueRequired\":true,\"valueName\":\"search_term_string\"}}],\"inLanguage\":\"es-ES\"},{\"@type\":\"Person\",\"@id\":\"https:\/\/www.welovecycling.com\/es\/#\/schema\/person\/deb61715b5812698ee79fb96f343ccd4\",\"name\":\"We Love Cycling Spain\",\"image\":{\"@type\":\"ImageObject\",\"inLanguage\":\"es-ES\",\"@id\":\"https:\/\/www.welovecycling.com\/es\/#\/schema\/person\/image\/\",\"url\":\"https:\/\/secure.gravatar.com\/avatar\/c824b04e6df0e37a03219d0b6481672889df542894588964102459e46513159c?s=96&d=mm&r=g\",\"contentUrl\":\"https:\/\/secure.gravatar.com\/avatar\/c824b04e6df0e37a03219d0b6481672889df542894588964102459e46513159c?s=96&d=mm&r=g\",\"caption\":\"We Love Cycling Spain\"},\"url\":\"https:\/\/www.welovecycling.com\/es\/author\/amunoz\/\"}]}<\/script>\n<!-- \/ Yoast SEO Premium plugin. -->","yoast_head_json":{"title":"El Tour de Francia femenino 2018 - \u0160koda We Love Cycling - Spain","description":"Tour de Francia femenino 2018. nos gustar\u00eda presentaros a un grupo menos conocido de ciclistas intr\u00e9pidas que tambi\u00e9n han estado haciendo frente a la ruta de 3.351 km de 21 etapas","robots":{"index":"index","follow":"follow","max-snippet":"max-snippet:-1","max-image-preview":"max-image-preview:large","max-video-preview":"max-video-preview:-1"},"canonical":"https:\/\/www.welovecycling.com\/es\/2018\/07\/28\/tour-de-francia-femenino-2018\/","og_locale":"es_ES","og_type":"article","og_title":"El Tour de Francia femenino 2018","og_description":"Tour de Francia femenino 2018. nos gustar\u00eda presentaros a un grupo menos conocido de ciclistas intr\u00e9pidas que tambi\u00e9n han estado haciendo frente a la ruta de 3.351 km de 21 etapas","og_url":"https:\/\/www.welovecycling.com\/es\/2018\/07\/28\/tour-de-francia-femenino-2018\/","og_site_name":"\u0160koda We Love Cycling - Spain","article_published_time":"2018-07-28T16:43:46+00:00","og_image":[{"width":1366,"height":600,"url":"https:\/\/d2p6e6u75xmxt8.cloudfront.net\/6\/2018\/07\/donnons1.jpg","type":"image\/jpeg"}],"author":"We Love Cycling Spain","twitter_card":"summary_large_image","twitter_title":"El Tour de Francia femenino 2018","twitter_description":"Tour de Francia femenino 2018. nos gustar\u00eda presentaros a un grupo menos conocido de ciclistas intr\u00e9pidas que tambi\u00e9n han estado haciendo frente a la ruta de 3.351 km de 21 etapas","twitter_misc":{"Written by":"Megan Flottorp","Est. reading time":"6"},"schema":{"@context":"https:\/\/schema.org","@graph":[{"@type":"WebPage","@id":"https:\/\/www.welovecycling.com\/es\/2018\/07\/28\/tour-de-francia-femenino-2018\/","url":"https:\/\/www.welovecycling.com\/es\/2018\/07\/28\/tour-de-francia-femenino-2018\/","name":"El Tour de Francia femenino 2018 - \u0160koda We Love Cycling - Spain","isPartOf":{"@id":"https:\/\/www.welovecycling.com\/es\/#website"},"primaryImageOfPage":{"@id":"https:\/\/www.welovecycling.com\/es\/2018\/07\/28\/tour-de-francia-femenino-2018\/#primaryimage"},"image":{"@id":"https:\/\/www.welovecycling.com\/es\/2018\/07\/28\/tour-de-francia-femenino-2018\/#primaryimage"},"thumbnailUrl":"https:\/\/d2p6e6u75xmxt8.cloudfront.net\/6\/2018\/07\/donnons1.jpg","datePublished":"2018-07-28T16:43:46+00:00","author":{"@id":"https:\/\/www.welovecycling.com\/es\/#\/schema\/person\/deb61715b5812698ee79fb96f343ccd4"},"description":"Tour de Francia femenino 2018. nos gustar\u00eda presentaros a un grupo menos conocido de ciclistas intr\u00e9pidas que tambi\u00e9n han estado haciendo frente a la ruta de 3.351 km de 21 etapas","breadcrumb":{"@id":"https:\/\/www.welovecycling.com\/es\/2018\/07\/28\/tour-de-francia-femenino-2018\/#breadcrumb"},"inLanguage":"es-ES","potentialAction":[{"@type":"ReadAction","target":["https:\/\/www.welovecycling.com\/es\/2018\/07\/28\/tour-de-francia-femenino-2018\/"]}]},{"@type":"ImageObject","inLanguage":"es-ES","@id":"https:\/\/www.welovecycling.com\/es\/2018\/07\/28\/tour-de-francia-femenino-2018\/#primaryimage","url":"https:\/\/d2p6e6u75xmxt8.cloudfront.net\/6\/2018\/07\/donnons1.jpg","contentUrl":"https:\/\/d2p6e6u75xmxt8.cloudfront.net\/6\/2018\/07\/donnons1.jpg","width":1366,"height":600},{"@type":"BreadcrumbList","@id":"https:\/\/www.welovecycling.com\/es\/2018\/07\/28\/tour-de-francia-femenino-2018\/#breadcrumb","itemListElement":[{"@type":"ListItem","position":1,"name":"Home","item":"https:\/\/www.welovecycling.com\/es\/"},{"@type":"ListItem","position":2,"name":"El Tour de Francia femenino 2018"}]},{"@type":"WebSite","@id":"https:\/\/www.welovecycling.com\/es\/#website","url":"https:\/\/www.welovecycling.com\/es\/","name":"\u0160koda We Love Cycling - Spain","description":"\u0160koda WeLoveCycling Spain","potentialAction":[{"@type":"SearchAction","target":{"@type":"EntryPoint","urlTemplate":"https:\/\/www.welovecycling.com\/es\/?s={search_term_string}"},"query-input":{"@type":"PropertyValueSpecification","valueRequired":true,"valueName":"search_term_string"}}],"inLanguage":"es-ES"},{"@type":"Person","@id":"https:\/\/www.welovecycling.com\/es\/#\/schema\/person\/deb61715b5812698ee79fb96f343ccd4","name":"We Love Cycling Spain","image":{"@type":"ImageObject","inLanguage":"es-ES","@id":"https:\/\/www.welovecycling.com\/es\/#\/schema\/person\/image\/","url":"https:\/\/secure.gravatar.com\/avatar\/c824b04e6df0e37a03219d0b6481672889df542894588964102459e46513159c?s=96&d=mm&r=g","contentUrl":"https:\/\/secure.gravatar.com\/avatar\/c824b04e6df0e37a03219d0b6481672889df542894588964102459e46513159c?s=96&d=mm&r=g","caption":"We Love Cycling Spain"},"url":"https:\/\/www.welovecycling.com\/es\/author\/amunoz\/"}]}},"_links":{"self":[{"href":"https:\/\/www.welovecycling.com\/es\/wp-json\/wp\/v2\/posts\/3191","targetHints":{"allow":["GET"]}}],"collection":[{"href":"https:\/\/www.welovecycling.com\/es\/wp-json\/wp\/v2\/posts"}],"about":[{"href":"https:\/\/www.welovecycling.com\/es\/wp-json\/wp\/v2\/types\/post"}],"author":[{"embeddable":true,"href":"https:\/\/www.welovecycling.com\/es\/wp-json\/wp\/v2\/users\/29"}],"replies":[{"embeddable":true,"href":"https:\/\/www.welovecycling.com\/es\/wp-json\/wp\/v2\/comments?post=3191"}],"version-history":[{"count":2,"href":"https:\/\/www.welovecycling.com\/es\/wp-json\/wp\/v2\/posts\/3191\/revisions"}],"predecessor-version":[{"id":3198,"href":"https:\/\/www.welovecycling.com\/es\/wp-json\/wp\/v2\/posts\/3191\/revisions\/3198"}],"wp:featuredmedia":[{"embeddable":true,"href":"https:\/\/www.welovecycling.com\/es\/wp-json\/wp\/v2\/media\/3196"}],"wp:attachment":[{"href":"https:\/\/www.welovecycling.com\/es\/wp-json\/wp\/v2\/media?parent=3191"}],"wp:term":[{"taxonomy":"category","embeddable":true,"href":"https:\/\/www.welovecycling.com\/es\/wp-json\/wp\/v2\/categories?post=3191"},{"taxonomy":"post_tag","embeddable":true,"href":"https:\/\/www.welovecycling.com\/es\/wp-json\/wp\/v2\/tags?post=3191"},{"taxonomy":"global-categories","embeddable":true,"href":"https:\/\/www.welovecycling.com\/es\/wp-json\/wp\/v2\/global-categories?post=3191"}],"curies":[{"name":"wp","href":"https:\/\/api.w.org\/{rel}","templated":true}]}}