{"id":3147,"date":"2018-07-26T20:08:43","date_gmt":"2018-07-26T18:08:43","guid":{"rendered":"https:\/\/www.welovecycling.com\/es\/?p=3147"},"modified":"2018-07-26T20:08:43","modified_gmt":"2018-07-26T18:08:43","slug":"tour-desde-la-zona-vip","status":"publish","type":"post","link":"https:\/\/www.welovecycling.com\/es\/2018\/07\/26\/tour-desde-la-zona-vip\/","title":{"rendered":"El Tour desde la zona VIP"},"content":{"rendered":"<p><strong>La acreditaci\u00f3n del Tour de Francia es un bien preciado. La organizaci\u00f3n del Tour premia a sus invitados, patrocinadores, ganadores de sorteos y trabajadores. Igual que los equipos participantes. Cada etapa tiene sus zonas VIP, tanto en la l\u00ednea de salida como los camiones Izoard, Tourmalet y Club Tour, que permiten ver la carrera con todas las comodidades y sin las inclemencias del tiempo.<\/strong><!--more--><\/p>\n<p>Pero vamos por partes. Cada e<strong>tapa del Tour de Francia tiene vida propia<\/strong>. La organizaci\u00f3n dise\u00f1a una infraestructura tan amplia que permiten dar cobertura a miles de personas. No solo de desplazamiento, sino de alimentaci\u00f3n y servicios. Y todo para ver en directo y de la mejor forma posible un deporte que se disputa al aire libre (llueva, haga fr\u00edo o un calor insoportable).<\/p>\n<p><a href=\"https:\/\/d2p6e6u75xmxt8.cloudfront.net\/6\/2018\/07\/SKODA-TOUR-2018-2.jpg\"><img loading=\"lazy\" decoding=\"async\" class=\"aligncenter size-full wp-image-3165\" src=\"https:\/\/d2p6e6u75xmxt8.cloudfront.net\/6\/2018\/07\/SKODA-TOUR-2018-2.jpg\" alt=\"\" width=\"1000\" height=\"750\" srcset=\"https:\/\/d2p6e6u75xmxt8.cloudfront.net\/6\/2018\/07\/SKODA-TOUR-2018-2.jpg 1000w, https:\/\/d2p6e6u75xmxt8.cloudfront.net\/6\/2018\/07\/SKODA-TOUR-2018-2-300x225.jpg 300w, https:\/\/d2p6e6u75xmxt8.cloudfront.net\/6\/2018\/07\/SKODA-TOUR-2018-2-768x576.jpg 768w\" sizes=\"auto, (max-width: 1000px) 100vw, 1000px\" \/><\/a><\/p>\n<p>Las zonas VIP ya est\u00e1n situadas en la zona de salida. Alli el <strong>m\u00edtico Village Depart,<\/strong> es, como su nombre dice en franc\u00e9s, el pueblo de salida. Un recinto cerrado que se monta cada d\u00eda y en el que los patrocinadores del Tour ofrecen sus productos. El acceso es reservado y por all\u00ed suelen pasar todos los corredores camino del control de firmas. <strong>Es el lugar ideal si quieres hacerte una foto con Froome o Quintana<\/strong>.<\/p>\n<p>Pero no solo eso. Tambi\u00e9n puedes comer y beber lo que quieras. De frutas y caf\u00e9 matutino a las especialidades locales cada vez que se acerca la hora del almuerzo (que es cuando suele salir la etapa del d\u00eda).<\/p>\n<div class=\"embed-controller-wrapper\">\n<div class=\"embed-wrapper\"><iframe title=\"Col du Portet. Tour 2018. Quintana, Froome, Martin, Thomas.\" width=\"500\" height=\"281\" data-src=\"https:\/\/www.youtube.com\/embed\/aFpG_rNU1ME?feature=oembed\" frameborder=\"0\" allow=\"accelerometer; autoplay; clipboard-write; encrypted-media; gyroscope; picture-in-picture; web-share\" referrerpolicy=\"strict-origin-when-cross-origin\" allowfullscreen><\/iframe><\/div>\n<\/div>\n<h2><strong>LOS CAMIONES VIP DEL TOUR<\/strong><\/h2>\n<p>Dependiendo de cada etapa los camiones <strong>VIP del Tour est\u00e1n repartidos<\/strong> por diferentes lugares del recorrido. En la etapa 17, la de 65 kil\u00f3metros con inicio en Luchon y meta del Col du Portet, estaban a ocho kil\u00f3metros de coronar el \u00faltimo puerto.<\/p>\n<p>All\u00ed, adem\u00e1s de u<strong>na vistas privilegiadas de la carrera (con incluso dos terrazas)<\/strong> ten\u00edas a tu disposici\u00f3n hasta cuatro televisiones en la zona interior (con aire acondicionado y resguardado de la lluvia)\u00a0 y tres pantallas gigantes exteriores, para ver a la vez el paso de los ciclistas y lo que estaba sucediendo en cualquier otro lugar.<\/p>\n<div class=\"embed-controller-wrapper\">\n<div class=\"embed-wrapper\"><iframe title=\"Col du Portet. Tour 2018. Cima. www.Ciclored.com\" width=\"500\" height=\"281\" data-src=\"https:\/\/www.youtube.com\/embed\/6kuhyHmkmbQ?feature=oembed\" frameborder=\"0\" allow=\"accelerometer; autoplay; clipboard-write; encrypted-media; gyroscope; picture-in-picture; web-share\" referrerpolicy=\"strict-origin-when-cross-origin\" allowfullscreen><\/iframe><\/div>\n<\/div>\n<p>Dentro, b<strong>arra libre de bebidas y de comida, con delicatessen dulces y saladas, frutas, zumos y algunas de las especialidades locales de la zona.<\/strong> Adem\u00e1s, un lugar para recargar el m\u00f3vil (que siempre se queda sin bater\u00eda en el peor momento) y conexi\u00f3n wifi, que en alta monta\u00f1a es complicado encontrar la &#8216;onda&#8217;. Y como no, los maillots del Tour, fotos m\u00edticas de ediciones anteriores y la bicicleta Mavic oficial.<\/p>\n<p><a href=\"https:\/\/d2p6e6u75xmxt8.cloudfront.net\/6\/2018\/07\/SKODA-TOUR-2018.jpg\"><img loading=\"lazy\" decoding=\"async\" class=\"aligncenter size-full wp-image-3166\" src=\"https:\/\/d2p6e6u75xmxt8.cloudfront.net\/6\/2018\/07\/SKODA-TOUR-2018.jpg\" alt=\"\" width=\"1000\" height=\"750\" srcset=\"https:\/\/d2p6e6u75xmxt8.cloudfront.net\/6\/2018\/07\/SKODA-TOUR-2018.jpg 1000w, https:\/\/d2p6e6u75xmxt8.cloudfront.net\/6\/2018\/07\/SKODA-TOUR-2018-300x225.jpg 300w, https:\/\/d2p6e6u75xmxt8.cloudfront.net\/6\/2018\/07\/SKODA-TOUR-2018-768x576.jpg 768w\" sizes=\"auto, (max-width: 1000px) 100vw, 1000px\" \/><\/a><\/p>\n<p>Y si adem\u00e1s te gusta rodar en bici siempre puedes utilizar la Zona<strong> VIP del Tour como tu centro de operaciones.<\/strong> All\u00ed puedes guardar la bicicleta de forma segura y subir los puertos m\u00edticos solo unas horas antes de que lleguen los ciclistas. Adem\u00e1s si llegas &#8216;tocado&#8217; tienes el avituallamiento servido y los servicio de &#8216;navette&#8217; del Tour para bajar los puertos.<\/p>\n<h2><strong>LAS VISTAS DESDE LA ZONA VIP<\/strong><\/h2>\n<p><a href=\"https:\/\/d2p6e6u75xmxt8.cloudfront.net\/6\/2018\/07\/TOUR-2018-3.JPG-1.jpg\"><img loading=\"lazy\" decoding=\"async\" class=\"aligncenter size-large wp-image-3148\" src=\"https:\/\/d2p6e6u75xmxt8.cloudfront.net\/6\/2018\/07\/TOUR-2018-3.JPG-1-1024x566.jpg\" alt=\"\" width=\"1024\" height=\"566\" srcset=\"https:\/\/d2p6e6u75xmxt8.cloudfront.net\/6\/2018\/07\/TOUR-2018-3.JPG-1.jpg 1024w, https:\/\/d2p6e6u75xmxt8.cloudfront.net\/6\/2018\/07\/TOUR-2018-3.JPG-1-300x166.jpg 300w, https:\/\/d2p6e6u75xmxt8.cloudfront.net\/6\/2018\/07\/TOUR-2018-3.JPG-1-768x425.jpg 768w\" sizes=\"auto, (max-width: 1024px) 100vw, 1024px\" \/><br \/>\n<\/a> <a href=\"https:\/\/d2p6e6u75xmxt8.cloudfront.net\/6\/2018\/07\/TOUR-2018-4.JPG-1.jpg\"><img loading=\"lazy\" decoding=\"async\" class=\"aligncenter size-large wp-image-3149\" src=\"https:\/\/d2p6e6u75xmxt8.cloudfront.net\/6\/2018\/07\/TOUR-2018-4.JPG-1-1024x551.jpg\" alt=\"\" width=\"1024\" height=\"551\" srcset=\"https:\/\/d2p6e6u75xmxt8.cloudfront.net\/6\/2018\/07\/TOUR-2018-4.JPG-1.jpg 1024w, https:\/\/d2p6e6u75xmxt8.cloudfront.net\/6\/2018\/07\/TOUR-2018-4.JPG-1-300x161.jpg 300w, https:\/\/d2p6e6u75xmxt8.cloudfront.net\/6\/2018\/07\/TOUR-2018-4.JPG-1-768x413.jpg 768w\" sizes=\"auto, (max-width: 1024px) 100vw, 1024px\" \/><br \/>\n<\/a> <a href=\"https:\/\/d2p6e6u75xmxt8.cloudfront.net\/6\/2018\/07\/TOUR-2018-5.JPG-1.jpg\"><img loading=\"lazy\" decoding=\"async\" class=\"aligncenter size-large wp-image-3150\" src=\"https:\/\/d2p6e6u75xmxt8.cloudfront.net\/6\/2018\/07\/TOUR-2018-5.JPG-1-1024x565.jpg\" alt=\"\" width=\"1024\" height=\"565\" srcset=\"https:\/\/d2p6e6u75xmxt8.cloudfront.net\/6\/2018\/07\/TOUR-2018-5.JPG-1.jpg 1024w, https:\/\/d2p6e6u75xmxt8.cloudfront.net\/6\/2018\/07\/TOUR-2018-5.JPG-1-300x166.jpg 300w, https:\/\/d2p6e6u75xmxt8.cloudfront.net\/6\/2018\/07\/TOUR-2018-5.JPG-1-768x424.jpg 768w\" sizes=\"auto, (max-width: 1024px) 100vw, 1024px\" \/><br \/>\n<\/a> <a href=\"https:\/\/d2p6e6u75xmxt8.cloudfront.net\/6\/2018\/07\/TOUR-2018-7.JPG-1.jpg\"><img loading=\"lazy\" decoding=\"async\" class=\"aligncenter size-large wp-image-3151\" src=\"https:\/\/d2p6e6u75xmxt8.cloudfront.net\/6\/2018\/07\/TOUR-2018-7.JPG-1-1024x678.jpg\" alt=\"\" width=\"1024\" height=\"678\" srcset=\"https:\/\/d2p6e6u75xmxt8.cloudfront.net\/6\/2018\/07\/TOUR-2018-7.JPG-1.jpg 1024w, https:\/\/d2p6e6u75xmxt8.cloudfront.net\/6\/2018\/07\/TOUR-2018-7.JPG-1-300x199.jpg 300w, https:\/\/d2p6e6u75xmxt8.cloudfront.net\/6\/2018\/07\/TOUR-2018-7.JPG-1-768x509.jpg 768w\" sizes=\"auto, (max-width: 1024px) 100vw, 1024px\" \/><br \/>\n<\/a> <a href=\"https:\/\/d2p6e6u75xmxt8.cloudfront.net\/6\/2018\/07\/TOUR-2018-8.JPG-1.jpg\"><img loading=\"lazy\" decoding=\"async\" class=\"aligncenter size-large wp-image-3152\" src=\"https:\/\/d2p6e6u75xmxt8.cloudfront.net\/6\/2018\/07\/TOUR-2018-8.JPG-1-1024x623.jpg\" alt=\"\" width=\"1024\" height=\"623\" srcset=\"https:\/\/d2p6e6u75xmxt8.cloudfront.net\/6\/2018\/07\/TOUR-2018-8.JPG-1.jpg 1024w, https:\/\/d2p6e6u75xmxt8.cloudfront.net\/6\/2018\/07\/TOUR-2018-8.JPG-1-300x183.jpg 300w, https:\/\/d2p6e6u75xmxt8.cloudfront.net\/6\/2018\/07\/TOUR-2018-8.JPG-1-768x467.jpg 768w\" sizes=\"auto, (max-width: 1024px) 100vw, 1024px\" \/><br \/>\n<\/a> <a href=\"https:\/\/d2p6e6u75xmxt8.cloudfront.net\/6\/2018\/07\/TOUR-2018-10.JPG-1.jpg\"><img loading=\"lazy\" decoding=\"async\" class=\"aligncenter size-large wp-image-3153\" src=\"https:\/\/d2p6e6u75xmxt8.cloudfront.net\/6\/2018\/07\/TOUR-2018-10.JPG-1-1024x514.jpg\" alt=\"\" width=\"1024\" height=\"514\" srcset=\"https:\/\/d2p6e6u75xmxt8.cloudfront.net\/6\/2018\/07\/TOUR-2018-10.JPG-1.jpg 1024w, https:\/\/d2p6e6u75xmxt8.cloudfront.net\/6\/2018\/07\/TOUR-2018-10.JPG-1-300x151.jpg 300w, https:\/\/d2p6e6u75xmxt8.cloudfront.net\/6\/2018\/07\/TOUR-2018-10.JPG-1-768x386.jpg 768w\" sizes=\"auto, (max-width: 1024px) 100vw, 1024px\" \/><br \/>\n<\/a> <a href=\"https:\/\/d2p6e6u75xmxt8.cloudfront.net\/6\/2018\/07\/TOUR-2018-15.JPG.jpg\"><img loading=\"lazy\" decoding=\"async\" class=\"aligncenter size-large wp-image-3154\" src=\"https:\/\/d2p6e6u75xmxt8.cloudfront.net\/6\/2018\/07\/TOUR-2018-15.JPG-1024x678.jpg\" alt=\"\" width=\"1024\" height=\"678\" srcset=\"https:\/\/d2p6e6u75xmxt8.cloudfront.net\/6\/2018\/07\/TOUR-2018-15.JPG.jpg 1024w, https:\/\/d2p6e6u75xmxt8.cloudfront.net\/6\/2018\/07\/TOUR-2018-15.JPG-300x199.jpg 300w, https:\/\/d2p6e6u75xmxt8.cloudfront.net\/6\/2018\/07\/TOUR-2018-15.JPG-768x509.jpg 768w\" sizes=\"auto, (max-width: 1024px) 100vw, 1024px\" \/><br \/>\n<\/a> <a href=\"https:\/\/d2p6e6u75xmxt8.cloudfront.net\/6\/2018\/07\/TOUR-2018-20.JPG-1.jpg\"><img loading=\"lazy\" decoding=\"async\" class=\"aligncenter size-large wp-image-3155\" src=\"https:\/\/d2p6e6u75xmxt8.cloudfront.net\/6\/2018\/07\/TOUR-2018-20.JPG-1-1024x678.jpg\" alt=\"\" width=\"1024\" height=\"678\" srcset=\"https:\/\/d2p6e6u75xmxt8.cloudfront.net\/6\/2018\/07\/TOUR-2018-20.JPG-1.jpg 1024w, https:\/\/d2p6e6u75xmxt8.cloudfront.net\/6\/2018\/07\/TOUR-2018-20.JPG-1-300x199.jpg 300w, https:\/\/d2p6e6u75xmxt8.cloudfront.net\/6\/2018\/07\/TOUR-2018-20.JPG-1-768x509.jpg 768w\" sizes=\"auto, (max-width: 1024px) 100vw, 1024px\" \/><br \/>\n<\/a> <a href=\"https:\/\/d2p6e6u75xmxt8.cloudfront.net\/6\/2018\/07\/TOUR-2018-23.JPG.jpg\"><img loading=\"lazy\" decoding=\"async\" class=\"aligncenter size-large wp-image-3156\" src=\"https:\/\/d2p6e6u75xmxt8.cloudfront.net\/6\/2018\/07\/TOUR-2018-23.JPG-1024x678.jpg\" alt=\"\" width=\"1024\" height=\"678\" srcset=\"https:\/\/d2p6e6u75xmxt8.cloudfront.net\/6\/2018\/07\/TOUR-2018-23.JPG.jpg 1024w, https:\/\/d2p6e6u75xmxt8.cloudfront.net\/6\/2018\/07\/TOUR-2018-23.JPG-300x199.jpg 300w, https:\/\/d2p6e6u75xmxt8.cloudfront.net\/6\/2018\/07\/TOUR-2018-23.JPG-768x509.jpg 768w\" sizes=\"auto, (max-width: 1024px) 100vw, 1024px\" \/><br \/>\n<\/a> <a href=\"https:\/\/d2p6e6u75xmxt8.cloudfront.net\/6\/2018\/07\/TOUR-2018-28.JPG-1.jpg\"><img loading=\"lazy\" decoding=\"async\" class=\"aligncenter size-large wp-image-3157\" src=\"https:\/\/d2p6e6u75xmxt8.cloudfront.net\/6\/2018\/07\/TOUR-2018-28.JPG-1-1024x644.jpg\" alt=\"\" width=\"1024\" height=\"644\" srcset=\"https:\/\/d2p6e6u75xmxt8.cloudfront.net\/6\/2018\/07\/TOUR-2018-28.JPG-1.jpg 1024w, https:\/\/d2p6e6u75xmxt8.cloudfront.net\/6\/2018\/07\/TOUR-2018-28.JPG-1-300x189.jpg 300w, https:\/\/d2p6e6u75xmxt8.cloudfront.net\/6\/2018\/07\/TOUR-2018-28.JPG-1-768x483.jpg 768w\" sizes=\"auto, (max-width: 1024px) 100vw, 1024px\" \/><br \/>\n<\/a> <a href=\"https:\/\/d2p6e6u75xmxt8.cloudfront.net\/6\/2018\/07\/TOUR-2018-29.JPG-1.jpg\"><img loading=\"lazy\" decoding=\"async\" class=\"aligncenter size-large wp-image-3158\" src=\"https:\/\/d2p6e6u75xmxt8.cloudfront.net\/6\/2018\/07\/TOUR-2018-29.JPG-1-1024x678.jpg\" alt=\"\" width=\"1024\" height=\"678\" srcset=\"https:\/\/d2p6e6u75xmxt8.cloudfront.net\/6\/2018\/07\/TOUR-2018-29.JPG-1.jpg 1024w, https:\/\/d2p6e6u75xmxt8.cloudfront.net\/6\/2018\/07\/TOUR-2018-29.JPG-1-300x199.jpg 300w, https:\/\/d2p6e6u75xmxt8.cloudfront.net\/6\/2018\/07\/TOUR-2018-29.JPG-1-768x509.jpg 768w\" sizes=\"auto, (max-width: 1024px) 100vw, 1024px\" \/><br \/>\n<\/a> <a href=\"https:\/\/d2p6e6u75xmxt8.cloudfront.net\/6\/2018\/07\/TOUR-2018-31.JPG.jpg\"><img loading=\"lazy\" decoding=\"async\" class=\"aligncenter size-large wp-image-3159\" src=\"https:\/\/d2p6e6u75xmxt8.cloudfront.net\/6\/2018\/07\/TOUR-2018-31.JPG-1024x589.jpg\" alt=\"\" width=\"1024\" height=\"589\" srcset=\"https:\/\/d2p6e6u75xmxt8.cloudfront.net\/6\/2018\/07\/TOUR-2018-31.JPG.jpg 1024w, https:\/\/d2p6e6u75xmxt8.cloudfront.net\/6\/2018\/07\/TOUR-2018-31.JPG-300x173.jpg 300w, https:\/\/d2p6e6u75xmxt8.cloudfront.net\/6\/2018\/07\/TOUR-2018-31.JPG-768x442.jpg 768w\" sizes=\"auto, (max-width: 1024px) 100vw, 1024px\" \/><br \/>\n<\/a> <a href=\"https:\/\/d2p6e6u75xmxt8.cloudfront.net\/6\/2018\/07\/TOUR-2018-34.JPG.jpg\"><img loading=\"lazy\" decoding=\"async\" class=\"aligncenter size-large wp-image-3160\" src=\"https:\/\/d2p6e6u75xmxt8.cloudfront.net\/6\/2018\/07\/TOUR-2018-34.JPG-1024x678.jpg\" alt=\"\" width=\"1024\" height=\"678\" srcset=\"https:\/\/d2p6e6u75xmxt8.cloudfront.net\/6\/2018\/07\/TOUR-2018-34.JPG.jpg 1024w, https:\/\/d2p6e6u75xmxt8.cloudfront.net\/6\/2018\/07\/TOUR-2018-34.JPG-300x199.jpg 300w, https:\/\/d2p6e6u75xmxt8.cloudfront.net\/6\/2018\/07\/TOUR-2018-34.JPG-768x509.jpg 768w\" sizes=\"auto, (max-width: 1024px) 100vw, 1024px\" \/><br \/>\n<\/a> <a href=\"https:\/\/d2p6e6u75xmxt8.cloudfront.net\/6\/2018\/07\/TOUR-2018-37.JPG-1.jpg\"><img loading=\"lazy\" decoding=\"async\" class=\"aligncenter size-large wp-image-3161\" src=\"https:\/\/d2p6e6u75xmxt8.cloudfront.net\/6\/2018\/07\/TOUR-2018-37.JPG-1-1024x678.jpg\" alt=\"\" width=\"1024\" height=\"678\" srcset=\"https:\/\/d2p6e6u75xmxt8.cloudfront.net\/6\/2018\/07\/TOUR-2018-37.JPG-1.jpg 1024w, https:\/\/d2p6e6u75xmxt8.cloudfront.net\/6\/2018\/07\/TOUR-2018-37.JPG-1-300x199.jpg 300w, https:\/\/d2p6e6u75xmxt8.cloudfront.net\/6\/2018\/07\/TOUR-2018-37.JPG-1-768x509.jpg 768w\" sizes=\"auto, (max-width: 1024px) 100vw, 1024px\" \/><br \/>\n<\/a> <a href=\"https:\/\/d2p6e6u75xmxt8.cloudfront.net\/6\/2018\/07\/TOUR-2018-38.JPG.jpg\"><img loading=\"lazy\" decoding=\"async\" class=\"aligncenter size-large wp-image-3162\" src=\"https:\/\/d2p6e6u75xmxt8.cloudfront.net\/6\/2018\/07\/TOUR-2018-38.JPG-1024x678.jpg\" alt=\"\" width=\"1024\" height=\"678\" srcset=\"https:\/\/d2p6e6u75xmxt8.cloudfront.net\/6\/2018\/07\/TOUR-2018-38.JPG.jpg 1024w, https:\/\/d2p6e6u75xmxt8.cloudfront.net\/6\/2018\/07\/TOUR-2018-38.JPG-300x199.jpg 300w, https:\/\/d2p6e6u75xmxt8.cloudfront.net\/6\/2018\/07\/TOUR-2018-38.JPG-768x509.jpg 768w\" sizes=\"auto, (max-width: 1024px) 100vw, 1024px\" \/><\/a><\/p>\n","protected":false},"excerpt":{"rendered":"<p>La acreditaci\u00f3n del Tour de Francia es un bien preciado. La organizaci\u00f3n del Tour premia a sus invitados, patrocinadores, ganadores [&hellip;]<\/p>\n","protected":false},"author":29,"featured_media":3159,"comment_status":"open","ping_status":"open","sticky":false,"template":"","format":"standard","meta":{"footnotes":""},"categories":[7],"tags":[565,566,180,564],"global-categories":[],"class_list":["post-3147","post","type-post","status-publish","format-standard","has-post-thumbnail","hentry","category-carretera","tag-camiones-tour","tag-etapa-col-du-portet","tag-tour-2018","tag-zona-vip-tour"],"yoast_head":"<!-- This site is optimized with the Yoast SEO Premium plugin v25.3 (Yoast SEO v25.9) - https:\/\/yoast.com\/wordpress\/plugins\/seo\/ -->\n<title>El Tour desde la zona VIP - \u0160koda We Love Cycling - Spain<\/title>\n<meta name=\"description\" content=\"El Tour desde la zona VIP. La acreditaci\u00f3n del Tour de Francia es un bien preciado. La organizaci\u00f3n del Tour premia a sus invitados, patrocinadores, ganadores de sorteos y trabajadores.\" \/>\n<meta name=\"robots\" content=\"index, follow, max-snippet:-1, max-image-preview:large, max-video-preview:-1\" \/>\n<link rel=\"canonical\" href=\"https:\/\/www.welovecycling.com\/es\/2018\/07\/26\/tour-desde-la-zona-vip\/\" \/>\n<meta property=\"og:locale\" content=\"es_ES\" \/>\n<meta property=\"og:type\" content=\"article\" \/>\n<meta property=\"og:title\" content=\"El Tour desde la zona VIP\" \/>\n<meta property=\"og:description\" content=\"La acreditaci\u00f3n del Tour de Francia es un bien preciado. La organizaci\u00f3n del Tour premia a sus invitados, patrocinadores, ganadores de sorteos y trabajadores.\" \/>\n<meta property=\"og:url\" content=\"https:\/\/www.welovecycling.com\/es\/2018\/07\/26\/tour-desde-la-zona-vip\/\" \/>\n<meta property=\"og:site_name\" content=\"\u0160koda We Love Cycling - Spain\" \/>\n<meta property=\"article:published_time\" content=\"2018-07-26T18:08:43+00:00\" \/>\n<meta property=\"og:image\" content=\"https:\/\/d2p6e6u75xmxt8.cloudfront.net\/6\/2018\/07\/TOUR-2018-31.JPG.jpg\" \/>\n\t<meta property=\"og:image:width\" content=\"1024\" \/>\n\t<meta property=\"og:image:height\" content=\"589\" \/>\n\t<meta property=\"og:image:type\" content=\"image\/jpeg\" \/>\n<meta name=\"author\" content=\"We Love Cycling Spain\" \/>\n<meta name=\"twitter:card\" content=\"summary_large_image\" \/>\n<meta name=\"twitter:title\" content=\"El Tour desde la zona VIP\" \/>\n<meta name=\"twitter:description\" content=\"La acreditaci\u00f3n del Tour de Francia es un bien preciado. La organizaci\u00f3n del Tour premia a sus invitados, patrocinadores, ganadores de sorteos y trabajadores.\" \/>\n<meta name=\"twitter:label1\" content=\"Written by\" \/>\n\t<meta name=\"twitter:data1\" content=\"Luis Ortega @ciclored\" \/>\n\t<meta name=\"twitter:label2\" content=\"Est. reading time\" \/>\n\t<meta name=\"twitter:data2\" content=\"3 minutes\" \/>\n<script type=\"application\/ld+json\" class=\"yoast-schema-graph\">{\"@context\":\"https:\/\/schema.org\",\"@graph\":[{\"@type\":\"WebPage\",\"@id\":\"https:\/\/www.welovecycling.com\/es\/2018\/07\/26\/tour-desde-la-zona-vip\/\",\"url\":\"https:\/\/www.welovecycling.com\/es\/2018\/07\/26\/tour-desde-la-zona-vip\/\",\"name\":\"El Tour desde la zona VIP - \u0160koda We Love Cycling - Spain\",\"isPartOf\":{\"@id\":\"https:\/\/www.welovecycling.com\/es\/#website\"},\"primaryImageOfPage\":{\"@id\":\"https:\/\/www.welovecycling.com\/es\/2018\/07\/26\/tour-desde-la-zona-vip\/#primaryimage\"},\"image\":{\"@id\":\"https:\/\/www.welovecycling.com\/es\/2018\/07\/26\/tour-desde-la-zona-vip\/#primaryimage\"},\"thumbnailUrl\":\"https:\/\/d2p6e6u75xmxt8.cloudfront.net\/6\/2018\/07\/TOUR-2018-31.JPG.jpg\",\"datePublished\":\"2018-07-26T18:08:43+00:00\",\"author\":{\"@id\":\"https:\/\/www.welovecycling.com\/es\/#\/schema\/person\/deb61715b5812698ee79fb96f343ccd4\"},\"description\":\"El Tour desde la zona VIP. La acreditaci\u00f3n del Tour de Francia es un bien preciado. La organizaci\u00f3n del Tour premia a sus invitados, patrocinadores, ganadores de sorteos y trabajadores.\",\"breadcrumb\":{\"@id\":\"https:\/\/www.welovecycling.com\/es\/2018\/07\/26\/tour-desde-la-zona-vip\/#breadcrumb\"},\"inLanguage\":\"es-ES\",\"potentialAction\":[{\"@type\":\"ReadAction\",\"target\":[\"https:\/\/www.welovecycling.com\/es\/2018\/07\/26\/tour-desde-la-zona-vip\/\"]}]},{\"@type\":\"ImageObject\",\"inLanguage\":\"es-ES\",\"@id\":\"https:\/\/www.welovecycling.com\/es\/2018\/07\/26\/tour-desde-la-zona-vip\/#primaryimage\",\"url\":\"https:\/\/d2p6e6u75xmxt8.cloudfront.net\/6\/2018\/07\/TOUR-2018-31.JPG.jpg\",\"contentUrl\":\"https:\/\/d2p6e6u75xmxt8.cloudfront.net\/6\/2018\/07\/TOUR-2018-31.JPG.jpg\",\"width\":1024,\"height\":589},{\"@type\":\"BreadcrumbList\",\"@id\":\"https:\/\/www.welovecycling.com\/es\/2018\/07\/26\/tour-desde-la-zona-vip\/#breadcrumb\",\"itemListElement\":[{\"@type\":\"ListItem\",\"position\":1,\"name\":\"Home\",\"item\":\"https:\/\/www.welovecycling.com\/es\/\"},{\"@type\":\"ListItem\",\"position\":2,\"name\":\"El Tour desde la zona VIP\"}]},{\"@type\":\"WebSite\",\"@id\":\"https:\/\/www.welovecycling.com\/es\/#website\",\"url\":\"https:\/\/www.welovecycling.com\/es\/\",\"name\":\"\u0160koda We Love Cycling - Spain\",\"description\":\"\u0160koda WeLoveCycling Spain\",\"potentialAction\":[{\"@type\":\"SearchAction\",\"target\":{\"@type\":\"EntryPoint\",\"urlTemplate\":\"https:\/\/www.welovecycling.com\/es\/?s={search_term_string}\"},\"query-input\":{\"@type\":\"PropertyValueSpecification\",\"valueRequired\":true,\"valueName\":\"search_term_string\"}}],\"inLanguage\":\"es-ES\"},{\"@type\":\"Person\",\"@id\":\"https:\/\/www.welovecycling.com\/es\/#\/schema\/person\/deb61715b5812698ee79fb96f343ccd4\",\"name\":\"We Love Cycling Spain\",\"image\":{\"@type\":\"ImageObject\",\"inLanguage\":\"es-ES\",\"@id\":\"https:\/\/www.welovecycling.com\/es\/#\/schema\/person\/image\/\",\"url\":\"https:\/\/secure.gravatar.com\/avatar\/c824b04e6df0e37a03219d0b6481672889df542894588964102459e46513159c?s=96&d=mm&r=g\",\"contentUrl\":\"https:\/\/secure.gravatar.com\/avatar\/c824b04e6df0e37a03219d0b6481672889df542894588964102459e46513159c?s=96&d=mm&r=g\",\"caption\":\"We Love Cycling Spain\"},\"url\":\"https:\/\/www.welovecycling.com\/es\/author\/amunoz\/\"}]}<\/script>\n<!-- \/ Yoast SEO Premium plugin. -->","yoast_head_json":{"title":"El Tour desde la zona VIP - \u0160koda We Love Cycling - Spain","description":"El Tour desde la zona VIP. La acreditaci\u00f3n del Tour de Francia es un bien preciado. La organizaci\u00f3n del Tour premia a sus invitados, patrocinadores, ganadores de sorteos y trabajadores.","robots":{"index":"index","follow":"follow","max-snippet":"max-snippet:-1","max-image-preview":"max-image-preview:large","max-video-preview":"max-video-preview:-1"},"canonical":"https:\/\/www.welovecycling.com\/es\/2018\/07\/26\/tour-desde-la-zona-vip\/","og_locale":"es_ES","og_type":"article","og_title":"El Tour desde la zona VIP","og_description":"La acreditaci\u00f3n del Tour de Francia es un bien preciado. La organizaci\u00f3n del Tour premia a sus invitados, patrocinadores, ganadores de sorteos y trabajadores.","og_url":"https:\/\/www.welovecycling.com\/es\/2018\/07\/26\/tour-desde-la-zona-vip\/","og_site_name":"\u0160koda We Love Cycling - Spain","article_published_time":"2018-07-26T18:08:43+00:00","og_image":[{"width":1024,"height":589,"url":"https:\/\/d2p6e6u75xmxt8.cloudfront.net\/6\/2018\/07\/TOUR-2018-31.JPG.jpg","type":"image\/jpeg"}],"author":"We Love Cycling Spain","twitter_card":"summary_large_image","twitter_title":"El Tour desde la zona VIP","twitter_description":"La acreditaci\u00f3n del Tour de Francia es un bien preciado. La organizaci\u00f3n del Tour premia a sus invitados, patrocinadores, ganadores de sorteos y trabajadores.","twitter_misc":{"Written by":"Luis Ortega @ciclored","Est. reading time":"3 minutes"},"schema":{"@context":"https:\/\/schema.org","@graph":[{"@type":"WebPage","@id":"https:\/\/www.welovecycling.com\/es\/2018\/07\/26\/tour-desde-la-zona-vip\/","url":"https:\/\/www.welovecycling.com\/es\/2018\/07\/26\/tour-desde-la-zona-vip\/","name":"El Tour desde la zona VIP - \u0160koda We Love Cycling - Spain","isPartOf":{"@id":"https:\/\/www.welovecycling.com\/es\/#website"},"primaryImageOfPage":{"@id":"https:\/\/www.welovecycling.com\/es\/2018\/07\/26\/tour-desde-la-zona-vip\/#primaryimage"},"image":{"@id":"https:\/\/www.welovecycling.com\/es\/2018\/07\/26\/tour-desde-la-zona-vip\/#primaryimage"},"thumbnailUrl":"https:\/\/d2p6e6u75xmxt8.cloudfront.net\/6\/2018\/07\/TOUR-2018-31.JPG.jpg","datePublished":"2018-07-26T18:08:43+00:00","author":{"@id":"https:\/\/www.welovecycling.com\/es\/#\/schema\/person\/deb61715b5812698ee79fb96f343ccd4"},"description":"El Tour desde la zona VIP. La acreditaci\u00f3n del Tour de Francia es un bien preciado. La organizaci\u00f3n del Tour premia a sus invitados, patrocinadores, ganadores de sorteos y trabajadores.","breadcrumb":{"@id":"https:\/\/www.welovecycling.com\/es\/2018\/07\/26\/tour-desde-la-zona-vip\/#breadcrumb"},"inLanguage":"es-ES","potentialAction":[{"@type":"ReadAction","target":["https:\/\/www.welovecycling.com\/es\/2018\/07\/26\/tour-desde-la-zona-vip\/"]}]},{"@type":"ImageObject","inLanguage":"es-ES","@id":"https:\/\/www.welovecycling.com\/es\/2018\/07\/26\/tour-desde-la-zona-vip\/#primaryimage","url":"https:\/\/d2p6e6u75xmxt8.cloudfront.net\/6\/2018\/07\/TOUR-2018-31.JPG.jpg","contentUrl":"https:\/\/d2p6e6u75xmxt8.cloudfront.net\/6\/2018\/07\/TOUR-2018-31.JPG.jpg","width":1024,"height":589},{"@type":"BreadcrumbList","@id":"https:\/\/www.welovecycling.com\/es\/2018\/07\/26\/tour-desde-la-zona-vip\/#breadcrumb","itemListElement":[{"@type":"ListItem","position":1,"name":"Home","item":"https:\/\/www.welovecycling.com\/es\/"},{"@type":"ListItem","position":2,"name":"El Tour desde la zona VIP"}]},{"@type":"WebSite","@id":"https:\/\/www.welovecycling.com\/es\/#website","url":"https:\/\/www.welovecycling.com\/es\/","name":"\u0160koda We Love Cycling - Spain","description":"\u0160koda WeLoveCycling Spain","potentialAction":[{"@type":"SearchAction","target":{"@type":"EntryPoint","urlTemplate":"https:\/\/www.welovecycling.com\/es\/?s={search_term_string}"},"query-input":{"@type":"PropertyValueSpecification","valueRequired":true,"valueName":"search_term_string"}}],"inLanguage":"es-ES"},{"@type":"Person","@id":"https:\/\/www.welovecycling.com\/es\/#\/schema\/person\/deb61715b5812698ee79fb96f343ccd4","name":"We Love Cycling Spain","image":{"@type":"ImageObject","inLanguage":"es-ES","@id":"https:\/\/www.welovecycling.com\/es\/#\/schema\/person\/image\/","url":"https:\/\/secure.gravatar.com\/avatar\/c824b04e6df0e37a03219d0b6481672889df542894588964102459e46513159c?s=96&d=mm&r=g","contentUrl":"https:\/\/secure.gravatar.com\/avatar\/c824b04e6df0e37a03219d0b6481672889df542894588964102459e46513159c?s=96&d=mm&r=g","caption":"We Love Cycling Spain"},"url":"https:\/\/www.welovecycling.com\/es\/author\/amunoz\/"}]}},"_links":{"self":[{"href":"https:\/\/www.welovecycling.com\/es\/wp-json\/wp\/v2\/posts\/3147","targetHints":{"allow":["GET"]}}],"collection":[{"href":"https:\/\/www.welovecycling.com\/es\/wp-json\/wp\/v2\/posts"}],"about":[{"href":"https:\/\/www.welovecycling.com\/es\/wp-json\/wp\/v2\/types\/post"}],"author":[{"embeddable":true,"href":"https:\/\/www.welovecycling.com\/es\/wp-json\/wp\/v2\/users\/29"}],"replies":[{"embeddable":true,"href":"https:\/\/www.welovecycling.com\/es\/wp-json\/wp\/v2\/comments?post=3147"}],"version-history":[{"count":1,"href":"https:\/\/www.welovecycling.com\/es\/wp-json\/wp\/v2\/posts\/3147\/revisions"}],"predecessor-version":[{"id":3167,"href":"https:\/\/www.welovecycling.com\/es\/wp-json\/wp\/v2\/posts\/3147\/revisions\/3167"}],"wp:featuredmedia":[{"embeddable":true,"href":"https:\/\/www.welovecycling.com\/es\/wp-json\/wp\/v2\/media\/3159"}],"wp:attachment":[{"href":"https:\/\/www.welovecycling.com\/es\/wp-json\/wp\/v2\/media?parent=3147"}],"wp:term":[{"taxonomy":"category","embeddable":true,"href":"https:\/\/www.welovecycling.com\/es\/wp-json\/wp\/v2\/categories?post=3147"},{"taxonomy":"post_tag","embeddable":true,"href":"https:\/\/www.welovecycling.com\/es\/wp-json\/wp\/v2\/tags?post=3147"},{"taxonomy":"global-categories","embeddable":true,"href":"https:\/\/www.welovecycling.com\/es\/wp-json\/wp\/v2\/global-categories?post=3147"}],"curies":[{"name":"wp","href":"https:\/\/api.w.org\/{rel}","templated":true}]}}