{"id":3111,"date":"2018-07-25T00:45:42","date_gmt":"2018-07-24T22:45:42","guid":{"rendered":"https:\/\/www.welovecycling.com\/es\/?p=3111"},"modified":"2018-07-25T00:55:09","modified_gmt":"2018-07-24T22:55:09","slug":"el-tour-hace-dano","status":"publish","type":"post","link":"https:\/\/www.welovecycling.com\/es\/2018\/07\/25\/el-tour-hace-dano\/","title":{"rendered":"El Tour hace da\u00f1o. Las caras del pelot\u00f3n al entrar en meta"},"content":{"rendered":"<p><b>El Tour hace da\u00f1o. Da igual qu\u00e9 etapa sea. Los ciclistas llegan a la l\u00ednea de meta con gestos de dolor y cansancio. Raro es el d\u00eda que las caras no ofrecen alguna mueca de esfuerzo. Si adem\u00e1s es despu\u00e9s de un d\u00eda de calor como la etapa 16 y de alta monta\u00f1a, las caras de algunos son todo un poema.<\/b><br \/>\n<!--more--><\/p>\n<p>La etapa con final en <a href=\"https:\/\/www.letour.fr\/es\/noticias\/2018\/etapa-16\/vuela-alaphilippe-1\/1274241\">Bagneres de Luch\u00f3n<\/a> no tuvo cambios para la general ni grandes ataques. El aficionado com\u00fan podr\u00eda pensar que los favoritos para el podio de Par\u00eds se &#8216;ventilaron&#8217; la jornada y solo la disputaron los 30 ciclistas que iban en fuga. Los <strong>Alaphilippe, Yates, Izaguirre<\/strong> y compa\u00f1\u00eda.<\/p>\n<p>Adem\u00e1s, como la jornada acab\u00f3 en descenso, m\u00e1s &#8216;relax&#8217; todav\u00eda. Pues nada m\u00e1s lejos de la realidad. Lo gestos lo dicen todo. <strong>Rostros afilados y p\u00f3mulos que casi transparentan el hueso que hay debajo.<\/strong> Cuerpos afinados al l\u00edmite para mejorar la relaci\u00f3n peso potencia. Delgadez extrema que acent\u00faa a\u00fan m\u00e1s la sensaci\u00f3n de debilidad y la necesidad de una r\u00e1pida recuperaci\u00f3n.<\/p>\n<p>Solo hace falta ver la cara desencajada de <strong>Froome<\/strong>, el resoplido de <strong>Alejandro Valverde<\/strong>. la mueca de dolor d<strong>e Dumuolin<\/strong>, el gesto de <strong>Jakob Fulsang<\/strong> o la extrema delgadez de Poels. Entre los escapados, adem\u00e1s, la &#8216;sangre&#8217; de Yates, la sensaci\u00f3n de derrota de Mollema, Gesink y Valgren o la mirada perdida de Barguil, que se &#8216;peg\u00f3 en todos los puertos de monta\u00f1a con <strong>Alaphilippe.<br \/>\n<\/strong><br \/>\nEl Tour es as\u00ed. Justo cuando acaba el espect\u00e1culo el ciclista comienza a pensar en el d\u00eda siguiente y en c\u00f3mo reparar los da\u00f1os que ha sufrido su cuerpo para volver a pedalear 20 horas despu\u00e9s con la misma intensidad.<\/p>\n<p><img loading=\"lazy\" decoding=\"async\" class=\"aligncenter wp-image-3112 size-large\" src=\"https:\/\/d2p6e6u75xmxt8.cloudfront.net\/6\/2018\/07\/TOUR-2018-3.JPG-1024x719.jpg\" alt=\"\" width=\"1024\" height=\"719\" srcset=\"https:\/\/d2p6e6u75xmxt8.cloudfront.net\/6\/2018\/07\/TOUR-2018-3.JPG.jpg 1024w, https:\/\/d2p6e6u75xmxt8.cloudfront.net\/6\/2018\/07\/TOUR-2018-3.JPG-300x211.jpg 300w, https:\/\/d2p6e6u75xmxt8.cloudfront.net\/6\/2018\/07\/TOUR-2018-3.JPG-768x539.jpg 768w\" sizes=\"auto, (max-width: 1024px) 100vw, 1024px\" \/><\/p>\n<p><a href=\"https:\/\/d2p6e6u75xmxt8.cloudfront.net\/6\/2018\/07\/TOUR-2018-4.JPG.jpg\"><img loading=\"lazy\" decoding=\"async\" class=\"aligncenter size-large wp-image-3113\" src=\"https:\/\/d2p6e6u75xmxt8.cloudfront.net\/6\/2018\/07\/TOUR-2018-4.JPG-1024x710.jpg\" alt=\"\" width=\"1024\" height=\"710\" srcset=\"https:\/\/d2p6e6u75xmxt8.cloudfront.net\/6\/2018\/07\/TOUR-2018-4.JPG.jpg 1024w, https:\/\/d2p6e6u75xmxt8.cloudfront.net\/6\/2018\/07\/TOUR-2018-4.JPG-300x208.jpg 300w, https:\/\/d2p6e6u75xmxt8.cloudfront.net\/6\/2018\/07\/TOUR-2018-4.JPG-768x533.jpg 768w\" sizes=\"auto, (max-width: 1024px) 100vw, 1024px\" \/><br \/>\n<\/a> <a href=\"https:\/\/d2p6e6u75xmxt8.cloudfront.net\/6\/2018\/07\/TOUR-2018-5.JPG.jpg\"><img loading=\"lazy\" decoding=\"async\" class=\"aligncenter size-large wp-image-3114\" src=\"https:\/\/d2p6e6u75xmxt8.cloudfront.net\/6\/2018\/07\/TOUR-2018-5.JPG-1024x678.jpg\" alt=\"\" width=\"1024\" height=\"678\" srcset=\"https:\/\/d2p6e6u75xmxt8.cloudfront.net\/6\/2018\/07\/TOUR-2018-5.JPG.jpg 1024w, https:\/\/d2p6e6u75xmxt8.cloudfront.net\/6\/2018\/07\/TOUR-2018-5.JPG-300x199.jpg 300w, https:\/\/d2p6e6u75xmxt8.cloudfront.net\/6\/2018\/07\/TOUR-2018-5.JPG-768x509.jpg 768w\" sizes=\"auto, (max-width: 1024px) 100vw, 1024px\" \/><br \/>\n<\/a> <a href=\"https:\/\/d2p6e6u75xmxt8.cloudfront.net\/6\/2018\/07\/TOUR-2018-7.JPG.jpg\"><img loading=\"lazy\" decoding=\"async\" class=\"aligncenter size-large wp-image-3115\" src=\"https:\/\/d2p6e6u75xmxt8.cloudfront.net\/6\/2018\/07\/TOUR-2018-7.JPG-1024x746.jpg\" alt=\"\" width=\"1024\" height=\"746\" srcset=\"https:\/\/d2p6e6u75xmxt8.cloudfront.net\/6\/2018\/07\/TOUR-2018-7.JPG.jpg 1024w, https:\/\/d2p6e6u75xmxt8.cloudfront.net\/6\/2018\/07\/TOUR-2018-7.JPG-300x219.jpg 300w, https:\/\/d2p6e6u75xmxt8.cloudfront.net\/6\/2018\/07\/TOUR-2018-7.JPG-768x560.jpg 768w\" sizes=\"auto, (max-width: 1024px) 100vw, 1024px\" \/><br \/>\n<\/a> <a href=\"https:\/\/d2p6e6u75xmxt8.cloudfront.net\/6\/2018\/07\/TOUR-2018-8.JPG.jpg\"><img loading=\"lazy\" decoding=\"async\" class=\"aligncenter size-large wp-image-3116\" src=\"https:\/\/d2p6e6u75xmxt8.cloudfront.net\/6\/2018\/07\/TOUR-2018-8.JPG-1024x620.jpg\" alt=\"\" width=\"1024\" height=\"620\" srcset=\"https:\/\/d2p6e6u75xmxt8.cloudfront.net\/6\/2018\/07\/TOUR-2018-8.JPG.jpg 1024w, https:\/\/d2p6e6u75xmxt8.cloudfront.net\/6\/2018\/07\/TOUR-2018-8.JPG-300x182.jpg 300w, https:\/\/d2p6e6u75xmxt8.cloudfront.net\/6\/2018\/07\/TOUR-2018-8.JPG-768x465.jpg 768w\" sizes=\"auto, (max-width: 1024px) 100vw, 1024px\" \/><br \/>\n<\/a> <a href=\"https:\/\/d2p6e6u75xmxt8.cloudfront.net\/6\/2018\/07\/TOUR-2018-10.JPG.jpg\"><img loading=\"lazy\" decoding=\"async\" class=\"aligncenter size-large wp-image-3117\" src=\"https:\/\/d2p6e6u75xmxt8.cloudfront.net\/6\/2018\/07\/TOUR-2018-10.JPG-1024x726.jpg\" alt=\"\" width=\"1024\" height=\"726\" srcset=\"https:\/\/d2p6e6u75xmxt8.cloudfront.net\/6\/2018\/07\/TOUR-2018-10.JPG.jpg 1024w, https:\/\/d2p6e6u75xmxt8.cloudfront.net\/6\/2018\/07\/TOUR-2018-10.JPG-300x213.jpg 300w, https:\/\/d2p6e6u75xmxt8.cloudfront.net\/6\/2018\/07\/TOUR-2018-10.JPG-768x545.jpg 768w\" sizes=\"auto, (max-width: 1024px) 100vw, 1024px\" \/><br \/>\n<\/a> <a href=\"https:\/\/d2p6e6u75xmxt8.cloudfront.net\/6\/2018\/07\/TOUR-2018-17.JPG.jpg\"><img loading=\"lazy\" decoding=\"async\" class=\"aligncenter size-large wp-image-3118\" src=\"https:\/\/d2p6e6u75xmxt8.cloudfront.net\/6\/2018\/07\/TOUR-2018-17.JPG-1024x678.jpg\" alt=\"\" width=\"1024\" height=\"678\" srcset=\"https:\/\/d2p6e6u75xmxt8.cloudfront.net\/6\/2018\/07\/TOUR-2018-17.JPG.jpg 1024w, https:\/\/d2p6e6u75xmxt8.cloudfront.net\/6\/2018\/07\/TOUR-2018-17.JPG-300x199.jpg 300w, https:\/\/d2p6e6u75xmxt8.cloudfront.net\/6\/2018\/07\/TOUR-2018-17.JPG-768x509.jpg 768w\" sizes=\"auto, (max-width: 1024px) 100vw, 1024px\" \/><br \/>\n<\/a><a href=\"https:\/\/d2p6e6u75xmxt8.cloudfront.net\/6\/2018\/07\/TOUR-2018-13.JPG.jpg\"><img loading=\"lazy\" decoding=\"async\" class=\"aligncenter size-large wp-image-3134\" src=\"https:\/\/d2p6e6u75xmxt8.cloudfront.net\/6\/2018\/07\/TOUR-2018-13.JPG-1024x637.jpg\" alt=\"\" width=\"1024\" height=\"637\" srcset=\"https:\/\/d2p6e6u75xmxt8.cloudfront.net\/6\/2018\/07\/TOUR-2018-13.JPG.jpg 1024w, https:\/\/d2p6e6u75xmxt8.cloudfront.net\/6\/2018\/07\/TOUR-2018-13.JPG-300x187.jpg 300w, https:\/\/d2p6e6u75xmxt8.cloudfront.net\/6\/2018\/07\/TOUR-2018-13.JPG-768x478.jpg 768w\" sizes=\"auto, (max-width: 1024px) 100vw, 1024px\" \/><br \/>\n<\/a><a href=\"https:\/\/d2p6e6u75xmxt8.cloudfront.net\/6\/2018\/07\/TOUR-2018-17.JPG.jpg\"><br \/>\n<\/a> <a href=\"https:\/\/d2p6e6u75xmxt8.cloudfront.net\/6\/2018\/07\/TOUR-2018-19.JPG.jpg\"><img loading=\"lazy\" decoding=\"async\" class=\"aligncenter size-large wp-image-3119\" src=\"https:\/\/d2p6e6u75xmxt8.cloudfront.net\/6\/2018\/07\/TOUR-2018-19.JPG.jpg\" alt=\"\" width=\"987\" height=\"800\" srcset=\"https:\/\/d2p6e6u75xmxt8.cloudfront.net\/6\/2018\/07\/TOUR-2018-19.JPG.jpg 987w, https:\/\/d2p6e6u75xmxt8.cloudfront.net\/6\/2018\/07\/TOUR-2018-19.JPG-300x243.jpg 300w, https:\/\/d2p6e6u75xmxt8.cloudfront.net\/6\/2018\/07\/TOUR-2018-19.JPG-768x622.jpg 768w\" sizes=\"auto, (max-width: 987px) 100vw, 987px\" \/><br \/>\n<\/a> <a href=\"https:\/\/d2p6e6u75xmxt8.cloudfront.net\/6\/2018\/07\/TOUR-2018-20.JPG.jpg\"><img loading=\"lazy\" decoding=\"async\" class=\"aligncenter size-large wp-image-3120\" src=\"https:\/\/d2p6e6u75xmxt8.cloudfront.net\/6\/2018\/07\/TOUR-2018-20.JPG-1024x571.jpg\" alt=\"\" width=\"1024\" height=\"571\" srcset=\"https:\/\/d2p6e6u75xmxt8.cloudfront.net\/6\/2018\/07\/TOUR-2018-20.JPG.jpg 1024w, https:\/\/d2p6e6u75xmxt8.cloudfront.net\/6\/2018\/07\/TOUR-2018-20.JPG-300x167.jpg 300w, https:\/\/d2p6e6u75xmxt8.cloudfront.net\/6\/2018\/07\/TOUR-2018-20.JPG-768x428.jpg 768w\" sizes=\"auto, (max-width: 1024px) 100vw, 1024px\" \/><br \/>\n<\/a> <a href=\"https:\/\/d2p6e6u75xmxt8.cloudfront.net\/6\/2018\/07\/TOUR-2018-25.JPG.jpg\"><img loading=\"lazy\" decoding=\"async\" class=\"aligncenter size-large wp-image-3121\" src=\"https:\/\/d2p6e6u75xmxt8.cloudfront.net\/6\/2018\/07\/TOUR-2018-25.JPG-1024x678.jpg\" alt=\"\" width=\"1024\" height=\"678\" srcset=\"https:\/\/d2p6e6u75xmxt8.cloudfront.net\/6\/2018\/07\/TOUR-2018-25.JPG.jpg 1024w, https:\/\/d2p6e6u75xmxt8.cloudfront.net\/6\/2018\/07\/TOUR-2018-25.JPG-300x199.jpg 300w, https:\/\/d2p6e6u75xmxt8.cloudfront.net\/6\/2018\/07\/TOUR-2018-25.JPG-768x509.jpg 768w\" sizes=\"auto, (max-width: 1024px) 100vw, 1024px\" \/><br \/>\n<\/a> <a href=\"https:\/\/d2p6e6u75xmxt8.cloudfront.net\/6\/2018\/07\/TOUR-2018-26.JPG.jpg\"><img loading=\"lazy\" decoding=\"async\" class=\"aligncenter size-large wp-image-3122\" src=\"https:\/\/d2p6e6u75xmxt8.cloudfront.net\/6\/2018\/07\/TOUR-2018-26.JPG-1024x678.jpg\" alt=\"\" width=\"1024\" height=\"678\" srcset=\"https:\/\/d2p6e6u75xmxt8.cloudfront.net\/6\/2018\/07\/TOUR-2018-26.JPG.jpg 1024w, https:\/\/d2p6e6u75xmxt8.cloudfront.net\/6\/2018\/07\/TOUR-2018-26.JPG-300x199.jpg 300w, https:\/\/d2p6e6u75xmxt8.cloudfront.net\/6\/2018\/07\/TOUR-2018-26.JPG-768x509.jpg 768w\" sizes=\"auto, (max-width: 1024px) 100vw, 1024px\" \/><br \/>\n<\/a> <a href=\"https:\/\/d2p6e6u75xmxt8.cloudfront.net\/6\/2018\/07\/TOUR-2018-28.JPG.jpg\"><img loading=\"lazy\" decoding=\"async\" class=\"aligncenter size-large wp-image-3123\" src=\"https:\/\/d2p6e6u75xmxt8.cloudfront.net\/6\/2018\/07\/TOUR-2018-28.JPG-1024x798.jpg\" alt=\"\" width=\"1024\" height=\"798\" srcset=\"https:\/\/d2p6e6u75xmxt8.cloudfront.net\/6\/2018\/07\/TOUR-2018-28.JPG.jpg 1024w, https:\/\/d2p6e6u75xmxt8.cloudfront.net\/6\/2018\/07\/TOUR-2018-28.JPG-300x234.jpg 300w, https:\/\/d2p6e6u75xmxt8.cloudfront.net\/6\/2018\/07\/TOUR-2018-28.JPG-768x599.jpg 768w\" sizes=\"auto, (max-width: 1024px) 100vw, 1024px\" \/><br \/>\n<\/a> <a href=\"https:\/\/d2p6e6u75xmxt8.cloudfront.net\/6\/2018\/07\/TOUR-2018-33.JPG.jpg\"><img loading=\"lazy\" decoding=\"async\" class=\"aligncenter size-large wp-image-3124\" src=\"https:\/\/d2p6e6u75xmxt8.cloudfront.net\/6\/2018\/07\/TOUR-2018-33.JPG-1024x760.jpg\" alt=\"\" width=\"1024\" height=\"760\" srcset=\"https:\/\/d2p6e6u75xmxt8.cloudfront.net\/6\/2018\/07\/TOUR-2018-33.JPG.jpg 1024w, https:\/\/d2p6e6u75xmxt8.cloudfront.net\/6\/2018\/07\/TOUR-2018-33.JPG-300x223.jpg 300w, https:\/\/d2p6e6u75xmxt8.cloudfront.net\/6\/2018\/07\/TOUR-2018-33.JPG-768x570.jpg 768w\" sizes=\"auto, (max-width: 1024px) 100vw, 1024px\" \/><br \/>\n<\/a> <a href=\"https:\/\/d2p6e6u75xmxt8.cloudfront.net\/6\/2018\/07\/TOUR-2018-37.JPG.jpg\"><img loading=\"lazy\" decoding=\"async\" class=\"aligncenter size-large wp-image-3125\" src=\"https:\/\/d2p6e6u75xmxt8.cloudfront.net\/6\/2018\/07\/TOUR-2018-37.JPG.jpg\" alt=\"\" width=\"1010\" height=\"800\" srcset=\"https:\/\/d2p6e6u75xmxt8.cloudfront.net\/6\/2018\/07\/TOUR-2018-37.JPG.jpg 1010w, https:\/\/d2p6e6u75xmxt8.cloudfront.net\/6\/2018\/07\/TOUR-2018-37.JPG-300x238.jpg 300w, https:\/\/d2p6e6u75xmxt8.cloudfront.net\/6\/2018\/07\/TOUR-2018-37.JPG-768x608.jpg 768w\" sizes=\"auto, (max-width: 1010px) 100vw, 1010px\" \/><br \/>\n<\/a> <a href=\"https:\/\/d2p6e6u75xmxt8.cloudfront.net\/6\/2018\/07\/TOUR-2018-41.JPG.jpg\"><img loading=\"lazy\" decoding=\"async\" class=\"aligncenter size-large wp-image-3126\" src=\"https:\/\/d2p6e6u75xmxt8.cloudfront.net\/6\/2018\/07\/TOUR-2018-41.JPG.jpg\" alt=\"\" width=\"945\" height=\"800\" srcset=\"https:\/\/d2p6e6u75xmxt8.cloudfront.net\/6\/2018\/07\/TOUR-2018-41.JPG.jpg 945w, https:\/\/d2p6e6u75xmxt8.cloudfront.net\/6\/2018\/07\/TOUR-2018-41.JPG-300x254.jpg 300w, https:\/\/d2p6e6u75xmxt8.cloudfront.net\/6\/2018\/07\/TOUR-2018-41.JPG-768x650.jpg 768w\" sizes=\"auto, (max-width: 945px) 100vw, 945px\" \/><\/a><a href=\"https:\/\/d2p6e6u75xmxt8.cloudfront.net\/6\/2018\/07\/TOUR-2018-21.JPG.jpg\"><img loading=\"lazy\" decoding=\"async\" class=\"aligncenter size-large wp-image-3129\" src=\"https:\/\/d2p6e6u75xmxt8.cloudfront.net\/6\/2018\/07\/TOUR-2018-21.JPG-1024x662.jpg\" alt=\"\" width=\"1024\" height=\"662\" srcset=\"https:\/\/d2p6e6u75xmxt8.cloudfront.net\/6\/2018\/07\/TOUR-2018-21.JPG.jpg 1024w, https:\/\/d2p6e6u75xmxt8.cloudfront.net\/6\/2018\/07\/TOUR-2018-21.JPG-300x194.jpg 300w, https:\/\/d2p6e6u75xmxt8.cloudfront.net\/6\/2018\/07\/TOUR-2018-21.JPG-768x497.jpg 768w\" sizes=\"auto, (max-width: 1024px) 100vw, 1024px\" \/><br \/>\n<\/a><a href=\"https:\/\/d2p6e6u75xmxt8.cloudfront.net\/6\/2018\/07\/TOUR-2018-24.JPG.jpg\"><img loading=\"lazy\" decoding=\"async\" class=\"aligncenter size-large wp-image-3130\" src=\"https:\/\/d2p6e6u75xmxt8.cloudfront.net\/6\/2018\/07\/TOUR-2018-24.JPG-1024x627.jpg\" alt=\"\" width=\"1024\" height=\"627\" srcset=\"https:\/\/d2p6e6u75xmxt8.cloudfront.net\/6\/2018\/07\/TOUR-2018-24.JPG.jpg 1024w, https:\/\/d2p6e6u75xmxt8.cloudfront.net\/6\/2018\/07\/TOUR-2018-24.JPG-300x184.jpg 300w, https:\/\/d2p6e6u75xmxt8.cloudfront.net\/6\/2018\/07\/TOUR-2018-24.JPG-768x470.jpg 768w\" sizes=\"auto, (max-width: 1024px) 100vw, 1024px\" \/><br \/>\n<\/a><a href=\"https:\/\/d2p6e6u75xmxt8.cloudfront.net\/6\/2018\/07\/TOUR-2018-29.JPG.jpg\"><img loading=\"lazy\" decoding=\"async\" class=\"aligncenter size-large wp-image-3131\" src=\"https:\/\/d2p6e6u75xmxt8.cloudfront.net\/6\/2018\/07\/TOUR-2018-29.JPG-1024x664.jpg\" alt=\"\" width=\"1024\" height=\"664\" srcset=\"https:\/\/d2p6e6u75xmxt8.cloudfront.net\/6\/2018\/07\/TOUR-2018-29.JPG.jpg 1024w, https:\/\/d2p6e6u75xmxt8.cloudfront.net\/6\/2018\/07\/TOUR-2018-29.JPG-300x195.jpg 300w, https:\/\/d2p6e6u75xmxt8.cloudfront.net\/6\/2018\/07\/TOUR-2018-29.JPG-768x498.jpg 768w\" sizes=\"auto, (max-width: 1024px) 100vw, 1024px\" \/><\/a><a href=\"https:\/\/d2p6e6u75xmxt8.cloudfront.net\/6\/2018\/07\/TOUR-2018-41.JPG.jpg\"><br \/>\n<\/a><\/p>\n","protected":false},"excerpt":{"rendered":"<p>El Tour hace da\u00f1o. Da igual qu\u00e9 etapa sea. Los ciclistas llegan a la l\u00ednea de meta con gestos de [&hellip;]<\/p>\n","protected":false},"author":29,"featured_media":3121,"comment_status":"open","ping_status":"open","sticky":false,"template":"","format":"standard","meta":{"footnotes":""},"categories":[7],"tags":[560,559,558,561,557],"global-categories":[],"class_list":["post-3111","post","type-post","status-publish","format-standard","has-post-thumbnail","hentry","category-carretera","tag-dumoulin","tag-froome","tag-luchon","tag-quintana","tag-tour-de-francia"],"yoast_head":"<!-- This site is optimized with the Yoast SEO Premium plugin v25.3 (Yoast SEO v25.9) - https:\/\/yoast.com\/wordpress\/plugins\/seo\/ -->\n<title>El Tour hace da\u00f1o. Las caras del pelot\u00f3n al entrar en meta - \u0160koda We Love Cycling - Spain<\/title>\n<meta name=\"description\" content=\"El Tour hace da\u00f1o. Da igual qu\u00e9 etapa sea. Los ciclistas llegan a la l\u00ednea de meta con gestos de dolor y cansancio. De Valverde a Froome o Yates.\" \/>\n<meta name=\"robots\" content=\"index, follow, max-snippet:-1, max-image-preview:large, max-video-preview:-1\" \/>\n<link rel=\"canonical\" href=\"https:\/\/www.welovecycling.com\/es\/2018\/07\/25\/el-tour-hace-dano\/\" \/>\n<meta property=\"og:locale\" content=\"es_ES\" \/>\n<meta property=\"og:type\" content=\"article\" \/>\n<meta property=\"og:title\" content=\"El Tour hace da\u00f1o. Las caras del pelot\u00f3n al entrar en meta\" \/>\n<meta property=\"og:description\" content=\"El Tour hace da\u00f1o. Da igual qu\u00e9 etapa sea. Los ciclistas llegan a la l\u00ednea de meta con gestos de dolor y cansancio. De Valverde a Froome o Yates.\" \/>\n<meta property=\"og:url\" content=\"https:\/\/www.welovecycling.com\/es\/2018\/07\/25\/el-tour-hace-dano\/\" \/>\n<meta property=\"og:site_name\" content=\"\u0160koda We Love Cycling - Spain\" \/>\n<meta property=\"article:published_time\" content=\"2018-07-24T22:45:42+00:00\" \/>\n<meta property=\"article:modified_time\" content=\"2018-07-24T22:55:09+00:00\" \/>\n<meta property=\"og:image\" content=\"https:\/\/d2p6e6u75xmxt8.cloudfront.net\/6\/2018\/07\/TOUR-2018-25.JPG.jpg\" \/>\n\t<meta property=\"og:image:width\" content=\"1024\" \/>\n\t<meta property=\"og:image:height\" content=\"678\" \/>\n\t<meta property=\"og:image:type\" content=\"image\/jpeg\" \/>\n<meta name=\"author\" content=\"We Love Cycling Spain\" \/>\n<meta name=\"twitter:card\" content=\"summary_large_image\" \/>\n<meta name=\"twitter:title\" content=\"El Tour hace da\u00f1o. Las caras del pelot\u00f3n al entrar en meta\" \/>\n<meta name=\"twitter:description\" content=\"El Tour hace da\u00f1o. Da igual qu\u00e9 etapa sea. Los ciclistas llegan a la l\u00ednea de meta con gestos de dolor y cansancio. De Valverde a Froome o Yates.\" \/>\n<meta name=\"twitter:label1\" content=\"Written by\" \/>\n\t<meta name=\"twitter:data1\" content=\"Luis Ortega @ciclored\" \/>\n\t<meta name=\"twitter:label2\" content=\"Est. reading time\" \/>\n\t<meta name=\"twitter:data2\" content=\"2 minutes\" \/>\n<script type=\"application\/ld+json\" class=\"yoast-schema-graph\">{\"@context\":\"https:\/\/schema.org\",\"@graph\":[{\"@type\":\"WebPage\",\"@id\":\"https:\/\/www.welovecycling.com\/es\/2018\/07\/25\/el-tour-hace-dano\/\",\"url\":\"https:\/\/www.welovecycling.com\/es\/2018\/07\/25\/el-tour-hace-dano\/\",\"name\":\"El Tour hace da\u00f1o. Las caras del pelot\u00f3n al entrar en meta - \u0160koda We Love Cycling - Spain\",\"isPartOf\":{\"@id\":\"https:\/\/www.welovecycling.com\/es\/#website\"},\"primaryImageOfPage\":{\"@id\":\"https:\/\/www.welovecycling.com\/es\/2018\/07\/25\/el-tour-hace-dano\/#primaryimage\"},\"image\":{\"@id\":\"https:\/\/www.welovecycling.com\/es\/2018\/07\/25\/el-tour-hace-dano\/#primaryimage\"},\"thumbnailUrl\":\"https:\/\/d2p6e6u75xmxt8.cloudfront.net\/6\/2018\/07\/TOUR-2018-25.JPG.jpg\",\"datePublished\":\"2018-07-24T22:45:42+00:00\",\"dateModified\":\"2018-07-24T22:55:09+00:00\",\"author\":{\"@id\":\"https:\/\/www.welovecycling.com\/es\/#\/schema\/person\/deb61715b5812698ee79fb96f343ccd4\"},\"description\":\"El Tour hace da\u00f1o. Da igual qu\u00e9 etapa sea. Los ciclistas llegan a la l\u00ednea de meta con gestos de dolor y cansancio. De Valverde a Froome o Yates.\",\"breadcrumb\":{\"@id\":\"https:\/\/www.welovecycling.com\/es\/2018\/07\/25\/el-tour-hace-dano\/#breadcrumb\"},\"inLanguage\":\"es-ES\",\"potentialAction\":[{\"@type\":\"ReadAction\",\"target\":[\"https:\/\/www.welovecycling.com\/es\/2018\/07\/25\/el-tour-hace-dano\/\"]}]},{\"@type\":\"ImageObject\",\"inLanguage\":\"es-ES\",\"@id\":\"https:\/\/www.welovecycling.com\/es\/2018\/07\/25\/el-tour-hace-dano\/#primaryimage\",\"url\":\"https:\/\/d2p6e6u75xmxt8.cloudfront.net\/6\/2018\/07\/TOUR-2018-25.JPG.jpg\",\"contentUrl\":\"https:\/\/d2p6e6u75xmxt8.cloudfront.net\/6\/2018\/07\/TOUR-2018-25.JPG.jpg\",\"width\":1024,\"height\":678},{\"@type\":\"BreadcrumbList\",\"@id\":\"https:\/\/www.welovecycling.com\/es\/2018\/07\/25\/el-tour-hace-dano\/#breadcrumb\",\"itemListElement\":[{\"@type\":\"ListItem\",\"position\":1,\"name\":\"Home\",\"item\":\"https:\/\/www.welovecycling.com\/es\/\"},{\"@type\":\"ListItem\",\"position\":2,\"name\":\"El Tour hace da\u00f1o. Las caras del pelot\u00f3n al entrar en meta\"}]},{\"@type\":\"WebSite\",\"@id\":\"https:\/\/www.welovecycling.com\/es\/#website\",\"url\":\"https:\/\/www.welovecycling.com\/es\/\",\"name\":\"\u0160koda We Love Cycling - Spain\",\"description\":\"\u0160koda WeLoveCycling Spain\",\"potentialAction\":[{\"@type\":\"SearchAction\",\"target\":{\"@type\":\"EntryPoint\",\"urlTemplate\":\"https:\/\/www.welovecycling.com\/es\/?s={search_term_string}\"},\"query-input\":{\"@type\":\"PropertyValueSpecification\",\"valueRequired\":true,\"valueName\":\"search_term_string\"}}],\"inLanguage\":\"es-ES\"},{\"@type\":\"Person\",\"@id\":\"https:\/\/www.welovecycling.com\/es\/#\/schema\/person\/deb61715b5812698ee79fb96f343ccd4\",\"name\":\"We Love Cycling Spain\",\"image\":{\"@type\":\"ImageObject\",\"inLanguage\":\"es-ES\",\"@id\":\"https:\/\/www.welovecycling.com\/es\/#\/schema\/person\/image\/\",\"url\":\"https:\/\/secure.gravatar.com\/avatar\/c824b04e6df0e37a03219d0b6481672889df542894588964102459e46513159c?s=96&d=mm&r=g\",\"contentUrl\":\"https:\/\/secure.gravatar.com\/avatar\/c824b04e6df0e37a03219d0b6481672889df542894588964102459e46513159c?s=96&d=mm&r=g\",\"caption\":\"We Love Cycling Spain\"},\"url\":\"https:\/\/www.welovecycling.com\/es\/author\/amunoz\/\"}]}<\/script>\n<!-- \/ Yoast SEO Premium plugin. -->","yoast_head_json":{"title":"El Tour hace da\u00f1o. Las caras del pelot\u00f3n al entrar en meta - \u0160koda We Love Cycling - Spain","description":"El Tour hace da\u00f1o. Da igual qu\u00e9 etapa sea. Los ciclistas llegan a la l\u00ednea de meta con gestos de dolor y cansancio. De Valverde a Froome o Yates.","robots":{"index":"index","follow":"follow","max-snippet":"max-snippet:-1","max-image-preview":"max-image-preview:large","max-video-preview":"max-video-preview:-1"},"canonical":"https:\/\/www.welovecycling.com\/es\/2018\/07\/25\/el-tour-hace-dano\/","og_locale":"es_ES","og_type":"article","og_title":"El Tour hace da\u00f1o. Las caras del pelot\u00f3n al entrar en meta","og_description":"El Tour hace da\u00f1o. Da igual qu\u00e9 etapa sea. Los ciclistas llegan a la l\u00ednea de meta con gestos de dolor y cansancio. De Valverde a Froome o Yates.","og_url":"https:\/\/www.welovecycling.com\/es\/2018\/07\/25\/el-tour-hace-dano\/","og_site_name":"\u0160koda We Love Cycling - Spain","article_published_time":"2018-07-24T22:45:42+00:00","article_modified_time":"2018-07-24T22:55:09+00:00","og_image":[{"width":1024,"height":678,"url":"https:\/\/d2p6e6u75xmxt8.cloudfront.net\/6\/2018\/07\/TOUR-2018-25.JPG.jpg","type":"image\/jpeg"}],"author":"We Love Cycling Spain","twitter_card":"summary_large_image","twitter_title":"El Tour hace da\u00f1o. Las caras del pelot\u00f3n al entrar en meta","twitter_description":"El Tour hace da\u00f1o. Da igual qu\u00e9 etapa sea. Los ciclistas llegan a la l\u00ednea de meta con gestos de dolor y cansancio. De Valverde a Froome o Yates.","twitter_misc":{"Written by":"Luis Ortega @ciclored","Est. reading time":"2 minutes"},"schema":{"@context":"https:\/\/schema.org","@graph":[{"@type":"WebPage","@id":"https:\/\/www.welovecycling.com\/es\/2018\/07\/25\/el-tour-hace-dano\/","url":"https:\/\/www.welovecycling.com\/es\/2018\/07\/25\/el-tour-hace-dano\/","name":"El Tour hace da\u00f1o. Las caras del pelot\u00f3n al entrar en meta - \u0160koda We Love Cycling - Spain","isPartOf":{"@id":"https:\/\/www.welovecycling.com\/es\/#website"},"primaryImageOfPage":{"@id":"https:\/\/www.welovecycling.com\/es\/2018\/07\/25\/el-tour-hace-dano\/#primaryimage"},"image":{"@id":"https:\/\/www.welovecycling.com\/es\/2018\/07\/25\/el-tour-hace-dano\/#primaryimage"},"thumbnailUrl":"https:\/\/d2p6e6u75xmxt8.cloudfront.net\/6\/2018\/07\/TOUR-2018-25.JPG.jpg","datePublished":"2018-07-24T22:45:42+00:00","dateModified":"2018-07-24T22:55:09+00:00","author":{"@id":"https:\/\/www.welovecycling.com\/es\/#\/schema\/person\/deb61715b5812698ee79fb96f343ccd4"},"description":"El Tour hace da\u00f1o. Da igual qu\u00e9 etapa sea. Los ciclistas llegan a la l\u00ednea de meta con gestos de dolor y cansancio. De Valverde a Froome o Yates.","breadcrumb":{"@id":"https:\/\/www.welovecycling.com\/es\/2018\/07\/25\/el-tour-hace-dano\/#breadcrumb"},"inLanguage":"es-ES","potentialAction":[{"@type":"ReadAction","target":["https:\/\/www.welovecycling.com\/es\/2018\/07\/25\/el-tour-hace-dano\/"]}]},{"@type":"ImageObject","inLanguage":"es-ES","@id":"https:\/\/www.welovecycling.com\/es\/2018\/07\/25\/el-tour-hace-dano\/#primaryimage","url":"https:\/\/d2p6e6u75xmxt8.cloudfront.net\/6\/2018\/07\/TOUR-2018-25.JPG.jpg","contentUrl":"https:\/\/d2p6e6u75xmxt8.cloudfront.net\/6\/2018\/07\/TOUR-2018-25.JPG.jpg","width":1024,"height":678},{"@type":"BreadcrumbList","@id":"https:\/\/www.welovecycling.com\/es\/2018\/07\/25\/el-tour-hace-dano\/#breadcrumb","itemListElement":[{"@type":"ListItem","position":1,"name":"Home","item":"https:\/\/www.welovecycling.com\/es\/"},{"@type":"ListItem","position":2,"name":"El Tour hace da\u00f1o. Las caras del pelot\u00f3n al entrar en meta"}]},{"@type":"WebSite","@id":"https:\/\/www.welovecycling.com\/es\/#website","url":"https:\/\/www.welovecycling.com\/es\/","name":"\u0160koda We Love Cycling - Spain","description":"\u0160koda WeLoveCycling Spain","potentialAction":[{"@type":"SearchAction","target":{"@type":"EntryPoint","urlTemplate":"https:\/\/www.welovecycling.com\/es\/?s={search_term_string}"},"query-input":{"@type":"PropertyValueSpecification","valueRequired":true,"valueName":"search_term_string"}}],"inLanguage":"es-ES"},{"@type":"Person","@id":"https:\/\/www.welovecycling.com\/es\/#\/schema\/person\/deb61715b5812698ee79fb96f343ccd4","name":"We Love Cycling Spain","image":{"@type":"ImageObject","inLanguage":"es-ES","@id":"https:\/\/www.welovecycling.com\/es\/#\/schema\/person\/image\/","url":"https:\/\/secure.gravatar.com\/avatar\/c824b04e6df0e37a03219d0b6481672889df542894588964102459e46513159c?s=96&d=mm&r=g","contentUrl":"https:\/\/secure.gravatar.com\/avatar\/c824b04e6df0e37a03219d0b6481672889df542894588964102459e46513159c?s=96&d=mm&r=g","caption":"We Love Cycling Spain"},"url":"https:\/\/www.welovecycling.com\/es\/author\/amunoz\/"}]}},"_links":{"self":[{"href":"https:\/\/www.welovecycling.com\/es\/wp-json\/wp\/v2\/posts\/3111","targetHints":{"allow":["GET"]}}],"collection":[{"href":"https:\/\/www.welovecycling.com\/es\/wp-json\/wp\/v2\/posts"}],"about":[{"href":"https:\/\/www.welovecycling.com\/es\/wp-json\/wp\/v2\/types\/post"}],"author":[{"embeddable":true,"href":"https:\/\/www.welovecycling.com\/es\/wp-json\/wp\/v2\/users\/29"}],"replies":[{"embeddable":true,"href":"https:\/\/www.welovecycling.com\/es\/wp-json\/wp\/v2\/comments?post=3111"}],"version-history":[{"count":2,"href":"https:\/\/www.welovecycling.com\/es\/wp-json\/wp\/v2\/posts\/3111\/revisions"}],"predecessor-version":[{"id":3135,"href":"https:\/\/www.welovecycling.com\/es\/wp-json\/wp\/v2\/posts\/3111\/revisions\/3135"}],"wp:featuredmedia":[{"embeddable":true,"href":"https:\/\/www.welovecycling.com\/es\/wp-json\/wp\/v2\/media\/3121"}],"wp:attachment":[{"href":"https:\/\/www.welovecycling.com\/es\/wp-json\/wp\/v2\/media?parent=3111"}],"wp:term":[{"taxonomy":"category","embeddable":true,"href":"https:\/\/www.welovecycling.com\/es\/wp-json\/wp\/v2\/categories?post=3111"},{"taxonomy":"post_tag","embeddable":true,"href":"https:\/\/www.welovecycling.com\/es\/wp-json\/wp\/v2\/tags?post=3111"},{"taxonomy":"global-categories","embeddable":true,"href":"https:\/\/www.welovecycling.com\/es\/wp-json\/wp\/v2\/global-categories?post=3111"}],"curies":[{"name":"wp","href":"https:\/\/api.w.org\/{rel}","templated":true}]}}