{"id":3101,"date":"2018-07-24T00:27:06","date_gmt":"2018-07-23T22:27:06","guid":{"rendered":"https:\/\/www.welovecycling.com\/es\/?p=3101"},"modified":"2018-07-24T00:27:06","modified_gmt":"2018-07-23T22:27:06","slug":"col-de-portet","status":"publish","type":"post","link":"https:\/\/www.welovecycling.com\/es\/2018\/07\/24\/col-de-portet\/","title":{"rendered":"Col de Portet, el nuevo coloso del Tour en Pirineos"},"content":{"rendered":"<p><b>El Col de Portet ser\u00e1 un descubrimiento para el Tour de Francia 2018 y para los aficionados al ciclismo. Y con el tiempo un lugar de peregrinaci\u00f3n para cualquier cicloturista. Un puerto con n\u00fameros \u00e9picos que hemos podido conocer y pedalear desde dentro y que podr\u00e1s ver en la <a href=\"https:\/\/www.letour.fr\/es\/etapa-17\">etapa 17 del Tour del pr\u00f3ximo mi\u00e9rcoles 25<\/a> de julio. Nosotros ya lo hemos pedaleado y te ense\u00f1amos en v\u00eddeo c\u00f3mo es.<\/b><br \/>\n<!--more--><\/p>\n<p>Y es que el <strong>Col de Portet lo tiene todo para ser una referencia en los Pirineos. Altitud (2.215 metros), distancia (16 kil\u00f3metros), desnivel acumulado (1.400 metros) dureza (un porcentaje medio del 8,7%)<\/strong> y sobre todo un final con ocho kil\u00f3metros de asfalto rugoso y roto, de ese que recuerda al ciclismo de anta\u00f1o. De la \u00e9poca de Perico, LeMond y Fignon y que muchos pudimos ver por televisi\u00f3n. Y por qu\u00e9 no, de Merckx, Oca\u00f1a, Anquetil y Bahamontes.<\/p>\n<p>Pero vamos a situarlo. E<strong>l Col de Portet ser\u00e1 el final de la <a href=\"https:\/\/www.letour.fr\/es\/etapa-17\">etapa 17 de 65 kil\u00f3metros del Tour, que arranca en Bagneres de Luchon y asciende Peyresourde y Val Louron<\/a><\/strong>. El Portet arranca en Saint Lary Soulan, en los Pirineos atl\u00e1nticos y a un paso de la frontera espa\u00f1ola con el t\u00fanel de Bielsa y A\u00ednsa.<\/p>\n<p><img loading=\"lazy\" decoding=\"async\" class=\"alignnone size-extra-large\" src=\"https:\/\/v2-medias.aso.fr\/core_app\/img-cycling-tdf-jpg\/et17-pp-col-de-portet\/6172\/0:0,1550:650-960-0-70\/b8424\" width=\"960\" height=\"403\" \/><\/p>\n<p>No es un puerto nuevo en su inicio, ya que los primeros siete kil\u00f3metros coinciden con <strong>el m\u00edtico Pla de Adet, que ya se ha subido en el Tour e<\/strong>n m\u00e1s de una decena de ocasiones y siempre como final de etapa, ya que no tiene descenso. La peculiaridad de este tramo de <strong>Pla de Adet o Saint Lary<\/strong>, que es como se llama la estaci\u00f3n de esqu\u00ed, es que son muy constantes, siempre entre el 9 y 10% de media. Sin descanso y a la hora en que lo subir\u00e1n un aut\u00e9ntico horno sin ninguna sombra.<\/p>\n<div class=\"embed-controller-wrapper\">\n<div class=\"embed-wrapper\"><iframe title=\"Col du Portet. Tour 2018. Parte 1. www.ciclored.com\" width=\"500\" height=\"281\" data-src=\"https:\/\/www.youtube.com\/embed\/-ocAy8gKE4M?feature=oembed\" frameborder=\"0\" allow=\"accelerometer; autoplay; clipboard-write; encrypted-media; gyroscope; picture-in-picture; web-share\" referrerpolicy=\"strict-origin-when-cross-origin\" allowfullscreen><\/iframe><\/div>\n<\/div>\n<p>&nbsp;<\/p>\n<h2><strong>Arranca el Col de Portet<\/strong><\/h2>\n<p>La carretera de <strong>Pla de Adet se deja justo en el \u00fanico descansillo del puert<\/strong>o, cuando ya se llevan siete kil\u00f3metros ascendidos y despu\u00e9s de pasar por Soulan. En una curva a izquierda la carretera de Portet sale justo a la derecha. Desde all\u00ed quedar\u00e1n nueve hasta la cima. Los primeros 500 metros suaves y con buen asfalto, pero una nueva curva a la derecha hace que todo cambie.<\/p>\n<p>&nbsp;<\/p>\n<div class=\"embed-controller-wrapper\">\n<div class=\"embed-wrapper\"><iframe title=\"Col du Portet. Tour 2018. Parte 2. www.Ciclored.com\" width=\"500\" height=\"281\" data-src=\"https:\/\/www.youtube.com\/embed\/CsfBOlNwUhw?feature=oembed\" frameborder=\"0\" allow=\"accelerometer; autoplay; clipboard-write; encrypted-media; gyroscope; picture-in-picture; web-share\" referrerpolicy=\"strict-origin-when-cross-origin\" allowfullscreen><\/iframe><\/div>\n<\/div>\n<p>&nbsp;<\/p>\n<p>A partir de ah\u00ed arranca el Portet en toda su dimensi\u00f3n. Se acaba el asfalto bueno y comienza otro rugoso y bacheado. La carretera se vuelve a poner del<strong> 8,5 al 10% y sin descanso<\/strong>. Se adentra en el paisaje rural y de alta monta\u00f1a. A un lado y a otro solo hay praderas y vacas. Nada m\u00e1s. Durante el Tour, evidentemente, el aficionado aportar\u00e1 color y animaci\u00f3n.<\/p>\n<p>Salvo un tramo de arena suelta de<strong> 300 metros, el Portet es perfectamente ciclable,<\/strong> aunque siempre hay que ir mirando y eligiendo en qu\u00e9 tramo te vas a levantar de la bicicleta para procurar que no patine. Eso s\u00ed. Estos cinco kil\u00f3metros el desnivel no baja en ning\u00fan momento del 8,5 %. Adem\u00e1s todos los kil\u00f3metros est\u00e1n marcados con el desnivel medio y lo que resta para la cima.<\/p>\n<div class=\"embed-controller-wrapper\">\n<div class=\"embed-wrapper\"><iframe title=\"Col du Portet. Tour 2018 4. Parte. www.Ciclored.com\" width=\"500\" height=\"281\" data-src=\"https:\/\/www.youtube.com\/embed\/Csxc04Po1QU?feature=oembed\" frameborder=\"0\" allow=\"accelerometer; autoplay; clipboard-write; encrypted-media; gyroscope; picture-in-picture; web-share\" referrerpolicy=\"strict-origin-when-cross-origin\" allowfullscreen><\/iframe><\/div>\n<\/div>\n<p>El \u00fanico <strong>descansillo est\u00e1 cuando quedan tres kil\u00f3metros para coronar, con un tramo al 6%<\/strong> de media y otro casi llano. Pero la alegr\u00eda se acaba ah\u00ed. El Portet vuelve a retomar sus desniveles por encima del 9%. A falta de dos kil\u00f3metros para coronar puedes vislumbrar la cima. Son dos rectas y dos curvas.<\/p>\n<p>La primera te deja a un<strong> kil\u00f3metro de la cima, justo a la entrada del t\u00fanel y de un cartel que pone \u00faltimo kil\u00f3metro, desnivel medio del 10,4%.<\/strong> El problema es que atravesar el t\u00fanel es casi llano, por lo que el porcentaje de lo que resta tiene alg\u00fan d\u00edgito m\u00e1s alto.<\/p>\n<p>Los \u00faltimos 500 metros no bajan del <strong>11% y el final es una rampa del 12%<\/strong>, por lo que cualquier ciclista que quiera ganar aqu\u00ed tendr\u00e1 que hacer una de las mejores etapas de su vida. Y en la cima, pues la nada. Un reba\u00f1o de ovejas y los telesillas que se utilizan en invierno. Un cartel conmemorativo del Tour <strong>con los datos de Portet y unas vistas espectaculares del Pirineo<\/strong> y de lo que ser\u00e1 el desarrollo de toda la etapa 17 del Tour, porque desde all\u00ed se ven hasta las cimas de Val Louron y Peyresourde.<\/p>\n<div class=\"embed-controller-wrapper\">\n<div class=\"embed-wrapper\"><iframe title=\"Col du Portet. Tour 2018. Parte 3. www.Ciclored.com\" width=\"500\" height=\"281\" data-src=\"https:\/\/www.youtube.com\/embed\/5XZBvFlG3z4?feature=oembed\" frameborder=\"0\" allow=\"accelerometer; autoplay; clipboard-write; encrypted-media; gyroscope; picture-in-picture; web-share\" referrerpolicy=\"strict-origin-when-cross-origin\" allowfullscreen><\/iframe><\/div>\n<\/div>\n","protected":false},"excerpt":{"rendered":"<p>El Col de Portet ser\u00e1 un descubrimiento para el Tour de Francia 2018 y para los aficionados al ciclismo. Y [&hellip;]<\/p>\n","protected":false},"author":29,"featured_media":3106,"comment_status":"open","ping_status":"open","sticky":false,"template":"","format":"standard","meta":{"footnotes":""},"categories":[7],"tags":[552,553,555,556,180,554],"global-categories":[],"class_list":["post-3101","post","type-post","status-publish","format-standard","has-post-thumbnail","hentry","category-carretera","tag-col-de-portet","tag-col-du-portet","tag-etapa-17-tour-2018","tag-portet","tag-tour-2018","tag-video-col-de-portet"],"yoast_head":"<!-- This site is optimized with the Yoast SEO Premium plugin v25.3 (Yoast SEO v25.9) - https:\/\/yoast.com\/wordpress\/plugins\/seo\/ -->\n<title>Col de Portet, el nuevo coloso del Tour en Pirineos - \u0160koda We Love Cycling - Spain<\/title>\n<meta name=\"description\" content=\"El Col de Portet ser\u00e1 un descubrimiento para el Tour de Francia 2018 y para los aficionados al ciclismo. El v\u00eddeo de c\u00f3mo es la subida a Portet de la etapa 17 del Tour de Francia.\" \/>\n<meta name=\"robots\" content=\"index, follow, max-snippet:-1, max-image-preview:large, max-video-preview:-1\" \/>\n<link rel=\"canonical\" href=\"https:\/\/www.welovecycling.com\/es\/2018\/07\/24\/col-de-portet\/\" \/>\n<meta property=\"og:locale\" content=\"es_ES\" \/>\n<meta property=\"og:type\" content=\"article\" \/>\n<meta property=\"og:title\" content=\"Col de Portet, el nuevo coloso del Tour en Pirineos\" \/>\n<meta property=\"og:description\" content=\"El Col de Portet ser\u00e1 un descubrimiento para el Tour de Francia 2018 y para los aficionados al ciclismo. El v\u00eddeo de c\u00f3mo es la subida a Portet de la etapa 17 del Tour de Francia.\" \/>\n<meta property=\"og:url\" content=\"https:\/\/www.welovecycling.com\/es\/2018\/07\/24\/col-de-portet\/\" \/>\n<meta property=\"og:site_name\" content=\"\u0160koda We Love Cycling - Spain\" \/>\n<meta property=\"article:published_time\" content=\"2018-07-23T22:27:06+00:00\" \/>\n<meta property=\"og:image\" content=\"https:\/\/d2p6e6u75xmxt8.cloudfront.net\/6\/2018\/07\/IMG_20180723_152841_100.jpg\" \/>\n\t<meta property=\"og:image:width\" content=\"2048\" \/>\n\t<meta property=\"og:image:height\" content=\"1536\" \/>\n\t<meta property=\"og:image:type\" content=\"image\/jpeg\" \/>\n<meta name=\"author\" content=\"We Love Cycling Spain\" \/>\n<meta name=\"twitter:card\" content=\"summary_large_image\" \/>\n<meta name=\"twitter:title\" content=\"Col de Portet, el nuevo coloso del Tour en Pirineos\" \/>\n<meta name=\"twitter:description\" content=\"El Col de Portet ser\u00e1 un descubrimiento para el Tour de Francia 2018 y para los aficionados al ciclismo. El v\u00eddeo de c\u00f3mo es la subida a Portet de la etapa 17 del Tour de Francia.\" \/>\n<meta name=\"twitter:label1\" content=\"Written by\" \/>\n\t<meta name=\"twitter:data1\" content=\"Luis Ortega @ciclored\" \/>\n\t<meta name=\"twitter:label2\" content=\"Est. reading time\" \/>\n\t<meta name=\"twitter:data2\" content=\"4 minutes\" \/>\n<script type=\"application\/ld+json\" class=\"yoast-schema-graph\">{\"@context\":\"https:\/\/schema.org\",\"@graph\":[{\"@type\":\"WebPage\",\"@id\":\"https:\/\/www.welovecycling.com\/es\/2018\/07\/24\/col-de-portet\/\",\"url\":\"https:\/\/www.welovecycling.com\/es\/2018\/07\/24\/col-de-portet\/\",\"name\":\"Col de Portet, el nuevo coloso del Tour en Pirineos - \u0160koda We Love Cycling - Spain\",\"isPartOf\":{\"@id\":\"https:\/\/www.welovecycling.com\/es\/#website\"},\"primaryImageOfPage\":{\"@id\":\"https:\/\/www.welovecycling.com\/es\/2018\/07\/24\/col-de-portet\/#primaryimage\"},\"image\":{\"@id\":\"https:\/\/www.welovecycling.com\/es\/2018\/07\/24\/col-de-portet\/#primaryimage\"},\"thumbnailUrl\":\"https:\/\/d2p6e6u75xmxt8.cloudfront.net\/6\/2018\/07\/IMG_20180723_152841_100.jpg\",\"datePublished\":\"2018-07-23T22:27:06+00:00\",\"author\":{\"@id\":\"https:\/\/www.welovecycling.com\/es\/#\/schema\/person\/deb61715b5812698ee79fb96f343ccd4\"},\"description\":\"El Col de Portet ser\u00e1 un descubrimiento para el Tour de Francia 2018 y para los aficionados al ciclismo. El v\u00eddeo de c\u00f3mo es la subida a Portet de la etapa 17 del Tour de Francia.\",\"breadcrumb\":{\"@id\":\"https:\/\/www.welovecycling.com\/es\/2018\/07\/24\/col-de-portet\/#breadcrumb\"},\"inLanguage\":\"es-ES\",\"potentialAction\":[{\"@type\":\"ReadAction\",\"target\":[\"https:\/\/www.welovecycling.com\/es\/2018\/07\/24\/col-de-portet\/\"]}]},{\"@type\":\"ImageObject\",\"inLanguage\":\"es-ES\",\"@id\":\"https:\/\/www.welovecycling.com\/es\/2018\/07\/24\/col-de-portet\/#primaryimage\",\"url\":\"https:\/\/d2p6e6u75xmxt8.cloudfront.net\/6\/2018\/07\/IMG_20180723_152841_100.jpg\",\"contentUrl\":\"https:\/\/d2p6e6u75xmxt8.cloudfront.net\/6\/2018\/07\/IMG_20180723_152841_100.jpg\",\"width\":2048,\"height\":1536},{\"@type\":\"BreadcrumbList\",\"@id\":\"https:\/\/www.welovecycling.com\/es\/2018\/07\/24\/col-de-portet\/#breadcrumb\",\"itemListElement\":[{\"@type\":\"ListItem\",\"position\":1,\"name\":\"Home\",\"item\":\"https:\/\/www.welovecycling.com\/es\/\"},{\"@type\":\"ListItem\",\"position\":2,\"name\":\"Col de Portet, el nuevo coloso del Tour en Pirineos\"}]},{\"@type\":\"WebSite\",\"@id\":\"https:\/\/www.welovecycling.com\/es\/#website\",\"url\":\"https:\/\/www.welovecycling.com\/es\/\",\"name\":\"\u0160koda We Love Cycling - Spain\",\"description\":\"\u0160koda WeLoveCycling Spain\",\"potentialAction\":[{\"@type\":\"SearchAction\",\"target\":{\"@type\":\"EntryPoint\",\"urlTemplate\":\"https:\/\/www.welovecycling.com\/es\/?s={search_term_string}\"},\"query-input\":{\"@type\":\"PropertyValueSpecification\",\"valueRequired\":true,\"valueName\":\"search_term_string\"}}],\"inLanguage\":\"es-ES\"},{\"@type\":\"Person\",\"@id\":\"https:\/\/www.welovecycling.com\/es\/#\/schema\/person\/deb61715b5812698ee79fb96f343ccd4\",\"name\":\"We Love Cycling Spain\",\"image\":{\"@type\":\"ImageObject\",\"inLanguage\":\"es-ES\",\"@id\":\"https:\/\/www.welovecycling.com\/es\/#\/schema\/person\/image\/\",\"url\":\"https:\/\/secure.gravatar.com\/avatar\/c824b04e6df0e37a03219d0b6481672889df542894588964102459e46513159c?s=96&d=mm&r=g\",\"contentUrl\":\"https:\/\/secure.gravatar.com\/avatar\/c824b04e6df0e37a03219d0b6481672889df542894588964102459e46513159c?s=96&d=mm&r=g\",\"caption\":\"We Love Cycling Spain\"},\"url\":\"https:\/\/www.welovecycling.com\/es\/author\/amunoz\/\"}]}<\/script>\n<!-- \/ Yoast SEO Premium plugin. -->","yoast_head_json":{"title":"Col de Portet, el nuevo coloso del Tour en Pirineos - \u0160koda We Love Cycling - Spain","description":"El Col de Portet ser\u00e1 un descubrimiento para el Tour de Francia 2018 y para los aficionados al ciclismo. El v\u00eddeo de c\u00f3mo es la subida a Portet de la etapa 17 del Tour de Francia.","robots":{"index":"index","follow":"follow","max-snippet":"max-snippet:-1","max-image-preview":"max-image-preview:large","max-video-preview":"max-video-preview:-1"},"canonical":"https:\/\/www.welovecycling.com\/es\/2018\/07\/24\/col-de-portet\/","og_locale":"es_ES","og_type":"article","og_title":"Col de Portet, el nuevo coloso del Tour en Pirineos","og_description":"El Col de Portet ser\u00e1 un descubrimiento para el Tour de Francia 2018 y para los aficionados al ciclismo. El v\u00eddeo de c\u00f3mo es la subida a Portet de la etapa 17 del Tour de Francia.","og_url":"https:\/\/www.welovecycling.com\/es\/2018\/07\/24\/col-de-portet\/","og_site_name":"\u0160koda We Love Cycling - Spain","article_published_time":"2018-07-23T22:27:06+00:00","og_image":[{"width":2048,"height":1536,"url":"https:\/\/d2p6e6u75xmxt8.cloudfront.net\/6\/2018\/07\/IMG_20180723_152841_100.jpg","type":"image\/jpeg"}],"author":"We Love Cycling Spain","twitter_card":"summary_large_image","twitter_title":"Col de Portet, el nuevo coloso del Tour en Pirineos","twitter_description":"El Col de Portet ser\u00e1 un descubrimiento para el Tour de Francia 2018 y para los aficionados al ciclismo. El v\u00eddeo de c\u00f3mo es la subida a Portet de la etapa 17 del Tour de Francia.","twitter_misc":{"Written by":"Luis Ortega @ciclored","Est. reading time":"4 minutes"},"schema":{"@context":"https:\/\/schema.org","@graph":[{"@type":"WebPage","@id":"https:\/\/www.welovecycling.com\/es\/2018\/07\/24\/col-de-portet\/","url":"https:\/\/www.welovecycling.com\/es\/2018\/07\/24\/col-de-portet\/","name":"Col de Portet, el nuevo coloso del Tour en Pirineos - \u0160koda We Love Cycling - Spain","isPartOf":{"@id":"https:\/\/www.welovecycling.com\/es\/#website"},"primaryImageOfPage":{"@id":"https:\/\/www.welovecycling.com\/es\/2018\/07\/24\/col-de-portet\/#primaryimage"},"image":{"@id":"https:\/\/www.welovecycling.com\/es\/2018\/07\/24\/col-de-portet\/#primaryimage"},"thumbnailUrl":"https:\/\/d2p6e6u75xmxt8.cloudfront.net\/6\/2018\/07\/IMG_20180723_152841_100.jpg","datePublished":"2018-07-23T22:27:06+00:00","author":{"@id":"https:\/\/www.welovecycling.com\/es\/#\/schema\/person\/deb61715b5812698ee79fb96f343ccd4"},"description":"El Col de Portet ser\u00e1 un descubrimiento para el Tour de Francia 2018 y para los aficionados al ciclismo. El v\u00eddeo de c\u00f3mo es la subida a Portet de la etapa 17 del Tour de Francia.","breadcrumb":{"@id":"https:\/\/www.welovecycling.com\/es\/2018\/07\/24\/col-de-portet\/#breadcrumb"},"inLanguage":"es-ES","potentialAction":[{"@type":"ReadAction","target":["https:\/\/www.welovecycling.com\/es\/2018\/07\/24\/col-de-portet\/"]}]},{"@type":"ImageObject","inLanguage":"es-ES","@id":"https:\/\/www.welovecycling.com\/es\/2018\/07\/24\/col-de-portet\/#primaryimage","url":"https:\/\/d2p6e6u75xmxt8.cloudfront.net\/6\/2018\/07\/IMG_20180723_152841_100.jpg","contentUrl":"https:\/\/d2p6e6u75xmxt8.cloudfront.net\/6\/2018\/07\/IMG_20180723_152841_100.jpg","width":2048,"height":1536},{"@type":"BreadcrumbList","@id":"https:\/\/www.welovecycling.com\/es\/2018\/07\/24\/col-de-portet\/#breadcrumb","itemListElement":[{"@type":"ListItem","position":1,"name":"Home","item":"https:\/\/www.welovecycling.com\/es\/"},{"@type":"ListItem","position":2,"name":"Col de Portet, el nuevo coloso del Tour en Pirineos"}]},{"@type":"WebSite","@id":"https:\/\/www.welovecycling.com\/es\/#website","url":"https:\/\/www.welovecycling.com\/es\/","name":"\u0160koda We Love Cycling - Spain","description":"\u0160koda WeLoveCycling Spain","potentialAction":[{"@type":"SearchAction","target":{"@type":"EntryPoint","urlTemplate":"https:\/\/www.welovecycling.com\/es\/?s={search_term_string}"},"query-input":{"@type":"PropertyValueSpecification","valueRequired":true,"valueName":"search_term_string"}}],"inLanguage":"es-ES"},{"@type":"Person","@id":"https:\/\/www.welovecycling.com\/es\/#\/schema\/person\/deb61715b5812698ee79fb96f343ccd4","name":"We Love Cycling Spain","image":{"@type":"ImageObject","inLanguage":"es-ES","@id":"https:\/\/www.welovecycling.com\/es\/#\/schema\/person\/image\/","url":"https:\/\/secure.gravatar.com\/avatar\/c824b04e6df0e37a03219d0b6481672889df542894588964102459e46513159c?s=96&d=mm&r=g","contentUrl":"https:\/\/secure.gravatar.com\/avatar\/c824b04e6df0e37a03219d0b6481672889df542894588964102459e46513159c?s=96&d=mm&r=g","caption":"We Love Cycling Spain"},"url":"https:\/\/www.welovecycling.com\/es\/author\/amunoz\/"}]}},"_links":{"self":[{"href":"https:\/\/www.welovecycling.com\/es\/wp-json\/wp\/v2\/posts\/3101","targetHints":{"allow":["GET"]}}],"collection":[{"href":"https:\/\/www.welovecycling.com\/es\/wp-json\/wp\/v2\/posts"}],"about":[{"href":"https:\/\/www.welovecycling.com\/es\/wp-json\/wp\/v2\/types\/post"}],"author":[{"embeddable":true,"href":"https:\/\/www.welovecycling.com\/es\/wp-json\/wp\/v2\/users\/29"}],"replies":[{"embeddable":true,"href":"https:\/\/www.welovecycling.com\/es\/wp-json\/wp\/v2\/comments?post=3101"}],"version-history":[{"count":1,"href":"https:\/\/www.welovecycling.com\/es\/wp-json\/wp\/v2\/posts\/3101\/revisions"}],"predecessor-version":[{"id":3107,"href":"https:\/\/www.welovecycling.com\/es\/wp-json\/wp\/v2\/posts\/3101\/revisions\/3107"}],"wp:featuredmedia":[{"embeddable":true,"href":"https:\/\/www.welovecycling.com\/es\/wp-json\/wp\/v2\/media\/3106"}],"wp:attachment":[{"href":"https:\/\/www.welovecycling.com\/es\/wp-json\/wp\/v2\/media?parent=3101"}],"wp:term":[{"taxonomy":"category","embeddable":true,"href":"https:\/\/www.welovecycling.com\/es\/wp-json\/wp\/v2\/categories?post=3101"},{"taxonomy":"post_tag","embeddable":true,"href":"https:\/\/www.welovecycling.com\/es\/wp-json\/wp\/v2\/tags?post=3101"},{"taxonomy":"global-categories","embeddable":true,"href":"https:\/\/www.welovecycling.com\/es\/wp-json\/wp\/v2\/global-categories?post=3101"}],"curies":[{"name":"wp","href":"https:\/\/api.w.org\/{rel}","templated":true}]}}