{"id":3075,"date":"2018-07-17T17:15:23","date_gmt":"2018-07-17T15:15:23","guid":{"rendered":"https:\/\/www.welovecycling.com\/es\/?p=3075"},"modified":"2018-07-17T17:15:23","modified_gmt":"2018-07-17T15:15:23","slug":"red-superb-el-coche-del-director-del-tour","status":"publish","type":"post","link":"https:\/\/www.welovecycling.com\/es\/2018\/07\/17\/red-superb-el-coche-del-director-del-tour\/","title":{"rendered":"Red SUPERB: El coche del director del Tour"},"content":{"rendered":"<p><strong>S\u00f3lo hay un coche autorizado para cruzar la l\u00ednea de llegada del Tour de Francia junto a todos los ciclistas. Este honor especial no es otro que el famoso Red Car, el centro de mando m\u00f3vil del Tour. Desde 2015, el \u00faltimo y m\u00e1s espacioso modelo SUPERB de \u0160koda con pintura personalizada &#8220;Corrida Red&#8221; se ha convertido en el buque insignia de la carrera ciclista m\u00e1s famosa del mundo. \u00bfQu\u00e9 tiene de especial?<\/strong><!--more--><\/p>\n<p>Como se mencion\u00f3 anteriormente, el Coche Rojo es el cerebro de toda la carrera. Durante estas tres semanas, alberga al director de la gira, Christian Prudhomme, que lo utiliza como sala de control sobre cuatro ruedas. El hecho de que este SUPERB sea diferente no s\u00f3lo se aprecia en la carrocer\u00eda brillante salpicada de logotipos de patrocinadores, complementos de pl\u00e1stico o techo panor\u00e1mico retr\u00e1ctil de cristal, sino que la verdadera delicia se esconde en su interior. Como Prudhomme necesita transmitir \u00f3rdenes y recibir informaci\u00f3n, comunicarse con el cuartel general, organizar el tr\u00e1fico alrededor del pelot\u00f3n y mantenerse en contacto con sus comisarios de carrera y otros coches del Tour, hay una consola de comunicaci\u00f3n situada entre los asientos delanteros. El director de carrerase sienta c\u00f3modamente en la parte de atr\u00e1s, con bebidas fr\u00edas de la mini nevera incorporada a su disposici\u00f3n, y mantiene un ojo en todo a trav\u00e9s de seis antenas de radio en el techo, varios micr\u00f3fonos, y cuatro canales de radio.<\/p>\n<div id='gallery-1' class='gallery galleryid-3075 gallery-columns-3 gallery-size-large'><figure class='gallery-item'>\n\t\t\t<div class='gallery-icon landscape'>\n\t\t\t\t<a href='https:\/\/d2p6e6u75xmxt8.cloudfront.net\/6\/2018\/07\/red5.jpg'><img loading=\"lazy\" decoding=\"async\" width=\"800\" height=\"579\" src=\"https:\/\/d2p6e6u75xmxt8.cloudfront.net\/6\/2018\/07\/red5.jpg\" class=\"attachment-large size-large\" alt=\"\" srcset=\"https:\/\/d2p6e6u75xmxt8.cloudfront.net\/6\/2018\/07\/red5.jpg 800w, https:\/\/d2p6e6u75xmxt8.cloudfront.net\/6\/2018\/07\/red5-300x217.jpg 300w, https:\/\/d2p6e6u75xmxt8.cloudfront.net\/6\/2018\/07\/red5-768x556.jpg 768w\" sizes=\"auto, (max-width: 800px) 100vw, 800px\" \/><\/a>\n\t\t\t<\/div><\/figure><figure class='gallery-item'>\n\t\t\t<div class='gallery-icon landscape'>\n\t\t\t\t<a href='https:\/\/d2p6e6u75xmxt8.cloudfront.net\/6\/2018\/07\/red4.jpg'><img loading=\"lazy\" decoding=\"async\" width=\"800\" height=\"579\" src=\"https:\/\/d2p6e6u75xmxt8.cloudfront.net\/6\/2018\/07\/red4.jpg\" class=\"attachment-large size-large\" alt=\"\" srcset=\"https:\/\/d2p6e6u75xmxt8.cloudfront.net\/6\/2018\/07\/red4.jpg 800w, https:\/\/d2p6e6u75xmxt8.cloudfront.net\/6\/2018\/07\/red4-300x217.jpg 300w, https:\/\/d2p6e6u75xmxt8.cloudfront.net\/6\/2018\/07\/red4-768x556.jpg 768w\" sizes=\"auto, (max-width: 800px) 100vw, 800px\" \/><\/a>\n\t\t\t<\/div><\/figure><figure class='gallery-item'>\n\t\t\t<div class='gallery-icon landscape'>\n\t\t\t\t<a href='https:\/\/d2p6e6u75xmxt8.cloudfront.net\/6\/2018\/07\/red1-1.jpg'><img loading=\"lazy\" decoding=\"async\" width=\"800\" height=\"579\" src=\"https:\/\/d2p6e6u75xmxt8.cloudfront.net\/6\/2018\/07\/red1-1.jpg\" class=\"attachment-large size-large\" alt=\"\" srcset=\"https:\/\/d2p6e6u75xmxt8.cloudfront.net\/6\/2018\/07\/red1-1.jpg 800w, https:\/\/d2p6e6u75xmxt8.cloudfront.net\/6\/2018\/07\/red1-1-300x217.jpg 300w, https:\/\/d2p6e6u75xmxt8.cloudfront.net\/6\/2018\/07\/red1-1-768x556.jpg 768w\" sizes=\"auto, (max-width: 800px) 100vw, 800px\" \/><\/a>\n\t\t\t<\/div><\/figure>\n\t\t<\/div>\n\n<p><a href=\"https:\/\/d2p6e6u75xmxt8.cloudfront.net\/6\/2018\/07\/opener1.jpg\"><img loading=\"lazy\" decoding=\"async\" class=\"alignnone size-full wp-image-3076\" src=\"https:\/\/d2p6e6u75xmxt8.cloudfront.net\/6\/2018\/07\/opener1.jpg\" alt=\"\" width=\"1375\" height=\"600\" srcset=\"https:\/\/d2p6e6u75xmxt8.cloudfront.net\/6\/2018\/07\/opener1.jpg 1375w, https:\/\/d2p6e6u75xmxt8.cloudfront.net\/6\/2018\/07\/opener1-300x131.jpg 300w, https:\/\/d2p6e6u75xmxt8.cloudfront.net\/6\/2018\/07\/opener1-768x335.jpg 768w, https:\/\/d2p6e6u75xmxt8.cloudfront.net\/6\/2018\/07\/opener1-1024x447.jpg 1024w\" sizes=\"auto, (max-width: 1375px) 100vw, 1375px\" \/><\/a><\/p>\n<p>La verdadera caracter\u00edstica en la parte superior es la bocina modificada del coche &#8211; cambiando un peque\u00f1o cambio, situado justo al lado del volante, se puede saludar a los fans y pilotos por una melod\u00eda.<\/p>\n<p>El otro asiento trasero junto a Prudhomme est\u00e1 reservado para la visita de famosos dignatarios como el presidente franc\u00e9s Emmanuel Macron, que ser\u00e1 recibido con una copa de champ\u00e1n y llevado a un peque\u00f1o y exclusivo Tour (juego de palabras).<\/p>\n<p><a href=\"https:\/\/d2p6e6u75xmxt8.cloudfront.net\/6\/2018\/07\/red555.jpg\"><img loading=\"lazy\" decoding=\"async\" class=\"alignnone size-full wp-image-3077\" src=\"https:\/\/d2p6e6u75xmxt8.cloudfront.net\/6\/2018\/07\/red555.jpg\" alt=\"\" width=\"1610\" height=\"918\" srcset=\"https:\/\/d2p6e6u75xmxt8.cloudfront.net\/6\/2018\/07\/red555.jpg 1610w, https:\/\/d2p6e6u75xmxt8.cloudfront.net\/6\/2018\/07\/red555-300x171.jpg 300w, https:\/\/d2p6e6u75xmxt8.cloudfront.net\/6\/2018\/07\/red555-768x438.jpg 768w, https:\/\/d2p6e6u75xmxt8.cloudfront.net\/6\/2018\/07\/red555-1024x584.jpg 1024w\" sizes=\"auto, (max-width: 1610px) 100vw, 1610px\" \/><\/a><\/p>\n<p>Debido a que este coche \u00fanico se\u00f1ala oficialmente el inicio de cada una de las etapas diarias, es visible para millones de aficionados cada a\u00f1o, tanto para los espectadores de la carrera como para los de la televisi\u00f3n en casa. Hoy en d\u00eda, podemos decir con seguridad que se ha convertido en uno de los s\u00edmbolos visuales m\u00e1s fuertes del Tour, junto a las camisetas de colores, el logo, el Arco del Triunfo, el trofeo, y muchos otros&#8230;<\/p>\n","protected":false},"excerpt":{"rendered":"<p>S\u00f3lo hay un coche autorizado para cruzar la l\u00ednea de llegada del Tour de Francia junto a todos los ciclistas. [&hellip;]<\/p>\n","protected":false},"author":29,"featured_media":3079,"comment_status":"open","ping_status":"open","sticky":false,"template":"","format":"standard","meta":{"footnotes":""},"categories":[7],"tags":[543,545,544],"global-categories":[],"class_list":["post-3075","post","type-post","status-publish","format-standard","has-post-thumbnail","hentry","category-carretera","tag-coche-director-tour","tag-coches-skoda-del-tour","tag-skoda-tour"],"yoast_head":"<!-- This site is optimized with the Yoast SEO Premium plugin v25.3 (Yoast SEO v25.9) - https:\/\/yoast.com\/wordpress\/plugins\/seo\/ -->\n<title>Red SUPERB: El coche del director del Tour - \u0160koda We Love Cycling - Spain<\/title>\n<meta name=\"description\" content=\"Red SUPERB: El coche del director del Tour. As\u00ed es el coche Skoda que lleva el director del Tour durante la carrera. Una aut\u00e9ntica base de operaciones.\" \/>\n<meta name=\"robots\" content=\"index, follow, max-snippet:-1, max-image-preview:large, max-video-preview:-1\" \/>\n<link rel=\"canonical\" href=\"https:\/\/www.welovecycling.com\/es\/2018\/07\/17\/red-superb-el-coche-del-director-del-tour\/\" \/>\n<meta property=\"og:locale\" content=\"es_ES\" \/>\n<meta property=\"og:type\" content=\"article\" \/>\n<meta property=\"og:title\" content=\"Red SUPERB: El coche del director del Tour\" \/>\n<meta property=\"og:description\" content=\"Red SUPERB: El coche del director del Tour. As\u00ed es el coche Skoda que lleva el director del Tour durante la carrera. Una aut\u00e9ntica base de operaciones.\" \/>\n<meta property=\"og:url\" content=\"https:\/\/www.welovecycling.com\/es\/2018\/07\/17\/red-superb-el-coche-del-director-del-tour\/\" \/>\n<meta property=\"og:site_name\" content=\"\u0160koda We Love Cycling - Spain\" \/>\n<meta property=\"article:published_time\" content=\"2018-07-17T15:15:23+00:00\" \/>\n<meta property=\"og:image\" content=\"https:\/\/d2p6e6u75xmxt8.cloudfront.net\/6\/2018\/07\/redCVR.jpg\" \/>\n\t<meta property=\"og:image:width\" content=\"1366\" \/>\n\t<meta property=\"og:image:height\" content=\"600\" \/>\n\t<meta property=\"og:image:type\" content=\"image\/jpeg\" \/>\n<meta name=\"author\" content=\"We Love Cycling Spain\" \/>\n<meta name=\"twitter:card\" content=\"summary_large_image\" \/>\n<meta name=\"twitter:title\" content=\"Red SUPERB: El coche del director del Tour\" \/>\n<meta name=\"twitter:description\" content=\"Red SUPERB: El coche del director del Tour. As\u00ed es el coche Skoda que lleva el director del Tour durante la carrera. Una aut\u00e9ntica base de operaciones.\" \/>\n<meta name=\"twitter:label1\" content=\"Written by\" \/>\n\t<meta name=\"twitter:data1\" content=\"WeLoveCycling\" \/>\n\t<meta name=\"twitter:label2\" content=\"Est. reading time\" \/>\n\t<meta name=\"twitter:data2\" content=\"4\" \/>\n<script type=\"application\/ld+json\" class=\"yoast-schema-graph\">{\"@context\":\"https:\/\/schema.org\",\"@graph\":[{\"@type\":\"WebPage\",\"@id\":\"https:\/\/www.welovecycling.com\/es\/2018\/07\/17\/red-superb-el-coche-del-director-del-tour\/\",\"url\":\"https:\/\/www.welovecycling.com\/es\/2018\/07\/17\/red-superb-el-coche-del-director-del-tour\/\",\"name\":\"Red SUPERB: El coche del director del Tour - \u0160koda We Love Cycling - Spain\",\"isPartOf\":{\"@id\":\"https:\/\/www.welovecycling.com\/es\/#website\"},\"primaryImageOfPage\":{\"@id\":\"https:\/\/www.welovecycling.com\/es\/2018\/07\/17\/red-superb-el-coche-del-director-del-tour\/#primaryimage\"},\"image\":{\"@id\":\"https:\/\/www.welovecycling.com\/es\/2018\/07\/17\/red-superb-el-coche-del-director-del-tour\/#primaryimage\"},\"thumbnailUrl\":\"https:\/\/d2p6e6u75xmxt8.cloudfront.net\/6\/2018\/07\/redCVR.jpg\",\"datePublished\":\"2018-07-17T15:15:23+00:00\",\"author\":{\"@id\":\"https:\/\/www.welovecycling.com\/es\/#\/schema\/person\/deb61715b5812698ee79fb96f343ccd4\"},\"description\":\"Red SUPERB: El coche del director del Tour. As\u00ed es el coche Skoda que lleva el director del Tour durante la carrera. Una aut\u00e9ntica base de operaciones.\",\"breadcrumb\":{\"@id\":\"https:\/\/www.welovecycling.com\/es\/2018\/07\/17\/red-superb-el-coche-del-director-del-tour\/#breadcrumb\"},\"inLanguage\":\"es-ES\",\"potentialAction\":[{\"@type\":\"ReadAction\",\"target\":[\"https:\/\/www.welovecycling.com\/es\/2018\/07\/17\/red-superb-el-coche-del-director-del-tour\/\"]}]},{\"@type\":\"ImageObject\",\"inLanguage\":\"es-ES\",\"@id\":\"https:\/\/www.welovecycling.com\/es\/2018\/07\/17\/red-superb-el-coche-del-director-del-tour\/#primaryimage\",\"url\":\"https:\/\/d2p6e6u75xmxt8.cloudfront.net\/6\/2018\/07\/redCVR.jpg\",\"contentUrl\":\"https:\/\/d2p6e6u75xmxt8.cloudfront.net\/6\/2018\/07\/redCVR.jpg\",\"width\":1366,\"height\":600},{\"@type\":\"BreadcrumbList\",\"@id\":\"https:\/\/www.welovecycling.com\/es\/2018\/07\/17\/red-superb-el-coche-del-director-del-tour\/#breadcrumb\",\"itemListElement\":[{\"@type\":\"ListItem\",\"position\":1,\"name\":\"Home\",\"item\":\"https:\/\/www.welovecycling.com\/es\/\"},{\"@type\":\"ListItem\",\"position\":2,\"name\":\"Red SUPERB: El coche del director del Tour\"}]},{\"@type\":\"WebSite\",\"@id\":\"https:\/\/www.welovecycling.com\/es\/#website\",\"url\":\"https:\/\/www.welovecycling.com\/es\/\",\"name\":\"\u0160koda We Love Cycling - Spain\",\"description\":\"\u0160koda WeLoveCycling Spain\",\"potentialAction\":[{\"@type\":\"SearchAction\",\"target\":{\"@type\":\"EntryPoint\",\"urlTemplate\":\"https:\/\/www.welovecycling.com\/es\/?s={search_term_string}\"},\"query-input\":{\"@type\":\"PropertyValueSpecification\",\"valueRequired\":true,\"valueName\":\"search_term_string\"}}],\"inLanguage\":\"es-ES\"},{\"@type\":\"Person\",\"@id\":\"https:\/\/www.welovecycling.com\/es\/#\/schema\/person\/deb61715b5812698ee79fb96f343ccd4\",\"name\":\"We Love Cycling Spain\",\"image\":{\"@type\":\"ImageObject\",\"inLanguage\":\"es-ES\",\"@id\":\"https:\/\/www.welovecycling.com\/es\/#\/schema\/person\/image\/\",\"url\":\"https:\/\/secure.gravatar.com\/avatar\/c824b04e6df0e37a03219d0b6481672889df542894588964102459e46513159c?s=96&d=mm&r=g\",\"contentUrl\":\"https:\/\/secure.gravatar.com\/avatar\/c824b04e6df0e37a03219d0b6481672889df542894588964102459e46513159c?s=96&d=mm&r=g\",\"caption\":\"We Love Cycling Spain\"},\"url\":\"https:\/\/www.welovecycling.com\/es\/author\/amunoz\/\"}]}<\/script>\n<!-- \/ Yoast SEO Premium plugin. -->","yoast_head_json":{"title":"Red SUPERB: El coche del director del Tour - \u0160koda We Love Cycling - Spain","description":"Red SUPERB: El coche del director del Tour. As\u00ed es el coche Skoda que lleva el director del Tour durante la carrera. Una aut\u00e9ntica base de operaciones.","robots":{"index":"index","follow":"follow","max-snippet":"max-snippet:-1","max-image-preview":"max-image-preview:large","max-video-preview":"max-video-preview:-1"},"canonical":"https:\/\/www.welovecycling.com\/es\/2018\/07\/17\/red-superb-el-coche-del-director-del-tour\/","og_locale":"es_ES","og_type":"article","og_title":"Red SUPERB: El coche del director del Tour","og_description":"Red SUPERB: El coche del director del Tour. As\u00ed es el coche Skoda que lleva el director del Tour durante la carrera. Una aut\u00e9ntica base de operaciones.","og_url":"https:\/\/www.welovecycling.com\/es\/2018\/07\/17\/red-superb-el-coche-del-director-del-tour\/","og_site_name":"\u0160koda We Love Cycling - Spain","article_published_time":"2018-07-17T15:15:23+00:00","og_image":[{"width":1366,"height":600,"url":"https:\/\/d2p6e6u75xmxt8.cloudfront.net\/6\/2018\/07\/redCVR.jpg","type":"image\/jpeg"}],"author":"We Love Cycling Spain","twitter_card":"summary_large_image","twitter_title":"Red SUPERB: El coche del director del Tour","twitter_description":"Red SUPERB: El coche del director del Tour. As\u00ed es el coche Skoda que lleva el director del Tour durante la carrera. Una aut\u00e9ntica base de operaciones.","twitter_misc":{"Written by":"WeLoveCycling","Est. reading time":"4"},"schema":{"@context":"https:\/\/schema.org","@graph":[{"@type":"WebPage","@id":"https:\/\/www.welovecycling.com\/es\/2018\/07\/17\/red-superb-el-coche-del-director-del-tour\/","url":"https:\/\/www.welovecycling.com\/es\/2018\/07\/17\/red-superb-el-coche-del-director-del-tour\/","name":"Red SUPERB: El coche del director del Tour - \u0160koda We Love Cycling - Spain","isPartOf":{"@id":"https:\/\/www.welovecycling.com\/es\/#website"},"primaryImageOfPage":{"@id":"https:\/\/www.welovecycling.com\/es\/2018\/07\/17\/red-superb-el-coche-del-director-del-tour\/#primaryimage"},"image":{"@id":"https:\/\/www.welovecycling.com\/es\/2018\/07\/17\/red-superb-el-coche-del-director-del-tour\/#primaryimage"},"thumbnailUrl":"https:\/\/d2p6e6u75xmxt8.cloudfront.net\/6\/2018\/07\/redCVR.jpg","datePublished":"2018-07-17T15:15:23+00:00","author":{"@id":"https:\/\/www.welovecycling.com\/es\/#\/schema\/person\/deb61715b5812698ee79fb96f343ccd4"},"description":"Red SUPERB: El coche del director del Tour. As\u00ed es el coche Skoda que lleva el director del Tour durante la carrera. Una aut\u00e9ntica base de operaciones.","breadcrumb":{"@id":"https:\/\/www.welovecycling.com\/es\/2018\/07\/17\/red-superb-el-coche-del-director-del-tour\/#breadcrumb"},"inLanguage":"es-ES","potentialAction":[{"@type":"ReadAction","target":["https:\/\/www.welovecycling.com\/es\/2018\/07\/17\/red-superb-el-coche-del-director-del-tour\/"]}]},{"@type":"ImageObject","inLanguage":"es-ES","@id":"https:\/\/www.welovecycling.com\/es\/2018\/07\/17\/red-superb-el-coche-del-director-del-tour\/#primaryimage","url":"https:\/\/d2p6e6u75xmxt8.cloudfront.net\/6\/2018\/07\/redCVR.jpg","contentUrl":"https:\/\/d2p6e6u75xmxt8.cloudfront.net\/6\/2018\/07\/redCVR.jpg","width":1366,"height":600},{"@type":"BreadcrumbList","@id":"https:\/\/www.welovecycling.com\/es\/2018\/07\/17\/red-superb-el-coche-del-director-del-tour\/#breadcrumb","itemListElement":[{"@type":"ListItem","position":1,"name":"Home","item":"https:\/\/www.welovecycling.com\/es\/"},{"@type":"ListItem","position":2,"name":"Red SUPERB: El coche del director del Tour"}]},{"@type":"WebSite","@id":"https:\/\/www.welovecycling.com\/es\/#website","url":"https:\/\/www.welovecycling.com\/es\/","name":"\u0160koda We Love Cycling - Spain","description":"\u0160koda WeLoveCycling Spain","potentialAction":[{"@type":"SearchAction","target":{"@type":"EntryPoint","urlTemplate":"https:\/\/www.welovecycling.com\/es\/?s={search_term_string}"},"query-input":{"@type":"PropertyValueSpecification","valueRequired":true,"valueName":"search_term_string"}}],"inLanguage":"es-ES"},{"@type":"Person","@id":"https:\/\/www.welovecycling.com\/es\/#\/schema\/person\/deb61715b5812698ee79fb96f343ccd4","name":"We Love Cycling Spain","image":{"@type":"ImageObject","inLanguage":"es-ES","@id":"https:\/\/www.welovecycling.com\/es\/#\/schema\/person\/image\/","url":"https:\/\/secure.gravatar.com\/avatar\/c824b04e6df0e37a03219d0b6481672889df542894588964102459e46513159c?s=96&d=mm&r=g","contentUrl":"https:\/\/secure.gravatar.com\/avatar\/c824b04e6df0e37a03219d0b6481672889df542894588964102459e46513159c?s=96&d=mm&r=g","caption":"We Love Cycling Spain"},"url":"https:\/\/www.welovecycling.com\/es\/author\/amunoz\/"}]}},"_links":{"self":[{"href":"https:\/\/www.welovecycling.com\/es\/wp-json\/wp\/v2\/posts\/3075","targetHints":{"allow":["GET"]}}],"collection":[{"href":"https:\/\/www.welovecycling.com\/es\/wp-json\/wp\/v2\/posts"}],"about":[{"href":"https:\/\/www.welovecycling.com\/es\/wp-json\/wp\/v2\/types\/post"}],"author":[{"embeddable":true,"href":"https:\/\/www.welovecycling.com\/es\/wp-json\/wp\/v2\/users\/29"}],"replies":[{"embeddable":true,"href":"https:\/\/www.welovecycling.com\/es\/wp-json\/wp\/v2\/comments?post=3075"}],"version-history":[{"count":2,"href":"https:\/\/www.welovecycling.com\/es\/wp-json\/wp\/v2\/posts\/3075\/revisions"}],"predecessor-version":[{"id":3080,"href":"https:\/\/www.welovecycling.com\/es\/wp-json\/wp\/v2\/posts\/3075\/revisions\/3080"}],"wp:featuredmedia":[{"embeddable":true,"href":"https:\/\/www.welovecycling.com\/es\/wp-json\/wp\/v2\/media\/3079"}],"wp:attachment":[{"href":"https:\/\/www.welovecycling.com\/es\/wp-json\/wp\/v2\/media?parent=3075"}],"wp:term":[{"taxonomy":"category","embeddable":true,"href":"https:\/\/www.welovecycling.com\/es\/wp-json\/wp\/v2\/categories?post=3075"},{"taxonomy":"post_tag","embeddable":true,"href":"https:\/\/www.welovecycling.com\/es\/wp-json\/wp\/v2\/tags?post=3075"},{"taxonomy":"global-categories","embeddable":true,"href":"https:\/\/www.welovecycling.com\/es\/wp-json\/wp\/v2\/global-categories?post=3075"}],"curies":[{"name":"wp","href":"https:\/\/api.w.org\/{rel}","templated":true}]}}