{"id":3061,"date":"2018-07-13T18:14:19","date_gmt":"2018-07-13T16:14:19","guid":{"rendered":"https:\/\/www.welovecycling.com\/es\/?p=3061"},"modified":"2018-07-13T18:14:19","modified_gmt":"2018-07-13T16:14:19","slug":"maillot-verde-del-tour","status":"publish","type":"post","link":"https:\/\/www.welovecycling.com\/es\/2018\/07\/13\/maillot-verde-del-tour\/","title":{"rendered":"Qui\u00e9n ganar\u00e1 el maillot verde del Tour"},"content":{"rendered":"<p><strong>Primer d\u00eda en el Tour y primera victoria. Fernando Gaviria no pudo hacer nada mejor que eso y meti\u00f3 el miedo en el cuerpo a los fans de Sagan en su lucha por el maillot verde del tour. Este a\u00f1o no va ser tan f\u00e1cil para Sagan.<\/strong><!--more--><\/p>\n<h2><strong>Gaviria brilla<\/strong><\/h2>\n<p>El colombiano de 23 a\u00f1os puede ser una nueva cara para el aficionado al ciclismo ocasional, pero los aficionados lo conocen desde hace varios a\u00f1os. Ha sido promocionado como el pr\u00f3ximo Mark Cavendish por un f\u00edsico y estilo de sprintar similar. E incluso venci\u00f3 dos veces al Cavendish en el Tour de San Luis 2015. Derrot\u00f3 a Sagan en la edici\u00f3n de 2016 de la misma carrera, as\u00ed que no hay duda de que el eslovaco sabe a lo que se enfrenta.<\/p>\n<figure id=\"attachment_3064\" aria-describedby=\"caption-attachment-3064\" style=\"width: 1250px\" class=\"wp-caption alignnone\"><a href=\"https:\/\/d2p6e6u75xmxt8.cloudfront.net\/6\/2018\/07\/profimedia-0377480259.jpg\"><img loading=\"lazy\" decoding=\"async\" class=\"size-full wp-image-3064\" src=\"https:\/\/d2p6e6u75xmxt8.cloudfront.net\/6\/2018\/07\/profimedia-0377480259.jpg\" alt=\"\" width=\"1250\" height=\"830\" srcset=\"https:\/\/d2p6e6u75xmxt8.cloudfront.net\/6\/2018\/07\/profimedia-0377480259.jpg 1250w, https:\/\/d2p6e6u75xmxt8.cloudfront.net\/6\/2018\/07\/profimedia-0377480259-300x199.jpg 300w, https:\/\/d2p6e6u75xmxt8.cloudfront.net\/6\/2018\/07\/profimedia-0377480259-768x510.jpg 768w, https:\/\/d2p6e6u75xmxt8.cloudfront.net\/6\/2018\/07\/profimedia-0377480259-1024x680.jpg 1024w, https:\/\/d2p6e6u75xmxt8.cloudfront.net\/6\/2018\/07\/profimedia-0377480259-272x182.jpg 272w\" sizes=\"auto, (max-width: 1250px) 100vw, 1250px\" \/><\/a><figcaption id=\"caption-attachment-3064\" class=\"wp-caption-text\">&#8220;Si tienes miedo de estrellarte, entonces no vas a ganar nada&#8221;, dijo el colombiano despu\u00e9s de la segunda etapa.<\/figcaption><\/figure>\n<p>Con el apoyo del Quick-Step Floors, Gaviria marcha segundo.<\/p>\n<h2><strong>Sagan en cabeza<\/strong><\/h2>\n<p>El campe\u00f3n del mundo ha terminado en el TOP 10 en todas las etapas, excepto en el TTT. Con dos primeros puestos y dos segundos, fue octavo en la accidentada llegada del Mur de Bretagne y demostr\u00f3 que podr\u00eda estar en la mejor forma de su vida. Sin embargo, sigue divirti\u00e9ndose, lo que demostr\u00f3 despu\u00e9s de ganar la cuarta etapa.<\/p>\n<div class=\"embed-controller-wrapper\">\n<blockquote class=\"twitter-tweet\" data-width=\"500\" data-dnt=\"true\">\n<p lang=\"en\" dir=\"ltr\">It isn&#39;t easy climbing twice up the M\u00fbr-de-Bretagne after racing for 160km with crosswinds&#8230; Very good job today by the <a href=\"https:\/\/twitter.com\/BORAhansgrohe?ref_src=twsrc%5Etfw\">@BORAhansgrohe<\/a> guys, Rafal gains seconds for the GC and I get more points <a href=\"https:\/\/t.co\/QZ7rd6Frkm\">https:\/\/t.co\/QZ7rd6Frkm<\/a><\/p>\n<p>&mdash; Peter Sagan (@petosagan) <a href=\"https:\/\/twitter.com\/petosagan\/status\/1017483091521294341?ref_src=twsrc%5Etfw\">July 12, 2018<\/a><\/p><\/blockquote>\n<p><script async data-src=\"https:\/\/platform.twitter.com\/widgets.js\" charset=\"utf-8\"><\/script><\/div>\n<p>&#8220;Habl\u00e9 con Colbrelli durante la etapa, le dije que no me sorprendiera. Me dijo, `vamos Peter, al menos dame una&#8217;, pero le dije que ya tengo tantas segundas plazas en el Tour que no quiero otra'&#8221;.<\/p>\n<p>Sagan gan\u00f3 cinco clasificaciones de puntos consecutivas en 2016. En 2015 se hizo con el famoso maillot verde \u0160koda sin ganar ni una sola etapa. Obviamente, este no ser\u00e1 el caso este a\u00f1o. Actualmente es el primero con 199 puntos.<\/p>\n<h2><strong>Cavendish fuera?<\/strong><\/h2>\n<p>Hasta ahora ha sido un Tour triste para el ciclista de Man. S\u00f3lo consigui\u00f3 11 puntos en la carrera por el maillot verde \u0160koda y se sit\u00faa en el puesto 161 de la general. Los fans brit\u00e1nicos lo llaman una actuaci\u00f3n s\u00f3lida en los medios sociales, pero dudamos que a Cavendish le guste ser el blanco de estas bromas amargas.<\/p>\n<p>https:\/\/www.instagram.com\/p\/BlICeVolCOZ\/?hl=cs&#038;taken-by=markcavendish<\/p>\n<p>\u00bfVolver\u00e1 a la vida? Ciertamente eso esperamos. Veremos cuando las monta\u00f1as se despejen.<\/p>\n<h3><strong>Clasificaci\u00f3n por puntos antes de la etapa 6<\/strong><\/h3>\n<p>1 Peter Sagan (Bora-Hansgrohe) 199 PTS<br \/>\n2 Fernando Gaviria Rendon (Quick-Step Floors) 156 PTS<br \/>\n3 Alexander Kristoff (UAE Team Emirates) 88 PTS<br \/>\n4 Andr\u00e9 Greipel (Lotto Soudal) 75 PTS<br \/>\n5 Arnaud D\u00e9mare (Groupama-FDJ) 57 PTS<br \/>\n6 Sonny Colbrelli (Bahrain-Merida) 55 PTS<br \/>\n7 Alejandro Valverde (Movistar) 53 PTS<br \/>\n8 Marcel Kittel (Katusha Alpecin) 52 PTS9<br \/>\n9 Dan Martin (UAE Team Emirates) 45 PTS<br \/>\n10 Julian Alaphilippe (Quick-Step Floors) 44 PTS<\/p>\n","protected":false},"excerpt":{"rendered":"<p>Primer d\u00eda en el Tour y primera victoria. Fernando Gaviria no pudo hacer nada mejor que eso y meti\u00f3 el [&hellip;]<\/p>\n","protected":false},"author":29,"featured_media":3066,"comment_status":"open","ping_status":"open","sticky":false,"template":"","format":"standard","meta":{"footnotes":""},"categories":[7],"tags":[540,539],"global-categories":[],"class_list":["post-3061","post","type-post","status-publish","format-standard","has-post-thumbnail","hentry","category-carretera","tag-clasificacion-puntos-tour","tag-maillot-verde-tour"],"yoast_head":"<!-- This site is optimized with the Yoast SEO Premium plugin v25.3 (Yoast SEO v25.9) - https:\/\/yoast.com\/wordpress\/plugins\/seo\/ -->\n<title>Qui\u00e9n ganar\u00e1 el maillot verde del Tour - \u0160koda We Love Cycling - Spain<\/title>\n<meta name=\"description\" content=\"Primer d\u00eda en el Tour y primera victoria. Fernando Gaviria no pudo hacer nada mejor que eso y meti\u00f3 el miedo en el cuerpo a los fans de Sagan en su lucha por el maillot verde del tour.\" \/>\n<meta name=\"robots\" content=\"index, follow, max-snippet:-1, max-image-preview:large, max-video-preview:-1\" \/>\n<link rel=\"canonical\" href=\"https:\/\/www.welovecycling.com\/es\/2018\/07\/13\/maillot-verde-del-tour\/\" \/>\n<meta property=\"og:locale\" content=\"es_ES\" \/>\n<meta property=\"og:type\" content=\"article\" \/>\n<meta property=\"og:title\" content=\"Qui\u00e9n ganar\u00e1 el maillot verde del Tour\" \/>\n<meta property=\"og:description\" content=\"Primer d\u00eda en el Tour y primera victoria. Fernando Gaviria no pudo hacer nada mejor que eso y meti\u00f3 el miedo en el cuerpo a los fans de Sagan en su lucha por el maillot verde del tour. Este a\u00f1o no va ser tan f\u00e1cil para Sagan.\" \/>\n<meta property=\"og:url\" content=\"https:\/\/www.welovecycling.com\/es\/2018\/07\/13\/maillot-verde-del-tour\/\" \/>\n<meta property=\"og:site_name\" content=\"\u0160koda We Love Cycling - Spain\" \/>\n<meta property=\"article:published_time\" content=\"2018-07-13T16:14:19+00:00\" \/>\n<meta property=\"og:image\" content=\"https:\/\/d2p6e6u75xmxt8.cloudfront.net\/6\/2018\/07\/profimedia-0377550149-1.jpg\" \/>\n\t<meta property=\"og:image:width\" content=\"1366\" \/>\n\t<meta property=\"og:image:height\" content=\"600\" \/>\n\t<meta property=\"og:image:type\" content=\"image\/jpeg\" \/>\n<meta name=\"author\" content=\"We Love Cycling Spain\" \/>\n<meta name=\"twitter:card\" content=\"summary_large_image\" \/>\n<meta name=\"twitter:title\" content=\"Qui\u00e9n ganar\u00e1 el maillot verde del Tour\" \/>\n<meta name=\"twitter:description\" content=\"Primer d\u00eda en el Tour y primera victoria. Fernando Gaviria no pudo hacer nada mejor que eso y meti\u00f3 el miedo en el cuerpo a los fans de Sagan en su lucha por el maillot verde del tour. Este a\u00f1o no va ser tan f\u00e1cil para Sagan.\" \/>\n<meta name=\"twitter:label1\" content=\"Written by\" \/>\n\t<meta name=\"twitter:data1\" content=\"Monica Buck\" \/>\n\t<meta name=\"twitter:label2\" content=\"Est. reading time\" \/>\n\t<meta name=\"twitter:data2\" content=\"5\" \/>\n<script type=\"application\/ld+json\" class=\"yoast-schema-graph\">{\"@context\":\"https:\/\/schema.org\",\"@graph\":[{\"@type\":\"WebPage\",\"@id\":\"https:\/\/www.welovecycling.com\/es\/2018\/07\/13\/maillot-verde-del-tour\/\",\"url\":\"https:\/\/www.welovecycling.com\/es\/2018\/07\/13\/maillot-verde-del-tour\/\",\"name\":\"Qui\u00e9n ganar\u00e1 el maillot verde del Tour - \u0160koda We Love Cycling - Spain\",\"isPartOf\":{\"@id\":\"https:\/\/www.welovecycling.com\/es\/#website\"},\"primaryImageOfPage\":{\"@id\":\"https:\/\/www.welovecycling.com\/es\/2018\/07\/13\/maillot-verde-del-tour\/#primaryimage\"},\"image\":{\"@id\":\"https:\/\/www.welovecycling.com\/es\/2018\/07\/13\/maillot-verde-del-tour\/#primaryimage\"},\"thumbnailUrl\":\"https:\/\/d2p6e6u75xmxt8.cloudfront.net\/6\/2018\/07\/profimedia-0377550149-1.jpg\",\"datePublished\":\"2018-07-13T16:14:19+00:00\",\"author\":{\"@id\":\"https:\/\/www.welovecycling.com\/es\/#\/schema\/person\/deb61715b5812698ee79fb96f343ccd4\"},\"description\":\"Primer d\u00eda en el Tour y primera victoria. Fernando Gaviria no pudo hacer nada mejor que eso y meti\u00f3 el miedo en el cuerpo a los fans de Sagan en su lucha por el maillot verde del tour.\",\"breadcrumb\":{\"@id\":\"https:\/\/www.welovecycling.com\/es\/2018\/07\/13\/maillot-verde-del-tour\/#breadcrumb\"},\"inLanguage\":\"es-ES\",\"potentialAction\":[{\"@type\":\"ReadAction\",\"target\":[\"https:\/\/www.welovecycling.com\/es\/2018\/07\/13\/maillot-verde-del-tour\/\"]}]},{\"@type\":\"ImageObject\",\"inLanguage\":\"es-ES\",\"@id\":\"https:\/\/www.welovecycling.com\/es\/2018\/07\/13\/maillot-verde-del-tour\/#primaryimage\",\"url\":\"https:\/\/d2p6e6u75xmxt8.cloudfront.net\/6\/2018\/07\/profimedia-0377550149-1.jpg\",\"contentUrl\":\"https:\/\/d2p6e6u75xmxt8.cloudfront.net\/6\/2018\/07\/profimedia-0377550149-1.jpg\",\"width\":1366,\"height\":600},{\"@type\":\"BreadcrumbList\",\"@id\":\"https:\/\/www.welovecycling.com\/es\/2018\/07\/13\/maillot-verde-del-tour\/#breadcrumb\",\"itemListElement\":[{\"@type\":\"ListItem\",\"position\":1,\"name\":\"Home\",\"item\":\"https:\/\/www.welovecycling.com\/es\/\"},{\"@type\":\"ListItem\",\"position\":2,\"name\":\"Qui\u00e9n ganar\u00e1 el maillot verde del Tour\"}]},{\"@type\":\"WebSite\",\"@id\":\"https:\/\/www.welovecycling.com\/es\/#website\",\"url\":\"https:\/\/www.welovecycling.com\/es\/\",\"name\":\"\u0160koda We Love Cycling - Spain\",\"description\":\"\u0160koda WeLoveCycling Spain\",\"potentialAction\":[{\"@type\":\"SearchAction\",\"target\":{\"@type\":\"EntryPoint\",\"urlTemplate\":\"https:\/\/www.welovecycling.com\/es\/?s={search_term_string}\"},\"query-input\":{\"@type\":\"PropertyValueSpecification\",\"valueRequired\":true,\"valueName\":\"search_term_string\"}}],\"inLanguage\":\"es-ES\"},{\"@type\":\"Person\",\"@id\":\"https:\/\/www.welovecycling.com\/es\/#\/schema\/person\/deb61715b5812698ee79fb96f343ccd4\",\"name\":\"We Love Cycling Spain\",\"image\":{\"@type\":\"ImageObject\",\"inLanguage\":\"es-ES\",\"@id\":\"https:\/\/www.welovecycling.com\/es\/#\/schema\/person\/image\/\",\"url\":\"https:\/\/secure.gravatar.com\/avatar\/c824b04e6df0e37a03219d0b6481672889df542894588964102459e46513159c?s=96&d=mm&r=g\",\"contentUrl\":\"https:\/\/secure.gravatar.com\/avatar\/c824b04e6df0e37a03219d0b6481672889df542894588964102459e46513159c?s=96&d=mm&r=g\",\"caption\":\"We Love Cycling Spain\"},\"url\":\"https:\/\/www.welovecycling.com\/es\/author\/amunoz\/\"}]}<\/script>\n<!-- \/ Yoast SEO Premium plugin. -->","yoast_head_json":{"title":"Qui\u00e9n ganar\u00e1 el maillot verde del Tour - \u0160koda We Love Cycling - Spain","description":"Primer d\u00eda en el Tour y primera victoria. Fernando Gaviria no pudo hacer nada mejor que eso y meti\u00f3 el miedo en el cuerpo a los fans de Sagan en su lucha por el maillot verde del tour.","robots":{"index":"index","follow":"follow","max-snippet":"max-snippet:-1","max-image-preview":"max-image-preview:large","max-video-preview":"max-video-preview:-1"},"canonical":"https:\/\/www.welovecycling.com\/es\/2018\/07\/13\/maillot-verde-del-tour\/","og_locale":"es_ES","og_type":"article","og_title":"Qui\u00e9n ganar\u00e1 el maillot verde del Tour","og_description":"Primer d\u00eda en el Tour y primera victoria. Fernando Gaviria no pudo hacer nada mejor que eso y meti\u00f3 el miedo en el cuerpo a los fans de Sagan en su lucha por el maillot verde del tour. Este a\u00f1o no va ser tan f\u00e1cil para Sagan.","og_url":"https:\/\/www.welovecycling.com\/es\/2018\/07\/13\/maillot-verde-del-tour\/","og_site_name":"\u0160koda We Love Cycling - Spain","article_published_time":"2018-07-13T16:14:19+00:00","og_image":[{"width":1366,"height":600,"url":"https:\/\/d2p6e6u75xmxt8.cloudfront.net\/6\/2018\/07\/profimedia-0377550149-1.jpg","type":"image\/jpeg"}],"author":"We Love Cycling Spain","twitter_card":"summary_large_image","twitter_title":"Qui\u00e9n ganar\u00e1 el maillot verde del Tour","twitter_description":"Primer d\u00eda en el Tour y primera victoria. Fernando Gaviria no pudo hacer nada mejor que eso y meti\u00f3 el miedo en el cuerpo a los fans de Sagan en su lucha por el maillot verde del tour. Este a\u00f1o no va ser tan f\u00e1cil para Sagan.","twitter_misc":{"Written by":"Monica Buck","Est. reading time":"5"},"schema":{"@context":"https:\/\/schema.org","@graph":[{"@type":"WebPage","@id":"https:\/\/www.welovecycling.com\/es\/2018\/07\/13\/maillot-verde-del-tour\/","url":"https:\/\/www.welovecycling.com\/es\/2018\/07\/13\/maillot-verde-del-tour\/","name":"Qui\u00e9n ganar\u00e1 el maillot verde del Tour - \u0160koda We Love Cycling - Spain","isPartOf":{"@id":"https:\/\/www.welovecycling.com\/es\/#website"},"primaryImageOfPage":{"@id":"https:\/\/www.welovecycling.com\/es\/2018\/07\/13\/maillot-verde-del-tour\/#primaryimage"},"image":{"@id":"https:\/\/www.welovecycling.com\/es\/2018\/07\/13\/maillot-verde-del-tour\/#primaryimage"},"thumbnailUrl":"https:\/\/d2p6e6u75xmxt8.cloudfront.net\/6\/2018\/07\/profimedia-0377550149-1.jpg","datePublished":"2018-07-13T16:14:19+00:00","author":{"@id":"https:\/\/www.welovecycling.com\/es\/#\/schema\/person\/deb61715b5812698ee79fb96f343ccd4"},"description":"Primer d\u00eda en el Tour y primera victoria. Fernando Gaviria no pudo hacer nada mejor que eso y meti\u00f3 el miedo en el cuerpo a los fans de Sagan en su lucha por el maillot verde del tour.","breadcrumb":{"@id":"https:\/\/www.welovecycling.com\/es\/2018\/07\/13\/maillot-verde-del-tour\/#breadcrumb"},"inLanguage":"es-ES","potentialAction":[{"@type":"ReadAction","target":["https:\/\/www.welovecycling.com\/es\/2018\/07\/13\/maillot-verde-del-tour\/"]}]},{"@type":"ImageObject","inLanguage":"es-ES","@id":"https:\/\/www.welovecycling.com\/es\/2018\/07\/13\/maillot-verde-del-tour\/#primaryimage","url":"https:\/\/d2p6e6u75xmxt8.cloudfront.net\/6\/2018\/07\/profimedia-0377550149-1.jpg","contentUrl":"https:\/\/d2p6e6u75xmxt8.cloudfront.net\/6\/2018\/07\/profimedia-0377550149-1.jpg","width":1366,"height":600},{"@type":"BreadcrumbList","@id":"https:\/\/www.welovecycling.com\/es\/2018\/07\/13\/maillot-verde-del-tour\/#breadcrumb","itemListElement":[{"@type":"ListItem","position":1,"name":"Home","item":"https:\/\/www.welovecycling.com\/es\/"},{"@type":"ListItem","position":2,"name":"Qui\u00e9n ganar\u00e1 el maillot verde del Tour"}]},{"@type":"WebSite","@id":"https:\/\/www.welovecycling.com\/es\/#website","url":"https:\/\/www.welovecycling.com\/es\/","name":"\u0160koda We Love Cycling - Spain","description":"\u0160koda WeLoveCycling Spain","potentialAction":[{"@type":"SearchAction","target":{"@type":"EntryPoint","urlTemplate":"https:\/\/www.welovecycling.com\/es\/?s={search_term_string}"},"query-input":{"@type":"PropertyValueSpecification","valueRequired":true,"valueName":"search_term_string"}}],"inLanguage":"es-ES"},{"@type":"Person","@id":"https:\/\/www.welovecycling.com\/es\/#\/schema\/person\/deb61715b5812698ee79fb96f343ccd4","name":"We Love Cycling Spain","image":{"@type":"ImageObject","inLanguage":"es-ES","@id":"https:\/\/www.welovecycling.com\/es\/#\/schema\/person\/image\/","url":"https:\/\/secure.gravatar.com\/avatar\/c824b04e6df0e37a03219d0b6481672889df542894588964102459e46513159c?s=96&d=mm&r=g","contentUrl":"https:\/\/secure.gravatar.com\/avatar\/c824b04e6df0e37a03219d0b6481672889df542894588964102459e46513159c?s=96&d=mm&r=g","caption":"We Love Cycling Spain"},"url":"https:\/\/www.welovecycling.com\/es\/author\/amunoz\/"}]}},"_links":{"self":[{"href":"https:\/\/www.welovecycling.com\/es\/wp-json\/wp\/v2\/posts\/3061","targetHints":{"allow":["GET"]}}],"collection":[{"href":"https:\/\/www.welovecycling.com\/es\/wp-json\/wp\/v2\/posts"}],"about":[{"href":"https:\/\/www.welovecycling.com\/es\/wp-json\/wp\/v2\/types\/post"}],"author":[{"embeddable":true,"href":"https:\/\/www.welovecycling.com\/es\/wp-json\/wp\/v2\/users\/29"}],"replies":[{"embeddable":true,"href":"https:\/\/www.welovecycling.com\/es\/wp-json\/wp\/v2\/comments?post=3061"}],"version-history":[{"count":2,"href":"https:\/\/www.welovecycling.com\/es\/wp-json\/wp\/v2\/posts\/3061\/revisions"}],"predecessor-version":[{"id":3070,"href":"https:\/\/www.welovecycling.com\/es\/wp-json\/wp\/v2\/posts\/3061\/revisions\/3070"}],"wp:featuredmedia":[{"embeddable":true,"href":"https:\/\/www.welovecycling.com\/es\/wp-json\/wp\/v2\/media\/3066"}],"wp:attachment":[{"href":"https:\/\/www.welovecycling.com\/es\/wp-json\/wp\/v2\/media?parent=3061"}],"wp:term":[{"taxonomy":"category","embeddable":true,"href":"https:\/\/www.welovecycling.com\/es\/wp-json\/wp\/v2\/categories?post=3061"},{"taxonomy":"post_tag","embeddable":true,"href":"https:\/\/www.welovecycling.com\/es\/wp-json\/wp\/v2\/tags?post=3061"},{"taxonomy":"global-categories","embeddable":true,"href":"https:\/\/www.welovecycling.com\/es\/wp-json\/wp\/v2\/global-categories?post=3061"}],"curies":[{"name":"wp","href":"https:\/\/api.w.org\/{rel}","templated":true}]}}