{"id":3035,"date":"2018-07-09T19:26:21","date_gmt":"2018-07-09T17:26:21","guid":{"rendered":"https:\/\/www.welovecycling.com\/es\/?p=3035"},"modified":"2018-07-09T19:26:21","modified_gmt":"2018-07-09T17:26:21","slug":"etapas-del-tour-2018","status":"publish","type":"post","link":"https:\/\/www.welovecycling.com\/es\/2018\/07\/09\/etapas-del-tour-2018\/","title":{"rendered":"Las mejores etapas del Tour 2018"},"content":{"rendered":"<p><strong>Chris Froome ha sido oficialmente absuelto de cualquier pecado, y esto significa que estamos en una carrera de proporciones b\u00edblicas. Entonces, \u00bfqu\u00e9 es lo que los organizadores de Le Tour han preparado para esta edici\u00f3n?<\/strong><!--more--><\/p>\n<h2><strong>Etapa 9 \u2013 El infierno del norte, Domingo 15 de julio<\/strong><\/h2>\n<p>El Mont Ventoux proyecta una larga sombra sobre el Tour del a\u00f1o pasado. En el aniversario de la tr\u00e1gica muerte de Tom Simpson en sus laderas, la monta\u00f1a fue omitida como una se\u00f1al de respeto. La 9\u00aa etapa jugar\u00e1 en muchas de nuestras mentes, ya que hay un recordatorio demasiado reciente de por qu\u00e9\u00a0<span style=\"font-size: 16px;\">la etapa d<\/span>e Roubaix se aborda mejor con respeto.<\/p>\n<figure id=\"attachment_3038\" aria-describedby=\"caption-attachment-3038\" style=\"width: 800px\" class=\"wp-caption alignnone\"><a href=\"https:\/\/d2p6e6u75xmxt8.cloudfront.net\/6\/2018\/07\/17284890f2f02cb94dd94b8efd35ea05.jpeg\"><img loading=\"lazy\" decoding=\"async\" class=\"size-full wp-image-3038\" src=\"https:\/\/d2p6e6u75xmxt8.cloudfront.net\/6\/2018\/07\/17284890f2f02cb94dd94b8efd35ea05.jpeg\" alt=\"\" width=\"800\" height=\"529\" srcset=\"https:\/\/d2p6e6u75xmxt8.cloudfront.net\/6\/2018\/07\/17284890f2f02cb94dd94b8efd35ea05.jpeg 800w, https:\/\/d2p6e6u75xmxt8.cloudfront.net\/6\/2018\/07\/17284890f2f02cb94dd94b8efd35ea05-300x198.jpeg 300w, https:\/\/d2p6e6u75xmxt8.cloudfront.net\/6\/2018\/07\/17284890f2f02cb94dd94b8efd35ea05-768x508.jpeg 768w\" sizes=\"auto, (max-width: 800px) 100vw, 800px\" \/><\/a><figcaption id=\"caption-attachment-3038\" class=\"wp-caption-text\">Alfred Achermann crashes on Paris-Roubaix<\/figcaption><\/figure>\n<p>&nbsp;<\/p>\n<p>El pav\u00e9 empedrado hace su primera aparici\u00f3n a poco m\u00e1s de 50 km. Esto es brutal, y es peligroso &#8211; y hacer que la carrera se pueda romper en mil pedazos. Froome se encontrar\u00e1 de nuevo fuera de su zona de confort. Nibali, por su parte, tiene una s\u00f3lida trayectoria en el pav\u00e9. Se ver\u00e1n ca\u00eddas y golpes casi con toda seguridad.<\/p>\n<h2><strong>Etapa 10 \u2013 Un poco de sterrato, Martes 17 de julio<\/strong><\/h2>\n<p>Este escenario se ver\u00e1 genial en la televisi\u00f3n. Los kil\u00f3metros iniciales de Annecy ser\u00e1n planos, pero la hipnotizante belleza de los Alpes dar\u00e1 paso a algunas ascensiones dur\u00edsimas. No menos importante, el pelot\u00f3n subir\u00e1 por el lado este del Mont\u00e9e du Plateau des Gli\u00e8res, que se presenta en Le Tour por primera vez.<\/p>\n<lite-youtube videoid=AF_o2kgP0tw params=\"enablejsapi=1\" style=\"background-image: url('https:\/\/i.ytimg.com\/vi_webp\/AF_o2kgP0tw\/maxresdefault.webp');\"><\/lite-youtube>\n<p><span style=\"font-size: 10pt;\"><em>Cycling fans, check out Plateau des Gli\u00e8res<\/em><\/span><\/p>\n<p>El Plateau des Gli\u00e8res\u00a0tiene una pendiente media del 11,2% con secciones s\u00e1dicas del 20% que har\u00e1n sufrir hasta a los m\u00e1s ligeros. Y por si esto fuera poco doloroso, los \u00faltimos 2 km de la subida son por sterrato. El pron\u00f3stico del tiempo todav\u00eda no se sabe si ser\u00e1 soleado y sofocante, o lluvioso y traicionero.\u00a0 De cualquier manera, no te la pierdas<\/p>\n<h2><strong>Etapa 17 \u2013 Un d\u00eda corto, Mi\u00e9rcoles 25 de julio<\/strong><\/h2>\n<p>Despu\u00e9s de haber atravesado ya el Mont\u00e9e de Peyragudes y el brutal Col de Val Louron-Azet, la \u00faltima escalada de la 17\u00aa etapa suele permitir que los contendientes del Tour se controlen unos a otros, apoyados por sus gregarios. Pero, esta etapa ser\u00e1 complicado.<\/p>\n<p>La organizaci\u00f3n de la carrera ha decidido que los corredores iniciar\u00e1n esta etapa en parillas en funci\u00f3n de su posici\u00f3n en el tour. Los equipos se dividir\u00e1n. Si no est\u00e1s en el grupo de cabeza en esta etapa, olv\u00eddalo. Est\u00e1s acabado. A menos que tengas un gregario fuerte y al menos otros dos compa\u00f1eros de equipo, est\u00e1s en igualdad de condiciones.<\/p>\n<lite-youtube videoid=z1UACyGmtm4 params=\"enablejsapi=1\" style=\"background-image: url('https:\/\/i.ytimg.com\/vi_webp\/z1UACyGmtm4\/maxresdefault.webp');\"><\/lite-youtube>\n<p><span style=\"font-size: 10pt;\"><em>Mike Cotty, the founder of The Col Collective, gives his views on the Portet<\/em><\/span><\/p>\n<p>Adem\u00e1s, es la primera vez que Le Tour visita las alturas del Col du Portet, incre\u00edblemente empinadas y hambrientas de ox\u00edgeno.\u00a0 El Team Sky ha demostrado que una excelente planificaci\u00f3n de la carrera puede dar a Froome la oportunidad de brillar en grandes momentos espont\u00e1neos como su ataque al descenso del Col de Peyresourde en 2016.<\/p>\n<p>No hay ninguna garant\u00eda de que cualquier aspirante al Tour tenga suficientes gregarios para ayudarlos &#8211; a menos que ellos mismos sean aspirantes. Podr\u00eda pasar cualquier cosa, y esto preocupar\u00e1 al equipo Sky.<\/p>\n<p>&nbsp;<\/p>\n<h2><strong>Etapa 16 \u2013 Descenso suicida, Martes 24 de julio<\/strong><\/h2>\n<p>Ahora que sabes lo que viene en la etapa 17, vamos a hacer ingenier\u00eda inversa con el razonamiento del ASO. Antes de lo que podr\u00eda ser la etapa definitoria de Le Tour 2018, el pelot\u00f3n se presenta por primera vez en los Pirineos.<\/p>\n<p><a href=\"https:\/\/d2p6e6u75xmxt8.cloudfront.net\/6\/2018\/07\/9ff13.jpg\"><img loading=\"lazy\" decoding=\"async\" class=\"alignnone size-full wp-image-3039\" src=\"https:\/\/d2p6e6u75xmxt8.cloudfront.net\/6\/2018\/07\/9ff13.jpg\" alt=\"\" width=\"960\" height=\"541\" srcset=\"https:\/\/d2p6e6u75xmxt8.cloudfront.net\/6\/2018\/07\/9ff13.jpg 960w, https:\/\/d2p6e6u75xmxt8.cloudfront.net\/6\/2018\/07\/9ff13-300x169.jpg 300w, https:\/\/d2p6e6u75xmxt8.cloudfront.net\/6\/2018\/07\/9ff13-768x433.jpg 768w\" sizes=\"auto, (max-width: 960px) 100vw, 960px\" \/><\/a><\/p>\n<p>En los \u00faltimos 70 kil\u00f3metros, despu\u00e9s de alejarse de Carcassonne, los ciclistas subir\u00e1n tres puertos duros antes de llegar a Bagn\u00e8res-de-Luchon. Luego, despu\u00e9s de 208 km de cabalgata, los \u00faltimos 10 km son de descenso puro.\u00a0 Espere que se aprovechen las oportunidades, as\u00ed como los riesgos desesperados.<\/p>\n<p>\u00bfQu\u00e9 etapas crees que definir\u00e1n la carrera de este a\u00f1o?<\/p>\n","protected":false},"excerpt":{"rendered":"<p>Chris Froome ha sido oficialmente absuelto de cualquier pecado, y esto significa que estamos en una carrera de proporciones b\u00edblicas. [&hellip;]<\/p>\n","protected":false},"author":29,"featured_media":3041,"comment_status":"open","ping_status":"open","sticky":false,"template":"","format":"standard","meta":{"footnotes":""},"categories":[7],"tags":[528,527,180],"global-categories":[],"class_list":["post-3035","post","type-post","status-publish","format-standard","has-post-thumbnail","hentry","category-carretera","tag-etapas-clave-tour-2018","tag-etapas-tour-2018","tag-tour-2018"],"yoast_head":"<!-- This site is optimized with the Yoast SEO Premium plugin v25.3 (Yoast SEO v25.9) - https:\/\/yoast.com\/wordpress\/plugins\/seo\/ -->\n<title>Las mejores etapas del Tour 2018 - \u0160koda We Love Cycling - Spain<\/title>\n<meta name=\"description\" content=\"Las mejores etapas del Tour 2018. Las jornadas clave en las que se decidir\u00e1n la edici\u00f3n de 2018 del Tour de Francia con Froome, Quintana y compa\u00f1ia.\" \/>\n<meta name=\"robots\" content=\"index, follow, max-snippet:-1, max-image-preview:large, max-video-preview:-1\" \/>\n<link rel=\"canonical\" href=\"https:\/\/www.welovecycling.com\/es\/2018\/07\/09\/etapas-del-tour-2018\/\" \/>\n<meta property=\"og:locale\" content=\"es_ES\" \/>\n<meta property=\"og:type\" content=\"article\" \/>\n<meta property=\"og:title\" content=\"Las mejores etapas del Tour 2018\" \/>\n<meta property=\"og:description\" content=\"Las mejores etapas del Tour 2018. Las jornadas clave en las que se decidir\u00e1n la edici\u00f3n de 2018 del Tour de Francia con Froome, Quintana y compa\u00f1ia.\" \/>\n<meta property=\"og:url\" content=\"https:\/\/www.welovecycling.com\/es\/2018\/07\/09\/etapas-del-tour-2018\/\" \/>\n<meta property=\"og:site_name\" content=\"\u0160koda We Love Cycling - Spain\" \/>\n<meta property=\"article:published_time\" content=\"2018-07-09T17:26:21+00:00\" \/>\n<meta property=\"og:image\" content=\"https:\/\/d2p6e6u75xmxt8.cloudfront.net\/6\/2018\/07\/profimedia-0377250095-1.jpg\" \/>\n\t<meta property=\"og:image:width\" content=\"1366\" \/>\n\t<meta property=\"og:image:height\" content=\"600\" \/>\n\t<meta property=\"og:image:type\" content=\"image\/jpeg\" \/>\n<meta name=\"author\" content=\"We Love Cycling Spain\" \/>\n<meta name=\"twitter:card\" content=\"summary_large_image\" \/>\n<meta name=\"twitter:title\" content=\"Las mejores etapas del Tour 2018\" \/>\n<meta name=\"twitter:description\" content=\"Las mejores etapas del Tour 2018. Las jornadas clave en las que se decidir\u00e1n la edici\u00f3n de 2018 del Tour de Francia con Froome, Quintana y compa\u00f1ia.\" \/>\n<meta name=\"twitter:label1\" content=\"Written by\" \/>\n\t<meta name=\"twitter:data1\" content=\"Christopher Ashley\" \/>\n\t<meta name=\"twitter:label2\" content=\"Est. reading time\" \/>\n\t<meta name=\"twitter:data2\" content=\"7\" \/>\n<script type=\"application\/ld+json\" class=\"yoast-schema-graph\">{\"@context\":\"https:\/\/schema.org\",\"@graph\":[{\"@type\":\"WebPage\",\"@id\":\"https:\/\/www.welovecycling.com\/es\/2018\/07\/09\/etapas-del-tour-2018\/\",\"url\":\"https:\/\/www.welovecycling.com\/es\/2018\/07\/09\/etapas-del-tour-2018\/\",\"name\":\"Las mejores etapas del Tour 2018 - \u0160koda We Love Cycling - Spain\",\"isPartOf\":{\"@id\":\"https:\/\/www.welovecycling.com\/es\/#website\"},\"primaryImageOfPage\":{\"@id\":\"https:\/\/www.welovecycling.com\/es\/2018\/07\/09\/etapas-del-tour-2018\/#primaryimage\"},\"image\":{\"@id\":\"https:\/\/www.welovecycling.com\/es\/2018\/07\/09\/etapas-del-tour-2018\/#primaryimage\"},\"thumbnailUrl\":\"https:\/\/d2p6e6u75xmxt8.cloudfront.net\/6\/2018\/07\/profimedia-0377250095-1.jpg\",\"datePublished\":\"2018-07-09T17:26:21+00:00\",\"author\":{\"@id\":\"https:\/\/www.welovecycling.com\/es\/#\/schema\/person\/deb61715b5812698ee79fb96f343ccd4\"},\"description\":\"Las mejores etapas del Tour 2018. Las jornadas clave en las que se decidir\u00e1n la edici\u00f3n de 2018 del Tour de Francia con Froome, Quintana y compa\u00f1ia.\",\"breadcrumb\":{\"@id\":\"https:\/\/www.welovecycling.com\/es\/2018\/07\/09\/etapas-del-tour-2018\/#breadcrumb\"},\"inLanguage\":\"es-ES\",\"potentialAction\":[{\"@type\":\"ReadAction\",\"target\":[\"https:\/\/www.welovecycling.com\/es\/2018\/07\/09\/etapas-del-tour-2018\/\"]}]},{\"@type\":\"ImageObject\",\"inLanguage\":\"es-ES\",\"@id\":\"https:\/\/www.welovecycling.com\/es\/2018\/07\/09\/etapas-del-tour-2018\/#primaryimage\",\"url\":\"https:\/\/d2p6e6u75xmxt8.cloudfront.net\/6\/2018\/07\/profimedia-0377250095-1.jpg\",\"contentUrl\":\"https:\/\/d2p6e6u75xmxt8.cloudfront.net\/6\/2018\/07\/profimedia-0377250095-1.jpg\",\"width\":1366,\"height\":600},{\"@type\":\"BreadcrumbList\",\"@id\":\"https:\/\/www.welovecycling.com\/es\/2018\/07\/09\/etapas-del-tour-2018\/#breadcrumb\",\"itemListElement\":[{\"@type\":\"ListItem\",\"position\":1,\"name\":\"Home\",\"item\":\"https:\/\/www.welovecycling.com\/es\/\"},{\"@type\":\"ListItem\",\"position\":2,\"name\":\"Las mejores etapas del Tour 2018\"}]},{\"@type\":\"WebSite\",\"@id\":\"https:\/\/www.welovecycling.com\/es\/#website\",\"url\":\"https:\/\/www.welovecycling.com\/es\/\",\"name\":\"\u0160koda We Love Cycling - Spain\",\"description\":\"\u0160koda WeLoveCycling Spain\",\"potentialAction\":[{\"@type\":\"SearchAction\",\"target\":{\"@type\":\"EntryPoint\",\"urlTemplate\":\"https:\/\/www.welovecycling.com\/es\/?s={search_term_string}\"},\"query-input\":{\"@type\":\"PropertyValueSpecification\",\"valueRequired\":true,\"valueName\":\"search_term_string\"}}],\"inLanguage\":\"es-ES\"},{\"@type\":\"Person\",\"@id\":\"https:\/\/www.welovecycling.com\/es\/#\/schema\/person\/deb61715b5812698ee79fb96f343ccd4\",\"name\":\"We Love Cycling Spain\",\"image\":{\"@type\":\"ImageObject\",\"inLanguage\":\"es-ES\",\"@id\":\"https:\/\/www.welovecycling.com\/es\/#\/schema\/person\/image\/\",\"url\":\"https:\/\/secure.gravatar.com\/avatar\/c824b04e6df0e37a03219d0b6481672889df542894588964102459e46513159c?s=96&d=mm&r=g\",\"contentUrl\":\"https:\/\/secure.gravatar.com\/avatar\/c824b04e6df0e37a03219d0b6481672889df542894588964102459e46513159c?s=96&d=mm&r=g\",\"caption\":\"We Love Cycling Spain\"},\"url\":\"https:\/\/www.welovecycling.com\/es\/author\/amunoz\/\"}]}<\/script>\n<!-- \/ Yoast SEO Premium plugin. -->","yoast_head_json":{"title":"Las mejores etapas del Tour 2018 - \u0160koda We Love Cycling - Spain","description":"Las mejores etapas del Tour 2018. Las jornadas clave en las que se decidir\u00e1n la edici\u00f3n de 2018 del Tour de Francia con Froome, Quintana y compa\u00f1ia.","robots":{"index":"index","follow":"follow","max-snippet":"max-snippet:-1","max-image-preview":"max-image-preview:large","max-video-preview":"max-video-preview:-1"},"canonical":"https:\/\/www.welovecycling.com\/es\/2018\/07\/09\/etapas-del-tour-2018\/","og_locale":"es_ES","og_type":"article","og_title":"Las mejores etapas del Tour 2018","og_description":"Las mejores etapas del Tour 2018. Las jornadas clave en las que se decidir\u00e1n la edici\u00f3n de 2018 del Tour de Francia con Froome, Quintana y compa\u00f1ia.","og_url":"https:\/\/www.welovecycling.com\/es\/2018\/07\/09\/etapas-del-tour-2018\/","og_site_name":"\u0160koda We Love Cycling - Spain","article_published_time":"2018-07-09T17:26:21+00:00","og_image":[{"width":1366,"height":600,"url":"https:\/\/d2p6e6u75xmxt8.cloudfront.net\/6\/2018\/07\/profimedia-0377250095-1.jpg","type":"image\/jpeg"}],"author":"We Love Cycling Spain","twitter_card":"summary_large_image","twitter_title":"Las mejores etapas del Tour 2018","twitter_description":"Las mejores etapas del Tour 2018. Las jornadas clave en las que se decidir\u00e1n la edici\u00f3n de 2018 del Tour de Francia con Froome, Quintana y compa\u00f1ia.","twitter_misc":{"Written by":"Christopher Ashley","Est. reading time":"7"},"schema":{"@context":"https:\/\/schema.org","@graph":[{"@type":"WebPage","@id":"https:\/\/www.welovecycling.com\/es\/2018\/07\/09\/etapas-del-tour-2018\/","url":"https:\/\/www.welovecycling.com\/es\/2018\/07\/09\/etapas-del-tour-2018\/","name":"Las mejores etapas del Tour 2018 - \u0160koda We Love Cycling - Spain","isPartOf":{"@id":"https:\/\/www.welovecycling.com\/es\/#website"},"primaryImageOfPage":{"@id":"https:\/\/www.welovecycling.com\/es\/2018\/07\/09\/etapas-del-tour-2018\/#primaryimage"},"image":{"@id":"https:\/\/www.welovecycling.com\/es\/2018\/07\/09\/etapas-del-tour-2018\/#primaryimage"},"thumbnailUrl":"https:\/\/d2p6e6u75xmxt8.cloudfront.net\/6\/2018\/07\/profimedia-0377250095-1.jpg","datePublished":"2018-07-09T17:26:21+00:00","author":{"@id":"https:\/\/www.welovecycling.com\/es\/#\/schema\/person\/deb61715b5812698ee79fb96f343ccd4"},"description":"Las mejores etapas del Tour 2018. Las jornadas clave en las que se decidir\u00e1n la edici\u00f3n de 2018 del Tour de Francia con Froome, Quintana y compa\u00f1ia.","breadcrumb":{"@id":"https:\/\/www.welovecycling.com\/es\/2018\/07\/09\/etapas-del-tour-2018\/#breadcrumb"},"inLanguage":"es-ES","potentialAction":[{"@type":"ReadAction","target":["https:\/\/www.welovecycling.com\/es\/2018\/07\/09\/etapas-del-tour-2018\/"]}]},{"@type":"ImageObject","inLanguage":"es-ES","@id":"https:\/\/www.welovecycling.com\/es\/2018\/07\/09\/etapas-del-tour-2018\/#primaryimage","url":"https:\/\/d2p6e6u75xmxt8.cloudfront.net\/6\/2018\/07\/profimedia-0377250095-1.jpg","contentUrl":"https:\/\/d2p6e6u75xmxt8.cloudfront.net\/6\/2018\/07\/profimedia-0377250095-1.jpg","width":1366,"height":600},{"@type":"BreadcrumbList","@id":"https:\/\/www.welovecycling.com\/es\/2018\/07\/09\/etapas-del-tour-2018\/#breadcrumb","itemListElement":[{"@type":"ListItem","position":1,"name":"Home","item":"https:\/\/www.welovecycling.com\/es\/"},{"@type":"ListItem","position":2,"name":"Las mejores etapas del Tour 2018"}]},{"@type":"WebSite","@id":"https:\/\/www.welovecycling.com\/es\/#website","url":"https:\/\/www.welovecycling.com\/es\/","name":"\u0160koda We Love Cycling - Spain","description":"\u0160koda WeLoveCycling Spain","potentialAction":[{"@type":"SearchAction","target":{"@type":"EntryPoint","urlTemplate":"https:\/\/www.welovecycling.com\/es\/?s={search_term_string}"},"query-input":{"@type":"PropertyValueSpecification","valueRequired":true,"valueName":"search_term_string"}}],"inLanguage":"es-ES"},{"@type":"Person","@id":"https:\/\/www.welovecycling.com\/es\/#\/schema\/person\/deb61715b5812698ee79fb96f343ccd4","name":"We Love Cycling Spain","image":{"@type":"ImageObject","inLanguage":"es-ES","@id":"https:\/\/www.welovecycling.com\/es\/#\/schema\/person\/image\/","url":"https:\/\/secure.gravatar.com\/avatar\/c824b04e6df0e37a03219d0b6481672889df542894588964102459e46513159c?s=96&d=mm&r=g","contentUrl":"https:\/\/secure.gravatar.com\/avatar\/c824b04e6df0e37a03219d0b6481672889df542894588964102459e46513159c?s=96&d=mm&r=g","caption":"We Love Cycling Spain"},"url":"https:\/\/www.welovecycling.com\/es\/author\/amunoz\/"}]}},"_links":{"self":[{"href":"https:\/\/www.welovecycling.com\/es\/wp-json\/wp\/v2\/posts\/3035","targetHints":{"allow":["GET"]}}],"collection":[{"href":"https:\/\/www.welovecycling.com\/es\/wp-json\/wp\/v2\/posts"}],"about":[{"href":"https:\/\/www.welovecycling.com\/es\/wp-json\/wp\/v2\/types\/post"}],"author":[{"embeddable":true,"href":"https:\/\/www.welovecycling.com\/es\/wp-json\/wp\/v2\/users\/29"}],"replies":[{"embeddable":true,"href":"https:\/\/www.welovecycling.com\/es\/wp-json\/wp\/v2\/comments?post=3035"}],"version-history":[{"count":2,"href":"https:\/\/www.welovecycling.com\/es\/wp-json\/wp\/v2\/posts\/3035\/revisions"}],"predecessor-version":[{"id":3042,"href":"https:\/\/www.welovecycling.com\/es\/wp-json\/wp\/v2\/posts\/3035\/revisions\/3042"}],"wp:featuredmedia":[{"embeddable":true,"href":"https:\/\/www.welovecycling.com\/es\/wp-json\/wp\/v2\/media\/3041"}],"wp:attachment":[{"href":"https:\/\/www.welovecycling.com\/es\/wp-json\/wp\/v2\/media?parent=3035"}],"wp:term":[{"taxonomy":"category","embeddable":true,"href":"https:\/\/www.welovecycling.com\/es\/wp-json\/wp\/v2\/categories?post=3035"},{"taxonomy":"post_tag","embeddable":true,"href":"https:\/\/www.welovecycling.com\/es\/wp-json\/wp\/v2\/tags?post=3035"},{"taxonomy":"global-categories","embeddable":true,"href":"https:\/\/www.welovecycling.com\/es\/wp-json\/wp\/v2\/global-categories?post=3035"}],"curies":[{"name":"wp","href":"https:\/\/api.w.org\/{rel}","templated":true}]}}