{"id":2938,"date":"2018-06-21T09:26:07","date_gmt":"2018-06-21T07:26:07","guid":{"rendered":"https:\/\/www.welovecycling.com\/es\/?p=2938"},"modified":"2018-06-21T09:26:07","modified_gmt":"2018-06-21T07:26:07","slug":"organizarme-una-marcha-cicloturista-sin-estres","status":"publish","type":"post","link":"https:\/\/www.welovecycling.com\/es\/2018\/06\/21\/organizarme-una-marcha-cicloturista-sin-estres\/","title":{"rendered":"Consejos para organizarme una marcha cicloturista sin estr\u00e9s"},"content":{"rendered":"<p><strong>La primera consigna que debe tener un cicloturista es que una marcha no es su trabajo, sino sus vacaciones. Las marchas cicloturistas est\u00e1n generando ansiedad y estr\u00e9s a muchos de sus participantes y gran parte viene generada por una falta de objetivos y organizaci\u00f3n. Los primeros, claro est\u00e1, hacen depender a los segundos. Aqu\u00ed te vamos a dar una serie de consejos para que llegues al d\u00eda D relajado y sin estr\u00e9s.<\/strong><br \/>\n<!--more--><\/p>\n<h2><strong>Lo primero, definir objetivo<\/strong><\/h2>\n<p>Hay que ser realista y ver el entrenamiento que se ha hecho en los \u00faltimos meses. Si no se ha tenido tiempo para salir es imposible rendir a un alto nivel e ir r\u00e1pido. As\u00ed que el objetivo debe estar en acabar y disfrutar del evento sin ponerse cotas m\u00e1s lejanas del placer ciclista. Si has llevado un entrenamiento exhaustivo puedes intentar mejorar el tiempo de a\u00f1os anteriores, pero si no se dan las circunstancias clim\u00e1ticas (nuestro deporte es el aire libre) o has tenido una mala semana no tiene sentido forzar la m\u00e1quina. Recuerda que a ese evento te inscribiste porque te gusta hacer deporte y disfrutas.<\/p>\n<p><a href=\"https:\/\/d2p6e6u75xmxt8.cloudfront.net\/6\/2018\/06\/TOUR-DE-FLANDES-2018-10.JPG.jpg\"><img loading=\"lazy\" decoding=\"async\" class=\"aligncenter size-large wp-image-2940\" src=\"https:\/\/d2p6e6u75xmxt8.cloudfront.net\/6\/2018\/06\/TOUR-DE-FLANDES-2018-10.JPG-1024x652.jpg\" alt=\"\" width=\"1024\" height=\"652\" srcset=\"https:\/\/d2p6e6u75xmxt8.cloudfront.net\/6\/2018\/06\/TOUR-DE-FLANDES-2018-10.JPG.jpg 1024w, https:\/\/d2p6e6u75xmxt8.cloudfront.net\/6\/2018\/06\/TOUR-DE-FLANDES-2018-10.JPG-300x191.jpg 300w, https:\/\/d2p6e6u75xmxt8.cloudfront.net\/6\/2018\/06\/TOUR-DE-FLANDES-2018-10.JPG-768x489.jpg 768w\" sizes=\"auto, (max-width: 1024px) 100vw, 1024px\" \/><\/a><\/p>\n<p>.<\/p>\n<h2><strong>Las semanas previas<\/strong><\/h2>\n<p>Muchas veces en el camino est\u00e1 el placer. El hecho de apuntarse a una marcha y buscar un objetivo te lleva a querer entrenar y esforzarte y si lo haces con un grupo de amigos, mejor todav\u00eda. Los meses de entrenamiento se pueden hacer hasta divertidos. Eso s\u00ed. Las circunstancias son las que son. Si ha llovido todos los s\u00e1bados de los \u00faltimos tres meses es complicado llegar en forma a no ser que te hayas metido todos esos d\u00edas de agua.<\/p>\n<p>Si con el entrenamiento que has hecho en los meses previos el d\u00eda del evento no vas todo lo r\u00e1pido que quer\u00edas no ha sido un tiempo perdido. Al contrario. Has generado un estado de forma y de salud que te valdr\u00e1 para cualquier otro d\u00eda.<\/p>\n<h2><strong>Hoteles y viajes<\/strong><\/h2>\n<p>Normalmente los eventos cicloturistas se celebran lejos de tu lugar de residencia. Eso supone desplazamientos y buscar un lugar para alojarte durante la marcha. Siempre suelen generar estr\u00e9s, sobre todo si no lo tiene previsto con mucho tiempo de antelaci\u00f3n. Lo primero es analizar el viaje. S<strong>i tienes 10 horas de coche o un vuelo de 6 horas con escala quiz\u00e1s le mejor opci\u00f3n no sea llegar al lugar del evento la tarde\/noche antes<\/strong>, sino con uno o dos d\u00edas de antelaci\u00f3n.<\/p>\n<p>La distancia del <strong>hotel al lugar de salida siempre es importante.<\/strong> Cuanto m\u00e1s cerca madrugas menos y si ya no tienes que coger el coche, pues es ansiedad y prisas que te restas por llegar a la l\u00ednea de meta. Busca tambi\u00e9n hoteles que sean amigables con los ciclistas y faciliten guardar las bicicletas, desayunos tempranos y si ya te preparan una buena cena previa, pues mejor todav\u00eda. Y si no tienes tiempo, siempre te pueden <a href=\"https:\/\/ciclored.com\/\">ayudar las agencias profesionales.<\/a><\/p>\n<p><a href=\"https:\/\/d2p6e6u75xmxt8.cloudfront.net\/6\/2018\/06\/11-TOUR-DE-FLANDES-2018-1.JPG.jpg\"><img loading=\"lazy\" decoding=\"async\" class=\"aligncenter size-large wp-image-2941\" src=\"https:\/\/d2p6e6u75xmxt8.cloudfront.net\/6\/2018\/06\/11-TOUR-DE-FLANDES-2018-1.JPG-1024x623.jpg\" alt=\"\" width=\"1024\" height=\"623\" srcset=\"https:\/\/d2p6e6u75xmxt8.cloudfront.net\/6\/2018\/06\/11-TOUR-DE-FLANDES-2018-1.JPG.jpg 1024w, https:\/\/d2p6e6u75xmxt8.cloudfront.net\/6\/2018\/06\/11-TOUR-DE-FLANDES-2018-1.JPG-300x183.jpg 300w, https:\/\/d2p6e6u75xmxt8.cloudfront.net\/6\/2018\/06\/11-TOUR-DE-FLANDES-2018-1.JPG-768x467.jpg 768w\" sizes=\"auto, (max-width: 1024px) 100vw, 1024px\" \/><\/a><\/p>\n<h2><strong>La maleta<\/strong><\/h2>\n<p>Esto siempre genera controversia, <strong>pero si la dejas echa uno o d\u00edas antes de irte de viaje, mejor que a \u00faltima hora, que siempre se olvidan cosas<\/strong>. Est\u00e1 claro que no te puedes <a href=\"https:\/\/ciclored.com\/organizar-tu-maleta-ciclista\/\" target=\"_blank\" rel=\"noopener\">olvidar casco, zapatillas, gafas, maillot y culotte.<\/a> Y a partir de ah\u00ed hay que mirar la meteorolog\u00eda, y no solo del lugar de la l\u00ednea de salida. Si hay puertos en el recorrido conviene ver si all\u00ed har\u00e1 m\u00e1s fr\u00edo y si ser\u00e1 necesario chubasquero, chaleco o manguitos para bajar. Si dan lluvia, pues ya puedes ir preparando cremas calentadoras, botines de agua, guantes&#8230;<\/p>\n<p>Tampoco descuides a tu bicicleta. Dos o tres c\u00e1maras de repuesto, una cubierta, una bomba y unos desmontables son el kit b\u00e1sico para echar en la maleta. Despu\u00e9s tampoco vienen mal una llave multiherramientas y una patilla de cambio (es una pieza \u00fanica que te ser\u00e1 complicado encontrar).<\/p>\n<h2><strong>Recogida de dorsales<\/strong><\/h2>\n<p>Parece algo obvio, pero para recoger tu dorsal necesitar\u00e1s llevarte la documentaci\u00f3n necesaria. Como <strong>m\u00ednimo DNI y licencia en vigor (si la tienes)<\/strong> y en algunas marchas exigen tambi\u00e9n un certificado m\u00e9dico de actitud deportivas. Si lo tienes organizado con tiempo te restar\u00e1 estress.<\/p>\n<p><a href=\"https:\/\/d2p6e6u75xmxt8.cloudfront.net\/6\/2018\/06\/qh-2016-ciclored-88.JPG.jpg\"><img loading=\"lazy\" decoding=\"async\" class=\"aligncenter size-large wp-image-2942\" src=\"https:\/\/d2p6e6u75xmxt8.cloudfront.net\/6\/2018\/06\/qh-2016-ciclored-88.JPG-1024x726.jpg\" alt=\"\" width=\"1024\" height=\"726\" srcset=\"https:\/\/d2p6e6u75xmxt8.cloudfront.net\/6\/2018\/06\/qh-2016-ciclored-88.JPG.jpg 1024w, https:\/\/d2p6e6u75xmxt8.cloudfront.net\/6\/2018\/06\/qh-2016-ciclored-88.JPG-300x213.jpg 300w, https:\/\/d2p6e6u75xmxt8.cloudfront.net\/6\/2018\/06\/qh-2016-ciclored-88.JPG-768x545.jpg 768w\" sizes=\"auto, (max-width: 1024px) 100vw, 1024px\" \/><\/a><\/p>\n<h2><strong>Estudia el recorrido<\/strong><\/h2>\n<p>A la marcha debes llegar con los deberes hechos. Si te has estudiado con detenimiento el recorrido <strong>podr\u00e1s reconocer su dureza, los lugares donde est\u00e1n los avituallameintos,<\/strong> las zonas peligrosas de bajada, los posibles embotellamientos. Solo con ese esquema mental previo ir\u00e1s mucho m\u00e1s tranquilo.<\/p>\n<h2><strong>La bici tambi\u00e9n se prepara<\/strong><\/h2>\n<p>Aunque sea obvio, algo que siempre genera mucho estres al ciclista es su bicicleta. Por eso hay que cuidarla. Si no eres un experto en mec\u00e1nica es mejor que los ajustes de \u00faltima hora los haga un profesional. <strong>Lleva la bici a revisar con una semana de antelaci\u00f3n para que puedan detectar cualquier problema que pudiese tener<\/strong>. Con tiempo siempre hay soluciones.<\/p>\n<h2><strong>Se trata de disfrutar<\/strong><\/h2>\n<p>Si tu objetivo es rodar olv\u00eddate de prisas. No tiene sentido estar media hora esperando en la salida y pasando fr\u00edo si lo que simplemente quieres es pasar un buen d\u00eda de bici. Ni meterte entre los primeros para buscar el hueco y jugarte una ca\u00edda. Y si tu objetivo es mejorar el tiempo. <strong>Pues tampoco vas a hipotecar un buen fin de semana por poder irte al suelo por intentar entrar en un hueco que no cab\u00edas o por bajar a tumba abierta para rebajar unos segundos.<\/strong><\/p>\n<p><a href=\"https:\/\/d2p6e6u75xmxt8.cloudfront.net\/6\/2018\/06\/QH-17-5.JPG.jpg\"><img loading=\"lazy\" decoding=\"async\" class=\"aligncenter size-large wp-image-2943\" src=\"https:\/\/d2p6e6u75xmxt8.cloudfront.net\/6\/2018\/06\/QH-17-5.JPG-1024x678.jpg\" alt=\"\" width=\"1024\" height=\"678\" srcset=\"https:\/\/d2p6e6u75xmxt8.cloudfront.net\/6\/2018\/06\/QH-17-5.JPG.jpg 1024w, https:\/\/d2p6e6u75xmxt8.cloudfront.net\/6\/2018\/06\/QH-17-5.JPG-300x199.jpg 300w, https:\/\/d2p6e6u75xmxt8.cloudfront.net\/6\/2018\/06\/QH-17-5.JPG-768x509.jpg 768w\" sizes=\"auto, (max-width: 1024px) 100vw, 1024px\" \/><\/a><\/p>\n","protected":false},"excerpt":{"rendered":"<p>La primera consigna que debe tener un cicloturista es que una marcha no es su trabajo, sino sus vacaciones. Las [&hellip;]<\/p>\n","protected":false},"author":29,"featured_media":2939,"comment_status":"open","ping_status":"open","sticky":false,"template":"","format":"standard","meta":{"footnotes":""},"categories":[7,9],"tags":[495,494,493,496],"global-categories":[],"class_list":["post-2938","post","type-post","status-publish","format-standard","has-post-thumbnail","hentry","category-carretera","category-mtb-aventura","tag-ansiedad-del-ciclista","tag-cicloturista","tag-organizar-cicloturista","tag-qh-2018"],"yoast_head":"<!-- This site is optimized with the Yoast SEO Premium plugin v25.3 (Yoast SEO v25.9) - https:\/\/yoast.com\/wordpress\/plugins\/seo\/ -->\n<title>Consejos para organizarme una marcha cicloturista sin estr\u00e9s - \u0160koda We Love Cycling - Spain<\/title>\n<meta name=\"description\" content=\"Como organizarme una marcha cicloturista sin estres. Los pasos que debes seguir para llegar a tu evento cicloturista sin prisas y preparado para disfrutar.\" \/>\n<meta name=\"robots\" content=\"index, follow, max-snippet:-1, max-image-preview:large, max-video-preview:-1\" \/>\n<link rel=\"canonical\" href=\"https:\/\/www.welovecycling.com\/es\/2018\/06\/21\/organizarme-una-marcha-cicloturista-sin-estres\/\" \/>\n<meta property=\"og:locale\" content=\"es_ES\" \/>\n<meta property=\"og:type\" content=\"article\" \/>\n<meta property=\"og:title\" content=\"Consejos para organizarme una marcha cicloturista sin estr\u00e9s\" \/>\n<meta property=\"og:description\" content=\"Como organizarme una marcha cicloturista sin estres. Los pasos que debes seguir para llegar a tu evento cicloturista sin prisas y preparado para disfrutar.\" \/>\n<meta property=\"og:url\" content=\"https:\/\/www.welovecycling.com\/es\/2018\/06\/21\/organizarme-una-marcha-cicloturista-sin-estres\/\" \/>\n<meta property=\"og:site_name\" content=\"\u0160koda We Love Cycling - Spain\" \/>\n<meta property=\"article:published_time\" content=\"2018-06-21T07:26:07+00:00\" \/>\n<meta property=\"og:image\" content=\"https:\/\/d2p6e6u75xmxt8.cloudfront.net\/6\/2018\/06\/TOUR15.JPG.jpg\" \/>\n\t<meta property=\"og:image:width\" content=\"1024\" \/>\n\t<meta property=\"og:image:height\" content=\"717\" \/>\n\t<meta property=\"og:image:type\" content=\"image\/jpeg\" \/>\n<meta name=\"author\" content=\"We Love Cycling Spain\" \/>\n<meta name=\"twitter:card\" content=\"summary_large_image\" \/>\n<meta name=\"twitter:title\" content=\"Consejos para organizarme una marcha cicloturista sin estr\u00e9s\" \/>\n<meta name=\"twitter:description\" content=\"Como organizarme una marcha cicloturista sin estres. Los pasos que debes seguir para llegar a tu evento cicloturista sin prisas y preparado para disfrutar.\" \/>\n<meta name=\"twitter:label1\" content=\"Written by\" \/>\n\t<meta name=\"twitter:data1\" content=\"Luis Ortega @ciclored\" \/>\n\t<meta name=\"twitter:label2\" content=\"Est. reading time\" \/>\n\t<meta name=\"twitter:data2\" content=\"5 minutes\" \/>\n<script type=\"application\/ld+json\" class=\"yoast-schema-graph\">{\"@context\":\"https:\/\/schema.org\",\"@graph\":[{\"@type\":\"WebPage\",\"@id\":\"https:\/\/www.welovecycling.com\/es\/2018\/06\/21\/organizarme-una-marcha-cicloturista-sin-estres\/\",\"url\":\"https:\/\/www.welovecycling.com\/es\/2018\/06\/21\/organizarme-una-marcha-cicloturista-sin-estres\/\",\"name\":\"Consejos para organizarme una marcha cicloturista sin estr\u00e9s - \u0160koda We Love Cycling - Spain\",\"isPartOf\":{\"@id\":\"https:\/\/www.welovecycling.com\/es\/#website\"},\"primaryImageOfPage\":{\"@id\":\"https:\/\/www.welovecycling.com\/es\/2018\/06\/21\/organizarme-una-marcha-cicloturista-sin-estres\/#primaryimage\"},\"image\":{\"@id\":\"https:\/\/www.welovecycling.com\/es\/2018\/06\/21\/organizarme-una-marcha-cicloturista-sin-estres\/#primaryimage\"},\"thumbnailUrl\":\"https:\/\/d2p6e6u75xmxt8.cloudfront.net\/6\/2018\/06\/TOUR15.JPG.jpg\",\"datePublished\":\"2018-06-21T07:26:07+00:00\",\"author\":{\"@id\":\"https:\/\/www.welovecycling.com\/es\/#\/schema\/person\/deb61715b5812698ee79fb96f343ccd4\"},\"description\":\"Como organizarme una marcha cicloturista sin estres. Los pasos que debes seguir para llegar a tu evento cicloturista sin prisas y preparado para disfrutar.\",\"breadcrumb\":{\"@id\":\"https:\/\/www.welovecycling.com\/es\/2018\/06\/21\/organizarme-una-marcha-cicloturista-sin-estres\/#breadcrumb\"},\"inLanguage\":\"es-ES\",\"potentialAction\":[{\"@type\":\"ReadAction\",\"target\":[\"https:\/\/www.welovecycling.com\/es\/2018\/06\/21\/organizarme-una-marcha-cicloturista-sin-estres\/\"]}]},{\"@type\":\"ImageObject\",\"inLanguage\":\"es-ES\",\"@id\":\"https:\/\/www.welovecycling.com\/es\/2018\/06\/21\/organizarme-una-marcha-cicloturista-sin-estres\/#primaryimage\",\"url\":\"https:\/\/d2p6e6u75xmxt8.cloudfront.net\/6\/2018\/06\/TOUR15.JPG.jpg\",\"contentUrl\":\"https:\/\/d2p6e6u75xmxt8.cloudfront.net\/6\/2018\/06\/TOUR15.JPG.jpg\",\"width\":1024,\"height\":717},{\"@type\":\"BreadcrumbList\",\"@id\":\"https:\/\/www.welovecycling.com\/es\/2018\/06\/21\/organizarme-una-marcha-cicloturista-sin-estres\/#breadcrumb\",\"itemListElement\":[{\"@type\":\"ListItem\",\"position\":1,\"name\":\"Home\",\"item\":\"https:\/\/www.welovecycling.com\/es\/\"},{\"@type\":\"ListItem\",\"position\":2,\"name\":\"Consejos para organizarme una marcha cicloturista sin estr\u00e9s\"}]},{\"@type\":\"WebSite\",\"@id\":\"https:\/\/www.welovecycling.com\/es\/#website\",\"url\":\"https:\/\/www.welovecycling.com\/es\/\",\"name\":\"\u0160koda We Love Cycling - Spain\",\"description\":\"\u0160koda WeLoveCycling Spain\",\"potentialAction\":[{\"@type\":\"SearchAction\",\"target\":{\"@type\":\"EntryPoint\",\"urlTemplate\":\"https:\/\/www.welovecycling.com\/es\/?s={search_term_string}\"},\"query-input\":{\"@type\":\"PropertyValueSpecification\",\"valueRequired\":true,\"valueName\":\"search_term_string\"}}],\"inLanguage\":\"es-ES\"},{\"@type\":\"Person\",\"@id\":\"https:\/\/www.welovecycling.com\/es\/#\/schema\/person\/deb61715b5812698ee79fb96f343ccd4\",\"name\":\"We Love Cycling Spain\",\"image\":{\"@type\":\"ImageObject\",\"inLanguage\":\"es-ES\",\"@id\":\"https:\/\/www.welovecycling.com\/es\/#\/schema\/person\/image\/\",\"url\":\"https:\/\/secure.gravatar.com\/avatar\/c824b04e6df0e37a03219d0b6481672889df542894588964102459e46513159c?s=96&d=mm&r=g\",\"contentUrl\":\"https:\/\/secure.gravatar.com\/avatar\/c824b04e6df0e37a03219d0b6481672889df542894588964102459e46513159c?s=96&d=mm&r=g\",\"caption\":\"We Love Cycling Spain\"},\"url\":\"https:\/\/www.welovecycling.com\/es\/author\/amunoz\/\"}]}<\/script>\n<!-- \/ Yoast SEO Premium plugin. -->","yoast_head_json":{"title":"Consejos para organizarme una marcha cicloturista sin estr\u00e9s - \u0160koda We Love Cycling - Spain","description":"Como organizarme una marcha cicloturista sin estres. Los pasos que debes seguir para llegar a tu evento cicloturista sin prisas y preparado para disfrutar.","robots":{"index":"index","follow":"follow","max-snippet":"max-snippet:-1","max-image-preview":"max-image-preview:large","max-video-preview":"max-video-preview:-1"},"canonical":"https:\/\/www.welovecycling.com\/es\/2018\/06\/21\/organizarme-una-marcha-cicloturista-sin-estres\/","og_locale":"es_ES","og_type":"article","og_title":"Consejos para organizarme una marcha cicloturista sin estr\u00e9s","og_description":"Como organizarme una marcha cicloturista sin estres. Los pasos que debes seguir para llegar a tu evento cicloturista sin prisas y preparado para disfrutar.","og_url":"https:\/\/www.welovecycling.com\/es\/2018\/06\/21\/organizarme-una-marcha-cicloturista-sin-estres\/","og_site_name":"\u0160koda We Love Cycling - Spain","article_published_time":"2018-06-21T07:26:07+00:00","og_image":[{"width":1024,"height":717,"url":"https:\/\/d2p6e6u75xmxt8.cloudfront.net\/6\/2018\/06\/TOUR15.JPG.jpg","type":"image\/jpeg"}],"author":"We Love Cycling Spain","twitter_card":"summary_large_image","twitter_title":"Consejos para organizarme una marcha cicloturista sin estr\u00e9s","twitter_description":"Como organizarme una marcha cicloturista sin estres. Los pasos que debes seguir para llegar a tu evento cicloturista sin prisas y preparado para disfrutar.","twitter_misc":{"Written by":"Luis Ortega @ciclored","Est. reading time":"5 minutes"},"schema":{"@context":"https:\/\/schema.org","@graph":[{"@type":"WebPage","@id":"https:\/\/www.welovecycling.com\/es\/2018\/06\/21\/organizarme-una-marcha-cicloturista-sin-estres\/","url":"https:\/\/www.welovecycling.com\/es\/2018\/06\/21\/organizarme-una-marcha-cicloturista-sin-estres\/","name":"Consejos para organizarme una marcha cicloturista sin estr\u00e9s - \u0160koda We Love Cycling - Spain","isPartOf":{"@id":"https:\/\/www.welovecycling.com\/es\/#website"},"primaryImageOfPage":{"@id":"https:\/\/www.welovecycling.com\/es\/2018\/06\/21\/organizarme-una-marcha-cicloturista-sin-estres\/#primaryimage"},"image":{"@id":"https:\/\/www.welovecycling.com\/es\/2018\/06\/21\/organizarme-una-marcha-cicloturista-sin-estres\/#primaryimage"},"thumbnailUrl":"https:\/\/d2p6e6u75xmxt8.cloudfront.net\/6\/2018\/06\/TOUR15.JPG.jpg","datePublished":"2018-06-21T07:26:07+00:00","author":{"@id":"https:\/\/www.welovecycling.com\/es\/#\/schema\/person\/deb61715b5812698ee79fb96f343ccd4"},"description":"Como organizarme una marcha cicloturista sin estres. Los pasos que debes seguir para llegar a tu evento cicloturista sin prisas y preparado para disfrutar.","breadcrumb":{"@id":"https:\/\/www.welovecycling.com\/es\/2018\/06\/21\/organizarme-una-marcha-cicloturista-sin-estres\/#breadcrumb"},"inLanguage":"es-ES","potentialAction":[{"@type":"ReadAction","target":["https:\/\/www.welovecycling.com\/es\/2018\/06\/21\/organizarme-una-marcha-cicloturista-sin-estres\/"]}]},{"@type":"ImageObject","inLanguage":"es-ES","@id":"https:\/\/www.welovecycling.com\/es\/2018\/06\/21\/organizarme-una-marcha-cicloturista-sin-estres\/#primaryimage","url":"https:\/\/d2p6e6u75xmxt8.cloudfront.net\/6\/2018\/06\/TOUR15.JPG.jpg","contentUrl":"https:\/\/d2p6e6u75xmxt8.cloudfront.net\/6\/2018\/06\/TOUR15.JPG.jpg","width":1024,"height":717},{"@type":"BreadcrumbList","@id":"https:\/\/www.welovecycling.com\/es\/2018\/06\/21\/organizarme-una-marcha-cicloturista-sin-estres\/#breadcrumb","itemListElement":[{"@type":"ListItem","position":1,"name":"Home","item":"https:\/\/www.welovecycling.com\/es\/"},{"@type":"ListItem","position":2,"name":"Consejos para organizarme una marcha cicloturista sin estr\u00e9s"}]},{"@type":"WebSite","@id":"https:\/\/www.welovecycling.com\/es\/#website","url":"https:\/\/www.welovecycling.com\/es\/","name":"\u0160koda We Love Cycling - Spain","description":"\u0160koda WeLoveCycling Spain","potentialAction":[{"@type":"SearchAction","target":{"@type":"EntryPoint","urlTemplate":"https:\/\/www.welovecycling.com\/es\/?s={search_term_string}"},"query-input":{"@type":"PropertyValueSpecification","valueRequired":true,"valueName":"search_term_string"}}],"inLanguage":"es-ES"},{"@type":"Person","@id":"https:\/\/www.welovecycling.com\/es\/#\/schema\/person\/deb61715b5812698ee79fb96f343ccd4","name":"We Love Cycling Spain","image":{"@type":"ImageObject","inLanguage":"es-ES","@id":"https:\/\/www.welovecycling.com\/es\/#\/schema\/person\/image\/","url":"https:\/\/secure.gravatar.com\/avatar\/c824b04e6df0e37a03219d0b6481672889df542894588964102459e46513159c?s=96&d=mm&r=g","contentUrl":"https:\/\/secure.gravatar.com\/avatar\/c824b04e6df0e37a03219d0b6481672889df542894588964102459e46513159c?s=96&d=mm&r=g","caption":"We Love Cycling Spain"},"url":"https:\/\/www.welovecycling.com\/es\/author\/amunoz\/"}]}},"_links":{"self":[{"href":"https:\/\/www.welovecycling.com\/es\/wp-json\/wp\/v2\/posts\/2938","targetHints":{"allow":["GET"]}}],"collection":[{"href":"https:\/\/www.welovecycling.com\/es\/wp-json\/wp\/v2\/posts"}],"about":[{"href":"https:\/\/www.welovecycling.com\/es\/wp-json\/wp\/v2\/types\/post"}],"author":[{"embeddable":true,"href":"https:\/\/www.welovecycling.com\/es\/wp-json\/wp\/v2\/users\/29"}],"replies":[{"embeddable":true,"href":"https:\/\/www.welovecycling.com\/es\/wp-json\/wp\/v2\/comments?post=2938"}],"version-history":[{"count":2,"href":"https:\/\/www.welovecycling.com\/es\/wp-json\/wp\/v2\/posts\/2938\/revisions"}],"predecessor-version":[{"id":2945,"href":"https:\/\/www.welovecycling.com\/es\/wp-json\/wp\/v2\/posts\/2938\/revisions\/2945"}],"wp:featuredmedia":[{"embeddable":true,"href":"https:\/\/www.welovecycling.com\/es\/wp-json\/wp\/v2\/media\/2939"}],"wp:attachment":[{"href":"https:\/\/www.welovecycling.com\/es\/wp-json\/wp\/v2\/media?parent=2938"}],"wp:term":[{"taxonomy":"category","embeddable":true,"href":"https:\/\/www.welovecycling.com\/es\/wp-json\/wp\/v2\/categories?post=2938"},{"taxonomy":"post_tag","embeddable":true,"href":"https:\/\/www.welovecycling.com\/es\/wp-json\/wp\/v2\/tags?post=2938"},{"taxonomy":"global-categories","embeddable":true,"href":"https:\/\/www.welovecycling.com\/es\/wp-json\/wp\/v2\/global-categories?post=2938"}],"curies":[{"name":"wp","href":"https:\/\/api.w.org\/{rel}","templated":true}]}}