{"id":2870,"date":"2018-06-12T16:37:50","date_gmt":"2018-06-12T14:37:50","guid":{"rendered":"https:\/\/www.welovecycling.com\/es\/?p=2870"},"modified":"2018-06-13T10:50:07","modified_gmt":"2018-06-13T08:50:07","slug":"giro-de-italia-distinto","status":"publish","type":"post","link":"https:\/\/www.welovecycling.com\/es\/2018\/06\/12\/giro-de-italia-distinto\/","title":{"rendered":"Un Giro de Italia distinto. Im\u00e1genes desde dentro de Roma"},"content":{"rendered":"<p><strong>Si algo tiene diferente el Giro de Italia al resto de las carreras es la pasi\u00f3n con la que la viven los aficionados. La corsa rosa es lo m\u00e1ximo para un italiano, la organizaci\u00f3n lo entiende, y permite recorrer sus carreteras poco tiempo antes de que pase el pelot\u00f3n. Lo que en cualquier lugar del mundo ser\u00eda un caos organizativo, en el Giro es una parte m\u00e1s de la carrera y que siempre acaba funcionando.\u00a0<\/strong><!--more--><br \/>\nEl final del Giro de 2018 en Roma no pod\u00eda ser menos. Pese a las dificultades de cerrar una ciudad como Roma al tr\u00e1fico, con turistas deambulando por todos los lados, adecuar adoquines y calles estrechas, los aficionados pudimos tener el privilegio de rodar por el mismo recorrido del Giro en la ciudad eterna.<\/p>\n<p>Eso s\u00ed. Antes hab\u00eda que calentar y Roma, al contrario de lo que muchos puedan pensar, es ideal para rodar en bicicleta. Su carril bici parte en el Trastevere pegado al r\u00edo T\u00edber y te permite salir de la ciudad sin tocar ning\u00fan coche y rodar con tranquilidad durante m\u00e1s de 30 kil\u00f3metros. Un entrenamiento perfecto para poner las piernas a punto antes de sumergirse en el recorrido de la \u00faltima etapa del Giro 2018.<\/p>\n<p><a href=\"https:\/\/www.strava.com\/activities\/1599193262\">La etapa en Strava &gt;<\/a><\/p>\n<p><a href=\"https:\/\/d2p6e6u75xmxt8.cloudfront.net\/6\/2018\/06\/GIRO-20018-11.JPG.jpg\"><img loading=\"lazy\" decoding=\"async\" class=\"aligncenter size-large wp-image-2889\" src=\"https:\/\/d2p6e6u75xmxt8.cloudfront.net\/6\/2018\/06\/GIRO-20018-11.JPG-1024x545.jpg\" alt=\"\" width=\"1024\" height=\"545\" srcset=\"https:\/\/d2p6e6u75xmxt8.cloudfront.net\/6\/2018\/06\/GIRO-20018-11.JPG.jpg 1024w, https:\/\/d2p6e6u75xmxt8.cloudfront.net\/6\/2018\/06\/GIRO-20018-11.JPG-300x160.jpg 300w, https:\/\/d2p6e6u75xmxt8.cloudfront.net\/6\/2018\/06\/GIRO-20018-11.JPG-768x409.jpg 768w\" sizes=\"auto, (max-width: 1024px) 100vw, 1024px\" \/><\/a><\/p>\n<p>Casi dos horas de tr\u00e1fico cerrado para ser los &#8216;reyes&#8217; de Roma con nuestra bicicleta. La salida en el Coliseo. Piazza Venezia, la subida adoquinada y el descenso hasta la Piazza del Popolo, la siempre repleta, Via del Corso, el paso por el Ayuntamiento de Roma, por el Teatro de Marcello, por los adoquines paralelos al Circo Massimo. La dureza de la corta subida alrededor de las Termas de Caracalla, el paso por contra meta y la zona de &#8216;boxes&#8217; de los equipos y el \u00faltimo kil\u00f3metro rodeando el Coliseo y los Foros Imperiales.<\/p>\n<p>Algo de lo que solo pudimos disfrutar un pu\u00f1ado de ciclistas privilegiados y solo una hora despu\u00e9s todo el pelot\u00f3n de supervivientes del Giro de Italia. Eso s\u00ed, los adoquines y la conservaci\u00f3n de las calles romanas obligaron a la organizaci\u00f3n a neutralizar la carrera cuando se llevaban tres vueltas. A\u00fan as\u00ed nos dejaron im\u00e1genes para el recuerdo.<\/p>\n<h2>El Giro desde el Coliseo<\/h2>\n<p><a href=\"https:\/\/d2p6e6u75xmxt8.cloudfront.net\/6\/2018\/06\/GIRO-20018-15.JPG.jpg\"><img loading=\"lazy\" decoding=\"async\" class=\"aligncenter size-large wp-image-2871\" src=\"https:\/\/d2p6e6u75xmxt8.cloudfront.net\/6\/2018\/06\/GIRO-20018-15.JPG-1024x419.jpg\" alt=\"\" width=\"1024\" height=\"419\" srcset=\"https:\/\/d2p6e6u75xmxt8.cloudfront.net\/6\/2018\/06\/GIRO-20018-15.JPG.jpg 1024w, https:\/\/d2p6e6u75xmxt8.cloudfront.net\/6\/2018\/06\/GIRO-20018-15.JPG-300x123.jpg 300w, https:\/\/d2p6e6u75xmxt8.cloudfront.net\/6\/2018\/06\/GIRO-20018-15.JPG-768x314.jpg 768w\" sizes=\"auto, (max-width: 1024px) 100vw, 1024px\" \/><br \/>\n<\/a> <a href=\"https:\/\/d2p6e6u75xmxt8.cloudfront.net\/6\/2018\/06\/GIRO-20018-16.JPG.jpg\"><img loading=\"lazy\" decoding=\"async\" class=\"aligncenter size-large wp-image-2872\" src=\"https:\/\/d2p6e6u75xmxt8.cloudfront.net\/6\/2018\/06\/GIRO-20018-16.JPG-1024x718.jpg\" alt=\"\" width=\"1024\" height=\"718\" srcset=\"https:\/\/d2p6e6u75xmxt8.cloudfront.net\/6\/2018\/06\/GIRO-20018-16.JPG.jpg 1024w, https:\/\/d2p6e6u75xmxt8.cloudfront.net\/6\/2018\/06\/GIRO-20018-16.JPG-300x210.jpg 300w, https:\/\/d2p6e6u75xmxt8.cloudfront.net\/6\/2018\/06\/GIRO-20018-16.JPG-768x539.jpg 768w\" sizes=\"auto, (max-width: 1024px) 100vw, 1024px\" \/><br \/>\n<\/a> <a href=\"https:\/\/d2p6e6u75xmxt8.cloudfront.net\/6\/2018\/06\/GIRO-20018-17.JPG.jpg\"><img loading=\"lazy\" decoding=\"async\" class=\"aligncenter size-large wp-image-2873\" src=\"https:\/\/d2p6e6u75xmxt8.cloudfront.net\/6\/2018\/06\/GIRO-20018-17.JPG-1024x706.jpg\" alt=\"\" width=\"1024\" height=\"706\" srcset=\"https:\/\/d2p6e6u75xmxt8.cloudfront.net\/6\/2018\/06\/GIRO-20018-17.JPG.jpg 1024w, https:\/\/d2p6e6u75xmxt8.cloudfront.net\/6\/2018\/06\/GIRO-20018-17.JPG-300x207.jpg 300w, https:\/\/d2p6e6u75xmxt8.cloudfront.net\/6\/2018\/06\/GIRO-20018-17.JPG-768x530.jpg 768w\" sizes=\"auto, (max-width: 1024px) 100vw, 1024px\" \/><br \/>\n<\/a> <a href=\"https:\/\/d2p6e6u75xmxt8.cloudfront.net\/6\/2018\/06\/GIRO-20018-18.JPG.jpg\"><img loading=\"lazy\" decoding=\"async\" class=\"aligncenter size-large wp-image-2874\" src=\"https:\/\/d2p6e6u75xmxt8.cloudfront.net\/6\/2018\/06\/GIRO-20018-18.JPG-1024x768.jpg\" alt=\"\" width=\"1024\" height=\"768\" srcset=\"https:\/\/d2p6e6u75xmxt8.cloudfront.net\/6\/2018\/06\/GIRO-20018-18.JPG.jpg 1024w, https:\/\/d2p6e6u75xmxt8.cloudfront.net\/6\/2018\/06\/GIRO-20018-18.JPG-300x225.jpg 300w, https:\/\/d2p6e6u75xmxt8.cloudfront.net\/6\/2018\/06\/GIRO-20018-18.JPG-768x576.jpg 768w\" sizes=\"auto, (max-width: 1024px) 100vw, 1024px\" \/><br \/>\n<\/a> <a href=\"https:\/\/d2p6e6u75xmxt8.cloudfront.net\/6\/2018\/06\/GIRO-20018-19.JPG.jpg\"><img loading=\"lazy\" decoding=\"async\" class=\"aligncenter size-large wp-image-2875\" src=\"https:\/\/d2p6e6u75xmxt8.cloudfront.net\/6\/2018\/06\/GIRO-20018-19.JPG-1024x761.jpg\" alt=\"\" width=\"1024\" height=\"761\" srcset=\"https:\/\/d2p6e6u75xmxt8.cloudfront.net\/6\/2018\/06\/GIRO-20018-19.JPG.jpg 1024w, https:\/\/d2p6e6u75xmxt8.cloudfront.net\/6\/2018\/06\/GIRO-20018-19.JPG-300x223.jpg 300w, https:\/\/d2p6e6u75xmxt8.cloudfront.net\/6\/2018\/06\/GIRO-20018-19.JPG-768x571.jpg 768w\" sizes=\"auto, (max-width: 1024px) 100vw, 1024px\" \/><br \/>\n<\/a> <a href=\"https:\/\/d2p6e6u75xmxt8.cloudfront.net\/6\/2018\/06\/GIRO-20018-20.JPG.jpg\"><img loading=\"lazy\" decoding=\"async\" class=\"aligncenter size-large wp-image-2876\" src=\"https:\/\/d2p6e6u75xmxt8.cloudfront.net\/6\/2018\/06\/GIRO-20018-20.JPG-1024x768.jpg\" alt=\"\" width=\"1024\" height=\"768\" srcset=\"https:\/\/d2p6e6u75xmxt8.cloudfront.net\/6\/2018\/06\/GIRO-20018-20.JPG.jpg 1024w, https:\/\/d2p6e6u75xmxt8.cloudfront.net\/6\/2018\/06\/GIRO-20018-20.JPG-300x225.jpg 300w, https:\/\/d2p6e6u75xmxt8.cloudfront.net\/6\/2018\/06\/GIRO-20018-20.JPG-768x576.jpg 768w\" sizes=\"auto, (max-width: 1024px) 100vw, 1024px\" \/><br \/>\n<\/a> <a href=\"https:\/\/d2p6e6u75xmxt8.cloudfront.net\/6\/2018\/06\/GIRO-20018-21.JPG.jpg\"><img loading=\"lazy\" decoding=\"async\" class=\"aligncenter size-large wp-image-2877\" src=\"https:\/\/d2p6e6u75xmxt8.cloudfront.net\/6\/2018\/06\/GIRO-20018-21.JPG-1024x768.jpg\" alt=\"\" width=\"1024\" height=\"768\" srcset=\"https:\/\/d2p6e6u75xmxt8.cloudfront.net\/6\/2018\/06\/GIRO-20018-21.JPG.jpg 1024w, https:\/\/d2p6e6u75xmxt8.cloudfront.net\/6\/2018\/06\/GIRO-20018-21.JPG-300x225.jpg 300w, https:\/\/d2p6e6u75xmxt8.cloudfront.net\/6\/2018\/06\/GIRO-20018-21.JPG-768x576.jpg 768w\" sizes=\"auto, (max-width: 1024px) 100vw, 1024px\" \/><br \/>\n<\/a> <a href=\"https:\/\/d2p6e6u75xmxt8.cloudfront.net\/6\/2018\/06\/GIRO-20018-22.JPG.jpg\"><img loading=\"lazy\" decoding=\"async\" class=\"aligncenter size-large wp-image-2878\" src=\"https:\/\/d2p6e6u75xmxt8.cloudfront.net\/6\/2018\/06\/GIRO-20018-22.JPG-1024x768.jpg\" alt=\"\" width=\"1024\" height=\"768\" srcset=\"https:\/\/d2p6e6u75xmxt8.cloudfront.net\/6\/2018\/06\/GIRO-20018-22.JPG.jpg 1024w, https:\/\/d2p6e6u75xmxt8.cloudfront.net\/6\/2018\/06\/GIRO-20018-22.JPG-300x225.jpg 300w, https:\/\/d2p6e6u75xmxt8.cloudfront.net\/6\/2018\/06\/GIRO-20018-22.JPG-768x576.jpg 768w\" sizes=\"auto, (max-width: 1024px) 100vw, 1024px\" \/><br \/>\n<\/a> <a href=\"https:\/\/d2p6e6u75xmxt8.cloudfront.net\/6\/2018\/06\/GIRO-20018-23.JPG.jpg\"><img loading=\"lazy\" decoding=\"async\" class=\"aligncenter size-large wp-image-2879\" src=\"https:\/\/d2p6e6u75xmxt8.cloudfront.net\/6\/2018\/06\/GIRO-20018-23.JPG-1024x768.jpg\" alt=\"\" width=\"1024\" height=\"768\" srcset=\"https:\/\/d2p6e6u75xmxt8.cloudfront.net\/6\/2018\/06\/GIRO-20018-23.JPG.jpg 1024w, https:\/\/d2p6e6u75xmxt8.cloudfront.net\/6\/2018\/06\/GIRO-20018-23.JPG-300x225.jpg 300w, https:\/\/d2p6e6u75xmxt8.cloudfront.net\/6\/2018\/06\/GIRO-20018-23.JPG-768x576.jpg 768w\" sizes=\"auto, (max-width: 1024px) 100vw, 1024px\" \/><br \/>\n<\/a> <a href=\"https:\/\/d2p6e6u75xmxt8.cloudfront.net\/6\/2018\/06\/GIRO-20018-24.JPG.jpg\"><img loading=\"lazy\" decoding=\"async\" class=\"aligncenter size-large wp-image-2880\" src=\"https:\/\/d2p6e6u75xmxt8.cloudfront.net\/6\/2018\/06\/GIRO-20018-24.JPG-1024x768.jpg\" alt=\"\" width=\"1024\" height=\"768\" srcset=\"https:\/\/d2p6e6u75xmxt8.cloudfront.net\/6\/2018\/06\/GIRO-20018-24.JPG.jpg 1024w, https:\/\/d2p6e6u75xmxt8.cloudfront.net\/6\/2018\/06\/GIRO-20018-24.JPG-300x225.jpg 300w, https:\/\/d2p6e6u75xmxt8.cloudfront.net\/6\/2018\/06\/GIRO-20018-24.JPG-768x576.jpg 768w\" sizes=\"auto, (max-width: 1024px) 100vw, 1024px\" \/><br \/>\n<\/a> <a href=\"https:\/\/d2p6e6u75xmxt8.cloudfront.net\/6\/2018\/06\/GIRO-20018-25.JPG.jpg\"><img loading=\"lazy\" decoding=\"async\" class=\"aligncenter size-large wp-image-2881\" src=\"https:\/\/d2p6e6u75xmxt8.cloudfront.net\/6\/2018\/06\/GIRO-20018-25.JPG-1024x786.jpg\" alt=\"\" width=\"1024\" height=\"786\" srcset=\"https:\/\/d2p6e6u75xmxt8.cloudfront.net\/6\/2018\/06\/GIRO-20018-25.JPG.jpg 1024w, https:\/\/d2p6e6u75xmxt8.cloudfront.net\/6\/2018\/06\/GIRO-20018-25.JPG-300x230.jpg 300w, https:\/\/d2p6e6u75xmxt8.cloudfront.net\/6\/2018\/06\/GIRO-20018-25.JPG-768x590.jpg 768w\" sizes=\"auto, (max-width: 1024px) 100vw, 1024px\" \/><br \/>\n<\/a> <a href=\"https:\/\/d2p6e6u75xmxt8.cloudfront.net\/6\/2018\/06\/GIRO-20018-26.JPG.jpg\"><img loading=\"lazy\" decoding=\"async\" class=\"aligncenter size-large wp-image-2882\" src=\"https:\/\/d2p6e6u75xmxt8.cloudfront.net\/6\/2018\/06\/GIRO-20018-26.JPG-1024x768.jpg\" alt=\"\" width=\"1024\" height=\"768\" srcset=\"https:\/\/d2p6e6u75xmxt8.cloudfront.net\/6\/2018\/06\/GIRO-20018-26.JPG.jpg 1024w, https:\/\/d2p6e6u75xmxt8.cloudfront.net\/6\/2018\/06\/GIRO-20018-26.JPG-300x225.jpg 300w, https:\/\/d2p6e6u75xmxt8.cloudfront.net\/6\/2018\/06\/GIRO-20018-26.JPG-768x576.jpg 768w\" sizes=\"auto, (max-width: 1024px) 100vw, 1024px\" \/><br \/>\n<\/a> <a href=\"https:\/\/d2p6e6u75xmxt8.cloudfront.net\/6\/2018\/06\/GIRO-20018-27.JPG.jpg\"><img loading=\"lazy\" decoding=\"async\" class=\"aligncenter size-large wp-image-2883\" src=\"https:\/\/d2p6e6u75xmxt8.cloudfront.net\/6\/2018\/06\/GIRO-20018-27.JPG-1024x478.jpg\" alt=\"\" width=\"1024\" height=\"478\" srcset=\"https:\/\/d2p6e6u75xmxt8.cloudfront.net\/6\/2018\/06\/GIRO-20018-27.JPG.jpg 1024w, https:\/\/d2p6e6u75xmxt8.cloudfront.net\/6\/2018\/06\/GIRO-20018-27.JPG-300x140.jpg 300w, https:\/\/d2p6e6u75xmxt8.cloudfront.net\/6\/2018\/06\/GIRO-20018-27.JPG-768x359.jpg 768w\" sizes=\"auto, (max-width: 1024px) 100vw, 1024px\" \/><br \/>\n<\/a> <a href=\"https:\/\/d2p6e6u75xmxt8.cloudfront.net\/6\/2018\/06\/GIRO-20018-28.JPG.jpg\"><img loading=\"lazy\" decoding=\"async\" class=\"aligncenter size-large wp-image-2884\" src=\"https:\/\/d2p6e6u75xmxt8.cloudfront.net\/6\/2018\/06\/GIRO-20018-28.JPG-1024x768.jpg\" alt=\"\" width=\"1024\" height=\"768\" srcset=\"https:\/\/d2p6e6u75xmxt8.cloudfront.net\/6\/2018\/06\/GIRO-20018-28.JPG.jpg 1024w, https:\/\/d2p6e6u75xmxt8.cloudfront.net\/6\/2018\/06\/GIRO-20018-28.JPG-300x225.jpg 300w, https:\/\/d2p6e6u75xmxt8.cloudfront.net\/6\/2018\/06\/GIRO-20018-28.JPG-768x576.jpg 768w\" sizes=\"auto, (max-width: 1024px) 100vw, 1024px\" \/><br \/>\n<\/a> <a href=\"https:\/\/d2p6e6u75xmxt8.cloudfront.net\/6\/2018\/06\/GIRO-20018-29.JPG.jpg\"><img loading=\"lazy\" decoding=\"async\" class=\"aligncenter size-large wp-image-2885\" src=\"https:\/\/d2p6e6u75xmxt8.cloudfront.net\/6\/2018\/06\/GIRO-20018-29.JPG-1024x768.jpg\" alt=\"\" width=\"1024\" height=\"768\" srcset=\"https:\/\/d2p6e6u75xmxt8.cloudfront.net\/6\/2018\/06\/GIRO-20018-29.JPG.jpg 1024w, https:\/\/d2p6e6u75xmxt8.cloudfront.net\/6\/2018\/06\/GIRO-20018-29.JPG-300x225.jpg 300w, https:\/\/d2p6e6u75xmxt8.cloudfront.net\/6\/2018\/06\/GIRO-20018-29.JPG-768x576.jpg 768w\" sizes=\"auto, (max-width: 1024px) 100vw, 1024px\" \/><br \/>\n<\/a> <a href=\"https:\/\/d2p6e6u75xmxt8.cloudfront.net\/6\/2018\/06\/GIRO-20018-30.JPG.jpg\"><img loading=\"lazy\" decoding=\"async\" class=\"aligncenter size-large wp-image-2886\" src=\"https:\/\/d2p6e6u75xmxt8.cloudfront.net\/6\/2018\/06\/GIRO-20018-30.JPG-1024x512.jpg\" alt=\"\" width=\"1024\" height=\"512\" srcset=\"https:\/\/d2p6e6u75xmxt8.cloudfront.net\/6\/2018\/06\/GIRO-20018-30.JPG.jpg 1024w, https:\/\/d2p6e6u75xmxt8.cloudfront.net\/6\/2018\/06\/GIRO-20018-30.JPG-300x150.jpg 300w, https:\/\/d2p6e6u75xmxt8.cloudfront.net\/6\/2018\/06\/GIRO-20018-30.JPG-768x384.jpg 768w\" sizes=\"auto, (max-width: 1024px) 100vw, 1024px\" \/><br \/>\n<\/a><\/p>\n<p><a href=\"https:\/\/d2p6e6u75xmxt8.cloudfront.net\/6\/2018\/06\/IMG_20180527_160537_651.jpg\"><img loading=\"lazy\" decoding=\"async\" class=\"aligncenter size-large wp-image-2887\" src=\"https:\/\/d2p6e6u75xmxt8.cloudfront.net\/6\/2018\/06\/IMG_20180527_160537_651-1024x768.jpg\" alt=\"\" width=\"1024\" height=\"768\" srcset=\"https:\/\/d2p6e6u75xmxt8.cloudfront.net\/6\/2018\/06\/IMG_20180527_160537_651-1024x768.jpg 1024w, https:\/\/d2p6e6u75xmxt8.cloudfront.net\/6\/2018\/06\/IMG_20180527_160537_651-300x225.jpg 300w, https:\/\/d2p6e6u75xmxt8.cloudfront.net\/6\/2018\/06\/IMG_20180527_160537_651-768x576.jpg 768w, https:\/\/d2p6e6u75xmxt8.cloudfront.net\/6\/2018\/06\/IMG_20180527_160537_651-1920x1440.jpg 1920w, https:\/\/d2p6e6u75xmxt8.cloudfront.net\/6\/2018\/06\/IMG_20180527_160537_651.jpg 2048w, https:\/\/d2p6e6u75xmxt8.cloudfront.net\/6\/2018\/06\/IMG_20180527_160537_651-1920x1440.jpg 1920w\" sizes=\"auto, (max-width: 1024px) 100vw, 1024px\" \/><br \/>\n<\/a> <a href=\"https:\/\/d2p6e6u75xmxt8.cloudfront.net\/6\/2018\/06\/IMG_20180527_162722_553.jpg\"><img loading=\"lazy\" decoding=\"async\" class=\"aligncenter size-large wp-image-2888\" src=\"https:\/\/d2p6e6u75xmxt8.cloudfront.net\/6\/2018\/06\/IMG_20180527_162722_553-1024x768.jpg\" alt=\"\" width=\"1024\" height=\"768\" srcset=\"https:\/\/d2p6e6u75xmxt8.cloudfront.net\/6\/2018\/06\/IMG_20180527_162722_553-1024x768.jpg 1024w, https:\/\/d2p6e6u75xmxt8.cloudfront.net\/6\/2018\/06\/IMG_20180527_162722_553-300x225.jpg 300w, https:\/\/d2p6e6u75xmxt8.cloudfront.net\/6\/2018\/06\/IMG_20180527_162722_553-768x576.jpg 768w, https:\/\/d2p6e6u75xmxt8.cloudfront.net\/6\/2018\/06\/IMG_20180527_162722_553-1920x1440.jpg 1920w, https:\/\/d2p6e6u75xmxt8.cloudfront.net\/6\/2018\/06\/IMG_20180527_162722_553.jpg 2048w, https:\/\/d2p6e6u75xmxt8.cloudfront.net\/6\/2018\/06\/IMG_20180527_162722_553-1920x1440.jpg 1920w\" sizes=\"auto, (max-width: 1024px) 100vw, 1024px\" \/><br \/>\n<\/a><\/p>\n","protected":false},"excerpt":{"rendered":"<p>Si algo tiene diferente el Giro de Italia al resto de las carreras es la pasi\u00f3n con la que la [&hellip;]<\/p>\n","protected":false},"author":29,"featured_media":2883,"comment_status":"open","ping_status":"open","sticky":false,"template":"","format":"standard","meta":{"footnotes":""},"categories":[7],"tags":[485,484,483,253,482],"global-categories":[],"class_list":["post-2870","post","type-post","status-publish","format-standard","has-post-thumbnail","hentry","category-carretera","tag-alquiler-bicicleta-roma","tag-bicicleta-en-roma","tag-fotos-giro-de-italia","tag-giro-2018","tag-giro-de-italia-en-roma"],"yoast_head":"<!-- This site is optimized with the Yoast SEO Premium plugin v25.3 (Yoast SEO v25.9) - https:\/\/yoast.com\/wordpress\/plugins\/seo\/ -->\n<title>Un Giro de Italia distinto. Im\u00e1genes desde dentro de Roma - \u0160koda We Love Cycling - Spain<\/title>\n<meta name=\"description\" content=\"Si algo tiene diferente el Giro de Italia al resto de las carreras es la pasi\u00f3n con la que la viven los aficionados. Nosotros pudimos rodar por dentro de Roma solo unas horas del final del Giro 2018.\" \/>\n<meta name=\"robots\" content=\"index, follow, max-snippet:-1, max-image-preview:large, max-video-preview:-1\" \/>\n<link rel=\"canonical\" href=\"https:\/\/www.welovecycling.com\/es\/2018\/06\/12\/giro-de-italia-distinto\/\" \/>\n<meta property=\"og:locale\" content=\"es_ES\" \/>\n<meta property=\"og:type\" content=\"article\" \/>\n<meta property=\"og:title\" content=\"Un Giro de Italia distinto. Im\u00e1genes desde dentro de Roma\" \/>\n<meta property=\"og:description\" content=\"Si algo tiene diferente el Giro de Italia al resto de las carreras es la pasi\u00f3n con la que la viven los aficionados. Nosotros pudimos rodar por dentro de Roma solo unas horas del final del Giro 2018.\" \/>\n<meta property=\"og:url\" content=\"https:\/\/www.welovecycling.com\/es\/2018\/06\/12\/giro-de-italia-distinto\/\" \/>\n<meta property=\"og:site_name\" content=\"\u0160koda We Love Cycling - Spain\" \/>\n<meta property=\"article:published_time\" content=\"2018-06-12T14:37:50+00:00\" \/>\n<meta property=\"article:modified_time\" content=\"2018-06-13T08:50:07+00:00\" \/>\n<meta property=\"og:image\" content=\"https:\/\/d2p6e6u75xmxt8.cloudfront.net\/6\/2018\/06\/GIRO-20018-27.JPG.jpg\" \/>\n\t<meta property=\"og:image:width\" content=\"1024\" \/>\n\t<meta property=\"og:image:height\" content=\"478\" \/>\n\t<meta property=\"og:image:type\" content=\"image\/jpeg\" \/>\n<meta name=\"author\" content=\"We Love Cycling Spain\" \/>\n<meta name=\"twitter:card\" content=\"summary_large_image\" \/>\n<meta name=\"twitter:title\" content=\"Un Giro de Italia distinto. Im\u00e1genes desde dentro de Roma\" \/>\n<meta name=\"twitter:description\" content=\"Si algo tiene diferente el Giro de Italia al resto de las carreras es la pasi\u00f3n con la que la viven los aficionados. Nosotros pudimos rodar por dentro de Roma solo unas horas del final del Giro 2018.\" \/>\n<meta name=\"twitter:label1\" content=\"Written by\" \/>\n\t<meta name=\"twitter:data1\" content=\"Luis Ortega @ciclored\" \/>\n\t<meta name=\"twitter:label2\" content=\"Est. reading time\" \/>\n\t<meta name=\"twitter:data2\" content=\"2 minutes\" \/>\n<script type=\"application\/ld+json\" class=\"yoast-schema-graph\">{\"@context\":\"https:\/\/schema.org\",\"@graph\":[{\"@type\":\"WebPage\",\"@id\":\"https:\/\/www.welovecycling.com\/es\/2018\/06\/12\/giro-de-italia-distinto\/\",\"url\":\"https:\/\/www.welovecycling.com\/es\/2018\/06\/12\/giro-de-italia-distinto\/\",\"name\":\"Un Giro de Italia distinto. Im\u00e1genes desde dentro de Roma - \u0160koda We Love Cycling - Spain\",\"isPartOf\":{\"@id\":\"https:\/\/www.welovecycling.com\/es\/#website\"},\"primaryImageOfPage\":{\"@id\":\"https:\/\/www.welovecycling.com\/es\/2018\/06\/12\/giro-de-italia-distinto\/#primaryimage\"},\"image\":{\"@id\":\"https:\/\/www.welovecycling.com\/es\/2018\/06\/12\/giro-de-italia-distinto\/#primaryimage\"},\"thumbnailUrl\":\"https:\/\/d2p6e6u75xmxt8.cloudfront.net\/6\/2018\/06\/GIRO-20018-27.JPG.jpg\",\"datePublished\":\"2018-06-12T14:37:50+00:00\",\"dateModified\":\"2018-06-13T08:50:07+00:00\",\"author\":{\"@id\":\"https:\/\/www.welovecycling.com\/es\/#\/schema\/person\/deb61715b5812698ee79fb96f343ccd4\"},\"description\":\"Si algo tiene diferente el Giro de Italia al resto de las carreras es la pasi\u00f3n con la que la viven los aficionados. Nosotros pudimos rodar por dentro de Roma solo unas horas del final del Giro 2018.\",\"breadcrumb\":{\"@id\":\"https:\/\/www.welovecycling.com\/es\/2018\/06\/12\/giro-de-italia-distinto\/#breadcrumb\"},\"inLanguage\":\"es-ES\",\"potentialAction\":[{\"@type\":\"ReadAction\",\"target\":[\"https:\/\/www.welovecycling.com\/es\/2018\/06\/12\/giro-de-italia-distinto\/\"]}]},{\"@type\":\"ImageObject\",\"inLanguage\":\"es-ES\",\"@id\":\"https:\/\/www.welovecycling.com\/es\/2018\/06\/12\/giro-de-italia-distinto\/#primaryimage\",\"url\":\"https:\/\/d2p6e6u75xmxt8.cloudfront.net\/6\/2018\/06\/GIRO-20018-27.JPG.jpg\",\"contentUrl\":\"https:\/\/d2p6e6u75xmxt8.cloudfront.net\/6\/2018\/06\/GIRO-20018-27.JPG.jpg\",\"width\":1024,\"height\":478},{\"@type\":\"BreadcrumbList\",\"@id\":\"https:\/\/www.welovecycling.com\/es\/2018\/06\/12\/giro-de-italia-distinto\/#breadcrumb\",\"itemListElement\":[{\"@type\":\"ListItem\",\"position\":1,\"name\":\"Home\",\"item\":\"https:\/\/www.welovecycling.com\/es\/\"},{\"@type\":\"ListItem\",\"position\":2,\"name\":\"Un Giro de Italia distinto. Im\u00e1genes desde dentro de Roma\"}]},{\"@type\":\"WebSite\",\"@id\":\"https:\/\/www.welovecycling.com\/es\/#website\",\"url\":\"https:\/\/www.welovecycling.com\/es\/\",\"name\":\"\u0160koda We Love Cycling - Spain\",\"description\":\"\u0160koda WeLoveCycling Spain\",\"potentialAction\":[{\"@type\":\"SearchAction\",\"target\":{\"@type\":\"EntryPoint\",\"urlTemplate\":\"https:\/\/www.welovecycling.com\/es\/?s={search_term_string}\"},\"query-input\":{\"@type\":\"PropertyValueSpecification\",\"valueRequired\":true,\"valueName\":\"search_term_string\"}}],\"inLanguage\":\"es-ES\"},{\"@type\":\"Person\",\"@id\":\"https:\/\/www.welovecycling.com\/es\/#\/schema\/person\/deb61715b5812698ee79fb96f343ccd4\",\"name\":\"We Love Cycling Spain\",\"image\":{\"@type\":\"ImageObject\",\"inLanguage\":\"es-ES\",\"@id\":\"https:\/\/www.welovecycling.com\/es\/#\/schema\/person\/image\/\",\"url\":\"https:\/\/secure.gravatar.com\/avatar\/c824b04e6df0e37a03219d0b6481672889df542894588964102459e46513159c?s=96&d=mm&r=g\",\"contentUrl\":\"https:\/\/secure.gravatar.com\/avatar\/c824b04e6df0e37a03219d0b6481672889df542894588964102459e46513159c?s=96&d=mm&r=g\",\"caption\":\"We Love Cycling Spain\"},\"url\":\"https:\/\/www.welovecycling.com\/es\/author\/amunoz\/\"}]}<\/script>\n<!-- \/ Yoast SEO Premium plugin. -->","yoast_head_json":{"title":"Un Giro de Italia distinto. Im\u00e1genes desde dentro de Roma - \u0160koda We Love Cycling - Spain","description":"Si algo tiene diferente el Giro de Italia al resto de las carreras es la pasi\u00f3n con la que la viven los aficionados. Nosotros pudimos rodar por dentro de Roma solo unas horas del final del Giro 2018.","robots":{"index":"index","follow":"follow","max-snippet":"max-snippet:-1","max-image-preview":"max-image-preview:large","max-video-preview":"max-video-preview:-1"},"canonical":"https:\/\/www.welovecycling.com\/es\/2018\/06\/12\/giro-de-italia-distinto\/","og_locale":"es_ES","og_type":"article","og_title":"Un Giro de Italia distinto. Im\u00e1genes desde dentro de Roma","og_description":"Si algo tiene diferente el Giro de Italia al resto de las carreras es la pasi\u00f3n con la que la viven los aficionados. Nosotros pudimos rodar por dentro de Roma solo unas horas del final del Giro 2018.","og_url":"https:\/\/www.welovecycling.com\/es\/2018\/06\/12\/giro-de-italia-distinto\/","og_site_name":"\u0160koda We Love Cycling - Spain","article_published_time":"2018-06-12T14:37:50+00:00","article_modified_time":"2018-06-13T08:50:07+00:00","og_image":[{"width":1024,"height":478,"url":"https:\/\/d2p6e6u75xmxt8.cloudfront.net\/6\/2018\/06\/GIRO-20018-27.JPG.jpg","type":"image\/jpeg"}],"author":"We Love Cycling Spain","twitter_card":"summary_large_image","twitter_title":"Un Giro de Italia distinto. Im\u00e1genes desde dentro de Roma","twitter_description":"Si algo tiene diferente el Giro de Italia al resto de las carreras es la pasi\u00f3n con la que la viven los aficionados. Nosotros pudimos rodar por dentro de Roma solo unas horas del final del Giro 2018.","twitter_misc":{"Written by":"Luis Ortega @ciclored","Est. reading time":"2 minutes"},"schema":{"@context":"https:\/\/schema.org","@graph":[{"@type":"WebPage","@id":"https:\/\/www.welovecycling.com\/es\/2018\/06\/12\/giro-de-italia-distinto\/","url":"https:\/\/www.welovecycling.com\/es\/2018\/06\/12\/giro-de-italia-distinto\/","name":"Un Giro de Italia distinto. Im\u00e1genes desde dentro de Roma - \u0160koda We Love Cycling - Spain","isPartOf":{"@id":"https:\/\/www.welovecycling.com\/es\/#website"},"primaryImageOfPage":{"@id":"https:\/\/www.welovecycling.com\/es\/2018\/06\/12\/giro-de-italia-distinto\/#primaryimage"},"image":{"@id":"https:\/\/www.welovecycling.com\/es\/2018\/06\/12\/giro-de-italia-distinto\/#primaryimage"},"thumbnailUrl":"https:\/\/d2p6e6u75xmxt8.cloudfront.net\/6\/2018\/06\/GIRO-20018-27.JPG.jpg","datePublished":"2018-06-12T14:37:50+00:00","dateModified":"2018-06-13T08:50:07+00:00","author":{"@id":"https:\/\/www.welovecycling.com\/es\/#\/schema\/person\/deb61715b5812698ee79fb96f343ccd4"},"description":"Si algo tiene diferente el Giro de Italia al resto de las carreras es la pasi\u00f3n con la que la viven los aficionados. Nosotros pudimos rodar por dentro de Roma solo unas horas del final del Giro 2018.","breadcrumb":{"@id":"https:\/\/www.welovecycling.com\/es\/2018\/06\/12\/giro-de-italia-distinto\/#breadcrumb"},"inLanguage":"es-ES","potentialAction":[{"@type":"ReadAction","target":["https:\/\/www.welovecycling.com\/es\/2018\/06\/12\/giro-de-italia-distinto\/"]}]},{"@type":"ImageObject","inLanguage":"es-ES","@id":"https:\/\/www.welovecycling.com\/es\/2018\/06\/12\/giro-de-italia-distinto\/#primaryimage","url":"https:\/\/d2p6e6u75xmxt8.cloudfront.net\/6\/2018\/06\/GIRO-20018-27.JPG.jpg","contentUrl":"https:\/\/d2p6e6u75xmxt8.cloudfront.net\/6\/2018\/06\/GIRO-20018-27.JPG.jpg","width":1024,"height":478},{"@type":"BreadcrumbList","@id":"https:\/\/www.welovecycling.com\/es\/2018\/06\/12\/giro-de-italia-distinto\/#breadcrumb","itemListElement":[{"@type":"ListItem","position":1,"name":"Home","item":"https:\/\/www.welovecycling.com\/es\/"},{"@type":"ListItem","position":2,"name":"Un Giro de Italia distinto. Im\u00e1genes desde dentro de Roma"}]},{"@type":"WebSite","@id":"https:\/\/www.welovecycling.com\/es\/#website","url":"https:\/\/www.welovecycling.com\/es\/","name":"\u0160koda We Love Cycling - Spain","description":"\u0160koda WeLoveCycling Spain","potentialAction":[{"@type":"SearchAction","target":{"@type":"EntryPoint","urlTemplate":"https:\/\/www.welovecycling.com\/es\/?s={search_term_string}"},"query-input":{"@type":"PropertyValueSpecification","valueRequired":true,"valueName":"search_term_string"}}],"inLanguage":"es-ES"},{"@type":"Person","@id":"https:\/\/www.welovecycling.com\/es\/#\/schema\/person\/deb61715b5812698ee79fb96f343ccd4","name":"We Love Cycling Spain","image":{"@type":"ImageObject","inLanguage":"es-ES","@id":"https:\/\/www.welovecycling.com\/es\/#\/schema\/person\/image\/","url":"https:\/\/secure.gravatar.com\/avatar\/c824b04e6df0e37a03219d0b6481672889df542894588964102459e46513159c?s=96&d=mm&r=g","contentUrl":"https:\/\/secure.gravatar.com\/avatar\/c824b04e6df0e37a03219d0b6481672889df542894588964102459e46513159c?s=96&d=mm&r=g","caption":"We Love Cycling Spain"},"url":"https:\/\/www.welovecycling.com\/es\/author\/amunoz\/"}]}},"_links":{"self":[{"href":"https:\/\/www.welovecycling.com\/es\/wp-json\/wp\/v2\/posts\/2870","targetHints":{"allow":["GET"]}}],"collection":[{"href":"https:\/\/www.welovecycling.com\/es\/wp-json\/wp\/v2\/posts"}],"about":[{"href":"https:\/\/www.welovecycling.com\/es\/wp-json\/wp\/v2\/types\/post"}],"author":[{"embeddable":true,"href":"https:\/\/www.welovecycling.com\/es\/wp-json\/wp\/v2\/users\/29"}],"replies":[{"embeddable":true,"href":"https:\/\/www.welovecycling.com\/es\/wp-json\/wp\/v2\/comments?post=2870"}],"version-history":[{"count":2,"href":"https:\/\/www.welovecycling.com\/es\/wp-json\/wp\/v2\/posts\/2870\/revisions"}],"predecessor-version":[{"id":2892,"href":"https:\/\/www.welovecycling.com\/es\/wp-json\/wp\/v2\/posts\/2870\/revisions\/2892"}],"wp:featuredmedia":[{"embeddable":true,"href":"https:\/\/www.welovecycling.com\/es\/wp-json\/wp\/v2\/media\/2883"}],"wp:attachment":[{"href":"https:\/\/www.welovecycling.com\/es\/wp-json\/wp\/v2\/media?parent=2870"}],"wp:term":[{"taxonomy":"category","embeddable":true,"href":"https:\/\/www.welovecycling.com\/es\/wp-json\/wp\/v2\/categories?post=2870"},{"taxonomy":"post_tag","embeddable":true,"href":"https:\/\/www.welovecycling.com\/es\/wp-json\/wp\/v2\/tags?post=2870"},{"taxonomy":"global-categories","embeddable":true,"href":"https:\/\/www.welovecycling.com\/es\/wp-json\/wp\/v2\/global-categories?post=2870"}],"curies":[{"name":"wp","href":"https:\/\/api.w.org\/{rel}","templated":true}]}}