{"id":2835,"date":"2018-06-05T10:04:56","date_gmt":"2018-06-05T08:04:56","guid":{"rendered":"https:\/\/www.welovecycling.com\/es\/?p=2835"},"modified":"2018-06-05T10:04:56","modified_gmt":"2018-06-05T08:04:56","slug":"conoce-tu-pedalier","status":"publish","type":"post","link":"https:\/\/www.welovecycling.com\/es\/2018\/06\/05\/conoce-tu-pedalier\/","title":{"rendered":"Conoce tu pedalier \u00bfQu\u00e9 desarrollo utilizar?"},"content":{"rendered":"<p><strong>El eje de pedalier es el primer punto de la bicicleta en el que los esfuerzos se multiplican por el cambio de marchas y, sin embargo, los ciclistas que buscan mejorar su rendimiento a menudo se ven seducidos por consideraciones m\u00e1s triviales como el material del cuadro&#8230; y la ropa.\u00a0 Hagamos una reflexi\u00f3n sobre el pedalier y su uso.<\/strong><!--more--><\/p>\n<h2><strong>Longitud de la biela<\/strong><\/h2>\n<p>Sea honesto, cuando compr\u00f3\u00a0 su primera bicicleta para entrenar, \u00bfse par\u00f3 en alg\u00fan momento a pensar que longitud de biela ten\u00eda? Con un poco de suerte el vendedor le pudo orientar, o no?<\/p>\n<p>Si sus bielas son demasiado largas sus rodillas podr\u00edan estar sobre flexionadas, causando incomodidad, tal vez incluso lesiones. Demasiado cortas no hacen que sufras efectos negativos, pero est\u00e1s renunciando al principio de que la longitud de la bielas amplifica la fuerza que aplicas. Encuentra tu longitud de biela ideal.<\/p>\n<p>&nbsp;<\/p>\n<h2><strong>C\u00f3mo funciona?<\/strong><\/h2>\n<p>Es sencillo. El n\u00famero de dientes de lo platos es clave para usted. Cu\u00e9ntelos y le dat\u00e1 un n\u00famero &#8211; este pedalier de bicicleta de monta\u00f1a <a href=\"http:\/\/www.chainreactioncycles.com\/es\/es\/bielas-sram-x01-eagle-dub-dm\/rp-prod170654\">SRAM tiene 32 dientes<\/a>, as\u00ed que usted lo llamar\u00eda un 32. Cuanto m\u00e1s alto sea ese n\u00famero, m\u00e1s dif\u00edcil ser\u00e1 la aceleraci\u00f3n, pero mantener una velocidad m\u00e1xima es m\u00e1s econ\u00f3mico.<\/p>\n<p>Wiggins opt\u00f3 por un plato de 58 para su r\u00e9cord de la hora &#8211; perfecto para un atleta profesional en un vel\u00f3dromo, donde cambiar la velocidad es menos importante que la eficiencia.\u00a0 En comparaci\u00f3n, el SRAM mencionado anteriormente es para los ciclistas de monta\u00f1a que necesitan agilidad, torque y un cambio de velocidad bajo para cambiar el ritmo de forma r\u00e1pida y segura.<\/p>\n<p>.<\/p>\n<h2><strong>Y los triples?<\/strong><\/h2>\n<p>Cuantos m\u00e1s platos tenga, m\u00e1s opciones de cambio tendr\u00e1. Si su casete trasero tiene 9 pi\u00f1ones, un pedalier triple le dar\u00e1 un total de 27 marchas. En la pr\u00e1ctica, los triple plato le permiten elegir entre una gama m\u00e1s amplia de marchas bajas.<\/p>\n<p>Un desarrollo m\u00e1s bajo hace que necesites menos fuerza, lo que lo hace \u00fatil para los ciclistas de turismo que llevan m\u00e1s que su peso corporal.\u00a0 Piense en ello como el cambio en camiones y furgonetas: las marchas cortas facilitan la obtenci\u00f3n de un peso pesado hasta la velocidad de crucero.\u00a0 Los triples tambi\u00e9n hacen que sea mucho m\u00e1s f\u00e1cil escalar y conquistar colinas.<\/p>\n<h2><strong>Standard<\/strong><\/h2>\n<p>Ver\u00e1s a todo el pelot\u00f3n profesional usando dos platos alrededor de sus bielas, y a muchos de nosotros nos seduce la idea de que no necesitas triple si tu ambici\u00f3n es pedalear como un profesional. Pero la mec\u00e1nica pro-pelot\u00f3n cambia la relaci\u00f3n de transmisi\u00f3n paso a paso, dependiendo del terreno.<\/p>\n<figure id=\"attachment_2836\" aria-describedby=\"caption-attachment-2836\" style=\"width: 1250px\" class=\"wp-caption alignnone\"><a href=\"https:\/\/d2p6e6u75xmxt8.cloudfront.net\/6\/2018\/06\/profimedia-0252844160.jpg\"><img loading=\"lazy\" decoding=\"async\" class=\"size-full wp-image-2836\" src=\"https:\/\/d2p6e6u75xmxt8.cloudfront.net\/6\/2018\/06\/profimedia-0252844160.jpg\" alt=\"\" width=\"1250\" height=\"831\" srcset=\"https:\/\/d2p6e6u75xmxt8.cloudfront.net\/6\/2018\/06\/profimedia-0252844160.jpg 1250w, https:\/\/d2p6e6u75xmxt8.cloudfront.net\/6\/2018\/06\/profimedia-0252844160-300x199.jpg 300w, https:\/\/d2p6e6u75xmxt8.cloudfront.net\/6\/2018\/06\/profimedia-0252844160-768x511.jpg 768w, https:\/\/d2p6e6u75xmxt8.cloudfront.net\/6\/2018\/06\/profimedia-0252844160-1024x681.jpg 1024w, https:\/\/d2p6e6u75xmxt8.cloudfront.net\/6\/2018\/06\/profimedia-0252844160-272x182.jpg 272w\" sizes=\"auto, (max-width: 1250px) 100vw, 1250px\" \/><\/a><figcaption id=\"caption-attachment-2836\" class=\"wp-caption-text\">Chris Froome crosses the finish line to win stage 10 of the 2015 edition of the Tour de France, 167 km from Tarbes to La Pierre Saint-Martin, France, Tuesday 14 July 2015.<\/figcaption><\/figure>\n<p>&nbsp;<\/p>\n<p>En el Tour de Francia de 2015, Froome escal\u00f3 la Pierre de St Martin en la 10\u00aa etapa utilizando 52\/38, mientras que Dumoulin en la crono individual del Mundial de 2016 llevaba un 53\/42 m\u00e1s alto y m\u00e1s adecuado para el llano. En t\u00e9rminos comerciales, ambos desarrollos ser\u00edan considerados &#8220;est\u00e1ndar&#8221;, pero ser\u00edan poco pr\u00e1cticos para cualquier persona que no sea un atleta profesional el d\u00eda de la carrera.<\/p>\n<h2><strong>Compact<\/strong><\/h2>\n<p>Los compactos le ofrecen una relaci\u00f3n de transmisi\u00f3n entre los triples de f\u00e1cil acceso y los desarrollos est\u00e1ndar que utilizan los profesionales &#8211; algo as\u00ed como 50\/34. Siempre puedes actualizarte a un 52\/36 semi-compacto cuando est\u00e9s lo suficientemente en forma.<\/p>\n<p>Un amigo m\u00edo compite en triatlones amateur con un pedalier &#8220;sub-compacto&#8221; 48\/32 en una bicicleta de ciclocross. Odiaba andar en bicicleta con \u00e9l porque incluso en una etapa larga y llana era m\u00e1s r\u00e1pido que yo en mi bicicleta de carretera con un desarrollo standard. A veces no se trata del equipo que usas&#8230;<\/p>\n","protected":false},"excerpt":{"rendered":"<p>El eje de pedalier es el primer punto de la bicicleta en el que los esfuerzos se multiplican por el [&hellip;]<\/p>\n","protected":false},"author":29,"featured_media":2838,"comment_status":"open","ping_status":"open","sticky":false,"template":"","format":"standard","meta":{"footnotes":""},"categories":[7,9],"tags":[467,464,466,465],"global-categories":[],"class_list":["post-2835","post","type-post","status-publish","format-standard","has-post-thumbnail","hentry","category-carretera","category-mtb-aventura","tag-cadenas-adecuadas","tag-eje-de-pedalier","tag-longitud-de-bielas","tag-que-desarrollo-elegir"],"yoast_head":"<!-- This site is optimized with the Yoast SEO Premium plugin v25.3 (Yoast SEO v25.9) - https:\/\/yoast.com\/wordpress\/plugins\/seo\/ -->\n<title>Conoce tu pedalier \u00bfQu\u00e9 desarrollo utilizar? - \u0160koda We Love Cycling - Spain<\/title>\n<meta name=\"description\" content=\"Conoce tu pedalier. As\u00ed funcionan los cambios de tu bicicleta. C\u00f3mo elegir bielas, desarrollos, doble o triple plato, compact...\" \/>\n<meta name=\"robots\" content=\"index, follow, max-snippet:-1, max-image-preview:large, max-video-preview:-1\" \/>\n<link rel=\"canonical\" href=\"https:\/\/www.welovecycling.com\/es\/2018\/06\/05\/conoce-tu-pedalier\/\" \/>\n<meta property=\"og:locale\" content=\"es_ES\" \/>\n<meta property=\"og:type\" content=\"article\" \/>\n<meta property=\"og:title\" content=\"Conoce tu pedalier \u00bfQu\u00e9 desarrollo utilizar?\" \/>\n<meta property=\"og:description\" content=\"Conoce tu pedalier. As\u00ed funcionan los cambios de tu bicicleta. C\u00f3mo elegir bielas, desarrollos, doble o triple plato, compact...\" \/>\n<meta property=\"og:url\" content=\"https:\/\/www.welovecycling.com\/es\/2018\/06\/05\/conoce-tu-pedalier\/\" \/>\n<meta property=\"og:site_name\" content=\"\u0160koda We Love Cycling - Spain\" \/>\n<meta property=\"article:published_time\" content=\"2018-06-05T08:04:56+00:00\" \/>\n<meta property=\"og:image\" content=\"https:\/\/d2p6e6u75xmxt8.cloudfront.net\/6\/2018\/06\/profimedia-0296645875-1.jpg\" \/>\n\t<meta property=\"og:image:width\" content=\"1366\" \/>\n\t<meta property=\"og:image:height\" content=\"600\" \/>\n\t<meta property=\"og:image:type\" content=\"image\/jpeg\" \/>\n<meta name=\"author\" content=\"We Love Cycling Spain\" \/>\n<meta name=\"twitter:card\" content=\"summary_large_image\" \/>\n<meta name=\"twitter:title\" content=\"Conoce tu pedalier \u00bfQu\u00e9 desarrollo utilizar?\" \/>\n<meta name=\"twitter:description\" content=\"Conoce tu pedalier. As\u00ed funcionan los cambios de tu bicicleta. C\u00f3mo elegir bielas, desarrollos, doble o triple plato, compact...\" \/>\n<meta name=\"twitter:label1\" content=\"Written by\" \/>\n\t<meta name=\"twitter:data1\" content=\"Christopher Ashley\" \/>\n\t<meta name=\"twitter:label2\" content=\"Est. reading time\" \/>\n\t<meta name=\"twitter:data2\" content=\"3 minutes\" \/>\n<script type=\"application\/ld+json\" class=\"yoast-schema-graph\">{\"@context\":\"https:\/\/schema.org\",\"@graph\":[{\"@type\":\"WebPage\",\"@id\":\"https:\/\/www.welovecycling.com\/es\/2018\/06\/05\/conoce-tu-pedalier\/\",\"url\":\"https:\/\/www.welovecycling.com\/es\/2018\/06\/05\/conoce-tu-pedalier\/\",\"name\":\"Conoce tu pedalier \u00bfQu\u00e9 desarrollo utilizar? - \u0160koda We Love Cycling - Spain\",\"isPartOf\":{\"@id\":\"https:\/\/www.welovecycling.com\/es\/#website\"},\"primaryImageOfPage\":{\"@id\":\"https:\/\/www.welovecycling.com\/es\/2018\/06\/05\/conoce-tu-pedalier\/#primaryimage\"},\"image\":{\"@id\":\"https:\/\/www.welovecycling.com\/es\/2018\/06\/05\/conoce-tu-pedalier\/#primaryimage\"},\"thumbnailUrl\":\"https:\/\/d2p6e6u75xmxt8.cloudfront.net\/6\/2018\/06\/profimedia-0296645875-1.jpg\",\"datePublished\":\"2018-06-05T08:04:56+00:00\",\"author\":{\"@id\":\"https:\/\/www.welovecycling.com\/es\/#\/schema\/person\/deb61715b5812698ee79fb96f343ccd4\"},\"description\":\"Conoce tu pedalier. As\u00ed funcionan los cambios de tu bicicleta. C\u00f3mo elegir bielas, desarrollos, doble o triple plato, compact...\",\"breadcrumb\":{\"@id\":\"https:\/\/www.welovecycling.com\/es\/2018\/06\/05\/conoce-tu-pedalier\/#breadcrumb\"},\"inLanguage\":\"es-ES\",\"potentialAction\":[{\"@type\":\"ReadAction\",\"target\":[\"https:\/\/www.welovecycling.com\/es\/2018\/06\/05\/conoce-tu-pedalier\/\"]}]},{\"@type\":\"ImageObject\",\"inLanguage\":\"es-ES\",\"@id\":\"https:\/\/www.welovecycling.com\/es\/2018\/06\/05\/conoce-tu-pedalier\/#primaryimage\",\"url\":\"https:\/\/d2p6e6u75xmxt8.cloudfront.net\/6\/2018\/06\/profimedia-0296645875-1.jpg\",\"contentUrl\":\"https:\/\/d2p6e6u75xmxt8.cloudfront.net\/6\/2018\/06\/profimedia-0296645875-1.jpg\",\"width\":1366,\"height\":600},{\"@type\":\"BreadcrumbList\",\"@id\":\"https:\/\/www.welovecycling.com\/es\/2018\/06\/05\/conoce-tu-pedalier\/#breadcrumb\",\"itemListElement\":[{\"@type\":\"ListItem\",\"position\":1,\"name\":\"Home\",\"item\":\"https:\/\/www.welovecycling.com\/es\/\"},{\"@type\":\"ListItem\",\"position\":2,\"name\":\"Conoce tu pedalier \u00bfQu\u00e9 desarrollo utilizar?\"}]},{\"@type\":\"WebSite\",\"@id\":\"https:\/\/www.welovecycling.com\/es\/#website\",\"url\":\"https:\/\/www.welovecycling.com\/es\/\",\"name\":\"\u0160koda We Love Cycling - Spain\",\"description\":\"\u0160koda WeLoveCycling Spain\",\"potentialAction\":[{\"@type\":\"SearchAction\",\"target\":{\"@type\":\"EntryPoint\",\"urlTemplate\":\"https:\/\/www.welovecycling.com\/es\/?s={search_term_string}\"},\"query-input\":{\"@type\":\"PropertyValueSpecification\",\"valueRequired\":true,\"valueName\":\"search_term_string\"}}],\"inLanguage\":\"es-ES\"},{\"@type\":\"Person\",\"@id\":\"https:\/\/www.welovecycling.com\/es\/#\/schema\/person\/deb61715b5812698ee79fb96f343ccd4\",\"name\":\"We Love Cycling Spain\",\"image\":{\"@type\":\"ImageObject\",\"inLanguage\":\"es-ES\",\"@id\":\"https:\/\/www.welovecycling.com\/es\/#\/schema\/person\/image\/\",\"url\":\"https:\/\/secure.gravatar.com\/avatar\/c824b04e6df0e37a03219d0b6481672889df542894588964102459e46513159c?s=96&d=mm&r=g\",\"contentUrl\":\"https:\/\/secure.gravatar.com\/avatar\/c824b04e6df0e37a03219d0b6481672889df542894588964102459e46513159c?s=96&d=mm&r=g\",\"caption\":\"We Love Cycling Spain\"},\"url\":\"https:\/\/www.welovecycling.com\/es\/author\/amunoz\/\"}]}<\/script>\n<!-- \/ Yoast SEO Premium plugin. -->","yoast_head_json":{"title":"Conoce tu pedalier \u00bfQu\u00e9 desarrollo utilizar? - \u0160koda We Love Cycling - Spain","description":"Conoce tu pedalier. As\u00ed funcionan los cambios de tu bicicleta. C\u00f3mo elegir bielas, desarrollos, doble o triple plato, compact...","robots":{"index":"index","follow":"follow","max-snippet":"max-snippet:-1","max-image-preview":"max-image-preview:large","max-video-preview":"max-video-preview:-1"},"canonical":"https:\/\/www.welovecycling.com\/es\/2018\/06\/05\/conoce-tu-pedalier\/","og_locale":"es_ES","og_type":"article","og_title":"Conoce tu pedalier \u00bfQu\u00e9 desarrollo utilizar?","og_description":"Conoce tu pedalier. As\u00ed funcionan los cambios de tu bicicleta. C\u00f3mo elegir bielas, desarrollos, doble o triple plato, compact...","og_url":"https:\/\/www.welovecycling.com\/es\/2018\/06\/05\/conoce-tu-pedalier\/","og_site_name":"\u0160koda We Love Cycling - Spain","article_published_time":"2018-06-05T08:04:56+00:00","og_image":[{"width":1366,"height":600,"url":"https:\/\/d2p6e6u75xmxt8.cloudfront.net\/6\/2018\/06\/profimedia-0296645875-1.jpg","type":"image\/jpeg"}],"author":"We Love Cycling Spain","twitter_card":"summary_large_image","twitter_title":"Conoce tu pedalier \u00bfQu\u00e9 desarrollo utilizar?","twitter_description":"Conoce tu pedalier. As\u00ed funcionan los cambios de tu bicicleta. C\u00f3mo elegir bielas, desarrollos, doble o triple plato, compact...","twitter_misc":{"Written by":"Christopher Ashley","Est. reading time":"3 minutes"},"schema":{"@context":"https:\/\/schema.org","@graph":[{"@type":"WebPage","@id":"https:\/\/www.welovecycling.com\/es\/2018\/06\/05\/conoce-tu-pedalier\/","url":"https:\/\/www.welovecycling.com\/es\/2018\/06\/05\/conoce-tu-pedalier\/","name":"Conoce tu pedalier \u00bfQu\u00e9 desarrollo utilizar? - \u0160koda We Love Cycling - Spain","isPartOf":{"@id":"https:\/\/www.welovecycling.com\/es\/#website"},"primaryImageOfPage":{"@id":"https:\/\/www.welovecycling.com\/es\/2018\/06\/05\/conoce-tu-pedalier\/#primaryimage"},"image":{"@id":"https:\/\/www.welovecycling.com\/es\/2018\/06\/05\/conoce-tu-pedalier\/#primaryimage"},"thumbnailUrl":"https:\/\/d2p6e6u75xmxt8.cloudfront.net\/6\/2018\/06\/profimedia-0296645875-1.jpg","datePublished":"2018-06-05T08:04:56+00:00","author":{"@id":"https:\/\/www.welovecycling.com\/es\/#\/schema\/person\/deb61715b5812698ee79fb96f343ccd4"},"description":"Conoce tu pedalier. As\u00ed funcionan los cambios de tu bicicleta. C\u00f3mo elegir bielas, desarrollos, doble o triple plato, compact...","breadcrumb":{"@id":"https:\/\/www.welovecycling.com\/es\/2018\/06\/05\/conoce-tu-pedalier\/#breadcrumb"},"inLanguage":"es-ES","potentialAction":[{"@type":"ReadAction","target":["https:\/\/www.welovecycling.com\/es\/2018\/06\/05\/conoce-tu-pedalier\/"]}]},{"@type":"ImageObject","inLanguage":"es-ES","@id":"https:\/\/www.welovecycling.com\/es\/2018\/06\/05\/conoce-tu-pedalier\/#primaryimage","url":"https:\/\/d2p6e6u75xmxt8.cloudfront.net\/6\/2018\/06\/profimedia-0296645875-1.jpg","contentUrl":"https:\/\/d2p6e6u75xmxt8.cloudfront.net\/6\/2018\/06\/profimedia-0296645875-1.jpg","width":1366,"height":600},{"@type":"BreadcrumbList","@id":"https:\/\/www.welovecycling.com\/es\/2018\/06\/05\/conoce-tu-pedalier\/#breadcrumb","itemListElement":[{"@type":"ListItem","position":1,"name":"Home","item":"https:\/\/www.welovecycling.com\/es\/"},{"@type":"ListItem","position":2,"name":"Conoce tu pedalier \u00bfQu\u00e9 desarrollo utilizar?"}]},{"@type":"WebSite","@id":"https:\/\/www.welovecycling.com\/es\/#website","url":"https:\/\/www.welovecycling.com\/es\/","name":"\u0160koda We Love Cycling - Spain","description":"\u0160koda WeLoveCycling Spain","potentialAction":[{"@type":"SearchAction","target":{"@type":"EntryPoint","urlTemplate":"https:\/\/www.welovecycling.com\/es\/?s={search_term_string}"},"query-input":{"@type":"PropertyValueSpecification","valueRequired":true,"valueName":"search_term_string"}}],"inLanguage":"es-ES"},{"@type":"Person","@id":"https:\/\/www.welovecycling.com\/es\/#\/schema\/person\/deb61715b5812698ee79fb96f343ccd4","name":"We Love Cycling Spain","image":{"@type":"ImageObject","inLanguage":"es-ES","@id":"https:\/\/www.welovecycling.com\/es\/#\/schema\/person\/image\/","url":"https:\/\/secure.gravatar.com\/avatar\/c824b04e6df0e37a03219d0b6481672889df542894588964102459e46513159c?s=96&d=mm&r=g","contentUrl":"https:\/\/secure.gravatar.com\/avatar\/c824b04e6df0e37a03219d0b6481672889df542894588964102459e46513159c?s=96&d=mm&r=g","caption":"We Love Cycling Spain"},"url":"https:\/\/www.welovecycling.com\/es\/author\/amunoz\/"}]}},"_links":{"self":[{"href":"https:\/\/www.welovecycling.com\/es\/wp-json\/wp\/v2\/posts\/2835","targetHints":{"allow":["GET"]}}],"collection":[{"href":"https:\/\/www.welovecycling.com\/es\/wp-json\/wp\/v2\/posts"}],"about":[{"href":"https:\/\/www.welovecycling.com\/es\/wp-json\/wp\/v2\/types\/post"}],"author":[{"embeddable":true,"href":"https:\/\/www.welovecycling.com\/es\/wp-json\/wp\/v2\/users\/29"}],"replies":[{"embeddable":true,"href":"https:\/\/www.welovecycling.com\/es\/wp-json\/wp\/v2\/comments?post=2835"}],"version-history":[{"count":2,"href":"https:\/\/www.welovecycling.com\/es\/wp-json\/wp\/v2\/posts\/2835\/revisions"}],"predecessor-version":[{"id":2839,"href":"https:\/\/www.welovecycling.com\/es\/wp-json\/wp\/v2\/posts\/2835\/revisions\/2839"}],"wp:featuredmedia":[{"embeddable":true,"href":"https:\/\/www.welovecycling.com\/es\/wp-json\/wp\/v2\/media\/2838"}],"wp:attachment":[{"href":"https:\/\/www.welovecycling.com\/es\/wp-json\/wp\/v2\/media?parent=2835"}],"wp:term":[{"taxonomy":"category","embeddable":true,"href":"https:\/\/www.welovecycling.com\/es\/wp-json\/wp\/v2\/categories?post=2835"},{"taxonomy":"post_tag","embeddable":true,"href":"https:\/\/www.welovecycling.com\/es\/wp-json\/wp\/v2\/tags?post=2835"},{"taxonomy":"global-categories","embeddable":true,"href":"https:\/\/www.welovecycling.com\/es\/wp-json\/wp\/v2\/global-categories?post=2835"}],"curies":[{"name":"wp","href":"https:\/\/api.w.org\/{rel}","templated":true}]}}