{"id":2740,"date":"2018-05-28T07:46:36","date_gmt":"2018-05-28T05:46:36","guid":{"rendered":"https:\/\/www.welovecycling.com\/es\/?p=2740"},"modified":"2018-05-28T07:47:27","modified_gmt":"2018-05-28T05:47:27","slug":"mejorar-en-las-bajadas","status":"publish","type":"post","link":"https:\/\/www.welovecycling.com\/es\/2018\/05\/28\/mejorar-en-las-bajadas\/","title":{"rendered":"Aprende a mejorar en las bajadas"},"content":{"rendered":"<p><strong>Jan Celustka (38) es actualmente uno de los mejores triatletas ol\u00edmpicos checos. Corriendo para el equipo Konrad Tools se convirti\u00f3 en campe\u00f3n de Triathlon\u00a0Cross en Londres. En Training Camp en Tenerife Jan ha sido a\u00fan m\u00e1s r\u00e1pido en una secci\u00f3n de descenso de Strava que Chris Froome. Jan,\u00a0 conocido como el ciclista sin miedo, te aconseja c\u00f3mo mejorar tus habilidades de descenso.<\/strong><!--more--><\/p>\n<h2><a href=\"https:\/\/d2p6e6u75xmxt8.cloudfront.net\/6\/2018\/05\/30741299_1842117935800844_8752819371274928128_o.jpg\"><img loading=\"lazy\" decoding=\"async\" class=\"alignnone size-full wp-image-2743\" src=\"https:\/\/d2p6e6u75xmxt8.cloudfront.net\/6\/2018\/05\/30741299_1842117935800844_8752819371274928128_o.jpg\" alt=\"\" width=\"1057\" height=\"661\" srcset=\"https:\/\/d2p6e6u75xmxt8.cloudfront.net\/6\/2018\/05\/30741299_1842117935800844_8752819371274928128_o.jpg 1057w, https:\/\/d2p6e6u75xmxt8.cloudfront.net\/6\/2018\/05\/30741299_1842117935800844_8752819371274928128_o-300x188.jpg 300w, https:\/\/d2p6e6u75xmxt8.cloudfront.net\/6\/2018\/05\/30741299_1842117935800844_8752819371274928128_o-768x480.jpg 768w, https:\/\/d2p6e6u75xmxt8.cloudfront.net\/6\/2018\/05\/30741299_1842117935800844_8752819371274928128_o-1024x640.jpg 1024w\" sizes=\"auto, (max-width: 1057px) 100vw, 1057px\" \/><\/a><\/h2>\n<h2><strong>T\u00e9cnica<\/strong><\/h2>\n<p>El descenso se trata de la t\u00e9cnica. Una vez que la consigues, te conviertes en un mejor ciclista. Mientras que los circuitos de entrenamiento suelen ser planos,\u00a0 siempre tienes la monta\u00f1a y las carreteras estrechas para mejorar tu dominio de la bicicleta, que a la larga ser\u00e1 m\u00e1s que importante. A pesar de ser subestimado, el descenso es uno de los tramos m\u00e1s importantes del ciclismo en carretera, al menos para salir ileso de una carrera. Y cuando sea seguro bajando podr\u00e1s disfrutar de la misma brisa refrescante que Valentino Rossi experimenta en los circuitos de Moto GP.<\/p>\n<h2><strong>Posici\u00f3n correcta<\/strong><\/h2>\n<p>No hay ninguna posici\u00f3n &#8220;correcta&#8221; que pueda recomendar para bajar. Depende de la longitud de sus brazos y la inclinaci\u00f3n en cada una de las curvas. Tambi\u00e9n hay que tener en cuenta la calidad de la superficie y el n\u00famero de curvas que vas a tomar. El viento y la presencia de otros ciclistas tambi\u00e9n pueden jugar un papel importante. Mi posici\u00f3n favorita, sin embargo, es meter in paralelo al tubo superior del cuadro con las manos en las abajo<\/p>\n<figure id=\"attachment_2745\" aria-describedby=\"caption-attachment-2745\" style=\"width: 1800px\" class=\"wp-caption alignnone\"><a href=\"https:\/\/d2p6e6u75xmxt8.cloudfront.net\/6\/2018\/05\/profimedia-0237411755.jpg\"><img loading=\"lazy\" decoding=\"async\" class=\"size-full wp-image-2745\" src=\"https:\/\/d2p6e6u75xmxt8.cloudfront.net\/6\/2018\/05\/profimedia-0237411755.jpg\" alt=\"\" width=\"1800\" height=\"1193\" srcset=\"https:\/\/d2p6e6u75xmxt8.cloudfront.net\/6\/2018\/05\/profimedia-0237411755.jpg 1800w, https:\/\/d2p6e6u75xmxt8.cloudfront.net\/6\/2018\/05\/profimedia-0237411755-300x199.jpg 300w, https:\/\/d2p6e6u75xmxt8.cloudfront.net\/6\/2018\/05\/profimedia-0237411755-768x509.jpg 768w, https:\/\/d2p6e6u75xmxt8.cloudfront.net\/6\/2018\/05\/profimedia-0237411755-1024x679.jpg 1024w\" sizes=\"auto, (max-width: 1800px) 100vw, 1800px\" \/><\/a><figcaption id=\"caption-attachment-2745\" class=\"wp-caption-text\">Jan Celustka (R) competes during the 2011 Tiszaujvaros ITU Triathlon World Cup event in Tiszaujvaros, some 180 kms east of Budapest, Hungary, 14 August, 2011.<\/figcaption><\/figure>\n<h2><strong><br \/>\nMirar hacia delante<\/strong><\/h2>\n<p>Mirar hacia las ruedas es uno de los mayores errores. Mientras desciende, los obst\u00e1culos pueden aparecer m\u00e1s r\u00e1pido de lo esperado, por lo que es muy importante leer la carretera. Una vez que vea un obst\u00e1culo como un bache, prep\u00e1rese para una maniobra de evasi\u00f3n. En primer lugar, compruebe si no hay ning\u00fan coche por detr\u00e1s para evitar que meterse debajo.<\/p>\n<h2><strong>Pies paralelos<\/strong><\/h2>\n<p>Un peque\u00f1o turco es mantener ambos pies paralelos al suelo colocando su peso igualmente en ambos pedales. Tus talones deben estar ligeramente ca\u00eddos. En esta posici\u00f3n, el frenado ser\u00e1 m\u00e1s eficiente. Si necesita frenar m\u00e1s, si\u00e9ntese en una posici\u00f3n m\u00e1s erguida creando una resistencia que funciona como un freno de aire.<\/p>\n<h2><strong>Desarrollo fuerte<\/strong><\/h2>\n<p>Si quieres ir m\u00e1s r\u00e1pido, usa un desarrollo m\u00e1s fuerte Cuando ya no puedas acelerar usando el pedaleo, puedes a\u00f1adir algo de velocidad con una posici\u00f3n m\u00e1s aerodin\u00e1mica. Doble los codos y baje el pecho hacia el manillar levantando la espalda.<\/p>\n<h2><strong>Manos en los frenos<\/strong><\/h2>\n<p>Sus manos deben estaba abajo o con uno o dos dedos sobre las palancas de freno. Mantener las manos en las parte de abajo del manillar te ayudar a frenar con mas fuerza que si las llevas en la parte de arriba y adem\u00e1s tienes el punto de gravedad m\u00e1s bajo, por lo que se asegura la estabilidad.<\/p>\n<h2><strong>Usa los dos frenos<\/strong><\/h2>\n<p>Siempre use ambos frenos. El freno trasero es mejor para mantener la velocidad en las curvas, mientras que el delantero es mucho m\u00e1s eficiente para detenerte, sin embargo, debe ser utilizado con inteligencia para evitar el riesgo de derrape. Para que el frenado sea m\u00e1s intenso, vete a la parte trasera trasera del sillin y empuje con m\u00e1s fuerza el freno delantero.<\/p>\n<h2><strong>Curveo<\/strong><\/h2>\n<p>Sin una posici\u00f3n adecuada el descenso\u00a0 puede ser peligroso ya que podr\u00eda perder la tracci\u00f3n adecuada en la carretera. Una vez m\u00e1s, mantenga las manos en la parte de abajo para descender su centro de gravedad y mejorar su aerodin\u00e1mica. En el momento en que se acerque a la curva, incline la bicicleta con su peso corporal y enderece la pierna exterior mientras presiona el pedal exterior. Al mismo tiempo, la mano interna debe ejercer presi\u00f3n sobre el manillar produciendo un contrapeso. La parte m\u00e1s dif\u00edcil es la capacidad de estimar la velocidad adecuada. Siempre es mejor disminuir la velocidad al principio que acercarse a la curva con demasiada velocidad, lo que hace que se pierda la curva perfecta. Mire hacia adelante a la salida de la curva. Parece l\u00f3gico, pero no es tan f\u00e1cil. Recuerda, donde mires es donde ir\u00e1s. El error cr\u00edtico es mirar a un objeto potencialmente peligroso fuera de la carretera. Una vez que la gente fija sus ojos en los \u00e1rboles, postes o barreras, probablemente terminar\u00e1n estrell\u00e1ndose all\u00ed. Mire hacia adelante, incline la bicicleta, pierda su miedo a frenar siempre y lo acabar\u00e9 logrando.<\/p>\n<p><a href=\"https:\/\/d2p6e6u75xmxt8.cloudfront.net\/6\/2018\/05\/celustka-a-kubicek.jpg\"><img loading=\"lazy\" decoding=\"async\" class=\"alignnone size-full wp-image-2746\" src=\"https:\/\/d2p6e6u75xmxt8.cloudfront.net\/6\/2018\/05\/celustka-a-kubicek.jpg\" alt=\"\" width=\"800\" height=\"533\" srcset=\"https:\/\/d2p6e6u75xmxt8.cloudfront.net\/6\/2018\/05\/celustka-a-kubicek.jpg 800w, https:\/\/d2p6e6u75xmxt8.cloudfront.net\/6\/2018\/05\/celustka-a-kubicek-300x200.jpg 300w, https:\/\/d2p6e6u75xmxt8.cloudfront.net\/6\/2018\/05\/celustka-a-kubicek-768x512.jpg 768w, https:\/\/d2p6e6u75xmxt8.cloudfront.net\/6\/2018\/05\/celustka-a-kubicek-272x182.jpg 272w\" sizes=\"auto, (max-width: 800px) 100vw, 800px\" \/><\/a><\/p>\n<h2><strong>Bajadas con agua<\/strong><\/h2>\n<p>En carretera mojada todos los peligros se magnifican porque sus ruedas tienen menos tracci\u00f3n. Tendr\u00e1 que controlar su velocidad con m\u00e1s cuidado. Las l\u00edneas pintadas, las cubiertas de drenaje, los topes de velocidad y las hojas ca\u00eddas o la grava son potencialmente peligrosos. Manejar una bicicleta sobre una superficie mojada se trata sobre todo de saber cuando frenar y controlar los neum\u00e1ticos. En las curvas, ayuda a mover el centro de gravedad m\u00e1s hacia el exterior, empujando la rodilla interior hacia la carretera e inclinando la bicipor debajo de ti exactamente como lo hacen los pilotos de MotoGP. Sin embargo, sin entrenamiento, dif\u00edcilmente se puede dominar. La \u00fanica ventaja que las ca\u00eddas sobre mojado suceden tan r\u00e1pidamente que no da tiempo a asustarse.<\/p>\n","protected":false},"excerpt":{"rendered":"<p>Jan Celustka (38) es actualmente uno de los mejores triatletas ol\u00edmpicos checos. Corriendo para el equipo Konrad Tools se convirti\u00f3 [&hellip;]<\/p>\n","protected":false},"author":29,"featured_media":2749,"comment_status":"open","ping_status":"open","sticky":false,"template":"","format":"standard","meta":{"footnotes":""},"categories":[7],"tags":[],"global-categories":[],"class_list":["post-2740","post","type-post","status-publish","format-standard","has-post-thumbnail","hentry","category-carretera"],"yoast_head":"<!-- This site is optimized with the Yoast SEO Premium plugin v25.3 (Yoast SEO v25.9) - https:\/\/yoast.com\/wordpress\/plugins\/seo\/ -->\n<title>Aprende a mejorar en las bajadas - \u0160koda We Love Cycling - Spain<\/title>\n<meta name=\"description\" content=\"Consejos para aprender a mejorar en las bajadas ciclistas. C\u00f3mo afrontar los descensos con seguridad y sin miedos. Curvear con seguridad.\" \/>\n<meta name=\"robots\" content=\"index, follow, max-snippet:-1, max-image-preview:large, max-video-preview:-1\" \/>\n<link rel=\"canonical\" href=\"https:\/\/www.welovecycling.com\/es\/2018\/05\/28\/mejorar-en-las-bajadas\/\" \/>\n<meta property=\"og:locale\" content=\"es_ES\" \/>\n<meta property=\"og:type\" content=\"article\" \/>\n<meta property=\"og:title\" content=\"Aprende a mejorar en las bajadas\" \/>\n<meta property=\"og:description\" content=\"Consejos para aprender a mejorar en las bajadas ciclistas. C\u00f3mo afrontar los descensos con seguridad y sin miedos. Curvear con seguridad.\" \/>\n<meta property=\"og:url\" content=\"https:\/\/www.welovecycling.com\/es\/2018\/05\/28\/mejorar-en-las-bajadas\/\" \/>\n<meta property=\"og:site_name\" content=\"\u0160koda We Love Cycling - Spain\" \/>\n<meta property=\"article:published_time\" content=\"2018-05-28T05:46:36+00:00\" \/>\n<meta property=\"article:modified_time\" content=\"2018-05-28T05:47:27+00:00\" \/>\n<meta property=\"og:image\" content=\"https:\/\/d2p6e6u75xmxt8.cloudfront.net\/6\/2018\/05\/profimedia-0139416440-1-1.jpg\" \/>\n\t<meta property=\"og:image:width\" content=\"1366\" \/>\n\t<meta property=\"og:image:height\" content=\"600\" \/>\n\t<meta property=\"og:image:type\" content=\"image\/jpeg\" \/>\n<meta name=\"author\" content=\"We Love Cycling Spain\" \/>\n<meta name=\"twitter:card\" content=\"summary_large_image\" \/>\n<meta name=\"twitter:label1\" content=\"Written by\" \/>\n\t<meta name=\"twitter:data1\" content=\"Adam Marsal\" \/>\n\t<meta name=\"twitter:label2\" content=\"Est. reading time\" \/>\n\t<meta name=\"twitter:data2\" content=\"5 minutes\" \/>\n<script type=\"application\/ld+json\" class=\"yoast-schema-graph\">{\"@context\":\"https:\/\/schema.org\",\"@graph\":[{\"@type\":\"WebPage\",\"@id\":\"https:\/\/www.welovecycling.com\/es\/2018\/05\/28\/mejorar-en-las-bajadas\/\",\"url\":\"https:\/\/www.welovecycling.com\/es\/2018\/05\/28\/mejorar-en-las-bajadas\/\",\"name\":\"Aprende a mejorar en las bajadas - \u0160koda We Love Cycling - Spain\",\"isPartOf\":{\"@id\":\"https:\/\/www.welovecycling.com\/es\/#website\"},\"primaryImageOfPage\":{\"@id\":\"https:\/\/www.welovecycling.com\/es\/2018\/05\/28\/mejorar-en-las-bajadas\/#primaryimage\"},\"image\":{\"@id\":\"https:\/\/www.welovecycling.com\/es\/2018\/05\/28\/mejorar-en-las-bajadas\/#primaryimage\"},\"thumbnailUrl\":\"https:\/\/d2p6e6u75xmxt8.cloudfront.net\/6\/2018\/05\/profimedia-0139416440-1-1.jpg\",\"datePublished\":\"2018-05-28T05:46:36+00:00\",\"dateModified\":\"2018-05-28T05:47:27+00:00\",\"author\":{\"@id\":\"https:\/\/www.welovecycling.com\/es\/#\/schema\/person\/deb61715b5812698ee79fb96f343ccd4\"},\"description\":\"Consejos para aprender a mejorar en las bajadas ciclistas. C\u00f3mo afrontar los descensos con seguridad y sin miedos. Curvear con seguridad.\",\"breadcrumb\":{\"@id\":\"https:\/\/www.welovecycling.com\/es\/2018\/05\/28\/mejorar-en-las-bajadas\/#breadcrumb\"},\"inLanguage\":\"es-ES\",\"potentialAction\":[{\"@type\":\"ReadAction\",\"target\":[\"https:\/\/www.welovecycling.com\/es\/2018\/05\/28\/mejorar-en-las-bajadas\/\"]}]},{\"@type\":\"ImageObject\",\"inLanguage\":\"es-ES\",\"@id\":\"https:\/\/www.welovecycling.com\/es\/2018\/05\/28\/mejorar-en-las-bajadas\/#primaryimage\",\"url\":\"https:\/\/d2p6e6u75xmxt8.cloudfront.net\/6\/2018\/05\/profimedia-0139416440-1-1.jpg\",\"contentUrl\":\"https:\/\/d2p6e6u75xmxt8.cloudfront.net\/6\/2018\/05\/profimedia-0139416440-1-1.jpg\",\"width\":1366,\"height\":600},{\"@type\":\"BreadcrumbList\",\"@id\":\"https:\/\/www.welovecycling.com\/es\/2018\/05\/28\/mejorar-en-las-bajadas\/#breadcrumb\",\"itemListElement\":[{\"@type\":\"ListItem\",\"position\":1,\"name\":\"Home\",\"item\":\"https:\/\/www.welovecycling.com\/es\/\"},{\"@type\":\"ListItem\",\"position\":2,\"name\":\"Aprende a mejorar en las bajadas\"}]},{\"@type\":\"WebSite\",\"@id\":\"https:\/\/www.welovecycling.com\/es\/#website\",\"url\":\"https:\/\/www.welovecycling.com\/es\/\",\"name\":\"\u0160koda We Love Cycling - Spain\",\"description\":\"\u0160koda WeLoveCycling Spain\",\"potentialAction\":[{\"@type\":\"SearchAction\",\"target\":{\"@type\":\"EntryPoint\",\"urlTemplate\":\"https:\/\/www.welovecycling.com\/es\/?s={search_term_string}\"},\"query-input\":{\"@type\":\"PropertyValueSpecification\",\"valueRequired\":true,\"valueName\":\"search_term_string\"}}],\"inLanguage\":\"es-ES\"},{\"@type\":\"Person\",\"@id\":\"https:\/\/www.welovecycling.com\/es\/#\/schema\/person\/deb61715b5812698ee79fb96f343ccd4\",\"name\":\"We Love Cycling Spain\",\"image\":{\"@type\":\"ImageObject\",\"inLanguage\":\"es-ES\",\"@id\":\"https:\/\/www.welovecycling.com\/es\/#\/schema\/person\/image\/\",\"url\":\"https:\/\/secure.gravatar.com\/avatar\/c824b04e6df0e37a03219d0b6481672889df542894588964102459e46513159c?s=96&d=mm&r=g\",\"contentUrl\":\"https:\/\/secure.gravatar.com\/avatar\/c824b04e6df0e37a03219d0b6481672889df542894588964102459e46513159c?s=96&d=mm&r=g\",\"caption\":\"We Love Cycling Spain\"},\"url\":\"https:\/\/www.welovecycling.com\/es\/author\/amunoz\/\"}]}<\/script>\n<!-- \/ Yoast SEO Premium plugin. -->","yoast_head_json":{"title":"Aprende a mejorar en las bajadas - \u0160koda We Love Cycling - Spain","description":"Consejos para aprender a mejorar en las bajadas ciclistas. C\u00f3mo afrontar los descensos con seguridad y sin miedos. Curvear con seguridad.","robots":{"index":"index","follow":"follow","max-snippet":"max-snippet:-1","max-image-preview":"max-image-preview:large","max-video-preview":"max-video-preview:-1"},"canonical":"https:\/\/www.welovecycling.com\/es\/2018\/05\/28\/mejorar-en-las-bajadas\/","og_locale":"es_ES","og_type":"article","og_title":"Aprende a mejorar en las bajadas","og_description":"Consejos para aprender a mejorar en las bajadas ciclistas. C\u00f3mo afrontar los descensos con seguridad y sin miedos. Curvear con seguridad.","og_url":"https:\/\/www.welovecycling.com\/es\/2018\/05\/28\/mejorar-en-las-bajadas\/","og_site_name":"\u0160koda We Love Cycling - Spain","article_published_time":"2018-05-28T05:46:36+00:00","article_modified_time":"2018-05-28T05:47:27+00:00","og_image":[{"width":1366,"height":600,"url":"https:\/\/d2p6e6u75xmxt8.cloudfront.net\/6\/2018\/05\/profimedia-0139416440-1-1.jpg","type":"image\/jpeg"}],"author":"We Love Cycling Spain","twitter_card":"summary_large_image","twitter_misc":{"Written by":"Adam Marsal","Est. reading time":"5 minutes"},"schema":{"@context":"https:\/\/schema.org","@graph":[{"@type":"WebPage","@id":"https:\/\/www.welovecycling.com\/es\/2018\/05\/28\/mejorar-en-las-bajadas\/","url":"https:\/\/www.welovecycling.com\/es\/2018\/05\/28\/mejorar-en-las-bajadas\/","name":"Aprende a mejorar en las bajadas - \u0160koda We Love Cycling - Spain","isPartOf":{"@id":"https:\/\/www.welovecycling.com\/es\/#website"},"primaryImageOfPage":{"@id":"https:\/\/www.welovecycling.com\/es\/2018\/05\/28\/mejorar-en-las-bajadas\/#primaryimage"},"image":{"@id":"https:\/\/www.welovecycling.com\/es\/2018\/05\/28\/mejorar-en-las-bajadas\/#primaryimage"},"thumbnailUrl":"https:\/\/d2p6e6u75xmxt8.cloudfront.net\/6\/2018\/05\/profimedia-0139416440-1-1.jpg","datePublished":"2018-05-28T05:46:36+00:00","dateModified":"2018-05-28T05:47:27+00:00","author":{"@id":"https:\/\/www.welovecycling.com\/es\/#\/schema\/person\/deb61715b5812698ee79fb96f343ccd4"},"description":"Consejos para aprender a mejorar en las bajadas ciclistas. C\u00f3mo afrontar los descensos con seguridad y sin miedos. Curvear con seguridad.","breadcrumb":{"@id":"https:\/\/www.welovecycling.com\/es\/2018\/05\/28\/mejorar-en-las-bajadas\/#breadcrumb"},"inLanguage":"es-ES","potentialAction":[{"@type":"ReadAction","target":["https:\/\/www.welovecycling.com\/es\/2018\/05\/28\/mejorar-en-las-bajadas\/"]}]},{"@type":"ImageObject","inLanguage":"es-ES","@id":"https:\/\/www.welovecycling.com\/es\/2018\/05\/28\/mejorar-en-las-bajadas\/#primaryimage","url":"https:\/\/d2p6e6u75xmxt8.cloudfront.net\/6\/2018\/05\/profimedia-0139416440-1-1.jpg","contentUrl":"https:\/\/d2p6e6u75xmxt8.cloudfront.net\/6\/2018\/05\/profimedia-0139416440-1-1.jpg","width":1366,"height":600},{"@type":"BreadcrumbList","@id":"https:\/\/www.welovecycling.com\/es\/2018\/05\/28\/mejorar-en-las-bajadas\/#breadcrumb","itemListElement":[{"@type":"ListItem","position":1,"name":"Home","item":"https:\/\/www.welovecycling.com\/es\/"},{"@type":"ListItem","position":2,"name":"Aprende a mejorar en las bajadas"}]},{"@type":"WebSite","@id":"https:\/\/www.welovecycling.com\/es\/#website","url":"https:\/\/www.welovecycling.com\/es\/","name":"\u0160koda We Love Cycling - Spain","description":"\u0160koda WeLoveCycling Spain","potentialAction":[{"@type":"SearchAction","target":{"@type":"EntryPoint","urlTemplate":"https:\/\/www.welovecycling.com\/es\/?s={search_term_string}"},"query-input":{"@type":"PropertyValueSpecification","valueRequired":true,"valueName":"search_term_string"}}],"inLanguage":"es-ES"},{"@type":"Person","@id":"https:\/\/www.welovecycling.com\/es\/#\/schema\/person\/deb61715b5812698ee79fb96f343ccd4","name":"We Love Cycling Spain","image":{"@type":"ImageObject","inLanguage":"es-ES","@id":"https:\/\/www.welovecycling.com\/es\/#\/schema\/person\/image\/","url":"https:\/\/secure.gravatar.com\/avatar\/c824b04e6df0e37a03219d0b6481672889df542894588964102459e46513159c?s=96&d=mm&r=g","contentUrl":"https:\/\/secure.gravatar.com\/avatar\/c824b04e6df0e37a03219d0b6481672889df542894588964102459e46513159c?s=96&d=mm&r=g","caption":"We Love Cycling Spain"},"url":"https:\/\/www.welovecycling.com\/es\/author\/amunoz\/"}]}},"_links":{"self":[{"href":"https:\/\/www.welovecycling.com\/es\/wp-json\/wp\/v2\/posts\/2740","targetHints":{"allow":["GET"]}}],"collection":[{"href":"https:\/\/www.welovecycling.com\/es\/wp-json\/wp\/v2\/posts"}],"about":[{"href":"https:\/\/www.welovecycling.com\/es\/wp-json\/wp\/v2\/types\/post"}],"author":[{"embeddable":true,"href":"https:\/\/www.welovecycling.com\/es\/wp-json\/wp\/v2\/users\/29"}],"replies":[{"embeddable":true,"href":"https:\/\/www.welovecycling.com\/es\/wp-json\/wp\/v2\/comments?post=2740"}],"version-history":[{"count":2,"href":"https:\/\/www.welovecycling.com\/es\/wp-json\/wp\/v2\/posts\/2740\/revisions"}],"predecessor-version":[{"id":2769,"href":"https:\/\/www.welovecycling.com\/es\/wp-json\/wp\/v2\/posts\/2740\/revisions\/2769"}],"wp:featuredmedia":[{"embeddable":true,"href":"https:\/\/www.welovecycling.com\/es\/wp-json\/wp\/v2\/media\/2749"}],"wp:attachment":[{"href":"https:\/\/www.welovecycling.com\/es\/wp-json\/wp\/v2\/media?parent=2740"}],"wp:term":[{"taxonomy":"category","embeddable":true,"href":"https:\/\/www.welovecycling.com\/es\/wp-json\/wp\/v2\/categories?post=2740"},{"taxonomy":"post_tag","embeddable":true,"href":"https:\/\/www.welovecycling.com\/es\/wp-json\/wp\/v2\/tags?post=2740"},{"taxonomy":"global-categories","embeddable":true,"href":"https:\/\/www.welovecycling.com\/es\/wp-json\/wp\/v2\/global-categories?post=2740"}],"curies":[{"name":"wp","href":"https:\/\/api.w.org\/{rel}","templated":true}]}}