{"id":2723,"date":"2018-05-23T15:09:57","date_gmt":"2018-05-23T13:09:57","guid":{"rendered":"https:\/\/www.welovecycling.com\/es\/?p=2723"},"modified":"2018-05-23T15:46:27","modified_gmt":"2018-05-23T13:46:27","slug":"nove-colli","status":"publish","type":"post","link":"https:\/\/www.welovecycling.com\/es\/2018\/05\/23\/nove-colli\/","title":{"rendered":"Nove Colli 2018, la QH italiana"},"content":{"rendered":"<p><strong>La \u00a0<a href=\"http:\/\/www.emiliaromagnaturismo.it\/it\/eventi\/forli-cesena\/cesenatico-e-dintorni\/nove-colli\">Nove Colli<\/a>\u00a0es la esencia pura del ciclismo italiano. Primero porque es la ciclodeportiva m\u00e1s antigua con ya 48 ediciones celebradas. Segundo porque re\u00fane de forma involuntaria a los dos mitos italianos, Fusto Coppi, el nombre del club organizador, y Marco Pantani, que naci\u00f3 en <a href=\"http:\/\/www.emiliaromagnaturismo.it\/it\/localita\/cesenatico-fc\/scheda?ID=442\">Cesen\u00e1tico<\/a> (<a href=\"http:\/\/www.emiliaromagnaturismo.it\/it\">Emilia Romagna)<\/a>, lugar de salida y llegada de la marcha. Y tercero&#8230; porque en la Nove Colli tienes la opci\u00f3n de competir como si estuvieras en el Giro de Italia (en la QH) o tom\u00e1rtela con tranquilidad.<\/strong><!--more--><\/p>\n<p>Y es que la <strong>Nove Colli para los italianos es igual que la Quebrantahuesos<\/strong> para los ciclistas espa\u00f1oles. Una prueba en la que medir sus fuerzas y sus tiempos a\u00f1o a a\u00f1o. Aqu\u00ed tambi\u00e9n hay clasificaci\u00f3n y cajones de salida que premian a los m\u00e1s r\u00e1pidos en ediciones anteriores y a los que llevan m\u00e1s participaciones.<br \/>\n<a href=\"https:\/\/d2p6e6u75xmxt8.cloudfront.net\/6\/2018\/05\/Nove-Colli-Altimetr\u00eda.jpg\"><img loading=\"lazy\" decoding=\"async\" class=\"aligncenter size-large wp-image-2727\" src=\"https:\/\/d2p6e6u75xmxt8.cloudfront.net\/6\/2018\/05\/Nove-Colli-Altimetr\u00eda-1024x548.jpg\" alt=\"\" width=\"1024\" height=\"548\" srcset=\"https:\/\/d2p6e6u75xmxt8.cloudfront.net\/6\/2018\/05\/Nove-Colli-Altimetr\u00eda-1024x548.jpg 1024w, https:\/\/d2p6e6u75xmxt8.cloudfront.net\/6\/2018\/05\/Nove-Colli-Altimetr\u00eda-300x161.jpg 300w, https:\/\/d2p6e6u75xmxt8.cloudfront.net\/6\/2018\/05\/Nove-Colli-Altimetr\u00eda-768x411.jpg 768w, https:\/\/d2p6e6u75xmxt8.cloudfront.net\/6\/2018\/05\/Nove-Colli-Altimetr\u00eda.jpg 1099w\" sizes=\"auto, (max-width: 1024px) 100vw, 1024px\" \/><\/a><br \/>\nSobre el papel, <strong>205 kil\u00f3metros y 3.780 metros de desnivel<\/strong>, no parece el recorrido m\u00e1s duro, pero si restamos los 25 kil\u00f3metros iniciales y los 15 \u00faltimos, que son totalmente planos, la cosa se complica, y mucho. Y es que la <strong>Nove Colli arranca en Cesen\u00e1tico al lado del mar, pero se adentra en los Apeninos de la Emilia Romagna<\/strong> y eso asegura desniveles t\u00edpicos de esas etapas de &#8216;transici\u00f3n&#8217; del Giro de Italia que acaban haciendo una escabechina en el pelot\u00f3n. Tambi\u00e9n existe la versi\u00f3n reducida de <a href=\"http:\/\/novecolli.blob.core.windows.net\/download\/public\/9Colli_130km_altimetria_percorso.pdf\">130 kil\u00f3metros, con cuatro collis<\/a> y unos 1.800 metros de desnivel.<\/p>\n<p><a href=\"https:\/\/www.strava.com\/activities\/1584169653#kudos\">La Nove Colli en Strava &gt;<\/a><\/p>\n<p>Para llegar a la <strong>Nove Colli hay que estar atento. Los 12.000 dorsales<\/strong> duran tres o cuatro minutos el d\u00eda que se abren las inscripciones en el mes de noviembre (la cicloturista suele ser a mediados de mayo). As\u00ed de grande es el inter\u00e9s que despierta la marcha entre los ciclistas italianos y europeos. Despu\u00e9s existen las opciones de los Touroperadores, que te organizan todo el viaje con dorsal y hotel incluidos en cualquier \u00e9poca del a\u00f1o. El destino m\u00e1s cercano para aterrizar, el aeropuerto de Bolonia, a una hora de Cesen\u00e1tico.<\/p>\n<p>Conviene elegir un hotel cercano a la salida porque el domingo se parte a las 06.00 (Italia est\u00e1 m\u00e1s al este que Espa\u00f1a y amanece mucho antes) y todo lo que se pueda ahorrar de madrug\u00f3n viene bien, aunque nada te libra de despertarte a las 04.30. A esas horas, cuando un italiano saludaba en el desayuno con un bongiorno le respond\u00eda con bona sera. En nuestro caso el <a href=\"http:\/\/www.hlungomare.com\/lang\/IT\/homepage\">Lungomare Bike Hotel Cesen\u00e1tico<\/a> es perfecto, no solo por la cercan\u00eda, sino por comidas, alquiler de bicicleta&#8230; y en primera l\u00ednea de la playa, que para recuperar siempre viene bien.<\/p>\n<p>Al estar todos los cajones <strong>delimitados no hace falta llegar con demasiado tiempo en la salida. Cada tres minutos sale un caj\u00f3n de los 10 en los que est\u00e1 dividida la &#8216;partenza<\/strong>&#8216;. Eso s\u00ed, no hay que perderse al speakear animando con m\u00fasica a todo trapo, los fuegos artificiales de salida y el himno nacional italiano antes de dar el pistoletazo de salida.<\/p>\n<div class=\"embed-controller-wrapper\">\n<div class=\"embed-wrapper\"><iframe title=\"Salida Nove Colli 2018. Team Ciclored.\" width=\"500\" height=\"281\" data-src=\"https:\/\/www.youtube.com\/embed\/wGiEpfydR1I?feature=oembed\" frameborder=\"0\" allow=\"accelerometer; autoplay; clipboard-write; encrypted-media; gyroscope; picture-in-picture; web-share\" referrerpolicy=\"strict-origin-when-cross-origin\" allowfullscreen><\/iframe><\/div>\n<\/div>\n<p>Para los primeros kil\u00f3metros, totalmente llanos desde Cesen\u00e1tico a Forlimpopoli, <a href=\"https:\/\/www.instagram.com\/andre_manus\/\">Andrea Manusia<\/a>, el jefe de Turismo en Emilia Romagna, me hab\u00eda puesto de &#8216;gregario&#8217; a<a href=\"https:\/\/www.instagram.com\/malagutiale\/\"> Alessandro Malaguti<\/a>, que corri\u00f3 en Androni y Vini Fantini, ahora es entrenador personal y adem\u00e1s es de Forl\u00ed, por lo que conoc\u00eda las carreteras a la perfecci\u00f3n. Demasiado buen ciclista para un l\u00edder &#8216;globero&#8217;.<\/p>\n<p>La idea de dar tres minutos entre pelot\u00f3n y pelot\u00f3n hace que el inicio sea menos peligroso de lo que se pueda pensar. Grupos grandes, si, pero carreteras amplias y huecos para adelantar si tienes fuerzas. Y en la Nove Colli los ciclistas aunque no tengan fuerzas quieren ir r\u00e1pido as\u00ed que no hay demasiadas diferencias de nivel. Pero si tienes un tren como el de<strong> Alessandro se hace todo m\u00e1s sencillo. A 45\/50 por hora<\/strong> hasta el inicio de la primera subida.<\/p>\n<p>Las ascensi\u00f3n a <a href=\"http:\/\/novecolli.blob.core.windows.net\/download\/public\/9Colli_200km_altimetria_percorso.pdf\">Bertinoro\/Polenta<\/a> destroza pelotones y no porque sea demasiado dura, sino porque la velocidad que se ha llevado hasta entonces hace que los m\u00e1s d\u00e9biles empiecen a pagar su osad\u00eda. La subida son ocho kil\u00f3metros en total y como en el resto de colles tiene de todo. <strong>Rampa del 12% para empeza<\/strong>r, tramos al 6\/7%, descansillo y bajada y cuando crees que todo ha acabado, una nueva rampa de m\u00e1s de un kil\u00f3metro al 10%. Dureza y regalos en la misma ascensi\u00f3n.<\/p>\n<p><a href=\"https:\/\/d2p6e6u75xmxt8.cloudfront.net\/6\/2018\/05\/sportograf-122464864_lowres.jpg\"><img loading=\"lazy\" decoding=\"async\" class=\"aligncenter size-large wp-image-2763\" src=\"https:\/\/d2p6e6u75xmxt8.cloudfront.net\/6\/2018\/05\/sportograf-122464864_lowres-1024x681.jpg\" alt=\"\" width=\"1024\" height=\"681\" srcset=\"https:\/\/d2p6e6u75xmxt8.cloudfront.net\/6\/2018\/05\/sportograf-122464864_lowres.jpg 1024w, https:\/\/d2p6e6u75xmxt8.cloudfront.net\/6\/2018\/05\/sportograf-122464864_lowres-300x200.jpg 300w, https:\/\/d2p6e6u75xmxt8.cloudfront.net\/6\/2018\/05\/sportograf-122464864_lowres-768x511.jpg 768w, https:\/\/d2p6e6u75xmxt8.cloudfront.net\/6\/2018\/05\/sportograf-122464864_lowres-272x182.jpg 272w\" sizes=\"auto, (max-width: 1024px) 100vw, 1024px\" \/><\/a><\/p>\n<p>Descenso r\u00e1pido, con tornantis y carretera rota (aqu\u00ed todos son as\u00ed) hasta Fratta. <strong>Ideal para probar la Pinarello F10 montada en Durace y con ruedas Fulcrum Zero que me han alquilado en el hotel<\/strong> (con una m\u00e1quina as\u00ed es imposible poner excusas). Al llegar abajo el perfil marca 12 kil\u00f3metros llanos hasta Piandispino, donde empieza el segundo de los Nueve Collis anunciados. Error. No hay ni un solo cent\u00edmetro plano. Ascenso continuo al 2\/3%. Imposible hacer grupetta porque a la siguiente rampa se vuelve a romper.<\/p>\n<p>La subida al <strong>Pieve de Rivoschio<\/strong> es solo la continuaci\u00f3n de lo que ya \u00edbamos ascendiendo. Otros ocho kil\u00f3metros con una media del 5% y alguna rampa perdida del 9%. Nuevo descenso rapid\u00edsimo y al llegar abajo el tercer colle. <strong>Ciola. S<\/strong>eis kil\u00f3metros con una media del 6% y una pared del 11%. Abajo llevo ya 86 kil\u00f3metros y 1.200 metros de desnivel y la sensaci\u00f3n de que lo m\u00e1s duro est\u00e1 a\u00fan por llegar.<\/p>\n<p><a href=\"https:\/\/d2p6e6u75xmxt8.cloudfront.net\/6\/2018\/05\/sportograf-122338520_lowres.jpg\"><img loading=\"lazy\" decoding=\"async\" class=\"aligncenter size-large wp-image-2764\" src=\"https:\/\/d2p6e6u75xmxt8.cloudfront.net\/6\/2018\/05\/sportograf-122338520_lowres-1024x681.jpg\" alt=\"\" width=\"1024\" height=\"681\" srcset=\"https:\/\/d2p6e6u75xmxt8.cloudfront.net\/6\/2018\/05\/sportograf-122338520_lowres.jpg 1024w, https:\/\/d2p6e6u75xmxt8.cloudfront.net\/6\/2018\/05\/sportograf-122338520_lowres-300x200.jpg 300w, https:\/\/d2p6e6u75xmxt8.cloudfront.net\/6\/2018\/05\/sportograf-122338520_lowres-768x511.jpg 768w, https:\/\/d2p6e6u75xmxt8.cloudfront.net\/6\/2018\/05\/sportograf-122338520_lowres-272x182.jpg 272w\" sizes=\"auto, (max-width: 1024px) 100vw, 1024px\" \/><\/a><\/p>\n<p>All\u00ed empieza <strong>Barboto, el cuarto colle y el m\u00e1s significativo de la marcha. El Marie Blanque de la Nove Colli.<\/strong> Son 5,5 kil\u00f3metros con una media del 7% por ciento. Pero la trampa est\u00e1 en el \u00faltimo kil\u00f3metro, que es a una media del 18%. Un muro en mitad del puerto. Toca echar mano de los vatios y regular la Pinarello F10 al inicio para llegar fresco al tramo final. Ayuda la temperatura (todav\u00eda es temprano y tenemos unos agradables 18 grados) y los bosques de los Apeninos, que se van sucediendo desde la primera subida. La cima marca &#8216;s\u00f3lo&#8217; 507 metros de altitud, pero para empezar a bajar hay que salvar otros dos repechos m\u00e1s. Descenso y al acabar est\u00e1 el cruce de la marcha de<a href=\"http:\/\/novecolli.blob.core.windows.net\/download\/public\/9Colli_130km_altimetria_percorso.pdf\"> 130 kil\u00f3metros<\/a>. Hay ganas, as\u00ed que seguimos para bingo en la de 205.<\/p>\n<p>Antes hay que parar en el avituallamiento para la primera carga de l\u00edquido y comida. No hay problema de aglomeraciones porque los de cabeza no suelen parar y durante el recorrido h<strong>ay hasta una docena de puestos de &#8216;ristoro&#8217; como los llaman aqu\u00ed.<\/strong> Son ya 105 kil\u00f3metros en las piernas, 1.800 metros de desnivel, cuatro de los nueve collis y un mill\u00f3n m\u00e1s con nombre desconocido.<\/p>\n<p>El quinto y sexto colli, <strong>Monte Tiffi y Perticara<\/strong>, van pr\u00e1cticamente seguidos. El primero tres kil\u00f3metros con rampas duras y nada m\u00e1s coronar descenso y otros nueve kil\u00f3metros con dos falsos llanos y un ramp\u00f3n para acabar cerca del pueblo de Perticara. Se ve bonito&#8230; pero hoy solo hay tiempo de pedalear. En la bajada otros dos repechos &#8216;escondidos&#8217; para seguir sumando metros de desnivel.<\/p>\n<div class=\"embed-controller-wrapper\">\n<div class=\"embed-wrapper\"><iframe title=\"Nove Colli 2018. Team Ciclored.\" width=\"500\" height=\"281\" data-src=\"https:\/\/www.youtube.com\/embed\/XqZ6IU38kQc?feature=oembed\" frameborder=\"0\" allow=\"accelerometer; autoplay; clipboard-write; encrypted-media; gyroscope; picture-in-picture; web-share\" referrerpolicy=\"strict-origin-when-cross-origin\" allowfullscreen><\/iframe><\/div>\n<\/div>\n<p>A partir de ah\u00ed, kil\u00f3metro 130, el tr\u00e1fico empieza a estar abierto, aunque controlado por los voluntarios. <strong>En Nove Colli se siguen las mismas normas que en GF Strade Bianche o Il Lombardia.<\/strong> Los kil\u00f3metros iniciales son totalmente cerrados al tr\u00e1fico para todos y a partir de cierto momento, cuando pasa el coche de &#8216;fine gara&#8217; se abre el tr\u00e1fico en sentido contrario y hay que tener cuidad. Si vas entre los 500 primeros y te est\u00e1s jugando la victoria&#8230; lo tendr\u00e1s siempre cerrado.<\/p>\n<p>El s\u00e9ptimo colle es el m\u00e1s largo, nueve kil\u00f3metros, y el que m\u00e1s alto sube, 791 metros de altitud. Es <strong>Monte Pugliano el Portalet de la Nove Colli<\/strong>. Al llegar al pie se entiende perfectamente el italiano. &#8216;Tranquilos, que este es largo&#8217;, dicen en el grupo en el que marcho. Comparado con el resto es cierto, pero su dureza es contenida. Los primeros cuatro son de falso llano ascendente y s\u00f3lo al final pica algo m\u00e1s. Hay que guardar fuerzas porque el octavo Siepi, est\u00e1 despu\u00e9s de una bajada rapida y pese a que son solo cuatro kil\u00f3metros hacen que empiecen a doler las piernas.<\/p>\n<p><a href=\"https:\/\/d2p6e6u75xmxt8.cloudfront.net\/6\/2018\/05\/sportograf-122366517_lowres.jpg\"><img loading=\"lazy\" decoding=\"async\" class=\"aligncenter size-large wp-image-2765\" src=\"https:\/\/d2p6e6u75xmxt8.cloudfront.net\/6\/2018\/05\/sportograf-122366517_lowres-1024x683.jpg\" alt=\"\" width=\"1024\" height=\"683\" srcset=\"https:\/\/d2p6e6u75xmxt8.cloudfront.net\/6\/2018\/05\/sportograf-122366517_lowres.jpg 1024w, https:\/\/d2p6e6u75xmxt8.cloudfront.net\/6\/2018\/05\/sportograf-122366517_lowres-300x200.jpg 300w, https:\/\/d2p6e6u75xmxt8.cloudfront.net\/6\/2018\/05\/sportograf-122366517_lowres-768x512.jpg 768w, https:\/\/d2p6e6u75xmxt8.cloudfront.net\/6\/2018\/05\/sportograf-122366517_lowres-272x182.jpg 272w\" sizes=\"auto, (max-width: 1024px) 100vw, 1024px\" \/><\/a><\/p>\n<p>&nbsp;<\/p>\n<p>En la cima segundo y \u00faltimo avituallamiento y a por el \u00fanico tramo &#8216;llano&#8217; en el que se puede formar grupetta, el que separa<strong> Siepi del \u00faltimo colle, Gorolo<\/strong>. Da tiempo a mirar el <strong>Castillo de San Leo,<\/strong> pero aqu\u00ed pasa como en la QH&#8230; todos van guardando fuerzas a rueda y casi tienes que pedir por favor que alguien pase al relevo. Es l\u00f3gico porque la \u00faltima ascensi\u00f3n tiene miga.\u00a0 Los n\u00fameros dicen que son solo cuatro kil\u00f3metros al 6%. Pero la realidad marca un kil\u00f3metro final al 17% en el que ya se ve a alguno andando. La pancarta de cima de colle no es el final de la subida. Todav\u00eda quedan media docena de repechos durante la bajada que rompen el ritmo a cualquiera.<\/p>\n<p>Al llegar a Savingnano sul Rubicone la carretera se vuelve plana. Y ya est\u00e1 bien despu\u00e9s de 3.780 metros de desnivel. Quedan los diez kil\u00f3metros finales que se viven con si fuese el <strong>Giro de Italia.<\/strong> Viento de costado. Grupetta enfilada. Tres repechos de autov\u00eda para romper el ritmo y las piernas de alguno. Y siempre un &#8216;sat\u00e9lite&#8217; que ataca a un kil\u00f3metro de meta despu\u00e9s de ir todo el llano a rueda. Cosas del ciclismo.<\/p>\n<p><a href=\"https:\/\/d2p6e6u75xmxt8.cloudfront.net\/6\/2018\/05\/sportograf-122347812_lowres.jpg\"><img loading=\"lazy\" decoding=\"async\" class=\"aligncenter size-large wp-image-2766\" src=\"https:\/\/d2p6e6u75xmxt8.cloudfront.net\/6\/2018\/05\/sportograf-122347812_lowres-1024x681.jpg\" alt=\"\" width=\"1024\" height=\"681\" srcset=\"https:\/\/d2p6e6u75xmxt8.cloudfront.net\/6\/2018\/05\/sportograf-122347812_lowres.jpg 1024w, https:\/\/d2p6e6u75xmxt8.cloudfront.net\/6\/2018\/05\/sportograf-122347812_lowres-300x200.jpg 300w, https:\/\/d2p6e6u75xmxt8.cloudfront.net\/6\/2018\/05\/sportograf-122347812_lowres-768x511.jpg 768w, https:\/\/d2p6e6u75xmxt8.cloudfront.net\/6\/2018\/05\/sportograf-122347812_lowres-272x182.jpg 272w\" sizes=\"auto, (max-width: 1024px) 100vw, 1024px\" \/><\/a><\/p>\n<p>En meta hay sprint de grupo, m\u00fasica atronadora, medalla, pasta party y una feria de ciclismo con m\u00e1s de medio centenar de marcas representadas. Lo que no puedas comprar en la Nove Colli relacionado con el ciclismo.. es imposible encontrarlo en ning\u00fan otro lado. <strong>Y solo 500 metros mas all\u00e1 la estatua homenaje de Cesen\u00e1tico a Marco Pantani<\/strong>. No se me ocurre lugar mejor para inmortalizar mi paso por la Nove Colli.<\/p>\n<p>Los datos del <a href=\"https:\/\/www.strava.com\/activities\/1584169653\">Garmin dicen que he necesitado 7.00 horas para hacer los 205 kil\u00f3metros y superar los 3.780 metros<\/a> de desnivel (ojo, que Quebrantahuesos son 3.400 metros de desnivel). En vatios, una potencia media ponderada de 200, que no est\u00e1 nada mal para los 58 kilos. Y en hambre, medio buffet del Hotel Lungomare.<\/p>\n<div class=\"embed-controller-wrapper\">\n<div class=\"embed-wrapper\"><iframe title=\"Nove Colli 2018. Meta Marco Pantani\" width=\"500\" height=\"281\" data-src=\"https:\/\/www.youtube.com\/embed\/dQ2fyrNhxkU?feature=oembed\" frameborder=\"0\" allow=\"accelerometer; autoplay; clipboard-write; encrypted-media; gyroscope; picture-in-picture; web-share\" referrerpolicy=\"strict-origin-when-cross-origin\" allowfullscreen><\/iframe><\/div>\n<\/div>\n","protected":false},"excerpt":{"rendered":"<p>La \u00a0Nove Colli\u00a0es la esencia pura del ciclismo italiano. Primero porque es la ciclodeportiva m\u00e1s antigua con ya 48 ediciones [&hellip;]<\/p>\n","protected":false},"author":29,"featured_media":2767,"comment_status":"open","ping_status":"open","sticky":false,"template":"","format":"standard","meta":{"footnotes":""},"categories":[7],"tags":[448,446,445,447],"global-categories":[],"class_list":["post-2723","post","type-post","status-publish","format-standard","has-post-thumbnail","hentry","category-carretera","tag-marchas-ciclistas-italianas","tag-nove-colli","tag-nove-colli-2018","tag-viaje-nove-colli"],"yoast_head":"<!-- This site is optimized with the Yoast SEO Premium plugin v25.3 (Yoast SEO v25.9) - https:\/\/yoast.com\/wordpress\/plugins\/seo\/ -->\n<title>Nove Colli 2018, la QH italiana - \u0160koda We Love Cycling - Spain<\/title>\n<meta name=\"description\" content=\"La Nove Colli es la marcha italiana por excelencia. 48 ediciones de una ciclodeportiva que empieza y acaba en Cesen\u00e1tico, la ciudad natal de Pantani, con 205 kil\u00f3metros y 3.780 metros de desnivel por los Apeninos de la Emilia Romagna.\" \/>\n<meta name=\"robots\" content=\"index, follow, max-snippet:-1, max-image-preview:large, max-video-preview:-1\" \/>\n<link rel=\"canonical\" href=\"https:\/\/www.welovecycling.com\/es\/2018\/05\/23\/nove-colli\/\" \/>\n<meta property=\"og:locale\" content=\"es_ES\" \/>\n<meta property=\"og:type\" content=\"article\" \/>\n<meta property=\"og:title\" content=\"Nove Colli 2018, la QH italiana\" \/>\n<meta property=\"og:description\" content=\"La Nove Colli es la marcha italiana por excelencia. 48 ediciones de una ciclodeportiva que empieza y acaba en Cesen\u00e1tico, la ciudad natal de Pantani, con 205 kil\u00f3metros y 3.780 metros de desnivel por los Apeninos de la Emilia Romagna.\" \/>\n<meta property=\"og:url\" content=\"https:\/\/www.welovecycling.com\/es\/2018\/05\/23\/nove-colli\/\" \/>\n<meta property=\"og:site_name\" content=\"\u0160koda We Love Cycling - Spain\" \/>\n<meta property=\"article:published_time\" content=\"2018-05-23T13:09:57+00:00\" \/>\n<meta property=\"article:modified_time\" content=\"2018-05-23T13:46:27+00:00\" \/>\n<meta property=\"og:image\" content=\"https:\/\/d2p6e6u75xmxt8.cloudfront.net\/6\/2018\/05\/sportograf-122510364_lowres.jpg\" \/>\n\t<meta property=\"og:image:width\" content=\"1024\" \/>\n\t<meta property=\"og:image:height\" content=\"681\" \/>\n\t<meta property=\"og:image:type\" content=\"image\/jpeg\" \/>\n<meta name=\"author\" content=\"We Love Cycling Spain\" \/>\n<meta name=\"twitter:card\" content=\"summary_large_image\" \/>\n<meta name=\"twitter:title\" content=\"Nove Colli 2018, la QH italiana\" \/>\n<meta name=\"twitter:description\" content=\"La Nove Colli es la marcha italiana por excelencia. 48 ediciones de una ciclodeportiva que empieza y acaba en Cesen\u00e1tico, la ciudad natal de Pantani, con 205 kil\u00f3metros y 3.780 metros de desnivel por los Apeninos de la Emilia Romagna.\" \/>\n<meta name=\"twitter:label1\" content=\"Written by\" \/>\n\t<meta name=\"twitter:data1\" content=\"Luis Ortega @ciclored\" \/>\n\t<meta name=\"twitter:label2\" content=\"Est. reading time\" \/>\n\t<meta name=\"twitter:data2\" content=\"9 minutes\" \/>\n<script type=\"application\/ld+json\" class=\"yoast-schema-graph\">{\"@context\":\"https:\/\/schema.org\",\"@graph\":[{\"@type\":\"WebPage\",\"@id\":\"https:\/\/www.welovecycling.com\/es\/2018\/05\/23\/nove-colli\/\",\"url\":\"https:\/\/www.welovecycling.com\/es\/2018\/05\/23\/nove-colli\/\",\"name\":\"Nove Colli 2018, la QH italiana - \u0160koda We Love Cycling - Spain\",\"isPartOf\":{\"@id\":\"https:\/\/www.welovecycling.com\/es\/#website\"},\"primaryImageOfPage\":{\"@id\":\"https:\/\/www.welovecycling.com\/es\/2018\/05\/23\/nove-colli\/#primaryimage\"},\"image\":{\"@id\":\"https:\/\/www.welovecycling.com\/es\/2018\/05\/23\/nove-colli\/#primaryimage\"},\"thumbnailUrl\":\"https:\/\/d2p6e6u75xmxt8.cloudfront.net\/6\/2018\/05\/sportograf-122510364_lowres.jpg\",\"datePublished\":\"2018-05-23T13:09:57+00:00\",\"dateModified\":\"2018-05-23T13:46:27+00:00\",\"author\":{\"@id\":\"https:\/\/www.welovecycling.com\/es\/#\/schema\/person\/deb61715b5812698ee79fb96f343ccd4\"},\"description\":\"La Nove Colli es la marcha italiana por excelencia. 48 ediciones de una ciclodeportiva que empieza y acaba en Cesen\u00e1tico, la ciudad natal de Pantani, con 205 kil\u00f3metros y 3.780 metros de desnivel por los Apeninos de la Emilia Romagna.\",\"breadcrumb\":{\"@id\":\"https:\/\/www.welovecycling.com\/es\/2018\/05\/23\/nove-colli\/#breadcrumb\"},\"inLanguage\":\"es-ES\",\"potentialAction\":[{\"@type\":\"ReadAction\",\"target\":[\"https:\/\/www.welovecycling.com\/es\/2018\/05\/23\/nove-colli\/\"]}]},{\"@type\":\"ImageObject\",\"inLanguage\":\"es-ES\",\"@id\":\"https:\/\/www.welovecycling.com\/es\/2018\/05\/23\/nove-colli\/#primaryimage\",\"url\":\"https:\/\/d2p6e6u75xmxt8.cloudfront.net\/6\/2018\/05\/sportograf-122510364_lowres.jpg\",\"contentUrl\":\"https:\/\/d2p6e6u75xmxt8.cloudfront.net\/6\/2018\/05\/sportograf-122510364_lowres.jpg\",\"width\":1024,\"height\":681},{\"@type\":\"BreadcrumbList\",\"@id\":\"https:\/\/www.welovecycling.com\/es\/2018\/05\/23\/nove-colli\/#breadcrumb\",\"itemListElement\":[{\"@type\":\"ListItem\",\"position\":1,\"name\":\"Home\",\"item\":\"https:\/\/www.welovecycling.com\/es\/\"},{\"@type\":\"ListItem\",\"position\":2,\"name\":\"Nove Colli 2018, la QH italiana\"}]},{\"@type\":\"WebSite\",\"@id\":\"https:\/\/www.welovecycling.com\/es\/#website\",\"url\":\"https:\/\/www.welovecycling.com\/es\/\",\"name\":\"\u0160koda We Love Cycling - Spain\",\"description\":\"\u0160koda WeLoveCycling Spain\",\"potentialAction\":[{\"@type\":\"SearchAction\",\"target\":{\"@type\":\"EntryPoint\",\"urlTemplate\":\"https:\/\/www.welovecycling.com\/es\/?s={search_term_string}\"},\"query-input\":{\"@type\":\"PropertyValueSpecification\",\"valueRequired\":true,\"valueName\":\"search_term_string\"}}],\"inLanguage\":\"es-ES\"},{\"@type\":\"Person\",\"@id\":\"https:\/\/www.welovecycling.com\/es\/#\/schema\/person\/deb61715b5812698ee79fb96f343ccd4\",\"name\":\"We Love Cycling Spain\",\"image\":{\"@type\":\"ImageObject\",\"inLanguage\":\"es-ES\",\"@id\":\"https:\/\/www.welovecycling.com\/es\/#\/schema\/person\/image\/\",\"url\":\"https:\/\/secure.gravatar.com\/avatar\/c824b04e6df0e37a03219d0b6481672889df542894588964102459e46513159c?s=96&d=mm&r=g\",\"contentUrl\":\"https:\/\/secure.gravatar.com\/avatar\/c824b04e6df0e37a03219d0b6481672889df542894588964102459e46513159c?s=96&d=mm&r=g\",\"caption\":\"We Love Cycling Spain\"},\"url\":\"https:\/\/www.welovecycling.com\/es\/author\/amunoz\/\"}]}<\/script>\n<!-- \/ Yoast SEO Premium plugin. -->","yoast_head_json":{"title":"Nove Colli 2018, la QH italiana - \u0160koda We Love Cycling - Spain","description":"La Nove Colli es la marcha italiana por excelencia. 48 ediciones de una ciclodeportiva que empieza y acaba en Cesen\u00e1tico, la ciudad natal de Pantani, con 205 kil\u00f3metros y 3.780 metros de desnivel por los Apeninos de la Emilia Romagna.","robots":{"index":"index","follow":"follow","max-snippet":"max-snippet:-1","max-image-preview":"max-image-preview:large","max-video-preview":"max-video-preview:-1"},"canonical":"https:\/\/www.welovecycling.com\/es\/2018\/05\/23\/nove-colli\/","og_locale":"es_ES","og_type":"article","og_title":"Nove Colli 2018, la QH italiana","og_description":"La Nove Colli es la marcha italiana por excelencia. 48 ediciones de una ciclodeportiva que empieza y acaba en Cesen\u00e1tico, la ciudad natal de Pantani, con 205 kil\u00f3metros y 3.780 metros de desnivel por los Apeninos de la Emilia Romagna.","og_url":"https:\/\/www.welovecycling.com\/es\/2018\/05\/23\/nove-colli\/","og_site_name":"\u0160koda We Love Cycling - Spain","article_published_time":"2018-05-23T13:09:57+00:00","article_modified_time":"2018-05-23T13:46:27+00:00","og_image":[{"width":1024,"height":681,"url":"https:\/\/d2p6e6u75xmxt8.cloudfront.net\/6\/2018\/05\/sportograf-122510364_lowres.jpg","type":"image\/jpeg"}],"author":"We Love Cycling Spain","twitter_card":"summary_large_image","twitter_title":"Nove Colli 2018, la QH italiana","twitter_description":"La Nove Colli es la marcha italiana por excelencia. 48 ediciones de una ciclodeportiva que empieza y acaba en Cesen\u00e1tico, la ciudad natal de Pantani, con 205 kil\u00f3metros y 3.780 metros de desnivel por los Apeninos de la Emilia Romagna.","twitter_misc":{"Written by":"Luis Ortega @ciclored","Est. reading time":"9 minutes"},"schema":{"@context":"https:\/\/schema.org","@graph":[{"@type":"WebPage","@id":"https:\/\/www.welovecycling.com\/es\/2018\/05\/23\/nove-colli\/","url":"https:\/\/www.welovecycling.com\/es\/2018\/05\/23\/nove-colli\/","name":"Nove Colli 2018, la QH italiana - \u0160koda We Love Cycling - Spain","isPartOf":{"@id":"https:\/\/www.welovecycling.com\/es\/#website"},"primaryImageOfPage":{"@id":"https:\/\/www.welovecycling.com\/es\/2018\/05\/23\/nove-colli\/#primaryimage"},"image":{"@id":"https:\/\/www.welovecycling.com\/es\/2018\/05\/23\/nove-colli\/#primaryimage"},"thumbnailUrl":"https:\/\/d2p6e6u75xmxt8.cloudfront.net\/6\/2018\/05\/sportograf-122510364_lowres.jpg","datePublished":"2018-05-23T13:09:57+00:00","dateModified":"2018-05-23T13:46:27+00:00","author":{"@id":"https:\/\/www.welovecycling.com\/es\/#\/schema\/person\/deb61715b5812698ee79fb96f343ccd4"},"description":"La Nove Colli es la marcha italiana por excelencia. 48 ediciones de una ciclodeportiva que empieza y acaba en Cesen\u00e1tico, la ciudad natal de Pantani, con 205 kil\u00f3metros y 3.780 metros de desnivel por los Apeninos de la Emilia Romagna.","breadcrumb":{"@id":"https:\/\/www.welovecycling.com\/es\/2018\/05\/23\/nove-colli\/#breadcrumb"},"inLanguage":"es-ES","potentialAction":[{"@type":"ReadAction","target":["https:\/\/www.welovecycling.com\/es\/2018\/05\/23\/nove-colli\/"]}]},{"@type":"ImageObject","inLanguage":"es-ES","@id":"https:\/\/www.welovecycling.com\/es\/2018\/05\/23\/nove-colli\/#primaryimage","url":"https:\/\/d2p6e6u75xmxt8.cloudfront.net\/6\/2018\/05\/sportograf-122510364_lowres.jpg","contentUrl":"https:\/\/d2p6e6u75xmxt8.cloudfront.net\/6\/2018\/05\/sportograf-122510364_lowres.jpg","width":1024,"height":681},{"@type":"BreadcrumbList","@id":"https:\/\/www.welovecycling.com\/es\/2018\/05\/23\/nove-colli\/#breadcrumb","itemListElement":[{"@type":"ListItem","position":1,"name":"Home","item":"https:\/\/www.welovecycling.com\/es\/"},{"@type":"ListItem","position":2,"name":"Nove Colli 2018, la QH italiana"}]},{"@type":"WebSite","@id":"https:\/\/www.welovecycling.com\/es\/#website","url":"https:\/\/www.welovecycling.com\/es\/","name":"\u0160koda We Love Cycling - Spain","description":"\u0160koda WeLoveCycling Spain","potentialAction":[{"@type":"SearchAction","target":{"@type":"EntryPoint","urlTemplate":"https:\/\/www.welovecycling.com\/es\/?s={search_term_string}"},"query-input":{"@type":"PropertyValueSpecification","valueRequired":true,"valueName":"search_term_string"}}],"inLanguage":"es-ES"},{"@type":"Person","@id":"https:\/\/www.welovecycling.com\/es\/#\/schema\/person\/deb61715b5812698ee79fb96f343ccd4","name":"We Love Cycling Spain","image":{"@type":"ImageObject","inLanguage":"es-ES","@id":"https:\/\/www.welovecycling.com\/es\/#\/schema\/person\/image\/","url":"https:\/\/secure.gravatar.com\/avatar\/c824b04e6df0e37a03219d0b6481672889df542894588964102459e46513159c?s=96&d=mm&r=g","contentUrl":"https:\/\/secure.gravatar.com\/avatar\/c824b04e6df0e37a03219d0b6481672889df542894588964102459e46513159c?s=96&d=mm&r=g","caption":"We Love Cycling Spain"},"url":"https:\/\/www.welovecycling.com\/es\/author\/amunoz\/"}]}},"_links":{"self":[{"href":"https:\/\/www.welovecycling.com\/es\/wp-json\/wp\/v2\/posts\/2723","targetHints":{"allow":["GET"]}}],"collection":[{"href":"https:\/\/www.welovecycling.com\/es\/wp-json\/wp\/v2\/posts"}],"about":[{"href":"https:\/\/www.welovecycling.com\/es\/wp-json\/wp\/v2\/types\/post"}],"author":[{"embeddable":true,"href":"https:\/\/www.welovecycling.com\/es\/wp-json\/wp\/v2\/users\/29"}],"replies":[{"embeddable":true,"href":"https:\/\/www.welovecycling.com\/es\/wp-json\/wp\/v2\/comments?post=2723"}],"version-history":[{"count":2,"href":"https:\/\/www.welovecycling.com\/es\/wp-json\/wp\/v2\/posts\/2723\/revisions"}],"predecessor-version":[{"id":2768,"href":"https:\/\/www.welovecycling.com\/es\/wp-json\/wp\/v2\/posts\/2723\/revisions\/2768"}],"wp:featuredmedia":[{"embeddable":true,"href":"https:\/\/www.welovecycling.com\/es\/wp-json\/wp\/v2\/media\/2767"}],"wp:attachment":[{"href":"https:\/\/www.welovecycling.com\/es\/wp-json\/wp\/v2\/media?parent=2723"}],"wp:term":[{"taxonomy":"category","embeddable":true,"href":"https:\/\/www.welovecycling.com\/es\/wp-json\/wp\/v2\/categories?post=2723"},{"taxonomy":"post_tag","embeddable":true,"href":"https:\/\/www.welovecycling.com\/es\/wp-json\/wp\/v2\/tags?post=2723"},{"taxonomy":"global-categories","embeddable":true,"href":"https:\/\/www.welovecycling.com\/es\/wp-json\/wp\/v2\/global-categories?post=2723"}],"curies":[{"name":"wp","href":"https:\/\/api.w.org\/{rel}","templated":true}]}}