{"id":2712,"date":"2018-05-21T09:02:26","date_gmt":"2018-05-21T07:02:26","guid":{"rendered":"https:\/\/www.welovecycling.com\/es\/?p=2712"},"modified":"2018-05-21T09:02:26","modified_gmt":"2018-05-21T07:02:26","slug":"por-las-colinas-de-marco-pantani","status":"publish","type":"post","link":"https:\/\/www.welovecycling.com\/es\/2018\/05\/21\/por-las-colinas-de-marco-pantani\/","title":{"rendered":"Por las colinas de Marco Pantani"},"content":{"rendered":"<p><strong>La leyenda del ciclismo recuerda a <a href=\"http:\/\/www.pantani.it\/\">Marco Pantani<\/a> como uno de los mejores escaladores de la historia. Si atendemos a t\u00f3picos pensar\u00edamos que pudo nacer y vivir entre altas monta\u00f1as. Al contrario. Pantani naci\u00f3 a cero metros de altitud, en <a href=\"http:\/\/www.emiliaromagnaturismo.it\/it\/localita\/cesenatico-fc\/scheda?ID=442\">Cesen\u00e1tico<\/a> (<a href=\"http:\/\/www.emiliaromagnaturismo.it\/it\">Emilia Romagna<\/a>), a nivel del mar. Una ciudad costera y pescadora, pero con una tradici\u00f3n ciclista bien arraigada. No en vano su marcha ciclodeportiva, la <a href=\"http:\/\/www.emiliaromagnaturismo.it\/it\/eventi\/forli-cesena\/cesenatico-e-dintorni\/nove-colli\">Nove Colli<\/a>, en 2018 ha cumplido ya su 48 edici\u00f3n. Curiosamente, los mismos a\u00f1os que tendr\u00eda ahora el Pirata.<\/strong><!--more--><br \/>\nPara recorrer los parajes por donde se hizo ciclista Marco Pantani utilizamos dos d\u00edas, pero bien podr\u00edamos haber empleado una semana. Partiendo desde la Costa Adri\u00e1tica se pueden hacer cientos de etapas en las que mezclas los tramos llanos de la zona de la costa, desde <strong>Cesen\u00e1tico a Cattolica<\/strong> pasando por la hist\u00f3rica <strong>R\u00edmini<\/strong> y la tur\u00edstica <strong>Riccione<\/strong>, hasta las miles de colinas del interior, justo donde acaban los Apeninos.<\/p>\n<p><a href=\"https:\/\/d2p6e6u75xmxt8.cloudfront.net\/6\/2018\/05\/32919048_10213811782561737_8929808810265018368_n.jpg\"><img loading=\"lazy\" decoding=\"async\" class=\"aligncenter size-full wp-image-2717\" src=\"https:\/\/d2p6e6u75xmxt8.cloudfront.net\/6\/2018\/05\/32919048_10213811782561737_8929808810265018368_n.jpg\" alt=\"\" width=\"960\" height=\"720\" srcset=\"https:\/\/d2p6e6u75xmxt8.cloudfront.net\/6\/2018\/05\/32919048_10213811782561737_8929808810265018368_n.jpg 960w, https:\/\/d2p6e6u75xmxt8.cloudfront.net\/6\/2018\/05\/32919048_10213811782561737_8929808810265018368_n-300x225.jpg 300w, https:\/\/d2p6e6u75xmxt8.cloudfront.net\/6\/2018\/05\/32919048_10213811782561737_8929808810265018368_n-768x576.jpg 768w\" sizes=\"auto, (max-width: 960px) 100vw, 960px\" \/><\/a><\/p>\n<p>Para guiarnos nadie mejor que los ciclistas de Turismo de la Emilia Romagna, <a href=\"https:\/\/www.facebook.com\/andrea.manusia\">Andrea Manusia<\/a> y el ex profesional <a href=\"https:\/\/www.instagram.com\/malagutiale\/\">Alessandro Malaguti<\/a>. No solo conocen las carreteras y las colinas, sino tambi\u00e9n los lugares ideales para tomar un buen expresso, un mejor gelatto o comerse las t\u00edpicas piadinas, una especie de crep que se rellena con comida que era la forma de vida de la familia Pantani.<\/p>\n<h2>Etapa 1. Montevecchio, la primera Cima Pantani<\/h2>\n<p>Una de las grandes ventajas de Cesen\u00e1tico es que durante el verano es un lugar habitual de vacaciones de italianos y de parte del norte de Europa. Tiene una gran oferta hotelera y en los \u00faltimos a\u00f1os se han adaptado el ciclismo para los meses de invierno. As\u00ed no que es dif\u00edcil encontrar un <strong>bike hotel<\/strong> como el <a href=\"http:\/\/www.hlungomare.com\/lang\/IT\/homepage\">Lungomare<\/a>, con garaje para bicis, servicio de alquiler por si no te quieres traer la tuya, taller mec\u00e1nico, spa, men\u00fas adecuados para ciclistas, piscina y justo en primera l\u00ednea de playa.<\/p>\n<p><a href=\"https:\/\/www.strava.com\/activities\/1579770884\">La etapa en Strava &gt;<\/a><\/p>\n<p>Desayuno como para ganar el Giro (es lo malo de los buffets libres) y a dar pedales. Lo primero, eso s\u00ed, rendir culto a Marco Pantani. Justo a solo un kil\u00f3metro del hotel, ya en Cesen\u00e1tico, est\u00e1 uno de los monumentos del Pirata. No ser\u00e1 el \u00fanico que veremos a lo largo del d\u00eda. Su historia ciclista cal\u00f3 hondo. Incluso antes de salir del pueblo se puede pasar por delante de su casa, que ahora acoge los veh\u00edculos del equipo de la Fundaci\u00f3n Marco Pantani.<\/p>\n<p>La costa nos asegura un inicio plano ideal para calentar, pero es el peaje que hay que pagar para encontrar las monta\u00f1as. No es el peor. Se pueden elegir un mont\u00f3n de carreteras para llegar a C\u00e9sena, la capital de la provincia, y a unos 20 kil\u00f3metros de la costa. Desde all\u00ed puedes tomar el camino a San Tomaso o a Aquarola, que te aseguran subidas, pero nosotros seguimos 10 kil\u00f3metros m\u00e1s hasta Borrello, donde se inicia la subida a Montevecchio.<\/p>\n<p><a href=\"https:\/\/d2p6e6u75xmxt8.cloudfront.net\/6\/2018\/05\/Nove-Colli-Pantani.jpg\"><img loading=\"lazy\" decoding=\"async\" class=\"aligncenter size-full wp-image-2718\" src=\"https:\/\/d2p6e6u75xmxt8.cloudfront.net\/6\/2018\/05\/Nove-Colli-Pantani.jpg\" alt=\"\" width=\"960\" height=\"720\" srcset=\"https:\/\/d2p6e6u75xmxt8.cloudfront.net\/6\/2018\/05\/Nove-Colli-Pantani.jpg 960w, https:\/\/d2p6e6u75xmxt8.cloudfront.net\/6\/2018\/05\/Nove-Colli-Pantani-300x225.jpg 300w, https:\/\/d2p6e6u75xmxt8.cloudfront.net\/6\/2018\/05\/Nove-Colli-Pantani-768x576.jpg 768w\" sizes=\"auto, (max-width: 960px) 100vw, 960px\" \/><\/a><\/p>\n<p>No es ni la m\u00e1s dura, ni la m\u00e1s larga de la zona, pero s\u00ed es la primera que utiliz\u00f3 Pantani para sus entrenamientos. Son cuatro kil\u00f3metros a una media del 7%. Con un inicio duro pero que se va desinflando conforme pasa la ascensi\u00f3n. Asfalto roto. Hay que buscar el mejor lugar para afrontarla. Y en cada curva aparece el nombre del Pirata pintado en rosa. No en vano es la subida clave en la carrera profesional que lleva su nombre, <a href=\"http:\/\/www.gsemilia.net\/a34_memorial-pantani.html\">Memorial Marco Pantani<\/a>, y que se celebra en el mes de septiembre.<\/p>\n<p>Y en la cima las vistas a las primeras estribaciones de los Apeninos y un monumento recuerdo a Pantani. Este es m\u00e1s simple. Una roca con una foto del Pirata vestido de rosa durante el Giro de 1997. Sencillo y emotivo a la vez.<br \/>\nDescenso italiano (siempre hay tornantis y es peligroso) y empezamos a &#8216;colinear&#8217;. Una vez que te metes en el terreno monta\u00f1oso puedes ir subiendo y bajando peque\u00f1as colinas constantemente. Y siempre en la cima te encuentras alg\u00fan regalo. Puede ser un castello, una abad\u00eda, o una iglesia.<\/p>\n<div class=\"embed-controller-wrapper\">\n<div class=\"embed-wrapper\"><iframe title=\"Montevecchio. Cima Marco Pantani. Emilia Romagna. Nove Colli\" width=\"500\" height=\"281\" data-src=\"https:\/\/www.youtube.com\/embed\/aNRBLI4yekI?feature=oembed\" frameborder=\"0\" allow=\"accelerometer; autoplay; clipboard-write; encrypted-media; gyroscope; picture-in-picture; web-share\" referrerpolicy=\"strict-origin-when-cross-origin\" allowfullscreen><\/iframe><\/div>\n<\/div>\n<p>Pasado por el <a href=\"http:\/\/www.emiliaromagna.beniculturali.it\/index.php?it\/108\/ricerca-itinerari\/18\/322\">Castello de Sorrivoli<\/a>. Foto para ver el paisaje, plagado de colinas y campos, y descenso por un muro que dan ganas de subir. Un kil\u00f3metro y medio al 18%. T\u00edpico del Giro de Italia&#8230; y no en vano la carrera ha pasado por aqu\u00ed en dos ocasiones. En la \u00faltima venci\u00f3 Emanuelle Sella.<\/p>\n<p>Nueva subida, esta vez a <a href=\"https:\/\/www.travelemiliaromagna.it\/emilia-romagna-borghi-monteleone\/\">Monteleone<\/a>. S\u00f3lo tres kil\u00f3metros pero a una media del 8%. Ideal para pegarse un calent\u00f3n porque en la cima est\u00e1 una aldea con olor medieval, castillo, iglesia y plaza dedicada a Lord Byron, que pas\u00f3 all\u00ed algunos meses de su vida. Todo en tan poco tiempo. Y tambi\u00e9n para echarse el expresso de rigor en cada salida ciclista.<\/p>\n<p><a href=\"https:\/\/d2p6e6u75xmxt8.cloudfront.net\/6\/2018\/05\/32808422_10213811861083700_3873589098266492928_n.jpg\"><img loading=\"lazy\" decoding=\"async\" class=\"aligncenter size-full wp-image-2719\" src=\"https:\/\/d2p6e6u75xmxt8.cloudfront.net\/6\/2018\/05\/32808422_10213811861083700_3873589098266492928_n.jpg\" alt=\"\" width=\"960\" height=\"720\" srcset=\"https:\/\/d2p6e6u75xmxt8.cloudfront.net\/6\/2018\/05\/32808422_10213811861083700_3873589098266492928_n.jpg 960w, https:\/\/d2p6e6u75xmxt8.cloudfront.net\/6\/2018\/05\/32808422_10213811861083700_3873589098266492928_n-300x225.jpg 300w, https:\/\/d2p6e6u75xmxt8.cloudfront.net\/6\/2018\/05\/32808422_10213811861083700_3873589098266492928_n-768x576.jpg 768w\" sizes=\"auto, (max-width: 960px) 100vw, 960px\" \/><\/a><\/p>\n<p>Queda el descenso hacia Montiano y desde all\u00ed el llaneo a Cesen\u00e1tico. Pero la ruta se podr\u00eda alargar por cualquiera de las colinas de alrededor, que hay para elegir. Sogliano al Rubiccone, Roncofredo o <a href=\"http:\/\/www.novecolli.it\/it-IT\/percorso\">Gorolo, la \u00faltima subida de la Nove Colli<\/a>, que, evidentemente, se llama as\u00ed por las nueve colinas que se suben en su recorrido.<\/p>\n<div class=\"embed-controller-wrapper\">\n<div class=\"embed-wrapper\"><iframe title=\"Playa Cesenatico. Nove Colli 2018. Emilia Romagna\" width=\"500\" height=\"281\" data-src=\"https:\/\/www.youtube.com\/embed\/grXpEh6XlUM?feature=oembed\" frameborder=\"0\" allow=\"accelerometer; autoplay; clipboard-write; encrypted-media; gyroscope; picture-in-picture; web-share\" referrerpolicy=\"strict-origin-when-cross-origin\" allowfullscreen><\/iframe><\/div>\n<\/div>\n<p>Para terminar antes de ir al buffet, al spa y a la playa del Hotel merece la pena pasarse por el canal de Cesen\u00e1tico, con barcos antiguos restaurados y pedalear por el Lungomare de una de esas ciudades que suelen ilustrar los iconos de los pueblos del Mediterr\u00e1neo. Y por la noche para recuperar las piernas, hidrato italiano puro. Pizza, caf\u00e9 y todo tipo de pescados, pero para eso Cesen\u00e1tico est\u00e1 pegado al mar. Placeres ciclistas.<\/p>\n<h2>Etapa 2. Bertinoro y Teodorano<\/h2>\n<p>Para la segunda etapa tocaba reconocer el terreno de la <strong>Nove Colli y alguno de los cientos de repechos &#8216;desconocidos&#8217; de la Emilia Romagna<\/strong>. Lo ideal de esta zona es que tras 20 kil\u00f3metros de calentamiento te puedes &#8216;perder&#8217; por las colinas que quieras. Da igual la carretera que quieras tomar. Cualquiera de te puede llevar a una subida de seis kil\u00f3metros rematada con un castillo o un repecho de un kil\u00f3metro al 15% que merece la pena visitar porque en su cima hay un pueblo medieval.<\/p>\n<p><a href=\"https:\/\/www.strava.com\/activities\/1582023315\">La etapa en Strava &gt;<\/a><\/p>\n<p>Esta vez el calentamiento lo hicimos rodando hacia Bertinoro para ascender por la cara contraria a la que se hace en la Nove Colli. Una rampa del 10% al inicio para asustar y que va bajando poco a poco con el transcurso de los kil\u00f3metros. Pedaleable. Cima con vistas a la llanura y al mar Adri\u00e1tico y dos kil\u00f3metros de regalo m\u00e1s hasta la ciudad de <strong>Bertinoro. Es algo habitual en la Emilia Romagna, l<\/strong>as colinas casi nunca tienen una bajada continua, sino que te vas a encontrar repechos repartidos por toda la bajada.<\/p>\n<p><a href=\"https:\/\/d2p6e6u75xmxt8.cloudfront.net\/6\/2018\/05\/colinas-2.jpg\"><img loading=\"lazy\" decoding=\"async\" class=\"aligncenter size-large wp-image-2720\" src=\"https:\/\/d2p6e6u75xmxt8.cloudfront.net\/6\/2018\/05\/colinas-2-1024x768.jpg\" alt=\"\" width=\"1024\" height=\"768\" srcset=\"https:\/\/d2p6e6u75xmxt8.cloudfront.net\/6\/2018\/05\/colinas-2.jpg 1024w, https:\/\/d2p6e6u75xmxt8.cloudfront.net\/6\/2018\/05\/colinas-2-300x225.jpg 300w, https:\/\/d2p6e6u75xmxt8.cloudfront.net\/6\/2018\/05\/colinas-2-768x576.jpg 768w\" sizes=\"auto, (max-width: 1024px) 100vw, 1024px\" \/><\/a><\/p>\n<p>En nuestro caso el &#8216;repecho&#8217; nos lleva a ciudad medieval de Bertinoro y son 600 metros de adoquines atravesando la muralla hasta llegar a la plaza central con su iglesia. Perfecto para los 33 kil\u00f3metros que llevamos, pero hay que alargar m\u00e1s. Todav\u00eda hay ganas en la grupetta.<\/p>\n<p>Descenso, terreno de repechos y giro para ascender al Castillo de Teodorano. Son cuatro kil\u00f3metros al 5 por ciento que se hacen m\u00e1s que asequibles. Las vistas de la cima os las podeis imaginar. Como ya hemos hecho hambre para comer nos tienen preparada la visita al <a href=\"https:\/\/www.termedellafratta.com\/it\">Gran Hotel della Fratta, en Fratta Terme<\/a>. Es de esos edificios construidos en la \u00e9poca de Mussolini con recuerdos de la \u00e9poca romana. En su interior alberga un spa de aguas termales, otro de los alicientes de la regi\u00f3n. Y un restaurante de esos en los que elaboran la pasta con el sabor distinto que le dan en Italia.<\/p>\n<p><a href=\"https:\/\/d2p6e6u75xmxt8.cloudfront.net\/6\/2018\/05\/Castello.jpg\"><img loading=\"lazy\" decoding=\"async\" class=\"aligncenter size-large wp-image-2721\" src=\"https:\/\/d2p6e6u75xmxt8.cloudfront.net\/6\/2018\/05\/Castello-1024x768.jpg\" alt=\"\" width=\"1024\" height=\"768\" srcset=\"https:\/\/d2p6e6u75xmxt8.cloudfront.net\/6\/2018\/05\/Castello.jpg 1024w, https:\/\/d2p6e6u75xmxt8.cloudfront.net\/6\/2018\/05\/Castello-300x225.jpg 300w, https:\/\/d2p6e6u75xmxt8.cloudfront.net\/6\/2018\/05\/Castello-768x576.jpg 768w\" sizes=\"auto, (max-width: 1024px) 100vw, 1024px\" \/><\/a><\/p>\n<p>Una hora de bici para bajar la comida con el paso por la plaza de la ciudad medieval de <a href=\"http:\/\/www.emiliaromagnaturismo.it\/it\/localita\/forlimpopoli-fc\/scheda?ID=353\">Forlimpopoli<\/a> y\u00a0 las salinas de <strong>Cervia y al llegar a Cesen\u00e1tico<\/strong> se nos han ido la ruta a los 105 kil\u00f3metros, que para ser el d\u00eda previo a la Nove Colli no est\u00e1 nada mal. Para rematar toca apartar los pedales y pasar por el <a href=\"http:\/\/www.pantani.it\/spazio-pantani\/museo\/\">Museo de Marco Pantani<\/a>, que reconvirti\u00f3 la antigua estaci\u00f3n de tren.<\/p>\n<p>El Museo abre todos los d\u00edas\u00a0 y est\u00e1 dedicado por completo a la memoria del Pirata. Si viviste sus haza\u00f1as en bici te recordar\u00e1 los momentos m\u00e1s importantes. No en vano est\u00e1 dividido en tres salas y dos de ellas se<strong> llaman Mortirolo y Alpe d Huez. Bicis, v\u00eddeos, equipaciones, sonidos, fotos hist\u00f3ricas<\/strong>&#8230; incluso una tienda para comprar recuerdos.<\/p>\n<p><img loading=\"lazy\" decoding=\"async\" class=\"alignnone size-extra-large\" src=\"https:\/\/www.merkabici.es\/blog\/wp-content\/uploads\/2014\/12\/pantani_museo.jpg\" width=\"1024\" height=\"743\" \/><br \/>\nEs el lugar ideal para terminar nuestro viaje, eso s\u00ed, sin privarnos de una buena cena italiana, que para los 180 kil\u00f3metros que hemos sumado en dos d\u00edas no viene nada mal.<\/p>\n","protected":false},"excerpt":{"rendered":"<p>La leyenda del ciclismo recuerda a Marco Pantani como uno de los mejores escaladores de la historia. Si atendemos a [&hellip;]<\/p>\n","protected":false},"author":29,"featured_media":2716,"comment_status":"open","ping_status":"open","sticky":false,"template":"","format":"standard","meta":{"footnotes":""},"categories":[7,8],"tags":[442,441,443,444],"global-categories":[],"class_list":["post-2712","post","type-post","status-publish","format-standard","has-post-thumbnail","hentry","category-carretera","category-life-style","tag-emilia-romagna","tag-marco-pantani","tag-marco-pantani-pueblo","tag-rutas-cesenatico"],"yoast_head":"<!-- This site is optimized with the Yoast SEO Premium plugin v25.3 (Yoast SEO v25.9) - https:\/\/yoast.com\/wordpress\/plugins\/seo\/ -->\n<title>Por las colinas de Marco Pantani - \u0160koda We Love Cycling - Spain<\/title>\n<meta name=\"description\" content=\"Por las colinas de Marco Pantani. Un recorrido por la Emilia Romagna, la regi\u00f3n que vio nacer al Pirata. Subidas y colinas en los alrededores de su ciudad natal, Cesen\u00e1tico.\" \/>\n<meta name=\"robots\" content=\"index, follow, max-snippet:-1, max-image-preview:large, max-video-preview:-1\" \/>\n<link rel=\"canonical\" href=\"https:\/\/www.welovecycling.com\/es\/2018\/05\/21\/por-las-colinas-de-marco-pantani\/\" \/>\n<meta property=\"og:locale\" content=\"es_ES\" \/>\n<meta property=\"og:type\" content=\"article\" \/>\n<meta property=\"og:title\" content=\"Por las colinas de Marco Pantani\" \/>\n<meta property=\"og:description\" content=\"La leyenda del ciclismo recuerda a Marco Pantani como uno de los mejores escaladores de la historia. Si atendemos a t\u00f3picos pensar\u00edamos que pudo nacer y vivir entre altas monta\u00f1as. Al contrario. Pantani naci\u00f3 a cero metros de altitud, en Cesen\u00e1tico (Emilia Romagna), a nivel del mar. Una ciudad costera y pescadora, pero con una tradici\u00f3n ciclista bien arraigada. No en vano su marcha ciclodeportiva, la Nove Colli, en 2018 ha cumplido ya su 48 edici\u00f3n. Curiosamente, los mismos a\u00f1os que tendr\u00eda ahora el Pirata.\" \/>\n<meta property=\"og:url\" content=\"https:\/\/www.welovecycling.com\/es\/2018\/05\/21\/por-las-colinas-de-marco-pantani\/\" \/>\n<meta property=\"og:site_name\" content=\"\u0160koda We Love Cycling - Spain\" \/>\n<meta property=\"article:published_time\" content=\"2018-05-21T07:02:26+00:00\" \/>\n<meta property=\"og:image\" content=\"https:\/\/d2p6e6u75xmxt8.cloudfront.net\/6\/2018\/05\/colinas-marco-pantani.jpg\" \/>\n\t<meta property=\"og:image:width\" content=\"1024\" \/>\n\t<meta property=\"og:image:height\" content=\"768\" \/>\n\t<meta property=\"og:image:type\" content=\"image\/jpeg\" \/>\n<meta name=\"author\" content=\"We Love Cycling Spain\" \/>\n<meta name=\"twitter:card\" content=\"summary_large_image\" \/>\n<meta name=\"twitter:title\" content=\"Por las colinas de Marco Pantani\" \/>\n<meta name=\"twitter:description\" content=\"La leyenda del ciclismo recuerda a Marco Pantani como uno de los mejores escaladores de la historia. Si atendemos a t\u00f3picos pensar\u00edamos que pudo nacer y vivir entre altas monta\u00f1as. Al contrario. Pantani naci\u00f3 a cero metros de altitud, en Cesen\u00e1tico (Emilia Romagna), a nivel del mar. Una ciudad costera y pescadora, pero con una tradici\u00f3n ciclista bien arraigada. No en vano su marcha ciclodeportiva, la Nove Colli, en 2018 ha cumplido ya su 48 edici\u00f3n. Curiosamente, los mismos a\u00f1os que tendr\u00eda ahora el Pirata.\" \/>\n<meta name=\"twitter:label1\" content=\"Written by\" \/>\n\t<meta name=\"twitter:data1\" content=\"Luis Ortega @ciclored\" \/>\n\t<meta name=\"twitter:label2\" content=\"Est. reading time\" \/>\n\t<meta name=\"twitter:data2\" content=\"8 minutes\" \/>\n<script type=\"application\/ld+json\" class=\"yoast-schema-graph\">{\"@context\":\"https:\/\/schema.org\",\"@graph\":[{\"@type\":\"WebPage\",\"@id\":\"https:\/\/www.welovecycling.com\/es\/2018\/05\/21\/por-las-colinas-de-marco-pantani\/\",\"url\":\"https:\/\/www.welovecycling.com\/es\/2018\/05\/21\/por-las-colinas-de-marco-pantani\/\",\"name\":\"Por las colinas de Marco Pantani - \u0160koda We Love Cycling - Spain\",\"isPartOf\":{\"@id\":\"https:\/\/www.welovecycling.com\/es\/#website\"},\"primaryImageOfPage\":{\"@id\":\"https:\/\/www.welovecycling.com\/es\/2018\/05\/21\/por-las-colinas-de-marco-pantani\/#primaryimage\"},\"image\":{\"@id\":\"https:\/\/www.welovecycling.com\/es\/2018\/05\/21\/por-las-colinas-de-marco-pantani\/#primaryimage\"},\"thumbnailUrl\":\"https:\/\/d2p6e6u75xmxt8.cloudfront.net\/6\/2018\/05\/colinas-marco-pantani.jpg\",\"datePublished\":\"2018-05-21T07:02:26+00:00\",\"author\":{\"@id\":\"https:\/\/www.welovecycling.com\/es\/#\/schema\/person\/deb61715b5812698ee79fb96f343ccd4\"},\"description\":\"Por las colinas de Marco Pantani. Un recorrido por la Emilia Romagna, la regi\u00f3n que vio nacer al Pirata. Subidas y colinas en los alrededores de su ciudad natal, Cesen\u00e1tico.\",\"breadcrumb\":{\"@id\":\"https:\/\/www.welovecycling.com\/es\/2018\/05\/21\/por-las-colinas-de-marco-pantani\/#breadcrumb\"},\"inLanguage\":\"es-ES\",\"potentialAction\":[{\"@type\":\"ReadAction\",\"target\":[\"https:\/\/www.welovecycling.com\/es\/2018\/05\/21\/por-las-colinas-de-marco-pantani\/\"]}]},{\"@type\":\"ImageObject\",\"inLanguage\":\"es-ES\",\"@id\":\"https:\/\/www.welovecycling.com\/es\/2018\/05\/21\/por-las-colinas-de-marco-pantani\/#primaryimage\",\"url\":\"https:\/\/d2p6e6u75xmxt8.cloudfront.net\/6\/2018\/05\/colinas-marco-pantani.jpg\",\"contentUrl\":\"https:\/\/d2p6e6u75xmxt8.cloudfront.net\/6\/2018\/05\/colinas-marco-pantani.jpg\",\"width\":1024,\"height\":768},{\"@type\":\"BreadcrumbList\",\"@id\":\"https:\/\/www.welovecycling.com\/es\/2018\/05\/21\/por-las-colinas-de-marco-pantani\/#breadcrumb\",\"itemListElement\":[{\"@type\":\"ListItem\",\"position\":1,\"name\":\"Home\",\"item\":\"https:\/\/www.welovecycling.com\/es\/\"},{\"@type\":\"ListItem\",\"position\":2,\"name\":\"Por las colinas de Marco Pantani\"}]},{\"@type\":\"WebSite\",\"@id\":\"https:\/\/www.welovecycling.com\/es\/#website\",\"url\":\"https:\/\/www.welovecycling.com\/es\/\",\"name\":\"\u0160koda We Love Cycling - Spain\",\"description\":\"\u0160koda WeLoveCycling Spain\",\"potentialAction\":[{\"@type\":\"SearchAction\",\"target\":{\"@type\":\"EntryPoint\",\"urlTemplate\":\"https:\/\/www.welovecycling.com\/es\/?s={search_term_string}\"},\"query-input\":{\"@type\":\"PropertyValueSpecification\",\"valueRequired\":true,\"valueName\":\"search_term_string\"}}],\"inLanguage\":\"es-ES\"},{\"@type\":\"Person\",\"@id\":\"https:\/\/www.welovecycling.com\/es\/#\/schema\/person\/deb61715b5812698ee79fb96f343ccd4\",\"name\":\"We Love Cycling Spain\",\"image\":{\"@type\":\"ImageObject\",\"inLanguage\":\"es-ES\",\"@id\":\"https:\/\/www.welovecycling.com\/es\/#\/schema\/person\/image\/\",\"url\":\"https:\/\/secure.gravatar.com\/avatar\/c824b04e6df0e37a03219d0b6481672889df542894588964102459e46513159c?s=96&d=mm&r=g\",\"contentUrl\":\"https:\/\/secure.gravatar.com\/avatar\/c824b04e6df0e37a03219d0b6481672889df542894588964102459e46513159c?s=96&d=mm&r=g\",\"caption\":\"We Love Cycling Spain\"},\"url\":\"https:\/\/www.welovecycling.com\/es\/author\/amunoz\/\"}]}<\/script>\n<!-- \/ Yoast SEO Premium plugin. -->","yoast_head_json":{"title":"Por las colinas de Marco Pantani - \u0160koda We Love Cycling - Spain","description":"Por las colinas de Marco Pantani. Un recorrido por la Emilia Romagna, la regi\u00f3n que vio nacer al Pirata. Subidas y colinas en los alrededores de su ciudad natal, Cesen\u00e1tico.","robots":{"index":"index","follow":"follow","max-snippet":"max-snippet:-1","max-image-preview":"max-image-preview:large","max-video-preview":"max-video-preview:-1"},"canonical":"https:\/\/www.welovecycling.com\/es\/2018\/05\/21\/por-las-colinas-de-marco-pantani\/","og_locale":"es_ES","og_type":"article","og_title":"Por las colinas de Marco Pantani","og_description":"La leyenda del ciclismo recuerda a Marco Pantani como uno de los mejores escaladores de la historia. Si atendemos a t\u00f3picos pensar\u00edamos que pudo nacer y vivir entre altas monta\u00f1as. Al contrario. Pantani naci\u00f3 a cero metros de altitud, en Cesen\u00e1tico (Emilia Romagna), a nivel del mar. Una ciudad costera y pescadora, pero con una tradici\u00f3n ciclista bien arraigada. No en vano su marcha ciclodeportiva, la Nove Colli, en 2018 ha cumplido ya su 48 edici\u00f3n. Curiosamente, los mismos a\u00f1os que tendr\u00eda ahora el Pirata.","og_url":"https:\/\/www.welovecycling.com\/es\/2018\/05\/21\/por-las-colinas-de-marco-pantani\/","og_site_name":"\u0160koda We Love Cycling - Spain","article_published_time":"2018-05-21T07:02:26+00:00","og_image":[{"width":1024,"height":768,"url":"https:\/\/d2p6e6u75xmxt8.cloudfront.net\/6\/2018\/05\/colinas-marco-pantani.jpg","type":"image\/jpeg"}],"author":"We Love Cycling Spain","twitter_card":"summary_large_image","twitter_title":"Por las colinas de Marco Pantani","twitter_description":"La leyenda del ciclismo recuerda a Marco Pantani como uno de los mejores escaladores de la historia. Si atendemos a t\u00f3picos pensar\u00edamos que pudo nacer y vivir entre altas monta\u00f1as. Al contrario. Pantani naci\u00f3 a cero metros de altitud, en Cesen\u00e1tico (Emilia Romagna), a nivel del mar. Una ciudad costera y pescadora, pero con una tradici\u00f3n ciclista bien arraigada. No en vano su marcha ciclodeportiva, la Nove Colli, en 2018 ha cumplido ya su 48 edici\u00f3n. Curiosamente, los mismos a\u00f1os que tendr\u00eda ahora el Pirata.","twitter_misc":{"Written by":"Luis Ortega @ciclored","Est. reading time":"8 minutes"},"schema":{"@context":"https:\/\/schema.org","@graph":[{"@type":"WebPage","@id":"https:\/\/www.welovecycling.com\/es\/2018\/05\/21\/por-las-colinas-de-marco-pantani\/","url":"https:\/\/www.welovecycling.com\/es\/2018\/05\/21\/por-las-colinas-de-marco-pantani\/","name":"Por las colinas de Marco Pantani - \u0160koda We Love Cycling - Spain","isPartOf":{"@id":"https:\/\/www.welovecycling.com\/es\/#website"},"primaryImageOfPage":{"@id":"https:\/\/www.welovecycling.com\/es\/2018\/05\/21\/por-las-colinas-de-marco-pantani\/#primaryimage"},"image":{"@id":"https:\/\/www.welovecycling.com\/es\/2018\/05\/21\/por-las-colinas-de-marco-pantani\/#primaryimage"},"thumbnailUrl":"https:\/\/d2p6e6u75xmxt8.cloudfront.net\/6\/2018\/05\/colinas-marco-pantani.jpg","datePublished":"2018-05-21T07:02:26+00:00","author":{"@id":"https:\/\/www.welovecycling.com\/es\/#\/schema\/person\/deb61715b5812698ee79fb96f343ccd4"},"description":"Por las colinas de Marco Pantani. Un recorrido por la Emilia Romagna, la regi\u00f3n que vio nacer al Pirata. Subidas y colinas en los alrededores de su ciudad natal, Cesen\u00e1tico.","breadcrumb":{"@id":"https:\/\/www.welovecycling.com\/es\/2018\/05\/21\/por-las-colinas-de-marco-pantani\/#breadcrumb"},"inLanguage":"es-ES","potentialAction":[{"@type":"ReadAction","target":["https:\/\/www.welovecycling.com\/es\/2018\/05\/21\/por-las-colinas-de-marco-pantani\/"]}]},{"@type":"ImageObject","inLanguage":"es-ES","@id":"https:\/\/www.welovecycling.com\/es\/2018\/05\/21\/por-las-colinas-de-marco-pantani\/#primaryimage","url":"https:\/\/d2p6e6u75xmxt8.cloudfront.net\/6\/2018\/05\/colinas-marco-pantani.jpg","contentUrl":"https:\/\/d2p6e6u75xmxt8.cloudfront.net\/6\/2018\/05\/colinas-marco-pantani.jpg","width":1024,"height":768},{"@type":"BreadcrumbList","@id":"https:\/\/www.welovecycling.com\/es\/2018\/05\/21\/por-las-colinas-de-marco-pantani\/#breadcrumb","itemListElement":[{"@type":"ListItem","position":1,"name":"Home","item":"https:\/\/www.welovecycling.com\/es\/"},{"@type":"ListItem","position":2,"name":"Por las colinas de Marco Pantani"}]},{"@type":"WebSite","@id":"https:\/\/www.welovecycling.com\/es\/#website","url":"https:\/\/www.welovecycling.com\/es\/","name":"\u0160koda We Love Cycling - Spain","description":"\u0160koda WeLoveCycling Spain","potentialAction":[{"@type":"SearchAction","target":{"@type":"EntryPoint","urlTemplate":"https:\/\/www.welovecycling.com\/es\/?s={search_term_string}"},"query-input":{"@type":"PropertyValueSpecification","valueRequired":true,"valueName":"search_term_string"}}],"inLanguage":"es-ES"},{"@type":"Person","@id":"https:\/\/www.welovecycling.com\/es\/#\/schema\/person\/deb61715b5812698ee79fb96f343ccd4","name":"We Love Cycling Spain","image":{"@type":"ImageObject","inLanguage":"es-ES","@id":"https:\/\/www.welovecycling.com\/es\/#\/schema\/person\/image\/","url":"https:\/\/secure.gravatar.com\/avatar\/c824b04e6df0e37a03219d0b6481672889df542894588964102459e46513159c?s=96&d=mm&r=g","contentUrl":"https:\/\/secure.gravatar.com\/avatar\/c824b04e6df0e37a03219d0b6481672889df542894588964102459e46513159c?s=96&d=mm&r=g","caption":"We Love Cycling Spain"},"url":"https:\/\/www.welovecycling.com\/es\/author\/amunoz\/"}]}},"_links":{"self":[{"href":"https:\/\/www.welovecycling.com\/es\/wp-json\/wp\/v2\/posts\/2712","targetHints":{"allow":["GET"]}}],"collection":[{"href":"https:\/\/www.welovecycling.com\/es\/wp-json\/wp\/v2\/posts"}],"about":[{"href":"https:\/\/www.welovecycling.com\/es\/wp-json\/wp\/v2\/types\/post"}],"author":[{"embeddable":true,"href":"https:\/\/www.welovecycling.com\/es\/wp-json\/wp\/v2\/users\/29"}],"replies":[{"embeddable":true,"href":"https:\/\/www.welovecycling.com\/es\/wp-json\/wp\/v2\/comments?post=2712"}],"version-history":[{"count":2,"href":"https:\/\/www.welovecycling.com\/es\/wp-json\/wp\/v2\/posts\/2712\/revisions"}],"predecessor-version":[{"id":2722,"href":"https:\/\/www.welovecycling.com\/es\/wp-json\/wp\/v2\/posts\/2712\/revisions\/2722"}],"wp:featuredmedia":[{"embeddable":true,"href":"https:\/\/www.welovecycling.com\/es\/wp-json\/wp\/v2\/media\/2716"}],"wp:attachment":[{"href":"https:\/\/www.welovecycling.com\/es\/wp-json\/wp\/v2\/media?parent=2712"}],"wp:term":[{"taxonomy":"category","embeddable":true,"href":"https:\/\/www.welovecycling.com\/es\/wp-json\/wp\/v2\/categories?post=2712"},{"taxonomy":"post_tag","embeddable":true,"href":"https:\/\/www.welovecycling.com\/es\/wp-json\/wp\/v2\/tags?post=2712"},{"taxonomy":"global-categories","embeddable":true,"href":"https:\/\/www.welovecycling.com\/es\/wp-json\/wp\/v2\/global-categories?post=2712"}],"curies":[{"name":"wp","href":"https:\/\/api.w.org\/{rel}","templated":true}]}}