{"id":2694,"date":"2018-05-10T18:32:13","date_gmt":"2018-05-10T16:32:13","guid":{"rendered":"https:\/\/www.welovecycling.com\/es\/?p=2694"},"modified":"2018-05-22T11:17:08","modified_gmt":"2018-05-22T09:17:08","slug":"llevar-a-tu-hijo-en-bicicleta","status":"publish","type":"post","link":"https:\/\/www.welovecycling.com\/es\/2018\/05\/10\/llevar-a-tu-hijo-en-bicicleta\/","title":{"rendered":"\u00bfC\u00f3mo llevar a tu hijo en bicicleta?"},"content":{"rendered":"<p><strong>Aprender a montar en bicicleta es un alegre rito de iniciaci\u00f3n para la mayor\u00eda de los ni\u00f1os, pero si eres un entusiasta padre ciclista tambi\u00e9n te puede interesar c\u00f3mo llevar a tus peque\u00f1os de seis meses a cuatro a\u00f1os en tu bicicleta. Aqu\u00ed te hemos hecho una peque\u00f1a gu\u00eda de seguridad y consejos.<\/p>\n<p><\/strong><!--more--><\/p>\n<p>Hay varias opciones para elegir; principalmente sillas delanteras, sillas traseras y remolques. Pero como con todas las cosas relacionadas con la crianza de los hijos, es una decisi\u00f3n muy personal en cuanto a qu\u00e9 opci\u00f3n es la mejor.<\/p>\n<p>La mayor\u00eda de las sillas son adecuadas para ni\u00f1os entre las edades de nueve meses y cuatro a\u00f1os. El l\u00edmite de edad inferior depende de la capacidad de su hijo para sentarse sin apoyo, mientras que el l\u00edmite superior depende del peso m\u00e1s que de la edad en s\u00ed, a medida que el manejo de su bicicleta empeora progresivamente con un pasajero m\u00e1s pesado. Los asientos se ajustan t\u00edpicamente a pasajeros con un peso de hasta 20 kg.<\/p>\n<h2><strong>\u00bfEs tu bici compatible con una silla de beb\u00e9?<\/strong><\/h2>\n<p>La forma en que se monta la silla en la bicicleta es una de las consideraciones clave a la hora de elegir la soluci\u00f3n adecuada. No todas las bicicletas son compatibles con los asientos de bicicleta, mientras que otras bicicletas son s\u00f3lo compatibles con ciertos tipos de sillas de algunas marcas. Las bicicletas de ciudad est\u00e1ndar, h\u00edbridas o gravel son las m\u00e1s vers\u00e1tiles, mientras que las bicicletas de carretera no son las m\u00e1s recomendables.<\/p>\n<h3><strong>Busca:<\/strong><\/h3>\n<p>Ojales para un bastidor de montaje<br \/>\nCables que pueden interferir con el montaje<br \/>\nSistemas de montaje de bastidores de bicicletas traseros, ya que algunos son espec\u00edficos para cada freno.<br \/>\nComprueba si tu bicicleta tiene espacio para un asiento montado en la parte delantera<\/p>\n<h2><strong>Asientos traseros<\/strong><\/h2>\n<p>Los sillas traseras vienen en tres dise\u00f1os b\u00e1sicos: en voladizo desde el tubo de sill\u00edn, fijados a un portaequipajes trasero y fijados directamente al tubo de sill\u00edn y a los tirantes del sill\u00edn.<\/p>\n<p>Es ideal para ni\u00f1os de nueve meses en adelante, as\u00ed como para rutas m\u00e1s largas en las que el ni\u00f1o puede dormir.<\/p>\n<p><a href=\"https:\/\/d2p6e6u75xmxt8.cloudfront.net\/6\/2018\/05\/hilsa-lines.jpg\"><img loading=\"lazy\" decoding=\"async\" class=\"alignnone size-full wp-image-2695\" src=\"https:\/\/d2p6e6u75xmxt8.cloudfront.net\/6\/2018\/05\/hilsa-lines.jpg\" alt=\"\" width=\"800\" height=\"499\" srcset=\"https:\/\/d2p6e6u75xmxt8.cloudfront.net\/6\/2018\/05\/hilsa-lines.jpg 800w, https:\/\/d2p6e6u75xmxt8.cloudfront.net\/6\/2018\/05\/hilsa-lines-300x187.jpg 300w, https:\/\/d2p6e6u75xmxt8.cloudfront.net\/6\/2018\/05\/hilsa-lines-768x479.jpg 768w\" sizes=\"auto, (max-width: 800px) 100vw, 800px\" \/><\/a><\/p>\n<h3><strong>Pros<\/strong><\/h3>\n<p>1. La mayor\u00eda de los asientos se adaptan mejor a bicicletas de tama\u00f1o mediano o grande con un tubo superior convencional.<br \/>\n2. Es la opci\u00f3n m\u00e1s simple y m\u00e1s com\u00fan disponible.<br \/>\n3. La mayor\u00eda de los asientos tambi\u00e9n se pueden separar del soporte que se monta en la bicicleta.<br \/>\n4. Un soporte adicional tambi\u00e9n significa que el asiento se puede cambiar entre las bicicletas si es necesario.<\/p>\n<h3><strong>Contras<\/strong><\/h3>\n<p>1. Los ni\u00f1os m\u00e1s grandes y\/o el uso a largo plazo pueden flexionar el asiento demasiado.<br \/>\n2. Los bastidores peque\u00f1os y los que tienen un tubo superior bajo pueden causar dificultades de ajuste para cualquier asiento que utilice un soporte de tubo de asiento.<br \/>\n3. El ni\u00f1o est\u00e1 fuera de la vista, lo que dificulta las conversaciones.<br \/>\n4. Al a\u00f1adir el\u00a0asiento y el ni\u00f1o se mueve el centro de gravedad de la bicicleta hacia atr\u00e1s, lo que puede (al menos inicialmente) hacer que el movimiento sea extra\u00f1o y limitar el disfrute de la experiencia del ciclismo por parte de los padres.<\/p>\n<p>Marcas recomendadas: Bobike, Kangaroo, Weeride, Thule.<\/p>\n<h2><strong>Sillas delanteras<\/strong><\/h2>\n<p>Los asientos delanteros generalmente se fijan al tubo superior, a una barra fijada encima de \u00e9l o a un soporte en el tubo de direcci\u00f3n. Algunos son asientos de pl\u00e1stico moldeado, mientras que otros son peque\u00f1as sillas y reposapi\u00e9s dise\u00f1ados para ni\u00f1os mayores.<\/p>\n<p>Es lo ideal para ni\u00f1os peque\u00f1os con un ciclista de estatura media a alta.<\/p>\n<p><a href=\"https:\/\/d2p6e6u75xmxt8.cloudfront.net\/6\/2018\/05\/15170741_1160394384054206_134832254735981960_n.jpg\"><img loading=\"lazy\" decoding=\"async\" class=\"alignnone size-full wp-image-2696\" src=\"https:\/\/d2p6e6u75xmxt8.cloudfront.net\/6\/2018\/05\/15170741_1160394384054206_134832254735981960_n.jpg\" alt=\"\" width=\"900\" height=\"600\" srcset=\"https:\/\/d2p6e6u75xmxt8.cloudfront.net\/6\/2018\/05\/15170741_1160394384054206_134832254735981960_n.jpg 900w, https:\/\/d2p6e6u75xmxt8.cloudfront.net\/6\/2018\/05\/15170741_1160394384054206_134832254735981960_n-300x200.jpg 300w, https:\/\/d2p6e6u75xmxt8.cloudfront.net\/6\/2018\/05\/15170741_1160394384054206_134832254735981960_n-768x512.jpg 768w, https:\/\/d2p6e6u75xmxt8.cloudfront.net\/6\/2018\/05\/15170741_1160394384054206_134832254735981960_n-272x182.jpg 272w\" sizes=\"auto, (max-width: 900px) 100vw, 900px\" \/><br \/>\n<\/a><\/p>\n<h3><strong>Pros<\/strong><\/h3>\n<p>1. Permite una conversaci\u00f3n f\u00e1cil y una gran proximidad al ni\u00f1o.<br \/>\n2. El ni\u00f1o puede ver m\u00e1s a lo largo del viaje.<br \/>\n3. El equilibrio es mejor.<br \/>\n4. Tiende a ser m\u00e1s f\u00e1cil de poner y quitar.<\/p>\n<h3><strong>Contras<\/strong><\/h3>\n<p>1. Limita el espacio para el ciclista adulto y puedes terminar pedaleando con las rodillas estiradas.<br \/>\n2. En caso de ca\u00edda, o si frenas repentinamente, tu hijo puede terminar actuando como su airbag.<br \/>\n3. Tu hijo est\u00e1 ligeramente m\u00e1s expuesto a la sensaci\u00f3n t\u00e9rmica.<br \/>\n4. La opci\u00f3n de sill\u00edn peque\u00f1o s\u00f3lo se recomienda para viajes cortos, ya que un ni\u00f1o cansado puede resbalar de lado o dejar que un pie cuelgue de la rueda delantera.<\/p>\n<p>Marcas recomendadas: Bobike, Kangaroo, Weeride, Thule.<\/p>\n<p>&nbsp;<\/p>\n<h2><strong>\u00bfM\u00e1s de un ni\u00f1o?<\/strong><\/h2>\n<p>Aunque es posible tener los asientos delanteros y traseros montados en la misma bicicleta, hacer esto provoca que la bicicleta sea extremadamente dif\u00edcil de conducir. As\u00ed que si tienes m\u00e1s de un ni\u00f1o, un remolque es la mejor soluci\u00f3n.<\/p>\n<p>El otro beneficio clave de un remolque de bicicletas para ni\u00f1os es que mientras que los asientos s\u00f3lo se pueden usar una vez que los ni\u00f1os pueden sostener por si mismo el cuello, la mayor\u00eda de los remolques se pueden usar con ni\u00f1os mucho m\u00e1s peque\u00f1os, proporcionando un espacio m\u00e1s c\u00f3modo, as\u00ed como una capacidad conveniente para llevar todo lo que necesita para ellos.<\/p>\n<p><a href=\"https:\/\/d2p6e6u75xmxt8.cloudfront.net\/6\/2018\/05\/CR-BG-Bike-Trailer-Hero-08-16.jpg\"><img loading=\"lazy\" decoding=\"async\" class=\"alignnone size-full wp-image-2697\" src=\"https:\/\/d2p6e6u75xmxt8.cloudfront.net\/6\/2018\/05\/CR-BG-Bike-Trailer-Hero-08-16.jpg\" alt=\"\" width=\"1979\" height=\"674\" srcset=\"https:\/\/d2p6e6u75xmxt8.cloudfront.net\/6\/2018\/05\/CR-BG-Bike-Trailer-Hero-08-16.jpg 1979w, https:\/\/d2p6e6u75xmxt8.cloudfront.net\/6\/2018\/05\/CR-BG-Bike-Trailer-Hero-08-16-300x102.jpg 300w, https:\/\/d2p6e6u75xmxt8.cloudfront.net\/6\/2018\/05\/CR-BG-Bike-Trailer-Hero-08-16-768x262.jpg 768w, https:\/\/d2p6e6u75xmxt8.cloudfront.net\/6\/2018\/05\/CR-BG-Bike-Trailer-Hero-08-16-1024x349.jpg 1024w, https:\/\/d2p6e6u75xmxt8.cloudfront.net\/6\/2018\/05\/CR-BG-Bike-Trailer-Hero-08-16-1920x654.jpg 1920w, https:\/\/d2p6e6u75xmxt8.cloudfront.net\/6\/2018\/05\/CR-BG-Bike-Trailer-Hero-08-16-1920x654.jpg 1920w\" sizes=\"auto, (max-width: 1979px) 100vw, 1979px\" \/><\/a><\/p>\n<h3><strong>Pros<\/strong><\/h3>\n<p>1. Los remolques ofrecen una gran cantidad de capacidad de carga adicional.<br \/>\n2. Son m\u00e1s c\u00f3modos para los ni\u00f1os.<br \/>\n3. Los beb\u00e9s pueden ser colocados en muchos remolques para bicicletas infantiles desde el nacimiento (verifique las restricciones de edad en modelos espec\u00edficos).<br \/>\n4. Los ni\u00f1os pueden dormir felices.<br \/>\n5. Muchos remolques caben dos ni\u00f1os uno al lado del otro para que puedan charlar entre ellos.<br \/>\n6. No hay problemas de equilibrio o control que suelen causar las sillitas.<br \/>\n7. Los ni\u00f1os est\u00e1n confinados debajo de un dosel donde est\u00e1n secos y no pueden pegar los brazos a la carretera.<br \/>\n8. Ofrecen una mayor capacidad de carga de peso que los asientos para ni\u00f1os en bicicleta.<br \/>\n9. Puede seguir us\u00e1ndose como remolque cuando los ni\u00f1os sean m\u00e1s grandes.<br \/>\n10. Algunos remolques modernos para ni\u00f1os se convierten f\u00e1cilmente en un cochecito o una silla de paseo para que no tenga que molestar a un ni\u00f1o que duerme cuando llegue a su destino.<\/p>\n<h3><strong>Contras<\/strong><\/h3>\n<p>1. Hay restricciones de peso en todos los remolques (as\u00ed como en los asientos).<br \/>\n2. Los ni\u00f1os est\u00e1n dentro del remolque detr\u00e1s de ti, por lo que no podr\u00e1s o\u00edrlos con tanta claridad ni vigilarlos tan a menudo como si estuvieran sentados en un asiento justo a tu lado.<br \/>\n3. Necesitas ser fuerte y estar lo suficientemente en forma para remolcar un remolque.<br \/>\n4. Tendr\u00e1s que pensar m\u00e1s en tu posici\u00f3n en la carretera para ayudar a los conductores a verte a ti y al remolque.<\/p>\n","protected":false},"excerpt":{"rendered":"<p>Aprender a montar en bicicleta es un alegre rito de iniciaci\u00f3n para la mayor\u00eda de los ni\u00f1os, pero si eres [&hellip;]<\/p>\n","protected":false},"author":29,"featured_media":2699,"comment_status":"open","ping_status":"open","sticky":false,"template":"","format":"standard","meta":{"footnotes":""},"categories":[8,6],"tags":[434,435,437,436],"global-categories":[],"class_list":["post-2694","post","type-post","status-publish","format-standard","has-post-thumbnail","hentry","category-life-style","category-urban","tag-guia-para-llevar-a-tus-hijos-en-bicicleta","tag-guia-para-transportar-bebes-en-bicicleta","tag-remolques-para-bebe-ciclismo","tag-sillitas-para-bebe-bicicleta"],"yoast_head":"<!-- This site is optimized with the Yoast SEO Premium plugin v25.3 (Yoast SEO v25.9) - https:\/\/yoast.com\/wordpress\/plugins\/seo\/ -->\n<title>\u00bfC\u00f3mo llevar a tu hijo en bicicleta? - \u0160koda We Love Cycling - Spain<\/title>\n<meta name=\"description\" content=\"Guia para llevar a tu hijo en bicicleta. Que sillitas, asientos y remolques son los m\u00e1s recomendables para transportar a un beb\u00e9 de 6 meses a cuatro a\u00f1os en bicicleta.\" \/>\n<meta name=\"robots\" content=\"index, follow, max-snippet:-1, max-image-preview:large, max-video-preview:-1\" \/>\n<link rel=\"canonical\" href=\"https:\/\/www.welovecycling.com\/es\/2018\/05\/10\/llevar-a-tu-hijo-en-bicicleta\/\" \/>\n<meta property=\"og:locale\" content=\"es_ES\" \/>\n<meta property=\"og:type\" content=\"article\" \/>\n<meta property=\"og:title\" content=\"Guia para llevar a tu hijo en bicicleta\" \/>\n<meta property=\"og:description\" content=\"Guia para llevar a tu hijo en bicicleta. Que sillitas, asientos y remolques son los m\u00e1s recomendables para transportar a un beb\u00e9 de 6 meses a cuatro a\u00f1os en bicicleta.\" \/>\n<meta property=\"og:url\" content=\"https:\/\/www.welovecycling.com\/es\/2018\/05\/10\/llevar-a-tu-hijo-en-bicicleta\/\" \/>\n<meta property=\"og:site_name\" content=\"\u0160koda We Love Cycling - Spain\" \/>\n<meta property=\"article:published_time\" content=\"2018-05-10T16:32:13+00:00\" \/>\n<meta property=\"article:modified_time\" content=\"2018-05-22T09:17:08+00:00\" \/>\n<meta property=\"og:image\" content=\"https:\/\/d2p6e6u75xmxt8.cloudfront.net\/6\/2018\/05\/kidscvr.jpg\" \/>\n\t<meta property=\"og:image:width\" content=\"1366\" \/>\n\t<meta property=\"og:image:height\" content=\"600\" \/>\n\t<meta property=\"og:image:type\" content=\"image\/jpeg\" \/>\n<meta name=\"author\" content=\"We Love Cycling Spain\" \/>\n<meta name=\"twitter:card\" content=\"summary_large_image\" \/>\n<meta name=\"twitter:title\" content=\"Guia para llevar a tu hijo en bicicleta\" \/>\n<meta name=\"twitter:description\" content=\"Guia para llevar a tu hijo en bicicleta. Que sillitas, asientos y remolques son los m\u00e1s recomendables para transportar a un beb\u00e9 de 6 meses a cuatro a\u00f1os en bicicleta.\" \/>\n<meta name=\"twitter:label1\" content=\"Written by\" \/>\n\t<meta name=\"twitter:data1\" content=\"Bonnie Friend\" \/>\n\t<meta name=\"twitter:label2\" content=\"Est. reading time\" \/>\n\t<meta name=\"twitter:data2\" content=\"6 minutes\" \/>\n<script type=\"application\/ld+json\" class=\"yoast-schema-graph\">{\"@context\":\"https:\/\/schema.org\",\"@graph\":[{\"@type\":\"WebPage\",\"@id\":\"https:\/\/www.welovecycling.com\/es\/2018\/05\/10\/llevar-a-tu-hijo-en-bicicleta\/\",\"url\":\"https:\/\/www.welovecycling.com\/es\/2018\/05\/10\/llevar-a-tu-hijo-en-bicicleta\/\",\"name\":\"\u00bfC\u00f3mo llevar a tu hijo en bicicleta? - \u0160koda We Love Cycling - Spain\",\"isPartOf\":{\"@id\":\"https:\/\/www.welovecycling.com\/es\/#website\"},\"primaryImageOfPage\":{\"@id\":\"https:\/\/www.welovecycling.com\/es\/2018\/05\/10\/llevar-a-tu-hijo-en-bicicleta\/#primaryimage\"},\"image\":{\"@id\":\"https:\/\/www.welovecycling.com\/es\/2018\/05\/10\/llevar-a-tu-hijo-en-bicicleta\/#primaryimage\"},\"thumbnailUrl\":\"https:\/\/d2p6e6u75xmxt8.cloudfront.net\/6\/2018\/05\/kidscvr.jpg\",\"datePublished\":\"2018-05-10T16:32:13+00:00\",\"dateModified\":\"2018-05-22T09:17:08+00:00\",\"author\":{\"@id\":\"https:\/\/www.welovecycling.com\/es\/#\/schema\/person\/deb61715b5812698ee79fb96f343ccd4\"},\"description\":\"Guia para llevar a tu hijo en bicicleta. Que sillitas, asientos y remolques son los m\u00e1s recomendables para transportar a un beb\u00e9 de 6 meses a cuatro a\u00f1os en bicicleta.\",\"breadcrumb\":{\"@id\":\"https:\/\/www.welovecycling.com\/es\/2018\/05\/10\/llevar-a-tu-hijo-en-bicicleta\/#breadcrumb\"},\"inLanguage\":\"es-ES\",\"potentialAction\":[{\"@type\":\"ReadAction\",\"target\":[\"https:\/\/www.welovecycling.com\/es\/2018\/05\/10\/llevar-a-tu-hijo-en-bicicleta\/\"]}]},{\"@type\":\"ImageObject\",\"inLanguage\":\"es-ES\",\"@id\":\"https:\/\/www.welovecycling.com\/es\/2018\/05\/10\/llevar-a-tu-hijo-en-bicicleta\/#primaryimage\",\"url\":\"https:\/\/d2p6e6u75xmxt8.cloudfront.net\/6\/2018\/05\/kidscvr.jpg\",\"contentUrl\":\"https:\/\/d2p6e6u75xmxt8.cloudfront.net\/6\/2018\/05\/kidscvr.jpg\",\"width\":1366,\"height\":600},{\"@type\":\"BreadcrumbList\",\"@id\":\"https:\/\/www.welovecycling.com\/es\/2018\/05\/10\/llevar-a-tu-hijo-en-bicicleta\/#breadcrumb\",\"itemListElement\":[{\"@type\":\"ListItem\",\"position\":1,\"name\":\"Home\",\"item\":\"https:\/\/www.welovecycling.com\/es\/\"},{\"@type\":\"ListItem\",\"position\":2,\"name\":\"\u00bfC\u00f3mo llevar a tu hijo en bicicleta?\"}]},{\"@type\":\"WebSite\",\"@id\":\"https:\/\/www.welovecycling.com\/es\/#website\",\"url\":\"https:\/\/www.welovecycling.com\/es\/\",\"name\":\"\u0160koda We Love Cycling - Spain\",\"description\":\"\u0160koda WeLoveCycling Spain\",\"potentialAction\":[{\"@type\":\"SearchAction\",\"target\":{\"@type\":\"EntryPoint\",\"urlTemplate\":\"https:\/\/www.welovecycling.com\/es\/?s={search_term_string}\"},\"query-input\":{\"@type\":\"PropertyValueSpecification\",\"valueRequired\":true,\"valueName\":\"search_term_string\"}}],\"inLanguage\":\"es-ES\"},{\"@type\":\"Person\",\"@id\":\"https:\/\/www.welovecycling.com\/es\/#\/schema\/person\/deb61715b5812698ee79fb96f343ccd4\",\"name\":\"We Love Cycling Spain\",\"image\":{\"@type\":\"ImageObject\",\"inLanguage\":\"es-ES\",\"@id\":\"https:\/\/www.welovecycling.com\/es\/#\/schema\/person\/image\/\",\"url\":\"https:\/\/secure.gravatar.com\/avatar\/c824b04e6df0e37a03219d0b6481672889df542894588964102459e46513159c?s=96&d=mm&r=g\",\"contentUrl\":\"https:\/\/secure.gravatar.com\/avatar\/c824b04e6df0e37a03219d0b6481672889df542894588964102459e46513159c?s=96&d=mm&r=g\",\"caption\":\"We Love Cycling Spain\"},\"url\":\"https:\/\/www.welovecycling.com\/es\/author\/amunoz\/\"}]}<\/script>\n<!-- \/ Yoast SEO Premium plugin. -->","yoast_head_json":{"title":"\u00bfC\u00f3mo llevar a tu hijo en bicicleta? - \u0160koda We Love Cycling - Spain","description":"Guia para llevar a tu hijo en bicicleta. Que sillitas, asientos y remolques son los m\u00e1s recomendables para transportar a un beb\u00e9 de 6 meses a cuatro a\u00f1os en bicicleta.","robots":{"index":"index","follow":"follow","max-snippet":"max-snippet:-1","max-image-preview":"max-image-preview:large","max-video-preview":"max-video-preview:-1"},"canonical":"https:\/\/www.welovecycling.com\/es\/2018\/05\/10\/llevar-a-tu-hijo-en-bicicleta\/","og_locale":"es_ES","og_type":"article","og_title":"Guia para llevar a tu hijo en bicicleta","og_description":"Guia para llevar a tu hijo en bicicleta. Que sillitas, asientos y remolques son los m\u00e1s recomendables para transportar a un beb\u00e9 de 6 meses a cuatro a\u00f1os en bicicleta.","og_url":"https:\/\/www.welovecycling.com\/es\/2018\/05\/10\/llevar-a-tu-hijo-en-bicicleta\/","og_site_name":"\u0160koda We Love Cycling - Spain","article_published_time":"2018-05-10T16:32:13+00:00","article_modified_time":"2018-05-22T09:17:08+00:00","og_image":[{"width":1366,"height":600,"url":"https:\/\/d2p6e6u75xmxt8.cloudfront.net\/6\/2018\/05\/kidscvr.jpg","type":"image\/jpeg"}],"author":"We Love Cycling Spain","twitter_card":"summary_large_image","twitter_title":"Guia para llevar a tu hijo en bicicleta","twitter_description":"Guia para llevar a tu hijo en bicicleta. Que sillitas, asientos y remolques son los m\u00e1s recomendables para transportar a un beb\u00e9 de 6 meses a cuatro a\u00f1os en bicicleta.","twitter_misc":{"Written by":"Bonnie Friend","Est. reading time":"6 minutes"},"schema":{"@context":"https:\/\/schema.org","@graph":[{"@type":"WebPage","@id":"https:\/\/www.welovecycling.com\/es\/2018\/05\/10\/llevar-a-tu-hijo-en-bicicleta\/","url":"https:\/\/www.welovecycling.com\/es\/2018\/05\/10\/llevar-a-tu-hijo-en-bicicleta\/","name":"\u00bfC\u00f3mo llevar a tu hijo en bicicleta? - \u0160koda We Love Cycling - Spain","isPartOf":{"@id":"https:\/\/www.welovecycling.com\/es\/#website"},"primaryImageOfPage":{"@id":"https:\/\/www.welovecycling.com\/es\/2018\/05\/10\/llevar-a-tu-hijo-en-bicicleta\/#primaryimage"},"image":{"@id":"https:\/\/www.welovecycling.com\/es\/2018\/05\/10\/llevar-a-tu-hijo-en-bicicleta\/#primaryimage"},"thumbnailUrl":"https:\/\/d2p6e6u75xmxt8.cloudfront.net\/6\/2018\/05\/kidscvr.jpg","datePublished":"2018-05-10T16:32:13+00:00","dateModified":"2018-05-22T09:17:08+00:00","author":{"@id":"https:\/\/www.welovecycling.com\/es\/#\/schema\/person\/deb61715b5812698ee79fb96f343ccd4"},"description":"Guia para llevar a tu hijo en bicicleta. Que sillitas, asientos y remolques son los m\u00e1s recomendables para transportar a un beb\u00e9 de 6 meses a cuatro a\u00f1os en bicicleta.","breadcrumb":{"@id":"https:\/\/www.welovecycling.com\/es\/2018\/05\/10\/llevar-a-tu-hijo-en-bicicleta\/#breadcrumb"},"inLanguage":"es-ES","potentialAction":[{"@type":"ReadAction","target":["https:\/\/www.welovecycling.com\/es\/2018\/05\/10\/llevar-a-tu-hijo-en-bicicleta\/"]}]},{"@type":"ImageObject","inLanguage":"es-ES","@id":"https:\/\/www.welovecycling.com\/es\/2018\/05\/10\/llevar-a-tu-hijo-en-bicicleta\/#primaryimage","url":"https:\/\/d2p6e6u75xmxt8.cloudfront.net\/6\/2018\/05\/kidscvr.jpg","contentUrl":"https:\/\/d2p6e6u75xmxt8.cloudfront.net\/6\/2018\/05\/kidscvr.jpg","width":1366,"height":600},{"@type":"BreadcrumbList","@id":"https:\/\/www.welovecycling.com\/es\/2018\/05\/10\/llevar-a-tu-hijo-en-bicicleta\/#breadcrumb","itemListElement":[{"@type":"ListItem","position":1,"name":"Home","item":"https:\/\/www.welovecycling.com\/es\/"},{"@type":"ListItem","position":2,"name":"\u00bfC\u00f3mo llevar a tu hijo en bicicleta?"}]},{"@type":"WebSite","@id":"https:\/\/www.welovecycling.com\/es\/#website","url":"https:\/\/www.welovecycling.com\/es\/","name":"\u0160koda We Love Cycling - Spain","description":"\u0160koda WeLoveCycling Spain","potentialAction":[{"@type":"SearchAction","target":{"@type":"EntryPoint","urlTemplate":"https:\/\/www.welovecycling.com\/es\/?s={search_term_string}"},"query-input":{"@type":"PropertyValueSpecification","valueRequired":true,"valueName":"search_term_string"}}],"inLanguage":"es-ES"},{"@type":"Person","@id":"https:\/\/www.welovecycling.com\/es\/#\/schema\/person\/deb61715b5812698ee79fb96f343ccd4","name":"We Love Cycling Spain","image":{"@type":"ImageObject","inLanguage":"es-ES","@id":"https:\/\/www.welovecycling.com\/es\/#\/schema\/person\/image\/","url":"https:\/\/secure.gravatar.com\/avatar\/c824b04e6df0e37a03219d0b6481672889df542894588964102459e46513159c?s=96&d=mm&r=g","contentUrl":"https:\/\/secure.gravatar.com\/avatar\/c824b04e6df0e37a03219d0b6481672889df542894588964102459e46513159c?s=96&d=mm&r=g","caption":"We Love Cycling Spain"},"url":"https:\/\/www.welovecycling.com\/es\/author\/amunoz\/"}]}},"_links":{"self":[{"href":"https:\/\/www.welovecycling.com\/es\/wp-json\/wp\/v2\/posts\/2694","targetHints":{"allow":["GET"]}}],"collection":[{"href":"https:\/\/www.welovecycling.com\/es\/wp-json\/wp\/v2\/posts"}],"about":[{"href":"https:\/\/www.welovecycling.com\/es\/wp-json\/wp\/v2\/types\/post"}],"author":[{"embeddable":true,"href":"https:\/\/www.welovecycling.com\/es\/wp-json\/wp\/v2\/users\/29"}],"replies":[{"embeddable":true,"href":"https:\/\/www.welovecycling.com\/es\/wp-json\/wp\/v2\/comments?post=2694"}],"version-history":[{"count":2,"href":"https:\/\/www.welovecycling.com\/es\/wp-json\/wp\/v2\/posts\/2694\/revisions"}],"predecessor-version":[{"id":2760,"href":"https:\/\/www.welovecycling.com\/es\/wp-json\/wp\/v2\/posts\/2694\/revisions\/2760"}],"wp:featuredmedia":[{"embeddable":true,"href":"https:\/\/www.welovecycling.com\/es\/wp-json\/wp\/v2\/media\/2699"}],"wp:attachment":[{"href":"https:\/\/www.welovecycling.com\/es\/wp-json\/wp\/v2\/media?parent=2694"}],"wp:term":[{"taxonomy":"category","embeddable":true,"href":"https:\/\/www.welovecycling.com\/es\/wp-json\/wp\/v2\/categories?post=2694"},{"taxonomy":"post_tag","embeddable":true,"href":"https:\/\/www.welovecycling.com\/es\/wp-json\/wp\/v2\/tags?post=2694"},{"taxonomy":"global-categories","embeddable":true,"href":"https:\/\/www.welovecycling.com\/es\/wp-json\/wp\/v2\/global-categories?post=2694"}],"curies":[{"name":"wp","href":"https:\/\/api.w.org\/{rel}","templated":true}]}}