{"id":2657,"date":"2018-04-26T10:23:40","date_gmt":"2018-04-26T08:23:40","guid":{"rendered":"https:\/\/www.welovecycling.com\/es\/?p=2657"},"modified":"2018-04-26T10:23:40","modified_gmt":"2018-04-26T08:23:40","slug":"skoda-karoq-el-suv-perfecto-para-las-mujeres-ciclistas","status":"publish","type":"post","link":"https:\/\/www.welovecycling.com\/es\/2018\/04\/26\/skoda-karoq-el-suv-perfecto-para-las-mujeres-ciclistas\/","title":{"rendered":"\u0160koda KAROQ: El SUV perfecto para las mujeres ciclistas"},"content":{"rendered":"<p><strong>Si te gusta andar en bicicleta (y por qu\u00e9 si no estar\u00edas aqu\u00ed, leyendo esto), probablemente has hecho un buen viaje en bicicleta fuera de los l\u00edmites de la ciudad. Para hacer las cosas m\u00e1s f\u00e1ciles y llegar m\u00e1s lejos puedes utilizar varios medios de transporte, pero el m\u00e1s c\u00f3modo es sin duda, el coche. Siempre y cuando no tengas que hacer malabarismo para colocar la bicicleta en la baca o desmontarla en mil piezas para guardarla en el maletero. No se trata de una molestia reservada exclusivamente a las mujeres, a nadie le gusta luchar contra una bici grande Cannondale ni pelearse con el mobiliario urbano mal colocado, pero como las mujeres tienden a ser generalmente m\u00e1s peque\u00f1as en altura si que necesitan alg\u00fan ajuste.\u00a0<\/strong><!--more--><\/p>\n<p>\u00bfVas a salir de la ciudad por tu cuenta? \u0160koda KAROQ y sus accesorios adicionales, c\u00f3modos e infalibles te ayudar\u00e1n a reducir al m\u00ednimo el tiempo de transporte de su bicicleta.<\/p>\n<h2><strong>1) Portaequipajes. V\u00eddeo<\/strong><\/h2>\n<p>Si puede subir la bicicleta por las escaleras, puede engancharla en el portabicicletas. \u00bfPero qu\u00e9 pasa si tienes miedo de que se te caiga en la cabeza mientras la est\u00e1s fijando? Con estas b\u00e1cas f\u00e1ciles de usar pero robustos siempre lo podr\u00e1s hacer de forma c\u00f3moda, sin problemas y sin necesitad de ayuda.<\/p>\n<p>https:\/\/youtu.be\/09E62KK1E8U<\/p>\n<h2><strong>2) Protecciones y espacio<\/strong><\/h2>\n<p>Acabas de terminar tu ruta con unas sensaciones incre\u00edbles, pero meter la bicicleta en el maletero sin que el coche se llene de barro es casi imposible. La soluci\u00f3n, tener suficiente espacio para una alfombra protectora y una bolsa para bicicletas. El sistema de posicionamiento de asientos VarioFlex permite ajustar los tres asientos traseros separados de forma individual: moverlos lateralmente hasta 50 mm, plegar los respaldos o desmontarlos por completo. De esta manera tu bicicleta y todos los accesorios de ciclismo pueden colocarse con la m\u00e1xima comodidad.<\/p>\n<p>https:\/\/www.youtube.com\/watch?v=pZ80swZZ65c&#038;feature=youtu.be<\/p>\n<h2><strong>3) Conectividad<\/strong><\/h2>\n<p>Est\u00f1as preparado y listo, pero todav\u00eda no est\u00e1s seguro de cual es la mejor y m\u00e1s bella etapa. El sistema de informaci\u00f3n y entretenimiento de KAROQ contiene un punto de acceso Wi-Fi integrado y un cargador de tel\u00e9fono inal\u00e1mbrico. Puedes conectar tu tel\u00e9fono para cargar la ruta perfecta que encontraste en Ride Tested, la propia aplicaci\u00f3n de \u0160koda, en la pantalla del salpicadero mientras sigues siendo capaz de reproducir m\u00fasica y recibir llamadas. Desembarca en el punto de partida de la etapa, toma la bicicleta y el resto depende de ti.<\/p>\n<p>https:\/\/youtu.be\/_xhW_4yS8uM<\/p>\n","protected":false},"excerpt":{"rendered":"<p>Si te gusta andar en bicicleta (y por qu\u00e9 si no estar\u00edas aqu\u00ed, leyendo esto), probablemente has hecho un buen [&hellip;]<\/p>\n","protected":false},"author":29,"featured_media":2661,"comment_status":"open","ping_status":"open","sticky":false,"template":"","format":"standard","meta":{"footnotes":""},"categories":[7,8,9,6],"tags":[416,417],"global-categories":[],"class_list":["post-2657","post","type-post","status-publish","format-standard","has-post-thumbnail","hentry","category-carretera","category-life-style","category-mtb-aventura","category-urban","tag-coches-para-ciclistas","tag-suv-para-ciclistas"],"yoast_head":"<!-- This site is optimized with the Yoast SEO Premium plugin v25.3 (Yoast SEO v25.9) - https:\/\/yoast.com\/wordpress\/plugins\/seo\/ -->\n<title>\u0160koda KAROQ: El SUV perfecto para las mujeres ciclistas - \u0160koda We Love Cycling - Spain<\/title>\n<meta name=\"description\" content=\"\u0160koda KAROQ: El SUV perfecto para las mujeres ciclistas. Todas las ventajas del modelo Suv de Skoda para los ciclistas. Baca, espacio interior y conectividad.\" \/>\n<meta name=\"robots\" content=\"index, follow, max-snippet:-1, max-image-preview:large, max-video-preview:-1\" \/>\n<link rel=\"canonical\" href=\"https:\/\/www.welovecycling.com\/es\/2018\/04\/26\/skoda-karoq-el-suv-perfecto-para-las-mujeres-ciclistas\/\" \/>\n<meta property=\"og:locale\" content=\"es_ES\" \/>\n<meta property=\"og:type\" content=\"article\" \/>\n<meta property=\"og:title\" content=\"\u0160koda KAROQ: El SUV perfecto para las mujeres ciclistas\" \/>\n<meta property=\"og:description\" content=\"\u0160koda KAROQ: El SUV perfecto para las mujeres ciclistas. Todas las ventajas del modelo Suv de Skoda para los ciclistas. Baca, espacio interior y conectividad.\" \/>\n<meta property=\"og:url\" content=\"https:\/\/www.welovecycling.com\/es\/2018\/04\/26\/skoda-karoq-el-suv-perfecto-para-las-mujeres-ciclistas\/\" \/>\n<meta property=\"og:site_name\" content=\"\u0160koda We Love Cycling - Spain\" \/>\n<meta property=\"article:published_time\" content=\"2018-04-26T08:23:40+00:00\" \/>\n<meta property=\"og:image\" content=\"https:\/\/d2p6e6u75xmxt8.cloudfront.net\/6\/2018\/04\/cover-web.jpg\" \/>\n\t<meta property=\"og:image:width\" content=\"1366\" \/>\n\t<meta property=\"og:image:height\" content=\"600\" \/>\n\t<meta property=\"og:image:type\" content=\"image\/jpeg\" \/>\n<meta name=\"author\" content=\"We Love Cycling Spain\" \/>\n<meta name=\"twitter:card\" content=\"summary_large_image\" \/>\n<meta name=\"twitter:title\" content=\"\u0160koda KAROQ: El SUV perfecto para las mujeres ciclistas\" \/>\n<meta name=\"twitter:description\" content=\"\u0160koda KAROQ: El SUV perfecto para las mujeres ciclistas. Todas las ventajas del modelo Suv de Skoda para los ciclistas. Baca, espacio interior y conectividad.\" \/>\n<meta name=\"twitter:label1\" content=\"Written by\" \/>\n\t<meta name=\"twitter:data1\" content=\"WeLoveCycling\" \/>\n\t<meta name=\"twitter:label2\" content=\"Est. reading time\" \/>\n\t<meta name=\"twitter:data2\" content=\"2 minutes\" \/>\n<script type=\"application\/ld+json\" class=\"yoast-schema-graph\">{\"@context\":\"https:\/\/schema.org\",\"@graph\":[{\"@type\":\"WebPage\",\"@id\":\"https:\/\/www.welovecycling.com\/es\/2018\/04\/26\/skoda-karoq-el-suv-perfecto-para-las-mujeres-ciclistas\/\",\"url\":\"https:\/\/www.welovecycling.com\/es\/2018\/04\/26\/skoda-karoq-el-suv-perfecto-para-las-mujeres-ciclistas\/\",\"name\":\"\u0160koda KAROQ: El SUV perfecto para las mujeres ciclistas - \u0160koda We Love Cycling - Spain\",\"isPartOf\":{\"@id\":\"https:\/\/www.welovecycling.com\/es\/#website\"},\"primaryImageOfPage\":{\"@id\":\"https:\/\/www.welovecycling.com\/es\/2018\/04\/26\/skoda-karoq-el-suv-perfecto-para-las-mujeres-ciclistas\/#primaryimage\"},\"image\":{\"@id\":\"https:\/\/www.welovecycling.com\/es\/2018\/04\/26\/skoda-karoq-el-suv-perfecto-para-las-mujeres-ciclistas\/#primaryimage\"},\"thumbnailUrl\":\"https:\/\/d2p6e6u75xmxt8.cloudfront.net\/6\/2018\/04\/cover-web.jpg\",\"datePublished\":\"2018-04-26T08:23:40+00:00\",\"author\":{\"@id\":\"https:\/\/www.welovecycling.com\/es\/#\/schema\/person\/deb61715b5812698ee79fb96f343ccd4\"},\"description\":\"\u0160koda KAROQ: El SUV perfecto para las mujeres ciclistas. Todas las ventajas del modelo Suv de Skoda para los ciclistas. Baca, espacio interior y conectividad.\",\"breadcrumb\":{\"@id\":\"https:\/\/www.welovecycling.com\/es\/2018\/04\/26\/skoda-karoq-el-suv-perfecto-para-las-mujeres-ciclistas\/#breadcrumb\"},\"inLanguage\":\"es-ES\",\"potentialAction\":[{\"@type\":\"ReadAction\",\"target\":[\"https:\/\/www.welovecycling.com\/es\/2018\/04\/26\/skoda-karoq-el-suv-perfecto-para-las-mujeres-ciclistas\/\"]}]},{\"@type\":\"ImageObject\",\"inLanguage\":\"es-ES\",\"@id\":\"https:\/\/www.welovecycling.com\/es\/2018\/04\/26\/skoda-karoq-el-suv-perfecto-para-las-mujeres-ciclistas\/#primaryimage\",\"url\":\"https:\/\/d2p6e6u75xmxt8.cloudfront.net\/6\/2018\/04\/cover-web.jpg\",\"contentUrl\":\"https:\/\/d2p6e6u75xmxt8.cloudfront.net\/6\/2018\/04\/cover-web.jpg\",\"width\":1366,\"height\":600},{\"@type\":\"BreadcrumbList\",\"@id\":\"https:\/\/www.welovecycling.com\/es\/2018\/04\/26\/skoda-karoq-el-suv-perfecto-para-las-mujeres-ciclistas\/#breadcrumb\",\"itemListElement\":[{\"@type\":\"ListItem\",\"position\":1,\"name\":\"Home\",\"item\":\"https:\/\/www.welovecycling.com\/es\/\"},{\"@type\":\"ListItem\",\"position\":2,\"name\":\"\u0160koda KAROQ: El SUV perfecto para las mujeres ciclistas\"}]},{\"@type\":\"WebSite\",\"@id\":\"https:\/\/www.welovecycling.com\/es\/#website\",\"url\":\"https:\/\/www.welovecycling.com\/es\/\",\"name\":\"\u0160koda We Love Cycling - Spain\",\"description\":\"\u0160koda WeLoveCycling Spain\",\"potentialAction\":[{\"@type\":\"SearchAction\",\"target\":{\"@type\":\"EntryPoint\",\"urlTemplate\":\"https:\/\/www.welovecycling.com\/es\/?s={search_term_string}\"},\"query-input\":{\"@type\":\"PropertyValueSpecification\",\"valueRequired\":true,\"valueName\":\"search_term_string\"}}],\"inLanguage\":\"es-ES\"},{\"@type\":\"Person\",\"@id\":\"https:\/\/www.welovecycling.com\/es\/#\/schema\/person\/deb61715b5812698ee79fb96f343ccd4\",\"name\":\"We Love Cycling Spain\",\"image\":{\"@type\":\"ImageObject\",\"inLanguage\":\"es-ES\",\"@id\":\"https:\/\/www.welovecycling.com\/es\/#\/schema\/person\/image\/\",\"url\":\"https:\/\/secure.gravatar.com\/avatar\/c824b04e6df0e37a03219d0b6481672889df542894588964102459e46513159c?s=96&d=mm&r=g\",\"contentUrl\":\"https:\/\/secure.gravatar.com\/avatar\/c824b04e6df0e37a03219d0b6481672889df542894588964102459e46513159c?s=96&d=mm&r=g\",\"caption\":\"We Love Cycling Spain\"},\"url\":\"https:\/\/www.welovecycling.com\/es\/author\/amunoz\/\"}]}<\/script>\n<!-- \/ Yoast SEO Premium plugin. -->","yoast_head_json":{"title":"\u0160koda KAROQ: El SUV perfecto para las mujeres ciclistas - \u0160koda We Love Cycling - Spain","description":"\u0160koda KAROQ: El SUV perfecto para las mujeres ciclistas. Todas las ventajas del modelo Suv de Skoda para los ciclistas. Baca, espacio interior y conectividad.","robots":{"index":"index","follow":"follow","max-snippet":"max-snippet:-1","max-image-preview":"max-image-preview:large","max-video-preview":"max-video-preview:-1"},"canonical":"https:\/\/www.welovecycling.com\/es\/2018\/04\/26\/skoda-karoq-el-suv-perfecto-para-las-mujeres-ciclistas\/","og_locale":"es_ES","og_type":"article","og_title":"\u0160koda KAROQ: El SUV perfecto para las mujeres ciclistas","og_description":"\u0160koda KAROQ: El SUV perfecto para las mujeres ciclistas. Todas las ventajas del modelo Suv de Skoda para los ciclistas. Baca, espacio interior y conectividad.","og_url":"https:\/\/www.welovecycling.com\/es\/2018\/04\/26\/skoda-karoq-el-suv-perfecto-para-las-mujeres-ciclistas\/","og_site_name":"\u0160koda We Love Cycling - Spain","article_published_time":"2018-04-26T08:23:40+00:00","og_image":[{"width":1366,"height":600,"url":"https:\/\/d2p6e6u75xmxt8.cloudfront.net\/6\/2018\/04\/cover-web.jpg","type":"image\/jpeg"}],"author":"We Love Cycling Spain","twitter_card":"summary_large_image","twitter_title":"\u0160koda KAROQ: El SUV perfecto para las mujeres ciclistas","twitter_description":"\u0160koda KAROQ: El SUV perfecto para las mujeres ciclistas. Todas las ventajas del modelo Suv de Skoda para los ciclistas. Baca, espacio interior y conectividad.","twitter_misc":{"Written by":"WeLoveCycling","Est. reading time":"2 minutes"},"schema":{"@context":"https:\/\/schema.org","@graph":[{"@type":"WebPage","@id":"https:\/\/www.welovecycling.com\/es\/2018\/04\/26\/skoda-karoq-el-suv-perfecto-para-las-mujeres-ciclistas\/","url":"https:\/\/www.welovecycling.com\/es\/2018\/04\/26\/skoda-karoq-el-suv-perfecto-para-las-mujeres-ciclistas\/","name":"\u0160koda KAROQ: El SUV perfecto para las mujeres ciclistas - \u0160koda We Love Cycling - Spain","isPartOf":{"@id":"https:\/\/www.welovecycling.com\/es\/#website"},"primaryImageOfPage":{"@id":"https:\/\/www.welovecycling.com\/es\/2018\/04\/26\/skoda-karoq-el-suv-perfecto-para-las-mujeres-ciclistas\/#primaryimage"},"image":{"@id":"https:\/\/www.welovecycling.com\/es\/2018\/04\/26\/skoda-karoq-el-suv-perfecto-para-las-mujeres-ciclistas\/#primaryimage"},"thumbnailUrl":"https:\/\/d2p6e6u75xmxt8.cloudfront.net\/6\/2018\/04\/cover-web.jpg","datePublished":"2018-04-26T08:23:40+00:00","author":{"@id":"https:\/\/www.welovecycling.com\/es\/#\/schema\/person\/deb61715b5812698ee79fb96f343ccd4"},"description":"\u0160koda KAROQ: El SUV perfecto para las mujeres ciclistas. Todas las ventajas del modelo Suv de Skoda para los ciclistas. Baca, espacio interior y conectividad.","breadcrumb":{"@id":"https:\/\/www.welovecycling.com\/es\/2018\/04\/26\/skoda-karoq-el-suv-perfecto-para-las-mujeres-ciclistas\/#breadcrumb"},"inLanguage":"es-ES","potentialAction":[{"@type":"ReadAction","target":["https:\/\/www.welovecycling.com\/es\/2018\/04\/26\/skoda-karoq-el-suv-perfecto-para-las-mujeres-ciclistas\/"]}]},{"@type":"ImageObject","inLanguage":"es-ES","@id":"https:\/\/www.welovecycling.com\/es\/2018\/04\/26\/skoda-karoq-el-suv-perfecto-para-las-mujeres-ciclistas\/#primaryimage","url":"https:\/\/d2p6e6u75xmxt8.cloudfront.net\/6\/2018\/04\/cover-web.jpg","contentUrl":"https:\/\/d2p6e6u75xmxt8.cloudfront.net\/6\/2018\/04\/cover-web.jpg","width":1366,"height":600},{"@type":"BreadcrumbList","@id":"https:\/\/www.welovecycling.com\/es\/2018\/04\/26\/skoda-karoq-el-suv-perfecto-para-las-mujeres-ciclistas\/#breadcrumb","itemListElement":[{"@type":"ListItem","position":1,"name":"Home","item":"https:\/\/www.welovecycling.com\/es\/"},{"@type":"ListItem","position":2,"name":"\u0160koda KAROQ: El SUV perfecto para las mujeres ciclistas"}]},{"@type":"WebSite","@id":"https:\/\/www.welovecycling.com\/es\/#website","url":"https:\/\/www.welovecycling.com\/es\/","name":"\u0160koda We Love Cycling - Spain","description":"\u0160koda WeLoveCycling Spain","potentialAction":[{"@type":"SearchAction","target":{"@type":"EntryPoint","urlTemplate":"https:\/\/www.welovecycling.com\/es\/?s={search_term_string}"},"query-input":{"@type":"PropertyValueSpecification","valueRequired":true,"valueName":"search_term_string"}}],"inLanguage":"es-ES"},{"@type":"Person","@id":"https:\/\/www.welovecycling.com\/es\/#\/schema\/person\/deb61715b5812698ee79fb96f343ccd4","name":"We Love Cycling Spain","image":{"@type":"ImageObject","inLanguage":"es-ES","@id":"https:\/\/www.welovecycling.com\/es\/#\/schema\/person\/image\/","url":"https:\/\/secure.gravatar.com\/avatar\/c824b04e6df0e37a03219d0b6481672889df542894588964102459e46513159c?s=96&d=mm&r=g","contentUrl":"https:\/\/secure.gravatar.com\/avatar\/c824b04e6df0e37a03219d0b6481672889df542894588964102459e46513159c?s=96&d=mm&r=g","caption":"We Love Cycling Spain"},"url":"https:\/\/www.welovecycling.com\/es\/author\/amunoz\/"}]}},"_links":{"self":[{"href":"https:\/\/www.welovecycling.com\/es\/wp-json\/wp\/v2\/posts\/2657","targetHints":{"allow":["GET"]}}],"collection":[{"href":"https:\/\/www.welovecycling.com\/es\/wp-json\/wp\/v2\/posts"}],"about":[{"href":"https:\/\/www.welovecycling.com\/es\/wp-json\/wp\/v2\/types\/post"}],"author":[{"embeddable":true,"href":"https:\/\/www.welovecycling.com\/es\/wp-json\/wp\/v2\/users\/29"}],"replies":[{"embeddable":true,"href":"https:\/\/www.welovecycling.com\/es\/wp-json\/wp\/v2\/comments?post=2657"}],"version-history":[{"count":1,"href":"https:\/\/www.welovecycling.com\/es\/wp-json\/wp\/v2\/posts\/2657\/revisions"}],"predecessor-version":[{"id":2662,"href":"https:\/\/www.welovecycling.com\/es\/wp-json\/wp\/v2\/posts\/2657\/revisions\/2662"}],"wp:featuredmedia":[{"embeddable":true,"href":"https:\/\/www.welovecycling.com\/es\/wp-json\/wp\/v2\/media\/2661"}],"wp:attachment":[{"href":"https:\/\/www.welovecycling.com\/es\/wp-json\/wp\/v2\/media?parent=2657"}],"wp:term":[{"taxonomy":"category","embeddable":true,"href":"https:\/\/www.welovecycling.com\/es\/wp-json\/wp\/v2\/categories?post=2657"},{"taxonomy":"post_tag","embeddable":true,"href":"https:\/\/www.welovecycling.com\/es\/wp-json\/wp\/v2\/tags?post=2657"},{"taxonomy":"global-categories","embeddable":true,"href":"https:\/\/www.welovecycling.com\/es\/wp-json\/wp\/v2\/global-categories?post=2657"}],"curies":[{"name":"wp","href":"https:\/\/api.w.org\/{rel}","templated":true}]}}