{"id":2647,"date":"2018-04-24T11:06:51","date_gmt":"2018-04-24T09:06:51","guid":{"rendered":"https:\/\/www.welovecycling.com\/es\/?p=2647"},"modified":"2018-04-24T11:18:37","modified_gmt":"2018-04-24T09:18:37","slug":"por-que-montamos-en-bici","status":"publish","type":"post","link":"https:\/\/www.welovecycling.com\/es\/2018\/04\/24\/por-que-montamos-en-bici\/","title":{"rendered":"Te has preguntado \u00bfpor qu\u00e9 montamos en bici?"},"content":{"rendered":"<p><strong>En We Love Cycling, adem\u00e1s de publicar las novedades, consejos y noticias sobre el ciclismo de todo el mundo, nos centramos en ayudar a las personas de todos los \u00e1mbitos de la vida a mejorar sus habilidades en bicicleta, rutinas, equipamiento, nutrici\u00f3n y, en \u00faltima instancia, para ayudar a introducir en el mundo del ciclismo a aquellos que est\u00e1n interesados. Eso s\u00ed, constantemente seguimos viendo que las mujeres (independientemente de su estado f\u00edsico) son uno de los grupos menos representados en el ciclismo.<\/strong><!--more--><\/p>\n<p>&nbsp;<\/p>\n<div class=\"embed-controller-wrapper\">\n<div class=\"embed-wrapper\"><iframe title=\"Why We Ride\" width=\"500\" height=\"281\" data-src=\"https:\/\/www.youtube.com\/embed\/cdGvwA1zWY0?feature=oembed\" frameborder=\"0\" allow=\"accelerometer; autoplay; clipboard-write; encrypted-media; gyroscope; picture-in-picture; web-share\" referrerpolicy=\"strict-origin-when-cross-origin\" allowfullscreen><\/iframe><\/div>\n<\/div>\n<p>A lo largo de la existencia de la revista hemos estado publicando art\u00edculos sobre los retos y obst\u00e1culos a los que se enfrentan las mujeres durante un simple trayecto diario al trabajo o incluso mientras forman parte del deporte profesional. Este a\u00f1o estamos centrando nuestra atenci\u00f3n en derribar esas barreras. Creemos que con la motivaci\u00f3n y la informaci\u00f3n adecuadas, cualquiera puede encontrar su raz\u00f3n para salir en bici. La clave es acomodar las necesidades espec\u00edficas y los problemas que pueden surgir al no conocer todas sus opciones y si hay algo que odiamos es ver c\u00f3mo se desperdician oportunidades incre\u00edbles.<\/p>\n<p><iframe loading=\"lazy\" src=\"https:\/\/embed.spotify.com\/?uri=spotify:user:welovecycling:playlist:7BtKCoUQw2hAGkuevhKA67\" width=\"100%\" height=\"400\" frameborder=\"0\"><\/iframe><\/p>\n<p>Creemos que al disipar los mitos comunes y crear un ambiente acogedor y una base de apoyo, el ciclismo puede ser una v\u00eda para hacerse m\u00e1s fuerte. Gracias a la profunda pasi\u00f3n de \u0160koda AUTO por el ciclismo pudimos empezar a allanar el camino en una direcci\u00f3n diferente. Como ciclista es posible que se haya encontrado con tranv\u00edas, trenes, autobuses u otros medios de transporte que no siempre son f\u00e1ciles de usar para transportar su bicicleta. Como dijimos, creemos en derribar barreras y para ello hay que empezar por las cosas que est\u00e1n cerca de uno y que se usan a diario. Como los coches. M\u00faltiples modelos de coches \u0160koda se adaptan a los ciclistas tanto por su equipamiento como por sus dimensiones y no s\u00f3lo pueden resultar atractivos para las mujeres.<\/p>\n<div id='gallery-1' class='gallery galleryid-2647 gallery-columns-2 gallery-size-large'><figure class='gallery-item'>\n\t\t\t<div class='gallery-icon landscape'>\n\t\t\t\t<a href='https:\/\/d2p6e6u75xmxt8.cloudfront.net\/6\/2018\/04\/IMG_5934-1.jpg'><img loading=\"lazy\" decoding=\"async\" width=\"1024\" height=\"682\" src=\"https:\/\/d2p6e6u75xmxt8.cloudfront.net\/6\/2018\/04\/IMG_5934-1-1024x682.jpg\" class=\"attachment-large size-large\" alt=\"\" srcset=\"https:\/\/d2p6e6u75xmxt8.cloudfront.net\/6\/2018\/04\/IMG_5934-1-1024x682.jpg 1024w, https:\/\/d2p6e6u75xmxt8.cloudfront.net\/6\/2018\/04\/IMG_5934-1-300x200.jpg 300w, https:\/\/d2p6e6u75xmxt8.cloudfront.net\/6\/2018\/04\/IMG_5934-1-768x512.jpg 768w, https:\/\/d2p6e6u75xmxt8.cloudfront.net\/6\/2018\/04\/IMG_5934-1-1920x1280.jpg 1920w, https:\/\/d2p6e6u75xmxt8.cloudfront.net\/6\/2018\/04\/IMG_5934-1-272x182.jpg 272w, https:\/\/d2p6e6u75xmxt8.cloudfront.net\/6\/2018\/04\/IMG_5934-1.jpg 2000w, https:\/\/d2p6e6u75xmxt8.cloudfront.net\/6\/2018\/04\/IMG_5934-1-1920x1280.jpg 1920w\" sizes=\"auto, (max-width: 1024px) 100vw, 1024px\" \/><\/a>\n\t\t\t<\/div><\/figure><figure class='gallery-item'>\n\t\t\t<div class='gallery-icon landscape'>\n\t\t\t\t<a href='https:\/\/d2p6e6u75xmxt8.cloudfront.net\/6\/2018\/04\/IMG_64101.jpg'><img loading=\"lazy\" decoding=\"async\" width=\"1024\" height=\"682\" src=\"https:\/\/d2p6e6u75xmxt8.cloudfront.net\/6\/2018\/04\/IMG_64101-1024x682.jpg\" class=\"attachment-large size-large\" alt=\"\" srcset=\"https:\/\/d2p6e6u75xmxt8.cloudfront.net\/6\/2018\/04\/IMG_64101-1024x682.jpg 1024w, https:\/\/d2p6e6u75xmxt8.cloudfront.net\/6\/2018\/04\/IMG_64101-300x200.jpg 300w, https:\/\/d2p6e6u75xmxt8.cloudfront.net\/6\/2018\/04\/IMG_64101-768x512.jpg 768w, https:\/\/d2p6e6u75xmxt8.cloudfront.net\/6\/2018\/04\/IMG_64101-1920x1280.jpg 1920w, https:\/\/d2p6e6u75xmxt8.cloudfront.net\/6\/2018\/04\/IMG_64101-272x182.jpg 272w, https:\/\/d2p6e6u75xmxt8.cloudfront.net\/6\/2018\/04\/IMG_64101.jpg 2000w, https:\/\/d2p6e6u75xmxt8.cloudfront.net\/6\/2018\/04\/IMG_64101-1920x1280.jpg 1920w\" sizes=\"auto, (max-width: 1024px) 100vw, 1024px\" \/><\/a>\n\t\t\t<\/div><\/figure>\n\t\t<\/div>\n\n<p>\u00bfPor qu\u00e9 montamos en bici entonces? Porque surge la oportunidad. Porque cambia nuestras vidas y nos hace felices. Porque alguien cree en nosotros y nos ayuda a alcanzar nuestras metas. Porque acaba de llover. Porque necesitamos esa dosis diaria de adrenalina. Porque somos libres de hacer lo que queramos. Porque el ciclismo es amor puro.<\/p>\n<p>De eso se trata la campa\u00f1a \u00bfPor qu\u00e9 montamos en bici? (Why We Ride?). No seas condescendiente. Nada de competencia inventada. Sin actitud de beligerancia. Pura pasi\u00f3n por montar en bicicleta, no importa de d\u00f3nde vengas ni adonde vayas.<\/p>\n","protected":false},"excerpt":{"rendered":"<p>En We Love Cycling, adem\u00e1s de publicar las novedades, consejos y noticias sobre el ciclismo de todo el mundo, nos [&hellip;]<\/p>\n","protected":false},"author":29,"featured_media":2648,"comment_status":"open","ping_status":"open","sticky":false,"template":"","format":"standard","meta":{"footnotes":""},"categories":[7,8,9,6],"tags":[415,414],"global-categories":[],"class_list":["post-2647","post","type-post","status-publish","format-standard","has-post-thumbnail","hentry","category-carretera","category-life-style","category-mtb-aventura","category-urban","tag-por-que-montamos-en-bici","tag-why-we-ride"],"yoast_head":"<!-- This site is optimized with the Yoast SEO Premium plugin v25.3 (Yoast SEO v25.9) - https:\/\/yoast.com\/wordpress\/plugins\/seo\/ -->\n<title>Te has preguntado \u00bfpor qu\u00e9 montamos en bici? - \u0160koda We Love Cycling - Spain<\/title>\n<meta name=\"description\" content=\"\u00bfPor qu\u00e9 montamos en bici? La campa\u00f1a de we love cycling para fomentar el ciclismo femenino. Una gu\u00eda de art\u00edculos sobre las chicas ciclistas.\" \/>\n<meta name=\"robots\" content=\"index, follow, max-snippet:-1, max-image-preview:large, max-video-preview:-1\" \/>\n<link rel=\"canonical\" href=\"https:\/\/www.welovecycling.com\/es\/2018\/04\/24\/por-que-montamos-en-bici\/\" \/>\n<meta property=\"og:locale\" content=\"es_ES\" \/>\n<meta property=\"og:type\" content=\"article\" \/>\n<meta property=\"og:title\" content=\"Te has preguntado \u00bfPor qu\u00e9 montamos en bici?\" \/>\n<meta property=\"og:description\" content=\"\u00bfPor qu\u00e9 montamos en bici? La campa\u00f1a de we love cycling para fomentar el ciclismo femenino. Una gu\u00eda de art\u00edculos sobre las chicas ciclistas.\" \/>\n<meta property=\"og:url\" content=\"https:\/\/www.welovecycling.com\/es\/2018\/04\/24\/por-que-montamos-en-bici\/\" \/>\n<meta property=\"og:site_name\" content=\"\u0160koda We Love Cycling - Spain\" \/>\n<meta property=\"article:published_time\" content=\"2018-04-24T09:06:51+00:00\" \/>\n<meta property=\"article:modified_time\" content=\"2018-04-24T09:18:37+00:00\" \/>\n<meta property=\"og:image\" content=\"https:\/\/d2p6e6u75xmxt8.cloudfront.net\/6\/2018\/04\/wwrcover.jpg\" \/>\n\t<meta property=\"og:image:width\" content=\"1366\" \/>\n\t<meta property=\"og:image:height\" content=\"600\" \/>\n\t<meta property=\"og:image:type\" content=\"image\/jpeg\" \/>\n<meta name=\"author\" content=\"We Love Cycling Spain\" \/>\n<meta name=\"twitter:card\" content=\"summary_large_image\" \/>\n<meta name=\"twitter:title\" content=\"Te has preguntado \u00bfPor qu\u00e9 montamos en bici?\" \/>\n<meta name=\"twitter:description\" content=\"\u00bfPor qu\u00e9 montamos en bici? La campa\u00f1a de we love cycling para fomentar el ciclismo femenino. Una gu\u00eda de art\u00edculos sobre las chicas ciclistas.\" \/>\n<meta name=\"twitter:label1\" content=\"Written by\" \/>\n\t<meta name=\"twitter:data1\" content=\"WeLoveCycling\" \/>\n\t<meta name=\"twitter:label2\" content=\"Est. reading time\" \/>\n\t<meta name=\"twitter:data2\" content=\"2 minutes\" \/>\n<script type=\"application\/ld+json\" class=\"yoast-schema-graph\">{\"@context\":\"https:\/\/schema.org\",\"@graph\":[{\"@type\":\"WebPage\",\"@id\":\"https:\/\/www.welovecycling.com\/es\/2018\/04\/24\/por-que-montamos-en-bici\/\",\"url\":\"https:\/\/www.welovecycling.com\/es\/2018\/04\/24\/por-que-montamos-en-bici\/\",\"name\":\"Te has preguntado \u00bfpor qu\u00e9 montamos en bici? - \u0160koda We Love Cycling - Spain\",\"isPartOf\":{\"@id\":\"https:\/\/www.welovecycling.com\/es\/#website\"},\"primaryImageOfPage\":{\"@id\":\"https:\/\/www.welovecycling.com\/es\/2018\/04\/24\/por-que-montamos-en-bici\/#primaryimage\"},\"image\":{\"@id\":\"https:\/\/www.welovecycling.com\/es\/2018\/04\/24\/por-que-montamos-en-bici\/#primaryimage\"},\"thumbnailUrl\":\"https:\/\/d2p6e6u75xmxt8.cloudfront.net\/6\/2018\/04\/wwrcover.jpg\",\"datePublished\":\"2018-04-24T09:06:51+00:00\",\"dateModified\":\"2018-04-24T09:18:37+00:00\",\"author\":{\"@id\":\"https:\/\/www.welovecycling.com\/es\/#\/schema\/person\/deb61715b5812698ee79fb96f343ccd4\"},\"description\":\"\u00bfPor qu\u00e9 montamos en bici? La campa\u00f1a de we love cycling para fomentar el ciclismo femenino. Una gu\u00eda de art\u00edculos sobre las chicas ciclistas.\",\"breadcrumb\":{\"@id\":\"https:\/\/www.welovecycling.com\/es\/2018\/04\/24\/por-que-montamos-en-bici\/#breadcrumb\"},\"inLanguage\":\"es-ES\",\"potentialAction\":[{\"@type\":\"ReadAction\",\"target\":[\"https:\/\/www.welovecycling.com\/es\/2018\/04\/24\/por-que-montamos-en-bici\/\"]}]},{\"@type\":\"ImageObject\",\"inLanguage\":\"es-ES\",\"@id\":\"https:\/\/www.welovecycling.com\/es\/2018\/04\/24\/por-que-montamos-en-bici\/#primaryimage\",\"url\":\"https:\/\/d2p6e6u75xmxt8.cloudfront.net\/6\/2018\/04\/wwrcover.jpg\",\"contentUrl\":\"https:\/\/d2p6e6u75xmxt8.cloudfront.net\/6\/2018\/04\/wwrcover.jpg\",\"width\":1366,\"height\":600},{\"@type\":\"BreadcrumbList\",\"@id\":\"https:\/\/www.welovecycling.com\/es\/2018\/04\/24\/por-que-montamos-en-bici\/#breadcrumb\",\"itemListElement\":[{\"@type\":\"ListItem\",\"position\":1,\"name\":\"Home\",\"item\":\"https:\/\/www.welovecycling.com\/es\/\"},{\"@type\":\"ListItem\",\"position\":2,\"name\":\"Te has preguntado \u00bfpor qu\u00e9 montamos en bici?\"}]},{\"@type\":\"WebSite\",\"@id\":\"https:\/\/www.welovecycling.com\/es\/#website\",\"url\":\"https:\/\/www.welovecycling.com\/es\/\",\"name\":\"\u0160koda We Love Cycling - Spain\",\"description\":\"\u0160koda WeLoveCycling Spain\",\"potentialAction\":[{\"@type\":\"SearchAction\",\"target\":{\"@type\":\"EntryPoint\",\"urlTemplate\":\"https:\/\/www.welovecycling.com\/es\/?s={search_term_string}\"},\"query-input\":{\"@type\":\"PropertyValueSpecification\",\"valueRequired\":true,\"valueName\":\"search_term_string\"}}],\"inLanguage\":\"es-ES\"},{\"@type\":\"Person\",\"@id\":\"https:\/\/www.welovecycling.com\/es\/#\/schema\/person\/deb61715b5812698ee79fb96f343ccd4\",\"name\":\"We Love Cycling Spain\",\"image\":{\"@type\":\"ImageObject\",\"inLanguage\":\"es-ES\",\"@id\":\"https:\/\/www.welovecycling.com\/es\/#\/schema\/person\/image\/\",\"url\":\"https:\/\/secure.gravatar.com\/avatar\/c824b04e6df0e37a03219d0b6481672889df542894588964102459e46513159c?s=96&d=mm&r=g\",\"contentUrl\":\"https:\/\/secure.gravatar.com\/avatar\/c824b04e6df0e37a03219d0b6481672889df542894588964102459e46513159c?s=96&d=mm&r=g\",\"caption\":\"We Love Cycling Spain\"},\"url\":\"https:\/\/www.welovecycling.com\/es\/author\/amunoz\/\"}]}<\/script>\n<!-- \/ Yoast SEO Premium plugin. -->","yoast_head_json":{"title":"Te has preguntado \u00bfpor qu\u00e9 montamos en bici? - \u0160koda We Love Cycling - Spain","description":"\u00bfPor qu\u00e9 montamos en bici? La campa\u00f1a de we love cycling para fomentar el ciclismo femenino. Una gu\u00eda de art\u00edculos sobre las chicas ciclistas.","robots":{"index":"index","follow":"follow","max-snippet":"max-snippet:-1","max-image-preview":"max-image-preview:large","max-video-preview":"max-video-preview:-1"},"canonical":"https:\/\/www.welovecycling.com\/es\/2018\/04\/24\/por-que-montamos-en-bici\/","og_locale":"es_ES","og_type":"article","og_title":"Te has preguntado \u00bfPor qu\u00e9 montamos en bici?","og_description":"\u00bfPor qu\u00e9 montamos en bici? La campa\u00f1a de we love cycling para fomentar el ciclismo femenino. Una gu\u00eda de art\u00edculos sobre las chicas ciclistas.","og_url":"https:\/\/www.welovecycling.com\/es\/2018\/04\/24\/por-que-montamos-en-bici\/","og_site_name":"\u0160koda We Love Cycling - Spain","article_published_time":"2018-04-24T09:06:51+00:00","article_modified_time":"2018-04-24T09:18:37+00:00","og_image":[{"width":1366,"height":600,"url":"https:\/\/d2p6e6u75xmxt8.cloudfront.net\/6\/2018\/04\/wwrcover.jpg","type":"image\/jpeg"}],"author":"We Love Cycling Spain","twitter_card":"summary_large_image","twitter_title":"Te has preguntado \u00bfPor qu\u00e9 montamos en bici?","twitter_description":"\u00bfPor qu\u00e9 montamos en bici? La campa\u00f1a de we love cycling para fomentar el ciclismo femenino. Una gu\u00eda de art\u00edculos sobre las chicas ciclistas.","twitter_misc":{"Written by":"WeLoveCycling","Est. reading time":"2 minutes"},"schema":{"@context":"https:\/\/schema.org","@graph":[{"@type":"WebPage","@id":"https:\/\/www.welovecycling.com\/es\/2018\/04\/24\/por-que-montamos-en-bici\/","url":"https:\/\/www.welovecycling.com\/es\/2018\/04\/24\/por-que-montamos-en-bici\/","name":"Te has preguntado \u00bfpor qu\u00e9 montamos en bici? - \u0160koda We Love Cycling - Spain","isPartOf":{"@id":"https:\/\/www.welovecycling.com\/es\/#website"},"primaryImageOfPage":{"@id":"https:\/\/www.welovecycling.com\/es\/2018\/04\/24\/por-que-montamos-en-bici\/#primaryimage"},"image":{"@id":"https:\/\/www.welovecycling.com\/es\/2018\/04\/24\/por-que-montamos-en-bici\/#primaryimage"},"thumbnailUrl":"https:\/\/d2p6e6u75xmxt8.cloudfront.net\/6\/2018\/04\/wwrcover.jpg","datePublished":"2018-04-24T09:06:51+00:00","dateModified":"2018-04-24T09:18:37+00:00","author":{"@id":"https:\/\/www.welovecycling.com\/es\/#\/schema\/person\/deb61715b5812698ee79fb96f343ccd4"},"description":"\u00bfPor qu\u00e9 montamos en bici? La campa\u00f1a de we love cycling para fomentar el ciclismo femenino. Una gu\u00eda de art\u00edculos sobre las chicas ciclistas.","breadcrumb":{"@id":"https:\/\/www.welovecycling.com\/es\/2018\/04\/24\/por-que-montamos-en-bici\/#breadcrumb"},"inLanguage":"es-ES","potentialAction":[{"@type":"ReadAction","target":["https:\/\/www.welovecycling.com\/es\/2018\/04\/24\/por-que-montamos-en-bici\/"]}]},{"@type":"ImageObject","inLanguage":"es-ES","@id":"https:\/\/www.welovecycling.com\/es\/2018\/04\/24\/por-que-montamos-en-bici\/#primaryimage","url":"https:\/\/d2p6e6u75xmxt8.cloudfront.net\/6\/2018\/04\/wwrcover.jpg","contentUrl":"https:\/\/d2p6e6u75xmxt8.cloudfront.net\/6\/2018\/04\/wwrcover.jpg","width":1366,"height":600},{"@type":"BreadcrumbList","@id":"https:\/\/www.welovecycling.com\/es\/2018\/04\/24\/por-que-montamos-en-bici\/#breadcrumb","itemListElement":[{"@type":"ListItem","position":1,"name":"Home","item":"https:\/\/www.welovecycling.com\/es\/"},{"@type":"ListItem","position":2,"name":"Te has preguntado \u00bfpor qu\u00e9 montamos en bici?"}]},{"@type":"WebSite","@id":"https:\/\/www.welovecycling.com\/es\/#website","url":"https:\/\/www.welovecycling.com\/es\/","name":"\u0160koda We Love Cycling - Spain","description":"\u0160koda WeLoveCycling Spain","potentialAction":[{"@type":"SearchAction","target":{"@type":"EntryPoint","urlTemplate":"https:\/\/www.welovecycling.com\/es\/?s={search_term_string}"},"query-input":{"@type":"PropertyValueSpecification","valueRequired":true,"valueName":"search_term_string"}}],"inLanguage":"es-ES"},{"@type":"Person","@id":"https:\/\/www.welovecycling.com\/es\/#\/schema\/person\/deb61715b5812698ee79fb96f343ccd4","name":"We Love Cycling Spain","image":{"@type":"ImageObject","inLanguage":"es-ES","@id":"https:\/\/www.welovecycling.com\/es\/#\/schema\/person\/image\/","url":"https:\/\/secure.gravatar.com\/avatar\/c824b04e6df0e37a03219d0b6481672889df542894588964102459e46513159c?s=96&d=mm&r=g","contentUrl":"https:\/\/secure.gravatar.com\/avatar\/c824b04e6df0e37a03219d0b6481672889df542894588964102459e46513159c?s=96&d=mm&r=g","caption":"We Love Cycling Spain"},"url":"https:\/\/www.welovecycling.com\/es\/author\/amunoz\/"}]}},"_links":{"self":[{"href":"https:\/\/www.welovecycling.com\/es\/wp-json\/wp\/v2\/posts\/2647","targetHints":{"allow":["GET"]}}],"collection":[{"href":"https:\/\/www.welovecycling.com\/es\/wp-json\/wp\/v2\/posts"}],"about":[{"href":"https:\/\/www.welovecycling.com\/es\/wp-json\/wp\/v2\/types\/post"}],"author":[{"embeddable":true,"href":"https:\/\/www.welovecycling.com\/es\/wp-json\/wp\/v2\/users\/29"}],"replies":[{"embeddable":true,"href":"https:\/\/www.welovecycling.com\/es\/wp-json\/wp\/v2\/comments?post=2647"}],"version-history":[{"count":2,"href":"https:\/\/www.welovecycling.com\/es\/wp-json\/wp\/v2\/posts\/2647\/revisions"}],"predecessor-version":[{"id":2655,"href":"https:\/\/www.welovecycling.com\/es\/wp-json\/wp\/v2\/posts\/2647\/revisions\/2655"}],"wp:featuredmedia":[{"embeddable":true,"href":"https:\/\/www.welovecycling.com\/es\/wp-json\/wp\/v2\/media\/2648"}],"wp:attachment":[{"href":"https:\/\/www.welovecycling.com\/es\/wp-json\/wp\/v2\/media?parent=2647"}],"wp:term":[{"taxonomy":"category","embeddable":true,"href":"https:\/\/www.welovecycling.com\/es\/wp-json\/wp\/v2\/categories?post=2647"},{"taxonomy":"post_tag","embeddable":true,"href":"https:\/\/www.welovecycling.com\/es\/wp-json\/wp\/v2\/tags?post=2647"},{"taxonomy":"global-categories","embeddable":true,"href":"https:\/\/www.welovecycling.com\/es\/wp-json\/wp\/v2\/global-categories?post=2647"}],"curies":[{"name":"wp","href":"https:\/\/api.w.org\/{rel}","templated":true}]}}