{"id":2634,"date":"2018-04-24T11:06:29","date_gmt":"2018-04-24T09:06:29","guid":{"rendered":"https:\/\/www.welovecycling.com\/es\/?p=2634"},"modified":"2018-04-24T11:06:29","modified_gmt":"2018-04-24T09:06:29","slug":"las-ciclistas-mas-fuertes-de-2018","status":"publish","type":"post","link":"https:\/\/www.welovecycling.com\/es\/2018\/04\/24\/las-ciclistas-mas-fuertes-de-2018\/","title":{"rendered":"Las ciclistas m\u00e1s fuertes del 2018"},"content":{"rendered":"<p><strong>Campeonas de ciclismo, celebridades&#8230; las mujeres est\u00e1n presentes m\u00e1s que nunca en el ciclismo. Aqu\u00ed van algunas de las chicas ciclistas m\u00e1s relevantes de 2018<\/strong><!--more--><\/p>\n<h2><strong>Isla Rowntree<\/strong><\/h2>\n<p>Despu\u00e9s de haber sido campeona nacional de ciclocross tres veces y como veterana del mundo de la MTB Isla Rowntree sabe mucho sobre el mundo de las bicis. Adem\u00e1s es la creadora de su propia l\u00ednea de bicicletas infantiles &#8211; Islabikes &#8211; inspirando a una nueva generaci\u00f3n a montar en bici desde joven. Ahora mismo est\u00e1 creando bicicletas para ni\u00f1os con una especificaci\u00f3n moderna para adultos, prestando especial atenci\u00f3n al desarrollo infantil y al ajuste de las bicicletas. Fue la precursora en la l\u00ednea ciclista brit\u00e1nica que luego siguieron Bradley Wiggins y Victoria Pendletons.<\/p>\n<p>&nbsp;<\/p>\n<p><a href=\"https:\/\/d2p6e6u75xmxt8.cloudfront.net\/6\/2018\/04\/44874444448.JPG.jpg\"><img loading=\"lazy\" decoding=\"async\" class=\"alignnone size-full wp-image-2638\" src=\"https:\/\/d2p6e6u75xmxt8.cloudfront.net\/6\/2018\/04\/44874444448.JPG.jpg\" alt=\"\" width=\"729\" height=\"484\" srcset=\"https:\/\/d2p6e6u75xmxt8.cloudfront.net\/6\/2018\/04\/44874444448.JPG.jpg 729w, https:\/\/d2p6e6u75xmxt8.cloudfront.net\/6\/2018\/04\/44874444448.JPG-300x199.jpg 300w, https:\/\/d2p6e6u75xmxt8.cloudfront.net\/6\/2018\/04\/44874444448.JPG-272x182.jpg 272w\" sizes=\"auto, (max-width: 729px) 100vw, 729px\" \/><\/a><\/p>\n<h2><strong>Davina McCall<\/strong><\/h2>\n<p>Algunos ciclistas s0n conocidos por sus m\u00e9ritos deportivos, mientras que otros que ya son conocidos pasan al mundo de las dos ruedas y se convierten en defensores de este deporte. Davina McCall es una conocida presentadora de televisi\u00f3n por Gran Hermano- Se inici\u00f3 en el ciclismo a los 40 a\u00f1os y ha completado una serie de impresionantes desaf\u00edos de ciclismo y ha animado a otros a montar en bici.\u00a0Hoy en d\u00eda hace campa\u00f1a para aumentar las oportunidades de las mujeres ciclistas, dirige su propia carrera anual en Sussex para la organizaci\u00f3n ben\u00e9fica Action Medical Research for Children, y se le atribuye el m\u00e9rito de popularizar el deporte entre todo un nuevo p\u00fablico de &#8220;Mumsnet&#8221;.<\/p>\n<p>https:\/\/www.instagram.com\/p\/BbMEcJiHW3o\/?hl=cs&#038;taken-by=davinamccall<\/p>\n<h2><strong>Laura Kenny<\/strong><\/h2>\n<p>Tal vez m\u00e1s conocida como Laura Trott, esta mujer es quiz\u00e1s una de las ciclistas brit\u00e1nicas m\u00e1s famosas de la actualidad. Ha superado la adversidad personal para alcanzar su estatus de campeona. Nacida con un pulm\u00f3n colapsado, sufre de asma, pero su persistencia y determinaci\u00f3n para seguir trabajando fue recompensada con dos medallas de oro en Londres 2012 y otra doble medalla de oro en R\u00edo. Tambi\u00e9n ha sido una defensora franca de la campa\u00f1a #LikeAGirl, una iniciativa para alentar a m\u00e1s ni\u00f1as a que practiquen deporte en la escuela.<\/p>\n<p><a href=\"https:\/\/d2p6e6u75xmxt8.cloudfront.net\/6\/2018\/04\/laura-trott-t.jpg\"><img loading=\"lazy\" decoding=\"async\" class=\"alignnone size-full wp-image-2639\" src=\"https:\/\/d2p6e6u75xmxt8.cloudfront.net\/6\/2018\/04\/laura-trott-t.jpg\" alt=\"\" width=\"820\" height=\"492\" srcset=\"https:\/\/d2p6e6u75xmxt8.cloudfront.net\/6\/2018\/04\/laura-trott-t.jpg 820w, https:\/\/d2p6e6u75xmxt8.cloudfront.net\/6\/2018\/04\/laura-trott-t-300x180.jpg 300w, https:\/\/d2p6e6u75xmxt8.cloudfront.net\/6\/2018\/04\/laura-trott-t-768x461.jpg 768w\" sizes=\"auto, (max-width: 820px) 100vw, 820px\" \/><\/a><\/p>\n<h2><strong>Claire Lomas<\/strong><\/h2>\n<p>Una tit\u00e1n del deporte y de la vida. Claire Lomas fue reconocia por primera vez despu\u00e9s de hacer el Marat\u00f3n de Londres en un traje rob\u00f3tico en 2012, cinco a\u00f1os despu\u00e9s de que un accidente montando a caballo la dejase paralizada desde el pecho hacia abajo. Desde entonces Claire Lomas ha dado la vuelta en bicicleta alrededor del Reino Unido, aprendi\u00f3 a esquiar, se cas\u00f3 y tuvo dos hijos. Esa caminata inicial le tom\u00f3 17 d\u00edas y desde entonces ha alcanzado nuevas alturas, desafi\u00e1ndose a s\u00ed misma a pruebas f\u00edsicas, recaudando fondos para la investigaci\u00f3n de lesiones de la columna vertebral e inspirando a personas de todo el mundo mientras cuenta su historia. El t\u00e9rmino &#8220;superwoman&#8221; ni siquiera se ajusta a Claire y cuando se subi\u00f3 a la bici con almohadillas electr\u00f3nicas en las piernas para hacerlas moverse, sigui\u00f3 mostrando su determinaci\u00f3n inquebrantable.<\/p>\n<p><a href=\"https:\/\/d2p6e6u75xmxt8.cloudfront.net\/6\/2018\/04\/qJaS1jdBk2Sx.jpg\"><img loading=\"lazy\" decoding=\"async\" class=\"alignnone size-full wp-image-2640\" src=\"https:\/\/d2p6e6u75xmxt8.cloudfront.net\/6\/2018\/04\/qJaS1jdBk2Sx.jpg\" alt=\"\" width=\"1024\" height=\"683\" srcset=\"https:\/\/d2p6e6u75xmxt8.cloudfront.net\/6\/2018\/04\/qJaS1jdBk2Sx.jpg 1024w, https:\/\/d2p6e6u75xmxt8.cloudfront.net\/6\/2018\/04\/qJaS1jdBk2Sx-300x200.jpg 300w, https:\/\/d2p6e6u75xmxt8.cloudfront.net\/6\/2018\/04\/qJaS1jdBk2Sx-768x512.jpg 768w, https:\/\/d2p6e6u75xmxt8.cloudfront.net\/6\/2018\/04\/qJaS1jdBk2Sx-272x182.jpg 272w\" sizes=\"auto, (max-width: 1024px) 100vw, 1024px\" \/><\/a><\/p>\n<h2><strong>Juliana Buhring<\/strong><\/h2>\n<p>En 2012 la ciclista y escritora de ultra-resistencia brit\u00e1nico-alemana Juliana Buhring estableci\u00f3 el R\u00e9cord Mundial Guinness como la mujer m\u00e1s r\u00e1pida en circunnavegar el mundo en bicicleta, recorriendo m\u00e1s de 24000 kil\u00f3metros en un tiempo total de 152 d\u00edas. Y lo que es m\u00e1s impresionante, aprendi\u00f3 a rodar en bicicleta tres meses antes de su partida. Tambi\u00e9n es una autora de best-sellers con una interesante historia personal y entre sus otros retos particip\u00f3 en Race Across America que est\u00e1 documentada en la pel\u00edcula Inspired to Ride.<\/p>\n<lite-youtube videoid=PYbWn5IMoYc params=\"enablejsapi=1\" style=\"background-image: url('https:\/\/i.ytimg.com\/vi_webp\/PYbWn5IMoYc\/maxresdefault.webp');\"><\/lite-youtube>\n<h2><strong>Lizzie Deignan<\/strong><\/h2>\n<p>En 2016, Lizzie fue una de las mejores del mundo profesional, gan\u00f3 el Tour Femenino, m\u00faltiples cl\u00e1sicas y los Mundiales. Desde entonces no ha vuelto a conseguir triunfos pero eso le dio a\u00fan m\u00e1s hambre de triunfar. En 2018, tiene algo que demostrar y hay que ver lo que hace con el pelot\u00f3n este a\u00f1o para replantear su caso.<\/p>\n<p><a href=\"https:\/\/d2p6e6u75xmxt8.cloudfront.net\/6\/2018\/04\/11-lizzie-deignan-swpix-3.jpg\"><img loading=\"lazy\" decoding=\"async\" class=\"alignnone size-full wp-image-2641\" src=\"https:\/\/d2p6e6u75xmxt8.cloudfront.net\/6\/2018\/04\/11-lizzie-deignan-swpix-3.jpg\" alt=\"\" width=\"1920\" height=\"1280\" srcset=\"https:\/\/d2p6e6u75xmxt8.cloudfront.net\/6\/2018\/04\/11-lizzie-deignan-swpix-3.jpg 1920w, https:\/\/d2p6e6u75xmxt8.cloudfront.net\/6\/2018\/04\/11-lizzie-deignan-swpix-3-300x200.jpg 300w, https:\/\/d2p6e6u75xmxt8.cloudfront.net\/6\/2018\/04\/11-lizzie-deignan-swpix-3-768x512.jpg 768w, https:\/\/d2p6e6u75xmxt8.cloudfront.net\/6\/2018\/04\/11-lizzie-deignan-swpix-3-1024x683.jpg 1024w, https:\/\/d2p6e6u75xmxt8.cloudfront.net\/6\/2018\/04\/11-lizzie-deignan-swpix-3-272x182.jpg 272w, https:\/\/d2p6e6u75xmxt8.cloudfront.net\/6\/2018\/04\/11-lizzie-deignan-swpix-3-1920x1280.jpg 1920w\" sizes=\"auto, (max-width: 1920px) 100vw, 1920px\" \/><\/a><\/p>\n<h2><strong>Annemiek van Vleuten<\/strong><\/h2>\n<p>Annemiek van Vleuten es una ciclista holandesa que corre para Mitchelton-Scott, que adem\u00e1s de n\u00fameros triunfos se llev\u00f3 la medalla de oro en la contrarreloj del Campeonato Mundial de Carretera de la UCI 2017 en Bergen. En 2016 mucha gente temi\u00f3 por su vida despu\u00e9s de la impresionante ca\u00edda que sufri\u00f3 en la bajada de los Juegos Ol\u00edmpicos de R\u00edo. Sin embargo, a pesar de haber sufrido una conmoci\u00f3n cerebral y haberse roto tres v\u00e9rtebras en la espalda, jur\u00f3 volver y ganar. Ella est\u00e1 decidida y no podemos esperar a ver lo que hace en 2020!<\/p>\n<div class=\"embed-controller-wrapper\">\n<blockquote class=\"twitter-tweet\" data-width=\"500\" data-dnt=\"true\">\n<p lang=\"en\" dir=\"ltr\">Love this one. \ud83d\ude42 Happy to finish the spring with very strong ride today with <a href=\"https:\/\/twitter.com\/MitcheltonScott?ref_src=twsrc%5Etfw\">@MitcheltonSCOTT<\/a> Update about today: <a href=\"https:\/\/t.co\/7JYQT6W9Rw\">https:\/\/t.co\/7JYQT6W9Rw<\/a> <a href=\"https:\/\/t.co\/ZyDNgFuy5M\">pic.twitter.com\/ZyDNgFuy5M<\/a><\/p>\n<p>&mdash; Annemiek van Vleuten (@AvVleuten) <a href=\"https:\/\/twitter.com\/AvVleuten\/status\/988146564928450560?ref_src=twsrc%5Etfw\">April 22, 2018<\/a><\/p><\/blockquote>\n<p><script async data-src=\"https:\/\/platform.twitter.com\/widgets.js\" charset=\"utf-8\"><\/script><\/div>\n","protected":false},"excerpt":{"rendered":"<p>Campeonas de ciclismo, celebridades&#8230; las mujeres est\u00e1n presentes m\u00e1s que nunca en el ciclismo. Aqu\u00ed van algunas de las chicas [&hellip;]<\/p>\n","protected":false},"author":29,"featured_media":2643,"comment_status":"open","ping_status":"open","sticky":false,"template":"","format":"standard","meta":{"footnotes":""},"categories":[7,8,9,6],"tags":[409,413,410,411,412],"global-categories":[],"class_list":["post-2634","post","type-post","status-publish","format-standard","has-post-thumbnail","hentry","category-carretera","category-life-style","category-mtb-aventura","category-urban","tag-ciclistas-femeninas","tag-claire-lomas","tag-davina-mccall","tag-isla-rowntree","tag-laura-kenny"],"yoast_head":"<!-- This site is optimized with the Yoast SEO Premium plugin v25.3 (Yoast SEO v25.9) - https:\/\/yoast.com\/wordpress\/plugins\/seo\/ -->\n<title>Las ciclistas m\u00e1s fuertes del 2018 - \u0160koda We Love Cycling - Spain<\/title>\n<meta name=\"description\" content=\"Campeonas de ciclismo, celebridades... las mujeres est\u00e1n presentes m\u00e1s que nunca en el ciclismo. Aqu\u00ed van algunas de las chicas ciclistas m\u00e1s relevantes de 2018\" \/>\n<meta name=\"robots\" content=\"index, follow, max-snippet:-1, max-image-preview:large, max-video-preview:-1\" \/>\n<link rel=\"canonical\" href=\"https:\/\/www.welovecycling.com\/es\/2018\/04\/24\/las-ciclistas-mas-fuertes-de-2018\/\" \/>\n<meta property=\"og:locale\" content=\"es_ES\" \/>\n<meta property=\"og:type\" content=\"article\" \/>\n<meta property=\"og:title\" content=\"Las ciclistas mas fuertes de 2018\" \/>\n<meta property=\"og:description\" content=\"Campeonas de ciclismo, celebridades... las mujeres est\u00e1n presentes m\u00e1s que nunca en el ciclismo. Aqu\u00ed van algunas de las chicas ciclistas m\u00e1s relevantes de 2018\" \/>\n<meta property=\"og:url\" content=\"https:\/\/www.welovecycling.com\/es\/2018\/04\/24\/las-ciclistas-mas-fuertes-de-2018\/\" \/>\n<meta property=\"og:site_name\" content=\"\u0160koda We Love Cycling - Spain\" \/>\n<meta property=\"article:published_time\" content=\"2018-04-24T09:06:29+00:00\" \/>\n<meta property=\"og:image\" content=\"https:\/\/d2p6e6u75xmxt8.cloudfront.net\/6\/2018\/04\/lizzie-1.jpg\" \/>\n\t<meta property=\"og:image:width\" content=\"1366\" \/>\n\t<meta property=\"og:image:height\" content=\"600\" \/>\n\t<meta property=\"og:image:type\" content=\"image\/jpeg\" \/>\n<meta name=\"author\" content=\"We Love Cycling Spain\" \/>\n<meta name=\"twitter:card\" content=\"summary_large_image\" \/>\n<meta name=\"twitter:title\" content=\"Las ciclistas mas fuertes de 2018\" \/>\n<meta name=\"twitter:description\" content=\"Campeonas de ciclismo, celebridades... las mujeres est\u00e1n presentes m\u00e1s que nunca en el ciclismo. Aqu\u00ed van algunas de las chicas ciclistas m\u00e1s relevantes de 2018\" \/>\n<meta name=\"twitter:label1\" content=\"Written by\" \/>\n\t<meta name=\"twitter:data1\" content=\"WeLoveCycling\" \/>\n\t<meta name=\"twitter:label2\" content=\"Est. reading time\" \/>\n\t<meta name=\"twitter:data2\" content=\"4 minutes\" \/>\n<script type=\"application\/ld+json\" class=\"yoast-schema-graph\">{\"@context\":\"https:\/\/schema.org\",\"@graph\":[{\"@type\":\"WebPage\",\"@id\":\"https:\/\/www.welovecycling.com\/es\/2018\/04\/24\/las-ciclistas-mas-fuertes-de-2018\/\",\"url\":\"https:\/\/www.welovecycling.com\/es\/2018\/04\/24\/las-ciclistas-mas-fuertes-de-2018\/\",\"name\":\"Las ciclistas m\u00e1s fuertes del 2018 - \u0160koda We Love Cycling - Spain\",\"isPartOf\":{\"@id\":\"https:\/\/www.welovecycling.com\/es\/#website\"},\"primaryImageOfPage\":{\"@id\":\"https:\/\/www.welovecycling.com\/es\/2018\/04\/24\/las-ciclistas-mas-fuertes-de-2018\/#primaryimage\"},\"image\":{\"@id\":\"https:\/\/www.welovecycling.com\/es\/2018\/04\/24\/las-ciclistas-mas-fuertes-de-2018\/#primaryimage\"},\"thumbnailUrl\":\"https:\/\/d2p6e6u75xmxt8.cloudfront.net\/6\/2018\/04\/lizzie-1.jpg\",\"datePublished\":\"2018-04-24T09:06:29+00:00\",\"author\":{\"@id\":\"https:\/\/www.welovecycling.com\/es\/#\/schema\/person\/deb61715b5812698ee79fb96f343ccd4\"},\"description\":\"Campeonas de ciclismo, celebridades... las mujeres est\u00e1n presentes m\u00e1s que nunca en el ciclismo. Aqu\u00ed van algunas de las chicas ciclistas m\u00e1s relevantes de 2018\",\"breadcrumb\":{\"@id\":\"https:\/\/www.welovecycling.com\/es\/2018\/04\/24\/las-ciclistas-mas-fuertes-de-2018\/#breadcrumb\"},\"inLanguage\":\"es-ES\",\"potentialAction\":[{\"@type\":\"ReadAction\",\"target\":[\"https:\/\/www.welovecycling.com\/es\/2018\/04\/24\/las-ciclistas-mas-fuertes-de-2018\/\"]}]},{\"@type\":\"ImageObject\",\"inLanguage\":\"es-ES\",\"@id\":\"https:\/\/www.welovecycling.com\/es\/2018\/04\/24\/las-ciclistas-mas-fuertes-de-2018\/#primaryimage\",\"url\":\"https:\/\/d2p6e6u75xmxt8.cloudfront.net\/6\/2018\/04\/lizzie-1.jpg\",\"contentUrl\":\"https:\/\/d2p6e6u75xmxt8.cloudfront.net\/6\/2018\/04\/lizzie-1.jpg\",\"width\":1366,\"height\":600},{\"@type\":\"BreadcrumbList\",\"@id\":\"https:\/\/www.welovecycling.com\/es\/2018\/04\/24\/las-ciclistas-mas-fuertes-de-2018\/#breadcrumb\",\"itemListElement\":[{\"@type\":\"ListItem\",\"position\":1,\"name\":\"Home\",\"item\":\"https:\/\/www.welovecycling.com\/es\/\"},{\"@type\":\"ListItem\",\"position\":2,\"name\":\"Las ciclistas m\u00e1s fuertes del 2018\"}]},{\"@type\":\"WebSite\",\"@id\":\"https:\/\/www.welovecycling.com\/es\/#website\",\"url\":\"https:\/\/www.welovecycling.com\/es\/\",\"name\":\"\u0160koda We Love Cycling - Spain\",\"description\":\"\u0160koda WeLoveCycling Spain\",\"potentialAction\":[{\"@type\":\"SearchAction\",\"target\":{\"@type\":\"EntryPoint\",\"urlTemplate\":\"https:\/\/www.welovecycling.com\/es\/?s={search_term_string}\"},\"query-input\":{\"@type\":\"PropertyValueSpecification\",\"valueRequired\":true,\"valueName\":\"search_term_string\"}}],\"inLanguage\":\"es-ES\"},{\"@type\":\"Person\",\"@id\":\"https:\/\/www.welovecycling.com\/es\/#\/schema\/person\/deb61715b5812698ee79fb96f343ccd4\",\"name\":\"We Love Cycling Spain\",\"image\":{\"@type\":\"ImageObject\",\"inLanguage\":\"es-ES\",\"@id\":\"https:\/\/www.welovecycling.com\/es\/#\/schema\/person\/image\/\",\"url\":\"https:\/\/secure.gravatar.com\/avatar\/c824b04e6df0e37a03219d0b6481672889df542894588964102459e46513159c?s=96&d=mm&r=g\",\"contentUrl\":\"https:\/\/secure.gravatar.com\/avatar\/c824b04e6df0e37a03219d0b6481672889df542894588964102459e46513159c?s=96&d=mm&r=g\",\"caption\":\"We Love Cycling Spain\"},\"url\":\"https:\/\/www.welovecycling.com\/es\/author\/amunoz\/\"}]}<\/script>\n<!-- \/ Yoast SEO Premium plugin. -->","yoast_head_json":{"title":"Las ciclistas m\u00e1s fuertes del 2018 - \u0160koda We Love Cycling - Spain","description":"Campeonas de ciclismo, celebridades... las mujeres est\u00e1n presentes m\u00e1s que nunca en el ciclismo. Aqu\u00ed van algunas de las chicas ciclistas m\u00e1s relevantes de 2018","robots":{"index":"index","follow":"follow","max-snippet":"max-snippet:-1","max-image-preview":"max-image-preview:large","max-video-preview":"max-video-preview:-1"},"canonical":"https:\/\/www.welovecycling.com\/es\/2018\/04\/24\/las-ciclistas-mas-fuertes-de-2018\/","og_locale":"es_ES","og_type":"article","og_title":"Las ciclistas mas fuertes de 2018","og_description":"Campeonas de ciclismo, celebridades... las mujeres est\u00e1n presentes m\u00e1s que nunca en el ciclismo. Aqu\u00ed van algunas de las chicas ciclistas m\u00e1s relevantes de 2018","og_url":"https:\/\/www.welovecycling.com\/es\/2018\/04\/24\/las-ciclistas-mas-fuertes-de-2018\/","og_site_name":"\u0160koda We Love Cycling - Spain","article_published_time":"2018-04-24T09:06:29+00:00","og_image":[{"width":1366,"height":600,"url":"https:\/\/d2p6e6u75xmxt8.cloudfront.net\/6\/2018\/04\/lizzie-1.jpg","type":"image\/jpeg"}],"author":"We Love Cycling Spain","twitter_card":"summary_large_image","twitter_title":"Las ciclistas mas fuertes de 2018","twitter_description":"Campeonas de ciclismo, celebridades... las mujeres est\u00e1n presentes m\u00e1s que nunca en el ciclismo. Aqu\u00ed van algunas de las chicas ciclistas m\u00e1s relevantes de 2018","twitter_misc":{"Written by":"WeLoveCycling","Est. reading time":"4 minutes"},"schema":{"@context":"https:\/\/schema.org","@graph":[{"@type":"WebPage","@id":"https:\/\/www.welovecycling.com\/es\/2018\/04\/24\/las-ciclistas-mas-fuertes-de-2018\/","url":"https:\/\/www.welovecycling.com\/es\/2018\/04\/24\/las-ciclistas-mas-fuertes-de-2018\/","name":"Las ciclistas m\u00e1s fuertes del 2018 - \u0160koda We Love Cycling - Spain","isPartOf":{"@id":"https:\/\/www.welovecycling.com\/es\/#website"},"primaryImageOfPage":{"@id":"https:\/\/www.welovecycling.com\/es\/2018\/04\/24\/las-ciclistas-mas-fuertes-de-2018\/#primaryimage"},"image":{"@id":"https:\/\/www.welovecycling.com\/es\/2018\/04\/24\/las-ciclistas-mas-fuertes-de-2018\/#primaryimage"},"thumbnailUrl":"https:\/\/d2p6e6u75xmxt8.cloudfront.net\/6\/2018\/04\/lizzie-1.jpg","datePublished":"2018-04-24T09:06:29+00:00","author":{"@id":"https:\/\/www.welovecycling.com\/es\/#\/schema\/person\/deb61715b5812698ee79fb96f343ccd4"},"description":"Campeonas de ciclismo, celebridades... las mujeres est\u00e1n presentes m\u00e1s que nunca en el ciclismo. Aqu\u00ed van algunas de las chicas ciclistas m\u00e1s relevantes de 2018","breadcrumb":{"@id":"https:\/\/www.welovecycling.com\/es\/2018\/04\/24\/las-ciclistas-mas-fuertes-de-2018\/#breadcrumb"},"inLanguage":"es-ES","potentialAction":[{"@type":"ReadAction","target":["https:\/\/www.welovecycling.com\/es\/2018\/04\/24\/las-ciclistas-mas-fuertes-de-2018\/"]}]},{"@type":"ImageObject","inLanguage":"es-ES","@id":"https:\/\/www.welovecycling.com\/es\/2018\/04\/24\/las-ciclistas-mas-fuertes-de-2018\/#primaryimage","url":"https:\/\/d2p6e6u75xmxt8.cloudfront.net\/6\/2018\/04\/lizzie-1.jpg","contentUrl":"https:\/\/d2p6e6u75xmxt8.cloudfront.net\/6\/2018\/04\/lizzie-1.jpg","width":1366,"height":600},{"@type":"BreadcrumbList","@id":"https:\/\/www.welovecycling.com\/es\/2018\/04\/24\/las-ciclistas-mas-fuertes-de-2018\/#breadcrumb","itemListElement":[{"@type":"ListItem","position":1,"name":"Home","item":"https:\/\/www.welovecycling.com\/es\/"},{"@type":"ListItem","position":2,"name":"Las ciclistas m\u00e1s fuertes del 2018"}]},{"@type":"WebSite","@id":"https:\/\/www.welovecycling.com\/es\/#website","url":"https:\/\/www.welovecycling.com\/es\/","name":"\u0160koda We Love Cycling - Spain","description":"\u0160koda WeLoveCycling Spain","potentialAction":[{"@type":"SearchAction","target":{"@type":"EntryPoint","urlTemplate":"https:\/\/www.welovecycling.com\/es\/?s={search_term_string}"},"query-input":{"@type":"PropertyValueSpecification","valueRequired":true,"valueName":"search_term_string"}}],"inLanguage":"es-ES"},{"@type":"Person","@id":"https:\/\/www.welovecycling.com\/es\/#\/schema\/person\/deb61715b5812698ee79fb96f343ccd4","name":"We Love Cycling Spain","image":{"@type":"ImageObject","inLanguage":"es-ES","@id":"https:\/\/www.welovecycling.com\/es\/#\/schema\/person\/image\/","url":"https:\/\/secure.gravatar.com\/avatar\/c824b04e6df0e37a03219d0b6481672889df542894588964102459e46513159c?s=96&d=mm&r=g","contentUrl":"https:\/\/secure.gravatar.com\/avatar\/c824b04e6df0e37a03219d0b6481672889df542894588964102459e46513159c?s=96&d=mm&r=g","caption":"We Love Cycling Spain"},"url":"https:\/\/www.welovecycling.com\/es\/author\/amunoz\/"}]}},"_links":{"self":[{"href":"https:\/\/www.welovecycling.com\/es\/wp-json\/wp\/v2\/posts\/2634","targetHints":{"allow":["GET"]}}],"collection":[{"href":"https:\/\/www.welovecycling.com\/es\/wp-json\/wp\/v2\/posts"}],"about":[{"href":"https:\/\/www.welovecycling.com\/es\/wp-json\/wp\/v2\/types\/post"}],"author":[{"embeddable":true,"href":"https:\/\/www.welovecycling.com\/es\/wp-json\/wp\/v2\/users\/29"}],"replies":[{"embeddable":true,"href":"https:\/\/www.welovecycling.com\/es\/wp-json\/wp\/v2\/comments?post=2634"}],"version-history":[{"count":2,"href":"https:\/\/www.welovecycling.com\/es\/wp-json\/wp\/v2\/posts\/2634\/revisions"}],"predecessor-version":[{"id":2649,"href":"https:\/\/www.welovecycling.com\/es\/wp-json\/wp\/v2\/posts\/2634\/revisions\/2649"}],"wp:featuredmedia":[{"embeddable":true,"href":"https:\/\/www.welovecycling.com\/es\/wp-json\/wp\/v2\/media\/2643"}],"wp:attachment":[{"href":"https:\/\/www.welovecycling.com\/es\/wp-json\/wp\/v2\/media?parent=2634"}],"wp:term":[{"taxonomy":"category","embeddable":true,"href":"https:\/\/www.welovecycling.com\/es\/wp-json\/wp\/v2\/categories?post=2634"},{"taxonomy":"post_tag","embeddable":true,"href":"https:\/\/www.welovecycling.com\/es\/wp-json\/wp\/v2\/tags?post=2634"},{"taxonomy":"global-categories","embeddable":true,"href":"https:\/\/www.welovecycling.com\/es\/wp-json\/wp\/v2\/global-categories?post=2634"}],"curies":[{"name":"wp","href":"https:\/\/api.w.org\/{rel}","templated":true}]}}