{"id":2599,"date":"2018-04-11T21:43:03","date_gmt":"2018-04-11T19:43:03","guid":{"rendered":"https:\/\/www.welovecycling.com\/es\/?p=2599"},"modified":"2018-04-11T21:43:03","modified_gmt":"2018-04-11T19:43:03","slug":"del-sobrepeso-al-ironman","status":"publish","type":"post","link":"https:\/\/www.welovecycling.com\/es\/2018\/04\/11\/del-sobrepeso-al-ironman\/","title":{"rendered":"Del sobrepeso al IronMan"},"content":{"rendered":"<p><strong>\u00bfTiene alguna meta o reto deportiva? \u00bfQuiere convertirse en un plusmarquista mundial? \u00bfCree que es una locura? Pues esta es la historia de Michal Subrt, de la Rep\u00fablica Checa, quien logr\u00f3 el t\u00edtulo desde cero. Lo que consigui\u00f3 parece copiado del gui\u00f3n de una pel\u00edcula de Hollywood.<\/strong><!--more--><\/p>\n<p>En 2011, Michal Subrt cumpli\u00f3 cuarenta a\u00f1os. Obeso, constantemente cansado, luchando contra el colesterol alto y la inclinaci\u00f3n a la diabetes, acababa de recibir un mensaje sobre los malos resultados de las pruebas de h\u00edgado. Fue todo menos un buen comienzo para una carrera deportiva. Pero a Michal no le importaba mucho. En s\u00f3lo cinco a\u00f1os se convirti\u00f3 en un atleta que bati\u00f3 el r\u00e9cord mundial.<\/p>\n<p><a href=\"https:\/\/d2p6e6u75xmxt8.cloudfront.net\/6\/2018\/04\/MICHAL_SUBRT10.jpg\"><img loading=\"lazy\" decoding=\"async\" class=\"alignnone size-full wp-image-2600\" src=\"https:\/\/d2p6e6u75xmxt8.cloudfront.net\/6\/2018\/04\/MICHAL_SUBRT10.jpg\" alt=\"\" width=\"2272\" height=\"1704\" srcset=\"https:\/\/d2p6e6u75xmxt8.cloudfront.net\/6\/2018\/04\/MICHAL_SUBRT10.jpg 2272w, https:\/\/d2p6e6u75xmxt8.cloudfront.net\/6\/2018\/04\/MICHAL_SUBRT10-300x225.jpg 300w, https:\/\/d2p6e6u75xmxt8.cloudfront.net\/6\/2018\/04\/MICHAL_SUBRT10-768x576.jpg 768w, https:\/\/d2p6e6u75xmxt8.cloudfront.net\/6\/2018\/04\/MICHAL_SUBRT10-1024x768.jpg 1024w, https:\/\/d2p6e6u75xmxt8.cloudfront.net\/6\/2018\/04\/MICHAL_SUBRT10-1920x1440.jpg 1920w, https:\/\/d2p6e6u75xmxt8.cloudfront.net\/6\/2018\/04\/MICHAL_SUBRT10-1920x1440.jpg 1920w\" sizes=\"auto, (max-width: 2272px) 100vw, 2272px\" \/><\/a><\/p>\n<p>Mucho antes, cuando visit\u00f3 a su m\u00e9dico de cabecera en 2011, Michal recibi\u00f3 instrucciones de ver al Sr. Smetana y mostrarle su tarjeta de paciente; casualmente, el Sr. Smetana era un conocido propietario de la funeraria local. Con 108 kg de peso corporal y una variada gama de enfermedades, Michal qued\u00f3 desesperado. El m\u00e9dico le dijo que cambiara el estilo de vida o de lo contrario&#8230;<\/p>\n<p>En este momento tan oscuro, Michal record\u00f3 la apuesta que hab\u00eda hecho con un amigo hace tres a\u00f1os -que terminar\u00eda una carrera de marat\u00f3n- y decidi\u00f3 que era el momento adecuado para arriesgarse. Como Michal no quer\u00eda completar la carrera simplemente caminando por el campo, se puso en contacto con el entrenador Petr Kopriva, que se supon\u00eda que le ayudar\u00eda con el acondicionamiento y que, m\u00e1s all\u00e1 de cualquier expectativa, hizo que Michal se familiarizara con el triatl\u00f3n. &#8220;Petr no quer\u00eda que corriera antes de perder peso, as\u00ed que me hizo andar en bicicleta y nadar. Despu\u00e9s de un poco de pr\u00e1ctica, particip\u00e9 en mi primera carrera corta s\u00f3lo para compararme con los dem\u00e1s e instant\u00e1neamente me enamor\u00e9 de este deporte&#8221;, recuerda Michal. Unos cuantos eventos despu\u00e9s acab\u00f3 el Ironman de Zurich. Y luego vino la oferta de participar en El EPIC5.<\/p>\n<div id='gallery-1' class='gallery galleryid-2599 gallery-columns-2 gallery-size-large'><figure class='gallery-item'>\n\t\t\t<div class='gallery-icon landscape'>\n\t\t\t\t<a href='https:\/\/d2p6e6u75xmxt8.cloudfront.net\/6\/2018\/04\/MICHAL_SUBRT7.JPG.jpg'><img loading=\"lazy\" decoding=\"async\" width=\"1024\" height=\"683\" src=\"https:\/\/d2p6e6u75xmxt8.cloudfront.net\/6\/2018\/04\/MICHAL_SUBRT7.JPG-1024x683.jpg\" class=\"attachment-large size-large\" alt=\"\" srcset=\"https:\/\/d2p6e6u75xmxt8.cloudfront.net\/6\/2018\/04\/MICHAL_SUBRT7.JPG-1024x683.jpg 1024w, https:\/\/d2p6e6u75xmxt8.cloudfront.net\/6\/2018\/04\/MICHAL_SUBRT7.JPG-300x200.jpg 300w, https:\/\/d2p6e6u75xmxt8.cloudfront.net\/6\/2018\/04\/MICHAL_SUBRT7.JPG-768x512.jpg 768w, https:\/\/d2p6e6u75xmxt8.cloudfront.net\/6\/2018\/04\/MICHAL_SUBRT7.JPG-1920x1281.jpg 1920w, https:\/\/d2p6e6u75xmxt8.cloudfront.net\/6\/2018\/04\/MICHAL_SUBRT7.JPG-272x182.jpg 272w, https:\/\/d2p6e6u75xmxt8.cloudfront.net\/6\/2018\/04\/MICHAL_SUBRT7.JPG.jpg 2048w, https:\/\/d2p6e6u75xmxt8.cloudfront.net\/6\/2018\/04\/MICHAL_SUBRT7.JPG-1920x1281.jpg 1920w\" sizes=\"auto, (max-width: 1024px) 100vw, 1024px\" \/><\/a>\n\t\t\t<\/div><\/figure><figure class='gallery-item'>\n\t\t\t<div class='gallery-icon landscape'>\n\t\t\t\t<a href='https:\/\/d2p6e6u75xmxt8.cloudfront.net\/6\/2018\/04\/4445874578.JPG.jpg'><img loading=\"lazy\" decoding=\"async\" width=\"741\" height=\"420\" src=\"https:\/\/d2p6e6u75xmxt8.cloudfront.net\/6\/2018\/04\/4445874578.JPG.jpg\" class=\"attachment-large size-large\" alt=\"\" srcset=\"https:\/\/d2p6e6u75xmxt8.cloudfront.net\/6\/2018\/04\/4445874578.JPG.jpg 741w, https:\/\/d2p6e6u75xmxt8.cloudfront.net\/6\/2018\/04\/4445874578.JPG-300x170.jpg 300w\" sizes=\"auto, (max-width: 741px) 100vw, 741px\" \/><\/a>\n\t\t\t<\/div><\/figure>\n\t\t<\/div>\n\n<h2><strong>Cinco d\u00edas de dolor<\/strong><\/h2>\n<p>El EPIC5 es probablemente la carrera de resistencia m\u00e1s dif\u00edcil y extrema del mundo. S\u00f3lo pensar en ella ya cansa. Debes nadar 3,8 km en el oc\u00e9ano, pedalear 180 kil\u00f3metros y correr una marat\u00f3n entera. Y luego repite toda esta tortura al d\u00eda siguiente. Y luego de nuevo durante cinco d\u00edas en total &#8211; cada d\u00eda movi\u00e9ndose a otro evento organizado en una isla diferente de Hawaii. Esta es la EPIC5, brevemente.<\/p>\n<p>Firmemente resuelto a participar en esta locura, Michal Subrt comenz\u00f3 a entrenar bajo la supervisi\u00f3n del legendario triatleta checo Petr Vabrousek. &#8220;El d\u00eda que empezamos estaba pensando en hacer mucho ejercicio, sin embargo, Petr duplic\u00f3 instant\u00e1neamente mis porciones de entrenamiento. Dos meses antes de la carrera, trabajaba aproximadamente 135 horas al mes&#8221;, recuerda Petr. Siendo un hombre de familia y propietario de una empresa de construcci\u00f3n e ingenier\u00eda, explica que, a pesar de una planificaci\u00f3n meticulosa, de repente tuvo dificultades para manejar su agenda diaria.<\/p>\n<p>&nbsp;<\/p>\n<div id='gallery-2' class='gallery galleryid-2599 gallery-columns-2 gallery-size-large'><figure class='gallery-item'>\n\t\t\t<div class='gallery-icon landscape'>\n\t\t\t\t<a href='https:\/\/d2p6e6u75xmxt8.cloudfront.net\/6\/2018\/04\/MICHAL_SUBRT5.jpg'><img loading=\"lazy\" decoding=\"async\" width=\"1024\" height=\"684\" src=\"https:\/\/d2p6e6u75xmxt8.cloudfront.net\/6\/2018\/04\/MICHAL_SUBRT5-1024x684.jpg\" class=\"attachment-large size-large\" alt=\"\" srcset=\"https:\/\/d2p6e6u75xmxt8.cloudfront.net\/6\/2018\/04\/MICHAL_SUBRT5-1024x684.jpg 1024w, https:\/\/d2p6e6u75xmxt8.cloudfront.net\/6\/2018\/04\/MICHAL_SUBRT5-300x200.jpg 300w, https:\/\/d2p6e6u75xmxt8.cloudfront.net\/6\/2018\/04\/MICHAL_SUBRT5-768x513.jpg 768w, https:\/\/d2p6e6u75xmxt8.cloudfront.net\/6\/2018\/04\/MICHAL_SUBRT5-1920x1282.jpg 1920w, https:\/\/d2p6e6u75xmxt8.cloudfront.net\/6\/2018\/04\/MICHAL_SUBRT5-272x182.jpg 272w, https:\/\/d2p6e6u75xmxt8.cloudfront.net\/6\/2018\/04\/MICHAL_SUBRT5.jpg 2000w, https:\/\/d2p6e6u75xmxt8.cloudfront.net\/6\/2018\/04\/MICHAL_SUBRT5-1920x1282.jpg 1920w\" sizes=\"auto, (max-width: 1024px) 100vw, 1024px\" \/><\/a>\n\t\t\t<\/div><\/figure><figure class='gallery-item'>\n\t\t\t<div class='gallery-icon landscape'>\n\t\t\t\t<a href='https:\/\/d2p6e6u75xmxt8.cloudfront.net\/6\/2018\/04\/MICHAL_SUBRT9-1.jpg'><img loading=\"lazy\" decoding=\"async\" width=\"1024\" height=\"682\" src=\"https:\/\/d2p6e6u75xmxt8.cloudfront.net\/6\/2018\/04\/MICHAL_SUBRT9-1-1024x682.jpg\" class=\"attachment-large size-large\" alt=\"\" srcset=\"https:\/\/d2p6e6u75xmxt8.cloudfront.net\/6\/2018\/04\/MICHAL_SUBRT9-1-1024x682.jpg 1024w, https:\/\/d2p6e6u75xmxt8.cloudfront.net\/6\/2018\/04\/MICHAL_SUBRT9-1-300x200.jpg 300w, https:\/\/d2p6e6u75xmxt8.cloudfront.net\/6\/2018\/04\/MICHAL_SUBRT9-1-768x512.jpg 768w, https:\/\/d2p6e6u75xmxt8.cloudfront.net\/6\/2018\/04\/MICHAL_SUBRT9-1-1920x1280.jpg 1920w, https:\/\/d2p6e6u75xmxt8.cloudfront.net\/6\/2018\/04\/MICHAL_SUBRT9-1-272x182.jpg 272w, https:\/\/d2p6e6u75xmxt8.cloudfront.net\/6\/2018\/04\/MICHAL_SUBRT9-1.jpg 2000w, https:\/\/d2p6e6u75xmxt8.cloudfront.net\/6\/2018\/04\/MICHAL_SUBRT9-1-1920x1280.jpg 1920w\" sizes=\"auto, (max-width: 1024px) 100vw, 1024px\" \/><\/a>\n\t\t\t<\/div><\/figure>\n\t\t<\/div>\n\n<p>Algunos de los participantes de EPIC5 hablan de quedarse dormidos mientras corren. Algunos acaban asustados por las alucinaciones salvajes causadas por el agotamiento. A pesar de cometer un error de principiante cl\u00e1sico, Michal estaba lejos de experimentar algo parecido a ambos. &#8220;Antes de la carrera, accidentalmente com\u00ed algo que me caus\u00f3 n\u00e1useas durante la parte en bici en uno de los d\u00edas de carrera. Eso fue todo. Mi est\u00f3mago se revolvi\u00f3 pronto&#8221;, dice Michal.<\/p>\n<p>No s\u00f3lo se convirti\u00f3 en el primer atleta de la Rep\u00fablica Checa que ha terminado la carrera, sino que Michal lleg\u00f3 a la meta justo a tiempo para establecer un nuevo r\u00e9cord mundial despu\u00e9s de completar las cinco etapas en s\u00f3lo 60 horas y 35 minutos. &#8220;Inmediatamente despu\u00e9s de correr a trav\u00e9s de la marat\u00f3n final las emociones estaban m\u00e1s all\u00e1 de cualquier imaginaci\u00f3n y de repente me di cuenta de que exactamente durante estos tres segundos de euforia lo he estado haciendo todo&#8221;, describe Petr sonriendo.<\/p>\n<p>&nbsp;<\/p>\n<div id='gallery-3' class='gallery galleryid-2599 gallery-columns-2 gallery-size-large'><figure class='gallery-item'>\n\t\t\t<div class='gallery-icon portrait'>\n\t\t\t\t<a href='https:\/\/d2p6e6u75xmxt8.cloudfront.net\/6\/2018\/04\/Subrt3.jpg'><img loading=\"lazy\" decoding=\"async\" width=\"612\" height=\"918\" src=\"https:\/\/d2p6e6u75xmxt8.cloudfront.net\/6\/2018\/04\/Subrt3.jpg\" class=\"attachment-large size-large\" alt=\"\" srcset=\"https:\/\/d2p6e6u75xmxt8.cloudfront.net\/6\/2018\/04\/Subrt3.jpg 612w, https:\/\/d2p6e6u75xmxt8.cloudfront.net\/6\/2018\/04\/Subrt3-200x300.jpg 200w\" sizes=\"auto, (max-width: 612px) 100vw, 612px\" \/><\/a>\n\t\t\t<\/div><\/figure><figure class='gallery-item'>\n\t\t\t<div class='gallery-icon portrait'>\n\t\t\t\t<a href='https:\/\/d2p6e6u75xmxt8.cloudfront.net\/6\/2018\/04\/464464584587.jpg'><img loading=\"lazy\" decoding=\"async\" width=\"612\" height=\"918\" src=\"https:\/\/d2p6e6u75xmxt8.cloudfront.net\/6\/2018\/04\/464464584587.jpg\" class=\"attachment-large size-large\" alt=\"\" srcset=\"https:\/\/d2p6e6u75xmxt8.cloudfront.net\/6\/2018\/04\/464464584587.jpg 612w, https:\/\/d2p6e6u75xmxt8.cloudfront.net\/6\/2018\/04\/464464584587-200x300.jpg 200w\" sizes=\"auto, (max-width: 612px) 100vw, 612px\" \/><\/a>\n\t\t\t<\/div><\/figure>\n\t\t<\/div>\n\n<p><a href=\"https:\/\/d2p6e6u75xmxt8.cloudfront.net\/6\/2018\/04\/MICHAL_SUBRT12.jpg\"><img loading=\"lazy\" decoding=\"async\" class=\"alignnone size-full wp-image-2601\" src=\"https:\/\/d2p6e6u75xmxt8.cloudfront.net\/6\/2018\/04\/MICHAL_SUBRT12.jpg\" alt=\"\" width=\"1600\" height=\"1067\" srcset=\"https:\/\/d2p6e6u75xmxt8.cloudfront.net\/6\/2018\/04\/MICHAL_SUBRT12.jpg 1600w, https:\/\/d2p6e6u75xmxt8.cloudfront.net\/6\/2018\/04\/MICHAL_SUBRT12-300x200.jpg 300w, https:\/\/d2p6e6u75xmxt8.cloudfront.net\/6\/2018\/04\/MICHAL_SUBRT12-768x512.jpg 768w, https:\/\/d2p6e6u75xmxt8.cloudfront.net\/6\/2018\/04\/MICHAL_SUBRT12-1024x683.jpg 1024w, https:\/\/d2p6e6u75xmxt8.cloudfront.net\/6\/2018\/04\/MICHAL_SUBRT12-272x182.jpg 272w\" sizes=\"auto, (max-width: 1600px) 100vw, 1600px\" \/><\/a><\/p>\n<p>Ahora, Michal tiene otro desaf\u00edo por delante. Despu\u00e9s de terminar cuarto en la carrera de Ultraman en Florida hizo los requisitos de calificaci\u00f3n para los pr\u00f3ximos Campeonatos Mundiales. &#8220;Ambos acontecimientos son extremadamente dolorosos&#8221;, compara Michal Ultraman con el EPIC5. Aunque el EPIC5 es m\u00e1s largo y probablemente m\u00e1s exigente mentalmente, Ultraman es corto pero intenso. &#8220;Estoy contento de haber sido invitado a participar en los Campeonatos Mundiales, demostrando que nunca es tarde para aceptar grandes desaf\u00edos&#8221;, dice Michal.<\/p>\n","protected":false},"excerpt":{"rendered":"<p>\u00bfTiene alguna meta o reto deportiva? \u00bfQuiere convertirse en un plusmarquista mundial? \u00bfCree que es una locura? Pues esta es [&hellip;]<\/p>\n","protected":false},"author":29,"featured_media":2603,"comment_status":"open","ping_status":"open","sticky":false,"template":"","format":"standard","meta":{"footnotes":""},"categories":[8],"tags":[401,400,402,403],"global-categories":[],"class_list":["post-2599","post","type-post","status-publish","format-standard","has-post-thumbnail","hentry","category-life-style","tag-epic5","tag-ironman","tag-ironman-mas-duro","tag-perder-peso-con-el-ironman"],"yoast_head":"<!-- This site is optimized with the Yoast SEO Premium plugin v25.3 (Yoast SEO v25.9) - https:\/\/yoast.com\/wordpress\/plugins\/seo\/ -->\n<title>Del sobrepeso al IronMan - \u0160koda We Love Cycling - Spain<\/title>\n<meta name=\"description\" content=\"La historia de Michal, que paso del sobrepeso a disputar un Ironman y ser plusmarquista mundial del EPIC5, que suma 5 ironmans seguidos.\" \/>\n<meta name=\"robots\" content=\"index, follow, max-snippet:-1, max-image-preview:large, max-video-preview:-1\" \/>\n<link rel=\"canonical\" href=\"https:\/\/www.welovecycling.com\/es\/2018\/04\/11\/del-sobrepeso-al-ironman\/\" \/>\n<meta property=\"og:locale\" content=\"es_ES\" \/>\n<meta property=\"og:type\" content=\"article\" \/>\n<meta property=\"og:title\" content=\"Del sobrepeso al IronMan\" \/>\n<meta property=\"og:description\" content=\"\u00bfTiene alguna meta o reto deportiva? \u00bfQuiere convertirse en un plusmarquista mundial? \u00bfCree que es una locura? Pues esta es la historia de Michal Subrt, de la Rep\u00fablica Checa, quien logr\u00f3 el t\u00edtulo desde cero. Lo que consigui\u00f3 parece copiado del gui\u00f3n de una pel\u00edcula de Hollywood.\" \/>\n<meta property=\"og:url\" content=\"https:\/\/www.welovecycling.com\/es\/2018\/04\/11\/del-sobrepeso-al-ironman\/\" \/>\n<meta property=\"og:site_name\" content=\"\u0160koda We Love Cycling - Spain\" \/>\n<meta property=\"article:published_time\" content=\"2018-04-11T19:43:03+00:00\" \/>\n<meta property=\"og:image\" content=\"https:\/\/d2p6e6u75xmxt8.cloudfront.net\/6\/2018\/04\/748484484587_44547854457.jpg\" \/>\n\t<meta property=\"og:image:width\" content=\"1366\" \/>\n\t<meta property=\"og:image:height\" content=\"600\" \/>\n\t<meta property=\"og:image:type\" content=\"image\/jpeg\" \/>\n<meta name=\"author\" content=\"We Love Cycling Spain\" \/>\n<meta name=\"twitter:card\" content=\"summary_large_image\" \/>\n<meta name=\"twitter:title\" content=\"Del sobrepeso al IronMan\" \/>\n<meta name=\"twitter:description\" content=\"\u00bfTiene alguna meta o reto deportiva? \u00bfQuiere convertirse en un plusmarquista mundial? \u00bfCree que es una locura? Pues esta es la historia de Michal Subrt, de la Rep\u00fablica Checa, quien logr\u00f3 el t\u00edtulo desde cero. Lo que consigui\u00f3 parece copiado del gui\u00f3n de una pel\u00edcula de Hollywood.\" \/>\n<meta name=\"twitter:label1\" content=\"Written by\" \/>\n\t<meta name=\"twitter:data1\" content=\"Adam Marsal\" \/>\n\t<meta name=\"twitter:label2\" content=\"Est. reading time\" \/>\n\t<meta name=\"twitter:data2\" content=\"4 minutes\" \/>\n<script type=\"application\/ld+json\" class=\"yoast-schema-graph\">{\"@context\":\"https:\/\/schema.org\",\"@graph\":[{\"@type\":\"WebPage\",\"@id\":\"https:\/\/www.welovecycling.com\/es\/2018\/04\/11\/del-sobrepeso-al-ironman\/\",\"url\":\"https:\/\/www.welovecycling.com\/es\/2018\/04\/11\/del-sobrepeso-al-ironman\/\",\"name\":\"Del sobrepeso al IronMan - \u0160koda We Love Cycling - Spain\",\"isPartOf\":{\"@id\":\"https:\/\/www.welovecycling.com\/es\/#website\"},\"primaryImageOfPage\":{\"@id\":\"https:\/\/www.welovecycling.com\/es\/2018\/04\/11\/del-sobrepeso-al-ironman\/#primaryimage\"},\"image\":{\"@id\":\"https:\/\/www.welovecycling.com\/es\/2018\/04\/11\/del-sobrepeso-al-ironman\/#primaryimage\"},\"thumbnailUrl\":\"https:\/\/d2p6e6u75xmxt8.cloudfront.net\/6\/2018\/04\/748484484587_44547854457.jpg\",\"datePublished\":\"2018-04-11T19:43:03+00:00\",\"author\":{\"@id\":\"https:\/\/www.welovecycling.com\/es\/#\/schema\/person\/deb61715b5812698ee79fb96f343ccd4\"},\"description\":\"La historia de Michal, que paso del sobrepeso a disputar un Ironman y ser plusmarquista mundial del EPIC5, que suma 5 ironmans seguidos.\",\"breadcrumb\":{\"@id\":\"https:\/\/www.welovecycling.com\/es\/2018\/04\/11\/del-sobrepeso-al-ironman\/#breadcrumb\"},\"inLanguage\":\"es-ES\",\"potentialAction\":[{\"@type\":\"ReadAction\",\"target\":[\"https:\/\/www.welovecycling.com\/es\/2018\/04\/11\/del-sobrepeso-al-ironman\/\"]}]},{\"@type\":\"ImageObject\",\"inLanguage\":\"es-ES\",\"@id\":\"https:\/\/www.welovecycling.com\/es\/2018\/04\/11\/del-sobrepeso-al-ironman\/#primaryimage\",\"url\":\"https:\/\/d2p6e6u75xmxt8.cloudfront.net\/6\/2018\/04\/748484484587_44547854457.jpg\",\"contentUrl\":\"https:\/\/d2p6e6u75xmxt8.cloudfront.net\/6\/2018\/04\/748484484587_44547854457.jpg\",\"width\":1366,\"height\":600},{\"@type\":\"BreadcrumbList\",\"@id\":\"https:\/\/www.welovecycling.com\/es\/2018\/04\/11\/del-sobrepeso-al-ironman\/#breadcrumb\",\"itemListElement\":[{\"@type\":\"ListItem\",\"position\":1,\"name\":\"Home\",\"item\":\"https:\/\/www.welovecycling.com\/es\/\"},{\"@type\":\"ListItem\",\"position\":2,\"name\":\"Del sobrepeso al IronMan\"}]},{\"@type\":\"WebSite\",\"@id\":\"https:\/\/www.welovecycling.com\/es\/#website\",\"url\":\"https:\/\/www.welovecycling.com\/es\/\",\"name\":\"\u0160koda We Love Cycling - Spain\",\"description\":\"\u0160koda WeLoveCycling Spain\",\"potentialAction\":[{\"@type\":\"SearchAction\",\"target\":{\"@type\":\"EntryPoint\",\"urlTemplate\":\"https:\/\/www.welovecycling.com\/es\/?s={search_term_string}\"},\"query-input\":{\"@type\":\"PropertyValueSpecification\",\"valueRequired\":true,\"valueName\":\"search_term_string\"}}],\"inLanguage\":\"es-ES\"},{\"@type\":\"Person\",\"@id\":\"https:\/\/www.welovecycling.com\/es\/#\/schema\/person\/deb61715b5812698ee79fb96f343ccd4\",\"name\":\"We Love Cycling Spain\",\"image\":{\"@type\":\"ImageObject\",\"inLanguage\":\"es-ES\",\"@id\":\"https:\/\/www.welovecycling.com\/es\/#\/schema\/person\/image\/\",\"url\":\"https:\/\/secure.gravatar.com\/avatar\/c824b04e6df0e37a03219d0b6481672889df542894588964102459e46513159c?s=96&d=mm&r=g\",\"contentUrl\":\"https:\/\/secure.gravatar.com\/avatar\/c824b04e6df0e37a03219d0b6481672889df542894588964102459e46513159c?s=96&d=mm&r=g\",\"caption\":\"We Love Cycling Spain\"},\"url\":\"https:\/\/www.welovecycling.com\/es\/author\/amunoz\/\"}]}<\/script>\n<!-- \/ Yoast SEO Premium plugin. -->","yoast_head_json":{"title":"Del sobrepeso al IronMan - \u0160koda We Love Cycling - Spain","description":"La historia de Michal, que paso del sobrepeso a disputar un Ironman y ser plusmarquista mundial del EPIC5, que suma 5 ironmans seguidos.","robots":{"index":"index","follow":"follow","max-snippet":"max-snippet:-1","max-image-preview":"max-image-preview:large","max-video-preview":"max-video-preview:-1"},"canonical":"https:\/\/www.welovecycling.com\/es\/2018\/04\/11\/del-sobrepeso-al-ironman\/","og_locale":"es_ES","og_type":"article","og_title":"Del sobrepeso al IronMan","og_description":"\u00bfTiene alguna meta o reto deportiva? \u00bfQuiere convertirse en un plusmarquista mundial? \u00bfCree que es una locura? Pues esta es la historia de Michal Subrt, de la Rep\u00fablica Checa, quien logr\u00f3 el t\u00edtulo desde cero. Lo que consigui\u00f3 parece copiado del gui\u00f3n de una pel\u00edcula de Hollywood.","og_url":"https:\/\/www.welovecycling.com\/es\/2018\/04\/11\/del-sobrepeso-al-ironman\/","og_site_name":"\u0160koda We Love Cycling - Spain","article_published_time":"2018-04-11T19:43:03+00:00","og_image":[{"width":1366,"height":600,"url":"https:\/\/d2p6e6u75xmxt8.cloudfront.net\/6\/2018\/04\/748484484587_44547854457.jpg","type":"image\/jpeg"}],"author":"We Love Cycling Spain","twitter_card":"summary_large_image","twitter_title":"Del sobrepeso al IronMan","twitter_description":"\u00bfTiene alguna meta o reto deportiva? \u00bfQuiere convertirse en un plusmarquista mundial? \u00bfCree que es una locura? Pues esta es la historia de Michal Subrt, de la Rep\u00fablica Checa, quien logr\u00f3 el t\u00edtulo desde cero. Lo que consigui\u00f3 parece copiado del gui\u00f3n de una pel\u00edcula de Hollywood.","twitter_misc":{"Written by":"Adam Marsal","Est. reading time":"4 minutes"},"schema":{"@context":"https:\/\/schema.org","@graph":[{"@type":"WebPage","@id":"https:\/\/www.welovecycling.com\/es\/2018\/04\/11\/del-sobrepeso-al-ironman\/","url":"https:\/\/www.welovecycling.com\/es\/2018\/04\/11\/del-sobrepeso-al-ironman\/","name":"Del sobrepeso al IronMan - \u0160koda We Love Cycling - Spain","isPartOf":{"@id":"https:\/\/www.welovecycling.com\/es\/#website"},"primaryImageOfPage":{"@id":"https:\/\/www.welovecycling.com\/es\/2018\/04\/11\/del-sobrepeso-al-ironman\/#primaryimage"},"image":{"@id":"https:\/\/www.welovecycling.com\/es\/2018\/04\/11\/del-sobrepeso-al-ironman\/#primaryimage"},"thumbnailUrl":"https:\/\/d2p6e6u75xmxt8.cloudfront.net\/6\/2018\/04\/748484484587_44547854457.jpg","datePublished":"2018-04-11T19:43:03+00:00","author":{"@id":"https:\/\/www.welovecycling.com\/es\/#\/schema\/person\/deb61715b5812698ee79fb96f343ccd4"},"description":"La historia de Michal, que paso del sobrepeso a disputar un Ironman y ser plusmarquista mundial del EPIC5, que suma 5 ironmans seguidos.","breadcrumb":{"@id":"https:\/\/www.welovecycling.com\/es\/2018\/04\/11\/del-sobrepeso-al-ironman\/#breadcrumb"},"inLanguage":"es-ES","potentialAction":[{"@type":"ReadAction","target":["https:\/\/www.welovecycling.com\/es\/2018\/04\/11\/del-sobrepeso-al-ironman\/"]}]},{"@type":"ImageObject","inLanguage":"es-ES","@id":"https:\/\/www.welovecycling.com\/es\/2018\/04\/11\/del-sobrepeso-al-ironman\/#primaryimage","url":"https:\/\/d2p6e6u75xmxt8.cloudfront.net\/6\/2018\/04\/748484484587_44547854457.jpg","contentUrl":"https:\/\/d2p6e6u75xmxt8.cloudfront.net\/6\/2018\/04\/748484484587_44547854457.jpg","width":1366,"height":600},{"@type":"BreadcrumbList","@id":"https:\/\/www.welovecycling.com\/es\/2018\/04\/11\/del-sobrepeso-al-ironman\/#breadcrumb","itemListElement":[{"@type":"ListItem","position":1,"name":"Home","item":"https:\/\/www.welovecycling.com\/es\/"},{"@type":"ListItem","position":2,"name":"Del sobrepeso al IronMan"}]},{"@type":"WebSite","@id":"https:\/\/www.welovecycling.com\/es\/#website","url":"https:\/\/www.welovecycling.com\/es\/","name":"\u0160koda We Love Cycling - Spain","description":"\u0160koda WeLoveCycling Spain","potentialAction":[{"@type":"SearchAction","target":{"@type":"EntryPoint","urlTemplate":"https:\/\/www.welovecycling.com\/es\/?s={search_term_string}"},"query-input":{"@type":"PropertyValueSpecification","valueRequired":true,"valueName":"search_term_string"}}],"inLanguage":"es-ES"},{"@type":"Person","@id":"https:\/\/www.welovecycling.com\/es\/#\/schema\/person\/deb61715b5812698ee79fb96f343ccd4","name":"We Love Cycling Spain","image":{"@type":"ImageObject","inLanguage":"es-ES","@id":"https:\/\/www.welovecycling.com\/es\/#\/schema\/person\/image\/","url":"https:\/\/secure.gravatar.com\/avatar\/c824b04e6df0e37a03219d0b6481672889df542894588964102459e46513159c?s=96&d=mm&r=g","contentUrl":"https:\/\/secure.gravatar.com\/avatar\/c824b04e6df0e37a03219d0b6481672889df542894588964102459e46513159c?s=96&d=mm&r=g","caption":"We Love Cycling Spain"},"url":"https:\/\/www.welovecycling.com\/es\/author\/amunoz\/"}]}},"_links":{"self":[{"href":"https:\/\/www.welovecycling.com\/es\/wp-json\/wp\/v2\/posts\/2599","targetHints":{"allow":["GET"]}}],"collection":[{"href":"https:\/\/www.welovecycling.com\/es\/wp-json\/wp\/v2\/posts"}],"about":[{"href":"https:\/\/www.welovecycling.com\/es\/wp-json\/wp\/v2\/types\/post"}],"author":[{"embeddable":true,"href":"https:\/\/www.welovecycling.com\/es\/wp-json\/wp\/v2\/users\/29"}],"replies":[{"embeddable":true,"href":"https:\/\/www.welovecycling.com\/es\/wp-json\/wp\/v2\/comments?post=2599"}],"version-history":[{"count":2,"href":"https:\/\/www.welovecycling.com\/es\/wp-json\/wp\/v2\/posts\/2599\/revisions"}],"predecessor-version":[{"id":2604,"href":"https:\/\/www.welovecycling.com\/es\/wp-json\/wp\/v2\/posts\/2599\/revisions\/2604"}],"wp:featuredmedia":[{"embeddable":true,"href":"https:\/\/www.welovecycling.com\/es\/wp-json\/wp\/v2\/media\/2603"}],"wp:attachment":[{"href":"https:\/\/www.welovecycling.com\/es\/wp-json\/wp\/v2\/media?parent=2599"}],"wp:term":[{"taxonomy":"category","embeddable":true,"href":"https:\/\/www.welovecycling.com\/es\/wp-json\/wp\/v2\/categories?post=2599"},{"taxonomy":"post_tag","embeddable":true,"href":"https:\/\/www.welovecycling.com\/es\/wp-json\/wp\/v2\/tags?post=2599"},{"taxonomy":"global-categories","embeddable":true,"href":"https:\/\/www.welovecycling.com\/es\/wp-json\/wp\/v2\/global-categories?post=2599"}],"curies":[{"name":"wp","href":"https:\/\/api.w.org\/{rel}","templated":true}]}}