{"id":2562,"date":"2018-04-12T11:48:19","date_gmt":"2018-04-12T09:48:19","guid":{"rendered":"https:\/\/www.welovecycling.com\/es\/?p=2562"},"modified":"2018-04-12T11:51:21","modified_gmt":"2018-04-12T09:51:21","slug":"las-bicicletas-paris-roubaix-y-tour-de-flandes","status":"publish","type":"post","link":"https:\/\/www.welovecycling.com\/es\/2018\/04\/12\/las-bicicletas-paris-roubaix-y-tour-de-flandes\/","title":{"rendered":"Las bicicletas de la Paris Roubaix y el Tour de Flandes"},"content":{"rendered":"<p><strong>Los adoquines lo modifican todo. Las bicicletas de la Par\u00eds Roubaix y del Tour de Flandes nada tienen que ver con las que se utilizan en una etapa llana o en una etapa de alta monta\u00f1a. La dureza de los adoquines y sobre todo la separaci\u00f3n que hay entre ellos obliga a &#8216;tunear&#8217; las m\u00e1quinas de los ciclistas profesionales para adaptarse a los nuevos terrenos.<\/strong><!--more--><br \/>\nLo primero que se suele dejar de lado en <strong>Flandes y Roubaix<\/strong> son los modelos aero o ultraligeros de cada una de las marcas. Todos los ciclistas suelen apostar, salvo casos aislados, por <strong>la gama de Gran Fondo<\/strong>. Son bicicletas algo m\u00e1s largas y con una separaci\u00f3n entre ejes mayor, lo que las hace m\u00e1s c\u00f3modas para afrontar los adoquines. Si echamos nombre de marca&#8230; no en vano el modelo <strong>GF de Specialized se llama Roubaix<\/strong>. Naci\u00f3 con ese sentido.<\/p>\n<p>Los cuadros suelen llevar <strong>elast\u00f3meros o peque\u00f1as suspensiones interiores<\/strong> para amortiguar los golpes de los adoquines. Unos encajados en la direcci\u00f3n y otros por debajo de la tija del sill\u00edn. La idea es hacer m\u00e1s flexible el carbono y que la bicicleta sea m\u00e1s sencilla de manejar con el <strong>traqueteo del adoqu\u00edn<\/strong>. Tambi\u00e9n que el ciclista sufra menos, ya que el dolor es parte importante del rendimiento en las cl\u00e1sicas.<\/p>\n<p><a href=\"https:\/\/d2p6e6u75xmxt8.cloudfront.net\/6\/2018\/04\/PARIS-ROUBAIX-Argon-y-Specialized.JPG.jpg\"><img loading=\"lazy\" decoding=\"async\" class=\"aligncenter size-full wp-image-2583\" src=\"https:\/\/d2p6e6u75xmxt8.cloudfront.net\/6\/2018\/04\/PARIS-ROUBAIX-Argon-y-Specialized.JPG.jpg\" alt=\"\" width=\"858\" height=\"395\" srcset=\"https:\/\/d2p6e6u75xmxt8.cloudfront.net\/6\/2018\/04\/PARIS-ROUBAIX-Argon-y-Specialized.JPG.jpg 858w, https:\/\/d2p6e6u75xmxt8.cloudfront.net\/6\/2018\/04\/PARIS-ROUBAIX-Argon-y-Specialized.JPG-300x138.jpg 300w, https:\/\/d2p6e6u75xmxt8.cloudfront.net\/6\/2018\/04\/PARIS-ROUBAIX-Argon-y-Specialized.JPG-768x354.jpg 768w\" sizes=\"auto, (max-width: 858px) 100vw, 858px\" \/><\/a><\/p>\n<p>Los <strong>tubulares suelen crecer de dimensiones<\/strong>. Ya es impensable menos de una <strong>secci\u00f3n de 25 o 26 para afrontar los adoquines<\/strong>. Esa es la medida habitual en Flandes, pero en Roubaix, con el terreno plano y el adoqu\u00edn mucho mas roto suelen crecer hasta los <strong>28 mm<\/strong> de secci\u00f3n. Lo mismo sucede con las presiones de inflado. Normalmente est\u00e1n entre 8 y 10. En Flandes bajan a 5,5 y 6&#8230; y en Roubaix lo m\u00e1s normal es entre 4 y 4,5.<\/p>\n<p>Tambi\u00e9n suelen aparecer los <strong>frenos de disco<\/strong>, sobre todo si sale el d\u00eda lluvioso. Frenar sobre adoquines con zapata y agua no es la mejor combinaci\u00f3n. Los discos mejoran esa frenada y en caso de barro ayudan a ampliar la zona entre la rueda y la horquilla y evitar que se acabe lodando y frenando.<\/p>\n<p>Luego cada ciclista tiene sus man\u00edas. Sobre todo para Roubaix alguno ponen doble cinta de manillar, otros situan un freno extra similar al de las MTB, algunos ruedan con presiones por debajo de 4 y otros incluso apuesta por ruedas de 30 mm. Y si llueve&#8230; el guardabarros es casi obligatorio para reducir en parte el barro y el agua.<\/p>\n<p><a href=\"https:\/\/d2p6e6u75xmxt8.cloudfront.net\/6\/2018\/04\/ARGON-18.JPG.jpg\"><img loading=\"lazy\" decoding=\"async\" class=\"aligncenter size-full wp-image-2564\" src=\"https:\/\/d2p6e6u75xmxt8.cloudfront.net\/6\/2018\/04\/ARGON-18.JPG.jpg\" alt=\"\" width=\"962\" height=\"800\" srcset=\"https:\/\/d2p6e6u75xmxt8.cloudfront.net\/6\/2018\/04\/ARGON-18.JPG.jpg 962w, https:\/\/d2p6e6u75xmxt8.cloudfront.net\/6\/2018\/04\/ARGON-18.JPG-300x249.jpg 300w, https:\/\/d2p6e6u75xmxt8.cloudfront.net\/6\/2018\/04\/ARGON-18.JPG-768x639.jpg 768w\" sizes=\"auto, (max-width: 962px) 100vw, 962px\" \/><\/a> <a href=\"https:\/\/d2p6e6u75xmxt8.cloudfront.net\/6\/2018\/04\/BIANCHI-OLTRE.JPG.jpg\"><img loading=\"lazy\" decoding=\"async\" class=\"aligncenter size-large wp-image-2565\" src=\"https:\/\/d2p6e6u75xmxt8.cloudfront.net\/6\/2018\/04\/BIANCHI-OLTRE.JPG-1024x696.jpg\" alt=\"\" width=\"1024\" height=\"696\" srcset=\"https:\/\/d2p6e6u75xmxt8.cloudfront.net\/6\/2018\/04\/BIANCHI-OLTRE.JPG.jpg 1024w, https:\/\/d2p6e6u75xmxt8.cloudfront.net\/6\/2018\/04\/BIANCHI-OLTRE.JPG-300x204.jpg 300w, https:\/\/d2p6e6u75xmxt8.cloudfront.net\/6\/2018\/04\/BIANCHI-OLTRE.JPG-768x522.jpg 768w\" sizes=\"auto, (max-width: 1024px) 100vw, 1024px\" \/><\/a> <a href=\"https:\/\/d2p6e6u75xmxt8.cloudfront.net\/6\/2018\/04\/BMC-TEAM-MACHINE.JPG.jpg\"><img loading=\"lazy\" decoding=\"async\" class=\"aligncenter size-large wp-image-2566\" src=\"https:\/\/d2p6e6u75xmxt8.cloudfront.net\/6\/2018\/04\/BMC-TEAM-MACHINE.JPG-1024x751.jpg\" alt=\"\" width=\"1024\" height=\"751\" srcset=\"https:\/\/d2p6e6u75xmxt8.cloudfront.net\/6\/2018\/04\/BMC-TEAM-MACHINE.JPG.jpg 1024w, https:\/\/d2p6e6u75xmxt8.cloudfront.net\/6\/2018\/04\/BMC-TEAM-MACHINE.JPG-300x220.jpg 300w, https:\/\/d2p6e6u75xmxt8.cloudfront.net\/6\/2018\/04\/BMC-TEAM-MACHINE.JPG-768x563.jpg 768w\" sizes=\"auto, (max-width: 1024px) 100vw, 1024px\" \/><\/a> <a href=\"https:\/\/d2p6e6u75xmxt8.cloudfront.net\/6\/2018\/04\/CANNONDALE-SUPERSIX.JPG.jpg\"><img loading=\"lazy\" decoding=\"async\" class=\"aligncenter size-large wp-image-2567\" src=\"https:\/\/d2p6e6u75xmxt8.cloudfront.net\/6\/2018\/04\/CANNONDALE-SUPERSIX.JPG-1024x733.jpg\" alt=\"\" width=\"1024\" height=\"733\" srcset=\"https:\/\/d2p6e6u75xmxt8.cloudfront.net\/6\/2018\/04\/CANNONDALE-SUPERSIX.JPG.jpg 1024w, https:\/\/d2p6e6u75xmxt8.cloudfront.net\/6\/2018\/04\/CANNONDALE-SUPERSIX.JPG-300x215.jpg 300w, https:\/\/d2p6e6u75xmxt8.cloudfront.net\/6\/2018\/04\/CANNONDALE-SUPERSIX.JPG-768x550.jpg 768w\" sizes=\"auto, (max-width: 1024px) 100vw, 1024px\" \/><\/a> <a href=\"https:\/\/d2p6e6u75xmxt8.cloudfront.net\/6\/2018\/04\/CANYON-AEROAD.JPG.jpg\"><img loading=\"lazy\" decoding=\"async\" class=\"aligncenter size-large wp-image-2568\" src=\"https:\/\/d2p6e6u75xmxt8.cloudfront.net\/6\/2018\/04\/CANYON-AEROAD.JPG.jpg\" alt=\"\" width=\"810\" height=\"800\" srcset=\"https:\/\/d2p6e6u75xmxt8.cloudfront.net\/6\/2018\/04\/CANYON-AEROAD.JPG.jpg 810w, https:\/\/d2p6e6u75xmxt8.cloudfront.net\/6\/2018\/04\/CANYON-AEROAD.JPG-300x296.jpg 300w, https:\/\/d2p6e6u75xmxt8.cloudfront.net\/6\/2018\/04\/CANYON-AEROAD.JPG-768x759.jpg 768w\" sizes=\"auto, (max-width: 810px) 100vw, 810px\" \/><\/a> <a href=\"https:\/\/d2p6e6u75xmxt8.cloudfront.net\/6\/2018\/04\/CERVELO-R3-2.JPG.jpg\"><img loading=\"lazy\" decoding=\"async\" class=\"aligncenter size-large wp-image-2569\" src=\"https:\/\/d2p6e6u75xmxt8.cloudfront.net\/6\/2018\/04\/CERVELO-R3-2.JPG-1024x781.jpg\" alt=\"\" width=\"1024\" height=\"781\" srcset=\"https:\/\/d2p6e6u75xmxt8.cloudfront.net\/6\/2018\/04\/CERVELO-R3-2.JPG.jpg 1024w, https:\/\/d2p6e6u75xmxt8.cloudfront.net\/6\/2018\/04\/CERVELO-R3-2.JPG-300x229.jpg 300w, https:\/\/d2p6e6u75xmxt8.cloudfront.net\/6\/2018\/04\/CERVELO-R3-2.JPG-768x586.jpg 768w\" sizes=\"auto, (max-width: 1024px) 100vw, 1024px\" \/><\/a> <a href=\"https:\/\/d2p6e6u75xmxt8.cloudfront.net\/6\/2018\/04\/CERVELO-R3.JPG.jpg\"><img loading=\"lazy\" decoding=\"async\" class=\"aligncenter size-large wp-image-2570\" src=\"https:\/\/d2p6e6u75xmxt8.cloudfront.net\/6\/2018\/04\/CERVELO-R3.JPG-1024x749.jpg\" alt=\"\" width=\"1024\" height=\"749\" srcset=\"https:\/\/d2p6e6u75xmxt8.cloudfront.net\/6\/2018\/04\/CERVELO-R3.JPG.jpg 1024w, https:\/\/d2p6e6u75xmxt8.cloudfront.net\/6\/2018\/04\/CERVELO-R3.JPG-300x219.jpg 300w, https:\/\/d2p6e6u75xmxt8.cloudfront.net\/6\/2018\/04\/CERVELO-R3.JPG-768x562.jpg 768w\" sizes=\"auto, (max-width: 1024px) 100vw, 1024px\" \/><\/a> <a href=\"https:\/\/d2p6e6u75xmxt8.cloudfront.net\/6\/2018\/04\/COLNAGO-CONCEPT.JPG.jpg\"><img loading=\"lazy\" decoding=\"async\" class=\"aligncenter size-large wp-image-2571\" src=\"https:\/\/d2p6e6u75xmxt8.cloudfront.net\/6\/2018\/04\/COLNAGO-CONCEPT.JPG-1024x682.jpg\" alt=\"\" width=\"1024\" height=\"682\" srcset=\"https:\/\/d2p6e6u75xmxt8.cloudfront.net\/6\/2018\/04\/COLNAGO-CONCEPT.JPG.jpg 1024w, https:\/\/d2p6e6u75xmxt8.cloudfront.net\/6\/2018\/04\/COLNAGO-CONCEPT.JPG-300x200.jpg 300w, https:\/\/d2p6e6u75xmxt8.cloudfront.net\/6\/2018\/04\/COLNAGO-CONCEPT.JPG-768x512.jpg 768w, https:\/\/d2p6e6u75xmxt8.cloudfront.net\/6\/2018\/04\/COLNAGO-CONCEPT.JPG-272x182.jpg 272w\" sizes=\"auto, (max-width: 1024px) 100vw, 1024px\" \/><\/a> <a href=\"https:\/\/d2p6e6u75xmxt8.cloudfront.net\/6\/2018\/04\/CUBE-C-68.JPG.jpg\"><img loading=\"lazy\" decoding=\"async\" class=\"aligncenter size-large wp-image-2572\" src=\"https:\/\/d2p6e6u75xmxt8.cloudfront.net\/6\/2018\/04\/CUBE-C-68.JPG-1024x716.jpg\" alt=\"\" width=\"1024\" height=\"716\" srcset=\"https:\/\/d2p6e6u75xmxt8.cloudfront.net\/6\/2018\/04\/CUBE-C-68.JPG.jpg 1024w, https:\/\/d2p6e6u75xmxt8.cloudfront.net\/6\/2018\/04\/CUBE-C-68.JPG-300x210.jpg 300w, https:\/\/d2p6e6u75xmxt8.cloudfront.net\/6\/2018\/04\/CUBE-C-68.JPG-768x537.jpg 768w\" sizes=\"auto, (max-width: 1024px) 100vw, 1024px\" \/><\/a> <a href=\"https:\/\/d2p6e6u75xmxt8.cloudfront.net\/6\/2018\/04\/FACTOR-O2-2.JPG.jpg\"><img loading=\"lazy\" decoding=\"async\" class=\"aligncenter size-large wp-image-2573\" src=\"https:\/\/d2p6e6u75xmxt8.cloudfront.net\/6\/2018\/04\/FACTOR-O2-2.JPG-1024x610.jpg\" alt=\"\" width=\"1024\" height=\"610\" srcset=\"https:\/\/d2p6e6u75xmxt8.cloudfront.net\/6\/2018\/04\/FACTOR-O2-2.JPG.jpg 1024w, https:\/\/d2p6e6u75xmxt8.cloudfront.net\/6\/2018\/04\/FACTOR-O2-2.JPG-300x179.jpg 300w, https:\/\/d2p6e6u75xmxt8.cloudfront.net\/6\/2018\/04\/FACTOR-O2-2.JPG-768x458.jpg 768w\" sizes=\"auto, (max-width: 1024px) 100vw, 1024px\" \/><\/a> <a href=\"https:\/\/d2p6e6u75xmxt8.cloudfront.net\/6\/2018\/04\/FACTOR-O2.JPG.jpg\"><img loading=\"lazy\" decoding=\"async\" class=\"aligncenter size-large wp-image-2574\" src=\"https:\/\/d2p6e6u75xmxt8.cloudfront.net\/6\/2018\/04\/FACTOR-O2.JPG-1024x768.jpg\" alt=\"\" width=\"1024\" height=\"768\" srcset=\"https:\/\/d2p6e6u75xmxt8.cloudfront.net\/6\/2018\/04\/FACTOR-O2.JPG.jpg 1024w, https:\/\/d2p6e6u75xmxt8.cloudfront.net\/6\/2018\/04\/FACTOR-O2.JPG-300x225.jpg 300w, https:\/\/d2p6e6u75xmxt8.cloudfront.net\/6\/2018\/04\/FACTOR-O2.JPG-768x576.jpg 768w\" sizes=\"auto, (max-width: 1024px) 100vw, 1024px\" \/><\/a> <a href=\"https:\/\/d2p6e6u75xmxt8.cloudfront.net\/6\/2018\/04\/KOUTA-KHAN.JPG.jpg\"><img loading=\"lazy\" decoding=\"async\" class=\"aligncenter size-large wp-image-2575\" src=\"https:\/\/d2p6e6u75xmxt8.cloudfront.net\/6\/2018\/04\/KOUTA-KHAN.JPG-1024x786.jpg\" alt=\"\" width=\"1024\" height=\"786\" srcset=\"https:\/\/d2p6e6u75xmxt8.cloudfront.net\/6\/2018\/04\/KOUTA-KHAN.JPG.jpg 1024w, https:\/\/d2p6e6u75xmxt8.cloudfront.net\/6\/2018\/04\/KOUTA-KHAN.JPG-300x230.jpg 300w, https:\/\/d2p6e6u75xmxt8.cloudfront.net\/6\/2018\/04\/KOUTA-KHAN.JPG-768x590.jpg 768w\" sizes=\"auto, (max-width: 1024px) 100vw, 1024px\" \/><\/a> <a href=\"https:\/\/d2p6e6u75xmxt8.cloudfront.net\/6\/2018\/04\/PARIS-ROUBAIX-2018-15.JPG.jpg\"><img loading=\"lazy\" decoding=\"async\" class=\"aligncenter size-large wp-image-2576\" src=\"https:\/\/d2p6e6u75xmxt8.cloudfront.net\/6\/2018\/04\/PARIS-ROUBAIX-2018-15.JPG.jpg\" alt=\"\" width=\"460\" height=\"275\" srcset=\"https:\/\/d2p6e6u75xmxt8.cloudfront.net\/6\/2018\/04\/PARIS-ROUBAIX-2018-15.JPG.jpg 460w, https:\/\/d2p6e6u75xmxt8.cloudfront.net\/6\/2018\/04\/PARIS-ROUBAIX-2018-15.JPG-300x179.jpg 300w\" sizes=\"auto, (max-width: 460px) 100vw, 460px\" \/><\/a> <a href=\"https:\/\/d2p6e6u75xmxt8.cloudfront.net\/6\/2018\/04\/PARIS-ROUBAIX-2018-Bianchi.JPG.jpg\"><img loading=\"lazy\" decoding=\"async\" class=\"aligncenter size-large wp-image-2577\" src=\"https:\/\/d2p6e6u75xmxt8.cloudfront.net\/6\/2018\/04\/PARIS-ROUBAIX-2018-Bianchi.JPG.jpg\" alt=\"\" width=\"550\" height=\"399\" srcset=\"https:\/\/d2p6e6u75xmxt8.cloudfront.net\/6\/2018\/04\/PARIS-ROUBAIX-2018-Bianchi.JPG.jpg 550w, https:\/\/d2p6e6u75xmxt8.cloudfront.net\/6\/2018\/04\/PARIS-ROUBAIX-2018-Bianchi.JPG-300x218.jpg 300w\" sizes=\"auto, (max-width: 550px) 100vw, 550px\" \/><\/a> <a href=\"https:\/\/d2p6e6u75xmxt8.cloudfront.net\/6\/2018\/04\/PARIS-ROUBAIX-2018-factor.JPG.jpg\"><img loading=\"lazy\" decoding=\"async\" class=\"aligncenter size-large wp-image-2579\" src=\"https:\/\/d2p6e6u75xmxt8.cloudfront.net\/6\/2018\/04\/PARIS-ROUBAIX-2018-factor.JPG.jpg\" alt=\"\" width=\"586\" height=\"284\" srcset=\"https:\/\/d2p6e6u75xmxt8.cloudfront.net\/6\/2018\/04\/PARIS-ROUBAIX-2018-factor.JPG.jpg 586w, https:\/\/d2p6e6u75xmxt8.cloudfront.net\/6\/2018\/04\/PARIS-ROUBAIX-2018-factor.JPG-300x145.jpg 300w\" sizes=\"auto, (max-width: 586px) 100vw, 586px\" \/><\/a> <a href=\"https:\/\/d2p6e6u75xmxt8.cloudfront.net\/6\/2018\/04\/PARIS-ROUBAIX-2018-KTM.JPG.jpg\"><img loading=\"lazy\" decoding=\"async\" class=\"aligncenter size-large wp-image-2580\" src=\"https:\/\/d2p6e6u75xmxt8.cloudfront.net\/6\/2018\/04\/PARIS-ROUBAIX-2018-KTM.JPG.jpg\" alt=\"\" width=\"531\" height=\"395\" srcset=\"https:\/\/d2p6e6u75xmxt8.cloudfront.net\/6\/2018\/04\/PARIS-ROUBAIX-2018-KTM.JPG.jpg 531w, https:\/\/d2p6e6u75xmxt8.cloudfront.net\/6\/2018\/04\/PARIS-ROUBAIX-2018-KTM.JPG-300x223.jpg 300w\" sizes=\"auto, (max-width: 531px) 100vw, 531px\" \/><\/a> <a href=\"https:\/\/d2p6e6u75xmxt8.cloudfront.net\/6\/2018\/04\/PARIS-ROUBAIX-2018-Merida.JPG.jpg\"><img loading=\"lazy\" decoding=\"async\" class=\"aligncenter size-large wp-image-2581\" src=\"https:\/\/d2p6e6u75xmxt8.cloudfront.net\/6\/2018\/04\/PARIS-ROUBAIX-2018-Merida.JPG.jpg\" alt=\"\" width=\"518\" height=\"271\" srcset=\"https:\/\/d2p6e6u75xmxt8.cloudfront.net\/6\/2018\/04\/PARIS-ROUBAIX-2018-Merida.JPG.jpg 518w, https:\/\/d2p6e6u75xmxt8.cloudfront.net\/6\/2018\/04\/PARIS-ROUBAIX-2018-Merida.JPG-300x157.jpg 300w\" sizes=\"auto, (max-width: 518px) 100vw, 518px\" \/><\/a> <a href=\"https:\/\/d2p6e6u75xmxt8.cloudfront.net\/6\/2018\/04\/PARIS-ROUBAIX-2018-wilier.JPG.jpg\"><img loading=\"lazy\" decoding=\"async\" class=\"aligncenter size-large wp-image-2582\" src=\"https:\/\/d2p6e6u75xmxt8.cloudfront.net\/6\/2018\/04\/PARIS-ROUBAIX-2018-wilier.JPG.jpg\" alt=\"\" width=\"359\" height=\"313\" srcset=\"https:\/\/d2p6e6u75xmxt8.cloudfront.net\/6\/2018\/04\/PARIS-ROUBAIX-2018-wilier.JPG.jpg 359w, https:\/\/d2p6e6u75xmxt8.cloudfront.net\/6\/2018\/04\/PARIS-ROUBAIX-2018-wilier.JPG-300x262.jpg 300w\" sizes=\"auto, (max-width: 359px) 100vw, 359px\" \/><\/a> <a href=\"https:\/\/d2p6e6u75xmxt8.cloudfront.net\/6\/2018\/04\/PARIS-ROUBAIX-Argon-y-Specialized.JPG.jpg\"><img loading=\"lazy\" decoding=\"async\" class=\"aligncenter size-large wp-image-2583\" src=\"https:\/\/d2p6e6u75xmxt8.cloudfront.net\/6\/2018\/04\/PARIS-ROUBAIX-Argon-y-Specialized.JPG.jpg\" alt=\"\" width=\"858\" height=\"395\" srcset=\"https:\/\/d2p6e6u75xmxt8.cloudfront.net\/6\/2018\/04\/PARIS-ROUBAIX-Argon-y-Specialized.JPG.jpg 858w, https:\/\/d2p6e6u75xmxt8.cloudfront.net\/6\/2018\/04\/PARIS-ROUBAIX-Argon-y-Specialized.JPG-300x138.jpg 300w, https:\/\/d2p6e6u75xmxt8.cloudfront.net\/6\/2018\/04\/PARIS-ROUBAIX-Argon-y-Specialized.JPG-768x354.jpg 768w\" sizes=\"auto, (max-width: 858px) 100vw, 858px\" \/><\/a> <a href=\"https:\/\/d2p6e6u75xmxt8.cloudfront.net\/6\/2018\/04\/ridley.JPG.jpg\"><img loading=\"lazy\" decoding=\"async\" class=\"aligncenter size-large wp-image-2584\" src=\"https:\/\/d2p6e6u75xmxt8.cloudfront.net\/6\/2018\/04\/ridley.JPG.jpg\" alt=\"\" width=\"758\" height=\"357\" srcset=\"https:\/\/d2p6e6u75xmxt8.cloudfront.net\/6\/2018\/04\/ridley.JPG.jpg 758w, https:\/\/d2p6e6u75xmxt8.cloudfront.net\/6\/2018\/04\/ridley.JPG-300x141.jpg 300w\" sizes=\"auto, (max-width: 758px) 100vw, 758px\" \/><\/a> <a href=\"https:\/\/d2p6e6u75xmxt8.cloudfront.net\/6\/2018\/04\/TOUR-DE-FLANDES-2018-bianchi.JPG.jpg\"><img loading=\"lazy\" decoding=\"async\" class=\"aligncenter size-large wp-image-2585\" src=\"https:\/\/d2p6e6u75xmxt8.cloudfront.net\/6\/2018\/04\/TOUR-DE-FLANDES-2018-bianchi.JPG.jpg\" alt=\"\" width=\"634\" height=\"371\" srcset=\"https:\/\/d2p6e6u75xmxt8.cloudfront.net\/6\/2018\/04\/TOUR-DE-FLANDES-2018-bianchi.JPG.jpg 634w, https:\/\/d2p6e6u75xmxt8.cloudfront.net\/6\/2018\/04\/TOUR-DE-FLANDES-2018-bianchi.JPG-300x176.jpg 300w\" sizes=\"auto, (max-width: 634px) 100vw, 634px\" \/><\/a> <a href=\"https:\/\/d2p6e6u75xmxt8.cloudfront.net\/6\/2018\/04\/TOUR-DE-FLANDES-2018-cervelo.JPG.jpg\"><img loading=\"lazy\" decoding=\"async\" class=\"aligncenter size-large wp-image-2586\" src=\"https:\/\/d2p6e6u75xmxt8.cloudfront.net\/6\/2018\/04\/TOUR-DE-FLANDES-2018-cervelo.JPG.jpg\" alt=\"\" width=\"658\" height=\"403\" srcset=\"https:\/\/d2p6e6u75xmxt8.cloudfront.net\/6\/2018\/04\/TOUR-DE-FLANDES-2018-cervelo.JPG.jpg 658w, https:\/\/d2p6e6u75xmxt8.cloudfront.net\/6\/2018\/04\/TOUR-DE-FLANDES-2018-cervelo.JPG-300x184.jpg 300w\" sizes=\"auto, (max-width: 658px) 100vw, 658px\" \/><\/a> <a href=\"https:\/\/d2p6e6u75xmxt8.cloudfront.net\/6\/2018\/04\/TOUR-DE-FLANDES-2018-colnago.JPG.jpg\"><img loading=\"lazy\" decoding=\"async\" class=\"aligncenter size-large wp-image-2587\" src=\"https:\/\/d2p6e6u75xmxt8.cloudfront.net\/6\/2018\/04\/TOUR-DE-FLANDES-2018-colnago.JPG.jpg\" alt=\"\" width=\"722\" height=\"362\" srcset=\"https:\/\/d2p6e6u75xmxt8.cloudfront.net\/6\/2018\/04\/TOUR-DE-FLANDES-2018-colnago.JPG.jpg 722w, https:\/\/d2p6e6u75xmxt8.cloudfront.net\/6\/2018\/04\/TOUR-DE-FLANDES-2018-colnago.JPG-300x150.jpg 300w\" sizes=\"auto, (max-width: 722px) 100vw, 722px\" \/><\/a> <a href=\"https:\/\/d2p6e6u75xmxt8.cloudfront.net\/6\/2018\/04\/TOUR-DE-FLANDES-2018-Orbea.JPG.jpg\"><img loading=\"lazy\" decoding=\"async\" class=\"aligncenter size-large wp-image-2588\" src=\"https:\/\/d2p6e6u75xmxt8.cloudfront.net\/6\/2018\/04\/TOUR-DE-FLANDES-2018-Orbea.JPG.jpg\" alt=\"\" width=\"415\" height=\"280\" srcset=\"https:\/\/d2p6e6u75xmxt8.cloudfront.net\/6\/2018\/04\/TOUR-DE-FLANDES-2018-Orbea.JPG.jpg 415w, https:\/\/d2p6e6u75xmxt8.cloudfront.net\/6\/2018\/04\/TOUR-DE-FLANDES-2018-Orbea.JPG-300x202.jpg 300w\" sizes=\"auto, (max-width: 415px) 100vw, 415px\" \/><\/a> <a href=\"https:\/\/d2p6e6u75xmxt8.cloudfront.net\/6\/2018\/04\/TOUR-DE-FLANDES-2018-Pinarello.JPG.jpg\"><img loading=\"lazy\" decoding=\"async\" class=\"aligncenter size-large wp-image-2589\" src=\"https:\/\/d2p6e6u75xmxt8.cloudfront.net\/6\/2018\/04\/TOUR-DE-FLANDES-2018-Pinarello.JPG.jpg\" alt=\"\" width=\"550\" height=\"303\" srcset=\"https:\/\/d2p6e6u75xmxt8.cloudfront.net\/6\/2018\/04\/TOUR-DE-FLANDES-2018-Pinarello.JPG.jpg 550w, https:\/\/d2p6e6u75xmxt8.cloudfront.net\/6\/2018\/04\/TOUR-DE-FLANDES-2018-Pinarello.JPG-300x165.jpg 300w\" sizes=\"auto, (max-width: 550px) 100vw, 550px\" \/><\/a> <a href=\"https:\/\/d2p6e6u75xmxt8.cloudfront.net\/6\/2018\/04\/TOUR-DE-FLANDES-2018-specialized.JPG.jpg\"><img loading=\"lazy\" decoding=\"async\" class=\"aligncenter size-large wp-image-2590\" src=\"https:\/\/d2p6e6u75xmxt8.cloudfront.net\/6\/2018\/04\/TOUR-DE-FLANDES-2018-specialized.JPG.jpg\" alt=\"\" width=\"613\" height=\"294\" srcset=\"https:\/\/d2p6e6u75xmxt8.cloudfront.net\/6\/2018\/04\/TOUR-DE-FLANDES-2018-specialized.JPG.jpg 613w, https:\/\/d2p6e6u75xmxt8.cloudfront.net\/6\/2018\/04\/TOUR-DE-FLANDES-2018-specialized.JPG-300x144.jpg 300w\" sizes=\"auto, (max-width: 613px) 100vw, 613px\" \/><\/a> <a href=\"https:\/\/d2p6e6u75xmxt8.cloudfront.net\/6\/2018\/04\/TOUR-DE-FLANDES-2018-trek.JPG.jpg\"><img loading=\"lazy\" decoding=\"async\" class=\"aligncenter size-large wp-image-2591\" src=\"https:\/\/d2p6e6u75xmxt8.cloudfront.net\/6\/2018\/04\/TOUR-DE-FLANDES-2018-trek.JPG.jpg\" alt=\"\" width=\"385\" height=\"303\" srcset=\"https:\/\/d2p6e6u75xmxt8.cloudfront.net\/6\/2018\/04\/TOUR-DE-FLANDES-2018-trek.JPG.jpg 385w, https:\/\/d2p6e6u75xmxt8.cloudfront.net\/6\/2018\/04\/TOUR-DE-FLANDES-2018-trek.JPG-300x236.jpg 300w\" sizes=\"auto, (max-width: 385px) 100vw, 385px\" \/><\/a><\/p>\n","protected":false},"excerpt":{"rendered":"<p>Los adoquines lo modifican todo. Las bicicletas de la Par\u00eds Roubaix y del Tour de Flandes nada tienen que ver [&hellip;]<\/p>\n","protected":false},"author":29,"featured_media":2605,"comment_status":"open","ping_status":"open","sticky":false,"template":"","format":"standard","meta":{"footnotes":""},"categories":[7],"tags":[398,399,397],"global-categories":[],"class_list":["post-2562","post","type-post","status-publish","format-standard","has-post-thumbnail","hentry","category-carretera","tag-bicicleta-paris-roubaix","tag-bicicletas-flandes-y-roubaix","tag-bicicletas-tour-de-flandes"],"yoast_head":"<!-- This site is optimized with the Yoast SEO Premium plugin v25.3 (Yoast SEO v25.9) - https:\/\/yoast.com\/wordpress\/plugins\/seo\/ -->\n<title>Las bicicletas de la Paris Roubaix y el Tour de Flandes - \u0160koda We Love Cycling - Spain<\/title>\n<meta name=\"description\" content=\"Las bicicletas de la Paris Roubaix y el tour de Flandes. Los modelos de bici que utilizan los equipos profesionales para afrontar las cl\u00e1sicas de adoquines.\" \/>\n<meta name=\"robots\" content=\"index, follow, max-snippet:-1, max-image-preview:large, max-video-preview:-1\" \/>\n<link rel=\"canonical\" href=\"https:\/\/www.welovecycling.com\/es\/2018\/04\/12\/las-bicicletas-paris-roubaix-y-tour-de-flandes\/\" \/>\n<meta property=\"og:locale\" content=\"es_ES\" \/>\n<meta property=\"og:type\" content=\"article\" \/>\n<meta property=\"og:title\" content=\"las bicicletas de la paris roubaix y el Tour de Flandes\" \/>\n<meta property=\"og:description\" content=\"Las bicicletas de la Paris Roubaix y el tour de Flandes. Los modelos de bici que utilizan los equipos profesionales para afrontar las cl\u00e1sicas de adoquines.\" \/>\n<meta property=\"og:url\" content=\"https:\/\/www.welovecycling.com\/es\/2018\/04\/12\/las-bicicletas-paris-roubaix-y-tour-de-flandes\/\" \/>\n<meta property=\"og:site_name\" content=\"\u0160koda We Love Cycling - Spain\" \/>\n<meta property=\"article:published_time\" content=\"2018-04-12T09:48:19+00:00\" \/>\n<meta property=\"article:modified_time\" content=\"2018-04-12T09:51:21+00:00\" \/>\n<meta property=\"og:image\" content=\"https:\/\/d2p6e6u75xmxt8.cloudfront.net\/6\/2018\/04\/IMG_20180408_150418_263.jpg\" \/>\n\t<meta property=\"og:image:width\" content=\"2048\" \/>\n\t<meta property=\"og:image:height\" content=\"1536\" \/>\n\t<meta property=\"og:image:type\" content=\"image\/jpeg\" \/>\n<meta name=\"author\" content=\"We Love Cycling Spain\" \/>\n<meta name=\"twitter:card\" content=\"summary_large_image\" \/>\n<meta name=\"twitter:title\" content=\"las bicicletas de la paris roubaix y el Tour de Flandes\" \/>\n<meta name=\"twitter:label1\" content=\"Written by\" \/>\n\t<meta name=\"twitter:data1\" content=\"Luis Ortega @ciclored\" \/>\n\t<meta name=\"twitter:label2\" content=\"Est. reading time\" \/>\n\t<meta name=\"twitter:data2\" content=\"2 minutes\" \/>\n<script type=\"application\/ld+json\" class=\"yoast-schema-graph\">{\"@context\":\"https:\/\/schema.org\",\"@graph\":[{\"@type\":\"WebPage\",\"@id\":\"https:\/\/www.welovecycling.com\/es\/2018\/04\/12\/las-bicicletas-paris-roubaix-y-tour-de-flandes\/\",\"url\":\"https:\/\/www.welovecycling.com\/es\/2018\/04\/12\/las-bicicletas-paris-roubaix-y-tour-de-flandes\/\",\"name\":\"Las bicicletas de la Paris Roubaix y el Tour de Flandes - \u0160koda We Love Cycling - Spain\",\"isPartOf\":{\"@id\":\"https:\/\/www.welovecycling.com\/es\/#website\"},\"primaryImageOfPage\":{\"@id\":\"https:\/\/www.welovecycling.com\/es\/2018\/04\/12\/las-bicicletas-paris-roubaix-y-tour-de-flandes\/#primaryimage\"},\"image\":{\"@id\":\"https:\/\/www.welovecycling.com\/es\/2018\/04\/12\/las-bicicletas-paris-roubaix-y-tour-de-flandes\/#primaryimage\"},\"thumbnailUrl\":\"https:\/\/d2p6e6u75xmxt8.cloudfront.net\/6\/2018\/04\/IMG_20180408_150418_263.jpg\",\"datePublished\":\"2018-04-12T09:48:19+00:00\",\"dateModified\":\"2018-04-12T09:51:21+00:00\",\"author\":{\"@id\":\"https:\/\/www.welovecycling.com\/es\/#\/schema\/person\/deb61715b5812698ee79fb96f343ccd4\"},\"description\":\"Las bicicletas de la Paris Roubaix y el tour de Flandes. Los modelos de bici que utilizan los equipos profesionales para afrontar las cl\u00e1sicas de adoquines.\",\"breadcrumb\":{\"@id\":\"https:\/\/www.welovecycling.com\/es\/2018\/04\/12\/las-bicicletas-paris-roubaix-y-tour-de-flandes\/#breadcrumb\"},\"inLanguage\":\"es-ES\",\"potentialAction\":[{\"@type\":\"ReadAction\",\"target\":[\"https:\/\/www.welovecycling.com\/es\/2018\/04\/12\/las-bicicletas-paris-roubaix-y-tour-de-flandes\/\"]}]},{\"@type\":\"ImageObject\",\"inLanguage\":\"es-ES\",\"@id\":\"https:\/\/www.welovecycling.com\/es\/2018\/04\/12\/las-bicicletas-paris-roubaix-y-tour-de-flandes\/#primaryimage\",\"url\":\"https:\/\/d2p6e6u75xmxt8.cloudfront.net\/6\/2018\/04\/IMG_20180408_150418_263.jpg\",\"contentUrl\":\"https:\/\/d2p6e6u75xmxt8.cloudfront.net\/6\/2018\/04\/IMG_20180408_150418_263.jpg\",\"width\":2048,\"height\":1536},{\"@type\":\"BreadcrumbList\",\"@id\":\"https:\/\/www.welovecycling.com\/es\/2018\/04\/12\/las-bicicletas-paris-roubaix-y-tour-de-flandes\/#breadcrumb\",\"itemListElement\":[{\"@type\":\"ListItem\",\"position\":1,\"name\":\"Home\",\"item\":\"https:\/\/www.welovecycling.com\/es\/\"},{\"@type\":\"ListItem\",\"position\":2,\"name\":\"Las bicicletas de la Paris Roubaix y el Tour de Flandes\"}]},{\"@type\":\"WebSite\",\"@id\":\"https:\/\/www.welovecycling.com\/es\/#website\",\"url\":\"https:\/\/www.welovecycling.com\/es\/\",\"name\":\"\u0160koda We Love Cycling - Spain\",\"description\":\"\u0160koda WeLoveCycling Spain\",\"potentialAction\":[{\"@type\":\"SearchAction\",\"target\":{\"@type\":\"EntryPoint\",\"urlTemplate\":\"https:\/\/www.welovecycling.com\/es\/?s={search_term_string}\"},\"query-input\":{\"@type\":\"PropertyValueSpecification\",\"valueRequired\":true,\"valueName\":\"search_term_string\"}}],\"inLanguage\":\"es-ES\"},{\"@type\":\"Person\",\"@id\":\"https:\/\/www.welovecycling.com\/es\/#\/schema\/person\/deb61715b5812698ee79fb96f343ccd4\",\"name\":\"We Love Cycling Spain\",\"image\":{\"@type\":\"ImageObject\",\"inLanguage\":\"es-ES\",\"@id\":\"https:\/\/www.welovecycling.com\/es\/#\/schema\/person\/image\/\",\"url\":\"https:\/\/secure.gravatar.com\/avatar\/c824b04e6df0e37a03219d0b6481672889df542894588964102459e46513159c?s=96&d=mm&r=g\",\"contentUrl\":\"https:\/\/secure.gravatar.com\/avatar\/c824b04e6df0e37a03219d0b6481672889df542894588964102459e46513159c?s=96&d=mm&r=g\",\"caption\":\"We Love Cycling Spain\"},\"url\":\"https:\/\/www.welovecycling.com\/es\/author\/amunoz\/\"}]}<\/script>\n<!-- \/ Yoast SEO Premium plugin. -->","yoast_head_json":{"title":"Las bicicletas de la Paris Roubaix y el Tour de Flandes - \u0160koda We Love Cycling - Spain","description":"Las bicicletas de la Paris Roubaix y el tour de Flandes. Los modelos de bici que utilizan los equipos profesionales para afrontar las cl\u00e1sicas de adoquines.","robots":{"index":"index","follow":"follow","max-snippet":"max-snippet:-1","max-image-preview":"max-image-preview:large","max-video-preview":"max-video-preview:-1"},"canonical":"https:\/\/www.welovecycling.com\/es\/2018\/04\/12\/las-bicicletas-paris-roubaix-y-tour-de-flandes\/","og_locale":"es_ES","og_type":"article","og_title":"las bicicletas de la paris roubaix y el Tour de Flandes","og_description":"Las bicicletas de la Paris Roubaix y el tour de Flandes. Los modelos de bici que utilizan los equipos profesionales para afrontar las cl\u00e1sicas de adoquines.","og_url":"https:\/\/www.welovecycling.com\/es\/2018\/04\/12\/las-bicicletas-paris-roubaix-y-tour-de-flandes\/","og_site_name":"\u0160koda We Love Cycling - Spain","article_published_time":"2018-04-12T09:48:19+00:00","article_modified_time":"2018-04-12T09:51:21+00:00","og_image":[{"width":2048,"height":1536,"url":"https:\/\/d2p6e6u75xmxt8.cloudfront.net\/6\/2018\/04\/IMG_20180408_150418_263.jpg","type":"image\/jpeg"}],"author":"We Love Cycling Spain","twitter_card":"summary_large_image","twitter_title":"las bicicletas de la paris roubaix y el Tour de Flandes","twitter_misc":{"Written by":"Luis Ortega @ciclored","Est. reading time":"2 minutes"},"schema":{"@context":"https:\/\/schema.org","@graph":[{"@type":"WebPage","@id":"https:\/\/www.welovecycling.com\/es\/2018\/04\/12\/las-bicicletas-paris-roubaix-y-tour-de-flandes\/","url":"https:\/\/www.welovecycling.com\/es\/2018\/04\/12\/las-bicicletas-paris-roubaix-y-tour-de-flandes\/","name":"Las bicicletas de la Paris Roubaix y el Tour de Flandes - \u0160koda We Love Cycling - Spain","isPartOf":{"@id":"https:\/\/www.welovecycling.com\/es\/#website"},"primaryImageOfPage":{"@id":"https:\/\/www.welovecycling.com\/es\/2018\/04\/12\/las-bicicletas-paris-roubaix-y-tour-de-flandes\/#primaryimage"},"image":{"@id":"https:\/\/www.welovecycling.com\/es\/2018\/04\/12\/las-bicicletas-paris-roubaix-y-tour-de-flandes\/#primaryimage"},"thumbnailUrl":"https:\/\/d2p6e6u75xmxt8.cloudfront.net\/6\/2018\/04\/IMG_20180408_150418_263.jpg","datePublished":"2018-04-12T09:48:19+00:00","dateModified":"2018-04-12T09:51:21+00:00","author":{"@id":"https:\/\/www.welovecycling.com\/es\/#\/schema\/person\/deb61715b5812698ee79fb96f343ccd4"},"description":"Las bicicletas de la Paris Roubaix y el tour de Flandes. Los modelos de bici que utilizan los equipos profesionales para afrontar las cl\u00e1sicas de adoquines.","breadcrumb":{"@id":"https:\/\/www.welovecycling.com\/es\/2018\/04\/12\/las-bicicletas-paris-roubaix-y-tour-de-flandes\/#breadcrumb"},"inLanguage":"es-ES","potentialAction":[{"@type":"ReadAction","target":["https:\/\/www.welovecycling.com\/es\/2018\/04\/12\/las-bicicletas-paris-roubaix-y-tour-de-flandes\/"]}]},{"@type":"ImageObject","inLanguage":"es-ES","@id":"https:\/\/www.welovecycling.com\/es\/2018\/04\/12\/las-bicicletas-paris-roubaix-y-tour-de-flandes\/#primaryimage","url":"https:\/\/d2p6e6u75xmxt8.cloudfront.net\/6\/2018\/04\/IMG_20180408_150418_263.jpg","contentUrl":"https:\/\/d2p6e6u75xmxt8.cloudfront.net\/6\/2018\/04\/IMG_20180408_150418_263.jpg","width":2048,"height":1536},{"@type":"BreadcrumbList","@id":"https:\/\/www.welovecycling.com\/es\/2018\/04\/12\/las-bicicletas-paris-roubaix-y-tour-de-flandes\/#breadcrumb","itemListElement":[{"@type":"ListItem","position":1,"name":"Home","item":"https:\/\/www.welovecycling.com\/es\/"},{"@type":"ListItem","position":2,"name":"Las bicicletas de la Paris Roubaix y el Tour de Flandes"}]},{"@type":"WebSite","@id":"https:\/\/www.welovecycling.com\/es\/#website","url":"https:\/\/www.welovecycling.com\/es\/","name":"\u0160koda We Love Cycling - Spain","description":"\u0160koda WeLoveCycling Spain","potentialAction":[{"@type":"SearchAction","target":{"@type":"EntryPoint","urlTemplate":"https:\/\/www.welovecycling.com\/es\/?s={search_term_string}"},"query-input":{"@type":"PropertyValueSpecification","valueRequired":true,"valueName":"search_term_string"}}],"inLanguage":"es-ES"},{"@type":"Person","@id":"https:\/\/www.welovecycling.com\/es\/#\/schema\/person\/deb61715b5812698ee79fb96f343ccd4","name":"We Love Cycling Spain","image":{"@type":"ImageObject","inLanguage":"es-ES","@id":"https:\/\/www.welovecycling.com\/es\/#\/schema\/person\/image\/","url":"https:\/\/secure.gravatar.com\/avatar\/c824b04e6df0e37a03219d0b6481672889df542894588964102459e46513159c?s=96&d=mm&r=g","contentUrl":"https:\/\/secure.gravatar.com\/avatar\/c824b04e6df0e37a03219d0b6481672889df542894588964102459e46513159c?s=96&d=mm&r=g","caption":"We Love Cycling Spain"},"url":"https:\/\/www.welovecycling.com\/es\/author\/amunoz\/"}]}},"_links":{"self":[{"href":"https:\/\/www.welovecycling.com\/es\/wp-json\/wp\/v2\/posts\/2562","targetHints":{"allow":["GET"]}}],"collection":[{"href":"https:\/\/www.welovecycling.com\/es\/wp-json\/wp\/v2\/posts"}],"about":[{"href":"https:\/\/www.welovecycling.com\/es\/wp-json\/wp\/v2\/types\/post"}],"author":[{"embeddable":true,"href":"https:\/\/www.welovecycling.com\/es\/wp-json\/wp\/v2\/users\/29"}],"replies":[{"embeddable":true,"href":"https:\/\/www.welovecycling.com\/es\/wp-json\/wp\/v2\/comments?post=2562"}],"version-history":[{"count":1,"href":"https:\/\/www.welovecycling.com\/es\/wp-json\/wp\/v2\/posts\/2562\/revisions"}],"predecessor-version":[{"id":2592,"href":"https:\/\/www.welovecycling.com\/es\/wp-json\/wp\/v2\/posts\/2562\/revisions\/2592"}],"wp:featuredmedia":[{"embeddable":true,"href":"https:\/\/www.welovecycling.com\/es\/wp-json\/wp\/v2\/media\/2605"}],"wp:attachment":[{"href":"https:\/\/www.welovecycling.com\/es\/wp-json\/wp\/v2\/media?parent=2562"}],"wp:term":[{"taxonomy":"category","embeddable":true,"href":"https:\/\/www.welovecycling.com\/es\/wp-json\/wp\/v2\/categories?post=2562"},{"taxonomy":"post_tag","embeddable":true,"href":"https:\/\/www.welovecycling.com\/es\/wp-json\/wp\/v2\/tags?post=2562"},{"taxonomy":"global-categories","embeddable":true,"href":"https:\/\/www.welovecycling.com\/es\/wp-json\/wp\/v2\/global-categories?post=2562"}],"curies":[{"name":"wp","href":"https:\/\/api.w.org\/{rel}","templated":true}]}}