{"id":2542,"date":"2018-04-19T22:12:19","date_gmt":"2018-04-19T20:12:19","guid":{"rendered":"https:\/\/www.welovecycling.com\/es\/?p=2542"},"modified":"2018-04-19T22:12:19","modified_gmt":"2018-04-19T20:12:19","slug":"el-ciclismo-es-religion-la-exposicion-del-museo-de-roeselare","status":"publish","type":"post","link":"https:\/\/www.welovecycling.com\/es\/2018\/04\/19\/el-ciclismo-es-religion-la-exposicion-del-museo-de-roeselare\/","title":{"rendered":"El ciclismo es religi\u00f3n. La exposici\u00f3n del Museo de Roeselare"},"content":{"rendered":"<p><strong>Nadie duda que el ciclismo es religi\u00f3n en Flandes. Nuestro deporte est\u00e1 tan arraigado en el caracter y la cultura de los flamencos que transciende al mero \u00e1mbito deportivo. Era cuesti\u00f3n de tiempo que todo eso quedar\u00e1 reflejado en una exposici\u00f3n y que su nombre fuese El Ciclismo es Religi\u00f3n. Como marco la iglesia de Roeselare y dentro&#8230; todos los dogmas de la religi\u00f3n ciclista, que cualquier adepto puede comprender sin saber una palabra de flamenco.<\/strong><!--more--><\/p>\n<div class=\"embed-controller-wrapper\">\n<div class=\"embed-wrapper\"><iframe title=\"Museo Religi\u00f3n ciclista. Roeselare\" width=\"500\" height=\"281\" data-src=\"https:\/\/www.youtube.com\/embed\/elBg7z67dZ8?feature=oembed\" frameborder=\"0\" allow=\"accelerometer; autoplay; clipboard-write; encrypted-media; gyroscope; picture-in-picture; web-share\" referrerpolicy=\"strict-origin-when-cross-origin\" allowfullscreen><\/iframe><\/div>\n<\/div>\n<p>Solo un vistazo al v\u00eddeo que hay aqu\u00ed arriba dan ganar de visitar el Museo de la Religi\u00f3n Ciclista. Ubicado en <strong>Roeselare,<\/strong> la ciudad que es salida de Dwars Door Vlaanderen (A trav\u00e9s de Flandes) la exposici\u00f3n compara los dogmas de la religi\u00f3n con los del ciclismo y lo hace dentro de la Iglesia de\u00a0Paterskerk (Delaerestraat 33, 8800 Roeselare). <a href=\"http:\/\/www.wielermuseum.be\/en\/home\/\">Web del museo.\u00a0<\/a><\/p>\n<p>La vinculaci\u00f3n del ciclismo con la religi\u00f3n toma las palabras de <strong>Briek Schotte,<\/strong> un \u00eddolo para el ciclismo de Flandes y un semidesconocido para el resto del mundo. \u00c9l fue capaz de ganar des Tour de Flandes antes y despu\u00e9s de la II Guerra Mundial y en unas condiciones deplorables. Su triunfo le encumbr\u00f3 al altar de Flandes y el mismo dijo que &#8220;en aquel entonces \u00e9ramos los \u00fanicos dioses de carne y hueso que el pueblo pod\u00eda tocar y ver&#8221;. <a href=\"http:\/\/www.koersisreligie.be\">Web de la exposici\u00f3n<\/a><\/p>\n<p>El recorrido de la exposici\u00f3n pasa por diez capillas dedicadas a los caminos del ciclismo. Triunfo, muerte, dopaje, dioses, peregrinaciones, creyentes&#8230; lo que traducido a los t\u00e9rminos ciclistas se traduce en lugares de culto ciclista, mejores ciclistas de la historia, aficionados, ciclistas fallecidos en carrera o un gui\u00f1o al dopaje y a la penitencia con una capilla totalmente dedicada a <strong>Lance Armstrong.<\/strong><br \/>\n<a href=\"https:\/\/d2p6e6u75xmxt8.cloudfront.net\/6\/2018\/04\/MUSEO-3.JPG.jpg\"><img loading=\"lazy\" decoding=\"async\" class=\"aligncenter size-full wp-image-2544\" src=\"https:\/\/d2p6e6u75xmxt8.cloudfront.net\/6\/2018\/04\/MUSEO-3.JPG.jpg\" alt=\"\" width=\"600\" height=\"800\" srcset=\"https:\/\/d2p6e6u75xmxt8.cloudfront.net\/6\/2018\/04\/MUSEO-3.JPG.jpg 600w, https:\/\/d2p6e6u75xmxt8.cloudfront.net\/6\/2018\/04\/MUSEO-3.JPG-225x300.jpg 225w\" sizes=\"auto, (max-width: 600px) 100vw, 600px\" \/><\/a><\/p>\n<p>Por el camino <strong>maillots, fotos hist\u00f3ricas, bicicletas, triunfos, derrotas.<\/strong>.. y un altar dedicado al ciclismo. Una gran cruz formada por bicicletas y una exposici\u00f3n con m\u00e1s de un centenar de bicicletas de todas las \u00e9pocas, desde finales del siglo XIX a la \u00e9poca actual y con m\u00e1s de un centenar de maillots de la historia del ciclismo. Incluso un gui\u00f1o al apoyo de la religi\u00f3n al ciclismo con el equipo Amore e Vita, que patrocina directamente El Vaticano.<\/p>\n<p>Tambi\u00e9n hay lugar para el Dios ciclista. No es otro que <strong>Eddy Merckx<\/strong>. El \u00fanico que tiene su propia capilla con su altar y bicicleta personalizada. Algo m\u00e1s que un profeta, como el resto de sus compa\u00f1eros de pelot\u00f3n.<\/p>\n<p><a href=\"https:\/\/d2p6e6u75xmxt8.cloudfront.net\/6\/2018\/04\/MUSEO-12.JPG.jpg\"><img loading=\"lazy\" decoding=\"async\" class=\"aligncenter size-full wp-image-2545\" src=\"https:\/\/d2p6e6u75xmxt8.cloudfront.net\/6\/2018\/04\/MUSEO-12.JPG.jpg\" alt=\"\" width=\"656\" height=\"800\" srcset=\"https:\/\/d2p6e6u75xmxt8.cloudfront.net\/6\/2018\/04\/MUSEO-12.JPG.jpg 656w, https:\/\/d2p6e6u75xmxt8.cloudfront.net\/6\/2018\/04\/MUSEO-12.JPG-246x300.jpg 246w\" sizes=\"auto, (max-width: 656px) 100vw, 656px\" \/><\/a><\/p>\n<p>No es lo \u00fanico. <strong>Johan Musseuw, el Le\u00f3n de Flandes,<\/strong> comparte parte de la idiosincrasia de la exposici\u00f3n. No en vano es la imagen de la misma. Su carrera estuvo marcada por el los triunfos en Flandes y Roubaix y la tremenda ca\u00edda en el Bosque de Arenberg. Los m\u00e9dicos estuvieron a punto de amputarle la pierna y le dieron muy pocas opciones de volver a montar en bicicleta. Resucit\u00f3, retorno a la carretera y volvi\u00f3 a ganar en el Vel\u00f3dromo de Roubaix. Al retirarse entreg\u00f3 el dogma de fe a <strong>Tom Boonen<\/strong>, su sucesor entre los dioses de Flandes. Una vez retirado el propio Musseuw confes\u00f3 su dopaje y se le baj\u00f3 de los altares, para volver a ascenderle a\u00f1os despu\u00e9s de su redenci\u00f3n. Ciclismo y religi\u00f3n.<\/p>\n<p>A la salida tiene desde catecismo ciclistas, a libros sobre la exposici\u00f3n, <strong>cervezas ciclistas<\/strong>, maillots, camisetas&#8230; cualquier aspecto que puedas so\u00f1ar del ciclismo relacionado con la religi\u00f3n.<br \/>\n<a href=\"https:\/\/d2p6e6u75xmxt8.cloudfront.net\/6\/2018\/04\/MUSEO-6.JPG.jpg\"><img loading=\"lazy\" decoding=\"async\" class=\"aligncenter size-large wp-image-2546\" src=\"https:\/\/d2p6e6u75xmxt8.cloudfront.net\/6\/2018\/04\/MUSEO-6.JPG-1024x768.jpg\" alt=\"\" width=\"1024\" height=\"768\" srcset=\"https:\/\/d2p6e6u75xmxt8.cloudfront.net\/6\/2018\/04\/MUSEO-6.JPG.jpg 1024w, https:\/\/d2p6e6u75xmxt8.cloudfront.net\/6\/2018\/04\/MUSEO-6.JPG-300x225.jpg 300w, https:\/\/d2p6e6u75xmxt8.cloudfront.net\/6\/2018\/04\/MUSEO-6.JPG-768x576.jpg 768w\" sizes=\"auto, (max-width: 1024px) 100vw, 1024px\" \/><\/a><\/p>\n<p>La exposici\u00f3n se abri\u00f3 en 2015, ha recibido premios y ha sido en parte itinerante por algunas de las ferias y eventos ciclistas de B\u00e9lgica y Holanda. Cerr\u00f3 temporalmente en 2 de abril y volver\u00e1 a abrir del 22 de abril al 22 de mayo con una renovaci\u00f3n que recoge todos los objetos ciclistas donados por los aficionados particulares de Flandes.\u00a0 Ellos mismos anuncian en su web que se van a poder encontrar piezas de aut\u00e9nticas piezas de coleccionista de la religi\u00f3n ciclista.<\/p>\n<p><a href=\"https:\/\/d2p6e6u75xmxt8.cloudfront.net\/6\/2018\/04\/plattegrond.jpg\"><img loading=\"lazy\" decoding=\"async\" class=\"wp-image-2543 size-full aligncenter\" src=\"https:\/\/d2p6e6u75xmxt8.cloudfront.net\/6\/2018\/04\/plattegrond.jpg\" alt=\"\" width=\"600\" height=\"1001\" srcset=\"https:\/\/d2p6e6u75xmxt8.cloudfront.net\/6\/2018\/04\/plattegrond.jpg 600w, https:\/\/d2p6e6u75xmxt8.cloudfront.net\/6\/2018\/04\/plattegrond-180x300.jpg 180w\" sizes=\"auto, (max-width: 600px) 100vw, 600px\" \/><\/a><\/p>\n<p><a href=\"https:\/\/d2p6e6u75xmxt8.cloudfront.net\/6\/2018\/04\/MUSEO-1.JPG.jpg\"><img loading=\"lazy\" decoding=\"async\" class=\"aligncenter size-large wp-image-2547\" src=\"https:\/\/d2p6e6u75xmxt8.cloudfront.net\/6\/2018\/04\/MUSEO-1.JPG-1024x768.jpg\" alt=\"\" width=\"1024\" height=\"768\" srcset=\"https:\/\/d2p6e6u75xmxt8.cloudfront.net\/6\/2018\/04\/MUSEO-1.JPG.jpg 1024w, https:\/\/d2p6e6u75xmxt8.cloudfront.net\/6\/2018\/04\/MUSEO-1.JPG-300x225.jpg 300w, https:\/\/d2p6e6u75xmxt8.cloudfront.net\/6\/2018\/04\/MUSEO-1.JPG-768x576.jpg 768w\" sizes=\"auto, (max-width: 1024px) 100vw, 1024px\" \/><\/a> <a href=\"https:\/\/d2p6e6u75xmxt8.cloudfront.net\/6\/2018\/04\/MUSEO-2.JPG.jpg\"><img loading=\"lazy\" decoding=\"async\" class=\"aligncenter size-large wp-image-2548\" src=\"https:\/\/d2p6e6u75xmxt8.cloudfront.net\/6\/2018\/04\/MUSEO-2.JPG-1024x718.jpg\" alt=\"\" width=\"1024\" height=\"718\" srcset=\"https:\/\/d2p6e6u75xmxt8.cloudfront.net\/6\/2018\/04\/MUSEO-2.JPG.jpg 1024w, https:\/\/d2p6e6u75xmxt8.cloudfront.net\/6\/2018\/04\/MUSEO-2.JPG-300x210.jpg 300w, https:\/\/d2p6e6u75xmxt8.cloudfront.net\/6\/2018\/04\/MUSEO-2.JPG-768x539.jpg 768w\" sizes=\"auto, (max-width: 1024px) 100vw, 1024px\" \/><\/a> <a href=\"https:\/\/d2p6e6u75xmxt8.cloudfront.net\/6\/2018\/04\/MUSEO-7.JPG.jpg\"><img loading=\"lazy\" decoding=\"async\" class=\"aligncenter size-large wp-image-2549\" src=\"https:\/\/d2p6e6u75xmxt8.cloudfront.net\/6\/2018\/04\/MUSEO-7.JPG.jpg\" alt=\"\" width=\"904\" height=\"800\" srcset=\"https:\/\/d2p6e6u75xmxt8.cloudfront.net\/6\/2018\/04\/MUSEO-7.JPG.jpg 904w, https:\/\/d2p6e6u75xmxt8.cloudfront.net\/6\/2018\/04\/MUSEO-7.JPG-300x265.jpg 300w, https:\/\/d2p6e6u75xmxt8.cloudfront.net\/6\/2018\/04\/MUSEO-7.JPG-768x680.jpg 768w\" sizes=\"auto, (max-width: 904px) 100vw, 904px\" \/><\/a><a href=\"https:\/\/d2p6e6u75xmxt8.cloudfront.net\/6\/2018\/04\/MUSEO-8.JPG.jpg\"><img loading=\"lazy\" decoding=\"async\" class=\"aligncenter size-large wp-image-2550\" src=\"https:\/\/d2p6e6u75xmxt8.cloudfront.net\/6\/2018\/04\/MUSEO-8.JPG-1024x768.jpg\" alt=\"\" width=\"1024\" height=\"768\" srcset=\"https:\/\/d2p6e6u75xmxt8.cloudfront.net\/6\/2018\/04\/MUSEO-8.JPG.jpg 1024w, https:\/\/d2p6e6u75xmxt8.cloudfront.net\/6\/2018\/04\/MUSEO-8.JPG-300x225.jpg 300w, https:\/\/d2p6e6u75xmxt8.cloudfront.net\/6\/2018\/04\/MUSEO-8.JPG-768x576.jpg 768w\" sizes=\"auto, (max-width: 1024px) 100vw, 1024px\" \/><\/a><a href=\"https:\/\/d2p6e6u75xmxt8.cloudfront.net\/6\/2018\/04\/MUSEO-9.JPG.jpg\"><img loading=\"lazy\" decoding=\"async\" class=\"aligncenter size-large wp-image-2551\" src=\"https:\/\/d2p6e6u75xmxt8.cloudfront.net\/6\/2018\/04\/MUSEO-9.JPG-1024x741.jpg\" alt=\"\" width=\"1024\" height=\"741\" srcset=\"https:\/\/d2p6e6u75xmxt8.cloudfront.net\/6\/2018\/04\/MUSEO-9.JPG.jpg 1024w, https:\/\/d2p6e6u75xmxt8.cloudfront.net\/6\/2018\/04\/MUSEO-9.JPG-300x217.jpg 300w, https:\/\/d2p6e6u75xmxt8.cloudfront.net\/6\/2018\/04\/MUSEO-9.JPG-768x556.jpg 768w\" sizes=\"auto, (max-width: 1024px) 100vw, 1024px\" \/><\/a><a href=\"https:\/\/d2p6e6u75xmxt8.cloudfront.net\/6\/2018\/04\/MUSEO-15.JPG.jpg\"><img loading=\"lazy\" decoding=\"async\" class=\"aligncenter size-large wp-image-2552\" src=\"https:\/\/d2p6e6u75xmxt8.cloudfront.net\/6\/2018\/04\/MUSEO-15.JPG-1024x768.jpg\" alt=\"\" width=\"1024\" height=\"768\" srcset=\"https:\/\/d2p6e6u75xmxt8.cloudfront.net\/6\/2018\/04\/MUSEO-15.JPG.jpg 1024w, https:\/\/d2p6e6u75xmxt8.cloudfront.net\/6\/2018\/04\/MUSEO-15.JPG-300x225.jpg 300w, https:\/\/d2p6e6u75xmxt8.cloudfront.net\/6\/2018\/04\/MUSEO-15.JPG-768x576.jpg 768w\" sizes=\"auto, (max-width: 1024px) 100vw, 1024px\" \/><\/a> <a href=\"https:\/\/d2p6e6u75xmxt8.cloudfront.net\/6\/2018\/04\/MUSEO-17.JPG.jpg\"><img loading=\"lazy\" decoding=\"async\" class=\"aligncenter size-large wp-image-2553\" src=\"https:\/\/d2p6e6u75xmxt8.cloudfront.net\/6\/2018\/04\/MUSEO-17.JPG-1024x768.jpg\" alt=\"\" width=\"1024\" height=\"768\" srcset=\"https:\/\/d2p6e6u75xmxt8.cloudfront.net\/6\/2018\/04\/MUSEO-17.JPG.jpg 1024w, https:\/\/d2p6e6u75xmxt8.cloudfront.net\/6\/2018\/04\/MUSEO-17.JPG-300x225.jpg 300w, https:\/\/d2p6e6u75xmxt8.cloudfront.net\/6\/2018\/04\/MUSEO-17.JPG-768x576.jpg 768w\" sizes=\"auto, (max-width: 1024px) 100vw, 1024px\" \/><\/a><a href=\"https:\/\/d2p6e6u75xmxt8.cloudfront.net\/6\/2018\/04\/MUSEO-4.JPG.jpg\"><img loading=\"lazy\" decoding=\"async\" class=\"aligncenter size-full wp-image-2554\" src=\"https:\/\/d2p6e6u75xmxt8.cloudfront.net\/6\/2018\/04\/MUSEO-4.JPG.jpg\" alt=\"\" width=\"600\" height=\"800\" srcset=\"https:\/\/d2p6e6u75xmxt8.cloudfront.net\/6\/2018\/04\/MUSEO-4.JPG.jpg 600w, https:\/\/d2p6e6u75xmxt8.cloudfront.net\/6\/2018\/04\/MUSEO-4.JPG-225x300.jpg 225w\" sizes=\"auto, (max-width: 600px) 100vw, 600px\" \/><\/a> <a href=\"https:\/\/d2p6e6u75xmxt8.cloudfront.net\/6\/2018\/04\/MUSEO-5.JPG.jpg\"><img loading=\"lazy\" decoding=\"async\" class=\"aligncenter size-large wp-image-2555\" src=\"https:\/\/d2p6e6u75xmxt8.cloudfront.net\/6\/2018\/04\/MUSEO-5.JPG.jpg\" alt=\"\" width=\"600\" height=\"800\" srcset=\"https:\/\/d2p6e6u75xmxt8.cloudfront.net\/6\/2018\/04\/MUSEO-5.JPG.jpg 600w, https:\/\/d2p6e6u75xmxt8.cloudfront.net\/6\/2018\/04\/MUSEO-5.JPG-225x300.jpg 225w\" sizes=\"auto, (max-width: 600px) 100vw, 600px\" \/><\/a> <a href=\"https:\/\/d2p6e6u75xmxt8.cloudfront.net\/6\/2018\/04\/MUSEO-13.JPG.jpg\"><img loading=\"lazy\" decoding=\"async\" class=\"aligncenter size-large wp-image-2556\" src=\"https:\/\/d2p6e6u75xmxt8.cloudfront.net\/6\/2018\/04\/MUSEO-13.JPG.jpg\" alt=\"\" width=\"600\" height=\"800\" srcset=\"https:\/\/d2p6e6u75xmxt8.cloudfront.net\/6\/2018\/04\/MUSEO-13.JPG.jpg 600w, https:\/\/d2p6e6u75xmxt8.cloudfront.net\/6\/2018\/04\/MUSEO-13.JPG-225x300.jpg 225w\" sizes=\"auto, (max-width: 600px) 100vw, 600px\" \/><\/a><a href=\"https:\/\/d2p6e6u75xmxt8.cloudfront.net\/6\/2018\/04\/MUSEO-14.JPG.jpg\"><img loading=\"lazy\" decoding=\"async\" class=\"aligncenter size-full wp-image-2557\" src=\"https:\/\/d2p6e6u75xmxt8.cloudfront.net\/6\/2018\/04\/MUSEO-14.JPG.jpg\" alt=\"\" width=\"600\" height=\"800\" srcset=\"https:\/\/d2p6e6u75xmxt8.cloudfront.net\/6\/2018\/04\/MUSEO-14.JPG.jpg 600w, https:\/\/d2p6e6u75xmxt8.cloudfront.net\/6\/2018\/04\/MUSEO-14.JPG-225x300.jpg 225w\" sizes=\"auto, (max-width: 600px) 100vw, 600px\" \/><\/a> <a href=\"https:\/\/d2p6e6u75xmxt8.cloudfront.net\/6\/2018\/04\/MUSEO-16.JPG.jpg\"><img loading=\"lazy\" decoding=\"async\" class=\"aligncenter size-large wp-image-2558\" src=\"https:\/\/d2p6e6u75xmxt8.cloudfront.net\/6\/2018\/04\/MUSEO-16.JPG.jpg\" alt=\"\" width=\"600\" height=\"800\" srcset=\"https:\/\/d2p6e6u75xmxt8.cloudfront.net\/6\/2018\/04\/MUSEO-16.JPG.jpg 600w, https:\/\/d2p6e6u75xmxt8.cloudfront.net\/6\/2018\/04\/MUSEO-16.JPG-225x300.jpg 225w\" sizes=\"auto, (max-width: 600px) 100vw, 600px\" \/><\/a> <a href=\"https:\/\/d2p6e6u75xmxt8.cloudfront.net\/6\/2018\/04\/MUSEO-18.JPG.jpg\"><img loading=\"lazy\" decoding=\"async\" class=\"aligncenter size-large wp-image-2559\" src=\"https:\/\/d2p6e6u75xmxt8.cloudfront.net\/6\/2018\/04\/MUSEO-18.JPG.jpg\" alt=\"\" width=\"600\" height=\"800\" srcset=\"https:\/\/d2p6e6u75xmxt8.cloudfront.net\/6\/2018\/04\/MUSEO-18.JPG.jpg 600w, https:\/\/d2p6e6u75xmxt8.cloudfront.net\/6\/2018\/04\/MUSEO-18.JPG-225x300.jpg 225w\" sizes=\"auto, (max-width: 600px) 100vw, 600px\" \/><\/a><\/p>\n<p>&nbsp;<\/p>\n","protected":false},"excerpt":{"rendered":"<p>Nadie duda que el ciclismo es religi\u00f3n en Flandes. Nuestro deporte est\u00e1 tan arraigado en el caracter y la cultura [&hellip;]<\/p>\n","protected":false},"author":29,"featured_media":2547,"comment_status":"open","ping_status":"open","sticky":false,"template":"","format":"standard","meta":{"footnotes":""},"categories":[7,8],"tags":[396,394,393,395],"global-categories":[],"class_list":["post-2542","post","type-post","status-publish","format-standard","has-post-thumbnail","hentry","category-carretera","category-life-style","tag-museo-ciclismo","tag-museo-ciclismo-flandes","tag-museo-religion-ciclismo","tag-museo-roeselare"],"yoast_head":"<!-- This site is optimized with the Yoast SEO Premium plugin v25.3 (Yoast SEO v25.9) - https:\/\/yoast.com\/wordpress\/plugins\/seo\/ -->\n<title>El ciclismo es religi\u00f3n. La exposici\u00f3n del Museo de Roeselare - \u0160koda We Love Cycling - Spain<\/title>\n<meta name=\"description\" content=\"El ciclismo es religi\u00f3n. La exposici\u00f3n del Museo de Roeselare en Flandes. Un museo dedicado al ciclismo con maillots, bicicletas, y recuerdos de un deporte \u00fanico.\" \/>\n<meta name=\"robots\" content=\"index, follow, max-snippet:-1, max-image-preview:large, max-video-preview:-1\" \/>\n<link rel=\"canonical\" href=\"https:\/\/www.welovecycling.com\/es\/2018\/04\/19\/el-ciclismo-es-religion-la-exposicion-del-museo-de-roeselare\/\" \/>\n<meta property=\"og:locale\" content=\"es_ES\" \/>\n<meta property=\"og:type\" content=\"article\" \/>\n<meta property=\"og:title\" content=\"El ciclismo es religi\u00f3n. La exposici\u00f3n del Museo de Roeselare\" \/>\n<meta property=\"og:description\" content=\"Nadie duda que el ciclismo es religi\u00f3n en Flandes. Nuestro deporte est\u00e1 tan arraigado en el caracter y la cultura de los flamencos que transciende al mero \u00e1mbito deportivo. Era cuesti\u00f3n de tiempo que todo eso quedar\u00e1 reflejado en una exposici\u00f3n y que su nombre fuese El Ciclismo es Religi\u00f3n. Como marco la iglesia de Roeselare y dentro... todos los dogmas de la religi\u00f3n ciclista, que cualquier adepto puede comprender sin saber una palabra de flamenco.\" \/>\n<meta property=\"og:url\" content=\"https:\/\/www.welovecycling.com\/es\/2018\/04\/19\/el-ciclismo-es-religion-la-exposicion-del-museo-de-roeselare\/\" \/>\n<meta property=\"og:site_name\" content=\"\u0160koda We Love Cycling - Spain\" \/>\n<meta property=\"article:published_time\" content=\"2018-04-19T20:12:19+00:00\" \/>\n<meta property=\"og:image\" content=\"https:\/\/d2p6e6u75xmxt8.cloudfront.net\/6\/2018\/04\/MUSEO-1.JPG.jpg\" \/>\n\t<meta property=\"og:image:width\" content=\"1024\" \/>\n\t<meta property=\"og:image:height\" content=\"768\" \/>\n\t<meta property=\"og:image:type\" content=\"image\/jpeg\" \/>\n<meta name=\"author\" content=\"We Love Cycling Spain\" \/>\n<meta name=\"twitter:card\" content=\"summary_large_image\" \/>\n<meta name=\"twitter:title\" content=\"El ciclismo es religi\u00f3n. La exposici\u00f3n del Museo de Roeselare\" \/>\n<meta name=\"twitter:description\" content=\"Nadie duda que el ciclismo es religi\u00f3n en Flandes. Nuestro deporte est\u00e1 tan arraigado en el caracter y la cultura de los flamencos que transciende al mero \u00e1mbito deportivo. Era cuesti\u00f3n de tiempo que todo eso quedar\u00e1 reflejado en una exposici\u00f3n y que su nombre fuese El Ciclismo es Religi\u00f3n. Como marco la iglesia de Roeselare y dentro... todos los dogmas de la religi\u00f3n ciclista, que cualquier adepto puede comprender sin saber una palabra de flamenco.\" \/>\n<meta name=\"twitter:label1\" content=\"Written by\" \/>\n\t<meta name=\"twitter:data1\" content=\"Luis Ortega @ciclored\" \/>\n\t<meta name=\"twitter:label2\" content=\"Est. reading time\" \/>\n\t<meta name=\"twitter:data2\" content=\"3 minutes\" \/>\n<script type=\"application\/ld+json\" class=\"yoast-schema-graph\">{\"@context\":\"https:\/\/schema.org\",\"@graph\":[{\"@type\":\"WebPage\",\"@id\":\"https:\/\/www.welovecycling.com\/es\/2018\/04\/19\/el-ciclismo-es-religion-la-exposicion-del-museo-de-roeselare\/\",\"url\":\"https:\/\/www.welovecycling.com\/es\/2018\/04\/19\/el-ciclismo-es-religion-la-exposicion-del-museo-de-roeselare\/\",\"name\":\"El ciclismo es religi\u00f3n. La exposici\u00f3n del Museo de Roeselare - \u0160koda We Love Cycling - Spain\",\"isPartOf\":{\"@id\":\"https:\/\/www.welovecycling.com\/es\/#website\"},\"primaryImageOfPage\":{\"@id\":\"https:\/\/www.welovecycling.com\/es\/2018\/04\/19\/el-ciclismo-es-religion-la-exposicion-del-museo-de-roeselare\/#primaryimage\"},\"image\":{\"@id\":\"https:\/\/www.welovecycling.com\/es\/2018\/04\/19\/el-ciclismo-es-religion-la-exposicion-del-museo-de-roeselare\/#primaryimage\"},\"thumbnailUrl\":\"https:\/\/d2p6e6u75xmxt8.cloudfront.net\/6\/2018\/04\/MUSEO-1.JPG.jpg\",\"datePublished\":\"2018-04-19T20:12:19+00:00\",\"author\":{\"@id\":\"https:\/\/www.welovecycling.com\/es\/#\/schema\/person\/deb61715b5812698ee79fb96f343ccd4\"},\"description\":\"El ciclismo es religi\u00f3n. La exposici\u00f3n del Museo de Roeselare en Flandes. Un museo dedicado al ciclismo con maillots, bicicletas, y recuerdos de un deporte \u00fanico.\",\"breadcrumb\":{\"@id\":\"https:\/\/www.welovecycling.com\/es\/2018\/04\/19\/el-ciclismo-es-religion-la-exposicion-del-museo-de-roeselare\/#breadcrumb\"},\"inLanguage\":\"es-ES\",\"potentialAction\":[{\"@type\":\"ReadAction\",\"target\":[\"https:\/\/www.welovecycling.com\/es\/2018\/04\/19\/el-ciclismo-es-religion-la-exposicion-del-museo-de-roeselare\/\"]}]},{\"@type\":\"ImageObject\",\"inLanguage\":\"es-ES\",\"@id\":\"https:\/\/www.welovecycling.com\/es\/2018\/04\/19\/el-ciclismo-es-religion-la-exposicion-del-museo-de-roeselare\/#primaryimage\",\"url\":\"https:\/\/d2p6e6u75xmxt8.cloudfront.net\/6\/2018\/04\/MUSEO-1.JPG.jpg\",\"contentUrl\":\"https:\/\/d2p6e6u75xmxt8.cloudfront.net\/6\/2018\/04\/MUSEO-1.JPG.jpg\",\"width\":1024,\"height\":768},{\"@type\":\"BreadcrumbList\",\"@id\":\"https:\/\/www.welovecycling.com\/es\/2018\/04\/19\/el-ciclismo-es-religion-la-exposicion-del-museo-de-roeselare\/#breadcrumb\",\"itemListElement\":[{\"@type\":\"ListItem\",\"position\":1,\"name\":\"Home\",\"item\":\"https:\/\/www.welovecycling.com\/es\/\"},{\"@type\":\"ListItem\",\"position\":2,\"name\":\"El ciclismo es religi\u00f3n. La exposici\u00f3n del Museo de Roeselare\"}]},{\"@type\":\"WebSite\",\"@id\":\"https:\/\/www.welovecycling.com\/es\/#website\",\"url\":\"https:\/\/www.welovecycling.com\/es\/\",\"name\":\"\u0160koda We Love Cycling - Spain\",\"description\":\"\u0160koda WeLoveCycling Spain\",\"potentialAction\":[{\"@type\":\"SearchAction\",\"target\":{\"@type\":\"EntryPoint\",\"urlTemplate\":\"https:\/\/www.welovecycling.com\/es\/?s={search_term_string}\"},\"query-input\":{\"@type\":\"PropertyValueSpecification\",\"valueRequired\":true,\"valueName\":\"search_term_string\"}}],\"inLanguage\":\"es-ES\"},{\"@type\":\"Person\",\"@id\":\"https:\/\/www.welovecycling.com\/es\/#\/schema\/person\/deb61715b5812698ee79fb96f343ccd4\",\"name\":\"We Love Cycling Spain\",\"image\":{\"@type\":\"ImageObject\",\"inLanguage\":\"es-ES\",\"@id\":\"https:\/\/www.welovecycling.com\/es\/#\/schema\/person\/image\/\",\"url\":\"https:\/\/secure.gravatar.com\/avatar\/c824b04e6df0e37a03219d0b6481672889df542894588964102459e46513159c?s=96&d=mm&r=g\",\"contentUrl\":\"https:\/\/secure.gravatar.com\/avatar\/c824b04e6df0e37a03219d0b6481672889df542894588964102459e46513159c?s=96&d=mm&r=g\",\"caption\":\"We Love Cycling Spain\"},\"url\":\"https:\/\/www.welovecycling.com\/es\/author\/amunoz\/\"}]}<\/script>\n<!-- \/ Yoast SEO Premium plugin. -->","yoast_head_json":{"title":"El ciclismo es religi\u00f3n. La exposici\u00f3n del Museo de Roeselare - \u0160koda We Love Cycling - Spain","description":"El ciclismo es religi\u00f3n. La exposici\u00f3n del Museo de Roeselare en Flandes. Un museo dedicado al ciclismo con maillots, bicicletas, y recuerdos de un deporte \u00fanico.","robots":{"index":"index","follow":"follow","max-snippet":"max-snippet:-1","max-image-preview":"max-image-preview:large","max-video-preview":"max-video-preview:-1"},"canonical":"https:\/\/www.welovecycling.com\/es\/2018\/04\/19\/el-ciclismo-es-religion-la-exposicion-del-museo-de-roeselare\/","og_locale":"es_ES","og_type":"article","og_title":"El ciclismo es religi\u00f3n. La exposici\u00f3n del Museo de Roeselare","og_description":"Nadie duda que el ciclismo es religi\u00f3n en Flandes. Nuestro deporte est\u00e1 tan arraigado en el caracter y la cultura de los flamencos que transciende al mero \u00e1mbito deportivo. Era cuesti\u00f3n de tiempo que todo eso quedar\u00e1 reflejado en una exposici\u00f3n y que su nombre fuese El Ciclismo es Religi\u00f3n. Como marco la iglesia de Roeselare y dentro... todos los dogmas de la religi\u00f3n ciclista, que cualquier adepto puede comprender sin saber una palabra de flamenco.","og_url":"https:\/\/www.welovecycling.com\/es\/2018\/04\/19\/el-ciclismo-es-religion-la-exposicion-del-museo-de-roeselare\/","og_site_name":"\u0160koda We Love Cycling - Spain","article_published_time":"2018-04-19T20:12:19+00:00","og_image":[{"width":1024,"height":768,"url":"https:\/\/d2p6e6u75xmxt8.cloudfront.net\/6\/2018\/04\/MUSEO-1.JPG.jpg","type":"image\/jpeg"}],"author":"We Love Cycling Spain","twitter_card":"summary_large_image","twitter_title":"El ciclismo es religi\u00f3n. La exposici\u00f3n del Museo de Roeselare","twitter_description":"Nadie duda que el ciclismo es religi\u00f3n en Flandes. Nuestro deporte est\u00e1 tan arraigado en el caracter y la cultura de los flamencos que transciende al mero \u00e1mbito deportivo. Era cuesti\u00f3n de tiempo que todo eso quedar\u00e1 reflejado en una exposici\u00f3n y que su nombre fuese El Ciclismo es Religi\u00f3n. Como marco la iglesia de Roeselare y dentro... todos los dogmas de la religi\u00f3n ciclista, que cualquier adepto puede comprender sin saber una palabra de flamenco.","twitter_misc":{"Written by":"Luis Ortega @ciclored","Est. reading time":"3 minutes"},"schema":{"@context":"https:\/\/schema.org","@graph":[{"@type":"WebPage","@id":"https:\/\/www.welovecycling.com\/es\/2018\/04\/19\/el-ciclismo-es-religion-la-exposicion-del-museo-de-roeselare\/","url":"https:\/\/www.welovecycling.com\/es\/2018\/04\/19\/el-ciclismo-es-religion-la-exposicion-del-museo-de-roeselare\/","name":"El ciclismo es religi\u00f3n. La exposici\u00f3n del Museo de Roeselare - \u0160koda We Love Cycling - Spain","isPartOf":{"@id":"https:\/\/www.welovecycling.com\/es\/#website"},"primaryImageOfPage":{"@id":"https:\/\/www.welovecycling.com\/es\/2018\/04\/19\/el-ciclismo-es-religion-la-exposicion-del-museo-de-roeselare\/#primaryimage"},"image":{"@id":"https:\/\/www.welovecycling.com\/es\/2018\/04\/19\/el-ciclismo-es-religion-la-exposicion-del-museo-de-roeselare\/#primaryimage"},"thumbnailUrl":"https:\/\/d2p6e6u75xmxt8.cloudfront.net\/6\/2018\/04\/MUSEO-1.JPG.jpg","datePublished":"2018-04-19T20:12:19+00:00","author":{"@id":"https:\/\/www.welovecycling.com\/es\/#\/schema\/person\/deb61715b5812698ee79fb96f343ccd4"},"description":"El ciclismo es religi\u00f3n. La exposici\u00f3n del Museo de Roeselare en Flandes. Un museo dedicado al ciclismo con maillots, bicicletas, y recuerdos de un deporte \u00fanico.","breadcrumb":{"@id":"https:\/\/www.welovecycling.com\/es\/2018\/04\/19\/el-ciclismo-es-religion-la-exposicion-del-museo-de-roeselare\/#breadcrumb"},"inLanguage":"es-ES","potentialAction":[{"@type":"ReadAction","target":["https:\/\/www.welovecycling.com\/es\/2018\/04\/19\/el-ciclismo-es-religion-la-exposicion-del-museo-de-roeselare\/"]}]},{"@type":"ImageObject","inLanguage":"es-ES","@id":"https:\/\/www.welovecycling.com\/es\/2018\/04\/19\/el-ciclismo-es-religion-la-exposicion-del-museo-de-roeselare\/#primaryimage","url":"https:\/\/d2p6e6u75xmxt8.cloudfront.net\/6\/2018\/04\/MUSEO-1.JPG.jpg","contentUrl":"https:\/\/d2p6e6u75xmxt8.cloudfront.net\/6\/2018\/04\/MUSEO-1.JPG.jpg","width":1024,"height":768},{"@type":"BreadcrumbList","@id":"https:\/\/www.welovecycling.com\/es\/2018\/04\/19\/el-ciclismo-es-religion-la-exposicion-del-museo-de-roeselare\/#breadcrumb","itemListElement":[{"@type":"ListItem","position":1,"name":"Home","item":"https:\/\/www.welovecycling.com\/es\/"},{"@type":"ListItem","position":2,"name":"El ciclismo es religi\u00f3n. La exposici\u00f3n del Museo de Roeselare"}]},{"@type":"WebSite","@id":"https:\/\/www.welovecycling.com\/es\/#website","url":"https:\/\/www.welovecycling.com\/es\/","name":"\u0160koda We Love Cycling - Spain","description":"\u0160koda WeLoveCycling Spain","potentialAction":[{"@type":"SearchAction","target":{"@type":"EntryPoint","urlTemplate":"https:\/\/www.welovecycling.com\/es\/?s={search_term_string}"},"query-input":{"@type":"PropertyValueSpecification","valueRequired":true,"valueName":"search_term_string"}}],"inLanguage":"es-ES"},{"@type":"Person","@id":"https:\/\/www.welovecycling.com\/es\/#\/schema\/person\/deb61715b5812698ee79fb96f343ccd4","name":"We Love Cycling Spain","image":{"@type":"ImageObject","inLanguage":"es-ES","@id":"https:\/\/www.welovecycling.com\/es\/#\/schema\/person\/image\/","url":"https:\/\/secure.gravatar.com\/avatar\/c824b04e6df0e37a03219d0b6481672889df542894588964102459e46513159c?s=96&d=mm&r=g","contentUrl":"https:\/\/secure.gravatar.com\/avatar\/c824b04e6df0e37a03219d0b6481672889df542894588964102459e46513159c?s=96&d=mm&r=g","caption":"We Love Cycling Spain"},"url":"https:\/\/www.welovecycling.com\/es\/author\/amunoz\/"}]}},"_links":{"self":[{"href":"https:\/\/www.welovecycling.com\/es\/wp-json\/wp\/v2\/posts\/2542","targetHints":{"allow":["GET"]}}],"collection":[{"href":"https:\/\/www.welovecycling.com\/es\/wp-json\/wp\/v2\/posts"}],"about":[{"href":"https:\/\/www.welovecycling.com\/es\/wp-json\/wp\/v2\/types\/post"}],"author":[{"embeddable":true,"href":"https:\/\/www.welovecycling.com\/es\/wp-json\/wp\/v2\/users\/29"}],"replies":[{"embeddable":true,"href":"https:\/\/www.welovecycling.com\/es\/wp-json\/wp\/v2\/comments?post=2542"}],"version-history":[{"count":1,"href":"https:\/\/www.welovecycling.com\/es\/wp-json\/wp\/v2\/posts\/2542\/revisions"}],"predecessor-version":[{"id":2561,"href":"https:\/\/www.welovecycling.com\/es\/wp-json\/wp\/v2\/posts\/2542\/revisions\/2561"}],"wp:featuredmedia":[{"embeddable":true,"href":"https:\/\/www.welovecycling.com\/es\/wp-json\/wp\/v2\/media\/2547"}],"wp:attachment":[{"href":"https:\/\/www.welovecycling.com\/es\/wp-json\/wp\/v2\/media?parent=2542"}],"wp:term":[{"taxonomy":"category","embeddable":true,"href":"https:\/\/www.welovecycling.com\/es\/wp-json\/wp\/v2\/categories?post=2542"},{"taxonomy":"post_tag","embeddable":true,"href":"https:\/\/www.welovecycling.com\/es\/wp-json\/wp\/v2\/tags?post=2542"},{"taxonomy":"global-categories","embeddable":true,"href":"https:\/\/www.welovecycling.com\/es\/wp-json\/wp\/v2\/global-categories?post=2542"}],"curies":[{"name":"wp","href":"https:\/\/api.w.org\/{rel}","templated":true}]}}