{"id":2536,"date":"2018-04-10T09:41:31","date_gmt":"2018-04-10T07:41:31","guid":{"rendered":"https:\/\/www.welovecycling.com\/es\/?p=2536"},"modified":"2018-04-10T09:41:31","modified_gmt":"2018-04-10T07:41:31","slug":"leyenda-de-la-gran-fondo-priorat","status":"publish","type":"post","link":"https:\/\/www.welovecycling.com\/es\/2018\/04\/10\/leyenda-de-la-gran-fondo-priorat\/","title":{"rendered":"Nace la leyenda de la \u0160koda Gran Fondo Priorat"},"content":{"rendered":"<p><strong>El ciclismo siempre tiene parte de \u00e9pica que lo hace distinto. En 2018 se escribi\u00f3 la leyenda de la \u0160koda Gran Fondo Priorat como una de esas marchas en la que los propios bikers crean un hecho diferencial. Agua, barro y fr\u00edo fueron unos rivales extra a los kil\u00f3metros y el desnivel la prueba. Acabar y pasar la l\u00ednea de meta ya era un aut\u00e9ntico triunfo contra las condiciones, que al final es el mayor rival que todos tenemos encima de la bicicleta.<\/strong><!--more--><br \/>\nLos m\u00e1s de\u00a0 2000 participantes de la <strong>\u0160koda Gran Fondo Priorat (8 de abril)<\/strong> han dejado constancia de su valent\u00eda y pasi\u00f3n por la bicicleta de monta\u00f1a y es que el fr\u00edo, la lluvia y el barro han sido los protagonistas inesperados de la edici\u00f3n m\u00e1s dura de\u00a0 Gran Fondo Priorat.<\/p>\n<p><a href=\"http:\/\/skodagranfondopriorat.com\/es\/tiempos.php\" target=\"_blank\" rel=\"noopener\">Resultados de la GF Priorat &gt;<\/a><\/p>\n<figure id=\"attachment_2538\" aria-describedby=\"caption-attachment-2538\" style=\"width: 1024px\" class=\"wp-caption aligncenter\"><a href=\"https:\/\/d2p6e6u75xmxt8.cloudfront.net\/6\/2018\/04\/gf-priorat-2.jpg\"><img loading=\"lazy\" decoding=\"async\" class=\"wp-image-2538 size-large\" src=\"https:\/\/d2p6e6u75xmxt8.cloudfront.net\/6\/2018\/04\/gf-priorat-2-1024x683.jpg\" alt=\"\" width=\"1024\" height=\"683\" srcset=\"https:\/\/d2p6e6u75xmxt8.cloudfront.net\/6\/2018\/04\/gf-priorat-2.jpg 1024w, https:\/\/d2p6e6u75xmxt8.cloudfront.net\/6\/2018\/04\/gf-priorat-2-300x200.jpg 300w, https:\/\/d2p6e6u75xmxt8.cloudfront.net\/6\/2018\/04\/gf-priorat-2-768x512.jpg 768w, https:\/\/d2p6e6u75xmxt8.cloudfront.net\/6\/2018\/04\/gf-priorat-2-272x182.jpg 272w\" sizes=\"auto, (max-width: 1024px) 100vw, 1024px\" \/><\/a><figcaption id=\"caption-attachment-2538\" class=\"wp-caption-text\">Foto: Marti Milla<\/figcaption><\/figure>\n<p>Desde primera hora de la ma\u00f1ana la lluvia no dej\u00f3 caer sobre los <strong>bikers que se dieron cita en la localidad tarraconense de Falset<\/strong>.\u00a0Haciendo gala de su valent\u00eda los participantes se han ganado el respeto de todos los presentes y han hecho grande el lema de esta prueba: \u201c<strong>Crear\u00e1s el mito\u201d<\/strong>. Y es que les toc\u00f3 mojarse de entre cuatro y siete horas, el tiempo en el que casi todos consiguieron finalizar la prueba.<\/p>\n<p>Con un formato dise\u00f1ado en dos distancias (Gran Fondo 104 km y Medio Fondo 59 km), la organizaci\u00f3n ha primado la seguridad en los tramos m\u00e1s embarrados y ha recortado el recorrido de la distancia m\u00e1s larga para evitar las zonas m\u00e1s peligrosas, que estaban impracticables e implicaban correr unos riesgos innecesarios.<\/p>\n<figure id=\"attachment_2539\" aria-describedby=\"caption-attachment-2539\" style=\"width: 1024px\" class=\"wp-caption aligncenter\"><a href=\"https:\/\/d2p6e6u75xmxt8.cloudfront.net\/6\/2018\/04\/gf-priorat-3.jpg\"><img loading=\"lazy\" decoding=\"async\" class=\"wp-image-2539 size-large\" src=\"https:\/\/d2p6e6u75xmxt8.cloudfront.net\/6\/2018\/04\/gf-priorat-3-1024x683.jpg\" alt=\"\" width=\"1024\" height=\"683\" srcset=\"https:\/\/d2p6e6u75xmxt8.cloudfront.net\/6\/2018\/04\/gf-priorat-3.jpg 1024w, https:\/\/d2p6e6u75xmxt8.cloudfront.net\/6\/2018\/04\/gf-priorat-3-300x200.jpg 300w, https:\/\/d2p6e6u75xmxt8.cloudfront.net\/6\/2018\/04\/gf-priorat-3-768x512.jpg 768w, https:\/\/d2p6e6u75xmxt8.cloudfront.net\/6\/2018\/04\/gf-priorat-3-272x182.jpg 272w\" sizes=\"auto, (max-width: 1024px) 100vw, 1024px\" \/><\/a><figcaption id=\"caption-attachment-2539\" class=\"wp-caption-text\">Foto: Mart\u00ed Milla<\/figcaption><\/figure>\n<p>&nbsp;<\/p>\n<h3><strong>Una marcha heroica<\/strong><\/h3>\n<p>Pese a las dificultades, el equipo de <strong>\u0160koda Gran Fondo Priorat<\/strong> ha trabajado duro para desplegar toda la infraestructura y los servicios que definen esta marcha. Y, sobre todo, para estar a la altura del arrojo demostrado por los bikers, que una vez m\u00e1s con su pasi\u00f3n por este deporte han dejado claro que hay poca cosas que les puedan superar.<\/p>\n<p>Tras cruzar la meta, cara de cansancio pero gesto de triunfo. Tocaba recuperar a los ciclistas en el servicio de recuperaci\u00f3n y usar el lavado de bicicletas (que estaban m\u00e1s que embarradas).<\/p>\n<figure id=\"attachment_2540\" aria-describedby=\"caption-attachment-2540\" style=\"width: 1024px\" class=\"wp-caption aligncenter\"><a href=\"https:\/\/d2p6e6u75xmxt8.cloudfront.net\/6\/2018\/04\/gf-priorat-4.jpg\"><img loading=\"lazy\" decoding=\"async\" class=\"wp-image-2540 size-large\" src=\"https:\/\/d2p6e6u75xmxt8.cloudfront.net\/6\/2018\/04\/gf-priorat-4-1024x683.jpg\" alt=\"\" width=\"1024\" height=\"683\" srcset=\"https:\/\/d2p6e6u75xmxt8.cloudfront.net\/6\/2018\/04\/gf-priorat-4.jpg 1024w, https:\/\/d2p6e6u75xmxt8.cloudfront.net\/6\/2018\/04\/gf-priorat-4-300x200.jpg 300w, https:\/\/d2p6e6u75xmxt8.cloudfront.net\/6\/2018\/04\/gf-priorat-4-768x512.jpg 768w, https:\/\/d2p6e6u75xmxt8.cloudfront.net\/6\/2018\/04\/gf-priorat-4-272x182.jpg 272w\" sizes=\"auto, (max-width: 1024px) 100vw, 1024px\" \/><\/a><figcaption id=\"caption-attachment-2540\" class=\"wp-caption-text\">Foto: Mart\u00ed Milla<\/figcaption><\/figure>\n<p>&nbsp;<\/p>\n<p>&nbsp;<\/p>\n<p>&nbsp;<\/p>\n","protected":false},"excerpt":{"rendered":"<p>El ciclismo siempre tiene parte de \u00e9pica que lo hace distinto. En 2018 se escribi\u00f3 la leyenda de la \u0160koda [&hellip;]<\/p>\n","protected":false},"author":29,"featured_media":2537,"comment_status":"open","ping_status":"open","sticky":false,"template":"","format":"standard","meta":{"footnotes":""},"categories":[9],"tags":[392,391,313,138],"global-categories":[],"class_list":["post-2536","post","type-post","status-publish","format-standard","has-post-thumbnail","hentry","category-mtb-aventura","tag-fotos-gran-fondo-priorat","tag-gf-priorat","tag-gran-fondo-priorat","tag-skoda-gran-fondo"],"yoast_head":"<!-- This site is optimized with the Yoast SEO Premium plugin v25.3 (Yoast SEO v25.9) - https:\/\/yoast.com\/wordpress\/plugins\/seo\/ -->\n<title>Nace la leyenda de la \u0160koda Gran Fondo Priorat - \u0160koda We Love Cycling - Spain<\/title>\n<meta name=\"description\" content=\"Nace la leyenda de la Gran Fondo Priorat. La marcha de 2018 se disput\u00f3 entre la lluvia y el fr\u00edo que hicieron un terreno embarrado y m\u00e1s que dif\u00edcil.\" \/>\n<meta name=\"robots\" content=\"index, follow, max-snippet:-1, max-image-preview:large, max-video-preview:-1\" \/>\n<link rel=\"canonical\" href=\"https:\/\/www.welovecycling.com\/es\/2018\/04\/10\/leyenda-de-la-gran-fondo-priorat\/\" \/>\n<meta property=\"og:locale\" content=\"es_ES\" \/>\n<meta property=\"og:type\" content=\"article\" \/>\n<meta property=\"og:title\" content=\"Nace la leyenda de la \u0160koda Gran Fondo Priorat\" \/>\n<meta property=\"og:description\" content=\"Nace la leyenda de la Gran Fondo Priorat. La marcha de 2018 se disput\u00f3 entre la lluvia y el fr\u00edo que hicieron un terreno embarrado y m\u00e1s que dif\u00edcil.\" \/>\n<meta property=\"og:url\" content=\"https:\/\/www.welovecycling.com\/es\/2018\/04\/10\/leyenda-de-la-gran-fondo-priorat\/\" \/>\n<meta property=\"og:site_name\" content=\"\u0160koda We Love Cycling - Spain\" \/>\n<meta property=\"article:published_time\" content=\"2018-04-10T07:41:31+00:00\" \/>\n<meta property=\"og:image\" content=\"https:\/\/d2p6e6u75xmxt8.cloudfront.net\/6\/2018\/04\/GF-priorat-1.jpg\" \/>\n\t<meta property=\"og:image:width\" content=\"1280\" \/>\n\t<meta property=\"og:image:height\" content=\"854\" \/>\n\t<meta property=\"og:image:type\" content=\"image\/jpeg\" \/>\n<meta name=\"author\" content=\"We Love Cycling Spain\" \/>\n<meta name=\"twitter:card\" content=\"summary_large_image\" \/>\n<meta name=\"twitter:title\" content=\"Nace la leyenda de la \u0160koda Gran Fondo Priorat\" \/>\n<meta name=\"twitter:description\" content=\"Nace la leyenda de la Gran Fondo Priorat. La marcha de 2018 se disput\u00f3 entre la lluvia y el fr\u00edo que hicieron un terreno embarrado y m\u00e1s que dif\u00edcil.\" \/>\n<meta name=\"twitter:label1\" content=\"Written by\" \/>\n\t<meta name=\"twitter:data1\" content=\"Luis Ortega @ciclored\" \/>\n\t<meta name=\"twitter:label2\" content=\"Est. reading time\" \/>\n\t<meta name=\"twitter:data2\" content=\"2 minutes\" \/>\n<script type=\"application\/ld+json\" class=\"yoast-schema-graph\">{\"@context\":\"https:\/\/schema.org\",\"@graph\":[{\"@type\":\"WebPage\",\"@id\":\"https:\/\/www.welovecycling.com\/es\/2018\/04\/10\/leyenda-de-la-gran-fondo-priorat\/\",\"url\":\"https:\/\/www.welovecycling.com\/es\/2018\/04\/10\/leyenda-de-la-gran-fondo-priorat\/\",\"name\":\"Nace la leyenda de la \u0160koda Gran Fondo Priorat - \u0160koda We Love Cycling - Spain\",\"isPartOf\":{\"@id\":\"https:\/\/www.welovecycling.com\/es\/#website\"},\"primaryImageOfPage\":{\"@id\":\"https:\/\/www.welovecycling.com\/es\/2018\/04\/10\/leyenda-de-la-gran-fondo-priorat\/#primaryimage\"},\"image\":{\"@id\":\"https:\/\/www.welovecycling.com\/es\/2018\/04\/10\/leyenda-de-la-gran-fondo-priorat\/#primaryimage\"},\"thumbnailUrl\":\"https:\/\/d2p6e6u75xmxt8.cloudfront.net\/6\/2018\/04\/GF-priorat-1.jpg\",\"datePublished\":\"2018-04-10T07:41:31+00:00\",\"author\":{\"@id\":\"https:\/\/www.welovecycling.com\/es\/#\/schema\/person\/deb61715b5812698ee79fb96f343ccd4\"},\"description\":\"Nace la leyenda de la Gran Fondo Priorat. La marcha de 2018 se disput\u00f3 entre la lluvia y el fr\u00edo que hicieron un terreno embarrado y m\u00e1s que dif\u00edcil.\",\"breadcrumb\":{\"@id\":\"https:\/\/www.welovecycling.com\/es\/2018\/04\/10\/leyenda-de-la-gran-fondo-priorat\/#breadcrumb\"},\"inLanguage\":\"es-ES\",\"potentialAction\":[{\"@type\":\"ReadAction\",\"target\":[\"https:\/\/www.welovecycling.com\/es\/2018\/04\/10\/leyenda-de-la-gran-fondo-priorat\/\"]}]},{\"@type\":\"ImageObject\",\"inLanguage\":\"es-ES\",\"@id\":\"https:\/\/www.welovecycling.com\/es\/2018\/04\/10\/leyenda-de-la-gran-fondo-priorat\/#primaryimage\",\"url\":\"https:\/\/d2p6e6u75xmxt8.cloudfront.net\/6\/2018\/04\/GF-priorat-1.jpg\",\"contentUrl\":\"https:\/\/d2p6e6u75xmxt8.cloudfront.net\/6\/2018\/04\/GF-priorat-1.jpg\",\"width\":1280,\"height\":854},{\"@type\":\"BreadcrumbList\",\"@id\":\"https:\/\/www.welovecycling.com\/es\/2018\/04\/10\/leyenda-de-la-gran-fondo-priorat\/#breadcrumb\",\"itemListElement\":[{\"@type\":\"ListItem\",\"position\":1,\"name\":\"Home\",\"item\":\"https:\/\/www.welovecycling.com\/es\/\"},{\"@type\":\"ListItem\",\"position\":2,\"name\":\"Nace la leyenda de la \u0160koda Gran Fondo Priorat\"}]},{\"@type\":\"WebSite\",\"@id\":\"https:\/\/www.welovecycling.com\/es\/#website\",\"url\":\"https:\/\/www.welovecycling.com\/es\/\",\"name\":\"\u0160koda We Love Cycling - Spain\",\"description\":\"\u0160koda WeLoveCycling Spain\",\"potentialAction\":[{\"@type\":\"SearchAction\",\"target\":{\"@type\":\"EntryPoint\",\"urlTemplate\":\"https:\/\/www.welovecycling.com\/es\/?s={search_term_string}\"},\"query-input\":{\"@type\":\"PropertyValueSpecification\",\"valueRequired\":true,\"valueName\":\"search_term_string\"}}],\"inLanguage\":\"es-ES\"},{\"@type\":\"Person\",\"@id\":\"https:\/\/www.welovecycling.com\/es\/#\/schema\/person\/deb61715b5812698ee79fb96f343ccd4\",\"name\":\"We Love Cycling Spain\",\"image\":{\"@type\":\"ImageObject\",\"inLanguage\":\"es-ES\",\"@id\":\"https:\/\/www.welovecycling.com\/es\/#\/schema\/person\/image\/\",\"url\":\"https:\/\/secure.gravatar.com\/avatar\/c824b04e6df0e37a03219d0b6481672889df542894588964102459e46513159c?s=96&d=mm&r=g\",\"contentUrl\":\"https:\/\/secure.gravatar.com\/avatar\/c824b04e6df0e37a03219d0b6481672889df542894588964102459e46513159c?s=96&d=mm&r=g\",\"caption\":\"We Love Cycling Spain\"},\"url\":\"https:\/\/www.welovecycling.com\/es\/author\/amunoz\/\"}]}<\/script>\n<!-- \/ Yoast SEO Premium plugin. -->","yoast_head_json":{"title":"Nace la leyenda de la \u0160koda Gran Fondo Priorat - \u0160koda We Love Cycling - Spain","description":"Nace la leyenda de la Gran Fondo Priorat. La marcha de 2018 se disput\u00f3 entre la lluvia y el fr\u00edo que hicieron un terreno embarrado y m\u00e1s que dif\u00edcil.","robots":{"index":"index","follow":"follow","max-snippet":"max-snippet:-1","max-image-preview":"max-image-preview:large","max-video-preview":"max-video-preview:-1"},"canonical":"https:\/\/www.welovecycling.com\/es\/2018\/04\/10\/leyenda-de-la-gran-fondo-priorat\/","og_locale":"es_ES","og_type":"article","og_title":"Nace la leyenda de la \u0160koda Gran Fondo Priorat","og_description":"Nace la leyenda de la Gran Fondo Priorat. La marcha de 2018 se disput\u00f3 entre la lluvia y el fr\u00edo que hicieron un terreno embarrado y m\u00e1s que dif\u00edcil.","og_url":"https:\/\/www.welovecycling.com\/es\/2018\/04\/10\/leyenda-de-la-gran-fondo-priorat\/","og_site_name":"\u0160koda We Love Cycling - Spain","article_published_time":"2018-04-10T07:41:31+00:00","og_image":[{"width":1280,"height":854,"url":"https:\/\/d2p6e6u75xmxt8.cloudfront.net\/6\/2018\/04\/GF-priorat-1.jpg","type":"image\/jpeg"}],"author":"We Love Cycling Spain","twitter_card":"summary_large_image","twitter_title":"Nace la leyenda de la \u0160koda Gran Fondo Priorat","twitter_description":"Nace la leyenda de la Gran Fondo Priorat. La marcha de 2018 se disput\u00f3 entre la lluvia y el fr\u00edo que hicieron un terreno embarrado y m\u00e1s que dif\u00edcil.","twitter_misc":{"Written by":"Luis Ortega @ciclored","Est. reading time":"2 minutes"},"schema":{"@context":"https:\/\/schema.org","@graph":[{"@type":"WebPage","@id":"https:\/\/www.welovecycling.com\/es\/2018\/04\/10\/leyenda-de-la-gran-fondo-priorat\/","url":"https:\/\/www.welovecycling.com\/es\/2018\/04\/10\/leyenda-de-la-gran-fondo-priorat\/","name":"Nace la leyenda de la \u0160koda Gran Fondo Priorat - \u0160koda We Love Cycling - Spain","isPartOf":{"@id":"https:\/\/www.welovecycling.com\/es\/#website"},"primaryImageOfPage":{"@id":"https:\/\/www.welovecycling.com\/es\/2018\/04\/10\/leyenda-de-la-gran-fondo-priorat\/#primaryimage"},"image":{"@id":"https:\/\/www.welovecycling.com\/es\/2018\/04\/10\/leyenda-de-la-gran-fondo-priorat\/#primaryimage"},"thumbnailUrl":"https:\/\/d2p6e6u75xmxt8.cloudfront.net\/6\/2018\/04\/GF-priorat-1.jpg","datePublished":"2018-04-10T07:41:31+00:00","author":{"@id":"https:\/\/www.welovecycling.com\/es\/#\/schema\/person\/deb61715b5812698ee79fb96f343ccd4"},"description":"Nace la leyenda de la Gran Fondo Priorat. La marcha de 2018 se disput\u00f3 entre la lluvia y el fr\u00edo que hicieron un terreno embarrado y m\u00e1s que dif\u00edcil.","breadcrumb":{"@id":"https:\/\/www.welovecycling.com\/es\/2018\/04\/10\/leyenda-de-la-gran-fondo-priorat\/#breadcrumb"},"inLanguage":"es-ES","potentialAction":[{"@type":"ReadAction","target":["https:\/\/www.welovecycling.com\/es\/2018\/04\/10\/leyenda-de-la-gran-fondo-priorat\/"]}]},{"@type":"ImageObject","inLanguage":"es-ES","@id":"https:\/\/www.welovecycling.com\/es\/2018\/04\/10\/leyenda-de-la-gran-fondo-priorat\/#primaryimage","url":"https:\/\/d2p6e6u75xmxt8.cloudfront.net\/6\/2018\/04\/GF-priorat-1.jpg","contentUrl":"https:\/\/d2p6e6u75xmxt8.cloudfront.net\/6\/2018\/04\/GF-priorat-1.jpg","width":1280,"height":854},{"@type":"BreadcrumbList","@id":"https:\/\/www.welovecycling.com\/es\/2018\/04\/10\/leyenda-de-la-gran-fondo-priorat\/#breadcrumb","itemListElement":[{"@type":"ListItem","position":1,"name":"Home","item":"https:\/\/www.welovecycling.com\/es\/"},{"@type":"ListItem","position":2,"name":"Nace la leyenda de la \u0160koda Gran Fondo Priorat"}]},{"@type":"WebSite","@id":"https:\/\/www.welovecycling.com\/es\/#website","url":"https:\/\/www.welovecycling.com\/es\/","name":"\u0160koda We Love Cycling - Spain","description":"\u0160koda WeLoveCycling Spain","potentialAction":[{"@type":"SearchAction","target":{"@type":"EntryPoint","urlTemplate":"https:\/\/www.welovecycling.com\/es\/?s={search_term_string}"},"query-input":{"@type":"PropertyValueSpecification","valueRequired":true,"valueName":"search_term_string"}}],"inLanguage":"es-ES"},{"@type":"Person","@id":"https:\/\/www.welovecycling.com\/es\/#\/schema\/person\/deb61715b5812698ee79fb96f343ccd4","name":"We Love Cycling Spain","image":{"@type":"ImageObject","inLanguage":"es-ES","@id":"https:\/\/www.welovecycling.com\/es\/#\/schema\/person\/image\/","url":"https:\/\/secure.gravatar.com\/avatar\/c824b04e6df0e37a03219d0b6481672889df542894588964102459e46513159c?s=96&d=mm&r=g","contentUrl":"https:\/\/secure.gravatar.com\/avatar\/c824b04e6df0e37a03219d0b6481672889df542894588964102459e46513159c?s=96&d=mm&r=g","caption":"We Love Cycling Spain"},"url":"https:\/\/www.welovecycling.com\/es\/author\/amunoz\/"}]}},"_links":{"self":[{"href":"https:\/\/www.welovecycling.com\/es\/wp-json\/wp\/v2\/posts\/2536","targetHints":{"allow":["GET"]}}],"collection":[{"href":"https:\/\/www.welovecycling.com\/es\/wp-json\/wp\/v2\/posts"}],"about":[{"href":"https:\/\/www.welovecycling.com\/es\/wp-json\/wp\/v2\/types\/post"}],"author":[{"embeddable":true,"href":"https:\/\/www.welovecycling.com\/es\/wp-json\/wp\/v2\/users\/29"}],"replies":[{"embeddable":true,"href":"https:\/\/www.welovecycling.com\/es\/wp-json\/wp\/v2\/comments?post=2536"}],"version-history":[{"count":1,"href":"https:\/\/www.welovecycling.com\/es\/wp-json\/wp\/v2\/posts\/2536\/revisions"}],"predecessor-version":[{"id":2541,"href":"https:\/\/www.welovecycling.com\/es\/wp-json\/wp\/v2\/posts\/2536\/revisions\/2541"}],"wp:featuredmedia":[{"embeddable":true,"href":"https:\/\/www.welovecycling.com\/es\/wp-json\/wp\/v2\/media\/2537"}],"wp:attachment":[{"href":"https:\/\/www.welovecycling.com\/es\/wp-json\/wp\/v2\/media?parent=2536"}],"wp:term":[{"taxonomy":"category","embeddable":true,"href":"https:\/\/www.welovecycling.com\/es\/wp-json\/wp\/v2\/categories?post=2536"},{"taxonomy":"post_tag","embeddable":true,"href":"https:\/\/www.welovecycling.com\/es\/wp-json\/wp\/v2\/tags?post=2536"},{"taxonomy":"global-categories","embeddable":true,"href":"https:\/\/www.welovecycling.com\/es\/wp-json\/wp\/v2\/global-categories?post=2536"}],"curies":[{"name":"wp","href":"https:\/\/api.w.org\/{rel}","templated":true}]}}