{"id":2520,"date":"2018-04-05T09:51:49","date_gmt":"2018-04-05T07:51:49","guid":{"rendered":"https:\/\/www.welovecycling.com\/es\/?p=2520"},"modified":"2018-04-05T09:51:49","modified_gmt":"2018-04-05T07:51:49","slug":"carrera-de-mtb-por-etapas","status":"publish","type":"post","link":"https:\/\/www.welovecycling.com\/es\/2018\/04\/05\/carrera-de-mtb-por-etapas\/","title":{"rendered":"Consejos para afrontar en carrera de MTB por etapas"},"content":{"rendered":"<p><strong>Despu\u00e9s de su cuarto Giro de Italia con el\u00a0 Omega Pharma-Quick Step, el ciclista checo Frantisek Rabon cambi\u00f3 su bicicleta de carretera por\u00a0 la de monta\u00f1a. Con la fuerza y la experiencia de un ciclista profesional, acab\u00f3 segundo en la Cape Epic 2014 en Sud\u00e1frica junto a su compa\u00f1ero de equipo Christoph Sauser. El a\u00f1o pasado, Frantisek se convirti\u00f3 en embajador de la nueva carrera de etapa llamada Masiv, que se celebr\u00f3 en su pa\u00eds natal, la Rep\u00fablica Checa, y que gan\u00f3 una gran popularidad porque los participantes se desplazaban de etapa en etapa a trav\u00e9s de un tren que tambi\u00e9n funcionaba como un hotel m\u00f3vil para dormir. Estos 6 consejos de Frantisek pueden ayudarle a sobrevivir a una carrera de BTT por etapas.<\/strong><\/p>\n<p><!--more--><\/p>\n<h2><strong>1. Elige al compa\u00f1ero adecuado<\/strong><\/h2>\n<p>La mayor\u00eda de las veces por razones de seguridad, las carreras por etapas est\u00e1n dise\u00f1adas para equipos de dos ciclistas que pueden apoyarse mutuamente en caso de que ocurra algo durante la etapa. Sin embargo, eventos tan complicados como Cape Epic suelen ser un desaf\u00edo incluso para las amistades m\u00e1s grandes. No se trata s\u00f3lo de lo buenos amigos que sois y de lo que har\u00edais el uno por el otro, sino, lo que es m\u00e1s importante, de c\u00f3mo estais igualados en t\u00e9rminos de rendimiento. Si un corredor es mucho m\u00e1s fuerte que el otro, la carrera resultar\u00e1 en un inconveniente mutuo. Mientras que el ciclista mejor entrenado tendr\u00e1 que estar esperando constantemente, el otro terminar\u00e1 exhausto y totalmente desmotivado. &#8220;Si est\u00e1s a punto de participar en una carrera por etapas de cuatro d\u00edas como las 4 islas de Croacia o Masiv en la Rep\u00fablica Checa, te sugiero que lleves a tu amigo de antemano a un campus de entrenamiento de 4 d\u00edas para ver si podeis ir al mismo ritmo. De esta manera sabr\u00e1s mejor su estado de forma que en un entrenamiento de un d\u00eda&#8221;, dice Frantisek.<\/p>\n<figure id=\"attachment_2521\" aria-describedby=\"caption-attachment-2521\" style=\"width: 1250px\" class=\"wp-caption alignnone\"><a href=\"https:\/\/d2p6e6u75xmxt8.cloudfront.net\/6\/2018\/04\/profimedia-0237977942.jpg\"><img loading=\"lazy\" decoding=\"async\" class=\"size-full wp-image-2521\" src=\"https:\/\/d2p6e6u75xmxt8.cloudfront.net\/6\/2018\/04\/profimedia-0237977942.jpg\" alt=\"\" width=\"1250\" height=\"817\" srcset=\"https:\/\/d2p6e6u75xmxt8.cloudfront.net\/6\/2018\/04\/profimedia-0237977942.jpg 1250w, https:\/\/d2p6e6u75xmxt8.cloudfront.net\/6\/2018\/04\/profimedia-0237977942-300x196.jpg 300w, https:\/\/d2p6e6u75xmxt8.cloudfront.net\/6\/2018\/04\/profimedia-0237977942-768x502.jpg 768w, https:\/\/d2p6e6u75xmxt8.cloudfront.net\/6\/2018\/04\/profimedia-0237977942-1024x669.jpg 1024w\" sizes=\"auto, (max-width: 1250px) 100vw, 1250px\" \/><\/a><figcaption id=\"caption-attachment-2521\" class=\"wp-caption-text\">Los ganadores del equipo Topeak-Ergon Racing, el alem\u00e1n Robert Hennen (L) y el checo Kristian Hynek (2-L) celebran despu\u00e9s de la s\u00e9ptima etapa de la carrera anual de ciclismo de monta\u00f1a ABSA Cape Epic, Ciudad del Cabo, Sud\u00e1frica, el 30 de marzo de 2014. Los favoritos de la carrera, Meerendal Songo Specialised Christoph Sauser de Suiza (3-L) y el checo Frantisek Rabon (R-2) quedaron segundos. La carrera por etapas de varios d\u00edas se conoce como el &#8220;Tour de Francia&#8221; del ciclismo de monta\u00f1a y ve a 1.200 corredores recorriendo 720 km en 7 d\u00edas. La carrera incluye a los mejores corredores profesionales del mundo junto con ciclistas aficionados.<\/figcaption><\/figure>\n<p>&nbsp;<\/p>\n<h2><strong>2. Regular cambios, cambiar cadenas&#8230;<\/strong><\/h2>\n<p>&#8220;Los corredores del Tour de Francia tienen todo el apoyo de un equipo de mec\u00e1nicos, pero no hay ayuda del exterior cuando te metes en problemas en una carrera de BTT. Tuve que aprender a reparar una cadena rota y un neum\u00e1tico pinchado lo m\u00e1s r\u00e1pido posible&#8221;, recuerda Frantisek. Su capacidad para corregir defectos o aver\u00edas en el recorrido puede que no le ayude a ganar la etapa, pero, al menos, puede que le ayude a no llegar fuera de control<\/p>\n<h2><strong>3. Levantarse temprano<\/strong><\/h2>\n<p>Las salidas tempranas son otra caracter\u00edstica notable de los rallys de BTT. &#8220;Mientras que la mayor\u00eda de las etapas del Tour de Francia despegan alrededor del mediod\u00eda, en algunos eventos de BTT, la salida est\u00e1 programada para las cinco de la ma\u00f1ana, lo que te saca de la cama a las cuatro de la ma\u00f1ana. T\u00e9ngalo en cuenta cuando haga un plan de entrenamiento y organice algunas rutas por la ma\u00f1ana temprano, como por ejemplo, antes de salir para el trabajo&#8221;, dice Frantisek.<\/p>\n<p><a href=\"https:\/\/d2p6e6u75xmxt8.cloudfront.net\/6\/2018\/04\/Nick-Muzik.-Cape-Epic.-Sportzpics-1.jpg\"><img loading=\"lazy\" decoding=\"async\" class=\"alignnone size-full wp-image-2522\" src=\"https:\/\/d2p6e6u75xmxt8.cloudfront.net\/6\/2018\/04\/Nick-Muzik.-Cape-Epic.-Sportzpics-1.jpg\" alt=\"\" width=\"1200\" height=\"800\" srcset=\"https:\/\/d2p6e6u75xmxt8.cloudfront.net\/6\/2018\/04\/Nick-Muzik.-Cape-Epic.-Sportzpics-1.jpg 1200w, https:\/\/d2p6e6u75xmxt8.cloudfront.net\/6\/2018\/04\/Nick-Muzik.-Cape-Epic.-Sportzpics-1-300x200.jpg 300w, https:\/\/d2p6e6u75xmxt8.cloudfront.net\/6\/2018\/04\/Nick-Muzik.-Cape-Epic.-Sportzpics-1-768x512.jpg 768w, https:\/\/d2p6e6u75xmxt8.cloudfront.net\/6\/2018\/04\/Nick-Muzik.-Cape-Epic.-Sportzpics-1-1024x683.jpg 1024w, https:\/\/d2p6e6u75xmxt8.cloudfront.net\/6\/2018\/04\/Nick-Muzik.-Cape-Epic.-Sportzpics-1-272x182.jpg 272w\" sizes=\"auto, (max-width: 1200px) 100vw, 1200px\" \/><\/a><\/p>\n<h2><strong>4. Guarda fuerzas<\/strong><\/h2>\n<p>Dado que la carrera consta de varias etapas individuales, debe centrarse no s\u00f3lo en afrontar cada etapa, sino tratarla como una carrera continua. &#8220;Siempre debes mirar hacia adelante y pensar en lo que viene despu\u00e9s. Antes de la etapa dif\u00edcil, es mejor que disminuyas un poco la velocidad y ahorres energ\u00eda, sin embargo, antes de la f\u00e1cil, puedes esforzarte m\u00e1s para ganar segundos preciosos&#8221;, sugiere Frantisek y comenta que el cansancio causado por cada etapa no s\u00f3lo se suma al del d\u00eda anterior, sino que funciona como si se multiplicara.<\/p>\n<h2><strong>5. Entrenamientos duros para correr f\u00e1cil<\/strong><\/h2>\n<p>Frantisek qued\u00f3 alucinado despu\u00e9s de que se le dijera que deber\u00eda haber participado en Cape Epic formando un equipo de dos miembros con el suizo Christoph Sauser, que gan\u00f3 la medalla de bronce en los Juegos Ol\u00edmpicos de Sydney 2000. &#8220;Al final la decisi\u00f3n tuvo sentido para m\u00ed, ya que en el Tour hay que trabajar duro durante tres semanas, mientras que el Cape Epic dura s\u00f3lo siete d\u00edas. Sin embargo, no subestimamos el entrenamiento, ya que hab\u00edamos empacado todo lo que necesit\u00e1bamos y nos mudamos a Sud\u00e1frica durante un par de semanas para acostumbrarnos a las condiciones locales. La inversi\u00f3n de tiempo vali\u00f3 la pena. Si Christoph no hubiera tenido problemas t\u00e9cnicos durante la carrera, podr\u00edamos haber luchado por la victoria general&#8221;.<\/p>\n<p><a href=\"https:\/\/d2p6e6u75xmxt8.cloudfront.net\/6\/2018\/04\/250.20160704043359.img_.jpg\"><img loading=\"lazy\" decoding=\"async\" class=\"alignnone size-full wp-image-2523\" src=\"https:\/\/d2p6e6u75xmxt8.cloudfront.net\/6\/2018\/04\/250.20160704043359.img_.jpg\" alt=\"\" width=\"1200\" height=\"800\" srcset=\"https:\/\/d2p6e6u75xmxt8.cloudfront.net\/6\/2018\/04\/250.20160704043359.img_.jpg 1200w, https:\/\/d2p6e6u75xmxt8.cloudfront.net\/6\/2018\/04\/250.20160704043359.img_-300x200.jpg 300w, https:\/\/d2p6e6u75xmxt8.cloudfront.net\/6\/2018\/04\/250.20160704043359.img_-768x512.jpg 768w, https:\/\/d2p6e6u75xmxt8.cloudfront.net\/6\/2018\/04\/250.20160704043359.img_-1024x683.jpg 1024w, https:\/\/d2p6e6u75xmxt8.cloudfront.net\/6\/2018\/04\/250.20160704043359.img_-272x182.jpg 272w\" sizes=\"auto, (max-width: 1200px) 100vw, 1200px\" \/><\/a><\/p>\n<h2><strong>6. Diviertete<\/strong><\/h2>\n<p>Cuando eres un profesional no es f\u00e1cil relajarse y olvidar todas las obligaciones, pero para el participante aficionado el objetivo principal debe ser la diversi\u00f3n. Como Frantisek ya est\u00e1 retirado de las carreras profesionales, ahora puede disfrutar de todos los aspectos de las competiciones. &#8220;Competir en equipos de dos es una gran idea, ayuda a compartir la alegr\u00eda del viaje y hace que la carrera sea una experiencia inolvidable&#8221;.<\/p>\n","protected":false},"excerpt":{"rendered":"<p>Despu\u00e9s de su cuarto Giro de Italia con el\u00a0 Omega Pharma-Quick Step, el ciclista checo Frantisek Rabon cambi\u00f3 su bicicleta [&hellip;]<\/p>\n","protected":false},"author":29,"featured_media":2525,"comment_status":"open","ping_status":"open","sticky":false,"template":"","format":"standard","meta":{"footnotes":""},"categories":[9],"tags":[385,386,384],"global-categories":[],"class_list":["post-2520","post","type-post","status-publish","format-standard","has-post-thumbnail","hentry","category-mtb-aventura","tag-carrera-btt-por-etapas","tag-consejos-carreras-mtb-por-etapas","tag-mtb-por-etapas"],"yoast_head":"<!-- This site is optimized with the Yoast SEO Premium plugin v25.3 (Yoast SEO v25.9) - https:\/\/yoast.com\/wordpress\/plugins\/seo\/ -->\n<title>Consejos para afrontar en carrera de MTB por etapas - \u0160koda We Love Cycling - Spain<\/title>\n<meta name=\"description\" content=\"Consejos para afrontar una carrera de mtb por etapas. Frantisek Rabon, segundo en la Cape Epic y ex profesional del Quick Step nos cuenta los secretos.\" \/>\n<meta name=\"robots\" content=\"index, follow, max-snippet:-1, max-image-preview:large, max-video-preview:-1\" \/>\n<link rel=\"canonical\" href=\"https:\/\/www.welovecycling.com\/es\/2018\/04\/05\/carrera-de-mtb-por-etapas\/\" \/>\n<meta property=\"og:locale\" content=\"es_ES\" \/>\n<meta property=\"og:type\" content=\"article\" \/>\n<meta property=\"og:title\" content=\"Consejos para afrontar en carrera de MTB por etapas\" \/>\n<meta property=\"og:description\" content=\"Consejos para afrontar una carrera de mtb por etapas. Frantisek Rabon, segundo en la Cape Epic y ex profesional del Quick Step nos cuenta los secretos.\" \/>\n<meta property=\"og:url\" content=\"https:\/\/www.welovecycling.com\/es\/2018\/04\/05\/carrera-de-mtb-por-etapas\/\" \/>\n<meta property=\"og:site_name\" content=\"\u0160koda We Love Cycling - Spain\" \/>\n<meta property=\"article:published_time\" content=\"2018-04-05T07:51:49+00:00\" \/>\n<meta property=\"og:image\" content=\"https:\/\/d2p6e6u75xmxt8.cloudfront.net\/6\/2018\/04\/4845874875_64564587457.jpg\" \/>\n\t<meta property=\"og:image:width\" content=\"1366\" \/>\n\t<meta property=\"og:image:height\" content=\"600\" \/>\n\t<meta property=\"og:image:type\" content=\"image\/jpeg\" \/>\n<meta name=\"author\" content=\"We Love Cycling Spain\" \/>\n<meta name=\"twitter:card\" content=\"summary_large_image\" \/>\n<meta name=\"twitter:title\" content=\"Consejos para afrontar en carrera de MTB por etapas\" \/>\n<meta name=\"twitter:description\" content=\"Consejos para afrontar una carrera de mtb por etapas. Frantisek Rabon, segundo en la Cape Epic y ex profesional del Quick Step nos cuenta los secretos.\" \/>\n<meta name=\"twitter:label1\" content=\"Written by\" \/>\n\t<meta name=\"twitter:data1\" content=\"Adam Marsal\" \/>\n\t<meta name=\"twitter:label2\" content=\"Est. reading time\" \/>\n\t<meta name=\"twitter:data2\" content=\"5 minutes\" \/>\n<script type=\"application\/ld+json\" class=\"yoast-schema-graph\">{\"@context\":\"https:\/\/schema.org\",\"@graph\":[{\"@type\":\"WebPage\",\"@id\":\"https:\/\/www.welovecycling.com\/es\/2018\/04\/05\/carrera-de-mtb-por-etapas\/\",\"url\":\"https:\/\/www.welovecycling.com\/es\/2018\/04\/05\/carrera-de-mtb-por-etapas\/\",\"name\":\"Consejos para afrontar en carrera de MTB por etapas - \u0160koda We Love Cycling - Spain\",\"isPartOf\":{\"@id\":\"https:\/\/www.welovecycling.com\/es\/#website\"},\"primaryImageOfPage\":{\"@id\":\"https:\/\/www.welovecycling.com\/es\/2018\/04\/05\/carrera-de-mtb-por-etapas\/#primaryimage\"},\"image\":{\"@id\":\"https:\/\/www.welovecycling.com\/es\/2018\/04\/05\/carrera-de-mtb-por-etapas\/#primaryimage\"},\"thumbnailUrl\":\"https:\/\/d2p6e6u75xmxt8.cloudfront.net\/6\/2018\/04\/4845874875_64564587457.jpg\",\"datePublished\":\"2018-04-05T07:51:49+00:00\",\"author\":{\"@id\":\"https:\/\/www.welovecycling.com\/es\/#\/schema\/person\/deb61715b5812698ee79fb96f343ccd4\"},\"description\":\"Consejos para afrontar una carrera de mtb por etapas. Frantisek Rabon, segundo en la Cape Epic y ex profesional del Quick Step nos cuenta los secretos.\",\"breadcrumb\":{\"@id\":\"https:\/\/www.welovecycling.com\/es\/2018\/04\/05\/carrera-de-mtb-por-etapas\/#breadcrumb\"},\"inLanguage\":\"es-ES\",\"potentialAction\":[{\"@type\":\"ReadAction\",\"target\":[\"https:\/\/www.welovecycling.com\/es\/2018\/04\/05\/carrera-de-mtb-por-etapas\/\"]}]},{\"@type\":\"ImageObject\",\"inLanguage\":\"es-ES\",\"@id\":\"https:\/\/www.welovecycling.com\/es\/2018\/04\/05\/carrera-de-mtb-por-etapas\/#primaryimage\",\"url\":\"https:\/\/d2p6e6u75xmxt8.cloudfront.net\/6\/2018\/04\/4845874875_64564587457.jpg\",\"contentUrl\":\"https:\/\/d2p6e6u75xmxt8.cloudfront.net\/6\/2018\/04\/4845874875_64564587457.jpg\",\"width\":1366,\"height\":600},{\"@type\":\"BreadcrumbList\",\"@id\":\"https:\/\/www.welovecycling.com\/es\/2018\/04\/05\/carrera-de-mtb-por-etapas\/#breadcrumb\",\"itemListElement\":[{\"@type\":\"ListItem\",\"position\":1,\"name\":\"Home\",\"item\":\"https:\/\/www.welovecycling.com\/es\/\"},{\"@type\":\"ListItem\",\"position\":2,\"name\":\"Consejos para afrontar en carrera de MTB por etapas\"}]},{\"@type\":\"WebSite\",\"@id\":\"https:\/\/www.welovecycling.com\/es\/#website\",\"url\":\"https:\/\/www.welovecycling.com\/es\/\",\"name\":\"\u0160koda We Love Cycling - Spain\",\"description\":\"\u0160koda WeLoveCycling Spain\",\"potentialAction\":[{\"@type\":\"SearchAction\",\"target\":{\"@type\":\"EntryPoint\",\"urlTemplate\":\"https:\/\/www.welovecycling.com\/es\/?s={search_term_string}\"},\"query-input\":{\"@type\":\"PropertyValueSpecification\",\"valueRequired\":true,\"valueName\":\"search_term_string\"}}],\"inLanguage\":\"es-ES\"},{\"@type\":\"Person\",\"@id\":\"https:\/\/www.welovecycling.com\/es\/#\/schema\/person\/deb61715b5812698ee79fb96f343ccd4\",\"name\":\"We Love Cycling Spain\",\"image\":{\"@type\":\"ImageObject\",\"inLanguage\":\"es-ES\",\"@id\":\"https:\/\/www.welovecycling.com\/es\/#\/schema\/person\/image\/\",\"url\":\"https:\/\/secure.gravatar.com\/avatar\/c824b04e6df0e37a03219d0b6481672889df542894588964102459e46513159c?s=96&d=mm&r=g\",\"contentUrl\":\"https:\/\/secure.gravatar.com\/avatar\/c824b04e6df0e37a03219d0b6481672889df542894588964102459e46513159c?s=96&d=mm&r=g\",\"caption\":\"We Love Cycling Spain\"},\"url\":\"https:\/\/www.welovecycling.com\/es\/author\/amunoz\/\"}]}<\/script>\n<!-- \/ Yoast SEO Premium plugin. -->","yoast_head_json":{"title":"Consejos para afrontar en carrera de MTB por etapas - \u0160koda We Love Cycling - Spain","description":"Consejos para afrontar una carrera de mtb por etapas. Frantisek Rabon, segundo en la Cape Epic y ex profesional del Quick Step nos cuenta los secretos.","robots":{"index":"index","follow":"follow","max-snippet":"max-snippet:-1","max-image-preview":"max-image-preview:large","max-video-preview":"max-video-preview:-1"},"canonical":"https:\/\/www.welovecycling.com\/es\/2018\/04\/05\/carrera-de-mtb-por-etapas\/","og_locale":"es_ES","og_type":"article","og_title":"Consejos para afrontar en carrera de MTB por etapas","og_description":"Consejos para afrontar una carrera de mtb por etapas. Frantisek Rabon, segundo en la Cape Epic y ex profesional del Quick Step nos cuenta los secretos.","og_url":"https:\/\/www.welovecycling.com\/es\/2018\/04\/05\/carrera-de-mtb-por-etapas\/","og_site_name":"\u0160koda We Love Cycling - Spain","article_published_time":"2018-04-05T07:51:49+00:00","og_image":[{"width":1366,"height":600,"url":"https:\/\/d2p6e6u75xmxt8.cloudfront.net\/6\/2018\/04\/4845874875_64564587457.jpg","type":"image\/jpeg"}],"author":"We Love Cycling Spain","twitter_card":"summary_large_image","twitter_title":"Consejos para afrontar en carrera de MTB por etapas","twitter_description":"Consejos para afrontar una carrera de mtb por etapas. Frantisek Rabon, segundo en la Cape Epic y ex profesional del Quick Step nos cuenta los secretos.","twitter_misc":{"Written by":"Adam Marsal","Est. reading time":"5 minutes"},"schema":{"@context":"https:\/\/schema.org","@graph":[{"@type":"WebPage","@id":"https:\/\/www.welovecycling.com\/es\/2018\/04\/05\/carrera-de-mtb-por-etapas\/","url":"https:\/\/www.welovecycling.com\/es\/2018\/04\/05\/carrera-de-mtb-por-etapas\/","name":"Consejos para afrontar en carrera de MTB por etapas - \u0160koda We Love Cycling - Spain","isPartOf":{"@id":"https:\/\/www.welovecycling.com\/es\/#website"},"primaryImageOfPage":{"@id":"https:\/\/www.welovecycling.com\/es\/2018\/04\/05\/carrera-de-mtb-por-etapas\/#primaryimage"},"image":{"@id":"https:\/\/www.welovecycling.com\/es\/2018\/04\/05\/carrera-de-mtb-por-etapas\/#primaryimage"},"thumbnailUrl":"https:\/\/d2p6e6u75xmxt8.cloudfront.net\/6\/2018\/04\/4845874875_64564587457.jpg","datePublished":"2018-04-05T07:51:49+00:00","author":{"@id":"https:\/\/www.welovecycling.com\/es\/#\/schema\/person\/deb61715b5812698ee79fb96f343ccd4"},"description":"Consejos para afrontar una carrera de mtb por etapas. Frantisek Rabon, segundo en la Cape Epic y ex profesional del Quick Step nos cuenta los secretos.","breadcrumb":{"@id":"https:\/\/www.welovecycling.com\/es\/2018\/04\/05\/carrera-de-mtb-por-etapas\/#breadcrumb"},"inLanguage":"es-ES","potentialAction":[{"@type":"ReadAction","target":["https:\/\/www.welovecycling.com\/es\/2018\/04\/05\/carrera-de-mtb-por-etapas\/"]}]},{"@type":"ImageObject","inLanguage":"es-ES","@id":"https:\/\/www.welovecycling.com\/es\/2018\/04\/05\/carrera-de-mtb-por-etapas\/#primaryimage","url":"https:\/\/d2p6e6u75xmxt8.cloudfront.net\/6\/2018\/04\/4845874875_64564587457.jpg","contentUrl":"https:\/\/d2p6e6u75xmxt8.cloudfront.net\/6\/2018\/04\/4845874875_64564587457.jpg","width":1366,"height":600},{"@type":"BreadcrumbList","@id":"https:\/\/www.welovecycling.com\/es\/2018\/04\/05\/carrera-de-mtb-por-etapas\/#breadcrumb","itemListElement":[{"@type":"ListItem","position":1,"name":"Home","item":"https:\/\/www.welovecycling.com\/es\/"},{"@type":"ListItem","position":2,"name":"Consejos para afrontar en carrera de MTB por etapas"}]},{"@type":"WebSite","@id":"https:\/\/www.welovecycling.com\/es\/#website","url":"https:\/\/www.welovecycling.com\/es\/","name":"\u0160koda We Love Cycling - Spain","description":"\u0160koda WeLoveCycling Spain","potentialAction":[{"@type":"SearchAction","target":{"@type":"EntryPoint","urlTemplate":"https:\/\/www.welovecycling.com\/es\/?s={search_term_string}"},"query-input":{"@type":"PropertyValueSpecification","valueRequired":true,"valueName":"search_term_string"}}],"inLanguage":"es-ES"},{"@type":"Person","@id":"https:\/\/www.welovecycling.com\/es\/#\/schema\/person\/deb61715b5812698ee79fb96f343ccd4","name":"We Love Cycling Spain","image":{"@type":"ImageObject","inLanguage":"es-ES","@id":"https:\/\/www.welovecycling.com\/es\/#\/schema\/person\/image\/","url":"https:\/\/secure.gravatar.com\/avatar\/c824b04e6df0e37a03219d0b6481672889df542894588964102459e46513159c?s=96&d=mm&r=g","contentUrl":"https:\/\/secure.gravatar.com\/avatar\/c824b04e6df0e37a03219d0b6481672889df542894588964102459e46513159c?s=96&d=mm&r=g","caption":"We Love Cycling Spain"},"url":"https:\/\/www.welovecycling.com\/es\/author\/amunoz\/"}]}},"_links":{"self":[{"href":"https:\/\/www.welovecycling.com\/es\/wp-json\/wp\/v2\/posts\/2520","targetHints":{"allow":["GET"]}}],"collection":[{"href":"https:\/\/www.welovecycling.com\/es\/wp-json\/wp\/v2\/posts"}],"about":[{"href":"https:\/\/www.welovecycling.com\/es\/wp-json\/wp\/v2\/types\/post"}],"author":[{"embeddable":true,"href":"https:\/\/www.welovecycling.com\/es\/wp-json\/wp\/v2\/users\/29"}],"replies":[{"embeddable":true,"href":"https:\/\/www.welovecycling.com\/es\/wp-json\/wp\/v2\/comments?post=2520"}],"version-history":[{"count":2,"href":"https:\/\/www.welovecycling.com\/es\/wp-json\/wp\/v2\/posts\/2520\/revisions"}],"predecessor-version":[{"id":2526,"href":"https:\/\/www.welovecycling.com\/es\/wp-json\/wp\/v2\/posts\/2520\/revisions\/2526"}],"wp:featuredmedia":[{"embeddable":true,"href":"https:\/\/www.welovecycling.com\/es\/wp-json\/wp\/v2\/media\/2525"}],"wp:attachment":[{"href":"https:\/\/www.welovecycling.com\/es\/wp-json\/wp\/v2\/media?parent=2520"}],"wp:term":[{"taxonomy":"category","embeddable":true,"href":"https:\/\/www.welovecycling.com\/es\/wp-json\/wp\/v2\/categories?post=2520"},{"taxonomy":"post_tag","embeddable":true,"href":"https:\/\/www.welovecycling.com\/es\/wp-json\/wp\/v2\/tags?post=2520"},{"taxonomy":"global-categories","embeddable":true,"href":"https:\/\/www.welovecycling.com\/es\/wp-json\/wp\/v2\/global-categories?post=2520"}],"curies":[{"name":"wp","href":"https:\/\/api.w.org\/{rel}","templated":true}]}}