{"id":2495,"date":"2018-03-30T09:33:20","date_gmt":"2018-03-30T07:33:20","guid":{"rendered":"https:\/\/www.welovecycling.com\/es\/?p=2495"},"modified":"2018-03-30T09:33:20","modified_gmt":"2018-03-30T07:33:20","slug":"bicicleta-de-madera","status":"publish","type":"post","link":"https:\/\/www.welovecycling.com\/es\/2018\/03\/30\/bicicleta-de-madera\/","title":{"rendered":"La bicicleta \u0160koda de madera"},"content":{"rendered":"<p><strong>Como saben, \u0160koda\u00a0tiene una afinidad con la comunidad ciclista que se manifiesta no s\u00f3lo en su apoyo a eventos como el Tour de Francia sino tambi\u00e9n en la construcci\u00f3n de sus propias bicicletas. No hace mucho, los chicos de la industria automovil\u00edstica checa se pusieron en contacto con Ondrej Carnansky con la intenci\u00f3n de lanzar algo revolucionario: una bicicleta de monta\u00f1a totalmente de madera. Esta es la historia de c\u00f3mo se hizo.<\/strong><!--more--><\/p>\n<p>Ondrej hab\u00eda trabajado en una tienda de bicicletas en Mallorca durante un par de a\u00f1os antes de que decidiera crear su propia bicicleta que ser\u00eda completamente diferente de cualquier otra que hubiera montado antes. Varias ideas le vinieron a la mente, incluyendo una construcci\u00f3n con un cuadro de fibra de carbono, pero algo as\u00ed estar\u00eda lejos de ser especial. Como amante de la naturaleza, Ondrej comenz\u00f3 a desarrollar un marco hecho exclusivamente de madera.<\/p>\n<p>&nbsp;<\/p>\n<p><a href=\"https:\/\/d2p6e6u75xmxt8.cloudfront.net\/6\/2018\/03\/AG9C0536.jpg\"><img loading=\"lazy\" decoding=\"async\" class=\"alignnone size-full wp-image-2496\" src=\"https:\/\/d2p6e6u75xmxt8.cloudfront.net\/6\/2018\/03\/AG9C0536.jpg\" alt=\"\" width=\"1080\" height=\"720\" srcset=\"https:\/\/d2p6e6u75xmxt8.cloudfront.net\/6\/2018\/03\/AG9C0536.jpg 1080w, https:\/\/d2p6e6u75xmxt8.cloudfront.net\/6\/2018\/03\/AG9C0536-300x200.jpg 300w, https:\/\/d2p6e6u75xmxt8.cloudfront.net\/6\/2018\/03\/AG9C0536-768x512.jpg 768w, https:\/\/d2p6e6u75xmxt8.cloudfront.net\/6\/2018\/03\/AG9C0536-1024x683.jpg 1024w, https:\/\/d2p6e6u75xmxt8.cloudfront.net\/6\/2018\/03\/AG9C0536-272x182.jpg 272w\" sizes=\"auto, (max-width: 1080px) 100vw, 1080px\" \/><\/a><\/p>\n<div id='gallery-1' class='gallery galleryid-2495 gallery-columns-2 gallery-size-large'><figure class='gallery-item'>\n\t\t\t<div class='gallery-icon landscape'>\n\t\t\t\t<a href='https:\/\/d2p6e6u75xmxt8.cloudfront.net\/6\/2018\/03\/AG9C0640.jpg'><img loading=\"lazy\" decoding=\"async\" width=\"1024\" height=\"683\" src=\"https:\/\/d2p6e6u75xmxt8.cloudfront.net\/6\/2018\/03\/AG9C0640-1024x683.jpg\" class=\"attachment-large size-large\" alt=\"\" srcset=\"https:\/\/d2p6e6u75xmxt8.cloudfront.net\/6\/2018\/03\/AG9C0640-1024x683.jpg 1024w, https:\/\/d2p6e6u75xmxt8.cloudfront.net\/6\/2018\/03\/AG9C0640-300x200.jpg 300w, https:\/\/d2p6e6u75xmxt8.cloudfront.net\/6\/2018\/03\/AG9C0640-768x512.jpg 768w, https:\/\/d2p6e6u75xmxt8.cloudfront.net\/6\/2018\/03\/AG9C0640-272x182.jpg 272w, https:\/\/d2p6e6u75xmxt8.cloudfront.net\/6\/2018\/03\/AG9C0640.jpg 1080w\" sizes=\"auto, (max-width: 1024px) 100vw, 1024px\" \/><\/a>\n\t\t\t<\/div><\/figure><figure class='gallery-item'>\n\t\t\t<div class='gallery-icon landscape'>\n\t\t\t\t<a href='https:\/\/d2p6e6u75xmxt8.cloudfront.net\/6\/2018\/03\/AG9C0651.jpg'><img loading=\"lazy\" decoding=\"async\" width=\"1024\" height=\"683\" src=\"https:\/\/d2p6e6u75xmxt8.cloudfront.net\/6\/2018\/03\/AG9C0651-1024x683.jpg\" class=\"attachment-large size-large\" alt=\"\" srcset=\"https:\/\/d2p6e6u75xmxt8.cloudfront.net\/6\/2018\/03\/AG9C0651-1024x683.jpg 1024w, https:\/\/d2p6e6u75xmxt8.cloudfront.net\/6\/2018\/03\/AG9C0651-300x200.jpg 300w, https:\/\/d2p6e6u75xmxt8.cloudfront.net\/6\/2018\/03\/AG9C0651-768x512.jpg 768w, https:\/\/d2p6e6u75xmxt8.cloudfront.net\/6\/2018\/03\/AG9C0651-272x182.jpg 272w, https:\/\/d2p6e6u75xmxt8.cloudfront.net\/6\/2018\/03\/AG9C0651.jpg 1080w\" sizes=\"auto, (max-width: 1024px) 100vw, 1024px\" \/><\/a>\n\t\t\t<\/div><\/figure>\n\t\t<\/div>\n\n<p>&#8220;Quer\u00eda una bicicleta que fuera a la vez divertida y hermosa, aunque la idea original era hacer una bicicleta que tambi\u00e9n funcionara como un anuncio\u00a0 para la tienda&#8221;. Poco menos de un a\u00f1o m\u00e1s tarde, Ondrej present\u00f3 el resultado de sus esfuerzos &#8211; una bicicleta de monta\u00f1a de dise\u00f1o distintivo llamada &#8220;Drevak&#8221;, que se traducir\u00eda como &#8220;Woody&#8221;.<\/p>\n<p>La parte graciosa de la historia es que Ondrej no tiene un t\u00edtulo universitario en ingenier\u00eda ni en tecnolog\u00eda, pero es un graduado de la Facultad de Econom\u00eda. As\u00ed que tuvo que pasar unos dos meses jugando con la geometr\u00eda apropiada y recopilando toda la informaci\u00f3n disponible sobre cuadros similares.<\/p>\n<p>&nbsp;<\/p>\n<div id='gallery-2' class='gallery galleryid-2495 gallery-columns-3 gallery-size-large'><figure class='gallery-item'>\n\t\t\t<div class='gallery-icon landscape'>\n\t\t\t\t<a href='https:\/\/d2p6e6u75xmxt8.cloudfront.net\/6\/2018\/03\/AG9C0498.jpg'><img loading=\"lazy\" decoding=\"async\" width=\"1024\" height=\"683\" src=\"https:\/\/d2p6e6u75xmxt8.cloudfront.net\/6\/2018\/03\/AG9C0498-1024x683.jpg\" class=\"attachment-large size-large\" alt=\"\" srcset=\"https:\/\/d2p6e6u75xmxt8.cloudfront.net\/6\/2018\/03\/AG9C0498-1024x683.jpg 1024w, https:\/\/d2p6e6u75xmxt8.cloudfront.net\/6\/2018\/03\/AG9C0498-300x200.jpg 300w, https:\/\/d2p6e6u75xmxt8.cloudfront.net\/6\/2018\/03\/AG9C0498-768x512.jpg 768w, https:\/\/d2p6e6u75xmxt8.cloudfront.net\/6\/2018\/03\/AG9C0498-272x182.jpg 272w, https:\/\/d2p6e6u75xmxt8.cloudfront.net\/6\/2018\/03\/AG9C0498.jpg 1080w\" sizes=\"auto, (max-width: 1024px) 100vw, 1024px\" \/><\/a>\n\t\t\t<\/div><\/figure><figure class='gallery-item'>\n\t\t\t<div class='gallery-icon landscape'>\n\t\t\t\t<a href='https:\/\/d2p6e6u75xmxt8.cloudfront.net\/6\/2018\/03\/AG9C0800.jpg'><img loading=\"lazy\" decoding=\"async\" width=\"1024\" height=\"683\" src=\"https:\/\/d2p6e6u75xmxt8.cloudfront.net\/6\/2018\/03\/AG9C0800-1024x683.jpg\" class=\"attachment-large size-large\" alt=\"\" srcset=\"https:\/\/d2p6e6u75xmxt8.cloudfront.net\/6\/2018\/03\/AG9C0800-1024x683.jpg 1024w, https:\/\/d2p6e6u75xmxt8.cloudfront.net\/6\/2018\/03\/AG9C0800-300x200.jpg 300w, https:\/\/d2p6e6u75xmxt8.cloudfront.net\/6\/2018\/03\/AG9C0800-768x512.jpg 768w, https:\/\/d2p6e6u75xmxt8.cloudfront.net\/6\/2018\/03\/AG9C0800-272x182.jpg 272w, https:\/\/d2p6e6u75xmxt8.cloudfront.net\/6\/2018\/03\/AG9C0800.jpg 1080w\" sizes=\"auto, (max-width: 1024px) 100vw, 1024px\" \/><\/a>\n\t\t\t<\/div><\/figure><figure class='gallery-item'>\n\t\t\t<div class='gallery-icon landscape'>\n\t\t\t\t<a href='https:\/\/d2p6e6u75xmxt8.cloudfront.net\/6\/2018\/03\/AG9C0825.jpg'><img loading=\"lazy\" decoding=\"async\" width=\"1024\" height=\"683\" src=\"https:\/\/d2p6e6u75xmxt8.cloudfront.net\/6\/2018\/03\/AG9C0825-1024x683.jpg\" class=\"attachment-large size-large\" alt=\"\" srcset=\"https:\/\/d2p6e6u75xmxt8.cloudfront.net\/6\/2018\/03\/AG9C0825-1024x683.jpg 1024w, https:\/\/d2p6e6u75xmxt8.cloudfront.net\/6\/2018\/03\/AG9C0825-300x200.jpg 300w, https:\/\/d2p6e6u75xmxt8.cloudfront.net\/6\/2018\/03\/AG9C0825-768x512.jpg 768w, https:\/\/d2p6e6u75xmxt8.cloudfront.net\/6\/2018\/03\/AG9C0825-272x182.jpg 272w, https:\/\/d2p6e6u75xmxt8.cloudfront.net\/6\/2018\/03\/AG9C0825.jpg 1080w\" sizes=\"auto, (max-width: 1024px) 100vw, 1024px\" \/><\/a>\n\t\t\t<\/div><\/figure>\n\t\t<\/div>\n\n<p>Ondrej anim\u00f3 el proceso de construcci\u00f3n de bicicletas con la creaci\u00f3n de un mont\u00f3n de otras cosas, como una cuna para beb\u00e9 o monturas de gafas de sol. Eso le ayud\u00f3 a desarrollar su propia artesan\u00eda y a encontrar herramientas, t\u00e9cnicas, pinturas y materiales apropiados.<\/p>\n<p>Construir una bicicleta de monta\u00f1a fue una opci\u00f3n f\u00e1cil, ya que crear un cuadro de carretera ser\u00eda mucho m\u00e1s caro y Ondrej no ten\u00eda tanto dinero para gastar. Toda la construcci\u00f3n se realiz\u00f3 con la ayuda de una m\u00e1quina taladradora, una fresadora y una sierra japonesa llamada dozuki.<\/p>\n<p><a href=\"https:\/\/d2p6e6u75xmxt8.cloudfront.net\/6\/2018\/03\/AG9C0781.jpg\"><img loading=\"lazy\" decoding=\"async\" class=\"alignnone size-full wp-image-2497\" src=\"https:\/\/d2p6e6u75xmxt8.cloudfront.net\/6\/2018\/03\/AG9C0781.jpg\" alt=\"\" width=\"1080\" height=\"720\" srcset=\"https:\/\/d2p6e6u75xmxt8.cloudfront.net\/6\/2018\/03\/AG9C0781.jpg 1080w, https:\/\/d2p6e6u75xmxt8.cloudfront.net\/6\/2018\/03\/AG9C0781-300x200.jpg 300w, https:\/\/d2p6e6u75xmxt8.cloudfront.net\/6\/2018\/03\/AG9C0781-768x512.jpg 768w, https:\/\/d2p6e6u75xmxt8.cloudfront.net\/6\/2018\/03\/AG9C0781-1024x683.jpg 1024w, https:\/\/d2p6e6u75xmxt8.cloudfront.net\/6\/2018\/03\/AG9C0781-272x182.jpg 272w\" sizes=\"auto, (max-width: 1080px) 100vw, 1080px\" \/><\/a><\/p>\n<div id='gallery-3' class='gallery galleryid-2495 gallery-columns-2 gallery-size-large'><figure class='gallery-item'>\n\t\t\t<div class='gallery-icon landscape'>\n\t\t\t\t<a href='https:\/\/d2p6e6u75xmxt8.cloudfront.net\/6\/2018\/03\/AG9C0601.jpg'><img loading=\"lazy\" decoding=\"async\" width=\"1024\" height=\"683\" src=\"https:\/\/d2p6e6u75xmxt8.cloudfront.net\/6\/2018\/03\/AG9C0601-1024x683.jpg\" class=\"attachment-large size-large\" alt=\"\" srcset=\"https:\/\/d2p6e6u75xmxt8.cloudfront.net\/6\/2018\/03\/AG9C0601-1024x683.jpg 1024w, https:\/\/d2p6e6u75xmxt8.cloudfront.net\/6\/2018\/03\/AG9C0601-300x200.jpg 300w, https:\/\/d2p6e6u75xmxt8.cloudfront.net\/6\/2018\/03\/AG9C0601-768x512.jpg 768w, https:\/\/d2p6e6u75xmxt8.cloudfront.net\/6\/2018\/03\/AG9C0601-272x182.jpg 272w, https:\/\/d2p6e6u75xmxt8.cloudfront.net\/6\/2018\/03\/AG9C0601.jpg 1080w\" sizes=\"auto, (max-width: 1024px) 100vw, 1024px\" \/><\/a>\n\t\t\t<\/div><\/figure><figure class='gallery-item'>\n\t\t\t<div class='gallery-icon landscape'>\n\t\t\t\t<a href='https:\/\/d2p6e6u75xmxt8.cloudfront.net\/6\/2018\/03\/AG9C0542.jpg'><img loading=\"lazy\" decoding=\"async\" width=\"1024\" height=\"683\" src=\"https:\/\/d2p6e6u75xmxt8.cloudfront.net\/6\/2018\/03\/AG9C0542-1024x683.jpg\" class=\"attachment-large size-large\" alt=\"\" srcset=\"https:\/\/d2p6e6u75xmxt8.cloudfront.net\/6\/2018\/03\/AG9C0542-1024x683.jpg 1024w, https:\/\/d2p6e6u75xmxt8.cloudfront.net\/6\/2018\/03\/AG9C0542-300x200.jpg 300w, https:\/\/d2p6e6u75xmxt8.cloudfront.net\/6\/2018\/03\/AG9C0542-768x512.jpg 768w, https:\/\/d2p6e6u75xmxt8.cloudfront.net\/6\/2018\/03\/AG9C0542-272x182.jpg 272w, https:\/\/d2p6e6u75xmxt8.cloudfront.net\/6\/2018\/03\/AG9C0542.jpg 1080w\" sizes=\"auto, (max-width: 1024px) 100vw, 1024px\" \/><\/a>\n\t\t\t<\/div><\/figure>\n\t\t<\/div>\n\n<p>La elecci\u00f3n de la madera adecuada fue uno de los pasos m\u00e1s importantes del proceso. &#8220;Los tipos m\u00e1s duros, como el arce, el nogal, el roble o el fresno, tienen grandes cualidades. Y tambi\u00e9n algunas maderas m\u00e1s ex\u00f3ticas, como la bubinga, que fue mi elecci\u00f3n final por su hermoso color y patr\u00f3n&#8221;, recuerda Ondrej. Al final, todo el trabajo dur\u00f3 aproximadamente 400 horas, incluyendo la planificaci\u00f3n, el bosquejo, el dise\u00f1o y la construcci\u00f3n.<\/p>\n<p>Una vez que &#8220;Woody&#8221; fue presentada al p\u00fablico, la gente de \u0160koda se interes\u00f3 y despu\u00e9s de un par de reuniones, Ondrej acord\u00f3 construir una nueva pieza usando ruedas m\u00e1s grandes de 29 pulgadas. La bicicleta tiene un dise\u00f1o y un sentimiento muy similar al de su predecesora&#8230;<\/p>\n<p><a href=\"https:\/\/d2p6e6u75xmxt8.cloudfront.net\/6\/2018\/03\/AG9C0882.jpg\"><img loading=\"lazy\" decoding=\"async\" class=\"alignnone size-full wp-image-2498\" src=\"https:\/\/d2p6e6u75xmxt8.cloudfront.net\/6\/2018\/03\/AG9C0882.jpg\" alt=\"\" width=\"1080\" height=\"720\" srcset=\"https:\/\/d2p6e6u75xmxt8.cloudfront.net\/6\/2018\/03\/AG9C0882.jpg 1080w, https:\/\/d2p6e6u75xmxt8.cloudfront.net\/6\/2018\/03\/AG9C0882-300x200.jpg 300w, https:\/\/d2p6e6u75xmxt8.cloudfront.net\/6\/2018\/03\/AG9C0882-768x512.jpg 768w, https:\/\/d2p6e6u75xmxt8.cloudfront.net\/6\/2018\/03\/AG9C0882-1024x683.jpg 1024w, https:\/\/d2p6e6u75xmxt8.cloudfront.net\/6\/2018\/03\/AG9C0882-272x182.jpg 272w\" sizes=\"auto, (max-width: 1080px) 100vw, 1080px\" \/><\/a><\/p>\n<p>Como recuerda nuestro embajador Richard &#8220;Gaspi&#8221; Gasperotti, ya hubo varios intentos de construir una bici as\u00ed con m\u00e1s o menos \u00e9xito. La madera, en general, no es muy popular entre los constructores de bicicletas porque es impredecible e inestable. A diferencia de los materiales sint\u00e9ticos como la fibra de carbono, con la madera, el dise\u00f1ador no puede estar completamente seguro de bajo qu\u00e9 condiciones creci\u00f3 o si se sec\u00f3 completamente. &#8220;Sin embargo, una bicicleta hecha de madera parece ser muy rara y exclusiva porque s\u00f3lo unas pocas empresas se atreven a usar este material&#8221;.<\/p>\n<p>\u00bfY c\u00f3mo es el en ruta, se preguntar\u00e1n? &#8220;Aunque hay peque\u00f1as diferencias, es sorprendentemente similar a lo que se puede experimentar en una bicicleta convencional&#8221;, dice Richard. Sin embargo, no recomienda acercarlo demasiado a una fogata.<\/p>\n","protected":false},"excerpt":{"rendered":"<p>Como saben, \u0160koda\u00a0tiene una afinidad con la comunidad ciclista que se manifiesta no s\u00f3lo en su apoyo a eventos como [&hellip;]<\/p>\n","protected":false},"author":29,"featured_media":2500,"comment_status":"open","ping_status":"open","sticky":false,"template":"","format":"standard","meta":{"footnotes":""},"categories":[8,9],"tags":[379,380],"global-categories":[],"class_list":["post-2495","post","type-post","status-publish","format-standard","has-post-thumbnail","hentry","category-life-style","category-mtb-aventura","tag-bicicleta-de-madera","tag-cuadro-bicicleta-de-madera"],"yoast_head":"<!-- This site is optimized with the Yoast SEO Premium plugin v25.3 (Yoast SEO v25.9) - https:\/\/yoast.com\/wordpress\/plugins\/seo\/ -->\n<title>La bicicleta \u0160koda de madera - \u0160koda We Love Cycling - Spain<\/title>\n<meta name=\"description\" content=\"As\u00ed se construy\u00f3 la bicicleta de madera de \u0160koda. Dise\u00f1ada por Ondrej Carnansky y fabricada completamente en madera de bubinga.\" \/>\n<meta name=\"robots\" content=\"index, follow, max-snippet:-1, max-image-preview:large, max-video-preview:-1\" \/>\n<link rel=\"canonical\" href=\"https:\/\/www.welovecycling.com\/es\/2018\/03\/30\/bicicleta-de-madera\/\" \/>\n<meta property=\"og:locale\" content=\"es_ES\" \/>\n<meta property=\"og:type\" content=\"article\" \/>\n<meta property=\"og:title\" content=\"La bicicleta \u0160koda de madera\" \/>\n<meta property=\"og:description\" content=\"As\u00ed se construy\u00f3 la bicicleta de madera de \u0160koda. Dise\u00f1ada por Ondrej Carnansky y fabricada completamente en madera de bubinga.\" \/>\n<meta property=\"og:url\" content=\"https:\/\/www.welovecycling.com\/es\/2018\/03\/30\/bicicleta-de-madera\/\" \/>\n<meta property=\"og:site_name\" content=\"\u0160koda We Love Cycling - Spain\" \/>\n<meta property=\"article:published_time\" content=\"2018-03-30T07:33:20+00:00\" \/>\n<meta property=\"og:image\" content=\"https:\/\/d2p6e6u75xmxt8.cloudfront.net\/6\/2018\/03\/woody1.jpg\" \/>\n\t<meta property=\"og:image:width\" content=\"1366\" \/>\n\t<meta property=\"og:image:height\" content=\"600\" \/>\n\t<meta property=\"og:image:type\" content=\"image\/jpeg\" \/>\n<meta name=\"author\" content=\"We Love Cycling Spain\" \/>\n<meta name=\"twitter:card\" content=\"summary_large_image\" \/>\n<meta name=\"twitter:title\" content=\"La bicicleta \u0160koda de madera\" \/>\n<meta name=\"twitter:description\" content=\"As\u00ed se construy\u00f3 la bicicleta de madera de \u0160koda. Dise\u00f1ada por Ondrej Carnansky y fabricada completamente en madera de bubinga.\" \/>\n<meta name=\"twitter:label1\" content=\"Written by\" \/>\n\t<meta name=\"twitter:data1\" content=\"Adam Marsal\/Richard Gasperotti\" \/>\n\t<meta name=\"twitter:label2\" content=\"Est. reading time\" \/>\n\t<meta name=\"twitter:data2\" content=\"3 minutes\" \/>\n<script type=\"application\/ld+json\" class=\"yoast-schema-graph\">{\"@context\":\"https:\/\/schema.org\",\"@graph\":[{\"@type\":\"WebPage\",\"@id\":\"https:\/\/www.welovecycling.com\/es\/2018\/03\/30\/bicicleta-de-madera\/\",\"url\":\"https:\/\/www.welovecycling.com\/es\/2018\/03\/30\/bicicleta-de-madera\/\",\"name\":\"La bicicleta \u0160koda de madera - \u0160koda We Love Cycling - Spain\",\"isPartOf\":{\"@id\":\"https:\/\/www.welovecycling.com\/es\/#website\"},\"primaryImageOfPage\":{\"@id\":\"https:\/\/www.welovecycling.com\/es\/2018\/03\/30\/bicicleta-de-madera\/#primaryimage\"},\"image\":{\"@id\":\"https:\/\/www.welovecycling.com\/es\/2018\/03\/30\/bicicleta-de-madera\/#primaryimage\"},\"thumbnailUrl\":\"https:\/\/d2p6e6u75xmxt8.cloudfront.net\/6\/2018\/03\/woody1.jpg\",\"datePublished\":\"2018-03-30T07:33:20+00:00\",\"author\":{\"@id\":\"https:\/\/www.welovecycling.com\/es\/#\/schema\/person\/deb61715b5812698ee79fb96f343ccd4\"},\"description\":\"As\u00ed se construy\u00f3 la bicicleta de madera de \u0160koda. Dise\u00f1ada por Ondrej Carnansky y fabricada completamente en madera de bubinga.\",\"breadcrumb\":{\"@id\":\"https:\/\/www.welovecycling.com\/es\/2018\/03\/30\/bicicleta-de-madera\/#breadcrumb\"},\"inLanguage\":\"es-ES\",\"potentialAction\":[{\"@type\":\"ReadAction\",\"target\":[\"https:\/\/www.welovecycling.com\/es\/2018\/03\/30\/bicicleta-de-madera\/\"]}]},{\"@type\":\"ImageObject\",\"inLanguage\":\"es-ES\",\"@id\":\"https:\/\/www.welovecycling.com\/es\/2018\/03\/30\/bicicleta-de-madera\/#primaryimage\",\"url\":\"https:\/\/d2p6e6u75xmxt8.cloudfront.net\/6\/2018\/03\/woody1.jpg\",\"contentUrl\":\"https:\/\/d2p6e6u75xmxt8.cloudfront.net\/6\/2018\/03\/woody1.jpg\",\"width\":1366,\"height\":600},{\"@type\":\"BreadcrumbList\",\"@id\":\"https:\/\/www.welovecycling.com\/es\/2018\/03\/30\/bicicleta-de-madera\/#breadcrumb\",\"itemListElement\":[{\"@type\":\"ListItem\",\"position\":1,\"name\":\"Home\",\"item\":\"https:\/\/www.welovecycling.com\/es\/\"},{\"@type\":\"ListItem\",\"position\":2,\"name\":\"La bicicleta \u0160koda de madera\"}]},{\"@type\":\"WebSite\",\"@id\":\"https:\/\/www.welovecycling.com\/es\/#website\",\"url\":\"https:\/\/www.welovecycling.com\/es\/\",\"name\":\"\u0160koda We Love Cycling - Spain\",\"description\":\"\u0160koda WeLoveCycling Spain\",\"potentialAction\":[{\"@type\":\"SearchAction\",\"target\":{\"@type\":\"EntryPoint\",\"urlTemplate\":\"https:\/\/www.welovecycling.com\/es\/?s={search_term_string}\"},\"query-input\":{\"@type\":\"PropertyValueSpecification\",\"valueRequired\":true,\"valueName\":\"search_term_string\"}}],\"inLanguage\":\"es-ES\"},{\"@type\":\"Person\",\"@id\":\"https:\/\/www.welovecycling.com\/es\/#\/schema\/person\/deb61715b5812698ee79fb96f343ccd4\",\"name\":\"We Love Cycling Spain\",\"image\":{\"@type\":\"ImageObject\",\"inLanguage\":\"es-ES\",\"@id\":\"https:\/\/www.welovecycling.com\/es\/#\/schema\/person\/image\/\",\"url\":\"https:\/\/secure.gravatar.com\/avatar\/c824b04e6df0e37a03219d0b6481672889df542894588964102459e46513159c?s=96&d=mm&r=g\",\"contentUrl\":\"https:\/\/secure.gravatar.com\/avatar\/c824b04e6df0e37a03219d0b6481672889df542894588964102459e46513159c?s=96&d=mm&r=g\",\"caption\":\"We Love Cycling Spain\"},\"url\":\"https:\/\/www.welovecycling.com\/es\/author\/amunoz\/\"}]}<\/script>\n<!-- \/ Yoast SEO Premium plugin. -->","yoast_head_json":{"title":"La bicicleta \u0160koda de madera - \u0160koda We Love Cycling - Spain","description":"As\u00ed se construy\u00f3 la bicicleta de madera de \u0160koda. Dise\u00f1ada por Ondrej Carnansky y fabricada completamente en madera de bubinga.","robots":{"index":"index","follow":"follow","max-snippet":"max-snippet:-1","max-image-preview":"max-image-preview:large","max-video-preview":"max-video-preview:-1"},"canonical":"https:\/\/www.welovecycling.com\/es\/2018\/03\/30\/bicicleta-de-madera\/","og_locale":"es_ES","og_type":"article","og_title":"La bicicleta \u0160koda de madera","og_description":"As\u00ed se construy\u00f3 la bicicleta de madera de \u0160koda. Dise\u00f1ada por Ondrej Carnansky y fabricada completamente en madera de bubinga.","og_url":"https:\/\/www.welovecycling.com\/es\/2018\/03\/30\/bicicleta-de-madera\/","og_site_name":"\u0160koda We Love Cycling - Spain","article_published_time":"2018-03-30T07:33:20+00:00","og_image":[{"width":1366,"height":600,"url":"https:\/\/d2p6e6u75xmxt8.cloudfront.net\/6\/2018\/03\/woody1.jpg","type":"image\/jpeg"}],"author":"We Love Cycling Spain","twitter_card":"summary_large_image","twitter_title":"La bicicleta \u0160koda de madera","twitter_description":"As\u00ed se construy\u00f3 la bicicleta de madera de \u0160koda. Dise\u00f1ada por Ondrej Carnansky y fabricada completamente en madera de bubinga.","twitter_misc":{"Written by":"Adam Marsal\/Richard Gasperotti","Est. reading time":"3 minutes"},"schema":{"@context":"https:\/\/schema.org","@graph":[{"@type":"WebPage","@id":"https:\/\/www.welovecycling.com\/es\/2018\/03\/30\/bicicleta-de-madera\/","url":"https:\/\/www.welovecycling.com\/es\/2018\/03\/30\/bicicleta-de-madera\/","name":"La bicicleta \u0160koda de madera - \u0160koda We Love Cycling - Spain","isPartOf":{"@id":"https:\/\/www.welovecycling.com\/es\/#website"},"primaryImageOfPage":{"@id":"https:\/\/www.welovecycling.com\/es\/2018\/03\/30\/bicicleta-de-madera\/#primaryimage"},"image":{"@id":"https:\/\/www.welovecycling.com\/es\/2018\/03\/30\/bicicleta-de-madera\/#primaryimage"},"thumbnailUrl":"https:\/\/d2p6e6u75xmxt8.cloudfront.net\/6\/2018\/03\/woody1.jpg","datePublished":"2018-03-30T07:33:20+00:00","author":{"@id":"https:\/\/www.welovecycling.com\/es\/#\/schema\/person\/deb61715b5812698ee79fb96f343ccd4"},"description":"As\u00ed se construy\u00f3 la bicicleta de madera de \u0160koda. Dise\u00f1ada por Ondrej Carnansky y fabricada completamente en madera de bubinga.","breadcrumb":{"@id":"https:\/\/www.welovecycling.com\/es\/2018\/03\/30\/bicicleta-de-madera\/#breadcrumb"},"inLanguage":"es-ES","potentialAction":[{"@type":"ReadAction","target":["https:\/\/www.welovecycling.com\/es\/2018\/03\/30\/bicicleta-de-madera\/"]}]},{"@type":"ImageObject","inLanguage":"es-ES","@id":"https:\/\/www.welovecycling.com\/es\/2018\/03\/30\/bicicleta-de-madera\/#primaryimage","url":"https:\/\/d2p6e6u75xmxt8.cloudfront.net\/6\/2018\/03\/woody1.jpg","contentUrl":"https:\/\/d2p6e6u75xmxt8.cloudfront.net\/6\/2018\/03\/woody1.jpg","width":1366,"height":600},{"@type":"BreadcrumbList","@id":"https:\/\/www.welovecycling.com\/es\/2018\/03\/30\/bicicleta-de-madera\/#breadcrumb","itemListElement":[{"@type":"ListItem","position":1,"name":"Home","item":"https:\/\/www.welovecycling.com\/es\/"},{"@type":"ListItem","position":2,"name":"La bicicleta \u0160koda de madera"}]},{"@type":"WebSite","@id":"https:\/\/www.welovecycling.com\/es\/#website","url":"https:\/\/www.welovecycling.com\/es\/","name":"\u0160koda We Love Cycling - Spain","description":"\u0160koda WeLoveCycling Spain","potentialAction":[{"@type":"SearchAction","target":{"@type":"EntryPoint","urlTemplate":"https:\/\/www.welovecycling.com\/es\/?s={search_term_string}"},"query-input":{"@type":"PropertyValueSpecification","valueRequired":true,"valueName":"search_term_string"}}],"inLanguage":"es-ES"},{"@type":"Person","@id":"https:\/\/www.welovecycling.com\/es\/#\/schema\/person\/deb61715b5812698ee79fb96f343ccd4","name":"We Love Cycling Spain","image":{"@type":"ImageObject","inLanguage":"es-ES","@id":"https:\/\/www.welovecycling.com\/es\/#\/schema\/person\/image\/","url":"https:\/\/secure.gravatar.com\/avatar\/c824b04e6df0e37a03219d0b6481672889df542894588964102459e46513159c?s=96&d=mm&r=g","contentUrl":"https:\/\/secure.gravatar.com\/avatar\/c824b04e6df0e37a03219d0b6481672889df542894588964102459e46513159c?s=96&d=mm&r=g","caption":"We Love Cycling Spain"},"url":"https:\/\/www.welovecycling.com\/es\/author\/amunoz\/"}]}},"_links":{"self":[{"href":"https:\/\/www.welovecycling.com\/es\/wp-json\/wp\/v2\/posts\/2495","targetHints":{"allow":["GET"]}}],"collection":[{"href":"https:\/\/www.welovecycling.com\/es\/wp-json\/wp\/v2\/posts"}],"about":[{"href":"https:\/\/www.welovecycling.com\/es\/wp-json\/wp\/v2\/types\/post"}],"author":[{"embeddable":true,"href":"https:\/\/www.welovecycling.com\/es\/wp-json\/wp\/v2\/users\/29"}],"replies":[{"embeddable":true,"href":"https:\/\/www.welovecycling.com\/es\/wp-json\/wp\/v2\/comments?post=2495"}],"version-history":[{"count":2,"href":"https:\/\/www.welovecycling.com\/es\/wp-json\/wp\/v2\/posts\/2495\/revisions"}],"predecessor-version":[{"id":2501,"href":"https:\/\/www.welovecycling.com\/es\/wp-json\/wp\/v2\/posts\/2495\/revisions\/2501"}],"wp:featuredmedia":[{"embeddable":true,"href":"https:\/\/www.welovecycling.com\/es\/wp-json\/wp\/v2\/media\/2500"}],"wp:attachment":[{"href":"https:\/\/www.welovecycling.com\/es\/wp-json\/wp\/v2\/media?parent=2495"}],"wp:term":[{"taxonomy":"category","embeddable":true,"href":"https:\/\/www.welovecycling.com\/es\/wp-json\/wp\/v2\/categories?post=2495"},{"taxonomy":"post_tag","embeddable":true,"href":"https:\/\/www.welovecycling.com\/es\/wp-json\/wp\/v2\/tags?post=2495"},{"taxonomy":"global-categories","embeddable":true,"href":"https:\/\/www.welovecycling.com\/es\/wp-json\/wp\/v2\/global-categories?post=2495"}],"curies":[{"name":"wp","href":"https:\/\/api.w.org\/{rel}","templated":true}]}}