{"id":2478,"date":"2018-04-03T01:45:37","date_gmt":"2018-04-02T23:45:37","guid":{"rendered":"https:\/\/www.welovecycling.com\/es\/?p=2478"},"modified":"2018-04-03T09:25:33","modified_gmt":"2018-04-03T07:25:33","slug":"entrenamiento-invisible","status":"publish","type":"post","link":"https:\/\/www.welovecycling.com\/es\/2018\/04\/03\/entrenamiento-invisible\/","title":{"rendered":"Entrenamiento invisible para ciclistas, por Ziortza Villa"},"content":{"rendered":"<p><strong>El ciclismo no es solamente dar pedales. Sobre la bicicleta se entrenan muchos aspectos de este deporte, pero existe un entrenamiento invisible que debemos hacer en casa y que ayuda, en la mayor\u00eda de los casos, a mejorar nuestra interacci\u00f3n con la bicicleta y a prevenir lesiones. Tambi\u00e9n, a m\u00e1s largo plazo, a mejorar el rendimiento, ya que cuanto m\u00e1s c\u00f3modos vayamos en la bicicleta mas tiempo podremos estar en ella.<\/strong><!--more--><\/p>\n<p>Durante el pasado Campus Ciclored Joseba Beloki la fisioterapeuta y ciclista <a href=\"https:\/\/www.instagram.com\/ziortzavilla\/\">Ziortza Villa<\/a> nos explic\u00f3 los fundamentos de ese trabajo de entrenamiento invisible o funcional que todo ciclista debe hacer en casa. El descanso, la alimentaci\u00f3n y el entrenamiento funcional son pilares importantes en la preparaci\u00f3n de un ciclista.Lo primero, conocer la musculatura y la biomec\u00e1nica que trabaja encima de la bicicleta. Y no solo en una posici\u00f3n, sino en las distintas que adoptamos mientras que estamos dando pedales.<\/p>\n<p>Con los <strong>m\u00fasculos asimilados pasamos a la segunda fase<\/strong>, que es saber c\u00f3mo recuperarlos despu\u00e9s de unas horas de ejercicio en la bicicleta.<\/p>\n<p><a href=\"https:\/\/d2p6e6u75xmxt8.cloudfront.net\/6\/2018\/03\/CAMPUS-CICLORED-BELOKI-18-4.JPG.jpg\"><img loading=\"lazy\" decoding=\"async\" class=\"aligncenter size-large wp-image-2479\" src=\"https:\/\/d2p6e6u75xmxt8.cloudfront.net\/6\/2018\/03\/CAMPUS-CICLORED-BELOKI-18-4.JPG-1024x647.jpg\" alt=\"\" width=\"1024\" height=\"647\" srcset=\"https:\/\/d2p6e6u75xmxt8.cloudfront.net\/6\/2018\/03\/CAMPUS-CICLORED-BELOKI-18-4.JPG.jpg 1024w, https:\/\/d2p6e6u75xmxt8.cloudfront.net\/6\/2018\/03\/CAMPUS-CICLORED-BELOKI-18-4.JPG-300x190.jpg 300w, https:\/\/d2p6e6u75xmxt8.cloudfront.net\/6\/2018\/03\/CAMPUS-CICLORED-BELOKI-18-4.JPG-768x485.jpg 768w\" sizes=\"auto, (max-width: 1024px) 100vw, 1024px\" \/><\/a><\/p>\n<p><strong>ESTIRAMIENTOS<\/strong><br \/>\nPara Ziortza es recomendable hacer una sesi\u00f3n de estiramientos b\u00e1sicos de la <strong>musculatura implicada en el mantenimiento\u00a0<\/strong><strong>de la postura<\/strong> y en el gesto deportivo tras cada entrenamiento en bicicleta. Es decir. No solo de los m\u00fasculos que &#8216;duelen&#8217; al acabar la bici, sino de todos los que trabajan, que son bastantes m\u00e1s.<\/p>\n<p>Lo ideal es 2 o 3 sesiones de estiramientos globales a la semana que compensen el trabajo muscular realizado en bicicleta.<\/p>\n<lite-youtube videoid=I7hKEiAiuQI params=\"enablejsapi=1\" style=\"background-image: url('https:\/\/i.ytimg.com\/vi_webp\/I7hKEiAiuQI\/maxresdefault.webp');\"><\/lite-youtube>\n<p>&nbsp;<\/p>\n<lite-youtube videoid=7LYttPJmWrY params=\"enablejsapi=1\" style=\"background-image: url('https:\/\/i.ytimg.com\/vi_webp\/7LYttPJmWrY\/maxresdefault.webp');\"><\/lite-youtube>\n<p><strong>EJERCICIOS RESPIRATORIOS<\/strong><\/p>\n<p>Parece algo il\u00f3gico porque despu\u00e9s de una vida respirando&#8230; y haci\u00e9ndolo notablemente, cuesta pensar que hay que aprender a llevar la respiraci\u00f3n adecuada encima de la bicicleta.\u00a0Normalmente los ciclista profesionales ya lo hacen correctamente.<\/p>\n<p>Aunque es un movimiento reflejo, la clave consiste en expandir el t\u00f3rax correctamente y hacer que los m\u00fasculos que intervienen en la respiraci\u00f3n vayan coordinados. Para conseguirlo hay que trabajarlo muscularmente<\/p>\n<p><a href=\"https:\/\/d2p6e6u75xmxt8.cloudfront.net\/6\/2018\/03\/DSC_1685.JPG.jpg\"><img loading=\"lazy\" decoding=\"async\" class=\"aligncenter size-large wp-image-2480\" src=\"https:\/\/d2p6e6u75xmxt8.cloudfront.net\/6\/2018\/03\/DSC_1685.JPG-1024x678.jpg\" alt=\"\" width=\"1024\" height=\"678\" srcset=\"https:\/\/d2p6e6u75xmxt8.cloudfront.net\/6\/2018\/03\/DSC_1685.JPG-1024x678.jpg 1024w, https:\/\/d2p6e6u75xmxt8.cloudfront.net\/6\/2018\/03\/DSC_1685.JPG-300x199.jpg 300w, https:\/\/d2p6e6u75xmxt8.cloudfront.net\/6\/2018\/03\/DSC_1685.JPG-768x509.jpg 768w, https:\/\/d2p6e6u75xmxt8.cloudfront.net\/6\/2018\/03\/DSC_1685.JPG-1920x1272.jpg 1920w, https:\/\/d2p6e6u75xmxt8.cloudfront.net\/6\/2018\/03\/DSC_1685.JPG-1920x1272.jpg 1920w\" sizes=\"auto, (max-width: 1024px) 100vw, 1024px\" \/><\/a><\/p>\n<p><strong>CORE &#8211; HIPOPRESIVOS<\/strong><br \/>\nEs fundamental lograr un equilibrio entre la musculatura lumbo p\u00e9lvica y abdominal. Aqu\u00ed entran ejercicios fundamentales de Core (gimnasia postural) e Hipopresivos (respiraci\u00f3n).<\/p>\n<p>Existen multitud de tablas de ejercicios de core para ciclistas. Estos suelen ser los m\u00e1s sencillos. De dos a tres sesiones por semana es lo m\u00e1s recomendable.<\/p>\n<lite-youtube videoid=m2R94PEzdYY params=\"enablejsapi=1\" style=\"background-image: url('https:\/\/i.ytimg.com\/vi_webp\/m2R94PEzdYY\/maxresdefault.webp');\"><\/lite-youtube>\n<p>Al igual que los ejercicios de hipopresivos, que b\u00e1sicamente consisten en trabajar la respiraci\u00f3n en apnea que favorece la apertura costal.\u00a0Esto genera una tensi\u00f3n en el paquete abdominal de forma completa, desde el recto abdominal hasta transveros y obl\u00edcuos y, muy especialmente en el\u00a0<strong>suelo p\u00e9lvico. El suelo pelvico es el que mantiene el paquete visceral y su fortaleza es clave para mejorar la postura y reducir la tensi\u00f3n en la espalda durante el pedaleo.\u00a0<\/strong><\/p>\n<p>Se recomienda un trabajo en progresion que puede empezar con dos sesiones por semana para el ciclista<\/p>\n<lite-youtube videoid=vTw9md_dELI params=\"enablejsapi=1\" style=\"background-image: url('https:\/\/i.ytimg.com\/vi_webp\/vTw9md_dELI\/maxresdefault.webp');\"><\/lite-youtube>\n","protected":false},"excerpt":{"rendered":"<p>El ciclismo no es solamente dar pedales. Sobre la bicicleta se entrenan muchos aspectos de este deporte, pero existe un [&hellip;]<\/p>\n","protected":false},"author":29,"featured_media":2481,"comment_status":"open","ping_status":"open","sticky":false,"template":"","format":"standard","meta":{"footnotes":""},"categories":[7,8,9,6],"tags":[377,375,376,378],"global-categories":[],"class_list":["post-2478","post","type-post","status-publish","format-standard","has-post-thumbnail","hentry","category-carretera","category-life-style","category-mtb-aventura","category-urban","tag-core-ciclistas","tag-entrenamiento-invisible","tag-entrenmiento-invisible-ciclismo","tag-hipopresivos-ciclistas"],"yoast_head":"<!-- This site is optimized with the Yoast SEO Premium plugin v25.3 (Yoast SEO v25.9) - https:\/\/yoast.com\/wordpress\/plugins\/seo\/ -->\n<title>Entrenamiento invisible para ciclistas, por Ziortza Villa - \u0160koda We Love Cycling - Spain<\/title>\n<meta name=\"description\" content=\"El entrenamiento invisible para el ciclismo ayudar a entrenar los m\u00fasculos que intervienen en el pedaleo y a recuperar tras el ejercicio.\" \/>\n<meta name=\"robots\" content=\"index, follow, max-snippet:-1, max-image-preview:large, max-video-preview:-1\" \/>\n<link rel=\"canonical\" href=\"https:\/\/www.welovecycling.com\/es\/2018\/04\/03\/entrenamiento-invisible\/\" \/>\n<meta property=\"og:locale\" content=\"es_ES\" \/>\n<meta property=\"og:type\" content=\"article\" \/>\n<meta property=\"og:title\" content=\"Entrenamiento invisible para ciclistas, por Ziortza Villa\" \/>\n<meta property=\"og:description\" content=\"El ciclismo no es solamente dar pedales. Sobre la bicicleta se entrenan muchos aspectos de este deporte, pero existe un entrenamiento invisible que debemos hacer en casa y que ayuda, en la mayor\u00eda de los casos, a mejorar nuestra interacci\u00f3n con la bicicleta y a prevenir lesiones. Tambi\u00e9n, a m\u00e1s largo plazo, a mejorar el rendimiento, ya que cuanto m\u00e1s c\u00f3modos vayamos en la bicicleta mas tiempo podremos estar en ella.\" \/>\n<meta property=\"og:url\" content=\"https:\/\/www.welovecycling.com\/es\/2018\/04\/03\/entrenamiento-invisible\/\" \/>\n<meta property=\"og:site_name\" content=\"\u0160koda We Love Cycling - Spain\" \/>\n<meta property=\"article:published_time\" content=\"2018-04-02T23:45:37+00:00\" \/>\n<meta property=\"article:modified_time\" content=\"2018-04-03T07:25:33+00:00\" \/>\n<meta property=\"og:image\" content=\"https:\/\/d2p6e6u75xmxt8.cloudfront.net\/6\/2018\/03\/DSC_1696.JPG-1024x678.jpg\" \/>\n\t<meta property=\"og:image:width\" content=\"1024\" \/>\n\t<meta property=\"og:image:height\" content=\"678\" \/>\n\t<meta property=\"og:image:type\" content=\"image\/jpeg\" \/>\n<meta name=\"author\" content=\"We Love Cycling Spain\" \/>\n<meta name=\"twitter:card\" content=\"summary_large_image\" \/>\n<meta name=\"twitter:title\" content=\"Entrenamiento invisible para ciclistas, por Ziortza Villa\" \/>\n<meta name=\"twitter:description\" content=\"El ciclismo no es solamente dar pedales. Sobre la bicicleta se entrenan muchos aspectos de este deporte, pero existe un entrenamiento invisible que debemos hacer en casa y que ayuda, en la mayor\u00eda de los casos, a mejorar nuestra interacci\u00f3n con la bicicleta y a prevenir lesiones. Tambi\u00e9n, a m\u00e1s largo plazo, a mejorar el rendimiento, ya que cuanto m\u00e1s c\u00f3modos vayamos en la bicicleta mas tiempo podremos estar en ella.\" \/>\n<meta name=\"twitter:label1\" content=\"Written by\" \/>\n\t<meta name=\"twitter:data1\" content=\"Luis Ortega @ciclored\" \/>\n\t<meta name=\"twitter:label2\" content=\"Est. reading time\" \/>\n\t<meta name=\"twitter:data2\" content=\"3 minutes\" \/>\n<script type=\"application\/ld+json\" class=\"yoast-schema-graph\">{\"@context\":\"https:\/\/schema.org\",\"@graph\":[{\"@type\":\"WebPage\",\"@id\":\"https:\/\/www.welovecycling.com\/es\/2018\/04\/03\/entrenamiento-invisible\/\",\"url\":\"https:\/\/www.welovecycling.com\/es\/2018\/04\/03\/entrenamiento-invisible\/\",\"name\":\"Entrenamiento invisible para ciclistas, por Ziortza Villa - \u0160koda We Love Cycling - Spain\",\"isPartOf\":{\"@id\":\"https:\/\/www.welovecycling.com\/es\/#website\"},\"primaryImageOfPage\":{\"@id\":\"https:\/\/www.welovecycling.com\/es\/2018\/04\/03\/entrenamiento-invisible\/#primaryimage\"},\"image\":{\"@id\":\"https:\/\/www.welovecycling.com\/es\/2018\/04\/03\/entrenamiento-invisible\/#primaryimage\"},\"thumbnailUrl\":\"https:\/\/d2p6e6u75xmxt8.cloudfront.net\/6\/2018\/03\/DSC_1696.JPG.jpg\",\"datePublished\":\"2018-04-02T23:45:37+00:00\",\"dateModified\":\"2018-04-03T07:25:33+00:00\",\"author\":{\"@id\":\"https:\/\/www.welovecycling.com\/es\/#\/schema\/person\/deb61715b5812698ee79fb96f343ccd4\"},\"description\":\"El entrenamiento invisible para el ciclismo ayudar a entrenar los m\u00fasculos que intervienen en el pedaleo y a recuperar tras el ejercicio.\",\"breadcrumb\":{\"@id\":\"https:\/\/www.welovecycling.com\/es\/2018\/04\/03\/entrenamiento-invisible\/#breadcrumb\"},\"inLanguage\":\"es-ES\",\"potentialAction\":[{\"@type\":\"ReadAction\",\"target\":[\"https:\/\/www.welovecycling.com\/es\/2018\/04\/03\/entrenamiento-invisible\/\"]}]},{\"@type\":\"ImageObject\",\"inLanguage\":\"es-ES\",\"@id\":\"https:\/\/www.welovecycling.com\/es\/2018\/04\/03\/entrenamiento-invisible\/#primaryimage\",\"url\":\"https:\/\/d2p6e6u75xmxt8.cloudfront.net\/6\/2018\/03\/DSC_1696.JPG.jpg\",\"contentUrl\":\"https:\/\/d2p6e6u75xmxt8.cloudfront.net\/6\/2018\/03\/DSC_1696.JPG.jpg\",\"width\":4928,\"height\":3264},{\"@type\":\"BreadcrumbList\",\"@id\":\"https:\/\/www.welovecycling.com\/es\/2018\/04\/03\/entrenamiento-invisible\/#breadcrumb\",\"itemListElement\":[{\"@type\":\"ListItem\",\"position\":1,\"name\":\"Home\",\"item\":\"https:\/\/www.welovecycling.com\/es\/\"},{\"@type\":\"ListItem\",\"position\":2,\"name\":\"Entrenamiento invisible para ciclistas, por Ziortza Villa\"}]},{\"@type\":\"WebSite\",\"@id\":\"https:\/\/www.welovecycling.com\/es\/#website\",\"url\":\"https:\/\/www.welovecycling.com\/es\/\",\"name\":\"\u0160koda We Love Cycling - Spain\",\"description\":\"\u0160koda WeLoveCycling Spain\",\"potentialAction\":[{\"@type\":\"SearchAction\",\"target\":{\"@type\":\"EntryPoint\",\"urlTemplate\":\"https:\/\/www.welovecycling.com\/es\/?s={search_term_string}\"},\"query-input\":{\"@type\":\"PropertyValueSpecification\",\"valueRequired\":true,\"valueName\":\"search_term_string\"}}],\"inLanguage\":\"es-ES\"},{\"@type\":\"Person\",\"@id\":\"https:\/\/www.welovecycling.com\/es\/#\/schema\/person\/deb61715b5812698ee79fb96f343ccd4\",\"name\":\"We Love Cycling Spain\",\"image\":{\"@type\":\"ImageObject\",\"inLanguage\":\"es-ES\",\"@id\":\"https:\/\/www.welovecycling.com\/es\/#\/schema\/person\/image\/\",\"url\":\"https:\/\/secure.gravatar.com\/avatar\/c824b04e6df0e37a03219d0b6481672889df542894588964102459e46513159c?s=96&d=mm&r=g\",\"contentUrl\":\"https:\/\/secure.gravatar.com\/avatar\/c824b04e6df0e37a03219d0b6481672889df542894588964102459e46513159c?s=96&d=mm&r=g\",\"caption\":\"We Love Cycling Spain\"},\"url\":\"https:\/\/www.welovecycling.com\/es\/author\/amunoz\/\"}]}<\/script>\n<!-- \/ Yoast SEO Premium plugin. -->","yoast_head_json":{"title":"Entrenamiento invisible para ciclistas, por Ziortza Villa - \u0160koda We Love Cycling - Spain","description":"El entrenamiento invisible para el ciclismo ayudar a entrenar los m\u00fasculos que intervienen en el pedaleo y a recuperar tras el ejercicio.","robots":{"index":"index","follow":"follow","max-snippet":"max-snippet:-1","max-image-preview":"max-image-preview:large","max-video-preview":"max-video-preview:-1"},"canonical":"https:\/\/www.welovecycling.com\/es\/2018\/04\/03\/entrenamiento-invisible\/","og_locale":"es_ES","og_type":"article","og_title":"Entrenamiento invisible para ciclistas, por Ziortza Villa","og_description":"El ciclismo no es solamente dar pedales. Sobre la bicicleta se entrenan muchos aspectos de este deporte, pero existe un entrenamiento invisible que debemos hacer en casa y que ayuda, en la mayor\u00eda de los casos, a mejorar nuestra interacci\u00f3n con la bicicleta y a prevenir lesiones. Tambi\u00e9n, a m\u00e1s largo plazo, a mejorar el rendimiento, ya que cuanto m\u00e1s c\u00f3modos vayamos en la bicicleta mas tiempo podremos estar en ella.","og_url":"https:\/\/www.welovecycling.com\/es\/2018\/04\/03\/entrenamiento-invisible\/","og_site_name":"\u0160koda We Love Cycling - Spain","article_published_time":"2018-04-02T23:45:37+00:00","article_modified_time":"2018-04-03T07:25:33+00:00","og_image":[{"width":1024,"height":678,"url":"https:\/\/d2p6e6u75xmxt8.cloudfront.net\/6\/2018\/03\/DSC_1696.JPG-1024x678.jpg","type":"image\/jpeg"}],"author":"We Love Cycling Spain","twitter_card":"summary_large_image","twitter_title":"Entrenamiento invisible para ciclistas, por Ziortza Villa","twitter_description":"El ciclismo no es solamente dar pedales. Sobre la bicicleta se entrenan muchos aspectos de este deporte, pero existe un entrenamiento invisible que debemos hacer en casa y que ayuda, en la mayor\u00eda de los casos, a mejorar nuestra interacci\u00f3n con la bicicleta y a prevenir lesiones. Tambi\u00e9n, a m\u00e1s largo plazo, a mejorar el rendimiento, ya que cuanto m\u00e1s c\u00f3modos vayamos en la bicicleta mas tiempo podremos estar en ella.","twitter_misc":{"Written by":"Luis Ortega @ciclored","Est. reading time":"3 minutes"},"schema":{"@context":"https:\/\/schema.org","@graph":[{"@type":"WebPage","@id":"https:\/\/www.welovecycling.com\/es\/2018\/04\/03\/entrenamiento-invisible\/","url":"https:\/\/www.welovecycling.com\/es\/2018\/04\/03\/entrenamiento-invisible\/","name":"Entrenamiento invisible para ciclistas, por Ziortza Villa - \u0160koda We Love Cycling - Spain","isPartOf":{"@id":"https:\/\/www.welovecycling.com\/es\/#website"},"primaryImageOfPage":{"@id":"https:\/\/www.welovecycling.com\/es\/2018\/04\/03\/entrenamiento-invisible\/#primaryimage"},"image":{"@id":"https:\/\/www.welovecycling.com\/es\/2018\/04\/03\/entrenamiento-invisible\/#primaryimage"},"thumbnailUrl":"https:\/\/d2p6e6u75xmxt8.cloudfront.net\/6\/2018\/03\/DSC_1696.JPG.jpg","datePublished":"2018-04-02T23:45:37+00:00","dateModified":"2018-04-03T07:25:33+00:00","author":{"@id":"https:\/\/www.welovecycling.com\/es\/#\/schema\/person\/deb61715b5812698ee79fb96f343ccd4"},"description":"El entrenamiento invisible para el ciclismo ayudar a entrenar los m\u00fasculos que intervienen en el pedaleo y a recuperar tras el ejercicio.","breadcrumb":{"@id":"https:\/\/www.welovecycling.com\/es\/2018\/04\/03\/entrenamiento-invisible\/#breadcrumb"},"inLanguage":"es-ES","potentialAction":[{"@type":"ReadAction","target":["https:\/\/www.welovecycling.com\/es\/2018\/04\/03\/entrenamiento-invisible\/"]}]},{"@type":"ImageObject","inLanguage":"es-ES","@id":"https:\/\/www.welovecycling.com\/es\/2018\/04\/03\/entrenamiento-invisible\/#primaryimage","url":"https:\/\/d2p6e6u75xmxt8.cloudfront.net\/6\/2018\/03\/DSC_1696.JPG.jpg","contentUrl":"https:\/\/d2p6e6u75xmxt8.cloudfront.net\/6\/2018\/03\/DSC_1696.JPG.jpg","width":4928,"height":3264},{"@type":"BreadcrumbList","@id":"https:\/\/www.welovecycling.com\/es\/2018\/04\/03\/entrenamiento-invisible\/#breadcrumb","itemListElement":[{"@type":"ListItem","position":1,"name":"Home","item":"https:\/\/www.welovecycling.com\/es\/"},{"@type":"ListItem","position":2,"name":"Entrenamiento invisible para ciclistas, por Ziortza Villa"}]},{"@type":"WebSite","@id":"https:\/\/www.welovecycling.com\/es\/#website","url":"https:\/\/www.welovecycling.com\/es\/","name":"\u0160koda We Love Cycling - Spain","description":"\u0160koda WeLoveCycling Spain","potentialAction":[{"@type":"SearchAction","target":{"@type":"EntryPoint","urlTemplate":"https:\/\/www.welovecycling.com\/es\/?s={search_term_string}"},"query-input":{"@type":"PropertyValueSpecification","valueRequired":true,"valueName":"search_term_string"}}],"inLanguage":"es-ES"},{"@type":"Person","@id":"https:\/\/www.welovecycling.com\/es\/#\/schema\/person\/deb61715b5812698ee79fb96f343ccd4","name":"We Love Cycling Spain","image":{"@type":"ImageObject","inLanguage":"es-ES","@id":"https:\/\/www.welovecycling.com\/es\/#\/schema\/person\/image\/","url":"https:\/\/secure.gravatar.com\/avatar\/c824b04e6df0e37a03219d0b6481672889df542894588964102459e46513159c?s=96&d=mm&r=g","contentUrl":"https:\/\/secure.gravatar.com\/avatar\/c824b04e6df0e37a03219d0b6481672889df542894588964102459e46513159c?s=96&d=mm&r=g","caption":"We Love Cycling Spain"},"url":"https:\/\/www.welovecycling.com\/es\/author\/amunoz\/"}]}},"_links":{"self":[{"href":"https:\/\/www.welovecycling.com\/es\/wp-json\/wp\/v2\/posts\/2478","targetHints":{"allow":["GET"]}}],"collection":[{"href":"https:\/\/www.welovecycling.com\/es\/wp-json\/wp\/v2\/posts"}],"about":[{"href":"https:\/\/www.welovecycling.com\/es\/wp-json\/wp\/v2\/types\/post"}],"author":[{"embeddable":true,"href":"https:\/\/www.welovecycling.com\/es\/wp-json\/wp\/v2\/users\/29"}],"replies":[{"embeddable":true,"href":"https:\/\/www.welovecycling.com\/es\/wp-json\/wp\/v2\/comments?post=2478"}],"version-history":[{"count":2,"href":"https:\/\/www.welovecycling.com\/es\/wp-json\/wp\/v2\/posts\/2478\/revisions"}],"predecessor-version":[{"id":2507,"href":"https:\/\/www.welovecycling.com\/es\/wp-json\/wp\/v2\/posts\/2478\/revisions\/2507"}],"wp:featuredmedia":[{"embeddable":true,"href":"https:\/\/www.welovecycling.com\/es\/wp-json\/wp\/v2\/media\/2481"}],"wp:attachment":[{"href":"https:\/\/www.welovecycling.com\/es\/wp-json\/wp\/v2\/media?parent=2478"}],"wp:term":[{"taxonomy":"category","embeddable":true,"href":"https:\/\/www.welovecycling.com\/es\/wp-json\/wp\/v2\/categories?post=2478"},{"taxonomy":"post_tag","embeddable":true,"href":"https:\/\/www.welovecycling.com\/es\/wp-json\/wp\/v2\/tags?post=2478"},{"taxonomy":"global-categories","embeddable":true,"href":"https:\/\/www.welovecycling.com\/es\/wp-json\/wp\/v2\/global-categories?post=2478"}],"curies":[{"name":"wp","href":"https:\/\/api.w.org\/{rel}","templated":true}]}}