{"id":247,"date":"2017-02-06T10:13:38","date_gmt":"2017-02-06T10:13:38","guid":{"rendered":"https:\/\/www.welovecycling.com\/es\/?p=247"},"modified":"2017-02-08T16:42:49","modified_gmt":"2017-02-08T16:42:49","slug":"lo-una-fotografia-ciclismo-sea-perfecta","status":"publish","type":"post","link":"https:\/\/www.welovecycling.com\/es\/2017\/02\/06\/lo-una-fotografia-ciclismo-sea-perfecta\/","title":{"rendered":"\u00bfQu\u00e9 es lo que hace que una fotograf\u00eda de ciclismo sea perfecta?"},"content":{"rendered":"<p><strong>A lo largo de los \u00faltimos a\u00f1os hemos sido testigos de la explosi\u00f3n de la carrera fotogr\u00e1fica de Jan Kasl, con un \u00e9xito abrumador en el sector de las bicis de monta\u00f1a. Jan trabaja para numerosas editoriales y clientes comerciales, como Red Bull Content Pool, y sus fotos se han publicado en muchas revistas de deportes de acci\u00f3n y actividad al aire libre. Estamos contentos de tenerlo como colaborador. Nos reunimos con Jan para preguntarle sobre su fascinante trabajo.<\/strong><\/p>\n<p><a href=\"https:\/\/d2p6e6u75xmxt8.cloudfront.net\/6\/2017\/02\/JK_PORTRAIT_0001-600x399.jpg\"><img loading=\"lazy\" decoding=\"async\" class=\"alignnone size-full wp-image-334\" src=\"https:\/\/d2p6e6u75xmxt8.cloudfront.net\/6\/2017\/02\/JK_PORTRAIT_0001-600x399.jpg\" alt=\"\" width=\"600\" height=\"399\" srcset=\"https:\/\/d2p6e6u75xmxt8.cloudfront.net\/6\/2017\/02\/JK_PORTRAIT_0001-600x399.jpg 600w, https:\/\/d2p6e6u75xmxt8.cloudfront.net\/6\/2017\/02\/JK_PORTRAIT_0001-600x399-300x200.jpg 300w, https:\/\/d2p6e6u75xmxt8.cloudfront.net\/6\/2017\/02\/JK_PORTRAIT_0001-600x399-272x182.jpg 272w\" sizes=\"auto, (max-width: 600px) 100vw, 600px\" \/><\/a><\/p>\n<p><strong>\u00bfQu\u00e9 hizo que te interesaras por la fotograf\u00eda?<\/strong><\/p>\n<p>Sorprendentemente, no me inspiraron mis padres al principio, como a muchos de mis colegas y amigos. Todo empez\u00f3 cuando formaba parte de un gran equipo de &#8216;snowboard&#8217;. Necesit\u00e1bamos fotos y publicidad en los medios. Como eslab\u00f3n m\u00e1s d\u00e9bil del equipo, me asignaron la tarea de tomar fotos de los dem\u00e1s. Al cabo de un tiempo eso empez\u00f3 a divertirme e incluso gan\u00e9 alg\u00fan premio con una foto de un esquiador con tabla desliz\u00e1ndose por una barandilla.<\/p>\n<p><a href=\"https:\/\/d2p6e6u75xmxt8.cloudfront.net\/6\/2017\/02\/JK_30_3_2008.jpg\"><img loading=\"lazy\" decoding=\"async\" class=\"alignnone size-full wp-image-335\" src=\"https:\/\/d2p6e6u75xmxt8.cloudfront.net\/6\/2017\/02\/JK_30_3_2008.jpg\" alt=\"\" width=\"584\" height=\"388\" srcset=\"https:\/\/d2p6e6u75xmxt8.cloudfront.net\/6\/2017\/02\/JK_30_3_2008.jpg 584w, https:\/\/d2p6e6u75xmxt8.cloudfront.net\/6\/2017\/02\/JK_30_3_2008-300x199.jpg 300w, https:\/\/d2p6e6u75xmxt8.cloudfront.net\/6\/2017\/02\/JK_30_3_2008-272x182.jpg 272w\" sizes=\"auto, (max-width: 584px) 100vw, 584px\" \/><\/a><\/p>\n<p>Decid\u00ed que ten\u00eda sentido seguir con las fotos y as\u00ed naci\u00f3 mi carrera como fot\u00f3grafo deportivo.<\/p>\n<p><strong>\u00bfC\u00f3mo pasaste a fotografiar ciclismo de monta\u00f1a profesionalmente?<\/strong><\/p>\n<p>Hace un par de a\u00f1os conoc\u00ed a Martin Vrbicky y Stepan Romanov de Fullface Production. Estaban muy metidos en el mundo del esqu\u00ed y las bicis de monta\u00f1a. Entonces estaban grabando la pel\u00edcula de ciclismo de monta\u00f1a &#8216;Spectrum&#8217;. Entr\u00e9 a formar parte del equipo y me encargu\u00e9 de las fotograf\u00edas del proyecto. El primer ciclista a quien fotografi\u00e9 fue la leyenda checa de &#8216;freeriding&#8217; Richard Gaspi Gasperotti, que ha participado cuatro veces en la Red Bull Rampage.<\/p>\n<p><a href=\"https:\/\/d2p6e6u75xmxt8.cloudfront.net\/6\/2017\/02\/JK_BACK_ON_WHEELS_MICHAL_KOSIK_GASPI_0043-600x399.jpg\"><img loading=\"lazy\" decoding=\"async\" class=\"alignnone size-full wp-image-336\" src=\"https:\/\/d2p6e6u75xmxt8.cloudfront.net\/6\/2017\/02\/JK_BACK_ON_WHEELS_MICHAL_KOSIK_GASPI_0043-600x399.jpg\" alt=\"\" width=\"600\" height=\"399\" srcset=\"https:\/\/d2p6e6u75xmxt8.cloudfront.net\/6\/2017\/02\/JK_BACK_ON_WHEELS_MICHAL_KOSIK_GASPI_0043-600x399.jpg 600w, https:\/\/d2p6e6u75xmxt8.cloudfront.net\/6\/2017\/02\/JK_BACK_ON_WHEELS_MICHAL_KOSIK_GASPI_0043-600x399-300x200.jpg 300w, https:\/\/d2p6e6u75xmxt8.cloudfront.net\/6\/2017\/02\/JK_BACK_ON_WHEELS_MICHAL_KOSIK_GASPI_0043-600x399-272x182.jpg 272w\" sizes=\"auto, (max-width: 600px) 100vw, 600px\" \/><\/a><\/p>\n<p><strong>\u00bfQu\u00e9 es lo que te gusta en especial de las fotograf\u00edas de ciclismo de monta\u00f1a m\u00e1s que otros deportes?<\/strong><\/p>\n<p>En comparaci\u00f3n con los deportes de invierno, me gusta que todo pasa en un clima c\u00e1lido y no necesito preparar m\u00e1s material que no sea el fotogr\u00e1fico. Pero este enero he fotografiado un cat\u00e1logo de Ghost Bikes en los Alpes del Tirol del Sur. Llamo a esa parte del pa\u00eds la falsa Italia porque sirven un &#8216;schnitzel&#8217; con patatas en vez de pizza y hablan alem\u00e1n. Un d\u00eda nos levantamos muy temprano para pillar la salida del sol y la temperatura exterior era de 15 grados bajo cero. \u00a1No es broma! Los c\u00f3modos d\u00edas de bici de monta\u00f1a se han acabado.<\/p>\n<p><strong>\u00bfQu\u00e9 llevas en la bolsa de la c\u00e1mara cuando sales por los caminos a fotografiar a tus amigos?<\/strong><br \/>\nSoy famoso por llevar un material realmente pesado, incluidos mis grandes focos, all\u00e1 donde voy. Mis amigos se cachondean de m\u00ed y me dicen que parezco un \u00e1rbol de Navidad. Antes sol\u00eda llegar al destino en coche, caminaba hasta el lugar del salto, preparaba la escena y tomaba la foto. Eso era todo. Estaba contento cuando hac\u00eda una \u00fanica foto perfecta en una sola sesi\u00f3n fotogr\u00e1fica. Pero las cosas han ido cambiando. La \u00faltima vez tom\u00e9 todas las cosas y recorr\u00ed 15 kil\u00f3metros en mi bici con el material de tama\u00f1o gigante para acompa\u00f1ar a los dem\u00e1s chicos de la expedici\u00f3n. Tengo la intenci\u00f3n de hacer m\u00e1s documentales de excursiones y aventuras en vez de sesiones fotogr\u00e1ficas en un futuro pr\u00f3ximo.<\/p>\n<p><strong>Te voy a hacer una pregunta cuya respuesta desea saber cualquier persona con quien hayas trabajado: \u00bfcu\u00e1nto pesa tu bolsa de la c\u00e1mara?<\/strong><\/p>\n<p>Realmente me encantan mis grandes flashes. El peso total con las c\u00e1maras y las lentes es de locos. Hace ya dos a\u00f1os me llamaron Mr. Flash en el torneo de ciclismo &#8216;freestyle&#8217; Nine Knights de Livigno (Italia), por mi obsesi\u00f3n por utilizar el flash en cada disparo.<\/p>\n<p><a href=\"https:\/\/d2p6e6u75xmxt8.cloudfront.net\/6\/2017\/02\/JK_TOMAS_ZEJDA_MTB_NINE_KNIGHTS-600x399.jpg\"><img loading=\"lazy\" decoding=\"async\" class=\"alignnone size-full wp-image-337\" src=\"https:\/\/d2p6e6u75xmxt8.cloudfront.net\/6\/2017\/02\/JK_TOMAS_ZEJDA_MTB_NINE_KNIGHTS-600x399.jpg\" alt=\"\" width=\"600\" height=\"399\" srcset=\"https:\/\/d2p6e6u75xmxt8.cloudfront.net\/6\/2017\/02\/JK_TOMAS_ZEJDA_MTB_NINE_KNIGHTS-600x399.jpg 600w, https:\/\/d2p6e6u75xmxt8.cloudfront.net\/6\/2017\/02\/JK_TOMAS_ZEJDA_MTB_NINE_KNIGHTS-600x399-300x200.jpg 300w, https:\/\/d2p6e6u75xmxt8.cloudfront.net\/6\/2017\/02\/JK_TOMAS_ZEJDA_MTB_NINE_KNIGHTS-600x399-272x182.jpg 272w\" sizes=\"auto, (max-width: 600px) 100vw, 600px\" \/><\/a><\/p>\n<p>Desarroll\u00e9 un m\u00e9todo \u00fanico que combinaba flashes con el obturador de alta velocidad, algo imposible solo un par de a\u00f1os antes. Utilizo flashes port\u00e1tiles Fomei especiales para esta t\u00e9cnica. Las primeras veces, incluso tuve que colocar la c\u00e1mara al rev\u00e9s, algo realmente raro a ojos de otras personas. Parec\u00eda el fot\u00f3grafo aficionado m\u00e1s tonto del mundo, pero las fotos me gustaban y eso es lo que contaba. Espero que mis fotos convencieran a quienes se burlaban de m\u00ed de que ten\u00eda raz\u00f3n. Pero, en general, utilizar flashes en deportes extremos va a la baja.<\/p>\n<p><strong>\u00bfHas recibido alg\u00fan premio especial o reconocimiento por tus fotos?<\/strong><\/p>\n<p>Trabajo como fot\u00f3grafo para Red Bull Media House. El mayor n\u00famero de premios que he recibido ha sido por las fotos del ciclista checo Tomas Slavik, patrocinado por Red Bull. Es el bicampe\u00f3n mundial de &#8216;four cross&#8217;. Otro retrato suyo me vali\u00f3 el premio Best Marketing Photo of the Year en el ISPO Sports Goods Trade de M\u00fanich.<\/p>\n<p><a href=\"https:\/\/d2p6e6u75xmxt8.cloudfront.net\/6\/2017\/02\/JK_TOMAS_SLAVIK_IN_GHOST_WE_TRUST-600x399.jpg\"><img loading=\"lazy\" decoding=\"async\" class=\"alignnone size-full wp-image-338\" src=\"https:\/\/d2p6e6u75xmxt8.cloudfront.net\/6\/2017\/02\/JK_TOMAS_SLAVIK_IN_GHOST_WE_TRUST-600x399.jpg\" alt=\"\" width=\"600\" height=\"399\" srcset=\"https:\/\/d2p6e6u75xmxt8.cloudfront.net\/6\/2017\/02\/JK_TOMAS_SLAVIK_IN_GHOST_WE_TRUST-600x399.jpg 600w, https:\/\/d2p6e6u75xmxt8.cloudfront.net\/6\/2017\/02\/JK_TOMAS_SLAVIK_IN_GHOST_WE_TRUST-600x399-300x200.jpg 300w, https:\/\/d2p6e6u75xmxt8.cloudfront.net\/6\/2017\/02\/JK_TOMAS_SLAVIK_IN_GHOST_WE_TRUST-600x399-272x182.jpg 272w\" sizes=\"auto, (max-width: 600px) 100vw, 600px\" \/><\/a><\/p>\n<p>Luego est\u00e1 la foto de Tomas derrapando en Bali, que ya no puedo verla m\u00e1s porque en los tres \u00faltimos a\u00f1os esta misma foto se ha publicado casi en todas partes.<\/p>\n<p><a href=\"https:\/\/d2p6e6u75xmxt8.cloudfront.net\/6\/2017\/02\/JK_0001_TOMAS_SLAVIK_SIGNATURES_BALI-600x399.jpg\"><img loading=\"lazy\" decoding=\"async\" class=\"alignnone size-full wp-image-339\" src=\"https:\/\/d2p6e6u75xmxt8.cloudfront.net\/6\/2017\/02\/JK_0001_TOMAS_SLAVIK_SIGNATURES_BALI-600x399.jpg\" alt=\"\" width=\"600\" height=\"399\" srcset=\"https:\/\/d2p6e6u75xmxt8.cloudfront.net\/6\/2017\/02\/JK_0001_TOMAS_SLAVIK_SIGNATURES_BALI-600x399.jpg 600w, https:\/\/d2p6e6u75xmxt8.cloudfront.net\/6\/2017\/02\/JK_0001_TOMAS_SLAVIK_SIGNATURES_BALI-600x399-300x200.jpg 300w, https:\/\/d2p6e6u75xmxt8.cloudfront.net\/6\/2017\/02\/JK_0001_TOMAS_SLAVIK_SIGNATURES_BALI-600x399-272x182.jpg 272w\" sizes=\"auto, (max-width: 600px) 100vw, 600px\" \/><\/a><\/p>\n<p>El a\u00f1o pasado saqu\u00e9 una foto de Tomas en Chile que fue proclamada la foto del mes en el Red Bull Photo Pool.<\/p>\n<p><a href=\"https:\/\/d2p6e6u75xmxt8.cloudfront.net\/6\/2017\/02\/JK_SOUTH_AMERICA_GHOST_0014-600x400.jpg\"><img loading=\"lazy\" decoding=\"async\" class=\"alignnone size-full wp-image-340\" src=\"https:\/\/d2p6e6u75xmxt8.cloudfront.net\/6\/2017\/02\/JK_SOUTH_AMERICA_GHOST_0014-600x400.jpg\" alt=\"\" width=\"600\" height=\"400\" srcset=\"https:\/\/d2p6e6u75xmxt8.cloudfront.net\/6\/2017\/02\/JK_SOUTH_AMERICA_GHOST_0014-600x400.jpg 600w, https:\/\/d2p6e6u75xmxt8.cloudfront.net\/6\/2017\/02\/JK_SOUTH_AMERICA_GHOST_0014-600x400-300x200.jpg 300w, https:\/\/d2p6e6u75xmxt8.cloudfront.net\/6\/2017\/02\/JK_SOUTH_AMERICA_GHOST_0014-600x400-272x182.jpg 272w\" sizes=\"auto, (max-width: 600px) 100vw, 600px\" \/><\/a><\/p>\n<p><strong>\u00bfCu\u00e1l ha sido el destino de bicicleta de monta\u00f1a m\u00e1s fascinante que has visitado?<\/strong><\/p>\n<p>\u00bfTiene que ser de una excursi\u00f3n ciclista? Porque el destino m\u00e1s asombroso en que he tomado fotos es en las islas noruegas de Lofoten. En diciembre del a\u00f1o pasado particip\u00e9 en el campamento Unstad Arctic Surf. El tiempo era horrible, llov\u00eda y la temperatura del agua era g\u00e9lida, pero el ambiente era incre\u00edble.<\/p>\n<p><a href=\"https:\/\/d2p6e6u75xmxt8.cloudfront.net\/6\/2017\/02\/JK_CHYW_LOFOTEN_UNSTAD_ARCTIC_SURFING_2015_0030-600x400.jpg\"><img loading=\"lazy\" decoding=\"async\" class=\"alignnone size-full wp-image-341\" src=\"https:\/\/d2p6e6u75xmxt8.cloudfront.net\/6\/2017\/02\/JK_CHYW_LOFOTEN_UNSTAD_ARCTIC_SURFING_2015_0030-600x400.jpg\" alt=\"\" width=\"600\" height=\"400\" srcset=\"https:\/\/d2p6e6u75xmxt8.cloudfront.net\/6\/2017\/02\/JK_CHYW_LOFOTEN_UNSTAD_ARCTIC_SURFING_2015_0030-600x400.jpg 600w, https:\/\/d2p6e6u75xmxt8.cloudfront.net\/6\/2017\/02\/JK_CHYW_LOFOTEN_UNSTAD_ARCTIC_SURFING_2015_0030-600x400-300x200.jpg 300w, https:\/\/d2p6e6u75xmxt8.cloudfront.net\/6\/2017\/02\/JK_CHYW_LOFOTEN_UNSTAD_ARCTIC_SURFING_2015_0030-600x400-272x182.jpg 272w\" sizes=\"auto, (max-width: 600px) 100vw, 600px\" \/><\/a><\/p>\n<p>Ahora estoy muy metido en la fotograf\u00eda acu\u00e1tica. Pas\u00e9 m\u00e1s de dos horas diarias entre olas congeladas. Respecto a las bicis, recuerdo haber visitado docenas de pa\u00edses fant\u00e1sticos y unos lugares incre\u00edbles en Marruecos, Bali y la Columbia Brit\u00e1nica.<\/p>\n<p><strong>Existen algunos sitios que ya has fotografiado varias veces. \u00bfCada vez es m\u00e1s dif\u00edcil encontrar un nuevo \u00e1ngulo de uno de los lugares de bici de monta\u00f1a m\u00e1s fotografiados del mundo?<\/strong><\/p>\n<p>Siempre he intentado pensar en ideas disparatadas, como a\u00f1adir lana de acero a la rueda trasera de Tomas Zejda. La fotograf\u00eda de la lana de acero implica fuego y los resultados son espectaculares, pero el proceso puede ser peligroso. Un poco m\u00e1s y Tomas arde en llamas, as\u00ed que dejamos correr el experimento.<\/p>\n<p><strong>\u00bfCu\u00e1l es tu momento favorito del d\u00eda para tomar fotograf\u00edas?<\/strong><\/p>\n<p>Cada vez m\u00e1s intento combinar la fotograf\u00eda con luz natural y una luz de flash a\u00f1adida. Como utilizo flashes potentes, obtengo unas fotos muy saturadas, independientemente de la hora del d\u00eda o la iluminaci\u00f3n natural. Pero al igual que otros fot\u00f3grafos, prefiero el anochecer porque no tengo que madrugar y la luz es muy buena.<\/p>\n<p><a href=\"https:\/\/d2p6e6u75xmxt8.cloudfront.net\/6\/2017\/02\/JK_SOUTH_AMERICA_GHOST_0006-600x400.jpg\"><img loading=\"lazy\" decoding=\"async\" class=\"alignnone size-full wp-image-342\" src=\"https:\/\/d2p6e6u75xmxt8.cloudfront.net\/6\/2017\/02\/JK_SOUTH_AMERICA_GHOST_0006-600x400.jpg\" alt=\"\" width=\"600\" height=\"400\" srcset=\"https:\/\/d2p6e6u75xmxt8.cloudfront.net\/6\/2017\/02\/JK_SOUTH_AMERICA_GHOST_0006-600x400.jpg 600w, https:\/\/d2p6e6u75xmxt8.cloudfront.net\/6\/2017\/02\/JK_SOUTH_AMERICA_GHOST_0006-600x400-300x200.jpg 300w, https:\/\/d2p6e6u75xmxt8.cloudfront.net\/6\/2017\/02\/JK_SOUTH_AMERICA_GHOST_0006-600x400-272x182.jpg 272w\" sizes=\"auto, (max-width: 600px) 100vw, 600px\" \/><\/a><\/p>\n<p><strong>\u00bfCu\u00e1l es tu ciclista preferido para fotografiar y por qu\u00e9?<\/strong><\/p>\n<p>He pasado la mayor parte del tiempo con Tomas Slavik, Tomas Zejda y Michal Marosi.<\/p>\n<p><a href=\"https:\/\/d2p6e6u75xmxt8.cloudfront.net\/6\/2017\/02\/JK_MICHAL_MAROSI_SIGNATURES_BC-600x399.jpg\"><img loading=\"lazy\" decoding=\"async\" class=\"alignnone size-full wp-image-343\" src=\"https:\/\/d2p6e6u75xmxt8.cloudfront.net\/6\/2017\/02\/JK_MICHAL_MAROSI_SIGNATURES_BC-600x399.jpg\" alt=\"\" width=\"600\" height=\"399\" srcset=\"https:\/\/d2p6e6u75xmxt8.cloudfront.net\/6\/2017\/02\/JK_MICHAL_MAROSI_SIGNATURES_BC-600x399.jpg 600w, https:\/\/d2p6e6u75xmxt8.cloudfront.net\/6\/2017\/02\/JK_MICHAL_MAROSI_SIGNATURES_BC-600x399-300x200.jpg 300w, https:\/\/d2p6e6u75xmxt8.cloudfront.net\/6\/2017\/02\/JK_MICHAL_MAROSI_SIGNATURES_BC-600x399-272x182.jpg 272w\" sizes=\"auto, (max-width: 600px) 100vw, 600px\" \/><\/a><\/p>\n<p><strong>\u00bfTambi\u00e9n eres ciclista? \u00bfQu\u00e9 bici tienes y hasta qu\u00e9 punto esto te afecta a tu visi\u00f3n del deporte con la c\u00e1mara?<\/strong><\/p>\n<p>Mis habilidades como ciclista de monta\u00f1a son muy similares a mi nivel de &#8216;snowboard&#8217;. No tengo ni bici. Mis amigos Martin y Stepan de Fullface Production siempre se r\u00eden de m\u00ed, pero no soy tan malo. \u00a1S\u00e9 pedalear sin ruedecitas! Trabajo mucho para la marca alemana Ghost Bikes, y suelen prestarme una bici cuando la necesito. La \u00faltima vez me prometieron que me regalar\u00edan una, as\u00ed que la estoy esperando con ganas.<\/p>\n<p><strong>\u00bfQu\u00e9 aconsejar\u00edas a los fot\u00f3grafos que quieren sacar una bonita instant\u00e1nea de ciclismo de monta\u00f1a?<\/strong><\/p>\n<p>No pierdas el tiempo buscando en internet los \u00faltimos consejos y trucos fotogr\u00e1ficos. Es mucho mejor salir con la c\u00e1mara e intentar hacerlo lo mejor que puedas. La teor\u00eda est\u00e1 muy bien, pero como de verdad se aprende es practicando.<\/p>\n<p><strong>\u00bfQu\u00e9 planes tienes para 2016 y los pr\u00f3ximos a\u00f1os?<\/strong><\/p>\n<p>Ahora me voy a Chipre para fotografiar a las chicas del equipo nacional alem\u00e1n de &#8216;cross country&#8217;. Luego marchar\u00e9 a Nueva Zelanda para realizar un proyecto especial con los ciclistas Michal Prokop y Tomas Zejda. M\u00e1s tarde, competir\u00e1n en el acontecimiento local de Crankworx en Rotorua (Nueva Zelanda). A Tomas Slavik y a m\u00ed nos gustar\u00eda organizar una excursi\u00f3n de pesca al norte de Nueva Zelanda despu\u00e9s de la carrera. Directamente de Nueva Zelanda me ir\u00e9 a Madeira, donde se celebrar\u00e1 un Press Camp y un lanzamiento de nuevos modelos de Ghost Bikes. Despu\u00e9s participar\u00e9 en la inauguraci\u00f3n de un nuevo parque de esqu\u00ed acu\u00e1tico sobre tabla en Brasil. Desde aqu\u00ed quiero agradecer a mi novia Kristyna su extraordinaria paciencia.<\/p>\n<p>&nbsp;<\/p>\n","protected":false},"excerpt":{"rendered":"<p>A lo largo de los \u00faltimos a\u00f1os hemos sido testigos de la explosi\u00f3n de la carrera fotogr\u00e1fica de Jan Kasl, [&hellip;]<\/p>\n","protected":false},"author":29,"featured_media":332,"comment_status":"open","ping_status":"open","sticky":false,"template":"","format":"standard","meta":{"footnotes":""},"categories":[8],"tags":[],"global-categories":[],"class_list":["post-247","post","type-post","status-publish","format-standard","has-post-thumbnail","hentry","category-life-style"],"yoast_head":"<!-- This site is optimized with the Yoast SEO Premium plugin v25.3 (Yoast SEO v25.9) - https:\/\/yoast.com\/wordpress\/plugins\/seo\/ -->\n<title>\u00bfQu\u00e9 es lo que hace que una fotograf\u00eda de ciclismo sea perfecta? - \u0160koda We Love Cycling - Spain<\/title>\n<meta name=\"robots\" content=\"index, follow, max-snippet:-1, max-image-preview:large, max-video-preview:-1\" \/>\n<link rel=\"canonical\" href=\"https:\/\/www.welovecycling.com\/es\/2017\/02\/06\/lo-una-fotografia-ciclismo-sea-perfecta\/\" \/>\n<meta property=\"og:locale\" content=\"es_ES\" \/>\n<meta property=\"og:type\" content=\"article\" \/>\n<meta property=\"og:title\" content=\"\u00bfQu\u00e9 es lo que hace que una fotograf\u00eda de ciclismo sea perfecta?\" \/>\n<meta property=\"og:description\" content=\"A lo largo de los \u00faltimos a\u00f1os hemos sido testigos de la explosi\u00f3n de la carrera fotogr\u00e1fica de Jan Kasl, [&hellip;]\" \/>\n<meta property=\"og:url\" content=\"https:\/\/www.welovecycling.com\/es\/2017\/02\/06\/lo-una-fotografia-ciclismo-sea-perfecta\/\" \/>\n<meta property=\"og:site_name\" content=\"\u0160koda We Love Cycling - Spain\" \/>\n<meta property=\"article:published_time\" content=\"2017-02-06T10:13:38+00:00\" \/>\n<meta property=\"article:modified_time\" content=\"2017-02-08T16:42:49+00:00\" \/>\n<meta property=\"og:image\" content=\"https:\/\/d2p6e6u75xmxt8.cloudfront.net\/6\/2017\/02\/kasl.jpg\" \/>\n\t<meta property=\"og:image:width\" content=\"950\" \/>\n\t<meta property=\"og:image:height\" content=\"350\" \/>\n\t<meta property=\"og:image:type\" content=\"image\/jpeg\" \/>\n<meta name=\"author\" content=\"We Love Cycling Spain\" \/>\n<meta name=\"twitter:card\" content=\"summary_large_image\" \/>\n<meta name=\"twitter:label1\" content=\"Written by\" \/>\n\t<meta name=\"twitter:data1\" content=\"We Love Cycling Spain\" \/>\n\t<meta name=\"twitter:label2\" content=\"Est. reading time\" \/>\n\t<meta name=\"twitter:data2\" content=\"7 minutes\" \/>\n<script type=\"application\/ld+json\" class=\"yoast-schema-graph\">{\"@context\":\"https:\/\/schema.org\",\"@graph\":[{\"@type\":\"WebPage\",\"@id\":\"https:\/\/www.welovecycling.com\/es\/2017\/02\/06\/lo-una-fotografia-ciclismo-sea-perfecta\/\",\"url\":\"https:\/\/www.welovecycling.com\/es\/2017\/02\/06\/lo-una-fotografia-ciclismo-sea-perfecta\/\",\"name\":\"\u00bfQu\u00e9 es lo que hace que una fotograf\u00eda de ciclismo sea perfecta? - \u0160koda We Love Cycling - Spain\",\"isPartOf\":{\"@id\":\"https:\/\/www.welovecycling.com\/es\/#website\"},\"primaryImageOfPage\":{\"@id\":\"https:\/\/www.welovecycling.com\/es\/2017\/02\/06\/lo-una-fotografia-ciclismo-sea-perfecta\/#primaryimage\"},\"image\":{\"@id\":\"https:\/\/www.welovecycling.com\/es\/2017\/02\/06\/lo-una-fotografia-ciclismo-sea-perfecta\/#primaryimage\"},\"thumbnailUrl\":\"https:\/\/d2p6e6u75xmxt8.cloudfront.net\/6\/2017\/02\/kasl.jpg\",\"datePublished\":\"2017-02-06T10:13:38+00:00\",\"dateModified\":\"2017-02-08T16:42:49+00:00\",\"author\":{\"@id\":\"https:\/\/www.welovecycling.com\/es\/#\/schema\/person\/deb61715b5812698ee79fb96f343ccd4\"},\"breadcrumb\":{\"@id\":\"https:\/\/www.welovecycling.com\/es\/2017\/02\/06\/lo-una-fotografia-ciclismo-sea-perfecta\/#breadcrumb\"},\"inLanguage\":\"es-ES\",\"potentialAction\":[{\"@type\":\"ReadAction\",\"target\":[\"https:\/\/www.welovecycling.com\/es\/2017\/02\/06\/lo-una-fotografia-ciclismo-sea-perfecta\/\"]}]},{\"@type\":\"ImageObject\",\"inLanguage\":\"es-ES\",\"@id\":\"https:\/\/www.welovecycling.com\/es\/2017\/02\/06\/lo-una-fotografia-ciclismo-sea-perfecta\/#primaryimage\",\"url\":\"https:\/\/d2p6e6u75xmxt8.cloudfront.net\/6\/2017\/02\/kasl.jpg\",\"contentUrl\":\"https:\/\/d2p6e6u75xmxt8.cloudfront.net\/6\/2017\/02\/kasl.jpg\",\"width\":950,\"height\":350},{\"@type\":\"BreadcrumbList\",\"@id\":\"https:\/\/www.welovecycling.com\/es\/2017\/02\/06\/lo-una-fotografia-ciclismo-sea-perfecta\/#breadcrumb\",\"itemListElement\":[{\"@type\":\"ListItem\",\"position\":1,\"name\":\"Home\",\"item\":\"https:\/\/www.welovecycling.com\/es\/\"},{\"@type\":\"ListItem\",\"position\":2,\"name\":\"\u00bfQu\u00e9 es lo que hace que una fotograf\u00eda de ciclismo sea perfecta?\"}]},{\"@type\":\"WebSite\",\"@id\":\"https:\/\/www.welovecycling.com\/es\/#website\",\"url\":\"https:\/\/www.welovecycling.com\/es\/\",\"name\":\"\u0160koda We Love Cycling - Spain\",\"description\":\"\u0160koda WeLoveCycling Spain\",\"potentialAction\":[{\"@type\":\"SearchAction\",\"target\":{\"@type\":\"EntryPoint\",\"urlTemplate\":\"https:\/\/www.welovecycling.com\/es\/?s={search_term_string}\"},\"query-input\":{\"@type\":\"PropertyValueSpecification\",\"valueRequired\":true,\"valueName\":\"search_term_string\"}}],\"inLanguage\":\"es-ES\"},{\"@type\":\"Person\",\"@id\":\"https:\/\/www.welovecycling.com\/es\/#\/schema\/person\/deb61715b5812698ee79fb96f343ccd4\",\"name\":\"We Love Cycling Spain\",\"image\":{\"@type\":\"ImageObject\",\"inLanguage\":\"es-ES\",\"@id\":\"https:\/\/www.welovecycling.com\/es\/#\/schema\/person\/image\/\",\"url\":\"https:\/\/secure.gravatar.com\/avatar\/c824b04e6df0e37a03219d0b6481672889df542894588964102459e46513159c?s=96&d=mm&r=g\",\"contentUrl\":\"https:\/\/secure.gravatar.com\/avatar\/c824b04e6df0e37a03219d0b6481672889df542894588964102459e46513159c?s=96&d=mm&r=g\",\"caption\":\"We Love Cycling Spain\"},\"url\":\"https:\/\/www.welovecycling.com\/es\/author\/amunoz\/\"}]}<\/script>\n<!-- \/ Yoast SEO Premium plugin. -->","yoast_head_json":{"title":"\u00bfQu\u00e9 es lo que hace que una fotograf\u00eda de ciclismo sea perfecta? - \u0160koda We Love Cycling - Spain","robots":{"index":"index","follow":"follow","max-snippet":"max-snippet:-1","max-image-preview":"max-image-preview:large","max-video-preview":"max-video-preview:-1"},"canonical":"https:\/\/www.welovecycling.com\/es\/2017\/02\/06\/lo-una-fotografia-ciclismo-sea-perfecta\/","og_locale":"es_ES","og_type":"article","og_title":"\u00bfQu\u00e9 es lo que hace que una fotograf\u00eda de ciclismo sea perfecta?","og_description":"A lo largo de los \u00faltimos a\u00f1os hemos sido testigos de la explosi\u00f3n de la carrera fotogr\u00e1fica de Jan Kasl, [&hellip;]","og_url":"https:\/\/www.welovecycling.com\/es\/2017\/02\/06\/lo-una-fotografia-ciclismo-sea-perfecta\/","og_site_name":"\u0160koda We Love Cycling - Spain","article_published_time":"2017-02-06T10:13:38+00:00","article_modified_time":"2017-02-08T16:42:49+00:00","og_image":[{"width":950,"height":350,"url":"https:\/\/d2p6e6u75xmxt8.cloudfront.net\/6\/2017\/02\/kasl.jpg","type":"image\/jpeg"}],"author":"We Love Cycling Spain","twitter_card":"summary_large_image","twitter_misc":{"Written by":"We Love Cycling Spain","Est. reading time":"7 minutes"},"schema":{"@context":"https:\/\/schema.org","@graph":[{"@type":"WebPage","@id":"https:\/\/www.welovecycling.com\/es\/2017\/02\/06\/lo-una-fotografia-ciclismo-sea-perfecta\/","url":"https:\/\/www.welovecycling.com\/es\/2017\/02\/06\/lo-una-fotografia-ciclismo-sea-perfecta\/","name":"\u00bfQu\u00e9 es lo que hace que una fotograf\u00eda de ciclismo sea perfecta? - \u0160koda We Love Cycling - Spain","isPartOf":{"@id":"https:\/\/www.welovecycling.com\/es\/#website"},"primaryImageOfPage":{"@id":"https:\/\/www.welovecycling.com\/es\/2017\/02\/06\/lo-una-fotografia-ciclismo-sea-perfecta\/#primaryimage"},"image":{"@id":"https:\/\/www.welovecycling.com\/es\/2017\/02\/06\/lo-una-fotografia-ciclismo-sea-perfecta\/#primaryimage"},"thumbnailUrl":"https:\/\/d2p6e6u75xmxt8.cloudfront.net\/6\/2017\/02\/kasl.jpg","datePublished":"2017-02-06T10:13:38+00:00","dateModified":"2017-02-08T16:42:49+00:00","author":{"@id":"https:\/\/www.welovecycling.com\/es\/#\/schema\/person\/deb61715b5812698ee79fb96f343ccd4"},"breadcrumb":{"@id":"https:\/\/www.welovecycling.com\/es\/2017\/02\/06\/lo-una-fotografia-ciclismo-sea-perfecta\/#breadcrumb"},"inLanguage":"es-ES","potentialAction":[{"@type":"ReadAction","target":["https:\/\/www.welovecycling.com\/es\/2017\/02\/06\/lo-una-fotografia-ciclismo-sea-perfecta\/"]}]},{"@type":"ImageObject","inLanguage":"es-ES","@id":"https:\/\/www.welovecycling.com\/es\/2017\/02\/06\/lo-una-fotografia-ciclismo-sea-perfecta\/#primaryimage","url":"https:\/\/d2p6e6u75xmxt8.cloudfront.net\/6\/2017\/02\/kasl.jpg","contentUrl":"https:\/\/d2p6e6u75xmxt8.cloudfront.net\/6\/2017\/02\/kasl.jpg","width":950,"height":350},{"@type":"BreadcrumbList","@id":"https:\/\/www.welovecycling.com\/es\/2017\/02\/06\/lo-una-fotografia-ciclismo-sea-perfecta\/#breadcrumb","itemListElement":[{"@type":"ListItem","position":1,"name":"Home","item":"https:\/\/www.welovecycling.com\/es\/"},{"@type":"ListItem","position":2,"name":"\u00bfQu\u00e9 es lo que hace que una fotograf\u00eda de ciclismo sea perfecta?"}]},{"@type":"WebSite","@id":"https:\/\/www.welovecycling.com\/es\/#website","url":"https:\/\/www.welovecycling.com\/es\/","name":"\u0160koda We Love Cycling - Spain","description":"\u0160koda WeLoveCycling Spain","potentialAction":[{"@type":"SearchAction","target":{"@type":"EntryPoint","urlTemplate":"https:\/\/www.welovecycling.com\/es\/?s={search_term_string}"},"query-input":{"@type":"PropertyValueSpecification","valueRequired":true,"valueName":"search_term_string"}}],"inLanguage":"es-ES"},{"@type":"Person","@id":"https:\/\/www.welovecycling.com\/es\/#\/schema\/person\/deb61715b5812698ee79fb96f343ccd4","name":"We Love Cycling Spain","image":{"@type":"ImageObject","inLanguage":"es-ES","@id":"https:\/\/www.welovecycling.com\/es\/#\/schema\/person\/image\/","url":"https:\/\/secure.gravatar.com\/avatar\/c824b04e6df0e37a03219d0b6481672889df542894588964102459e46513159c?s=96&d=mm&r=g","contentUrl":"https:\/\/secure.gravatar.com\/avatar\/c824b04e6df0e37a03219d0b6481672889df542894588964102459e46513159c?s=96&d=mm&r=g","caption":"We Love Cycling Spain"},"url":"https:\/\/www.welovecycling.com\/es\/author\/amunoz\/"}]}},"_links":{"self":[{"href":"https:\/\/www.welovecycling.com\/es\/wp-json\/wp\/v2\/posts\/247","targetHints":{"allow":["GET"]}}],"collection":[{"href":"https:\/\/www.welovecycling.com\/es\/wp-json\/wp\/v2\/posts"}],"about":[{"href":"https:\/\/www.welovecycling.com\/es\/wp-json\/wp\/v2\/types\/post"}],"author":[{"embeddable":true,"href":"https:\/\/www.welovecycling.com\/es\/wp-json\/wp\/v2\/users\/29"}],"replies":[{"embeddable":true,"href":"https:\/\/www.welovecycling.com\/es\/wp-json\/wp\/v2\/comments?post=247"}],"version-history":[{"count":2,"href":"https:\/\/www.welovecycling.com\/es\/wp-json\/wp\/v2\/posts\/247\/revisions"}],"predecessor-version":[{"id":344,"href":"https:\/\/www.welovecycling.com\/es\/wp-json\/wp\/v2\/posts\/247\/revisions\/344"}],"wp:featuredmedia":[{"embeddable":true,"href":"https:\/\/www.welovecycling.com\/es\/wp-json\/wp\/v2\/media\/332"}],"wp:attachment":[{"href":"https:\/\/www.welovecycling.com\/es\/wp-json\/wp\/v2\/media?parent=247"}],"wp:term":[{"taxonomy":"category","embeddable":true,"href":"https:\/\/www.welovecycling.com\/es\/wp-json\/wp\/v2\/categories?post=247"},{"taxonomy":"post_tag","embeddable":true,"href":"https:\/\/www.welovecycling.com\/es\/wp-json\/wp\/v2\/tags?post=247"},{"taxonomy":"global-categories","embeddable":true,"href":"https:\/\/www.welovecycling.com\/es\/wp-json\/wp\/v2\/global-categories?post=247"}],"curies":[{"name":"wp","href":"https:\/\/api.w.org\/{rel}","templated":true}]}}