{"id":2454,"date":"2018-03-26T11:10:58","date_gmt":"2018-03-26T09:10:58","guid":{"rendered":"https:\/\/www.welovecycling.com\/es\/?p=2454"},"modified":"2018-03-26T11:10:58","modified_gmt":"2018-03-26T09:10:58","slug":"cosas-incomprensibles-para-los-no-ciclistas","status":"publish","type":"post","link":"https:\/\/www.welovecycling.com\/es\/2018\/03\/26\/cosas-incomprensibles-para-los-no-ciclistas\/","title":{"rendered":"13 cosas incomprensibles para los no ciclistas"},"content":{"rendered":"<p><strong>Hay un mont\u00f3n de cosas incompresibles para los no ciclistas. Aspectos que jam\u00e1s llegar\u00e1n a entender los que no practican el ciclismo. Aqu\u00ed tienes algunas de ellas.\u00a0<\/strong><!--more--><\/p>\n<p>\u00bfQu\u00e9 nos impulsa a salir en bici todos los d\u00edas y nos hace infelices cuando tenemos que saltarnos un entrenamiento?<\/p>\n<p>\u00bfPor qu\u00e9 (mayormente) nos saludamos en la ruta aunque nos hayamos encontrado por primera vez y por una fracci\u00f3n de segundo?<\/p>\n<p>\u00bfPara qu\u00e9 ser\u00e1 la tercera bici que acabamos de adquirir?<\/p>\n<p>\u00bfDe d\u00f3nde sacamos el conocimiento de todas estas cosas t\u00e9cnicas extra\u00f1as incluso sin estudiar ingenier\u00eda mec\u00e1nica en una universidad y c\u00f3mo podemos pasar toda la noche hablando de ello?<\/p>\n<p>\u00bfC\u00f3mo podemos divertirnos en un aparcamiento de bicicletas bajo la lluvia si parece que hemos pasado un d\u00eda completo luchando en el barro ?<\/p>\n<p>\u00bfDe d\u00f3nde sacan los ciclistas la energ\u00eda para divertirse despu\u00e9s de un d\u00eda entero de montar en bici cuando en realidad me siento m\u00e1s cansado que ellos sin hacer nada?<\/p>\n<p>&nbsp;<\/p>\n<lite-youtube videoid=mNqx2f9Pgj0 params=\"enablejsapi=1\" style=\"background-image: url('https:\/\/i.ytimg.com\/vi_webp\/mNqx2f9Pgj0\/maxresdefault.webp');\"><\/lite-youtube>\n<p>\u00bfPor qu\u00e9 los ciclistas dicen que el cambio de marchas italiano difiere del japon\u00e9s cuando ambos se ven casi iguales?<\/p>\n<p>\u00bfC\u00f3mo podemos correr hasta el piso 11 sin perder el aliento?<\/p>\n<p>C\u00f3mo, incluso en una e-bike, sudas tanto si quieres ir r\u00e1pido como si quieres ir lejos.<\/p>\n<p>A pesar de todas las razones por las que las e-bikes son consideradas guays, al final, realmente apestan.<\/p>\n<p>\u00bfC\u00f3mo lograremos recorrer 120 km antes de la comida del domingo?<\/p>\n<p>\u00bfQu\u00e9 diablos hace que nuestras bicicletas sean m\u00e1s caras que una motocicleta nueva?<\/p>\n<p>&nbsp;<\/p>\n","protected":false},"excerpt":{"rendered":"<p>Hay un mont\u00f3n de cosas incompresibles para los no ciclistas. Aspectos que jam\u00e1s llegar\u00e1n a entender los que no practican [&hellip;]<\/p>\n","protected":false},"author":29,"featured_media":2455,"comment_status":"open","ping_status":"open","sticky":false,"template":"","format":"standard","meta":{"footnotes":""},"categories":[7,8,9],"tags":[368,367,366],"global-categories":[],"class_list":["post-2454","post","type-post","status-publish","format-standard","has-post-thumbnail","hentry","category-carretera","category-life-style","category-mtb-aventura","tag-cosas-que-no-entienden-los-ciclistas","tag-diferencias-ciclistas","tag-filosofia-cicclista"],"yoast_head":"<!-- This site is optimized with the Yoast SEO Premium plugin v25.3 (Yoast SEO v25.9) - https:\/\/yoast.com\/wordpress\/plugins\/seo\/ -->\n<title>13 cosas incomprensibles para los no ciclistas - \u0160koda We Love Cycling - Spain<\/title>\n<meta name=\"description\" content=\"Hay un mont\u00f3n de cosas incompresibles para los no ciclistas. Aspectos que jam\u00e1s llegar\u00e1n a entender los que no practican el ciclismo.\" \/>\n<meta name=\"robots\" content=\"index, follow, max-snippet:-1, max-image-preview:large, max-video-preview:-1\" \/>\n<link rel=\"canonical\" href=\"https:\/\/www.welovecycling.com\/es\/2018\/03\/26\/cosas-incomprensibles-para-los-no-ciclistas\/\" \/>\n<meta property=\"og:locale\" content=\"es_ES\" \/>\n<meta property=\"og:type\" content=\"article\" \/>\n<meta property=\"og:title\" content=\"13 cosas incomprensibles para los no ciclistas\" \/>\n<meta property=\"og:description\" content=\"Hay un mont\u00f3n de cosas incompresibles para los no ciclistas. Aspectos que jam\u00e1s llegar\u00e1n a entender los que no practican el ciclismo.\" \/>\n<meta property=\"og:url\" content=\"https:\/\/www.welovecycling.com\/es\/2018\/03\/26\/cosas-incomprensibles-para-los-no-ciclistas\/\" \/>\n<meta property=\"og:site_name\" content=\"\u0160koda We Love Cycling - Spain\" \/>\n<meta property=\"article:published_time\" content=\"2018-03-26T09:10:58+00:00\" \/>\n<meta property=\"og:image\" content=\"https:\/\/d2p6e6u75xmxt8.cloudfront.net\/6\/2018\/03\/445784547875_56668468486.jpg\" \/>\n\t<meta property=\"og:image:width\" content=\"1366\" \/>\n\t<meta property=\"og:image:height\" content=\"600\" \/>\n\t<meta property=\"og:image:type\" content=\"image\/jpeg\" \/>\n<meta name=\"author\" content=\"We Love Cycling Spain\" \/>\n<meta name=\"twitter:card\" content=\"summary_large_image\" \/>\n<meta name=\"twitter:title\" content=\"13 cosas incomprensibles para los no ciclistas\" \/>\n<meta name=\"twitter:description\" content=\"Hay un mont\u00f3n de cosas incompresibles para los no ciclistas. Aspectos que jam\u00e1s llegar\u00e1n a entender los que no practican el ciclismo.\" \/>\n<meta name=\"twitter:label1\" content=\"Written by\" \/>\n\t<meta name=\"twitter:data1\" content=\"Adam Marsal\" \/>\n\t<meta name=\"twitter:label2\" content=\"Est. reading time\" \/>\n\t<meta name=\"twitter:data2\" content=\"1 minute\" \/>\n<script type=\"application\/ld+json\" class=\"yoast-schema-graph\">{\"@context\":\"https:\/\/schema.org\",\"@graph\":[{\"@type\":\"WebPage\",\"@id\":\"https:\/\/www.welovecycling.com\/es\/2018\/03\/26\/cosas-incomprensibles-para-los-no-ciclistas\/\",\"url\":\"https:\/\/www.welovecycling.com\/es\/2018\/03\/26\/cosas-incomprensibles-para-los-no-ciclistas\/\",\"name\":\"13 cosas incomprensibles para los no ciclistas - \u0160koda We Love Cycling - Spain\",\"isPartOf\":{\"@id\":\"https:\/\/www.welovecycling.com\/es\/#website\"},\"primaryImageOfPage\":{\"@id\":\"https:\/\/www.welovecycling.com\/es\/2018\/03\/26\/cosas-incomprensibles-para-los-no-ciclistas\/#primaryimage\"},\"image\":{\"@id\":\"https:\/\/www.welovecycling.com\/es\/2018\/03\/26\/cosas-incomprensibles-para-los-no-ciclistas\/#primaryimage\"},\"thumbnailUrl\":\"https:\/\/d2p6e6u75xmxt8.cloudfront.net\/6\/2018\/03\/445784547875_56668468486.jpg\",\"datePublished\":\"2018-03-26T09:10:58+00:00\",\"author\":{\"@id\":\"https:\/\/www.welovecycling.com\/es\/#\/schema\/person\/deb61715b5812698ee79fb96f343ccd4\"},\"description\":\"Hay un mont\u00f3n de cosas incompresibles para los no ciclistas. Aspectos que jam\u00e1s llegar\u00e1n a entender los que no practican el ciclismo.\",\"breadcrumb\":{\"@id\":\"https:\/\/www.welovecycling.com\/es\/2018\/03\/26\/cosas-incomprensibles-para-los-no-ciclistas\/#breadcrumb\"},\"inLanguage\":\"es-ES\",\"potentialAction\":[{\"@type\":\"ReadAction\",\"target\":[\"https:\/\/www.welovecycling.com\/es\/2018\/03\/26\/cosas-incomprensibles-para-los-no-ciclistas\/\"]}]},{\"@type\":\"ImageObject\",\"inLanguage\":\"es-ES\",\"@id\":\"https:\/\/www.welovecycling.com\/es\/2018\/03\/26\/cosas-incomprensibles-para-los-no-ciclistas\/#primaryimage\",\"url\":\"https:\/\/d2p6e6u75xmxt8.cloudfront.net\/6\/2018\/03\/445784547875_56668468486.jpg\",\"contentUrl\":\"https:\/\/d2p6e6u75xmxt8.cloudfront.net\/6\/2018\/03\/445784547875_56668468486.jpg\",\"width\":1366,\"height\":600},{\"@type\":\"BreadcrumbList\",\"@id\":\"https:\/\/www.welovecycling.com\/es\/2018\/03\/26\/cosas-incomprensibles-para-los-no-ciclistas\/#breadcrumb\",\"itemListElement\":[{\"@type\":\"ListItem\",\"position\":1,\"name\":\"Home\",\"item\":\"https:\/\/www.welovecycling.com\/es\/\"},{\"@type\":\"ListItem\",\"position\":2,\"name\":\"13 cosas incomprensibles para los no ciclistas\"}]},{\"@type\":\"WebSite\",\"@id\":\"https:\/\/www.welovecycling.com\/es\/#website\",\"url\":\"https:\/\/www.welovecycling.com\/es\/\",\"name\":\"\u0160koda We Love Cycling - Spain\",\"description\":\"\u0160koda WeLoveCycling Spain\",\"potentialAction\":[{\"@type\":\"SearchAction\",\"target\":{\"@type\":\"EntryPoint\",\"urlTemplate\":\"https:\/\/www.welovecycling.com\/es\/?s={search_term_string}\"},\"query-input\":{\"@type\":\"PropertyValueSpecification\",\"valueRequired\":true,\"valueName\":\"search_term_string\"}}],\"inLanguage\":\"es-ES\"},{\"@type\":\"Person\",\"@id\":\"https:\/\/www.welovecycling.com\/es\/#\/schema\/person\/deb61715b5812698ee79fb96f343ccd4\",\"name\":\"We Love Cycling Spain\",\"image\":{\"@type\":\"ImageObject\",\"inLanguage\":\"es-ES\",\"@id\":\"https:\/\/www.welovecycling.com\/es\/#\/schema\/person\/image\/\",\"url\":\"https:\/\/secure.gravatar.com\/avatar\/c824b04e6df0e37a03219d0b6481672889df542894588964102459e46513159c?s=96&d=mm&r=g\",\"contentUrl\":\"https:\/\/secure.gravatar.com\/avatar\/c824b04e6df0e37a03219d0b6481672889df542894588964102459e46513159c?s=96&d=mm&r=g\",\"caption\":\"We Love Cycling Spain\"},\"url\":\"https:\/\/www.welovecycling.com\/es\/author\/amunoz\/\"}]}<\/script>\n<!-- \/ Yoast SEO Premium plugin. -->","yoast_head_json":{"title":"13 cosas incomprensibles para los no ciclistas - \u0160koda We Love Cycling - Spain","description":"Hay un mont\u00f3n de cosas incompresibles para los no ciclistas. Aspectos que jam\u00e1s llegar\u00e1n a entender los que no practican el ciclismo.","robots":{"index":"index","follow":"follow","max-snippet":"max-snippet:-1","max-image-preview":"max-image-preview:large","max-video-preview":"max-video-preview:-1"},"canonical":"https:\/\/www.welovecycling.com\/es\/2018\/03\/26\/cosas-incomprensibles-para-los-no-ciclistas\/","og_locale":"es_ES","og_type":"article","og_title":"13 cosas incomprensibles para los no ciclistas","og_description":"Hay un mont\u00f3n de cosas incompresibles para los no ciclistas. Aspectos que jam\u00e1s llegar\u00e1n a entender los que no practican el ciclismo.","og_url":"https:\/\/www.welovecycling.com\/es\/2018\/03\/26\/cosas-incomprensibles-para-los-no-ciclistas\/","og_site_name":"\u0160koda We Love Cycling - Spain","article_published_time":"2018-03-26T09:10:58+00:00","og_image":[{"width":1366,"height":600,"url":"https:\/\/d2p6e6u75xmxt8.cloudfront.net\/6\/2018\/03\/445784547875_56668468486.jpg","type":"image\/jpeg"}],"author":"We Love Cycling Spain","twitter_card":"summary_large_image","twitter_title":"13 cosas incomprensibles para los no ciclistas","twitter_description":"Hay un mont\u00f3n de cosas incompresibles para los no ciclistas. Aspectos que jam\u00e1s llegar\u00e1n a entender los que no practican el ciclismo.","twitter_misc":{"Written by":"Adam Marsal","Est. reading time":"1 minute"},"schema":{"@context":"https:\/\/schema.org","@graph":[{"@type":"WebPage","@id":"https:\/\/www.welovecycling.com\/es\/2018\/03\/26\/cosas-incomprensibles-para-los-no-ciclistas\/","url":"https:\/\/www.welovecycling.com\/es\/2018\/03\/26\/cosas-incomprensibles-para-los-no-ciclistas\/","name":"13 cosas incomprensibles para los no ciclistas - \u0160koda We Love Cycling - Spain","isPartOf":{"@id":"https:\/\/www.welovecycling.com\/es\/#website"},"primaryImageOfPage":{"@id":"https:\/\/www.welovecycling.com\/es\/2018\/03\/26\/cosas-incomprensibles-para-los-no-ciclistas\/#primaryimage"},"image":{"@id":"https:\/\/www.welovecycling.com\/es\/2018\/03\/26\/cosas-incomprensibles-para-los-no-ciclistas\/#primaryimage"},"thumbnailUrl":"https:\/\/d2p6e6u75xmxt8.cloudfront.net\/6\/2018\/03\/445784547875_56668468486.jpg","datePublished":"2018-03-26T09:10:58+00:00","author":{"@id":"https:\/\/www.welovecycling.com\/es\/#\/schema\/person\/deb61715b5812698ee79fb96f343ccd4"},"description":"Hay un mont\u00f3n de cosas incompresibles para los no ciclistas. Aspectos que jam\u00e1s llegar\u00e1n a entender los que no practican el ciclismo.","breadcrumb":{"@id":"https:\/\/www.welovecycling.com\/es\/2018\/03\/26\/cosas-incomprensibles-para-los-no-ciclistas\/#breadcrumb"},"inLanguage":"es-ES","potentialAction":[{"@type":"ReadAction","target":["https:\/\/www.welovecycling.com\/es\/2018\/03\/26\/cosas-incomprensibles-para-los-no-ciclistas\/"]}]},{"@type":"ImageObject","inLanguage":"es-ES","@id":"https:\/\/www.welovecycling.com\/es\/2018\/03\/26\/cosas-incomprensibles-para-los-no-ciclistas\/#primaryimage","url":"https:\/\/d2p6e6u75xmxt8.cloudfront.net\/6\/2018\/03\/445784547875_56668468486.jpg","contentUrl":"https:\/\/d2p6e6u75xmxt8.cloudfront.net\/6\/2018\/03\/445784547875_56668468486.jpg","width":1366,"height":600},{"@type":"BreadcrumbList","@id":"https:\/\/www.welovecycling.com\/es\/2018\/03\/26\/cosas-incomprensibles-para-los-no-ciclistas\/#breadcrumb","itemListElement":[{"@type":"ListItem","position":1,"name":"Home","item":"https:\/\/www.welovecycling.com\/es\/"},{"@type":"ListItem","position":2,"name":"13 cosas incomprensibles para los no ciclistas"}]},{"@type":"WebSite","@id":"https:\/\/www.welovecycling.com\/es\/#website","url":"https:\/\/www.welovecycling.com\/es\/","name":"\u0160koda We Love Cycling - Spain","description":"\u0160koda WeLoveCycling Spain","potentialAction":[{"@type":"SearchAction","target":{"@type":"EntryPoint","urlTemplate":"https:\/\/www.welovecycling.com\/es\/?s={search_term_string}"},"query-input":{"@type":"PropertyValueSpecification","valueRequired":true,"valueName":"search_term_string"}}],"inLanguage":"es-ES"},{"@type":"Person","@id":"https:\/\/www.welovecycling.com\/es\/#\/schema\/person\/deb61715b5812698ee79fb96f343ccd4","name":"We Love Cycling Spain","image":{"@type":"ImageObject","inLanguage":"es-ES","@id":"https:\/\/www.welovecycling.com\/es\/#\/schema\/person\/image\/","url":"https:\/\/secure.gravatar.com\/avatar\/c824b04e6df0e37a03219d0b6481672889df542894588964102459e46513159c?s=96&d=mm&r=g","contentUrl":"https:\/\/secure.gravatar.com\/avatar\/c824b04e6df0e37a03219d0b6481672889df542894588964102459e46513159c?s=96&d=mm&r=g","caption":"We Love Cycling Spain"},"url":"https:\/\/www.welovecycling.com\/es\/author\/amunoz\/"}]}},"_links":{"self":[{"href":"https:\/\/www.welovecycling.com\/es\/wp-json\/wp\/v2\/posts\/2454","targetHints":{"allow":["GET"]}}],"collection":[{"href":"https:\/\/www.welovecycling.com\/es\/wp-json\/wp\/v2\/posts"}],"about":[{"href":"https:\/\/www.welovecycling.com\/es\/wp-json\/wp\/v2\/types\/post"}],"author":[{"embeddable":true,"href":"https:\/\/www.welovecycling.com\/es\/wp-json\/wp\/v2\/users\/29"}],"replies":[{"embeddable":true,"href":"https:\/\/www.welovecycling.com\/es\/wp-json\/wp\/v2\/comments?post=2454"}],"version-history":[{"count":1,"href":"https:\/\/www.welovecycling.com\/es\/wp-json\/wp\/v2\/posts\/2454\/revisions"}],"predecessor-version":[{"id":2457,"href":"https:\/\/www.welovecycling.com\/es\/wp-json\/wp\/v2\/posts\/2454\/revisions\/2457"}],"wp:featuredmedia":[{"embeddable":true,"href":"https:\/\/www.welovecycling.com\/es\/wp-json\/wp\/v2\/media\/2455"}],"wp:attachment":[{"href":"https:\/\/www.welovecycling.com\/es\/wp-json\/wp\/v2\/media?parent=2454"}],"wp:term":[{"taxonomy":"category","embeddable":true,"href":"https:\/\/www.welovecycling.com\/es\/wp-json\/wp\/v2\/categories?post=2454"},{"taxonomy":"post_tag","embeddable":true,"href":"https:\/\/www.welovecycling.com\/es\/wp-json\/wp\/v2\/tags?post=2454"},{"taxonomy":"global-categories","embeddable":true,"href":"https:\/\/www.welovecycling.com\/es\/wp-json\/wp\/v2\/global-categories?post=2454"}],"curies":[{"name":"wp","href":"https:\/\/api.w.org\/{rel}","templated":true}]}}