{"id":2395,"date":"2018-03-16T11:35:07","date_gmt":"2018-03-16T09:35:07","guid":{"rendered":"https:\/\/www.welovecycling.com\/es\/?p=2395"},"modified":"2018-03-23T15:41:46","modified_gmt":"2018-03-23T13:41:46","slug":"strade-bianche-cicloturista-carrera-profesional","status":"publish","type":"post","link":"https:\/\/www.welovecycling.com\/es\/2018\/03\/16\/strade-bianche-cicloturista-carrera-profesional\/","title":{"rendered":"Strade Bianche. De cicloturista a carrera profesional"},"content":{"rendered":"<p><strong>\u00bfEs ya el sexto monumento? La Strade Bianche, con solo 12 ediciones a sus espaldas, se est\u00e1 ganando entre los aficionados y los ciclistas la categor\u00eda de una de las carreras de un d\u00eda m\u00e1s importantes de la temporada. Para algunos, a la altura de Tour de Flandes o Roubaix. No en vano ya se guarda la fecha de la carrera italiana para no perderse ni un minuto lo que sucede all\u00ed.\u00a0<\/strong><!--more--><\/p>\n<p>Y es que las pistas de tierra blanca de la Toscana han enganchado a aficionados y ciclistas profesionales. Una simbiosis curiosa que no se daba desde hace tiempo. En esta edici\u00f3n de 2018, con la tierra convertida en barro por el diluvio, se unieron a\u00fan m\u00e1s la voluntades. Apasionados del ciclismo pegados a la televisi\u00f3n para ver el espect\u00e1culo y ciclistas disfrutando pese a las duras condiciones. <strong>Benoot, Valverde, Bardet y Van Aert<\/strong> se jugaron el triunfo final despu\u00e9s de descolgar a<strong> Sagan, Van Avermaet, Kwiatkowski, Dumoulin o Nibali,<\/strong> que se qued\u00f3 por el camino. Nombres que por s\u00ed solos dan prestigio a la carrera. Y que acuden all\u00ed con la ilusi\u00f3n de entrar en solitario en la Piazza del Campo, quiz\u00e1s una de las metas mas bellas del profesionalismo.<br \/>\n<a href=\"https:\/\/d2p6e6u75xmxt8.cloudfront.net\/6\/2018\/03\/strade-2018-25.JPG.jpg\"><img loading=\"lazy\" decoding=\"async\" class=\"aligncenter size-large wp-image-2397\" src=\"https:\/\/d2p6e6u75xmxt8.cloudfront.net\/6\/2018\/03\/strade-2018-25.JPG-1024x768.jpg\" alt=\"\" width=\"1024\" height=\"768\" srcset=\"https:\/\/d2p6e6u75xmxt8.cloudfront.net\/6\/2018\/03\/strade-2018-25.JPG.jpg 1024w, https:\/\/d2p6e6u75xmxt8.cloudfront.net\/6\/2018\/03\/strade-2018-25.JPG-300x225.jpg 300w, https:\/\/d2p6e6u75xmxt8.cloudfront.net\/6\/2018\/03\/strade-2018-25.JPG-768x576.jpg 768w\" sizes=\"auto, (max-width: 1024px) 100vw, 1024px\" \/><\/a>Esta vuelta al pasado y a los caminos de tierra (en esta edici\u00f3n de <a href=\"http:\/\/www.strade-bianche.it\/en\/\">Strade<\/a> hab\u00eda hasta 60 kil\u00f3metros de sterrato divididos en 11 tramos) tiene su l\u00f3gica por el crecimiento del ciclismo vintage. El inicio estuvo en <strong>La Eroica, una cicloturista que obliga a sus participantes a ir con bicicletas anteriores a 1987<\/strong>, con ropa antigua y a recorrer las colinas y los sterratos de La Toscana con ellas. Igual que se hac\u00eda en los Giros de principios del pasado siglo.<\/p>\n<p><a href=\"https:\/\/eroica.cc\/\">La Eroica,<\/a> que se celebra en octubre desde<strong> 1997 a unos 30 kil\u00f3metros de Siena,<\/strong> en Gaiole Chianti, re\u00fane ya a m\u00e1s de 6000 cicloturistas de todo el mundo para hacer sus <a href=\"http:\/\/www.eroicagaiole.com\/routes\">209 kil\u00f3metros en la versi\u00f3n m\u00e1s larg<\/a>a. Ahora mismo es una franquicia que celebra este tipo de <strong>cicloturistas vintage en todo el mundo<\/strong>. Britannia, Hispania, Japon, Punta del Este, California&#8230; De su crecimiento surgi\u00f3 la idea de trasladarlo al profesionalismo. Las primeras ediciones, desde 2007, con salida en Gaiole y despu\u00e9s con inicio y final en Siena, la ciudad m\u00e1s importante de la comarca.<\/p>\n<figure style=\"width: 1920px\" class=\"wp-caption alignnone\"><img loading=\"lazy\" decoding=\"async\" class=\"size-extra-large\" src=\"http:\/\/www.eroicagaiole.com\/uploads\/gaioleeroica\/news\/images\/big\/74ec4635f04ef8447d7c534dd1e3910f3c13759a.jpg\" width=\"1920\" height=\"1080\" \/><figcaption class=\"wp-caption-text\">Foto. La Eroica<\/figcaption><\/figure>\n<p>&nbsp;<\/p>\n<p>El &#8216;renombre&#8217; entre los profesionales lo empez\u00f3 a cobrar en la segunda edici\u00f3n cuando <strong>Fabian Cancellara,<\/strong> que por aquel entonces era la referencia en las cl\u00e1sicas, inscribi\u00f3 su nombre por delante de Ballan, campe\u00f3n del mundo. Desde esa fecha se ha ganado un hueco en el calendario. <strong>Siempre como previa a la Tirreno Adri\u00e1tico y a la Mil\u00e1n Sanremo, que tambi\u00e9n organiza RCS.<\/strong>\u00a0Ya la han denominado la Cl\u00e1sica del Norte m\u00e1s al sur de Europa. Por lo alto de su podio han pasado adem\u00e1s de Cancellara, que tiene tres victorias y ha puesto su nombre a uno de los tramos, <a title=\"Micha\u0142 Kwiatkowski\" href=\"https:\/\/es.wikipedia.org\/wiki\/Micha%C5%82_Kwiatkowski\">Micha\u0142 Kwiatkowski,\u00a0<\/a>Gilbert y Stybar, y se han quedado escalones m\u00e1s abajo Valverde, Van Avermaet, Sagan o Bardet.<\/p>\n<p>La <strong>gran peculiaridad de la Strade Bianche<\/strong> es que est\u00e1 abierta a todo tipo de ciclistas. El sterrato es transitable, aunque este mojado, y no penaliza tanto a los corredores de poco peso como los adoquines de las cl\u00e1sicas del norte, donde es dif\u00edcil ver disputar a <strong>Bardet, Valverde o Nibali<\/strong>. En la carrera de La Toscana se re\u00fane un pelot\u00f3n que mezcla los clasic\u00f3manos especialistas en <strong>adoquines<\/strong>, <strong>Van Avermaet o Sagan,<\/strong> con los reyes de los muros de las <strong>Ardenas, Valverde, Kwiatkowski o Wellens, con vuelt\u00f3manos como Nibali o Dumoulin.<\/strong><\/p>\n<p>&nbsp;<\/p>\n<div class=\"embed-controller-wrapper\">\n<div class=\"embed-wrapper\"><iframe title=\"VAN AERT SE CAE POR EL CANSANCIO SUBIENDO SANTA CATERINA #STRADEBIANCHE\" width=\"500\" height=\"375\" data-src=\"https:\/\/www.youtube.com\/embed\/Z3aH9e5pTmg?feature=oembed\" frameborder=\"0\" allow=\"accelerometer; autoplay; clipboard-write; encrypted-media; gyroscope; picture-in-picture; web-share\" referrerpolicy=\"strict-origin-when-cross-origin\" allowfullscreen><\/iframe><\/div>\n<\/div>\n<p>El misticismo de la carrera empieza a llegar cuando los aficionados conocen sus tramos y los puntos clave. <strong>El Muro de Santa Caterina, un tramo adoquinado al 12% en el centro de la ciudad de Siena y<\/strong> a solo 300 metros de la l\u00ednea de llegada se ha convertido en un lugar de referencia. All\u00ed se hacen hueco como pueden los amantes del ciclismo para ver la resoluci\u00f3n de la prueba. Es casi imposible conseguir lugar si no llegas dos horas antes.\u00a0 All\u00ed solt\u00f3 Cancellara a su rivales y Stybar a Valverde, y en la \u00faltima edici\u00f3n Van Aert tuvo que subir los \u00faltimos 10 metros a pie porque se qued\u00f3 sin fuerzas. Im\u00e1genes que hacen de ese un lugar de culto ciclista.<\/p>\n<p>Antes, <strong>La Tolfe<\/strong> ya se conoce como el tramo final de tierra, con una rampa del 18%. El tramo de <strong>Santa Maria<\/strong>, con 12 kil\u00f3metros y un descenso vertigionoso como el m\u00e1s duro de la prueba y el tramo de <strong>San Martino in Grania<\/strong>, de 9,5 kil\u00f3metros, como el &#8216;clave&#8217; para que se rompa el pelot\u00f3n. Y es que Strade Bianche, pese a tener menos de 200 de recorrido, siempre se hace extremadamente duro, llueva o no. Raro es el a\u00f1o que a las puertas de Siena llegan m\u00e1s de 3 o 4 corredores juntos.<\/p>\n<p><a href=\"https:\/\/d2p6e6u75xmxt8.cloudfront.net\/6\/2018\/03\/sportograf-113846779_lowres.jpg\"><img loading=\"lazy\" decoding=\"async\" class=\"aligncenter size-large wp-image-2398\" src=\"https:\/\/d2p6e6u75xmxt8.cloudfront.net\/6\/2018\/03\/sportograf-113846779_lowres-1024x684.jpg\" alt=\"\" width=\"1024\" height=\"684\" srcset=\"https:\/\/d2p6e6u75xmxt8.cloudfront.net\/6\/2018\/03\/sportograf-113846779_lowres.jpg 1024w, https:\/\/d2p6e6u75xmxt8.cloudfront.net\/6\/2018\/03\/sportograf-113846779_lowres-300x200.jpg 300w, https:\/\/d2p6e6u75xmxt8.cloudfront.net\/6\/2018\/03\/sportograf-113846779_lowres-768x513.jpg 768w, https:\/\/d2p6e6u75xmxt8.cloudfront.net\/6\/2018\/03\/sportograf-113846779_lowres-272x182.jpg 272w\" sizes=\"auto, (max-width: 1024px) 100vw, 1024px\" \/><\/a><br \/>\nY para cerrar el circulo <a href=\"http:\/\/gfstradebianche.it\/\">Strade Bianche tambi\u00e9n tiene su versi\u00f3n cicloturista<\/a> desde hace dos ediciones. Una marcha por los caminos de tierra pero con bicicletas actuales, igual que los profesionales y que ya junta a 5.000 personas. Cicloturismo vintagen, ciclismo profesional y de nuevo cicloturismo.<\/p>\n","protected":false},"excerpt":{"rendered":"<p>\u00bfEs ya el sexto monumento? La Strade Bianche, con solo 12 ediciones a sus espaldas, se est\u00e1 ganando entre los [&hellip;]<\/p>\n","protected":false},"author":29,"featured_media":2396,"comment_status":"open","ping_status":"open","sticky":false,"template":"","format":"standard","meta":{"footnotes":""},"categories":[7],"tags":[347,345,346,348],"global-categories":[],"class_list":["post-2395","post","type-post","status-publish","format-standard","has-post-thumbnail","hentry","category-carretera","tag-eroica","tag-strade-bianche","tag-strade-bianche-2018","tag-strade-bianche-y-eroica"],"yoast_head":"<!-- This site is optimized with the Yoast SEO Premium plugin v25.3 (Yoast SEO v25.9) - https:\/\/yoast.com\/wordpress\/plugins\/seo\/ -->\n<title>Strade Bianche. De cicloturista a carrera profesional - \u0160koda We Love Cycling - Spain<\/title>\n<meta name=\"description\" content=\"La Strade Bianche son solo 12 ediciones se est\u00e1 ganando el nombre del sexto monumento. Pero, \u00bfdonde naci\u00f3 esta carrera y porqu\u00e9 se sigue con pasi\u00f3n?\" \/>\n<meta name=\"robots\" content=\"index, follow, max-snippet:-1, max-image-preview:large, max-video-preview:-1\" \/>\n<link rel=\"canonical\" href=\"https:\/\/www.welovecycling.com\/es\/2018\/03\/16\/strade-bianche-cicloturista-carrera-profesional\/\" \/>\n<meta property=\"og:locale\" content=\"es_ES\" \/>\n<meta property=\"og:type\" content=\"article\" \/>\n<meta property=\"og:title\" content=\"Strade Bianche. De cicloturista a carrera profesional\" \/>\n<meta property=\"og:description\" content=\"\u00bfEs ya el sexto monumento? La Strade Bianche, con solo 12 ediciones a sus espaldas, se est\u00e1 ganando entre los aficionados y los ciclistas la categor\u00eda de una de las carreras de un d\u00eda m\u00e1s importantes de la temporada.\" \/>\n<meta property=\"og:url\" content=\"https:\/\/www.welovecycling.com\/es\/2018\/03\/16\/strade-bianche-cicloturista-carrera-profesional\/\" \/>\n<meta property=\"og:site_name\" content=\"\u0160koda We Love Cycling - Spain\" \/>\n<meta property=\"article:published_time\" content=\"2018-03-16T09:35:07+00:00\" \/>\n<meta property=\"article:modified_time\" content=\"2018-03-23T13:41:46+00:00\" \/>\n<meta property=\"og:image\" content=\"https:\/\/d2p6e6u75xmxt8.cloudfront.net\/6\/2018\/03\/strade-2018-11.JPG.jpg\" \/>\n\t<meta property=\"og:image:width\" content=\"1024\" \/>\n\t<meta property=\"og:image:height\" content=\"798\" \/>\n\t<meta property=\"og:image:type\" content=\"image\/jpeg\" \/>\n<meta name=\"author\" content=\"We Love Cycling Spain\" \/>\n<meta name=\"twitter:card\" content=\"summary_large_image\" \/>\n<meta name=\"twitter:title\" content=\"Strade Bianche. De cicloturista a carrera profesional\" \/>\n<meta name=\"twitter:description\" content=\"\u00bfEs ya el sexto monumento? La Strade Bianche, con solo 12 ediciones a sus espaldas, se est\u00e1 ganando entre los aficionados y los ciclistas la categor\u00eda de una de las carreras de un d\u00eda m\u00e1s importantes de la temporada.\" \/>\n<meta name=\"twitter:label1\" content=\"Written by\" \/>\n\t<meta name=\"twitter:data1\" content=\"Luis Ortega @ciclored\" \/>\n\t<meta name=\"twitter:label2\" content=\"Est. reading time\" \/>\n\t<meta name=\"twitter:data2\" content=\"5 minutes\" \/>\n<script type=\"application\/ld+json\" class=\"yoast-schema-graph\">{\"@context\":\"https:\/\/schema.org\",\"@graph\":[{\"@type\":\"WebPage\",\"@id\":\"https:\/\/www.welovecycling.com\/es\/2018\/03\/16\/strade-bianche-cicloturista-carrera-profesional\/\",\"url\":\"https:\/\/www.welovecycling.com\/es\/2018\/03\/16\/strade-bianche-cicloturista-carrera-profesional\/\",\"name\":\"Strade Bianche. De cicloturista a carrera profesional - \u0160koda We Love Cycling - Spain\",\"isPartOf\":{\"@id\":\"https:\/\/www.welovecycling.com\/es\/#website\"},\"primaryImageOfPage\":{\"@id\":\"https:\/\/www.welovecycling.com\/es\/2018\/03\/16\/strade-bianche-cicloturista-carrera-profesional\/#primaryimage\"},\"image\":{\"@id\":\"https:\/\/www.welovecycling.com\/es\/2018\/03\/16\/strade-bianche-cicloturista-carrera-profesional\/#primaryimage\"},\"thumbnailUrl\":\"https:\/\/d2p6e6u75xmxt8.cloudfront.net\/6\/2018\/03\/strade-2018-11.JPG.jpg\",\"datePublished\":\"2018-03-16T09:35:07+00:00\",\"dateModified\":\"2018-03-23T13:41:46+00:00\",\"author\":{\"@id\":\"https:\/\/www.welovecycling.com\/es\/#\/schema\/person\/deb61715b5812698ee79fb96f343ccd4\"},\"description\":\"La Strade Bianche son solo 12 ediciones se est\u00e1 ganando el nombre del sexto monumento. Pero, \u00bfdonde naci\u00f3 esta carrera y porqu\u00e9 se sigue con pasi\u00f3n?\",\"breadcrumb\":{\"@id\":\"https:\/\/www.welovecycling.com\/es\/2018\/03\/16\/strade-bianche-cicloturista-carrera-profesional\/#breadcrumb\"},\"inLanguage\":\"es-ES\",\"potentialAction\":[{\"@type\":\"ReadAction\",\"target\":[\"https:\/\/www.welovecycling.com\/es\/2018\/03\/16\/strade-bianche-cicloturista-carrera-profesional\/\"]}]},{\"@type\":\"ImageObject\",\"inLanguage\":\"es-ES\",\"@id\":\"https:\/\/www.welovecycling.com\/es\/2018\/03\/16\/strade-bianche-cicloturista-carrera-profesional\/#primaryimage\",\"url\":\"https:\/\/d2p6e6u75xmxt8.cloudfront.net\/6\/2018\/03\/strade-2018-11.JPG.jpg\",\"contentUrl\":\"https:\/\/d2p6e6u75xmxt8.cloudfront.net\/6\/2018\/03\/strade-2018-11.JPG.jpg\",\"width\":1024,\"height\":798},{\"@type\":\"BreadcrumbList\",\"@id\":\"https:\/\/www.welovecycling.com\/es\/2018\/03\/16\/strade-bianche-cicloturista-carrera-profesional\/#breadcrumb\",\"itemListElement\":[{\"@type\":\"ListItem\",\"position\":1,\"name\":\"Home\",\"item\":\"https:\/\/www.welovecycling.com\/es\/\"},{\"@type\":\"ListItem\",\"position\":2,\"name\":\"Strade Bianche. De cicloturista a carrera profesional\"}]},{\"@type\":\"WebSite\",\"@id\":\"https:\/\/www.welovecycling.com\/es\/#website\",\"url\":\"https:\/\/www.welovecycling.com\/es\/\",\"name\":\"\u0160koda We Love Cycling - Spain\",\"description\":\"\u0160koda WeLoveCycling Spain\",\"potentialAction\":[{\"@type\":\"SearchAction\",\"target\":{\"@type\":\"EntryPoint\",\"urlTemplate\":\"https:\/\/www.welovecycling.com\/es\/?s={search_term_string}\"},\"query-input\":{\"@type\":\"PropertyValueSpecification\",\"valueRequired\":true,\"valueName\":\"search_term_string\"}}],\"inLanguage\":\"es-ES\"},{\"@type\":\"Person\",\"@id\":\"https:\/\/www.welovecycling.com\/es\/#\/schema\/person\/deb61715b5812698ee79fb96f343ccd4\",\"name\":\"We Love Cycling Spain\",\"image\":{\"@type\":\"ImageObject\",\"inLanguage\":\"es-ES\",\"@id\":\"https:\/\/www.welovecycling.com\/es\/#\/schema\/person\/image\/\",\"url\":\"https:\/\/secure.gravatar.com\/avatar\/c824b04e6df0e37a03219d0b6481672889df542894588964102459e46513159c?s=96&d=mm&r=g\",\"contentUrl\":\"https:\/\/secure.gravatar.com\/avatar\/c824b04e6df0e37a03219d0b6481672889df542894588964102459e46513159c?s=96&d=mm&r=g\",\"caption\":\"We Love Cycling Spain\"},\"url\":\"https:\/\/www.welovecycling.com\/es\/author\/amunoz\/\"}]}<\/script>\n<!-- \/ Yoast SEO Premium plugin. -->","yoast_head_json":{"title":"Strade Bianche. De cicloturista a carrera profesional - \u0160koda We Love Cycling - Spain","description":"La Strade Bianche son solo 12 ediciones se est\u00e1 ganando el nombre del sexto monumento. Pero, \u00bfdonde naci\u00f3 esta carrera y porqu\u00e9 se sigue con pasi\u00f3n?","robots":{"index":"index","follow":"follow","max-snippet":"max-snippet:-1","max-image-preview":"max-image-preview:large","max-video-preview":"max-video-preview:-1"},"canonical":"https:\/\/www.welovecycling.com\/es\/2018\/03\/16\/strade-bianche-cicloturista-carrera-profesional\/","og_locale":"es_ES","og_type":"article","og_title":"Strade Bianche. De cicloturista a carrera profesional","og_description":"\u00bfEs ya el sexto monumento? La Strade Bianche, con solo 12 ediciones a sus espaldas, se est\u00e1 ganando entre los aficionados y los ciclistas la categor\u00eda de una de las carreras de un d\u00eda m\u00e1s importantes de la temporada.","og_url":"https:\/\/www.welovecycling.com\/es\/2018\/03\/16\/strade-bianche-cicloturista-carrera-profesional\/","og_site_name":"\u0160koda We Love Cycling - Spain","article_published_time":"2018-03-16T09:35:07+00:00","article_modified_time":"2018-03-23T13:41:46+00:00","og_image":[{"width":1024,"height":798,"url":"https:\/\/d2p6e6u75xmxt8.cloudfront.net\/6\/2018\/03\/strade-2018-11.JPG.jpg","type":"image\/jpeg"}],"author":"We Love Cycling Spain","twitter_card":"summary_large_image","twitter_title":"Strade Bianche. De cicloturista a carrera profesional","twitter_description":"\u00bfEs ya el sexto monumento? La Strade Bianche, con solo 12 ediciones a sus espaldas, se est\u00e1 ganando entre los aficionados y los ciclistas la categor\u00eda de una de las carreras de un d\u00eda m\u00e1s importantes de la temporada.","twitter_misc":{"Written by":"Luis Ortega @ciclored","Est. reading time":"5 minutes"},"schema":{"@context":"https:\/\/schema.org","@graph":[{"@type":"WebPage","@id":"https:\/\/www.welovecycling.com\/es\/2018\/03\/16\/strade-bianche-cicloturista-carrera-profesional\/","url":"https:\/\/www.welovecycling.com\/es\/2018\/03\/16\/strade-bianche-cicloturista-carrera-profesional\/","name":"Strade Bianche. De cicloturista a carrera profesional - \u0160koda We Love Cycling - Spain","isPartOf":{"@id":"https:\/\/www.welovecycling.com\/es\/#website"},"primaryImageOfPage":{"@id":"https:\/\/www.welovecycling.com\/es\/2018\/03\/16\/strade-bianche-cicloturista-carrera-profesional\/#primaryimage"},"image":{"@id":"https:\/\/www.welovecycling.com\/es\/2018\/03\/16\/strade-bianche-cicloturista-carrera-profesional\/#primaryimage"},"thumbnailUrl":"https:\/\/d2p6e6u75xmxt8.cloudfront.net\/6\/2018\/03\/strade-2018-11.JPG.jpg","datePublished":"2018-03-16T09:35:07+00:00","dateModified":"2018-03-23T13:41:46+00:00","author":{"@id":"https:\/\/www.welovecycling.com\/es\/#\/schema\/person\/deb61715b5812698ee79fb96f343ccd4"},"description":"La Strade Bianche son solo 12 ediciones se est\u00e1 ganando el nombre del sexto monumento. Pero, \u00bfdonde naci\u00f3 esta carrera y porqu\u00e9 se sigue con pasi\u00f3n?","breadcrumb":{"@id":"https:\/\/www.welovecycling.com\/es\/2018\/03\/16\/strade-bianche-cicloturista-carrera-profesional\/#breadcrumb"},"inLanguage":"es-ES","potentialAction":[{"@type":"ReadAction","target":["https:\/\/www.welovecycling.com\/es\/2018\/03\/16\/strade-bianche-cicloturista-carrera-profesional\/"]}]},{"@type":"ImageObject","inLanguage":"es-ES","@id":"https:\/\/www.welovecycling.com\/es\/2018\/03\/16\/strade-bianche-cicloturista-carrera-profesional\/#primaryimage","url":"https:\/\/d2p6e6u75xmxt8.cloudfront.net\/6\/2018\/03\/strade-2018-11.JPG.jpg","contentUrl":"https:\/\/d2p6e6u75xmxt8.cloudfront.net\/6\/2018\/03\/strade-2018-11.JPG.jpg","width":1024,"height":798},{"@type":"BreadcrumbList","@id":"https:\/\/www.welovecycling.com\/es\/2018\/03\/16\/strade-bianche-cicloturista-carrera-profesional\/#breadcrumb","itemListElement":[{"@type":"ListItem","position":1,"name":"Home","item":"https:\/\/www.welovecycling.com\/es\/"},{"@type":"ListItem","position":2,"name":"Strade Bianche. De cicloturista a carrera profesional"}]},{"@type":"WebSite","@id":"https:\/\/www.welovecycling.com\/es\/#website","url":"https:\/\/www.welovecycling.com\/es\/","name":"\u0160koda We Love Cycling - Spain","description":"\u0160koda WeLoveCycling Spain","potentialAction":[{"@type":"SearchAction","target":{"@type":"EntryPoint","urlTemplate":"https:\/\/www.welovecycling.com\/es\/?s={search_term_string}"},"query-input":{"@type":"PropertyValueSpecification","valueRequired":true,"valueName":"search_term_string"}}],"inLanguage":"es-ES"},{"@type":"Person","@id":"https:\/\/www.welovecycling.com\/es\/#\/schema\/person\/deb61715b5812698ee79fb96f343ccd4","name":"We Love Cycling Spain","image":{"@type":"ImageObject","inLanguage":"es-ES","@id":"https:\/\/www.welovecycling.com\/es\/#\/schema\/person\/image\/","url":"https:\/\/secure.gravatar.com\/avatar\/c824b04e6df0e37a03219d0b6481672889df542894588964102459e46513159c?s=96&d=mm&r=g","contentUrl":"https:\/\/secure.gravatar.com\/avatar\/c824b04e6df0e37a03219d0b6481672889df542894588964102459e46513159c?s=96&d=mm&r=g","caption":"We Love Cycling Spain"},"url":"https:\/\/www.welovecycling.com\/es\/author\/amunoz\/"}]}},"_links":{"self":[{"href":"https:\/\/www.welovecycling.com\/es\/wp-json\/wp\/v2\/posts\/2395","targetHints":{"allow":["GET"]}}],"collection":[{"href":"https:\/\/www.welovecycling.com\/es\/wp-json\/wp\/v2\/posts"}],"about":[{"href":"https:\/\/www.welovecycling.com\/es\/wp-json\/wp\/v2\/types\/post"}],"author":[{"embeddable":true,"href":"https:\/\/www.welovecycling.com\/es\/wp-json\/wp\/v2\/users\/29"}],"replies":[{"embeddable":true,"href":"https:\/\/www.welovecycling.com\/es\/wp-json\/wp\/v2\/comments?post=2395"}],"version-history":[{"count":2,"href":"https:\/\/www.welovecycling.com\/es\/wp-json\/wp\/v2\/posts\/2395\/revisions"}],"predecessor-version":[{"id":2436,"href":"https:\/\/www.welovecycling.com\/es\/wp-json\/wp\/v2\/posts\/2395\/revisions\/2436"}],"wp:featuredmedia":[{"embeddable":true,"href":"https:\/\/www.welovecycling.com\/es\/wp-json\/wp\/v2\/media\/2396"}],"wp:attachment":[{"href":"https:\/\/www.welovecycling.com\/es\/wp-json\/wp\/v2\/media?parent=2395"}],"wp:term":[{"taxonomy":"category","embeddable":true,"href":"https:\/\/www.welovecycling.com\/es\/wp-json\/wp\/v2\/categories?post=2395"},{"taxonomy":"post_tag","embeddable":true,"href":"https:\/\/www.welovecycling.com\/es\/wp-json\/wp\/v2\/tags?post=2395"},{"taxonomy":"global-categories","embeddable":true,"href":"https:\/\/www.welovecycling.com\/es\/wp-json\/wp\/v2\/global-categories?post=2395"}],"curies":[{"name":"wp","href":"https:\/\/api.w.org\/{rel}","templated":true}]}}