{"id":235,"date":"2017-02-06T10:05:18","date_gmt":"2017-02-06T10:05:18","guid":{"rendered":"https:\/\/www.welovecycling.com\/es\/?p=235"},"modified":"2017-02-08T16:03:59","modified_gmt":"2017-02-08T16:03:59","slug":"la-camara-termica-revela-motores-escondidos-peloton","status":"publish","type":"post","link":"https:\/\/www.welovecycling.com\/es\/2017\/02\/06\/la-camara-termica-revela-motores-escondidos-peloton\/","title":{"rendered":"La c\u00e1mara t\u00e9rmica revela motores escondidos en el pelot\u00f3n"},"content":{"rendered":"<p><strong>El peri\u00f3dico italiano Corriere della Sera y la cadena de televisi\u00f3n francesa Stade 2 declaran tener pruebas de corredores que usaron motores en las carreras italianas Strade Bianche y Coppi e Bartali.<\/strong><\/p>\n<p>Los periodistas emplearon una videoc\u00e1mara t\u00e9rmica oculta, y las bicicletas de siete corredores se iluminaron en tonos amarillo y naranja. Cinco de las bicis mostraban calor procedente de sus tubos de asiento y dos presentaban unos bujes sospechosamente calientes.<\/p>\n<p>&#8220;Pas\u00f3 en marzo, en Strade Bianche y Coppi e Bartali. \u00bfControles de la UCI? No, im\u00e1genes de la c\u00e1mara escondida de France T\u00e9l\u00e9vision&#8221;, informaba el Corriere della Sera.<\/p>\n<p>Actualmente, la UCI somete a pruebas las bicis con la ayuda de tabletas, utilizando un medidor Tesla. El peri\u00f3dico italiano tambi\u00e9n lo prob\u00f3 as\u00ed. Los resultados les llevaron a la conclusi\u00f3n de que este m\u00e9todo no es fiable para detectar el escurridizo campo magn\u00e9tico.<\/p>\n<p><a href=\"https:\/\/d2p6e6u75xmxt8.cloudfront.net\/6\/2017\/02\/Screen-Shot-2016-04-18-at-14.53.28-600x321.png\"><img loading=\"lazy\" decoding=\"async\" class=\"alignnone size-full wp-image-236\" src=\"https:\/\/d2p6e6u75xmxt8.cloudfront.net\/6\/2017\/02\/Screen-Shot-2016-04-18-at-14.53.28-600x321.png\" alt=\"\" width=\"600\" height=\"321\" srcset=\"https:\/\/d2p6e6u75xmxt8.cloudfront.net\/6\/2017\/02\/Screen-Shot-2016-04-18-at-14.53.28-600x321.png 600w, https:\/\/d2p6e6u75xmxt8.cloudfront.net\/6\/2017\/02\/Screen-Shot-2016-04-18-at-14.53.28-600x321-300x161.png 300w\" sizes=\"auto, (max-width: 600px) 100vw, 600px\" \/><\/a><\/p>\n<p>&#8220;Hemos analizado las im\u00e1genes t\u00e9rmicas, los rayos X y las pruebas ultras\u00f3nicas, pero el m\u00e9todo m\u00e1s econ\u00f3mico, fiable y preciso con diferencia ha resultado ser el test de resonancia magn\u00e9tica utilizando programas que hemos creado en colaboraci\u00f3n con una empresa de desarrolladores especializados. El escaneo se lleva a cabo con una tableta y permite al operador comprobar el cuadro y las ruedas de una bicicleta en menos de un minuto&#8221;, se\u00f1alaba la UCI en una declaraci\u00f3n del domingo.<\/p>\n<p>La tecnolog\u00eda de la UCI detect\u00f3 un motor escondido en la bici de Femke Van den Driessche este enero en el Campeonato Mundial de Ciclocross de Heusden Zolder, con el consiguiente gran &#8220;esc\u00e1ndalo de dopaje mec\u00e1nico&#8221;. Muchos creen que el problema tiene ramificaciones mucho m\u00e1s profundas, algo que viene a secundar el v\u00eddeo anterior.<\/p>\n<p><a href=\"https:\/\/d2p6e6u75xmxt8.cloudfront.net\/6\/2017\/02\/profimedia-0265339551-600x400-600x400.jpg\"><img loading=\"lazy\" decoding=\"async\" class=\"alignnone size-full wp-image-237\" src=\"https:\/\/d2p6e6u75xmxt8.cloudfront.net\/6\/2017\/02\/profimedia-0265339551-600x400-600x400.jpg\" alt=\"\" width=\"600\" height=\"400\" srcset=\"https:\/\/d2p6e6u75xmxt8.cloudfront.net\/6\/2017\/02\/profimedia-0265339551-600x400-600x400.jpg 600w, https:\/\/d2p6e6u75xmxt8.cloudfront.net\/6\/2017\/02\/profimedia-0265339551-600x400-600x400-300x200.jpg 300w, https:\/\/d2p6e6u75xmxt8.cloudfront.net\/6\/2017\/02\/profimedia-0265339551-600x400-600x400-272x182.jpg 272w\" sizes=\"auto, (max-width: 600px) 100vw, 600px\" \/><\/a><\/p>\n<p>\u00bfCrees que las c\u00e1maras t\u00e9rmicas deber\u00edan formar parte del equipo est\u00e1ndar de los controles antidopaje?<\/p>\n","protected":false},"excerpt":{"rendered":"<p>El peri\u00f3dico italiano Corriere della Sera y la cadena de televisi\u00f3n francesa Stade 2 declaran tener pruebas de corredores que [&hellip;]<\/p>\n","protected":false},"author":29,"featured_media":240,"comment_status":"open","ping_status":"open","sticky":false,"template":"","format":"standard","meta":{"footnotes":""},"categories":[7],"tags":[],"global-categories":[],"class_list":["post-235","post","type-post","status-publish","format-standard","has-post-thumbnail","hentry","category-carretera"],"yoast_head":"<!-- This site is optimized with the Yoast SEO Premium plugin v25.3 (Yoast SEO v25.9) - https:\/\/yoast.com\/wordpress\/plugins\/seo\/ -->\n<title>La c\u00e1mara t\u00e9rmica revela motores escondidos en el pelot\u00f3n - \u0160koda We Love Cycling - Spain<\/title>\n<meta name=\"robots\" content=\"index, follow, max-snippet:-1, max-image-preview:large, max-video-preview:-1\" \/>\n<link rel=\"canonical\" href=\"https:\/\/www.welovecycling.com\/es\/2017\/02\/06\/la-camara-termica-revela-motores-escondidos-peloton\/\" \/>\n<meta property=\"og:locale\" content=\"es_ES\" \/>\n<meta property=\"og:type\" content=\"article\" \/>\n<meta property=\"og:title\" content=\"La c\u00e1mara t\u00e9rmica revela motores escondidos en el pelot\u00f3n\" \/>\n<meta property=\"og:description\" content=\"El peri\u00f3dico italiano Corriere della Sera y la cadena de televisi\u00f3n francesa Stade 2 declaran tener pruebas de corredores que [&hellip;]\" \/>\n<meta property=\"og:url\" content=\"https:\/\/www.welovecycling.com\/es\/2017\/02\/06\/la-camara-termica-revela-motores-escondidos-peloton\/\" \/>\n<meta property=\"og:site_name\" content=\"\u0160koda We Love Cycling - Spain\" \/>\n<meta property=\"article:published_time\" content=\"2017-02-06T10:05:18+00:00\" \/>\n<meta property=\"article:modified_time\" content=\"2017-02-08T16:03:59+00:00\" \/>\n<meta property=\"og:image\" content=\"https:\/\/d2p6e6u75xmxt8.cloudfront.net\/6\/2017\/02\/553244224_53352424.jpg\" \/>\n\t<meta property=\"og:image:width\" content=\"950\" \/>\n\t<meta property=\"og:image:height\" content=\"350\" \/>\n\t<meta property=\"og:image:type\" content=\"image\/jpeg\" \/>\n<meta name=\"author\" content=\"We Love Cycling Spain\" \/>\n<meta name=\"twitter:card\" content=\"summary_large_image\" \/>\n<meta name=\"twitter:label1\" content=\"Written by\" \/>\n\t<meta name=\"twitter:data1\" content=\"We Love Cycling Spain\" \/>\n\t<meta name=\"twitter:label2\" content=\"Est. reading time\" \/>\n\t<meta name=\"twitter:data2\" content=\"2 minutes\" \/>\n<script type=\"application\/ld+json\" class=\"yoast-schema-graph\">{\"@context\":\"https:\/\/schema.org\",\"@graph\":[{\"@type\":\"WebPage\",\"@id\":\"https:\/\/www.welovecycling.com\/es\/2017\/02\/06\/la-camara-termica-revela-motores-escondidos-peloton\/\",\"url\":\"https:\/\/www.welovecycling.com\/es\/2017\/02\/06\/la-camara-termica-revela-motores-escondidos-peloton\/\",\"name\":\"La c\u00e1mara t\u00e9rmica revela motores escondidos en el pelot\u00f3n - \u0160koda We Love Cycling - Spain\",\"isPartOf\":{\"@id\":\"https:\/\/www.welovecycling.com\/es\/#website\"},\"primaryImageOfPage\":{\"@id\":\"https:\/\/www.welovecycling.com\/es\/2017\/02\/06\/la-camara-termica-revela-motores-escondidos-peloton\/#primaryimage\"},\"image\":{\"@id\":\"https:\/\/www.welovecycling.com\/es\/2017\/02\/06\/la-camara-termica-revela-motores-escondidos-peloton\/#primaryimage\"},\"thumbnailUrl\":\"https:\/\/d2p6e6u75xmxt8.cloudfront.net\/6\/2017\/02\/553244224_53352424.jpg\",\"datePublished\":\"2017-02-06T10:05:18+00:00\",\"dateModified\":\"2017-02-08T16:03:59+00:00\",\"author\":{\"@id\":\"https:\/\/www.welovecycling.com\/es\/#\/schema\/person\/deb61715b5812698ee79fb96f343ccd4\"},\"breadcrumb\":{\"@id\":\"https:\/\/www.welovecycling.com\/es\/2017\/02\/06\/la-camara-termica-revela-motores-escondidos-peloton\/#breadcrumb\"},\"inLanguage\":\"es-ES\",\"potentialAction\":[{\"@type\":\"ReadAction\",\"target\":[\"https:\/\/www.welovecycling.com\/es\/2017\/02\/06\/la-camara-termica-revela-motores-escondidos-peloton\/\"]}]},{\"@type\":\"ImageObject\",\"inLanguage\":\"es-ES\",\"@id\":\"https:\/\/www.welovecycling.com\/es\/2017\/02\/06\/la-camara-termica-revela-motores-escondidos-peloton\/#primaryimage\",\"url\":\"https:\/\/d2p6e6u75xmxt8.cloudfront.net\/6\/2017\/02\/553244224_53352424.jpg\",\"contentUrl\":\"https:\/\/d2p6e6u75xmxt8.cloudfront.net\/6\/2017\/02\/553244224_53352424.jpg\",\"width\":950,\"height\":350},{\"@type\":\"BreadcrumbList\",\"@id\":\"https:\/\/www.welovecycling.com\/es\/2017\/02\/06\/la-camara-termica-revela-motores-escondidos-peloton\/#breadcrumb\",\"itemListElement\":[{\"@type\":\"ListItem\",\"position\":1,\"name\":\"Home\",\"item\":\"https:\/\/www.welovecycling.com\/es\/\"},{\"@type\":\"ListItem\",\"position\":2,\"name\":\"La c\u00e1mara t\u00e9rmica revela motores escondidos en el pelot\u00f3n\"}]},{\"@type\":\"WebSite\",\"@id\":\"https:\/\/www.welovecycling.com\/es\/#website\",\"url\":\"https:\/\/www.welovecycling.com\/es\/\",\"name\":\"\u0160koda We Love Cycling - Spain\",\"description\":\"\u0160koda WeLoveCycling Spain\",\"potentialAction\":[{\"@type\":\"SearchAction\",\"target\":{\"@type\":\"EntryPoint\",\"urlTemplate\":\"https:\/\/www.welovecycling.com\/es\/?s={search_term_string}\"},\"query-input\":{\"@type\":\"PropertyValueSpecification\",\"valueRequired\":true,\"valueName\":\"search_term_string\"}}],\"inLanguage\":\"es-ES\"},{\"@type\":\"Person\",\"@id\":\"https:\/\/www.welovecycling.com\/es\/#\/schema\/person\/deb61715b5812698ee79fb96f343ccd4\",\"name\":\"We Love Cycling Spain\",\"image\":{\"@type\":\"ImageObject\",\"inLanguage\":\"es-ES\",\"@id\":\"https:\/\/www.welovecycling.com\/es\/#\/schema\/person\/image\/\",\"url\":\"https:\/\/secure.gravatar.com\/avatar\/c824b04e6df0e37a03219d0b6481672889df542894588964102459e46513159c?s=96&d=mm&r=g\",\"contentUrl\":\"https:\/\/secure.gravatar.com\/avatar\/c824b04e6df0e37a03219d0b6481672889df542894588964102459e46513159c?s=96&d=mm&r=g\",\"caption\":\"We Love Cycling Spain\"},\"url\":\"https:\/\/www.welovecycling.com\/es\/author\/amunoz\/\"}]}<\/script>\n<!-- \/ Yoast SEO Premium plugin. -->","yoast_head_json":{"title":"La c\u00e1mara t\u00e9rmica revela motores escondidos en el pelot\u00f3n - \u0160koda We Love Cycling - Spain","robots":{"index":"index","follow":"follow","max-snippet":"max-snippet:-1","max-image-preview":"max-image-preview:large","max-video-preview":"max-video-preview:-1"},"canonical":"https:\/\/www.welovecycling.com\/es\/2017\/02\/06\/la-camara-termica-revela-motores-escondidos-peloton\/","og_locale":"es_ES","og_type":"article","og_title":"La c\u00e1mara t\u00e9rmica revela motores escondidos en el pelot\u00f3n","og_description":"El peri\u00f3dico italiano Corriere della Sera y la cadena de televisi\u00f3n francesa Stade 2 declaran tener pruebas de corredores que [&hellip;]","og_url":"https:\/\/www.welovecycling.com\/es\/2017\/02\/06\/la-camara-termica-revela-motores-escondidos-peloton\/","og_site_name":"\u0160koda We Love Cycling - Spain","article_published_time":"2017-02-06T10:05:18+00:00","article_modified_time":"2017-02-08T16:03:59+00:00","og_image":[{"width":950,"height":350,"url":"https:\/\/d2p6e6u75xmxt8.cloudfront.net\/6\/2017\/02\/553244224_53352424.jpg","type":"image\/jpeg"}],"author":"We Love Cycling Spain","twitter_card":"summary_large_image","twitter_misc":{"Written by":"We Love Cycling Spain","Est. reading time":"2 minutes"},"schema":{"@context":"https:\/\/schema.org","@graph":[{"@type":"WebPage","@id":"https:\/\/www.welovecycling.com\/es\/2017\/02\/06\/la-camara-termica-revela-motores-escondidos-peloton\/","url":"https:\/\/www.welovecycling.com\/es\/2017\/02\/06\/la-camara-termica-revela-motores-escondidos-peloton\/","name":"La c\u00e1mara t\u00e9rmica revela motores escondidos en el pelot\u00f3n - \u0160koda We Love Cycling - Spain","isPartOf":{"@id":"https:\/\/www.welovecycling.com\/es\/#website"},"primaryImageOfPage":{"@id":"https:\/\/www.welovecycling.com\/es\/2017\/02\/06\/la-camara-termica-revela-motores-escondidos-peloton\/#primaryimage"},"image":{"@id":"https:\/\/www.welovecycling.com\/es\/2017\/02\/06\/la-camara-termica-revela-motores-escondidos-peloton\/#primaryimage"},"thumbnailUrl":"https:\/\/d2p6e6u75xmxt8.cloudfront.net\/6\/2017\/02\/553244224_53352424.jpg","datePublished":"2017-02-06T10:05:18+00:00","dateModified":"2017-02-08T16:03:59+00:00","author":{"@id":"https:\/\/www.welovecycling.com\/es\/#\/schema\/person\/deb61715b5812698ee79fb96f343ccd4"},"breadcrumb":{"@id":"https:\/\/www.welovecycling.com\/es\/2017\/02\/06\/la-camara-termica-revela-motores-escondidos-peloton\/#breadcrumb"},"inLanguage":"es-ES","potentialAction":[{"@type":"ReadAction","target":["https:\/\/www.welovecycling.com\/es\/2017\/02\/06\/la-camara-termica-revela-motores-escondidos-peloton\/"]}]},{"@type":"ImageObject","inLanguage":"es-ES","@id":"https:\/\/www.welovecycling.com\/es\/2017\/02\/06\/la-camara-termica-revela-motores-escondidos-peloton\/#primaryimage","url":"https:\/\/d2p6e6u75xmxt8.cloudfront.net\/6\/2017\/02\/553244224_53352424.jpg","contentUrl":"https:\/\/d2p6e6u75xmxt8.cloudfront.net\/6\/2017\/02\/553244224_53352424.jpg","width":950,"height":350},{"@type":"BreadcrumbList","@id":"https:\/\/www.welovecycling.com\/es\/2017\/02\/06\/la-camara-termica-revela-motores-escondidos-peloton\/#breadcrumb","itemListElement":[{"@type":"ListItem","position":1,"name":"Home","item":"https:\/\/www.welovecycling.com\/es\/"},{"@type":"ListItem","position":2,"name":"La c\u00e1mara t\u00e9rmica revela motores escondidos en el pelot\u00f3n"}]},{"@type":"WebSite","@id":"https:\/\/www.welovecycling.com\/es\/#website","url":"https:\/\/www.welovecycling.com\/es\/","name":"\u0160koda We Love Cycling - Spain","description":"\u0160koda WeLoveCycling Spain","potentialAction":[{"@type":"SearchAction","target":{"@type":"EntryPoint","urlTemplate":"https:\/\/www.welovecycling.com\/es\/?s={search_term_string}"},"query-input":{"@type":"PropertyValueSpecification","valueRequired":true,"valueName":"search_term_string"}}],"inLanguage":"es-ES"},{"@type":"Person","@id":"https:\/\/www.welovecycling.com\/es\/#\/schema\/person\/deb61715b5812698ee79fb96f343ccd4","name":"We Love Cycling Spain","image":{"@type":"ImageObject","inLanguage":"es-ES","@id":"https:\/\/www.welovecycling.com\/es\/#\/schema\/person\/image\/","url":"https:\/\/secure.gravatar.com\/avatar\/c824b04e6df0e37a03219d0b6481672889df542894588964102459e46513159c?s=96&d=mm&r=g","contentUrl":"https:\/\/secure.gravatar.com\/avatar\/c824b04e6df0e37a03219d0b6481672889df542894588964102459e46513159c?s=96&d=mm&r=g","caption":"We Love Cycling Spain"},"url":"https:\/\/www.welovecycling.com\/es\/author\/amunoz\/"}]}},"_links":{"self":[{"href":"https:\/\/www.welovecycling.com\/es\/wp-json\/wp\/v2\/posts\/235","targetHints":{"allow":["GET"]}}],"collection":[{"href":"https:\/\/www.welovecycling.com\/es\/wp-json\/wp\/v2\/posts"}],"about":[{"href":"https:\/\/www.welovecycling.com\/es\/wp-json\/wp\/v2\/types\/post"}],"author":[{"embeddable":true,"href":"https:\/\/www.welovecycling.com\/es\/wp-json\/wp\/v2\/users\/29"}],"replies":[{"embeddable":true,"href":"https:\/\/www.welovecycling.com\/es\/wp-json\/wp\/v2\/comments?post=235"}],"version-history":[{"count":2,"href":"https:\/\/www.welovecycling.com\/es\/wp-json\/wp\/v2\/posts\/235\/revisions"}],"predecessor-version":[{"id":309,"href":"https:\/\/www.welovecycling.com\/es\/wp-json\/wp\/v2\/posts\/235\/revisions\/309"}],"wp:featuredmedia":[{"embeddable":true,"href":"https:\/\/www.welovecycling.com\/es\/wp-json\/wp\/v2\/media\/240"}],"wp:attachment":[{"href":"https:\/\/www.welovecycling.com\/es\/wp-json\/wp\/v2\/media?parent=235"}],"wp:term":[{"taxonomy":"category","embeddable":true,"href":"https:\/\/www.welovecycling.com\/es\/wp-json\/wp\/v2\/categories?post=235"},{"taxonomy":"post_tag","embeddable":true,"href":"https:\/\/www.welovecycling.com\/es\/wp-json\/wp\/v2\/tags?post=235"},{"taxonomy":"global-categories","embeddable":true,"href":"https:\/\/www.welovecycling.com\/es\/wp-json\/wp\/v2\/global-categories?post=235"}],"curies":[{"name":"wp","href":"https:\/\/api.w.org\/{rel}","templated":true}]}}