{"id":2325,"date":"2018-02-22T21:16:45","date_gmt":"2018-02-22T19:16:45","guid":{"rendered":"https:\/\/www.welovecycling.com\/es\/?p=2325"},"modified":"2018-02-22T21:16:45","modified_gmt":"2018-02-22T19:16:45","slug":"el-sueno-de-alberto-contador","status":"publish","type":"post","link":"https:\/\/www.welovecycling.com\/es\/2018\/02\/22\/el-sueno-de-alberto-contador\/","title":{"rendered":"El sue\u00f1o de Alberto Contador"},"content":{"rendered":"<p><strong>Alberto Contador lo ha conseguido. El sue\u00f1o que estaba en su cabeza hace casi una d\u00e9cada ya es una realidad. La Fundaci\u00f3n Alberto Contador ya tiene su equipo profesional. En 2018 se llama Polartec \u2013 Kometa y es filial del Trek. Su nacimiento no ha sido fruto de un d\u00eda, sino la evoluci\u00f3n de un proyecto que comenz\u00f3 con un equipo junior y otro sub-23 hace cinco temporadas y que ahora da cobertura a 40 ciclistas y medio centenar de chavales de su escuela de ciclismo.<\/strong><br \/>\n<!--more--><br \/>\nSi algo ha dicho siempre <strong>Contador<\/strong> desde que comenz\u00f3 con el proyecto de su <a href=\"http:\/\/fundacioncontadorteam.com\/\">Fundaci\u00f3n<\/a> es que quer\u00eda devolver al ciclismo todo lo que le hab\u00eda dado. Lo reiter\u00f3 en la presentaci\u00f3n del equipo. Su objetivo era la cantera y sobre todo dar un futuro a los chavales que empezaban a correr. Una v\u00eda de acceso clara al profesionalismo. Por ah\u00ed lleg\u00f3 ya Enric Mas, que recal\u00f3 en la Fundaci\u00f3n como j\u00fanior. Habr\u00e1 m\u00e1s<\/p>\n<p>Lo que <strong>Contador ha conseguido montar es una estructura similar a los clubes<\/strong> que existen en otros pa\u00edses de Europa, sobre todo Francia, B\u00e9lgica y Holanda. All\u00ed los chavales que empiezan van pasando por todas las categor\u00edas y, si tienen nivel, acaban teniendo una oportunidad en el equipo profesional. Muy similar a lo que ocurre en el f\u00fatbol y que solo hac\u00eda la estructura del Caja Rural.<\/p>\n<h2><strong>Formando a la cantera<\/strong><\/h2>\n<p>El <a href=\"http:\/\/www.polarteckometateam.com\/\">Polartec Kometa<\/a> es un paso m\u00e1s en la estructura. Que incluso alg\u00fan d\u00eda llegar\u00e1 a ser World Tour. Por ahora quieren ir tranquilos. Lo dice <a href=\"https:\/\/twitter.com\/rafaeldiazjust\" target=\"_blank\" rel=\"noopener\">Rafa D\u00edaz Justo<\/a>, que lleva en la Fundaci\u00f3n desde sus inicios dirigiendo al equipo Sub-23. \u201cEs la metodolog\u00eda que hemos seguido estos a\u00f1os. Antes los junior so\u00f1aban con llegar al equipo \u00e9lite. Ahora con ser profesionales\u201d.<\/p>\n<p><a href=\"https:\/\/youtu.be\/QxJuLHtGqjM\">https:\/\/youtu.be\/QxJuLHtGqjM<\/a><\/p>\n<p>No en vano el trabajo de estos a\u00f1os ha dado sus frutos. <strong>Diego Pablo Sevilla, Juan Camacho y Miguel \u00c1ngel Ballesteros<\/strong>\u00a0comenzaron en el equipo <a href=\"http:\/\/junior.fundacioncontadorteam.com\/\">j\u00fanior de la Fundaci\u00f3n<\/a> y ahora son profesionales con el Polartec \u2013 Kometa. El \u00e9xito en gran parte es de ellos, pero tambi\u00e9n del trabajo y los medios que ha puesto la Fundaci\u00f3n. Desde j\u00fanior ya cuentan con el mismo material que los ciclistas profesionales. Bicicletas de gama alta, primero <strong>Specialized, luego Look y ahora Trek<\/strong>, entrenador y sobre todo la opci\u00f3n de <strong>viajar fuera de Espa\u00f1<\/strong>a para competir. Algo que<strong> Rafa D\u00edaz Justo<\/strong> siempre ha dicho que &#8220;es fundamental. Y hasta ahora no se hac\u00eda. El Giro de Aosta en Italia o\u00a0Ronde de L\u2019Isard y Tour de Normand\u00eda en Francia les sirven para forjarse y conocer otro ciclismo&#8221;.<\/p>\n<p>No es lo \u00fanico. La<strong> Fundaci\u00f3n Contador siempre ha montado\u00a0 Campus de Entrenamiento<\/strong> para la cantera. Mar de Pulp\u00ed, el Gavia, Arizona o Gran Canaria son algunos de los lugares donde se han concentrado durante varias semanas para entrenar en grupo y recibir la formaci\u00f3n de los t\u00e9cnicos. Igual que si estuvieran en un equipo profesional de categor\u00eda continental o World Tour.<\/p>\n<p><a href=\"https:\/\/d2p6e6u75xmxt8.cloudfront.net\/6\/2018\/02\/contador-todo-el-equipo.jpg\"><img loading=\"lazy\" decoding=\"async\" class=\"aligncenter size-large wp-image-2328\" src=\"https:\/\/d2p6e6u75xmxt8.cloudfront.net\/6\/2018\/02\/contador-todo-el-equipo-1024x603.jpg\" alt=\"\" width=\"1024\" height=\"603\" srcset=\"https:\/\/d2p6e6u75xmxt8.cloudfront.net\/6\/2018\/02\/contador-todo-el-equipo-1024x603.jpg 1024w, https:\/\/d2p6e6u75xmxt8.cloudfront.net\/6\/2018\/02\/contador-todo-el-equipo-300x177.jpg 300w, https:\/\/d2p6e6u75xmxt8.cloudfront.net\/6\/2018\/02\/contador-todo-el-equipo-768x453.jpg 768w, https:\/\/d2p6e6u75xmxt8.cloudfront.net\/6\/2018\/02\/contador-todo-el-equipo.jpg 1500w\" sizes=\"auto, (max-width: 1024px) 100vw, 1024px\" \/><\/a><\/p>\n<p>Pero a\u00fan han llegado m\u00e1s abajo. La base de todo es la<a href=\"http:\/\/escuela.fundacioncontadorteam.com\/\"> Escuela de la Fundaci\u00f3n Alberto Contador<\/a>.\u00a0 Ya tiene 4 a\u00f1os de vida y ahora mismo cuenta con unos 40 chavales en categor\u00eda escolar que aprenden a montar en bici y a formarse en el mundo del deporte.<\/p>\n<p>Lo que <strong>ha conseguido el de Pinto es crear una estructura s\u00f3lida con personas de su entorno<\/strong>. Hasta ahora todo ha estado dirigido por su hermano Fran Contador, la direcci\u00f3n del equipo sub-23 siempre ha sido para Rafa D\u00edaz Justo, uno de sus primeros compa\u00f1eros en la Once, el entrenador del equipo j\u00fanior es Jorge Ramos, amigo \u00edntimo de Alberto y compa\u00f1ero de grupetta, igual que Patricio Garc\u00eda, que se encarga de las redes sociales. Jacinto Vidarte, su jefe de comunicaci\u00f3n desde hace m\u00e1s de una d\u00e9cada se encarga de la informaci\u00f3n. Y ahora Jes\u00fas Hern\u00e1ndez se ha unido despu\u00e9s de colgar la bicicleta a la vez que el propio Alberto.<\/p>\n<h2><strong>Polartec Kometa<\/strong><\/h2>\n<p>El equipo profesional ha nacido como un filial del Trek en categor\u00eda continental, la tercera del ciclismo profesional, y es una mezcla italo\/espa\u00f1ola. Por un lado la direcci\u00f3n de <strong>Alberto y Fran Contador<\/strong> y tambi\u00e9n la de <strong>Ivan Basso<\/strong>, que uni\u00f3 su destino al del ciclista de Pinto hace tres temporadas.<\/p>\n<p>A la cabeza est\u00e1n <strong>Jes\u00fas Hern\u00e1ndez<\/strong>, que colg\u00f3 la bici el pasado mes de septiembre, y el veterano<strong> Dario Andriotto<\/strong>. Entre los patrocinadores principales, los americanos de <strong>Polartec<\/strong>, la marca italiana de alimentaci\u00f3n <strong>Kometa<\/strong>, adem\u00e1s de <strong>Trek, Valtelina, Skoda, Vittoria, Rotor y Honestfood<\/strong>.<\/p>\n<p><a href=\"https:\/\/d2p6e6u75xmxt8.cloudfront.net\/6\/2018\/02\/Contador-victoria.jpg\"><img loading=\"lazy\" decoding=\"async\" class=\"aligncenter size-full wp-image-2329\" src=\"https:\/\/d2p6e6u75xmxt8.cloudfront.net\/6\/2018\/02\/Contador-victoria.jpg\" alt=\"\" width=\"960\" height=\"639\" srcset=\"https:\/\/d2p6e6u75xmxt8.cloudfront.net\/6\/2018\/02\/Contador-victoria.jpg 960w, https:\/\/d2p6e6u75xmxt8.cloudfront.net\/6\/2018\/02\/Contador-victoria-300x200.jpg 300w, https:\/\/d2p6e6u75xmxt8.cloudfront.net\/6\/2018\/02\/Contador-victoria-768x511.jpg 768w, https:\/\/d2p6e6u75xmxt8.cloudfront.net\/6\/2018\/02\/Contador-victoria-272x182.jpg 272w\" sizes=\"auto, (max-width: 960px) 100vw, 960px\" \/><\/a><\/p>\n<p>Entre los corredores, cuatro espa\u00f1oles Diego Pablo Sevilla, Juan Camacho, Isaac Cant\u00f3n y Miguel \u00c1ngel Ballesteros, dos italianos\u00a0Michele Gazzoli y Matteo Moschetti, adem\u00e1s de Patrick Gamper (Austria), Michel Ries (Luxemburgo), Awet Habtom (Eritrea), Kevin Inkelaar (Holanda), Wilson Pe\u00f1a (Colombia).<\/p>\n<p>Debutaron en la Vuelta a Valencia y solo dos carreras despu\u00e9s <strong>han estrenado el palmar\u00e9s<\/strong> en el Tour de Antalya de Turqu\u00eda. El italiano <strong>Moschetti<\/strong> fue el encargado de abrir la cuenta. Un paso m\u00e1s de futuro.<\/p>\n","protected":false},"excerpt":{"rendered":"<p>Alberto Contador lo ha conseguido. El sue\u00f1o que estaba en su cabeza hace casi una d\u00e9cada ya es una realidad. [&hellip;]<\/p>\n","protected":false},"author":29,"featured_media":2327,"comment_status":"open","ping_status":"open","sticky":false,"template":"","format":"standard","meta":{"footnotes":""},"categories":[7],"tags":[84,325,324,323],"global-categories":[],"class_list":["post-2325","post","type-post","status-publish","format-standard","has-post-thumbnail","hentry","category-carretera","tag-alberto-contador","tag-equipo-alberto-contador","tag-fundacion-alberto-contador","tag-polartec-kometa"],"yoast_head":"<!-- This site is optimized with the Yoast SEO Premium plugin v25.3 (Yoast SEO v25.9) - https:\/\/yoast.com\/wordpress\/plugins\/seo\/ -->\n<title>El sue\u00f1o de Alberto Contador - \u0160koda We Love Cycling - Spain<\/title>\n<meta name=\"description\" content=\"El sue\u00f1o de Alberto Contador hace casi una d\u00e9cada ya es una realidad. La Fundaci\u00f3n Alberto Contador ya tiene su equipo profesional.\" \/>\n<meta name=\"robots\" content=\"index, follow, max-snippet:-1, max-image-preview:large, max-video-preview:-1\" \/>\n<link rel=\"canonical\" href=\"https:\/\/www.welovecycling.com\/es\/2018\/02\/22\/el-sueno-de-alberto-contador\/\" \/>\n<meta property=\"og:locale\" content=\"es_ES\" \/>\n<meta property=\"og:type\" content=\"article\" \/>\n<meta property=\"og:title\" content=\"El sue\u00f1o de Alberto Contador\" \/>\n<meta property=\"og:description\" content=\"Alberto Contador lo ha conseguido. El sue\u00f1o que estaba en su cabeza hace casi una d\u00e9cada ya es una realidad. La Fundaci\u00f3n Alberto Contador ya tiene su equipo profesional. En 2018 se llama Polartec \u2013 Kometa y es filial del Trek. Su nacimiento no ha sido fruto de un d\u00eda, sino la evoluci\u00f3n de un proyecto que comenz\u00f3 con un equipo junior y otro sub-23 hace cinco temporadas y que ahora da cobertura a 40 ciclistas y medio centenar de chavales de su escuela de ciclismo.\" \/>\n<meta property=\"og:url\" content=\"https:\/\/www.welovecycling.com\/es\/2018\/02\/22\/el-sueno-de-alberto-contador\/\" \/>\n<meta property=\"og:site_name\" content=\"\u0160koda We Love Cycling - Spain\" \/>\n<meta property=\"article:published_time\" content=\"2018-02-22T19:16:45+00:00\" \/>\n<meta property=\"og:image\" content=\"https:\/\/d2p6e6u75xmxt8.cloudfront.net\/6\/2018\/02\/Alberto-Contador-1500x1059.jpg\" \/>\n\t<meta property=\"og:image:width\" content=\"1500\" \/>\n\t<meta property=\"og:image:height\" content=\"1059\" \/>\n\t<meta property=\"og:image:type\" content=\"image\/jpeg\" \/>\n<meta name=\"author\" content=\"We Love Cycling Spain\" \/>\n<meta name=\"twitter:card\" content=\"summary_large_image\" \/>\n<meta name=\"twitter:title\" content=\"El sue\u00f1o de Alberto Contador\" \/>\n<meta name=\"twitter:description\" content=\"Alberto Contador lo ha conseguido. El sue\u00f1o que estaba en su cabeza hace casi una d\u00e9cada ya es una realidad. La Fundaci\u00f3n Alberto Contador ya tiene su equipo profesional. En 2018 se llama Polartec \u2013 Kometa y es filial del Trek. Su nacimiento no ha sido fruto de un d\u00eda, sino la evoluci\u00f3n de un proyecto que comenz\u00f3 con un equipo junior y otro sub-23 hace cinco temporadas y que ahora da cobertura a 40 ciclistas y medio centenar de chavales de su escuela de ciclismo.\" \/>\n<meta name=\"twitter:label1\" content=\"Written by\" \/>\n\t<meta name=\"twitter:data1\" content=\"Luis Ortega @ciclored\" \/>\n\t<meta name=\"twitter:label2\" content=\"Est. reading time\" \/>\n\t<meta name=\"twitter:data2\" content=\"5 minutes\" \/>\n<script type=\"application\/ld+json\" class=\"yoast-schema-graph\">{\"@context\":\"https:\/\/schema.org\",\"@graph\":[{\"@type\":\"WebPage\",\"@id\":\"https:\/\/www.welovecycling.com\/es\/2018\/02\/22\/el-sueno-de-alberto-contador\/\",\"url\":\"https:\/\/www.welovecycling.com\/es\/2018\/02\/22\/el-sueno-de-alberto-contador\/\",\"name\":\"El sue\u00f1o de Alberto Contador - \u0160koda We Love Cycling - Spain\",\"isPartOf\":{\"@id\":\"https:\/\/www.welovecycling.com\/es\/#website\"},\"primaryImageOfPage\":{\"@id\":\"https:\/\/www.welovecycling.com\/es\/2018\/02\/22\/el-sueno-de-alberto-contador\/#primaryimage\"},\"image\":{\"@id\":\"https:\/\/www.welovecycling.com\/es\/2018\/02\/22\/el-sueno-de-alberto-contador\/#primaryimage\"},\"thumbnailUrl\":\"https:\/\/d2p6e6u75xmxt8.cloudfront.net\/6\/2018\/02\/Alberto-Contador-1500x1059.jpg\",\"datePublished\":\"2018-02-22T19:16:45+00:00\",\"author\":{\"@id\":\"https:\/\/www.welovecycling.com\/es\/#\/schema\/person\/deb61715b5812698ee79fb96f343ccd4\"},\"description\":\"El sue\u00f1o de Alberto Contador hace casi una d\u00e9cada ya es una realidad. La Fundaci\u00f3n Alberto Contador ya tiene su equipo profesional.\",\"breadcrumb\":{\"@id\":\"https:\/\/www.welovecycling.com\/es\/2018\/02\/22\/el-sueno-de-alberto-contador\/#breadcrumb\"},\"inLanguage\":\"es-ES\",\"potentialAction\":[{\"@type\":\"ReadAction\",\"target\":[\"https:\/\/www.welovecycling.com\/es\/2018\/02\/22\/el-sueno-de-alberto-contador\/\"]}]},{\"@type\":\"ImageObject\",\"inLanguage\":\"es-ES\",\"@id\":\"https:\/\/www.welovecycling.com\/es\/2018\/02\/22\/el-sueno-de-alberto-contador\/#primaryimage\",\"url\":\"https:\/\/d2p6e6u75xmxt8.cloudfront.net\/6\/2018\/02\/Alberto-Contador-1500x1059.jpg\",\"contentUrl\":\"https:\/\/d2p6e6u75xmxt8.cloudfront.net\/6\/2018\/02\/Alberto-Contador-1500x1059.jpg\",\"width\":1500,\"height\":1059},{\"@type\":\"BreadcrumbList\",\"@id\":\"https:\/\/www.welovecycling.com\/es\/2018\/02\/22\/el-sueno-de-alberto-contador\/#breadcrumb\",\"itemListElement\":[{\"@type\":\"ListItem\",\"position\":1,\"name\":\"Home\",\"item\":\"https:\/\/www.welovecycling.com\/es\/\"},{\"@type\":\"ListItem\",\"position\":2,\"name\":\"El sue\u00f1o de Alberto Contador\"}]},{\"@type\":\"WebSite\",\"@id\":\"https:\/\/www.welovecycling.com\/es\/#website\",\"url\":\"https:\/\/www.welovecycling.com\/es\/\",\"name\":\"\u0160koda We Love Cycling - Spain\",\"description\":\"\u0160koda WeLoveCycling Spain\",\"potentialAction\":[{\"@type\":\"SearchAction\",\"target\":{\"@type\":\"EntryPoint\",\"urlTemplate\":\"https:\/\/www.welovecycling.com\/es\/?s={search_term_string}\"},\"query-input\":{\"@type\":\"PropertyValueSpecification\",\"valueRequired\":true,\"valueName\":\"search_term_string\"}}],\"inLanguage\":\"es-ES\"},{\"@type\":\"Person\",\"@id\":\"https:\/\/www.welovecycling.com\/es\/#\/schema\/person\/deb61715b5812698ee79fb96f343ccd4\",\"name\":\"We Love Cycling Spain\",\"image\":{\"@type\":\"ImageObject\",\"inLanguage\":\"es-ES\",\"@id\":\"https:\/\/www.welovecycling.com\/es\/#\/schema\/person\/image\/\",\"url\":\"https:\/\/secure.gravatar.com\/avatar\/c824b04e6df0e37a03219d0b6481672889df542894588964102459e46513159c?s=96&d=mm&r=g\",\"contentUrl\":\"https:\/\/secure.gravatar.com\/avatar\/c824b04e6df0e37a03219d0b6481672889df542894588964102459e46513159c?s=96&d=mm&r=g\",\"caption\":\"We Love Cycling Spain\"},\"url\":\"https:\/\/www.welovecycling.com\/es\/author\/amunoz\/\"}]}<\/script>\n<!-- \/ Yoast SEO Premium plugin. -->","yoast_head_json":{"title":"El sue\u00f1o de Alberto Contador - \u0160koda We Love Cycling - Spain","description":"El sue\u00f1o de Alberto Contador hace casi una d\u00e9cada ya es una realidad. La Fundaci\u00f3n Alberto Contador ya tiene su equipo profesional.","robots":{"index":"index","follow":"follow","max-snippet":"max-snippet:-1","max-image-preview":"max-image-preview:large","max-video-preview":"max-video-preview:-1"},"canonical":"https:\/\/www.welovecycling.com\/es\/2018\/02\/22\/el-sueno-de-alberto-contador\/","og_locale":"es_ES","og_type":"article","og_title":"El sue\u00f1o de Alberto Contador","og_description":"Alberto Contador lo ha conseguido. El sue\u00f1o que estaba en su cabeza hace casi una d\u00e9cada ya es una realidad. La Fundaci\u00f3n Alberto Contador ya tiene su equipo profesional. En 2018 se llama Polartec \u2013 Kometa y es filial del Trek. Su nacimiento no ha sido fruto de un d\u00eda, sino la evoluci\u00f3n de un proyecto que comenz\u00f3 con un equipo junior y otro sub-23 hace cinco temporadas y que ahora da cobertura a 40 ciclistas y medio centenar de chavales de su escuela de ciclismo.","og_url":"https:\/\/www.welovecycling.com\/es\/2018\/02\/22\/el-sueno-de-alberto-contador\/","og_site_name":"\u0160koda We Love Cycling - Spain","article_published_time":"2018-02-22T19:16:45+00:00","og_image":[{"width":1500,"height":1059,"url":"https:\/\/d2p6e6u75xmxt8.cloudfront.net\/6\/2018\/02\/Alberto-Contador-1500x1059.jpg","type":"image\/jpeg"}],"author":"We Love Cycling Spain","twitter_card":"summary_large_image","twitter_title":"El sue\u00f1o de Alberto Contador","twitter_description":"Alberto Contador lo ha conseguido. El sue\u00f1o que estaba en su cabeza hace casi una d\u00e9cada ya es una realidad. La Fundaci\u00f3n Alberto Contador ya tiene su equipo profesional. En 2018 se llama Polartec \u2013 Kometa y es filial del Trek. Su nacimiento no ha sido fruto de un d\u00eda, sino la evoluci\u00f3n de un proyecto que comenz\u00f3 con un equipo junior y otro sub-23 hace cinco temporadas y que ahora da cobertura a 40 ciclistas y medio centenar de chavales de su escuela de ciclismo.","twitter_misc":{"Written by":"Luis Ortega @ciclored","Est. reading time":"5 minutes"},"schema":{"@context":"https:\/\/schema.org","@graph":[{"@type":"WebPage","@id":"https:\/\/www.welovecycling.com\/es\/2018\/02\/22\/el-sueno-de-alberto-contador\/","url":"https:\/\/www.welovecycling.com\/es\/2018\/02\/22\/el-sueno-de-alberto-contador\/","name":"El sue\u00f1o de Alberto Contador - \u0160koda We Love Cycling - Spain","isPartOf":{"@id":"https:\/\/www.welovecycling.com\/es\/#website"},"primaryImageOfPage":{"@id":"https:\/\/www.welovecycling.com\/es\/2018\/02\/22\/el-sueno-de-alberto-contador\/#primaryimage"},"image":{"@id":"https:\/\/www.welovecycling.com\/es\/2018\/02\/22\/el-sueno-de-alberto-contador\/#primaryimage"},"thumbnailUrl":"https:\/\/d2p6e6u75xmxt8.cloudfront.net\/6\/2018\/02\/Alberto-Contador-1500x1059.jpg","datePublished":"2018-02-22T19:16:45+00:00","author":{"@id":"https:\/\/www.welovecycling.com\/es\/#\/schema\/person\/deb61715b5812698ee79fb96f343ccd4"},"description":"El sue\u00f1o de Alberto Contador hace casi una d\u00e9cada ya es una realidad. La Fundaci\u00f3n Alberto Contador ya tiene su equipo profesional.","breadcrumb":{"@id":"https:\/\/www.welovecycling.com\/es\/2018\/02\/22\/el-sueno-de-alberto-contador\/#breadcrumb"},"inLanguage":"es-ES","potentialAction":[{"@type":"ReadAction","target":["https:\/\/www.welovecycling.com\/es\/2018\/02\/22\/el-sueno-de-alberto-contador\/"]}]},{"@type":"ImageObject","inLanguage":"es-ES","@id":"https:\/\/www.welovecycling.com\/es\/2018\/02\/22\/el-sueno-de-alberto-contador\/#primaryimage","url":"https:\/\/d2p6e6u75xmxt8.cloudfront.net\/6\/2018\/02\/Alberto-Contador-1500x1059.jpg","contentUrl":"https:\/\/d2p6e6u75xmxt8.cloudfront.net\/6\/2018\/02\/Alberto-Contador-1500x1059.jpg","width":1500,"height":1059},{"@type":"BreadcrumbList","@id":"https:\/\/www.welovecycling.com\/es\/2018\/02\/22\/el-sueno-de-alberto-contador\/#breadcrumb","itemListElement":[{"@type":"ListItem","position":1,"name":"Home","item":"https:\/\/www.welovecycling.com\/es\/"},{"@type":"ListItem","position":2,"name":"El sue\u00f1o de Alberto Contador"}]},{"@type":"WebSite","@id":"https:\/\/www.welovecycling.com\/es\/#website","url":"https:\/\/www.welovecycling.com\/es\/","name":"\u0160koda We Love Cycling - Spain","description":"\u0160koda WeLoveCycling Spain","potentialAction":[{"@type":"SearchAction","target":{"@type":"EntryPoint","urlTemplate":"https:\/\/www.welovecycling.com\/es\/?s={search_term_string}"},"query-input":{"@type":"PropertyValueSpecification","valueRequired":true,"valueName":"search_term_string"}}],"inLanguage":"es-ES"},{"@type":"Person","@id":"https:\/\/www.welovecycling.com\/es\/#\/schema\/person\/deb61715b5812698ee79fb96f343ccd4","name":"We Love Cycling Spain","image":{"@type":"ImageObject","inLanguage":"es-ES","@id":"https:\/\/www.welovecycling.com\/es\/#\/schema\/person\/image\/","url":"https:\/\/secure.gravatar.com\/avatar\/c824b04e6df0e37a03219d0b6481672889df542894588964102459e46513159c?s=96&d=mm&r=g","contentUrl":"https:\/\/secure.gravatar.com\/avatar\/c824b04e6df0e37a03219d0b6481672889df542894588964102459e46513159c?s=96&d=mm&r=g","caption":"We Love Cycling Spain"},"url":"https:\/\/www.welovecycling.com\/es\/author\/amunoz\/"}]}},"_links":{"self":[{"href":"https:\/\/www.welovecycling.com\/es\/wp-json\/wp\/v2\/posts\/2325","targetHints":{"allow":["GET"]}}],"collection":[{"href":"https:\/\/www.welovecycling.com\/es\/wp-json\/wp\/v2\/posts"}],"about":[{"href":"https:\/\/www.welovecycling.com\/es\/wp-json\/wp\/v2\/types\/post"}],"author":[{"embeddable":true,"href":"https:\/\/www.welovecycling.com\/es\/wp-json\/wp\/v2\/users\/29"}],"replies":[{"embeddable":true,"href":"https:\/\/www.welovecycling.com\/es\/wp-json\/wp\/v2\/comments?post=2325"}],"version-history":[{"count":1,"href":"https:\/\/www.welovecycling.com\/es\/wp-json\/wp\/v2\/posts\/2325\/revisions"}],"predecessor-version":[{"id":2330,"href":"https:\/\/www.welovecycling.com\/es\/wp-json\/wp\/v2\/posts\/2325\/revisions\/2330"}],"wp:featuredmedia":[{"embeddable":true,"href":"https:\/\/www.welovecycling.com\/es\/wp-json\/wp\/v2\/media\/2327"}],"wp:attachment":[{"href":"https:\/\/www.welovecycling.com\/es\/wp-json\/wp\/v2\/media?parent=2325"}],"wp:term":[{"taxonomy":"category","embeddable":true,"href":"https:\/\/www.welovecycling.com\/es\/wp-json\/wp\/v2\/categories?post=2325"},{"taxonomy":"post_tag","embeddable":true,"href":"https:\/\/www.welovecycling.com\/es\/wp-json\/wp\/v2\/tags?post=2325"},{"taxonomy":"global-categories","embeddable":true,"href":"https:\/\/www.welovecycling.com\/es\/wp-json\/wp\/v2\/global-categories?post=2325"}],"curies":[{"name":"wp","href":"https:\/\/api.w.org\/{rel}","templated":true}]}}