{"id":2249,"date":"2018-02-01T12:57:31","date_gmt":"2018-02-01T10:57:31","guid":{"rendered":"https:\/\/www.welovecycling.com\/es\/?p=2249"},"modified":"2018-02-01T13:01:01","modified_gmt":"2018-02-01T11:01:01","slug":"la-vuelta-2018-segun-alejandro-valverde","status":"publish","type":"post","link":"https:\/\/www.welovecycling.com\/es\/2018\/02\/01\/la-vuelta-2018-segun-alejandro-valverde\/","title":{"rendered":"La Vuelta 2018 seg\u00fan Alejandro Valverde"},"content":{"rendered":"<p><strong>Alejandro Valverde es, despu\u00e9s de la retirada de Alberto Contador, el \u00fanico ciclista espa\u00f1ol en activo que ha ganado La Vuelta. Fue en la edici\u00f3n de 2009 y en su palmar\u00e9s acumula otros cinco podios en las 11 Vueltas que ha corrido desde que debut\u00f3 en 2002, a lo que puede a\u00f1adir 9 victorias de etapa. Con una historia as\u00ed no es dif\u00edcil encajar las etapas de La Vuelta 2018 en los recuerdos del murciano.<\/strong><!--more--><\/p>\n<h3><strong>ETAPA 4. VELEZ M\u00c1LAGA &#8211; GRANADA. SIERRA DE ALFAGUARA<\/strong><\/h3>\n<p><img loading=\"lazy\" decoding=\"async\" class=\"alignnone size-extra-large\" src=\"http:\/\/www.lavuelta.com\/PHOTOS\/VUE\/2018\/400\/PROFIL.png\" width=\"600\" height=\"400\" \/>La Vuelta 2018 arranca en M\u00e1laga y en su cuarta etapa llega a <strong>Granada<\/strong>, una de las ciudades fetiche para Alejandro Valverde, tanto para lo bueno como para lo malo. En la ciudad de Sierra Nevada vivi\u00f3 alguna de sus grandes victorias y una de las derrotas m\u00e1s recordadas.<\/p>\n<p>La etapa de <strong>2018 esta vez no acaba en Sierra Nevada, sino en la in\u00e9dita Sierra de Alfaguara,<\/strong> justo al norte de Granada. Algo similar a la edici\u00f3n de <strong>2014<\/strong>, en la que la carrera inaugur\u00f3 la ascensi\u00f3n a <strong>Cumbres Verdes<\/strong>, esta vez en La Zubia, a un pu\u00f1ado de kil\u00f3metros de la capital.\u00a0 Quiz\u00e1s fue una de sus grandes exhibiciones. Ese d\u00eda le toc\u00f3 trabajar los \u00faltimos tres kil\u00f3metros para Nairo Quintana tirando del Grupo y a\u00fan as\u00ed fue capaz de rematar al sprint delante de Purito, Froome o Alberto Contador.<\/p>\n<lite-youtube videoid=vpdSVUoRKVw params=\"enablejsapi=1\" style=\"background-image: url('https:\/\/i.ytimg.com\/vi_webp\/vpdSVUoRKVw\/maxresdefault.webp');\"><\/lite-youtube>\n<p>Sierra Nevada fue una de sus presentaciones &#8216;oficiales&#8217; como profesional en La Vuelta de <strong>2003<\/strong>. La subida le permiti\u00f3 soltar a Heras y Nozal, que acabar\u00edan por delante de \u00e9l en el podio y reafirmar lo que ya hab\u00eda demostrado con las victorias de etapa en Envalira y La Pandera. En <strong>2006<\/strong>, sin embargo, vivi\u00f3 en Granada uno de los tragos m\u00e1s amargos de sus carrera. Vestido con el jersey oro no aguant\u00f3 los ataques de Vinkourov en la subida a Monachil y en el descenso hacia la meta en la capital el kazajo le meter\u00eda m\u00e1s tiempo y le arrebatar\u00eda el maillot de l\u00edder. Fue la famosa imagen de Alejandro con el maillot abierto en el descenso que tanto le criticaron.<\/p>\n<p><strong>Sierra Nevada se volvi\u00f3 a ascender en 2009,<\/strong> esta vez con el paso previo de Monachil. Ese d\u00eda la mala suerte se ceb\u00f3 con Cadel Evans, que por una aver\u00eda mec\u00e1nica acab\u00f3 perdiendo tiempo en la cima. \u00c9l ser\u00eda a la postre el gran rival de Valverde en la edici\u00f3n que acab\u00f3 ganando.<\/p>\n<div class=\"embed-controller-wrapper\">\n<div class=\"embed-wrapper\"><iframe title=\"VUELTA A ESPA\u00d1A 2006 GRANADA parte 2\" width=\"500\" height=\"375\" data-src=\"https:\/\/www.youtube.com\/embed\/j_SEctXlv1I?feature=oembed\" frameborder=\"0\" allow=\"accelerometer; autoplay; clipboard-write; encrypted-media; gyroscope; picture-in-picture; web-share\" referrerpolicy=\"strict-origin-when-cross-origin\" allowfullscreen><\/iframe><\/div>\n<\/div>\n<p>&nbsp;<\/p>\n<h3><strong>ETAPA 9. TALAVERA DE LA REINA &#8211; LA COVATILLA<\/strong><\/h3>\n<p><img loading=\"lazy\" decoding=\"async\" class=\"alignnone size-extra-large\" src=\"http:\/\/www.lavuelta.com\/PHOTOS\/VUE\/2018\/900\/PROFIL.png\" width=\"600\" height=\"400\" \/><br \/>\nLa Vuelta 2018 llega a La Covatilla por quinta vez en su historia. La primera fue en 2002, con triunfo de Santi Blanco. La segunda, en 2004, llegaba con un jovenc\u00edsimo Alejandro Valverde como segundo clasificado de la general.\u00a0 Era el a\u00f1o en el que hab\u00eda ganado la segunda etapa en Soria al sprint. Ya luc\u00eda galones de l\u00edder porque el pelot\u00f3n le esper\u00f3 despu\u00e9s de una tremenda ca\u00edda a la salida de Alicante con direcci\u00f3n a Caravaca de la Cruz.<\/p>\n<p>Era la etapa 17 y el murciano so\u00f1aba con al menos repetir el podio de la edici\u00f3n anterior, y, \u00bfpor qu\u00e9 no? optar a ganar la carrera, sobre todo despu\u00e9s de sus buenas sensaciones en la cronoescalada de Sierra Nevada. Sin embargo ese d\u00eda <strong>Roberto Heras, Santiago P\u00e9rez y Francisco Mancebo<\/strong> fueron muy superiores. A Valverde no le pudo ayudar ni su compa\u00f1ero de entonces en el Kelme Carlos Garc\u00eda Quesada y en meta acabar\u00eda perdiendo m\u00e1s de dos minutos y sus opciones de podio.<\/p>\n<div class=\"embed-controller-wrapper\">\n<div class=\"embed-wrapper\"><iframe title=\"VUELTA A ESPA\u00d1A 2004 LA COVATILLA\" width=\"500\" height=\"375\" data-src=\"https:\/\/www.youtube.com\/embed\/xKPWxaY51yc?feature=oembed\" frameborder=\"0\" allow=\"accelerometer; autoplay; clipboard-write; encrypted-media; gyroscope; picture-in-picture; web-share\" referrerpolicy=\"strict-origin-when-cross-origin\" allowfullscreen><\/iframe><\/div>\n<\/div>\n<p>&nbsp;<\/p>\n<h3><strong>ETAPA 15. RIBERA &#8211; LAGOS DE COVADONGA<\/strong><\/h3>\n<p><img loading=\"lazy\" decoding=\"async\" class=\"alignnone size-extra-large\" src=\"http:\/\/www.lavuelta.com\/PHOTOS\/VUE\/2018\/1500\/PROFIL.png\" width=\"600\" height=\"400\" \/>La segunda semana de La Vuelta 2018\u00a0acaba en una subida m\u00edtica como Lagos de Covadonga. Pese a ser una de las que m\u00e1s veces se ha ascendido, <strong>Alejandro Valverde no la conoci\u00f3 hasta la edici\u00f3n de 2012.<\/strong> En aquel a\u00f1o formaba parte del tremendo p\u00f3ker el norte. Etapas seguidas en Ancares, Lagos de Covadonga, Cuitu Negro y Fuente D\u00e9. El murciano ya estaba alejado en la general de<strong> Purito Rodr\u00edguez y Alberto Contador,<\/strong> los dos que se estaban jugando el liderato, sin embargo ese d\u00eda aguant\u00f3 con ellos e incluso les sac\u00f3 unos segundos en la cima. No sab\u00eda que aquello le acabar\u00eda dando la segunda plaza en el podio de Madrid.<\/p>\n<p>Dos a\u00f1os despu\u00e9s, en <strong>2014, Lagos de Covadonga<\/strong> vivi\u00f3 una de aquellas subidas m\u00e1s m\u00edticas de las \u00faltimas ediciones. Valverde ya hab\u00eda estado vestido de l\u00edder cuatro d\u00edas y segu\u00eda con opciones en la general, sobre todo despu\u00e9s de la ca\u00edda de Nairo Quintana, que hasta entonces era el l\u00edder del equipo. La subida asturiana lleg\u00f3 con Contador con l\u00edder y el murciano a solo 42 segundos.\u00a0 La batalla entre los dos y <strong>Purito Rodr\u00edguez<\/strong>, que tambi\u00e9n optaba a La Vuelta, fue espectacular. No le sirvi\u00f3 para ser primero, porque los tres llegaron pr\u00e1cticamente juntos, pero si para distanciar a Chris Froome.<\/p>\n<div class=\"embed-controller-wrapper\">\n<div class=\"embed-wrapper\"><iframe title=\"Vuelta Espan\u0303a 2014 - Lagos de Covadonga\" width=\"500\" height=\"281\" data-src=\"https:\/\/www.youtube.com\/embed\/BjdNYgcL3z8?feature=oembed\" frameborder=\"0\" allow=\"accelerometer; autoplay; clipboard-write; encrypted-media; gyroscope; picture-in-picture; web-share\" referrerpolicy=\"strict-origin-when-cross-origin\" allowfullscreen><\/iframe><\/div>\n<\/div>\n<p>&nbsp;<\/p>\n<h3><strong>ETAPA 20. ANDORRA &#8211; COLL DE LA GALLINA<\/strong><\/h3>\n<p><img loading=\"lazy\" decoding=\"async\" class=\"alignnone size-extra-large\" src=\"http:\/\/www.lavuelta.com\/PHOTOS\/VUE\/2018\/2000\/PROFIL.png\" width=\"600\" height=\"540\" \/><br \/>\nLa Vuelta 2018 tendr\u00e1 su traca final en Andorra con dos etapas de monta\u00f1a. La primera con final en La Rabassa y la segunda en La Gallina. No le traen malos recuerdos a Alejandro los puertos del Principado. All\u00ed, en <strong>2o03 logr\u00f3 su primer triunfo en la cima de Envalira<\/strong>. Era la novena etapa y aquel d\u00eda se hab\u00eda hecho un recorrido habitual. Salida de Viella y paso por La Bonaigua y el Cant\u00f3 antes de afrontar la larga ascensi\u00f3n a Envalira. Fue un d\u00eda de mucho control y al \u00faltimo kil\u00f3metro lleg\u00f3 un grupo de 15 ciclistas. <strong>Valverde,<\/strong> el m\u00e1s r\u00e1pido de todos, super\u00f3 en el sprint a Dario Frigo y Unai Osa. Por detr\u00e1s lo Piepoli, Mancebo o Sevilla.<\/p>\n<div class=\"embed-controller-wrapper\">\n<div class=\"embed-wrapper\"><iframe title=\"2003. Vuelta a Espana etap 09\" width=\"500\" height=\"375\" data-src=\"https:\/\/www.youtube.com\/embed\/ZwV_d0bYWGk?feature=oembed\" frameborder=\"0\" allow=\"accelerometer; autoplay; clipboard-write; encrypted-media; gyroscope; picture-in-picture; web-share\" referrerpolicy=\"strict-origin-when-cross-origin\" allowfullscreen><\/iframe><\/div>\n<\/div>\n<p>En 2012 La Vuelta inaugur\u00f3 la subida a La Gallina. Fue por la misma vertiente que se ascender\u00e1 en este 2018, la del Santuario de Canolich. Pero en aquella edici\u00f3n se ascendi\u00f3 en la novena etapa y con un recorrido mucho m\u00e1s leve que en 2018, solo La Comella como paso previo. Ya se hab\u00edan subido en esa edici\u00f3n Arrate y Valdezcaray, donde Valverde perdi\u00f3 el liderato por culpa de una ca\u00edda. La subida a la Gallina supuso el resarcimiento de Valverde, que no solo super\u00f3 al sprint a Contador y Purito, sino que<\/p>\n<p><a href=\"https:\/\/youtu.be\/-TA6YtiWB-c\">https:\/\/youtu.be\/-TA6YtiWB-c<\/a><\/p>\n","protected":false},"excerpt":{"rendered":"<p>Alejandro Valverde es, despu\u00e9s de la retirada de Alberto Contador, el \u00fanico ciclista espa\u00f1ol en activo que ha ganado La [&hellip;]<\/p>\n","protected":false},"author":29,"featured_media":2258,"comment_status":"open","ping_status":"open","sticky":false,"template":"","format":"standard","meta":{"footnotes":""},"categories":[7],"tags":[295,293,294],"global-categories":[],"class_list":["post-2249","post","type-post","status-publish","format-standard","has-post-thumbnail","hentry","category-carretera","tag-etapas-la-vuelta","tag-la-vuelta-2018","tag-la-vuelta-alejandro-valverde"],"yoast_head":"<!-- This site is optimized with the Yoast SEO Premium plugin v25.3 (Yoast SEO v25.9) - https:\/\/yoast.com\/wordpress\/plugins\/seo\/ -->\n<title>La Vuelta 2018 seg\u00fan Alejandro Valverde - \u0160koda We Love Cycling - Spain<\/title>\n<meta name=\"description\" content=\"Alejandro Valverde es, despu\u00e9s de la retirada de Alberto Contador, el \u00fanico ciclista espa\u00f1ol en activo que ha ganado La Vuelta\" \/>\n<meta name=\"robots\" content=\"index, follow, max-snippet:-1, max-image-preview:large, max-video-preview:-1\" \/>\n<link rel=\"canonical\" href=\"https:\/\/www.welovecycling.com\/es\/2018\/02\/01\/la-vuelta-2018-segun-alejandro-valverde\/\" \/>\n<meta property=\"og:locale\" content=\"es_ES\" \/>\n<meta property=\"og:type\" content=\"article\" \/>\n<meta property=\"og:title\" content=\"La Vuelta 2018 seg\u00fan Alejandro Valverde\" \/>\n<meta property=\"og:description\" content=\"Alejandro Valverde es, despu\u00e9s de la retirada de Alberto Contador, el \u00fanico ciclista espa\u00f1ol en activo que ha ganado La Vuelta\" \/>\n<meta property=\"og:url\" content=\"https:\/\/www.welovecycling.com\/es\/2018\/02\/01\/la-vuelta-2018-segun-alejandro-valverde\/\" \/>\n<meta property=\"og:site_name\" content=\"\u0160koda We Love Cycling - Spain\" \/>\n<meta property=\"article:published_time\" content=\"2018-02-01T10:57:31+00:00\" \/>\n<meta property=\"article:modified_time\" content=\"2018-02-01T11:01:01+00:00\" \/>\n<meta property=\"og:image\" content=\"https:\/\/d2p6e6u75xmxt8.cloudfront.net\/6\/2018\/02\/valverde_irizar_vuelta.JPG.jpg\" \/>\n\t<meta property=\"og:image:width\" content=\"1280\" \/>\n\t<meta property=\"og:image:height\" content=\"725\" \/>\n\t<meta property=\"og:image:type\" content=\"image\/jpeg\" \/>\n<meta name=\"author\" content=\"We Love Cycling Spain\" \/>\n<meta name=\"twitter:card\" content=\"summary_large_image\" \/>\n<meta name=\"twitter:label1\" content=\"Written by\" \/>\n\t<meta name=\"twitter:data1\" content=\"Luis Ortega @ciclored\" \/>\n\t<meta name=\"twitter:label2\" content=\"Est. reading time\" \/>\n\t<meta name=\"twitter:data2\" content=\"6 minutes\" \/>\n<script type=\"application\/ld+json\" class=\"yoast-schema-graph\">{\"@context\":\"https:\/\/schema.org\",\"@graph\":[{\"@type\":\"WebPage\",\"@id\":\"https:\/\/www.welovecycling.com\/es\/2018\/02\/01\/la-vuelta-2018-segun-alejandro-valverde\/\",\"url\":\"https:\/\/www.welovecycling.com\/es\/2018\/02\/01\/la-vuelta-2018-segun-alejandro-valverde\/\",\"name\":\"La Vuelta 2018 seg\u00fan Alejandro Valverde - \u0160koda We Love Cycling - Spain\",\"isPartOf\":{\"@id\":\"https:\/\/www.welovecycling.com\/es\/#website\"},\"primaryImageOfPage\":{\"@id\":\"https:\/\/www.welovecycling.com\/es\/2018\/02\/01\/la-vuelta-2018-segun-alejandro-valverde\/#primaryimage\"},\"image\":{\"@id\":\"https:\/\/www.welovecycling.com\/es\/2018\/02\/01\/la-vuelta-2018-segun-alejandro-valverde\/#primaryimage\"},\"thumbnailUrl\":\"https:\/\/d2p6e6u75xmxt8.cloudfront.net\/6\/2018\/02\/valverde_irizar_vuelta.JPG.jpg\",\"datePublished\":\"2018-02-01T10:57:31+00:00\",\"dateModified\":\"2018-02-01T11:01:01+00:00\",\"author\":{\"@id\":\"https:\/\/www.welovecycling.com\/es\/#\/schema\/person\/deb61715b5812698ee79fb96f343ccd4\"},\"description\":\"Alejandro Valverde es, despu\u00e9s de la retirada de Alberto Contador, el \u00fanico ciclista espa\u00f1ol en activo que ha ganado La Vuelta\",\"breadcrumb\":{\"@id\":\"https:\/\/www.welovecycling.com\/es\/2018\/02\/01\/la-vuelta-2018-segun-alejandro-valverde\/#breadcrumb\"},\"inLanguage\":\"es-ES\",\"potentialAction\":[{\"@type\":\"ReadAction\",\"target\":[\"https:\/\/www.welovecycling.com\/es\/2018\/02\/01\/la-vuelta-2018-segun-alejandro-valverde\/\"]}]},{\"@type\":\"ImageObject\",\"inLanguage\":\"es-ES\",\"@id\":\"https:\/\/www.welovecycling.com\/es\/2018\/02\/01\/la-vuelta-2018-segun-alejandro-valverde\/#primaryimage\",\"url\":\"https:\/\/d2p6e6u75xmxt8.cloudfront.net\/6\/2018\/02\/valverde_irizar_vuelta.JPG.jpg\",\"contentUrl\":\"https:\/\/d2p6e6u75xmxt8.cloudfront.net\/6\/2018\/02\/valverde_irizar_vuelta.JPG.jpg\",\"width\":1280,\"height\":725},{\"@type\":\"BreadcrumbList\",\"@id\":\"https:\/\/www.welovecycling.com\/es\/2018\/02\/01\/la-vuelta-2018-segun-alejandro-valverde\/#breadcrumb\",\"itemListElement\":[{\"@type\":\"ListItem\",\"position\":1,\"name\":\"Home\",\"item\":\"https:\/\/www.welovecycling.com\/es\/\"},{\"@type\":\"ListItem\",\"position\":2,\"name\":\"La Vuelta 2018 seg\u00fan Alejandro Valverde\"}]},{\"@type\":\"WebSite\",\"@id\":\"https:\/\/www.welovecycling.com\/es\/#website\",\"url\":\"https:\/\/www.welovecycling.com\/es\/\",\"name\":\"\u0160koda We Love Cycling - Spain\",\"description\":\"\u0160koda WeLoveCycling Spain\",\"potentialAction\":[{\"@type\":\"SearchAction\",\"target\":{\"@type\":\"EntryPoint\",\"urlTemplate\":\"https:\/\/www.welovecycling.com\/es\/?s={search_term_string}\"},\"query-input\":{\"@type\":\"PropertyValueSpecification\",\"valueRequired\":true,\"valueName\":\"search_term_string\"}}],\"inLanguage\":\"es-ES\"},{\"@type\":\"Person\",\"@id\":\"https:\/\/www.welovecycling.com\/es\/#\/schema\/person\/deb61715b5812698ee79fb96f343ccd4\",\"name\":\"We Love Cycling Spain\",\"image\":{\"@type\":\"ImageObject\",\"inLanguage\":\"es-ES\",\"@id\":\"https:\/\/www.welovecycling.com\/es\/#\/schema\/person\/image\/\",\"url\":\"https:\/\/secure.gravatar.com\/avatar\/c824b04e6df0e37a03219d0b6481672889df542894588964102459e46513159c?s=96&d=mm&r=g\",\"contentUrl\":\"https:\/\/secure.gravatar.com\/avatar\/c824b04e6df0e37a03219d0b6481672889df542894588964102459e46513159c?s=96&d=mm&r=g\",\"caption\":\"We Love Cycling Spain\"},\"url\":\"https:\/\/www.welovecycling.com\/es\/author\/amunoz\/\"}]}<\/script>\n<!-- \/ Yoast SEO Premium plugin. -->","yoast_head_json":{"title":"La Vuelta 2018 seg\u00fan Alejandro Valverde - \u0160koda We Love Cycling - Spain","description":"Alejandro Valverde es, despu\u00e9s de la retirada de Alberto Contador, el \u00fanico ciclista espa\u00f1ol en activo que ha ganado La Vuelta","robots":{"index":"index","follow":"follow","max-snippet":"max-snippet:-1","max-image-preview":"max-image-preview:large","max-video-preview":"max-video-preview:-1"},"canonical":"https:\/\/www.welovecycling.com\/es\/2018\/02\/01\/la-vuelta-2018-segun-alejandro-valverde\/","og_locale":"es_ES","og_type":"article","og_title":"La Vuelta 2018 seg\u00fan Alejandro Valverde","og_description":"Alejandro Valverde es, despu\u00e9s de la retirada de Alberto Contador, el \u00fanico ciclista espa\u00f1ol en activo que ha ganado La Vuelta","og_url":"https:\/\/www.welovecycling.com\/es\/2018\/02\/01\/la-vuelta-2018-segun-alejandro-valverde\/","og_site_name":"\u0160koda We Love Cycling - Spain","article_published_time":"2018-02-01T10:57:31+00:00","article_modified_time":"2018-02-01T11:01:01+00:00","og_image":[{"width":1280,"height":725,"url":"https:\/\/d2p6e6u75xmxt8.cloudfront.net\/6\/2018\/02\/valverde_irizar_vuelta.JPG.jpg","type":"image\/jpeg"}],"author":"We Love Cycling Spain","twitter_card":"summary_large_image","twitter_misc":{"Written by":"Luis Ortega @ciclored","Est. reading time":"6 minutes"},"schema":{"@context":"https:\/\/schema.org","@graph":[{"@type":"WebPage","@id":"https:\/\/www.welovecycling.com\/es\/2018\/02\/01\/la-vuelta-2018-segun-alejandro-valverde\/","url":"https:\/\/www.welovecycling.com\/es\/2018\/02\/01\/la-vuelta-2018-segun-alejandro-valverde\/","name":"La Vuelta 2018 seg\u00fan Alejandro Valverde - \u0160koda We Love Cycling - Spain","isPartOf":{"@id":"https:\/\/www.welovecycling.com\/es\/#website"},"primaryImageOfPage":{"@id":"https:\/\/www.welovecycling.com\/es\/2018\/02\/01\/la-vuelta-2018-segun-alejandro-valverde\/#primaryimage"},"image":{"@id":"https:\/\/www.welovecycling.com\/es\/2018\/02\/01\/la-vuelta-2018-segun-alejandro-valverde\/#primaryimage"},"thumbnailUrl":"https:\/\/d2p6e6u75xmxt8.cloudfront.net\/6\/2018\/02\/valverde_irizar_vuelta.JPG.jpg","datePublished":"2018-02-01T10:57:31+00:00","dateModified":"2018-02-01T11:01:01+00:00","author":{"@id":"https:\/\/www.welovecycling.com\/es\/#\/schema\/person\/deb61715b5812698ee79fb96f343ccd4"},"description":"Alejandro Valverde es, despu\u00e9s de la retirada de Alberto Contador, el \u00fanico ciclista espa\u00f1ol en activo que ha ganado La Vuelta","breadcrumb":{"@id":"https:\/\/www.welovecycling.com\/es\/2018\/02\/01\/la-vuelta-2018-segun-alejandro-valverde\/#breadcrumb"},"inLanguage":"es-ES","potentialAction":[{"@type":"ReadAction","target":["https:\/\/www.welovecycling.com\/es\/2018\/02\/01\/la-vuelta-2018-segun-alejandro-valverde\/"]}]},{"@type":"ImageObject","inLanguage":"es-ES","@id":"https:\/\/www.welovecycling.com\/es\/2018\/02\/01\/la-vuelta-2018-segun-alejandro-valverde\/#primaryimage","url":"https:\/\/d2p6e6u75xmxt8.cloudfront.net\/6\/2018\/02\/valverde_irizar_vuelta.JPG.jpg","contentUrl":"https:\/\/d2p6e6u75xmxt8.cloudfront.net\/6\/2018\/02\/valverde_irizar_vuelta.JPG.jpg","width":1280,"height":725},{"@type":"BreadcrumbList","@id":"https:\/\/www.welovecycling.com\/es\/2018\/02\/01\/la-vuelta-2018-segun-alejandro-valverde\/#breadcrumb","itemListElement":[{"@type":"ListItem","position":1,"name":"Home","item":"https:\/\/www.welovecycling.com\/es\/"},{"@type":"ListItem","position":2,"name":"La Vuelta 2018 seg\u00fan Alejandro Valverde"}]},{"@type":"WebSite","@id":"https:\/\/www.welovecycling.com\/es\/#website","url":"https:\/\/www.welovecycling.com\/es\/","name":"\u0160koda We Love Cycling - Spain","description":"\u0160koda WeLoveCycling Spain","potentialAction":[{"@type":"SearchAction","target":{"@type":"EntryPoint","urlTemplate":"https:\/\/www.welovecycling.com\/es\/?s={search_term_string}"},"query-input":{"@type":"PropertyValueSpecification","valueRequired":true,"valueName":"search_term_string"}}],"inLanguage":"es-ES"},{"@type":"Person","@id":"https:\/\/www.welovecycling.com\/es\/#\/schema\/person\/deb61715b5812698ee79fb96f343ccd4","name":"We Love Cycling Spain","image":{"@type":"ImageObject","inLanguage":"es-ES","@id":"https:\/\/www.welovecycling.com\/es\/#\/schema\/person\/image\/","url":"https:\/\/secure.gravatar.com\/avatar\/c824b04e6df0e37a03219d0b6481672889df542894588964102459e46513159c?s=96&d=mm&r=g","contentUrl":"https:\/\/secure.gravatar.com\/avatar\/c824b04e6df0e37a03219d0b6481672889df542894588964102459e46513159c?s=96&d=mm&r=g","caption":"We Love Cycling Spain"},"url":"https:\/\/www.welovecycling.com\/es\/author\/amunoz\/"}]}},"_links":{"self":[{"href":"https:\/\/www.welovecycling.com\/es\/wp-json\/wp\/v2\/posts\/2249","targetHints":{"allow":["GET"]}}],"collection":[{"href":"https:\/\/www.welovecycling.com\/es\/wp-json\/wp\/v2\/posts"}],"about":[{"href":"https:\/\/www.welovecycling.com\/es\/wp-json\/wp\/v2\/types\/post"}],"author":[{"embeddable":true,"href":"https:\/\/www.welovecycling.com\/es\/wp-json\/wp\/v2\/users\/29"}],"replies":[{"embeddable":true,"href":"https:\/\/www.welovecycling.com\/es\/wp-json\/wp\/v2\/comments?post=2249"}],"version-history":[{"count":1,"href":"https:\/\/www.welovecycling.com\/es\/wp-json\/wp\/v2\/posts\/2249\/revisions"}],"predecessor-version":[{"id":2251,"href":"https:\/\/www.welovecycling.com\/es\/wp-json\/wp\/v2\/posts\/2249\/revisions\/2251"}],"wp:featuredmedia":[{"embeddable":true,"href":"https:\/\/www.welovecycling.com\/es\/wp-json\/wp\/v2\/media\/2258"}],"wp:attachment":[{"href":"https:\/\/www.welovecycling.com\/es\/wp-json\/wp\/v2\/media?parent=2249"}],"wp:term":[{"taxonomy":"category","embeddable":true,"href":"https:\/\/www.welovecycling.com\/es\/wp-json\/wp\/v2\/categories?post=2249"},{"taxonomy":"post_tag","embeddable":true,"href":"https:\/\/www.welovecycling.com\/es\/wp-json\/wp\/v2\/tags?post=2249"},{"taxonomy":"global-categories","embeddable":true,"href":"https:\/\/www.welovecycling.com\/es\/wp-json\/wp\/v2\/global-categories?post=2249"}],"curies":[{"name":"wp","href":"https:\/\/api.w.org\/{rel}","templated":true}]}}