{"id":2232,"date":"2018-01-31T12:17:15","date_gmt":"2018-01-31T10:17:15","guid":{"rendered":"https:\/\/www.welovecycling.com\/es\/?p=2232"},"modified":"2018-01-31T12:17:15","modified_gmt":"2018-01-31T10:17:15","slug":"fitur-para-ciclistas","status":"publish","type":"post","link":"https:\/\/www.welovecycling.com\/es\/2018\/01\/31\/fitur-para-ciclistas\/","title":{"rendered":"Fitur para ciclistas"},"content":{"rendered":"<p><strong>En sus inicios la bicicleta era para viajar. Un medio para descubrir nuevos mundos. Fitur es las feria de turismo m\u00e1s grande de Espa\u00f1a y una de las mayores del mundo. Entre su oferta la bicicleta sale por casi cualquier stand, ya sea para ofrecer lugares paradis\u00edacos que recorrer en nuestra montura, escalar monta\u00f1as, descubrir nuevos territorios, participar en eventos o conocer hoteles que se preocupan especialmente por el ciclista.\u00a0<\/strong><!--more--><\/p>\n<p>En Fitur para ciclistas nos hemos detenido en los diversos modelos de integraci\u00f3n del ciclismo en el turismo. Pese a que no tiene un lugar propio y separado dentro de la Feria, es f\u00e1cil encontrar destinos ciclistas en casi todos los stands de cada una de las regiones espa\u00f1olas y de los pa\u00edses, m\u00e1s de un centenar, que expusieron sus destinos.\u00a0 Sobre todo a trav\u00e9s de la promoci\u00f3n p\u00fablica.<\/p>\n<p>Los patronatos de Turismo auton\u00f3mico y local han encontrado en el ciclismo un modelo para desestacionalizar las visitas de los turistas, sobre todo en Catalu\u00f1a, Levante, Andaluc\u00eda e Islas Baleares, o de promocionar la naturaleza y el turismo rural en Extremadura, Arag\u00f3n, Asturias o Castilla-La Mancha. La Vuelta a Espa\u00f1a y los eventos cicloturistas tambi\u00e9n tuvieron su lugar en los stands espa\u00f1oles de Fitur.<\/p>\n<p>El cicloturismo internacional llama a conocer sus pa\u00edses a trav\u00e9s de la bicicleta. Desde largas pedaladas por el Danubio o los muros de Flandes a aventuras en Nepal, Marruecos, Argentina, M\u00e9xico o Costa Rica.<\/p>\n<p>Aqu\u00ed tienen algunos de los ejemplos del Turismo Ciclista de Fitur 2018<\/p>\n<h2><strong>Ciclamadrid<\/strong><\/h2>\n<p>Si pide a un ciclista cual es su lugar ideal para unas vacaciones en bici, muy pocos dir\u00e1n que la Comunidad de Madrid. La ciudad se tiene como un lugar inc\u00f3modo para el ciclista y sus alrededores son poco conocidos m\u00e1s all\u00e1 de la Sierra de Guadarrama por su vinculaci\u00f3n con La Vuelta a Espa\u00f1a. Para romper con ese mito naci\u00f3 <a href=\"http:\/\/www.ciclamadrid.es\/ciclamadrid\/\">Clicamadrid<\/a>.\u00a0 El proyecto iniciado por la Comunidad de Madrid ya ha se\u00f1alizado m\u00e1s de 1.200 kil\u00f3metros de carreteras y caminos por toda la regi\u00f3n. El sentido es circular y permite rodear Madrid a golpe de pedal.<\/p>\n<p><a href=\"https:\/\/d2p6e6u75xmxt8.cloudfront.net\/6\/2018\/01\/ciclamadrid.jpg\"><img loading=\"lazy\" decoding=\"async\" class=\"aligncenter size-large wp-image-2233\" src=\"https:\/\/d2p6e6u75xmxt8.cloudfront.net\/6\/2018\/01\/ciclamadrid-1024x475.jpg\" alt=\"\" width=\"1024\" height=\"475\" srcset=\"https:\/\/d2p6e6u75xmxt8.cloudfront.net\/6\/2018\/01\/ciclamadrid-1024x475.jpg 1024w, https:\/\/d2p6e6u75xmxt8.cloudfront.net\/6\/2018\/01\/ciclamadrid-300x139.jpg 300w, https:\/\/d2p6e6u75xmxt8.cloudfront.net\/6\/2018\/01\/ciclamadrid-768x356.jpg 768w, https:\/\/d2p6e6u75xmxt8.cloudfront.net\/6\/2018\/01\/ciclamadrid.jpg 1288w\" sizes=\"auto, (max-width: 1024px) 100vw, 1024px\" \/><\/a><\/p>\n<p>Para completarlo incorpora datos de empresas que organizan Tours, lugares donde alquilar bicicletas, hoteles con sensibilidad hacia los ciclistas o lugares gastron\u00f3micos para hacer una parada.<\/p>\n<h2><strong>Cycling Friendly Mallorca<\/strong><\/h2>\n<p>En el caso de <a href=\"http:\/\/www.cycling-friendly.com\/\">Cycling Friendly<\/a> su nacimiento no tiene nada que ver con la inversi\u00f3n p\u00fablica, m\u00e1s bien al contrario. La web se cre\u00f3 para ense\u00f1ar las rutas ciclistas de Mallorca, una de las islas con m\u00e1s turismo ciclista del mundo, y cubrir una necesidad que demandaban los turistas, sobre todo extranjeros, y que no estaba cubierta por la administraci\u00f3n p\u00fablica.<\/p>\n<p><a href=\"https:\/\/d2p6e6u75xmxt8.cloudfront.net\/6\/2018\/01\/cycling-friendly.jpg\"><img loading=\"lazy\" decoding=\"async\" class=\"aligncenter size-large wp-image-2234\" src=\"https:\/\/d2p6e6u75xmxt8.cloudfront.net\/6\/2018\/01\/cycling-friendly-1024x462.jpg\" alt=\"\" width=\"1024\" height=\"462\" srcset=\"https:\/\/d2p6e6u75xmxt8.cloudfront.net\/6\/2018\/01\/cycling-friendly-1024x462.jpg 1024w, https:\/\/d2p6e6u75xmxt8.cloudfront.net\/6\/2018\/01\/cycling-friendly-300x135.jpg 300w, https:\/\/d2p6e6u75xmxt8.cloudfront.net\/6\/2018\/01\/cycling-friendly-768x346.jpg 768w, https:\/\/d2p6e6u75xmxt8.cloudfront.net\/6\/2018\/01\/cycling-friendly.jpg 1341w\" sizes=\"auto, (max-width: 1024px) 100vw, 1024px\" \/><\/a><br \/>\nLo que se inici\u00f3 con un pu\u00f1ado de rutas y altimetr\u00edas recoge ahora centenares de opciones para conocer Mallorca en bici y subir todos sus puertos de monta\u00f1a. Adem\u00e1s ha incorporado hoteles con e<strong>l sello de calidad Cycling Friendly<\/strong>, es decir, adaptados a ciclistas, un apartado para alquilar bicicletas, otro para reservar coches, otro para conocer los bares en los que parar al avituallamiento, uno m\u00e1s con tiendas ciclistas&#8230; Incluso para organizar tu viaje desde la propia p\u00e1gina web.<\/p>\n<h2><strong>La Vuelta a Espa\u00f1a<\/strong><\/h2>\n<p>El gran activo que &#8216;vende&#8217; la organizaci\u00f3n de<a href=\"http:\/\/www.lavuelta.com\/la-vuelta\/2018\/es\/recorrido-general.html\" target=\"_blank\" rel=\"noopener\"> La Vuelta<\/a> no es la competici\u00f3n pura, sino todo el negocio que genera a su alrededor. Y una gran porci\u00f3n est\u00e1 relacionada con el turismo. Por un lado las ciudades que acogen las salidas y metas de la ronda espa\u00f1ola buscan dar a conocer su destino a trav\u00e9s de la televisi\u00f3n y la publicidad que aporta la presencia de la Vuelta all\u00ed. Esa visibilidad est\u00e1 destinada a un p\u00fablico que, ya sea ciclista o no, conoce los encantos de la zona a trav\u00e9s de los medios y, tarde o temprano, acude a visitarla.<\/p>\n<p><a href=\"https:\/\/d2p6e6u75xmxt8.cloudfront.net\/6\/2018\/01\/ETAPA-21-6.JPG.jpg\"><img loading=\"lazy\" decoding=\"async\" class=\"aligncenter size-large wp-image-2235\" src=\"https:\/\/d2p6e6u75xmxt8.cloudfront.net\/6\/2018\/01\/ETAPA-21-6.JPG-1024x486.jpg\" alt=\"\" width=\"1024\" height=\"486\" srcset=\"https:\/\/d2p6e6u75xmxt8.cloudfront.net\/6\/2018\/01\/ETAPA-21-6.JPG.jpg 1024w, https:\/\/d2p6e6u75xmxt8.cloudfront.net\/6\/2018\/01\/ETAPA-21-6.JPG-300x142.jpg 300w, https:\/\/d2p6e6u75xmxt8.cloudfront.net\/6\/2018\/01\/ETAPA-21-6.JPG-768x365.jpg 768w\" sizes=\"auto, (max-width: 1024px) 100vw, 1024px\" \/><\/a><br \/>\nPero La Vuelta tambi\u00e9n tiene un efecto inmediato sobre la econom\u00eda tur\u00edstica local. Solo la caravana de la carrera y la presencia de 22 equipos y todos sus auxiliares ocupa en la zona m\u00e1s de medio millar de plazas hoteleras. Y despu\u00e9s est\u00e1n los <a href=\"https:\/\/ciclored.com\/events\/la-vuelta-2018\/\" target=\"_blank\" rel=\"noopener\">aficionados al ciclismo<\/a> que se desplazan para ver en directo la competici\u00f3n.<\/p>\n<p>Por eso el director de La Vuelta, Javier Guill\u00e9n, hizo un paseo itinerante por casi todos los stands de Fitur. Desde M\u00e1laga y Andaluc\u00eda para presentar los primeros d\u00edas de competici\u00f3n a Murcia, Salamanca, Galicia, Asturias, Cantabria, Pa\u00eds Vasco y Andorra.<\/p>\n<p>&nbsp;<\/p>\n<h2><strong>Arag\u00f3n y la Quebrantahuesos<\/strong><\/h2>\n<p>El caso m\u00e1s paradigm\u00e1tico de c\u00f3mo un evento cicloturista puede dar a conocer y poner en valor a una regi\u00f3n. Fitur volvi\u00f3 a ver en el stand de Arag\u00f3n la presentaci\u00f3n de la <a href=\"https:\/\/www.quebrantahuesos.com\/\">Quebrantahuesos<\/a>. Cada a\u00f1o esta marcha cicloturista lleva a Sabi\u00f1\u00e1nigo y al Valle de Tena aragon\u00e9s a m\u00e1s de 8.000 ciclistas a participar en su prueba m\u00e1s larga y 3.000 en La Treparriscos, la versi\u00f3n m\u00e1s corta. Adem\u00e1s de unos 4.000 acompa\u00f1antes. Y todo por un m\u00ednimo de dos noches.<\/p>\n<lite-youtube videoid=81yjnW36iuU params=\"enablejsapi=1\" style=\"background-image: url('https:\/\/i.ytimg.com\/vi_webp\/81yjnW36iuU\/maxresdefault.webp');\"><\/lite-youtube>\n<p>El impacto que genera no se queda ah\u00ed, porque estos n\u00fameros los lleva manteniendo durante las ediciones de los \u00faltimos diez a\u00f1os. Incluso durante los meses previos la zona recibe a ciclistas para entrenar con vistas a la prueba que en 2018 se celebrar\u00e1 a finales del mes de junio. Su repercusi\u00f3n ha sido desde a\u00f1os tenida en cuenta por el Gobierno de Arag\u00f3n, que la utiliza como uno de sus puntales en la Feria de Turismo.<\/p>\n<p>No fue la \u00fanica. La <a href=\"https:\/\/www.granfondoezaro.com\/\" target=\"_blank\" rel=\"noopener\">Gran Fondo \u00c9zaro<\/a>\u00a0 estuvo presente en el stand de Galicia, La <a href=\"http:\/\/www.andaluciabikerace.com\/es\/noticias\/18\/andaluca-bike-race-presented-by-shimano-se-presenta-en-fitur\">Andalucia Bike Race<\/a>\u00a0y <a href=\"http:\/\/laindomable.es\/\">La Indomable<\/a> se presentaron en el pabell\u00f3n de Andaluc\u00eda , la <a href=\"http:\/\/www.jamonbike.com\/\">Jam\u00f3n Bike<\/a> tambi\u00e9n estuvo en el de Arag\u00f3n.<\/p>\n<h2><strong>Israel y el Giro de Italia<\/strong><\/h2>\n<p>Israel siempre ha sido un gran destino de turismo religioso y cultural pero en 2018 tambi\u00e9n ha apostado por el ciclismo para atraer a aficionados. El gran evento ser\u00e1 el Giro de Italia, que a principios de mayo comienza por primera fuera de Europa y lo hace en Israel con tres etapas, la primera desde el mismo Jerusalen. La oficina de turismo por medio de los Tour Operadores locales ya han creado packs para el Giro.<\/p>\n<p><img loading=\"lazy\" decoding=\"async\" class=\"aligncenter size-extra-large\" src=\"http:\/\/static2.giroditalia.it\/wp-content\/uploads\/2017\/09\/BANNER_BIG-START_POST_LIVE_1024X350_ES-1024x350.jpg\" width=\"1024\" height=\"350\" \/><br \/>\nPero el Giro solo ir\u00e1 un a\u00f1o a Israel y el objetivo promocional es dar a conocer otros eventos anuales como la <a href=\"http:\/\/www.granfondo-deadsea.co.il\/en\/\">Gran Fondo del Mar Muerto<\/a>. Una cicloturista que rodea al Mar Muerto y que se celebra cada a\u00f1o a finales del mes de marzo.<\/p>\n<p>&nbsp;<\/p>\n<h2><strong>Pedaleando por Oaxaca (M\u00e9xico)<\/strong><\/h2>\n<p>Uno de los pa\u00edses m\u00e1s activos de Fitur siempre es M\u00e9xico. Su stand es de los mayores de la Feria y en \u00e9l se encuentran destinos ciclistas, sobre todo para MTB, aunque en los \u00faltimos a\u00f1os han apostado por las pruebas de GF para carretera en Monterrey y <a href=\"https:\/\/gfny.com\/gfny-cozumel\/\">Cozumel.<\/a><\/p>\n<p>Sin embargo la vegetaci\u00f3n y los paisajes naturales mexicanos invitan a descubrirla en BTT y m\u00e1s si es una de las regiones m\u00e1s desconocidas y lejos de los circuitos habituales como <a href=\"http:\/\/www.oaxacaexpediciones.com\/BikingEsp.html\">Oaxaca<\/a>. Situada en el suroeste del pa\u00eds y con salida al oc\u00e9ano Pac\u00edfico tiene las dos versiones. La dureza y los trails de la Sierra Madre y la tranquilidad de las playas de Huatulco.<\/p>\n<h2><strong>Pedaleando por Oaxaca (M\u00e9xico)<\/strong><\/h2>\n<p>Uno de los pa\u00edses m\u00e1s activos de Fitur siempre es M\u00e9xico. Su stand es de los mayores de la Feria y en \u00e9l se encuentran destinos ciclistas, sobre todo para MTB, aunque en los \u00faltimos a\u00f1os han apostado por las pruebas de GF para carretera en Monterrey y <a href=\"https:\/\/gfny.com\/gfny-cozumel\/\">Cozumel.<\/a><\/p>\n<p>Sin embargo la vegetaci\u00f3n y los paisajes naturales mexicanos invitan a descubrirla en BTT y m\u00e1s si es una de las regiones m\u00e1s desconocidas y lejos de los circuitos habituales como <a href=\"http:\/\/www.oaxacaexpediciones.com\/BikingEsp.html\">Oaxaca<\/a>. Situada en el suroeste del pa\u00eds y con salida al oc\u00e9ano Pac\u00edfico tiene las dos versiones. La dureza y los trails de la Sierra Madre y la tranquilidad de las playas de Huatulco.<\/p>\n<h2><strong>Nepal en bicicleta\u00a0<\/strong><\/h2>\n<p>Si hay algo que le pueda gustar\u00a0 a un ciclista es llegar a lo m\u00e1s alto y las monta\u00f1as m\u00e1s elevadas est\u00e1n en Nepal. Por eso en Fitur siempre la curiosidad llama a las puertas del pa\u00eds del Everest. Est\u00e1 claro que a 8000 metros de altitud es imposible, pero est\u00e1 la ilusi\u00f3n de afrontar un reto similar al <a href=\"https:\/\/www.welovecycling.com\/es\/catching-breath\/\">Catching Bread de Skoda.<\/a>\u00a0 En su p\u00e1gina web oficial el Gobierno de <a href=\"https:\/\/www.welcomenepal.com\/things-to-do\/mountain-biking.html\">Nepal tiene un apartado para ciclistas de MTB<\/a> con algunos de los destinos.<\/p>\n<p><img loading=\"lazy\" decoding=\"async\" class=\"alignnone size-extra-large\" src=\"http:\/\/www.nepalmountainbike.com\/img\/annapurna-circuit-biking-tour-03.jpg\" width=\"1900\" height=\"780\" \/><\/p>\n<p>Aunque siempre en estos lugares es m\u00e1s recomendable echarse en una manos de alguna <a href=\"http:\/\/www.nepalmountainbike.com\/trips\/asia\/lower-mustang-valley-biking-tour.html\">agencia tur\u00edstica especializada<\/a>. No es dif\u00edcil encontrar retos como ascender hasta los 5.400 metros en las cercanias del Annapurna o al\u00a0LupraPass de 4.200 u otros m\u00e1s tranquilos alrededor del valle de Pokhara.<\/p>\n","protected":false},"excerpt":{"rendered":"<p>En sus inicios la bicicleta era para viajar. Un medio para descubrir nuevos mundos. Fitur es las feria de turismo [&hellip;]<\/p>\n","protected":false},"author":29,"featured_media":2237,"comment_status":"open","ping_status":"open","sticky":false,"template":"","format":"standard","meta":{"footnotes":""},"categories":[7,8,9],"tags":[287,285,286],"global-categories":[],"class_list":["post-2232","post","type-post","status-publish","format-standard","has-post-thumbnail","hentry","category-carretera","category-life-style","category-mtb-aventura","tag-ciclismo-y-viajes","tag-fitur-ciclista","tag-viajes-ciclistas"],"yoast_head":"<!-- This site is optimized with the Yoast SEO Premium plugin v25.3 (Yoast SEO v25.9) - https:\/\/yoast.com\/wordpress\/plugins\/seo\/ -->\n<title>Fitur para ciclistas - \u0160koda We Love Cycling - Spain<\/title>\n<meta name=\"description\" content=\"Fitur para ciclistas. Los destinos que se presentaron en Fitur 2018 relacionados con el mundo de la bicicleta y de los viajes.\" \/>\n<meta name=\"robots\" content=\"index, follow, max-snippet:-1, max-image-preview:large, max-video-preview:-1\" \/>\n<link rel=\"canonical\" href=\"https:\/\/www.welovecycling.com\/es\/2018\/01\/31\/fitur-para-ciclistas\/\" \/>\n<meta property=\"og:locale\" content=\"es_ES\" \/>\n<meta property=\"og:type\" content=\"article\" \/>\n<meta property=\"og:title\" content=\"Fitur para ciclistas\" \/>\n<meta property=\"og:description\" content=\"Fitur para ciclistas. Los destinos que se presentaron en Fitur 2018 relacionados con el mundo de la bicicleta y de los viajes.\" \/>\n<meta property=\"og:url\" content=\"https:\/\/www.welovecycling.com\/es\/2018\/01\/31\/fitur-para-ciclistas\/\" \/>\n<meta property=\"og:site_name\" content=\"\u0160koda We Love Cycling - Spain\" \/>\n<meta property=\"article:published_time\" content=\"2018-01-31T10:17:15+00:00\" \/>\n<meta property=\"og:image\" content=\"https:\/\/d2p6e6u75xmxt8.cloudfront.net\/6\/2018\/01\/fitur-2018-presentacion-la-vuelta-ciclista.jpg\" \/>\n\t<meta property=\"og:image:width\" content=\"1000\" \/>\n\t<meta property=\"og:image:height\" content=\"667\" \/>\n\t<meta property=\"og:image:type\" content=\"image\/jpeg\" \/>\n<meta name=\"author\" content=\"We Love Cycling Spain\" \/>\n<meta name=\"twitter:card\" content=\"summary_large_image\" \/>\n<meta name=\"twitter:label1\" content=\"Written by\" \/>\n\t<meta name=\"twitter:data1\" content=\"Luis Ortega @ciclored\" \/>\n\t<meta name=\"twitter:label2\" content=\"Est. reading time\" \/>\n\t<meta name=\"twitter:data2\" content=\"8 minutes\" \/>\n<script type=\"application\/ld+json\" class=\"yoast-schema-graph\">{\"@context\":\"https:\/\/schema.org\",\"@graph\":[{\"@type\":\"WebPage\",\"@id\":\"https:\/\/www.welovecycling.com\/es\/2018\/01\/31\/fitur-para-ciclistas\/\",\"url\":\"https:\/\/www.welovecycling.com\/es\/2018\/01\/31\/fitur-para-ciclistas\/\",\"name\":\"Fitur para ciclistas - \u0160koda We Love Cycling - Spain\",\"isPartOf\":{\"@id\":\"https:\/\/www.welovecycling.com\/es\/#website\"},\"primaryImageOfPage\":{\"@id\":\"https:\/\/www.welovecycling.com\/es\/2018\/01\/31\/fitur-para-ciclistas\/#primaryimage\"},\"image\":{\"@id\":\"https:\/\/www.welovecycling.com\/es\/2018\/01\/31\/fitur-para-ciclistas\/#primaryimage\"},\"thumbnailUrl\":\"https:\/\/d2p6e6u75xmxt8.cloudfront.net\/6\/2018\/01\/fitur-2018-presentacion-la-vuelta-ciclista.jpg\",\"datePublished\":\"2018-01-31T10:17:15+00:00\",\"author\":{\"@id\":\"https:\/\/www.welovecycling.com\/es\/#\/schema\/person\/deb61715b5812698ee79fb96f343ccd4\"},\"description\":\"Fitur para ciclistas. Los destinos que se presentaron en Fitur 2018 relacionados con el mundo de la bicicleta y de los viajes.\",\"breadcrumb\":{\"@id\":\"https:\/\/www.welovecycling.com\/es\/2018\/01\/31\/fitur-para-ciclistas\/#breadcrumb\"},\"inLanguage\":\"es-ES\",\"potentialAction\":[{\"@type\":\"ReadAction\",\"target\":[\"https:\/\/www.welovecycling.com\/es\/2018\/01\/31\/fitur-para-ciclistas\/\"]}]},{\"@type\":\"ImageObject\",\"inLanguage\":\"es-ES\",\"@id\":\"https:\/\/www.welovecycling.com\/es\/2018\/01\/31\/fitur-para-ciclistas\/#primaryimage\",\"url\":\"https:\/\/d2p6e6u75xmxt8.cloudfront.net\/6\/2018\/01\/fitur-2018-presentacion-la-vuelta-ciclista.jpg\",\"contentUrl\":\"https:\/\/d2p6e6u75xmxt8.cloudfront.net\/6\/2018\/01\/fitur-2018-presentacion-la-vuelta-ciclista.jpg\",\"width\":1000,\"height\":667},{\"@type\":\"BreadcrumbList\",\"@id\":\"https:\/\/www.welovecycling.com\/es\/2018\/01\/31\/fitur-para-ciclistas\/#breadcrumb\",\"itemListElement\":[{\"@type\":\"ListItem\",\"position\":1,\"name\":\"Home\",\"item\":\"https:\/\/www.welovecycling.com\/es\/\"},{\"@type\":\"ListItem\",\"position\":2,\"name\":\"Fitur para ciclistas\"}]},{\"@type\":\"WebSite\",\"@id\":\"https:\/\/www.welovecycling.com\/es\/#website\",\"url\":\"https:\/\/www.welovecycling.com\/es\/\",\"name\":\"\u0160koda We Love Cycling - Spain\",\"description\":\"\u0160koda WeLoveCycling Spain\",\"potentialAction\":[{\"@type\":\"SearchAction\",\"target\":{\"@type\":\"EntryPoint\",\"urlTemplate\":\"https:\/\/www.welovecycling.com\/es\/?s={search_term_string}\"},\"query-input\":{\"@type\":\"PropertyValueSpecification\",\"valueRequired\":true,\"valueName\":\"search_term_string\"}}],\"inLanguage\":\"es-ES\"},{\"@type\":\"Person\",\"@id\":\"https:\/\/www.welovecycling.com\/es\/#\/schema\/person\/deb61715b5812698ee79fb96f343ccd4\",\"name\":\"We Love Cycling Spain\",\"image\":{\"@type\":\"ImageObject\",\"inLanguage\":\"es-ES\",\"@id\":\"https:\/\/www.welovecycling.com\/es\/#\/schema\/person\/image\/\",\"url\":\"https:\/\/secure.gravatar.com\/avatar\/c824b04e6df0e37a03219d0b6481672889df542894588964102459e46513159c?s=96&d=mm&r=g\",\"contentUrl\":\"https:\/\/secure.gravatar.com\/avatar\/c824b04e6df0e37a03219d0b6481672889df542894588964102459e46513159c?s=96&d=mm&r=g\",\"caption\":\"We Love Cycling Spain\"},\"url\":\"https:\/\/www.welovecycling.com\/es\/author\/amunoz\/\"}]}<\/script>\n<!-- \/ Yoast SEO Premium plugin. -->","yoast_head_json":{"title":"Fitur para ciclistas - \u0160koda We Love Cycling - Spain","description":"Fitur para ciclistas. Los destinos que se presentaron en Fitur 2018 relacionados con el mundo de la bicicleta y de los viajes.","robots":{"index":"index","follow":"follow","max-snippet":"max-snippet:-1","max-image-preview":"max-image-preview:large","max-video-preview":"max-video-preview:-1"},"canonical":"https:\/\/www.welovecycling.com\/es\/2018\/01\/31\/fitur-para-ciclistas\/","og_locale":"es_ES","og_type":"article","og_title":"Fitur para ciclistas","og_description":"Fitur para ciclistas. Los destinos que se presentaron en Fitur 2018 relacionados con el mundo de la bicicleta y de los viajes.","og_url":"https:\/\/www.welovecycling.com\/es\/2018\/01\/31\/fitur-para-ciclistas\/","og_site_name":"\u0160koda We Love Cycling - Spain","article_published_time":"2018-01-31T10:17:15+00:00","og_image":[{"width":1000,"height":667,"url":"https:\/\/d2p6e6u75xmxt8.cloudfront.net\/6\/2018\/01\/fitur-2018-presentacion-la-vuelta-ciclista.jpg","type":"image\/jpeg"}],"author":"We Love Cycling Spain","twitter_card":"summary_large_image","twitter_misc":{"Written by":"Luis Ortega @ciclored","Est. reading time":"8 minutes"},"schema":{"@context":"https:\/\/schema.org","@graph":[{"@type":"WebPage","@id":"https:\/\/www.welovecycling.com\/es\/2018\/01\/31\/fitur-para-ciclistas\/","url":"https:\/\/www.welovecycling.com\/es\/2018\/01\/31\/fitur-para-ciclistas\/","name":"Fitur para ciclistas - \u0160koda We Love Cycling - Spain","isPartOf":{"@id":"https:\/\/www.welovecycling.com\/es\/#website"},"primaryImageOfPage":{"@id":"https:\/\/www.welovecycling.com\/es\/2018\/01\/31\/fitur-para-ciclistas\/#primaryimage"},"image":{"@id":"https:\/\/www.welovecycling.com\/es\/2018\/01\/31\/fitur-para-ciclistas\/#primaryimage"},"thumbnailUrl":"https:\/\/d2p6e6u75xmxt8.cloudfront.net\/6\/2018\/01\/fitur-2018-presentacion-la-vuelta-ciclista.jpg","datePublished":"2018-01-31T10:17:15+00:00","author":{"@id":"https:\/\/www.welovecycling.com\/es\/#\/schema\/person\/deb61715b5812698ee79fb96f343ccd4"},"description":"Fitur para ciclistas. Los destinos que se presentaron en Fitur 2018 relacionados con el mundo de la bicicleta y de los viajes.","breadcrumb":{"@id":"https:\/\/www.welovecycling.com\/es\/2018\/01\/31\/fitur-para-ciclistas\/#breadcrumb"},"inLanguage":"es-ES","potentialAction":[{"@type":"ReadAction","target":["https:\/\/www.welovecycling.com\/es\/2018\/01\/31\/fitur-para-ciclistas\/"]}]},{"@type":"ImageObject","inLanguage":"es-ES","@id":"https:\/\/www.welovecycling.com\/es\/2018\/01\/31\/fitur-para-ciclistas\/#primaryimage","url":"https:\/\/d2p6e6u75xmxt8.cloudfront.net\/6\/2018\/01\/fitur-2018-presentacion-la-vuelta-ciclista.jpg","contentUrl":"https:\/\/d2p6e6u75xmxt8.cloudfront.net\/6\/2018\/01\/fitur-2018-presentacion-la-vuelta-ciclista.jpg","width":1000,"height":667},{"@type":"BreadcrumbList","@id":"https:\/\/www.welovecycling.com\/es\/2018\/01\/31\/fitur-para-ciclistas\/#breadcrumb","itemListElement":[{"@type":"ListItem","position":1,"name":"Home","item":"https:\/\/www.welovecycling.com\/es\/"},{"@type":"ListItem","position":2,"name":"Fitur para ciclistas"}]},{"@type":"WebSite","@id":"https:\/\/www.welovecycling.com\/es\/#website","url":"https:\/\/www.welovecycling.com\/es\/","name":"\u0160koda We Love Cycling - Spain","description":"\u0160koda WeLoveCycling Spain","potentialAction":[{"@type":"SearchAction","target":{"@type":"EntryPoint","urlTemplate":"https:\/\/www.welovecycling.com\/es\/?s={search_term_string}"},"query-input":{"@type":"PropertyValueSpecification","valueRequired":true,"valueName":"search_term_string"}}],"inLanguage":"es-ES"},{"@type":"Person","@id":"https:\/\/www.welovecycling.com\/es\/#\/schema\/person\/deb61715b5812698ee79fb96f343ccd4","name":"We Love Cycling Spain","image":{"@type":"ImageObject","inLanguage":"es-ES","@id":"https:\/\/www.welovecycling.com\/es\/#\/schema\/person\/image\/","url":"https:\/\/secure.gravatar.com\/avatar\/c824b04e6df0e37a03219d0b6481672889df542894588964102459e46513159c?s=96&d=mm&r=g","contentUrl":"https:\/\/secure.gravatar.com\/avatar\/c824b04e6df0e37a03219d0b6481672889df542894588964102459e46513159c?s=96&d=mm&r=g","caption":"We Love Cycling Spain"},"url":"https:\/\/www.welovecycling.com\/es\/author\/amunoz\/"}]}},"_links":{"self":[{"href":"https:\/\/www.welovecycling.com\/es\/wp-json\/wp\/v2\/posts\/2232","targetHints":{"allow":["GET"]}}],"collection":[{"href":"https:\/\/www.welovecycling.com\/es\/wp-json\/wp\/v2\/posts"}],"about":[{"href":"https:\/\/www.welovecycling.com\/es\/wp-json\/wp\/v2\/types\/post"}],"author":[{"embeddable":true,"href":"https:\/\/www.welovecycling.com\/es\/wp-json\/wp\/v2\/users\/29"}],"replies":[{"embeddable":true,"href":"https:\/\/www.welovecycling.com\/es\/wp-json\/wp\/v2\/comments?post=2232"}],"version-history":[{"count":2,"href":"https:\/\/www.welovecycling.com\/es\/wp-json\/wp\/v2\/posts\/2232\/revisions"}],"predecessor-version":[{"id":2238,"href":"https:\/\/www.welovecycling.com\/es\/wp-json\/wp\/v2\/posts\/2232\/revisions\/2238"}],"wp:featuredmedia":[{"embeddable":true,"href":"https:\/\/www.welovecycling.com\/es\/wp-json\/wp\/v2\/media\/2237"}],"wp:attachment":[{"href":"https:\/\/www.welovecycling.com\/es\/wp-json\/wp\/v2\/media?parent=2232"}],"wp:term":[{"taxonomy":"category","embeddable":true,"href":"https:\/\/www.welovecycling.com\/es\/wp-json\/wp\/v2\/categories?post=2232"},{"taxonomy":"post_tag","embeddable":true,"href":"https:\/\/www.welovecycling.com\/es\/wp-json\/wp\/v2\/tags?post=2232"},{"taxonomy":"global-categories","embeddable":true,"href":"https:\/\/www.welovecycling.com\/es\/wp-json\/wp\/v2\/global-categories?post=2232"}],"curies":[{"name":"wp","href":"https:\/\/api.w.org\/{rel}","templated":true}]}}