{"id":2226,"date":"2018-02-01T10:44:11","date_gmt":"2018-02-01T08:44:11","guid":{"rendered":"https:\/\/www.welovecycling.com\/es\/?p=2226"},"modified":"2018-02-01T10:44:11","modified_gmt":"2018-02-01T08:44:11","slug":"normas-de-trafico-para-ciclistas","status":"publish","type":"post","link":"https:\/\/www.welovecycling.com\/es\/2018\/02\/01\/normas-de-trafico-para-ciclistas\/","title":{"rendered":"Normas de tr\u00e1fico para ciclistas"},"content":{"rendered":"<p><strong>Conocer las normas de tr\u00e1fico para ciclistas es una obligaci\u00f3n para los que montamos en bici y tambi\u00e9n para los conductores de veh\u00edculos a motor. En los \u00faltimos a\u00f1os ha aumentado el n\u00famero de usuarios de la bicicleta en carretera y tambi\u00e9n los accidentes. Pese a que es una estad\u00edstica l\u00f3gica se puede corregir, sobre todo con informaci\u00f3n y aprendizaje de las normas de tr\u00e1fico.<\/strong><!--more--><\/p>\n<p>Hace unos meses la Guardia de Tr\u00e1fico edit\u00f3 un documento interno con las normas relacionadas con las bicicletas. Derechos y deberes de los ciclistas en las vias interurbanas, ya que la circulaci\u00f3n dentro de la ciudad est\u00e1 regulada por cada ayuntamiento.<\/p>\n<p>Lo primero es la <strong>utilizaci\u00f3n de los arcenes<\/strong>. La Guardia Civil deja claro en su informe que los ciclistas solo circular\u00e1n por el arc\u00e9n si este existiera y en caso de que no pueden rodar por la v\u00eda, siempre pegados lo m\u00e1ximo a la derecha. Eso s\u00ed, en autov\u00edas no pueden circular en ning\u00fan caso por la v\u00eda.<\/p>\n<p>Uno de los grandes debates es la <strong>circulaci\u00f3n de ciclistas en paralelo<\/strong>. La Guardia Civil la recomienda en la mayor\u00eda de los casos, pero la restringe en dos situaciones. Por un lado cuando haya una carretera con escasa visibilidad y en otra cuando generen aglomeraciones. El problema de ambas es el criterio subjetivo que se puede aplicar a las mismas.<\/p>\n<p><a href=\"https:\/\/d2p6e6u75xmxt8.cloudfront.net\/6\/2018\/01\/DSC0060.jpg\"><img loading=\"lazy\" decoding=\"async\" class=\"aligncenter size-large wp-image-2228\" src=\"https:\/\/d2p6e6u75xmxt8.cloudfront.net\/6\/2018\/01\/DSC0060-1024x680.jpg\" alt=\"\" width=\"1024\" height=\"680\" srcset=\"https:\/\/d2p6e6u75xmxt8.cloudfront.net\/6\/2018\/01\/DSC0060-1024x680.jpg 1024w, https:\/\/d2p6e6u75xmxt8.cloudfront.net\/6\/2018\/01\/DSC0060-300x199.jpg 300w, https:\/\/d2p6e6u75xmxt8.cloudfront.net\/6\/2018\/01\/DSC0060-768x510.jpg 768w, https:\/\/d2p6e6u75xmxt8.cloudfront.net\/6\/2018\/01\/DSC0060-272x182.jpg 272w, https:\/\/d2p6e6u75xmxt8.cloudfront.net\/6\/2018\/01\/DSC0060.jpg 1600w\" sizes=\"auto, (max-width: 1024px) 100vw, 1024px\" \/><\/a><\/p>\n<p>Una de las normas que suelen desconocer los conductores es la<strong> posiblidad de adelantar a los ciclistas cuando hay raya continua<\/strong> y se dan las condiciones de visibilidad suficientes para hacerlo. Es decir, que se puede invadir el carril contrario sin peligro de que venga veh\u00edculos en el otro sentido. Aunque nunca si estos son bicicletas, aunque existiera espacio suficiente.<\/p>\n<p>A la hora de acercarse a un ciclista o a un grupo la Guardia Civil recuerda que el conductor de un veh\u00edculo necesita como m\u00ednimo <strong>1,5 metros de separaci\u00f3n para adelantarles<\/strong> y ademas debe moderar la velocidad cuando se acerca a ellos.<\/p>\n<p>Otra de las normas que suelen desconocer los conductores son las que dan <strong>prioridad a los ciclistas en determinados casos<\/strong>. Sobre todo a la hora de entrar en una rotonda o cruce cuando se circula en grupo, que da preferencia a los ciclistas sobre el resto de veh\u00edculos.<\/p>\n<p>Entre las obligaciones de los ciclistas est\u00e1 el uso de<strong> casco<\/strong> en<strong> v\u00edas inteurbanas<\/strong> y en ciudades para menores de 16 a\u00f1os o llevar luces y <strong>prendas reflectantes<\/strong> cuando haya condiciones de baja visibilidad. Tambi\u00e9n los consejos para <strong>transportar las bicicletas en el coche<\/strong>, tanto dentro como fuera del habit\u00e1culo.<\/p>\n<div class=\"wpb_single_image wpb_content_element vc_align_left\">\n<h2 class=\"wpb_heading wpb_singleimage_heading\">USO DE LOS ARCENES<\/h2>\n<figure class=\"wpb_wrapper vc_figure\">\n<div class=\"vc_single_image-wrapper vc_box_border_grey\"><img loading=\"lazy\" decoding=\"async\" class=\"vc_single_image-img attachment-full lazyloaded\" title=\"trafico y ciclismo. Arcenes\" src=\"https:\/\/ciclored.com\/wp-content\/uploads\/2017\/06\/trafico-y-ciclismo.-Arcenes.jpg\" srcset=\"https:\/\/ciclored.com\/wp-content\/uploads\/2017\/06\/trafico-y-ciclismo.-Arcenes.jpg 767w, https:\/\/ciclored.com\/wp-content\/uploads\/2017\/06\/trafico-y-ciclismo.-Arcenes-300x218.jpg 300w, https:\/\/ciclored.com\/wp-content\/uploads\/2017\/06\/trafico-y-ciclismo.-Arcenes-672x489.jpg 672w\" alt=\"\" width=\"767\" height=\"558\" data-lazy-src=\"https:\/\/ciclored.com\/wp-content\/uploads\/2017\/06\/trafico-y-ciclismo.-Arcenes.jpg\" data-lazy-srcset=\"https:\/\/ciclored.com\/wp-content\/uploads\/2017\/06\/trafico-y-ciclismo.-Arcenes.jpg 767w, https:\/\/ciclored.com\/wp-content\/uploads\/2017\/06\/trafico-y-ciclismo.-Arcenes-300x218.jpg 300w, https:\/\/ciclored.com\/wp-content\/uploads\/2017\/06\/trafico-y-ciclismo.-Arcenes-672x489.jpg 672w\" data-lazy-sizes=\"(max-width: 767px) 100vw, 767px\" data-was-processed=\"true\" \/><\/div>\n<\/figure>\n<\/div>\n<div class=\"wpb_single_image wpb_content_element vc_align_left\">\n<h2 class=\"wpb_heading wpb_singleimage_heading\">ADELANTAMIENTOS<\/h2>\n<figure class=\"wpb_wrapper vc_figure\">\n<div class=\"vc_single_image-wrapper vc_box_border_grey\"><img loading=\"lazy\" decoding=\"async\" class=\"vc_single_image-img attachment-full lazyloaded\" title=\"trafico y ciclismo. adelantamientos\" src=\"https:\/\/ciclored.com\/wp-content\/uploads\/2017\/06\/trafico-y-ciclismo.-adelantamientos.jpg\" srcset=\"https:\/\/ciclored.com\/wp-content\/uploads\/2017\/06\/trafico-y-ciclismo.-adelantamientos.jpg 768w, https:\/\/ciclored.com\/wp-content\/uploads\/2017\/06\/trafico-y-ciclismo.-adelantamientos-300x227.jpg 300w, https:\/\/ciclored.com\/wp-content\/uploads\/2017\/06\/trafico-y-ciclismo.-adelantamientos-672x508.jpg 672w\" alt=\"\" width=\"768\" height=\"580\" data-lazy-src=\"https:\/\/ciclored.com\/wp-content\/uploads\/2017\/06\/trafico-y-ciclismo.-adelantamientos.jpg\" data-lazy-srcset=\"https:\/\/ciclored.com\/wp-content\/uploads\/2017\/06\/trafico-y-ciclismo.-adelantamientos.jpg 768w, https:\/\/ciclored.com\/wp-content\/uploads\/2017\/06\/trafico-y-ciclismo.-adelantamientos-300x227.jpg 300w, https:\/\/ciclored.com\/wp-content\/uploads\/2017\/06\/trafico-y-ciclismo.-adelantamientos-672x508.jpg 672w\" data-lazy-sizes=\"(max-width: 768px) 100vw, 768px\" data-was-processed=\"true\" \/><\/div>\n<\/figure>\n<\/div>\n<div class=\"wpb_single_image wpb_content_element vc_align_left\">\n<h2 class=\"wpb_heading wpb_singleimage_heading\">USO DE LUCES POR CICLISTAS<\/h2>\n<figure class=\"wpb_wrapper vc_figure\">\n<div class=\"vc_single_image-wrapper vc_box_border_grey\"><img loading=\"lazy\" decoding=\"async\" class=\"vc_single_image-img attachment-full lazyloaded\" title=\"trafico y ciclismo. Alumbrado\" src=\"https:\/\/ciclored.com\/wp-content\/uploads\/2017\/06\/trafico-y-ciclismo.-Alumbrado.jpg\" srcset=\"https:\/\/ciclored.com\/wp-content\/uploads\/2017\/06\/trafico-y-ciclismo.-Alumbrado.jpg 758w, https:\/\/ciclored.com\/wp-content\/uploads\/2017\/06\/trafico-y-ciclismo.-Alumbrado-300x215.jpg 300w, https:\/\/ciclored.com\/wp-content\/uploads\/2017\/06\/trafico-y-ciclismo.-Alumbrado-672x481.jpg 672w\" alt=\"\" width=\"758\" height=\"543\" data-lazy-src=\"https:\/\/ciclored.com\/wp-content\/uploads\/2017\/06\/trafico-y-ciclismo.-Alumbrado.jpg\" data-lazy-srcset=\"https:\/\/ciclored.com\/wp-content\/uploads\/2017\/06\/trafico-y-ciclismo.-Alumbrado.jpg 758w, https:\/\/ciclored.com\/wp-content\/uploads\/2017\/06\/trafico-y-ciclismo.-Alumbrado-300x215.jpg 300w, https:\/\/ciclored.com\/wp-content\/uploads\/2017\/06\/trafico-y-ciclismo.-Alumbrado-672x481.jpg 672w\" data-lazy-sizes=\"(max-width: 758px) 100vw, 758px\" data-was-processed=\"true\" \/><\/div>\n<\/figure>\n<\/div>\n<div class=\"wpb_single_image wpb_content_element vc_align_left img-full-width\">\n<h2 class=\"wpb_heading wpb_singleimage_heading\">CASCO<\/h2>\n<figure class=\"wpb_wrapper vc_figure\">\n<div class=\"vc_single_image-wrapper vc_box_border_grey\"><img loading=\"lazy\" decoding=\"async\" class=\"vc_single_image-img attachment-full lazyloaded\" title=\"trafico y ciclismo. casco\" src=\"https:\/\/ciclored.com\/wp-content\/uploads\/2017\/06\/trafico-y-ciclismo.-casco.jpg\" srcset=\"https:\/\/ciclored.com\/wp-content\/uploads\/2017\/06\/trafico-y-ciclismo.-casco.jpg 765w, https:\/\/ciclored.com\/wp-content\/uploads\/2017\/06\/trafico-y-ciclismo.-casco-300x214.jpg 300w, https:\/\/ciclored.com\/wp-content\/uploads\/2017\/06\/trafico-y-ciclismo.-casco-672x479.jpg 672w\" alt=\"\" width=\"765\" height=\"545\" data-lazy-src=\"https:\/\/ciclored.com\/wp-content\/uploads\/2017\/06\/trafico-y-ciclismo.-casco.jpg\" data-lazy-srcset=\"https:\/\/ciclored.com\/wp-content\/uploads\/2017\/06\/trafico-y-ciclismo.-casco.jpg 765w, https:\/\/ciclored.com\/wp-content\/uploads\/2017\/06\/trafico-y-ciclismo.-casco-300x214.jpg 300w, https:\/\/ciclored.com\/wp-content\/uploads\/2017\/06\/trafico-y-ciclismo.-casco-672x479.jpg 672w\" data-lazy-sizes=\"(max-width: 765px) 100vw, 765px\" data-was-processed=\"true\" \/><\/div>\n<\/figure>\n<\/div>\n<div class=\"wpb_single_image wpb_content_element vc_align_left img-full-width\">\n<h2 class=\"wpb_heading wpb_singleimage_heading\">MODERACI\u00d3N DE LA VELOCIDAD<\/h2>\n<figure class=\"wpb_wrapper vc_figure\">\n<div class=\"vc_single_image-wrapper vc_box_border_grey\"><img loading=\"lazy\" decoding=\"async\" class=\"vc_single_image-img attachment-full lazyloaded\" title=\"trafico y ciclismo. moderar la velocidad\" src=\"https:\/\/ciclored.com\/wp-content\/uploads\/2017\/06\/trafico-y-ciclismo.-moderar-la-velocidad.jpg\" srcset=\"https:\/\/ciclored.com\/wp-content\/uploads\/2017\/06\/trafico-y-ciclismo.-moderar-la-velocidad.jpg 767w, https:\/\/ciclored.com\/wp-content\/uploads\/2017\/06\/trafico-y-ciclismo.-moderar-la-velocidad-300x211.jpg 300w, https:\/\/ciclored.com\/wp-content\/uploads\/2017\/06\/trafico-y-ciclismo.-moderar-la-velocidad-672x473.jpg 672w\" alt=\"\" width=\"767\" height=\"540\" data-lazy-src=\"https:\/\/ciclored.com\/wp-content\/uploads\/2017\/06\/trafico-y-ciclismo.-moderar-la-velocidad.jpg\" data-lazy-srcset=\"https:\/\/ciclored.com\/wp-content\/uploads\/2017\/06\/trafico-y-ciclismo.-moderar-la-velocidad.jpg 767w, https:\/\/ciclored.com\/wp-content\/uploads\/2017\/06\/trafico-y-ciclismo.-moderar-la-velocidad-300x211.jpg 300w, https:\/\/ciclored.com\/wp-content\/uploads\/2017\/06\/trafico-y-ciclismo.-moderar-la-velocidad-672x473.jpg 672w\" data-lazy-sizes=\"(max-width: 767px) 100vw, 767px\" data-was-processed=\"true\" \/><\/div>\n<\/figure>\n<\/div>\n<div class=\"wpb_single_image wpb_content_element vc_align_left\">\n<h2 class=\"wpb_heading wpb_singleimage_heading\">CIRCULACI\u00d3N EN PARALELO<\/h2>\n<figure class=\"wpb_wrapper vc_figure\">\n<div class=\"vc_single_image-wrapper vc_box_border_grey\"><img loading=\"lazy\" decoding=\"async\" class=\"vc_single_image-img attachment-full lazyloaded\" title=\"trafico y ciclismo. paralelo\" src=\"https:\/\/ciclored.com\/wp-content\/uploads\/2017\/06\/trafico-y-ciclismo.-paralelo.jpg\" srcset=\"https:\/\/ciclored.com\/wp-content\/uploads\/2017\/06\/trafico-y-ciclismo.-paralelo.jpg 765w, https:\/\/ciclored.com\/wp-content\/uploads\/2017\/06\/trafico-y-ciclismo.-paralelo-300x223.jpg 300w, https:\/\/ciclored.com\/wp-content\/uploads\/2017\/06\/trafico-y-ciclismo.-paralelo-672x500.jpg 672w\" alt=\"\" width=\"765\" height=\"569\" data-lazy-src=\"https:\/\/ciclored.com\/wp-content\/uploads\/2017\/06\/trafico-y-ciclismo.-paralelo.jpg\" data-lazy-srcset=\"https:\/\/ciclored.com\/wp-content\/uploads\/2017\/06\/trafico-y-ciclismo.-paralelo.jpg 765w, https:\/\/ciclored.com\/wp-content\/uploads\/2017\/06\/trafico-y-ciclismo.-paralelo-300x223.jpg 300w, https:\/\/ciclored.com\/wp-content\/uploads\/2017\/06\/trafico-y-ciclismo.-paralelo-672x500.jpg 672w\" data-lazy-sizes=\"(max-width: 765px) 100vw, 765px\" data-was-processed=\"true\" \/><\/div>\n<\/figure>\n<\/div>\n<div class=\"wpb_single_image wpb_content_element vc_align_left\">\n<h2 class=\"wpb_heading wpb_singleimage_heading\">PRIORIDAD CICLISTA<\/h2>\n<figure class=\"wpb_wrapper vc_figure\">\n<div class=\"vc_single_image-wrapper vc_box_border_grey\"><img loading=\"lazy\" decoding=\"async\" class=\"vc_single_image-img attachment-full lazyloaded\" title=\"trafico y ciclismo. prioridad ciclista\" src=\"https:\/\/ciclored.com\/wp-content\/uploads\/2017\/06\/trafico-y-ciclismo.-prioridad-ciclista.jpg\" srcset=\"https:\/\/ciclored.com\/wp-content\/uploads\/2017\/06\/trafico-y-ciclismo.-prioridad-ciclista.jpg 764w, https:\/\/ciclored.com\/wp-content\/uploads\/2017\/06\/trafico-y-ciclismo.-prioridad-ciclista-300x222.jpg 300w, https:\/\/ciclored.com\/wp-content\/uploads\/2017\/06\/trafico-y-ciclismo.-prioridad-ciclista-672x497.jpg 672w\" alt=\"\" width=\"764\" height=\"565\" data-lazy-src=\"https:\/\/ciclored.com\/wp-content\/uploads\/2017\/06\/trafico-y-ciclismo.-prioridad-ciclista.jpg\" data-lazy-srcset=\"https:\/\/ciclored.com\/wp-content\/uploads\/2017\/06\/trafico-y-ciclismo.-prioridad-ciclista.jpg 764w, https:\/\/ciclored.com\/wp-content\/uploads\/2017\/06\/trafico-y-ciclismo.-prioridad-ciclista-300x222.jpg 300w, https:\/\/ciclored.com\/wp-content\/uploads\/2017\/06\/trafico-y-ciclismo.-prioridad-ciclista-672x497.jpg 672w\" data-lazy-sizes=\"(max-width: 764px) 100vw, 764px\" data-was-processed=\"true\" \/><\/div>\n<\/figure>\n<\/div>\n<div class=\"wpb_single_image wpb_content_element vc_align_left\">\n<h2 class=\"wpb_heading wpb_singleimage_heading\">TRANSPORTE DE BICICLETAS<\/h2>\n<figure class=\"wpb_wrapper vc_figure\">\n<div class=\"vc_single_image-wrapper vc_box_border_grey\"><img loading=\"lazy\" decoding=\"async\" class=\"vc_single_image-img attachment-full lazyloaded\" title=\"trafico y ciclismo. Transporte de bicicletas\" src=\"https:\/\/ciclored.com\/wp-content\/uploads\/2017\/06\/trafico-y-ciclismo.-Transporte-de-bicicletas.jpg\" srcset=\"https:\/\/ciclored.com\/wp-content\/uploads\/2017\/06\/trafico-y-ciclismo.-Transporte-de-bicicletas.jpg 768w, https:\/\/ciclored.com\/wp-content\/uploads\/2017\/06\/trafico-y-ciclismo.-Transporte-de-bicicletas-300x218.jpg 300w, https:\/\/ciclored.com\/wp-content\/uploads\/2017\/06\/trafico-y-ciclismo.-Transporte-de-bicicletas-672x488.jpg 672w\" alt=\"\" width=\"768\" height=\"558\" data-lazy-src=\"https:\/\/ciclored.com\/wp-content\/uploads\/2017\/06\/trafico-y-ciclismo.-Transporte-de-bicicletas.jpg\" data-lazy-srcset=\"https:\/\/ciclored.com\/wp-content\/uploads\/2017\/06\/trafico-y-ciclismo.-Transporte-de-bicicletas.jpg 768w, https:\/\/ciclored.com\/wp-content\/uploads\/2017\/06\/trafico-y-ciclismo.-Transporte-de-bicicletas-300x218.jpg 300w, https:\/\/ciclored.com\/wp-content\/uploads\/2017\/06\/trafico-y-ciclismo.-Transporte-de-bicicletas-672x488.jpg 672w\" data-lazy-sizes=\"(max-width: 768px) 100vw, 768px\" data-was-processed=\"true\" \/><\/div>\n<\/figure>\n<\/div>\n","protected":false},"excerpt":{"rendered":"<p>Conocer las normas de tr\u00e1fico para ciclistas es una obligaci\u00f3n para los que montamos en bici y tambi\u00e9n para los [&hellip;]<\/p>\n","protected":false},"author":29,"featured_media":2227,"comment_status":"open","ping_status":"open","sticky":false,"template":"","format":"standard","meta":{"footnotes":""},"categories":[7],"tags":[283,282,284,281],"global-categories":[],"class_list":["post-2226","post","type-post","status-publish","format-standard","has-post-thumbnail","hentry","category-carretera","tag-accidentes-ciclistas","tag-adelantamiento-a-ciclistas","tag-adelantar-a-ciclistas","tag-normas-de-trafico-ciclistas"],"yoast_head":"<!-- This site is optimized with the Yoast SEO Premium plugin v25.3 (Yoast SEO v25.9) - https:\/\/yoast.com\/wordpress\/plugins\/seo\/ -->\n<title>Normas de tr\u00e1fico para ciclistas - \u0160koda We Love Cycling - Spain<\/title>\n<meta name=\"description\" content=\"Normas de tr\u00e1fico para ciclistas. Los consejos de la Guardia Civil para interpretar las normas de tr\u00e1fico que afectan a los ciclistas.\" \/>\n<meta name=\"robots\" content=\"index, follow, max-snippet:-1, max-image-preview:large, max-video-preview:-1\" \/>\n<link rel=\"canonical\" href=\"https:\/\/www.welovecycling.com\/es\/2018\/02\/01\/normas-de-trafico-para-ciclistas\/\" \/>\n<meta property=\"og:locale\" content=\"es_ES\" \/>\n<meta property=\"og:type\" content=\"article\" \/>\n<meta property=\"og:title\" content=\"Normas de tr\u00e1fico para ciclistas\" \/>\n<meta property=\"og:description\" content=\"Normas de tr\u00e1fico para ciclistas. Los consejos de la Guardia Civil para interpretar las normas de tr\u00e1fico que afectan a los ciclistas.\" \/>\n<meta property=\"og:url\" content=\"https:\/\/www.welovecycling.com\/es\/2018\/02\/01\/normas-de-trafico-para-ciclistas\/\" \/>\n<meta property=\"og:site_name\" content=\"\u0160koda We Love Cycling - Spain\" \/>\n<meta property=\"article:published_time\" content=\"2018-02-01T08:44:11+00:00\" \/>\n<meta property=\"og:image\" content=\"https:\/\/d2p6e6u75xmxt8.cloudfront.net\/6\/2018\/01\/valverde-semaforo.jpg\" \/>\n\t<meta property=\"og:image:width\" content=\"1600\" \/>\n\t<meta property=\"og:image:height\" content=\"803\" \/>\n\t<meta property=\"og:image:type\" content=\"image\/jpeg\" \/>\n<meta name=\"author\" content=\"We Love Cycling Spain\" \/>\n<meta name=\"twitter:card\" content=\"summary_large_image\" \/>\n<meta name=\"twitter:label1\" content=\"Written by\" \/>\n\t<meta name=\"twitter:data1\" content=\"Luis Ortega @ciclored\" \/>\n\t<meta name=\"twitter:label2\" content=\"Est. reading time\" \/>\n\t<meta name=\"twitter:data2\" content=\"2 minutes\" \/>\n<script type=\"application\/ld+json\" class=\"yoast-schema-graph\">{\"@context\":\"https:\/\/schema.org\",\"@graph\":[{\"@type\":\"WebPage\",\"@id\":\"https:\/\/www.welovecycling.com\/es\/2018\/02\/01\/normas-de-trafico-para-ciclistas\/\",\"url\":\"https:\/\/www.welovecycling.com\/es\/2018\/02\/01\/normas-de-trafico-para-ciclistas\/\",\"name\":\"Normas de tr\u00e1fico para ciclistas - \u0160koda We Love Cycling - Spain\",\"isPartOf\":{\"@id\":\"https:\/\/www.welovecycling.com\/es\/#website\"},\"primaryImageOfPage\":{\"@id\":\"https:\/\/www.welovecycling.com\/es\/2018\/02\/01\/normas-de-trafico-para-ciclistas\/#primaryimage\"},\"image\":{\"@id\":\"https:\/\/www.welovecycling.com\/es\/2018\/02\/01\/normas-de-trafico-para-ciclistas\/#primaryimage\"},\"thumbnailUrl\":\"https:\/\/d2p6e6u75xmxt8.cloudfront.net\/6\/2018\/01\/valverde-semaforo.jpg\",\"datePublished\":\"2018-02-01T08:44:11+00:00\",\"author\":{\"@id\":\"https:\/\/www.welovecycling.com\/es\/#\/schema\/person\/deb61715b5812698ee79fb96f343ccd4\"},\"description\":\"Normas de tr\u00e1fico para ciclistas. Los consejos de la Guardia Civil para interpretar las normas de tr\u00e1fico que afectan a los ciclistas.\",\"breadcrumb\":{\"@id\":\"https:\/\/www.welovecycling.com\/es\/2018\/02\/01\/normas-de-trafico-para-ciclistas\/#breadcrumb\"},\"inLanguage\":\"es-ES\",\"potentialAction\":[{\"@type\":\"ReadAction\",\"target\":[\"https:\/\/www.welovecycling.com\/es\/2018\/02\/01\/normas-de-trafico-para-ciclistas\/\"]}]},{\"@type\":\"ImageObject\",\"inLanguage\":\"es-ES\",\"@id\":\"https:\/\/www.welovecycling.com\/es\/2018\/02\/01\/normas-de-trafico-para-ciclistas\/#primaryimage\",\"url\":\"https:\/\/d2p6e6u75xmxt8.cloudfront.net\/6\/2018\/01\/valverde-semaforo.jpg\",\"contentUrl\":\"https:\/\/d2p6e6u75xmxt8.cloudfront.net\/6\/2018\/01\/valverde-semaforo.jpg\",\"width\":1600,\"height\":803},{\"@type\":\"BreadcrumbList\",\"@id\":\"https:\/\/www.welovecycling.com\/es\/2018\/02\/01\/normas-de-trafico-para-ciclistas\/#breadcrumb\",\"itemListElement\":[{\"@type\":\"ListItem\",\"position\":1,\"name\":\"Home\",\"item\":\"https:\/\/www.welovecycling.com\/es\/\"},{\"@type\":\"ListItem\",\"position\":2,\"name\":\"Normas de tr\u00e1fico para ciclistas\"}]},{\"@type\":\"WebSite\",\"@id\":\"https:\/\/www.welovecycling.com\/es\/#website\",\"url\":\"https:\/\/www.welovecycling.com\/es\/\",\"name\":\"\u0160koda We Love Cycling - Spain\",\"description\":\"\u0160koda WeLoveCycling Spain\",\"potentialAction\":[{\"@type\":\"SearchAction\",\"target\":{\"@type\":\"EntryPoint\",\"urlTemplate\":\"https:\/\/www.welovecycling.com\/es\/?s={search_term_string}\"},\"query-input\":{\"@type\":\"PropertyValueSpecification\",\"valueRequired\":true,\"valueName\":\"search_term_string\"}}],\"inLanguage\":\"es-ES\"},{\"@type\":\"Person\",\"@id\":\"https:\/\/www.welovecycling.com\/es\/#\/schema\/person\/deb61715b5812698ee79fb96f343ccd4\",\"name\":\"We Love Cycling Spain\",\"image\":{\"@type\":\"ImageObject\",\"inLanguage\":\"es-ES\",\"@id\":\"https:\/\/www.welovecycling.com\/es\/#\/schema\/person\/image\/\",\"url\":\"https:\/\/secure.gravatar.com\/avatar\/c824b04e6df0e37a03219d0b6481672889df542894588964102459e46513159c?s=96&d=mm&r=g\",\"contentUrl\":\"https:\/\/secure.gravatar.com\/avatar\/c824b04e6df0e37a03219d0b6481672889df542894588964102459e46513159c?s=96&d=mm&r=g\",\"caption\":\"We Love Cycling Spain\"},\"url\":\"https:\/\/www.welovecycling.com\/es\/author\/amunoz\/\"}]}<\/script>\n<!-- \/ Yoast SEO Premium plugin. -->","yoast_head_json":{"title":"Normas de tr\u00e1fico para ciclistas - \u0160koda We Love Cycling - Spain","description":"Normas de tr\u00e1fico para ciclistas. Los consejos de la Guardia Civil para interpretar las normas de tr\u00e1fico que afectan a los ciclistas.","robots":{"index":"index","follow":"follow","max-snippet":"max-snippet:-1","max-image-preview":"max-image-preview:large","max-video-preview":"max-video-preview:-1"},"canonical":"https:\/\/www.welovecycling.com\/es\/2018\/02\/01\/normas-de-trafico-para-ciclistas\/","og_locale":"es_ES","og_type":"article","og_title":"Normas de tr\u00e1fico para ciclistas","og_description":"Normas de tr\u00e1fico para ciclistas. Los consejos de la Guardia Civil para interpretar las normas de tr\u00e1fico que afectan a los ciclistas.","og_url":"https:\/\/www.welovecycling.com\/es\/2018\/02\/01\/normas-de-trafico-para-ciclistas\/","og_site_name":"\u0160koda We Love Cycling - Spain","article_published_time":"2018-02-01T08:44:11+00:00","og_image":[{"width":1600,"height":803,"url":"https:\/\/d2p6e6u75xmxt8.cloudfront.net\/6\/2018\/01\/valverde-semaforo.jpg","type":"image\/jpeg"}],"author":"We Love Cycling Spain","twitter_card":"summary_large_image","twitter_misc":{"Written by":"Luis Ortega @ciclored","Est. reading time":"2 minutes"},"schema":{"@context":"https:\/\/schema.org","@graph":[{"@type":"WebPage","@id":"https:\/\/www.welovecycling.com\/es\/2018\/02\/01\/normas-de-trafico-para-ciclistas\/","url":"https:\/\/www.welovecycling.com\/es\/2018\/02\/01\/normas-de-trafico-para-ciclistas\/","name":"Normas de tr\u00e1fico para ciclistas - \u0160koda We Love Cycling - Spain","isPartOf":{"@id":"https:\/\/www.welovecycling.com\/es\/#website"},"primaryImageOfPage":{"@id":"https:\/\/www.welovecycling.com\/es\/2018\/02\/01\/normas-de-trafico-para-ciclistas\/#primaryimage"},"image":{"@id":"https:\/\/www.welovecycling.com\/es\/2018\/02\/01\/normas-de-trafico-para-ciclistas\/#primaryimage"},"thumbnailUrl":"https:\/\/d2p6e6u75xmxt8.cloudfront.net\/6\/2018\/01\/valverde-semaforo.jpg","datePublished":"2018-02-01T08:44:11+00:00","author":{"@id":"https:\/\/www.welovecycling.com\/es\/#\/schema\/person\/deb61715b5812698ee79fb96f343ccd4"},"description":"Normas de tr\u00e1fico para ciclistas. Los consejos de la Guardia Civil para interpretar las normas de tr\u00e1fico que afectan a los ciclistas.","breadcrumb":{"@id":"https:\/\/www.welovecycling.com\/es\/2018\/02\/01\/normas-de-trafico-para-ciclistas\/#breadcrumb"},"inLanguage":"es-ES","potentialAction":[{"@type":"ReadAction","target":["https:\/\/www.welovecycling.com\/es\/2018\/02\/01\/normas-de-trafico-para-ciclistas\/"]}]},{"@type":"ImageObject","inLanguage":"es-ES","@id":"https:\/\/www.welovecycling.com\/es\/2018\/02\/01\/normas-de-trafico-para-ciclistas\/#primaryimage","url":"https:\/\/d2p6e6u75xmxt8.cloudfront.net\/6\/2018\/01\/valverde-semaforo.jpg","contentUrl":"https:\/\/d2p6e6u75xmxt8.cloudfront.net\/6\/2018\/01\/valverde-semaforo.jpg","width":1600,"height":803},{"@type":"BreadcrumbList","@id":"https:\/\/www.welovecycling.com\/es\/2018\/02\/01\/normas-de-trafico-para-ciclistas\/#breadcrumb","itemListElement":[{"@type":"ListItem","position":1,"name":"Home","item":"https:\/\/www.welovecycling.com\/es\/"},{"@type":"ListItem","position":2,"name":"Normas de tr\u00e1fico para ciclistas"}]},{"@type":"WebSite","@id":"https:\/\/www.welovecycling.com\/es\/#website","url":"https:\/\/www.welovecycling.com\/es\/","name":"\u0160koda We Love Cycling - Spain","description":"\u0160koda WeLoveCycling Spain","potentialAction":[{"@type":"SearchAction","target":{"@type":"EntryPoint","urlTemplate":"https:\/\/www.welovecycling.com\/es\/?s={search_term_string}"},"query-input":{"@type":"PropertyValueSpecification","valueRequired":true,"valueName":"search_term_string"}}],"inLanguage":"es-ES"},{"@type":"Person","@id":"https:\/\/www.welovecycling.com\/es\/#\/schema\/person\/deb61715b5812698ee79fb96f343ccd4","name":"We Love Cycling Spain","image":{"@type":"ImageObject","inLanguage":"es-ES","@id":"https:\/\/www.welovecycling.com\/es\/#\/schema\/person\/image\/","url":"https:\/\/secure.gravatar.com\/avatar\/c824b04e6df0e37a03219d0b6481672889df542894588964102459e46513159c?s=96&d=mm&r=g","contentUrl":"https:\/\/secure.gravatar.com\/avatar\/c824b04e6df0e37a03219d0b6481672889df542894588964102459e46513159c?s=96&d=mm&r=g","caption":"We Love Cycling Spain"},"url":"https:\/\/www.welovecycling.com\/es\/author\/amunoz\/"}]}},"_links":{"self":[{"href":"https:\/\/www.welovecycling.com\/es\/wp-json\/wp\/v2\/posts\/2226","targetHints":{"allow":["GET"]}}],"collection":[{"href":"https:\/\/www.welovecycling.com\/es\/wp-json\/wp\/v2\/posts"}],"about":[{"href":"https:\/\/www.welovecycling.com\/es\/wp-json\/wp\/v2\/types\/post"}],"author":[{"embeddable":true,"href":"https:\/\/www.welovecycling.com\/es\/wp-json\/wp\/v2\/users\/29"}],"replies":[{"embeddable":true,"href":"https:\/\/www.welovecycling.com\/es\/wp-json\/wp\/v2\/comments?post=2226"}],"version-history":[{"count":2,"href":"https:\/\/www.welovecycling.com\/es\/wp-json\/wp\/v2\/posts\/2226\/revisions"}],"predecessor-version":[{"id":2248,"href":"https:\/\/www.welovecycling.com\/es\/wp-json\/wp\/v2\/posts\/2226\/revisions\/2248"}],"wp:featuredmedia":[{"embeddable":true,"href":"https:\/\/www.welovecycling.com\/es\/wp-json\/wp\/v2\/media\/2227"}],"wp:attachment":[{"href":"https:\/\/www.welovecycling.com\/es\/wp-json\/wp\/v2\/media?parent=2226"}],"wp:term":[{"taxonomy":"category","embeddable":true,"href":"https:\/\/www.welovecycling.com\/es\/wp-json\/wp\/v2\/categories?post=2226"},{"taxonomy":"post_tag","embeddable":true,"href":"https:\/\/www.welovecycling.com\/es\/wp-json\/wp\/v2\/tags?post=2226"},{"taxonomy":"global-categories","embeddable":true,"href":"https:\/\/www.welovecycling.com\/es\/wp-json\/wp\/v2\/global-categories?post=2226"}],"curies":[{"name":"wp","href":"https:\/\/api.w.org\/{rel}","templated":true}]}}