{"id":222,"date":"2017-02-06T09:45:56","date_gmt":"2017-02-06T09:45:56","guid":{"rendered":"https:\/\/www.welovecycling.com\/es\/?p=222"},"modified":"2017-02-08T16:06:19","modified_gmt":"2017-02-08T16:06:19","slug":"bicis-grava-carretera-la-diferencia","status":"publish","type":"post","link":"https:\/\/www.welovecycling.com\/es\/2017\/02\/06\/bicis-grava-carretera-la-diferencia\/","title":{"rendered":"Bicis de grava o carretera: \u00bfcu\u00e1l es la diferencia?"},"content":{"rendered":"<p><strong>M\u00e1s resistente que una bici de carretera y mucho m\u00e1s r\u00e1pida que una bici de monta\u00f1a. Las bicis Gravel (o de grava) son una opci\u00f3n interesante para los ciclistas que no solo quieren asfalto.<\/strong><\/p>\n<p>Independientemente del pa\u00eds en que te encuentres, es probable que haya muchas carreteras de servicio a tu alrededor f\u00e1ciles de abordar en tu bici de carretera de a diario. El problema es que la mayor\u00eda de estas carreteras llenas de emoci\u00f3n te destrozar\u00e1n la direcci\u00f3n, te golpear\u00e1n las ruedas y te dejar\u00e1n agotado agotar\u00e1n, adem\u00e1s de convertir la subida o baja de una pendiente en un entretenimiento resbaladizo y peligroso. En otras palabras, por m\u00e1s pelis de acci\u00f3n que veas, en tu bici de carretera habitual no podr\u00e1s moverte por todas partes. \u00a1Entra en el mundo de las bicis Gravel!<\/p>\n<p><a href=\"https:\/\/d2p6e6u75xmxt8.cloudfront.net\/6\/2017\/02\/Festka_ONE-Gravel_carbon_disc-brake_custom-gravel-road-cross-cyclocross-bike_complete-1024x683.jpg\"><img loading=\"lazy\" decoding=\"async\" class=\"alignnone size-full wp-image-226\" src=\"https:\/\/d2p6e6u75xmxt8.cloudfront.net\/6\/2017\/02\/Festka_ONE-Gravel_carbon_disc-brake_custom-gravel-road-cross-cyclocross-bike_complete-1024x683.jpg\" alt=\"\" width=\"1024\" height=\"683\" srcset=\"https:\/\/d2p6e6u75xmxt8.cloudfront.net\/6\/2017\/02\/Festka_ONE-Gravel_carbon_disc-brake_custom-gravel-road-cross-cyclocross-bike_complete-1024x683.jpg 1024w, https:\/\/d2p6e6u75xmxt8.cloudfront.net\/6\/2017\/02\/Festka_ONE-Gravel_carbon_disc-brake_custom-gravel-road-cross-cyclocross-bike_complete-1024x683-300x200.jpg 300w, https:\/\/d2p6e6u75xmxt8.cloudfront.net\/6\/2017\/02\/Festka_ONE-Gravel_carbon_disc-brake_custom-gravel-road-cross-cyclocross-bike_complete-1024x683-768x512.jpg 768w, https:\/\/d2p6e6u75xmxt8.cloudfront.net\/6\/2017\/02\/Festka_ONE-Gravel_carbon_disc-brake_custom-gravel-road-cross-cyclocross-bike_complete-1024x683-272x182.jpg 272w\" sizes=\"auto, (max-width: 1024px) 100vw, 1024px\" \/><\/a><\/p>\n<p>La primera pregunta es cu\u00e1l es la rama familiar de estas bicicletas, de las que sin duda habr\u00e1s o\u00eddo hablar mucho desde hace unos meses. Por decirlo f\u00e1cilmente, una bici Gravel es una combinaci\u00f3n de bici de carretera (feliz en asfalto) y una bici de ciclocross (feliz en barro). Como de costumbre, la idea viene de EE. UU., donde el monte est\u00e1 plagado de miles y miles de pistas in\u00e9ditas, concebidas para ayudar a los camiones de bomberos a moverse por bosques remotos. Son caminos demasiado t\u00e9cnicos para una bici de carretera, pero demasiado r\u00e1pidos para una de ciclocross.<\/p>\n<p>Pistas estrechas y apacibles, caminos de granja, gravilla, adoquines molidos, asfalto&#8230; Lo que sea. Es una m\u00e1quina capaz de desplazarse por m\u00faltiples superficies y mantener el confort. Su adaptabilidad, versatilidad y robustez la hacen perfecta para hacer el trayecto hasta el trabajo, un paseo tranquilo o una ruta m\u00e1s atrevida; es una bici de entrenamiento fant\u00e1stica para el invierno, o simplemente puede ser esa bici que se atreva con cualquier terreno que intentes probar. \u00bfC\u00f3mo la distingues de una bici de carretera com\u00fan, de la cual deriva parcialmente?<\/p>\n<p><strong>GEOMETR\u00cdA<\/strong><\/p>\n<p>La geometr\u00eda es m\u00e1s relajada que la de una bici de carreras. El tubo de direcci\u00f3n suele ser m\u00e1s alto y el \u00e1ngulo de la direcci\u00f3n es m\u00e1s inclinado para una conducci\u00f3n m\u00e1s relajada (menos movida que una bici de carretera y menos sensible a las secciones fuera pista m\u00e1s t\u00e9cnicas que una &#8216;crosser&#8217;). El eje pedalier est\u00e1 un poco m\u00e1s bajo que el de una bici de ciclocross. Las bicis Gravel tambi\u00e9n est\u00e1n dise\u00f1adas con una batalla m\u00e1s larga, de modo que son estables en la carretera y al pasar por una superficie impredecible, como la grava, ofrecen una estabilidad y un confort a\u00f1adidos en largas distancias.<\/p>\n<p>El tubo superior un poco inclinado ofrece una mayor altura de pie, que es \u00fatil al apearse, mientras que los tubos de direcci\u00f3n m\u00e1s altos de lo que cabr\u00eda esperar en una bici de cross o carretera permiten un mayor confort en una posici\u00f3n de pedaleo m\u00e1s erguida.<\/p>\n<p><img loading=\"lazy\" decoding=\"async\" class=\"alignnone size-full wp-image-227\" src=\"https:\/\/d2p6e6u75xmxt8.cloudfront.net\/6\/2017\/02\/2016-specialized-diverge-comp-carbon-rear-tyre-biketreks-1024x768.jpg\" alt=\"\" width=\"1024\" height=\"768\" srcset=\"https:\/\/d2p6e6u75xmxt8.cloudfront.net\/6\/2017\/02\/2016-specialized-diverge-comp-carbon-rear-tyre-biketreks-1024x768.jpg 1024w, https:\/\/d2p6e6u75xmxt8.cloudfront.net\/6\/2017\/02\/2016-specialized-diverge-comp-carbon-rear-tyre-biketreks-1024x768-300x225.jpg 300w, https:\/\/d2p6e6u75xmxt8.cloudfront.net\/6\/2017\/02\/2016-specialized-diverge-comp-carbon-rear-tyre-biketreks-1024x768-768x576.jpg 768w\" sizes=\"auto, (max-width: 1024px) 100vw, 1024px\" \/><br \/>\n<strong>FRENOS DE DISCO<\/strong><br \/>\nTodas las bicis Gravel incorporan frenos de disco. Estos frenos, en especial los hidr\u00e1ulicos, ofrecen m\u00e1s potencia, lo que aporta mayor confianza al conducir fuera pistas y es \u00fatil en condiciones mixtas. Con lluvia o barro, sabr\u00e1s apreciar sus \u00f3ptimas prestaciones.<\/p>\n<p><strong>NEUM\u00c1TICOS M\u00c1S GRANDES<\/strong><\/p>\n<p>Al eliminar la mordaza del freno se puede dise\u00f1ar f\u00e1cilmente un cuadro y una horquilla capaces de llevar neum\u00e1ticos m\u00e1s grandes. La idea de los neum\u00e1ticos m\u00e1s grandes no solo redunda en una mayor comodidad en caminos irregulares y llenos de baches, sino tambi\u00e9n, gracias a su dise\u00f1o, en un mayor agarre al suelo.<\/p>\n<p><a href=\"https:\/\/d2p6e6u75xmxt8.cloudfront.net\/6\/2017\/02\/2016-specialized-diverge-comp-carbon-rear-biketreks_3130FFA2-1024x768.jpg\"><img loading=\"lazy\" decoding=\"async\" class=\"alignnone size-full wp-image-228\" src=\"https:\/\/d2p6e6u75xmxt8.cloudfront.net\/6\/2017\/02\/2016-specialized-diverge-comp-carbon-rear-biketreks_3130FFA2-1024x768.jpg\" alt=\"\" width=\"1024\" height=\"768\" srcset=\"https:\/\/d2p6e6u75xmxt8.cloudfront.net\/6\/2017\/02\/2016-specialized-diverge-comp-carbon-rear-biketreks_3130FFA2-1024x768.jpg 1024w, https:\/\/d2p6e6u75xmxt8.cloudfront.net\/6\/2017\/02\/2016-specialized-diverge-comp-carbon-rear-biketreks_3130FFA2-1024x768-300x225.jpg 300w, https:\/\/d2p6e6u75xmxt8.cloudfront.net\/6\/2017\/02\/2016-specialized-diverge-comp-carbon-rear-biketreks_3130FFA2-1024x768-768x576.jpg 768w\" sizes=\"auto, (max-width: 1024px) 100vw, 1024px\" \/><\/a><\/p>\n<p><strong>OJALES ADICIONALES<\/strong><\/p>\n<p>Muchos fabricantes equipan las bicis con ojales para incorporar portaequipajes o guardabarros. Eso significa que podr\u00edas construirte la bici perfecta para el invierno o para ir a trabajar, o a\u00f1adir un portaequipajes para salir de paseo.<\/p>\n","protected":false},"excerpt":{"rendered":"<p>M\u00e1s resistente que una bici de carretera y mucho m\u00e1s r\u00e1pida que una bici de monta\u00f1a. Las bicis Gravel (o [&hellip;]<\/p>\n","protected":false},"author":29,"featured_media":225,"comment_status":"open","ping_status":"open","sticky":false,"template":"","format":"standard","meta":{"footnotes":""},"categories":[7],"tags":[],"global-categories":[],"class_list":["post-222","post","type-post","status-publish","format-standard","has-post-thumbnail","hentry","category-carretera"],"yoast_head":"<!-- This site is optimized with the Yoast SEO Premium plugin v25.3 (Yoast SEO v25.9) - https:\/\/yoast.com\/wordpress\/plugins\/seo\/ -->\n<title>Bicis de grava o carretera: \u00bfcu\u00e1l es la diferencia? - \u0160koda We Love Cycling - Spain<\/title>\n<meta name=\"robots\" content=\"index, follow, max-snippet:-1, max-image-preview:large, max-video-preview:-1\" \/>\n<link rel=\"canonical\" href=\"https:\/\/www.welovecycling.com\/es\/2017\/02\/06\/bicis-grava-carretera-la-diferencia\/\" \/>\n<meta property=\"og:locale\" content=\"es_ES\" \/>\n<meta property=\"og:type\" content=\"article\" \/>\n<meta property=\"og:title\" content=\"Bicis de grava o carretera: \u00bfcu\u00e1l es la diferencia?\" \/>\n<meta property=\"og:description\" content=\"M\u00e1s resistente que una bici de carretera y mucho m\u00e1s r\u00e1pida que una bici de monta\u00f1a. Las bicis Gravel (o [&hellip;]\" \/>\n<meta property=\"og:url\" content=\"https:\/\/www.welovecycling.com\/es\/2017\/02\/06\/bicis-grava-carretera-la-diferencia\/\" \/>\n<meta property=\"og:site_name\" content=\"\u0160koda We Love Cycling - Spain\" \/>\n<meta property=\"article:published_time\" content=\"2017-02-06T09:45:56+00:00\" \/>\n<meta property=\"article:modified_time\" content=\"2017-02-08T16:06:19+00:00\" \/>\n<meta property=\"og:image\" content=\"https:\/\/d2p6e6u75xmxt8.cloudfront.net\/6\/2017\/02\/4949841_1454584.jpg\" \/>\n\t<meta property=\"og:image:width\" content=\"1375\" \/>\n\t<meta property=\"og:image:height\" content=\"600\" \/>\n\t<meta property=\"og:image:type\" content=\"image\/jpeg\" \/>\n<meta name=\"author\" content=\"We Love Cycling Spain\" \/>\n<meta name=\"twitter:card\" content=\"summary_large_image\" \/>\n<meta name=\"twitter:label1\" content=\"Written by\" \/>\n\t<meta name=\"twitter:data1\" content=\"We Love Cycling Spain\" \/>\n\t<meta name=\"twitter:label2\" content=\"Est. reading time\" \/>\n\t<meta name=\"twitter:data2\" content=\"3 minutes\" \/>\n<script type=\"application\/ld+json\" class=\"yoast-schema-graph\">{\"@context\":\"https:\/\/schema.org\",\"@graph\":[{\"@type\":\"WebPage\",\"@id\":\"https:\/\/www.welovecycling.com\/es\/2017\/02\/06\/bicis-grava-carretera-la-diferencia\/\",\"url\":\"https:\/\/www.welovecycling.com\/es\/2017\/02\/06\/bicis-grava-carretera-la-diferencia\/\",\"name\":\"Bicis de grava o carretera: \u00bfcu\u00e1l es la diferencia? - \u0160koda We Love Cycling - Spain\",\"isPartOf\":{\"@id\":\"https:\/\/www.welovecycling.com\/es\/#website\"},\"primaryImageOfPage\":{\"@id\":\"https:\/\/www.welovecycling.com\/es\/2017\/02\/06\/bicis-grava-carretera-la-diferencia\/#primaryimage\"},\"image\":{\"@id\":\"https:\/\/www.welovecycling.com\/es\/2017\/02\/06\/bicis-grava-carretera-la-diferencia\/#primaryimage\"},\"thumbnailUrl\":\"https:\/\/d2p6e6u75xmxt8.cloudfront.net\/6\/2017\/02\/4949841_1454584.jpg\",\"datePublished\":\"2017-02-06T09:45:56+00:00\",\"dateModified\":\"2017-02-08T16:06:19+00:00\",\"author\":{\"@id\":\"https:\/\/www.welovecycling.com\/es\/#\/schema\/person\/deb61715b5812698ee79fb96f343ccd4\"},\"breadcrumb\":{\"@id\":\"https:\/\/www.welovecycling.com\/es\/2017\/02\/06\/bicis-grava-carretera-la-diferencia\/#breadcrumb\"},\"inLanguage\":\"es-ES\",\"potentialAction\":[{\"@type\":\"ReadAction\",\"target\":[\"https:\/\/www.welovecycling.com\/es\/2017\/02\/06\/bicis-grava-carretera-la-diferencia\/\"]}]},{\"@type\":\"ImageObject\",\"inLanguage\":\"es-ES\",\"@id\":\"https:\/\/www.welovecycling.com\/es\/2017\/02\/06\/bicis-grava-carretera-la-diferencia\/#primaryimage\",\"url\":\"https:\/\/d2p6e6u75xmxt8.cloudfront.net\/6\/2017\/02\/4949841_1454584.jpg\",\"contentUrl\":\"https:\/\/d2p6e6u75xmxt8.cloudfront.net\/6\/2017\/02\/4949841_1454584.jpg\",\"width\":1375,\"height\":600},{\"@type\":\"BreadcrumbList\",\"@id\":\"https:\/\/www.welovecycling.com\/es\/2017\/02\/06\/bicis-grava-carretera-la-diferencia\/#breadcrumb\",\"itemListElement\":[{\"@type\":\"ListItem\",\"position\":1,\"name\":\"Home\",\"item\":\"https:\/\/www.welovecycling.com\/es\/\"},{\"@type\":\"ListItem\",\"position\":2,\"name\":\"Bicis de grava o carretera: \u00bfcu\u00e1l es la diferencia?\"}]},{\"@type\":\"WebSite\",\"@id\":\"https:\/\/www.welovecycling.com\/es\/#website\",\"url\":\"https:\/\/www.welovecycling.com\/es\/\",\"name\":\"\u0160koda We Love Cycling - Spain\",\"description\":\"\u0160koda WeLoveCycling Spain\",\"potentialAction\":[{\"@type\":\"SearchAction\",\"target\":{\"@type\":\"EntryPoint\",\"urlTemplate\":\"https:\/\/www.welovecycling.com\/es\/?s={search_term_string}\"},\"query-input\":{\"@type\":\"PropertyValueSpecification\",\"valueRequired\":true,\"valueName\":\"search_term_string\"}}],\"inLanguage\":\"es-ES\"},{\"@type\":\"Person\",\"@id\":\"https:\/\/www.welovecycling.com\/es\/#\/schema\/person\/deb61715b5812698ee79fb96f343ccd4\",\"name\":\"We Love Cycling Spain\",\"image\":{\"@type\":\"ImageObject\",\"inLanguage\":\"es-ES\",\"@id\":\"https:\/\/www.welovecycling.com\/es\/#\/schema\/person\/image\/\",\"url\":\"https:\/\/secure.gravatar.com\/avatar\/c824b04e6df0e37a03219d0b6481672889df542894588964102459e46513159c?s=96&d=mm&r=g\",\"contentUrl\":\"https:\/\/secure.gravatar.com\/avatar\/c824b04e6df0e37a03219d0b6481672889df542894588964102459e46513159c?s=96&d=mm&r=g\",\"caption\":\"We Love Cycling Spain\"},\"url\":\"https:\/\/www.welovecycling.com\/es\/author\/amunoz\/\"}]}<\/script>\n<!-- \/ Yoast SEO Premium plugin. -->","yoast_head_json":{"title":"Bicis de grava o carretera: \u00bfcu\u00e1l es la diferencia? - \u0160koda We Love Cycling - Spain","robots":{"index":"index","follow":"follow","max-snippet":"max-snippet:-1","max-image-preview":"max-image-preview:large","max-video-preview":"max-video-preview:-1"},"canonical":"https:\/\/www.welovecycling.com\/es\/2017\/02\/06\/bicis-grava-carretera-la-diferencia\/","og_locale":"es_ES","og_type":"article","og_title":"Bicis de grava o carretera: \u00bfcu\u00e1l es la diferencia?","og_description":"M\u00e1s resistente que una bici de carretera y mucho m\u00e1s r\u00e1pida que una bici de monta\u00f1a. Las bicis Gravel (o [&hellip;]","og_url":"https:\/\/www.welovecycling.com\/es\/2017\/02\/06\/bicis-grava-carretera-la-diferencia\/","og_site_name":"\u0160koda We Love Cycling - Spain","article_published_time":"2017-02-06T09:45:56+00:00","article_modified_time":"2017-02-08T16:06:19+00:00","og_image":[{"width":1375,"height":600,"url":"https:\/\/d2p6e6u75xmxt8.cloudfront.net\/6\/2017\/02\/4949841_1454584.jpg","type":"image\/jpeg"}],"author":"We Love Cycling Spain","twitter_card":"summary_large_image","twitter_misc":{"Written by":"We Love Cycling Spain","Est. reading time":"3 minutes"},"schema":{"@context":"https:\/\/schema.org","@graph":[{"@type":"WebPage","@id":"https:\/\/www.welovecycling.com\/es\/2017\/02\/06\/bicis-grava-carretera-la-diferencia\/","url":"https:\/\/www.welovecycling.com\/es\/2017\/02\/06\/bicis-grava-carretera-la-diferencia\/","name":"Bicis de grava o carretera: \u00bfcu\u00e1l es la diferencia? - \u0160koda We Love Cycling - Spain","isPartOf":{"@id":"https:\/\/www.welovecycling.com\/es\/#website"},"primaryImageOfPage":{"@id":"https:\/\/www.welovecycling.com\/es\/2017\/02\/06\/bicis-grava-carretera-la-diferencia\/#primaryimage"},"image":{"@id":"https:\/\/www.welovecycling.com\/es\/2017\/02\/06\/bicis-grava-carretera-la-diferencia\/#primaryimage"},"thumbnailUrl":"https:\/\/d2p6e6u75xmxt8.cloudfront.net\/6\/2017\/02\/4949841_1454584.jpg","datePublished":"2017-02-06T09:45:56+00:00","dateModified":"2017-02-08T16:06:19+00:00","author":{"@id":"https:\/\/www.welovecycling.com\/es\/#\/schema\/person\/deb61715b5812698ee79fb96f343ccd4"},"breadcrumb":{"@id":"https:\/\/www.welovecycling.com\/es\/2017\/02\/06\/bicis-grava-carretera-la-diferencia\/#breadcrumb"},"inLanguage":"es-ES","potentialAction":[{"@type":"ReadAction","target":["https:\/\/www.welovecycling.com\/es\/2017\/02\/06\/bicis-grava-carretera-la-diferencia\/"]}]},{"@type":"ImageObject","inLanguage":"es-ES","@id":"https:\/\/www.welovecycling.com\/es\/2017\/02\/06\/bicis-grava-carretera-la-diferencia\/#primaryimage","url":"https:\/\/d2p6e6u75xmxt8.cloudfront.net\/6\/2017\/02\/4949841_1454584.jpg","contentUrl":"https:\/\/d2p6e6u75xmxt8.cloudfront.net\/6\/2017\/02\/4949841_1454584.jpg","width":1375,"height":600},{"@type":"BreadcrumbList","@id":"https:\/\/www.welovecycling.com\/es\/2017\/02\/06\/bicis-grava-carretera-la-diferencia\/#breadcrumb","itemListElement":[{"@type":"ListItem","position":1,"name":"Home","item":"https:\/\/www.welovecycling.com\/es\/"},{"@type":"ListItem","position":2,"name":"Bicis de grava o carretera: \u00bfcu\u00e1l es la diferencia?"}]},{"@type":"WebSite","@id":"https:\/\/www.welovecycling.com\/es\/#website","url":"https:\/\/www.welovecycling.com\/es\/","name":"\u0160koda We Love Cycling - Spain","description":"\u0160koda WeLoveCycling Spain","potentialAction":[{"@type":"SearchAction","target":{"@type":"EntryPoint","urlTemplate":"https:\/\/www.welovecycling.com\/es\/?s={search_term_string}"},"query-input":{"@type":"PropertyValueSpecification","valueRequired":true,"valueName":"search_term_string"}}],"inLanguage":"es-ES"},{"@type":"Person","@id":"https:\/\/www.welovecycling.com\/es\/#\/schema\/person\/deb61715b5812698ee79fb96f343ccd4","name":"We Love Cycling Spain","image":{"@type":"ImageObject","inLanguage":"es-ES","@id":"https:\/\/www.welovecycling.com\/es\/#\/schema\/person\/image\/","url":"https:\/\/secure.gravatar.com\/avatar\/c824b04e6df0e37a03219d0b6481672889df542894588964102459e46513159c?s=96&d=mm&r=g","contentUrl":"https:\/\/secure.gravatar.com\/avatar\/c824b04e6df0e37a03219d0b6481672889df542894588964102459e46513159c?s=96&d=mm&r=g","caption":"We Love Cycling Spain"},"url":"https:\/\/www.welovecycling.com\/es\/author\/amunoz\/"}]}},"_links":{"self":[{"href":"https:\/\/www.welovecycling.com\/es\/wp-json\/wp\/v2\/posts\/222","targetHints":{"allow":["GET"]}}],"collection":[{"href":"https:\/\/www.welovecycling.com\/es\/wp-json\/wp\/v2\/posts"}],"about":[{"href":"https:\/\/www.welovecycling.com\/es\/wp-json\/wp\/v2\/types\/post"}],"author":[{"embeddable":true,"href":"https:\/\/www.welovecycling.com\/es\/wp-json\/wp\/v2\/users\/29"}],"replies":[{"embeddable":true,"href":"https:\/\/www.welovecycling.com\/es\/wp-json\/wp\/v2\/comments?post=222"}],"version-history":[{"count":2,"href":"https:\/\/www.welovecycling.com\/es\/wp-json\/wp\/v2\/posts\/222\/revisions"}],"predecessor-version":[{"id":310,"href":"https:\/\/www.welovecycling.com\/es\/wp-json\/wp\/v2\/posts\/222\/revisions\/310"}],"wp:featuredmedia":[{"embeddable":true,"href":"https:\/\/www.welovecycling.com\/es\/wp-json\/wp\/v2\/media\/225"}],"wp:attachment":[{"href":"https:\/\/www.welovecycling.com\/es\/wp-json\/wp\/v2\/media?parent=222"}],"wp:term":[{"taxonomy":"category","embeddable":true,"href":"https:\/\/www.welovecycling.com\/es\/wp-json\/wp\/v2\/categories?post=222"},{"taxonomy":"post_tag","embeddable":true,"href":"https:\/\/www.welovecycling.com\/es\/wp-json\/wp\/v2\/tags?post=222"},{"taxonomy":"global-categories","embeddable":true,"href":"https:\/\/www.welovecycling.com\/es\/wp-json\/wp\/v2\/global-categories?post=222"}],"curies":[{"name":"wp","href":"https:\/\/api.w.org\/{rel}","templated":true}]}}