{"id":2185,"date":"2018-01-30T11:06:13","date_gmt":"2018-01-30T09:06:13","guid":{"rendered":"https:\/\/www.welovecycling.com\/es\/?p=2185"},"modified":"2018-01-30T11:06:13","modified_gmt":"2018-01-30T09:06:13","slug":"bicicletas-electricas-2018","status":"publish","type":"post","link":"https:\/\/www.welovecycling.com\/es\/2018\/01\/30\/bicicletas-electricas-2018\/","title":{"rendered":"Bicicletas el\u00e9ctricas 2018"},"content":{"rendered":"<p><strong>Las bicicletas el\u00e9ctricas han llegado para quedarse. Primero fueron las MTB de descenso, despu\u00e9s toda la gama de MTB, las urbanas, las todocaminos, las h\u00edbridas, la gravel y por fin las bicicletas de carretera. Ya no hay sector que no tenga su versi\u00f3n de E-Bike. Aqu\u00ed te ense\u00f1amos los modelos para 2018. As\u00ed vimos las bicicletas de BTT para la temporada 2018 en Unibike.<\/strong><!--more--><\/p>\n<p>Los motores han revolucionado el mercado de las bicicletas. Algo tan incongruente hace a\u00f1os como bicicleta y motor hace se ha modificado de tal manera que ahora mismo casi todas las grandes marcas tienen un su cat\u00e1logo uno o varios modelos de E-Bike, tanto para las versi\u00f3n de <strong>MTB, urbana, h\u00edbrida o m\u00e1s recientemente de carretera<\/strong>.<\/p>\n<p>Los usos, en principio, son distintos. Los primeros modelos de <strong>MTB<\/strong> se crearon para las bicis de <strong>downhill<\/strong> de doble suspensi\u00f3n. Unos modelos pesados y que necesitaban de un telesilla para subir a la monta\u00f1a y despu\u00e9s disfrutar bajando. El motor resolvi\u00f3 este inconveniente y la evoluci\u00f3n continu\u00f3 hasta cualquier modelo de MTB, tanto de doble suspensi\u00f3n como r\u00edgidas dedicadas a los Rallys o a pruebas de larga distancia. El objetivo es similar, ayudar a subir cuestas, pero en este caso a personas que no tienen un f\u00edsico adecuado o falta de entrenamiento.<\/p>\n<p>Para los modelos de <strong>bicicletas h\u00edbridas<\/strong> la incorporaci\u00f3n del motor se hace para ayudar a cubrir largas distancias cargados con alforjas sin necesidad de tener un excelente estado de forma. Se utilizan sobre todo en el cicloturismo m\u00e1s recreativo, aquel al que puede llegar cualquier persona que no sea ciclista y que no entrene. En Espa\u00f1a sobre todo para Enoturistas o rutas como el Camino de Santiago o las v\u00edas verdes. El objetivo es m\u00e1s el placer visual que el deporte en s\u00ed.<\/p>\n<p>El concepto es similar en las <strong>bicicletas urbanas<\/strong>. Pensadas para desplazarse por la ciudad con el menor esfuerzo f\u00edsico posible. La incorporaci\u00f3n del motor hace aumentar los posibles usuarios, que solo necesitan desplazarse de un lugar a otro en poco tiempo y sin sudar demasiado. Incluso cuando las cargan con las bolsas de la compra, como suele suceder en B\u00e9lgica y Holanda.<\/p>\n<p>Quiz\u00e1s la gran revoluci\u00f3n ha llegado en 2018 con las <strong>bicicletas de carretera con motor<\/strong>. Despu\u00e9s de las especulaciones sobre el uso de motores ocultos por algunos ciclistas profesionales estos nuevos modelos a\u00f1aden m\u00e1s pol\u00e9mica, pero est\u00e1n dise\u00f1ados con un objetivo distinto. La idea no es ir m\u00e1s deprisa, sino ayudar en las subidas a los que est\u00e1n menos en forma. Sus motores est\u00e1n dise\u00f1ados de tal manera que se desconectan a m\u00e1s de 25 por hora, por lo que en un tramo llano pr\u00e1cticamente no aportan ninguna ayuda. <strong>Sin embargo cuando la carretera se empina compensan los problemas de cualquier ciclista poco entrenado<\/strong>.<\/p>\n<h2><strong>MTB R\u00cdGIDAS E BIKE<\/strong><strong><a href=\"https:\/\/d2p6e6u75xmxt8.cloudfront.net\/6\/2017\/10\/Ebike-MMR-R\u00edgida.jpg\"><img loading=\"lazy\" decoding=\"async\" class=\"aligncenter size-large wp-image-1650\" src=\"https:\/\/d2p6e6u75xmxt8.cloudfront.net\/6\/2017\/10\/Ebike-MMR-R\u00edgida-1024x768.jpg\" alt=\"\" width=\"1024\" height=\"768\" srcset=\"https:\/\/d2p6e6u75xmxt8.cloudfront.net\/6\/2017\/10\/Ebike-MMR-R\u00edgida-1024x768.jpg 1024w, https:\/\/d2p6e6u75xmxt8.cloudfront.net\/6\/2017\/10\/Ebike-MMR-R\u00edgida-300x225.jpg 300w, https:\/\/d2p6e6u75xmxt8.cloudfront.net\/6\/2017\/10\/Ebike-MMR-R\u00edgida-768x576.jpg 768w, https:\/\/d2p6e6u75xmxt8.cloudfront.net\/6\/2017\/10\/Ebike-MMR-R\u00edgida.jpg 1280w\" sizes=\"auto, (max-width: 1024px) 100vw, 1024px\" \/><\/a><\/strong><strong><a href=\"https:\/\/d2p6e6u75xmxt8.cloudfront.net\/6\/2018\/01\/Ebike-Unibike-2017-9.jpg\"><img loading=\"lazy\" decoding=\"async\" class=\"aligncenter size-large wp-image-2189\" src=\"https:\/\/d2p6e6u75xmxt8.cloudfront.net\/6\/2018\/01\/Ebike-Unibike-2017-9-1024x768.jpg\" alt=\"\" width=\"1024\" height=\"768\" srcset=\"https:\/\/d2p6e6u75xmxt8.cloudfront.net\/6\/2018\/01\/Ebike-Unibike-2017-9-1024x768.jpg 1024w, https:\/\/d2p6e6u75xmxt8.cloudfront.net\/6\/2018\/01\/Ebike-Unibike-2017-9-300x225.jpg 300w, https:\/\/d2p6e6u75xmxt8.cloudfront.net\/6\/2018\/01\/Ebike-Unibike-2017-9-768x576.jpg 768w, https:\/\/d2p6e6u75xmxt8.cloudfront.net\/6\/2018\/01\/Ebike-Unibike-2017-9.jpg 1280w\" sizes=\"auto, (max-width: 1024px) 100vw, 1024px\" \/><\/a> <a href=\"https:\/\/d2p6e6u75xmxt8.cloudfront.net\/6\/2018\/01\/Ebike-Unibike-2017-23.jpg\"><img loading=\"lazy\" decoding=\"async\" class=\"aligncenter size-large wp-image-2190\" src=\"https:\/\/d2p6e6u75xmxt8.cloudfront.net\/6\/2018\/01\/Ebike-Unibike-2017-23-1024x768.jpg\" alt=\"\" width=\"1024\" height=\"768\" srcset=\"https:\/\/d2p6e6u75xmxt8.cloudfront.net\/6\/2018\/01\/Ebike-Unibike-2017-23-1024x768.jpg 1024w, https:\/\/d2p6e6u75xmxt8.cloudfront.net\/6\/2018\/01\/Ebike-Unibike-2017-23-300x225.jpg 300w, https:\/\/d2p6e6u75xmxt8.cloudfront.net\/6\/2018\/01\/Ebike-Unibike-2017-23-768x576.jpg 768w, https:\/\/d2p6e6u75xmxt8.cloudfront.net\/6\/2018\/01\/Ebike-Unibike-2017-23.jpg 1280w\" sizes=\"auto, (max-width: 1024px) 100vw, 1024px\" \/><\/a><\/strong><\/h2>\n<h2><strong><a href=\"https:\/\/d2p6e6u75xmxt8.cloudfront.net\/6\/2017\/10\/Ebike-Unibike-2017-25.jpg\"><img loading=\"lazy\" decoding=\"async\" class=\"aligncenter size-large wp-image-1653\" src=\"https:\/\/d2p6e6u75xmxt8.cloudfront.net\/6\/2017\/10\/Ebike-Unibike-2017-25-1024x768.jpg\" alt=\"\" width=\"1024\" height=\"768\" srcset=\"https:\/\/d2p6e6u75xmxt8.cloudfront.net\/6\/2017\/10\/Ebike-Unibike-2017-25-1024x768.jpg 1024w, https:\/\/d2p6e6u75xmxt8.cloudfront.net\/6\/2017\/10\/Ebike-Unibike-2017-25-300x225.jpg 300w, https:\/\/d2p6e6u75xmxt8.cloudfront.net\/6\/2017\/10\/Ebike-Unibike-2017-25-768x576.jpg 768w, https:\/\/d2p6e6u75xmxt8.cloudfront.net\/6\/2017\/10\/Ebike-Unibike-2017-25.jpg 1280w\" sizes=\"auto, (max-width: 1024px) 100vw, 1024px\" \/><\/a><\/strong><\/h2>\n<h2><strong><br \/>\n<\/strong><\/h2>\n<h2><strong>EBIKE MTB DOBLE<br \/>\n<\/strong><\/h2>\n<h2><strong><a href=\"https:\/\/d2p6e6u75xmxt8.cloudfront.net\/6\/2018\/01\/Ebike-Unibike-2017-22.jpg\"><img loading=\"lazy\" decoding=\"async\" class=\"aligncenter size-large wp-image-2201\" src=\"https:\/\/d2p6e6u75xmxt8.cloudfront.net\/6\/2018\/01\/Ebike-Unibike-2017-22-1024x768.jpg\" alt=\"\" width=\"1024\" height=\"768\" srcset=\"https:\/\/d2p6e6u75xmxt8.cloudfront.net\/6\/2018\/01\/Ebike-Unibike-2017-22-1024x768.jpg 1024w, https:\/\/d2p6e6u75xmxt8.cloudfront.net\/6\/2018\/01\/Ebike-Unibike-2017-22-300x225.jpg 300w, https:\/\/d2p6e6u75xmxt8.cloudfront.net\/6\/2018\/01\/Ebike-Unibike-2017-22-768x576.jpg 768w, https:\/\/d2p6e6u75xmxt8.cloudfront.net\/6\/2018\/01\/Ebike-Unibike-2017-22.jpg 1280w\" sizes=\"auto, (max-width: 1024px) 100vw, 1024px\" \/><\/a><a href=\"https:\/\/d2p6e6u75xmxt8.cloudfront.net\/6\/2018\/01\/Ebike-Unibike-2017-27.jpg\"><img loading=\"lazy\" decoding=\"async\" class=\"aligncenter size-large wp-image-2202\" src=\"https:\/\/d2p6e6u75xmxt8.cloudfront.net\/6\/2018\/01\/Ebike-Unibike-2017-27-1024x768.jpg\" alt=\"\" width=\"1024\" height=\"768\" srcset=\"https:\/\/d2p6e6u75xmxt8.cloudfront.net\/6\/2018\/01\/Ebike-Unibike-2017-27-1024x768.jpg 1024w, https:\/\/d2p6e6u75xmxt8.cloudfront.net\/6\/2018\/01\/Ebike-Unibike-2017-27-300x225.jpg 300w, https:\/\/d2p6e6u75xmxt8.cloudfront.net\/6\/2018\/01\/Ebike-Unibike-2017-27-768x576.jpg 768w, https:\/\/d2p6e6u75xmxt8.cloudfront.net\/6\/2018\/01\/Ebike-Unibike-2017-27.jpg 1280w\" sizes=\"auto, (max-width: 1024px) 100vw, 1024px\" \/><\/a><a href=\"https:\/\/d2p6e6u75xmxt8.cloudfront.net\/6\/2018\/01\/Ebike-Unibike-2017-33.jpg\"><img loading=\"lazy\" decoding=\"async\" class=\"aligncenter size-large wp-image-2203\" src=\"https:\/\/d2p6e6u75xmxt8.cloudfront.net\/6\/2018\/01\/Ebike-Unibike-2017-33-1024x768.jpg\" alt=\"\" width=\"1024\" height=\"768\" srcset=\"https:\/\/d2p6e6u75xmxt8.cloudfront.net\/6\/2018\/01\/Ebike-Unibike-2017-33-1024x768.jpg 1024w, https:\/\/d2p6e6u75xmxt8.cloudfront.net\/6\/2018\/01\/Ebike-Unibike-2017-33-300x225.jpg 300w, https:\/\/d2p6e6u75xmxt8.cloudfront.net\/6\/2018\/01\/Ebike-Unibike-2017-33-768x576.jpg 768w, https:\/\/d2p6e6u75xmxt8.cloudfront.net\/6\/2018\/01\/Ebike-Unibike-2017-33.jpg 1280w\" sizes=\"auto, (max-width: 1024px) 100vw, 1024px\" \/><\/a><a href=\"https:\/\/d2p6e6u75xmxt8.cloudfront.net\/6\/2018\/01\/Ebike-Unibike-2017-32.jpg\"><img loading=\"lazy\" decoding=\"async\" class=\"aligncenter size-large wp-image-2191\" src=\"https:\/\/d2p6e6u75xmxt8.cloudfront.net\/6\/2018\/01\/Ebike-Unibike-2017-32-1024x768.jpg\" alt=\"\" width=\"1024\" height=\"768\" srcset=\"https:\/\/d2p6e6u75xmxt8.cloudfront.net\/6\/2018\/01\/Ebike-Unibike-2017-32-1024x768.jpg 1024w, https:\/\/d2p6e6u75xmxt8.cloudfront.net\/6\/2018\/01\/Ebike-Unibike-2017-32-300x225.jpg 300w, https:\/\/d2p6e6u75xmxt8.cloudfront.net\/6\/2018\/01\/Ebike-Unibike-2017-32-768x576.jpg 768w, https:\/\/d2p6e6u75xmxt8.cloudfront.net\/6\/2018\/01\/Ebike-Unibike-2017-32.jpg 1280w\" sizes=\"auto, (max-width: 1024px) 100vw, 1024px\" \/><\/a><\/strong><strong><a href=\"https:\/\/d2p6e6u75xmxt8.cloudfront.net\/6\/2018\/01\/Ebike-Powerfly.jpg\"><img loading=\"lazy\" decoding=\"async\" class=\"aligncenter size-large wp-image-2186\" src=\"https:\/\/d2p6e6u75xmxt8.cloudfront.net\/6\/2018\/01\/Ebike-Powerfly-1024x768.jpg\" alt=\"\" width=\"1024\" height=\"768\" srcset=\"https:\/\/d2p6e6u75xmxt8.cloudfront.net\/6\/2018\/01\/Ebike-Powerfly-1024x768.jpg 1024w, https:\/\/d2p6e6u75xmxt8.cloudfront.net\/6\/2018\/01\/Ebike-Powerfly-300x225.jpg 300w, https:\/\/d2p6e6u75xmxt8.cloudfront.net\/6\/2018\/01\/Ebike-Powerfly-768x576.jpg 768w, https:\/\/d2p6e6u75xmxt8.cloudfront.net\/6\/2018\/01\/Ebike-Powerfly.jpg 1280w\" sizes=\"auto, (max-width: 1024px) 100vw, 1024px\" \/><\/a><\/strong><\/h2>\n<h2><strong><a href=\"https:\/\/d2p6e6u75xmxt8.cloudfront.net\/6\/2017\/10\/Ebike-BMC.jpg\"><img loading=\"lazy\" decoding=\"async\" class=\"aligncenter size-large wp-image-1647\" src=\"https:\/\/d2p6e6u75xmxt8.cloudfront.net\/6\/2017\/10\/Ebike-BMC-1024x768.jpg\" alt=\"\" width=\"1024\" height=\"768\" srcset=\"https:\/\/d2p6e6u75xmxt8.cloudfront.net\/6\/2017\/10\/Ebike-BMC-1024x768.jpg 1024w, https:\/\/d2p6e6u75xmxt8.cloudfront.net\/6\/2017\/10\/Ebike-BMC-300x225.jpg 300w, https:\/\/d2p6e6u75xmxt8.cloudfront.net\/6\/2017\/10\/Ebike-BMC-768x576.jpg 768w, https:\/\/d2p6e6u75xmxt8.cloudfront.net\/6\/2017\/10\/Ebike-BMC.jpg 1280w\" sizes=\"auto, (max-width: 1024px) 100vw, 1024px\" \/><\/a> <a href=\"https:\/\/d2p6e6u75xmxt8.cloudfront.net\/6\/2017\/10\/Ebike-Lapierre-1.jpg\"><img loading=\"lazy\" decoding=\"async\" class=\"aligncenter size-large wp-image-1648\" src=\"https:\/\/d2p6e6u75xmxt8.cloudfront.net\/6\/2017\/10\/Ebike-Lapierre-1-1024x768.jpg\" alt=\"\" width=\"1024\" height=\"768\" srcset=\"https:\/\/d2p6e6u75xmxt8.cloudfront.net\/6\/2017\/10\/Ebike-Lapierre-1-1024x768.jpg 1024w, https:\/\/d2p6e6u75xmxt8.cloudfront.net\/6\/2017\/10\/Ebike-Lapierre-1-300x225.jpg 300w, https:\/\/d2p6e6u75xmxt8.cloudfront.net\/6\/2017\/10\/Ebike-Lapierre-1-768x576.jpg 768w, https:\/\/d2p6e6u75xmxt8.cloudfront.net\/6\/2017\/10\/Ebike-Lapierre-1.jpg 1280w\" sizes=\"auto, (max-width: 1024px) 100vw, 1024px\" \/><\/a> <a href=\"https:\/\/d2p6e6u75xmxt8.cloudfront.net\/6\/2017\/10\/Ebike-Lapierre-2.jpg\"><img loading=\"lazy\" decoding=\"async\" class=\"aligncenter size-large wp-image-1649\" src=\"https:\/\/d2p6e6u75xmxt8.cloudfront.net\/6\/2017\/10\/Ebike-Lapierre-2-1024x768.jpg\" alt=\"\" width=\"1024\" height=\"768\" srcset=\"https:\/\/d2p6e6u75xmxt8.cloudfront.net\/6\/2017\/10\/Ebike-Lapierre-2-1024x768.jpg 1024w, https:\/\/d2p6e6u75xmxt8.cloudfront.net\/6\/2017\/10\/Ebike-Lapierre-2-300x225.jpg 300w, https:\/\/d2p6e6u75xmxt8.cloudfront.net\/6\/2017\/10\/Ebike-Lapierre-2-768x576.jpg 768w, https:\/\/d2p6e6u75xmxt8.cloudfront.net\/6\/2017\/10\/Ebike-Lapierre-2.jpg 1280w\" sizes=\"auto, (max-width: 1024px) 100vw, 1024px\" \/><\/a> <a href=\"https:\/\/d2p6e6u75xmxt8.cloudfront.net\/6\/2017\/10\/Ebike-Unibike-2017-20.jpg\"><img loading=\"lazy\" decoding=\"async\" class=\"aligncenter size-large wp-image-1652\" src=\"https:\/\/d2p6e6u75xmxt8.cloudfront.net\/6\/2017\/10\/Ebike-Unibike-2017-20-1024x768.jpg\" alt=\"\" width=\"1024\" height=\"768\" srcset=\"https:\/\/d2p6e6u75xmxt8.cloudfront.net\/6\/2017\/10\/Ebike-Unibike-2017-20-1024x768.jpg 1024w, https:\/\/d2p6e6u75xmxt8.cloudfront.net\/6\/2017\/10\/Ebike-Unibike-2017-20-300x225.jpg 300w, https:\/\/d2p6e6u75xmxt8.cloudfront.net\/6\/2017\/10\/Ebike-Unibike-2017-20-768x576.jpg 768w, https:\/\/d2p6e6u75xmxt8.cloudfront.net\/6\/2017\/10\/Ebike-Unibike-2017-20.jpg 1280w\" sizes=\"auto, (max-width: 1024px) 100vw, 1024px\" \/><\/a><br \/>\n<\/strong><\/h2>\n<h2><\/h2>\n<h2><strong>TODO CAMINOS\/HIBRIDAS EBIKE<\/strong><\/h2>\n<h2><strong><a href=\"https:\/\/d2p6e6u75xmxt8.cloudfront.net\/6\/2018\/01\/Ebike-Unibike-2017-1.jpg\"><img loading=\"lazy\" decoding=\"async\" class=\"aligncenter size-large wp-image-2187\" src=\"https:\/\/d2p6e6u75xmxt8.cloudfront.net\/6\/2018\/01\/Ebike-Unibike-2017-1-1024x768.jpg\" alt=\"\" width=\"1024\" height=\"768\" srcset=\"https:\/\/d2p6e6u75xmxt8.cloudfront.net\/6\/2018\/01\/Ebike-Unibike-2017-1.jpg 1024w, https:\/\/d2p6e6u75xmxt8.cloudfront.net\/6\/2018\/01\/Ebike-Unibike-2017-1-300x225.jpg 300w, https:\/\/d2p6e6u75xmxt8.cloudfront.net\/6\/2018\/01\/Ebike-Unibike-2017-1-768x576.jpg 768w\" sizes=\"auto, (max-width: 1024px) 100vw, 1024px\" \/><\/a><\/strong><strong> <a href=\"https:\/\/d2p6e6u75xmxt8.cloudfront.net\/6\/2018\/01\/Ebike-Urbana-Unibike-2017-20.jpg\"><img loading=\"lazy\" decoding=\"async\" class=\"aligncenter size-large wp-image-2192\" src=\"https:\/\/d2p6e6u75xmxt8.cloudfront.net\/6\/2018\/01\/Ebike-Urbana-Unibike-2017-20-1024x768.jpg\" alt=\"\" width=\"1024\" height=\"768\" srcset=\"https:\/\/d2p6e6u75xmxt8.cloudfront.net\/6\/2018\/01\/Ebike-Urbana-Unibike-2017-20-1024x768.jpg 1024w, https:\/\/d2p6e6u75xmxt8.cloudfront.net\/6\/2018\/01\/Ebike-Urbana-Unibike-2017-20-300x225.jpg 300w, https:\/\/d2p6e6u75xmxt8.cloudfront.net\/6\/2018\/01\/Ebike-Urbana-Unibike-2017-20-768x576.jpg 768w, https:\/\/d2p6e6u75xmxt8.cloudfront.net\/6\/2018\/01\/Ebike-Urbana-Unibike-2017-20.jpg 1280w\" sizes=\"auto, (max-width: 1024px) 100vw, 1024px\" \/><\/a><\/strong><\/h2>\n<h2><strong><a href=\"https:\/\/d2p6e6u75xmxt8.cloudfront.net\/6\/2018\/01\/Ebike-Unibike-2017-3.jpg\"><img loading=\"lazy\" decoding=\"async\" class=\"aligncenter size-large wp-image-2188\" src=\"https:\/\/d2p6e6u75xmxt8.cloudfront.net\/6\/2018\/01\/Ebike-Unibike-2017-3-1024x768.jpg\" alt=\"\" width=\"1024\" height=\"768\" srcset=\"https:\/\/d2p6e6u75xmxt8.cloudfront.net\/6\/2018\/01\/Ebike-Unibike-2017-3-1024x768.jpg 1024w, https:\/\/d2p6e6u75xmxt8.cloudfront.net\/6\/2018\/01\/Ebike-Unibike-2017-3-300x225.jpg 300w, https:\/\/d2p6e6u75xmxt8.cloudfront.net\/6\/2018\/01\/Ebike-Unibike-2017-3-768x576.jpg 768w, https:\/\/d2p6e6u75xmxt8.cloudfront.net\/6\/2018\/01\/Ebike-Unibike-2017-3.jpg 1280w\" sizes=\"auto, (max-width: 1024px) 100vw, 1024px\" \/><\/a><\/strong><\/h2>\n<h2><strong><a href=\"https:\/\/d2p6e6u75xmxt8.cloudfront.net\/6\/2018\/01\/Ebike-KTM-carretera-Unibike-2017.jpg\"><img loading=\"lazy\" decoding=\"async\" class=\"aligncenter size-large wp-image-2197\" src=\"https:\/\/d2p6e6u75xmxt8.cloudfront.net\/6\/2018\/01\/Ebike-KTM-carretera-Unibike-2017-1024x768.jpg\" alt=\"\" width=\"1024\" height=\"768\" srcset=\"https:\/\/d2p6e6u75xmxt8.cloudfront.net\/6\/2018\/01\/Ebike-KTM-carretera-Unibike-2017-1024x768.jpg 1024w, https:\/\/d2p6e6u75xmxt8.cloudfront.net\/6\/2018\/01\/Ebike-KTM-carretera-Unibike-2017-300x225.jpg 300w, https:\/\/d2p6e6u75xmxt8.cloudfront.net\/6\/2018\/01\/Ebike-KTM-carretera-Unibike-2017-768x576.jpg 768w, https:\/\/d2p6e6u75xmxt8.cloudfront.net\/6\/2018\/01\/Ebike-KTM-carretera-Unibike-2017.jpg 1280w\" sizes=\"auto, (max-width: 1024px) 100vw, 1024px\" \/><\/a><\/strong><\/h2>\n<h2><strong><a href=\"https:\/\/d2p6e6u75xmxt8.cloudfront.net\/6\/2018\/01\/Ebike-Carretera-Unibike-2017.jpg\"><img loading=\"lazy\" decoding=\"async\" class=\"aligncenter size-large wp-image-2195\" src=\"https:\/\/d2p6e6u75xmxt8.cloudfront.net\/6\/2018\/01\/Ebike-Carretera-Unibike-2017-1024x768.jpg\" alt=\"\" width=\"1024\" height=\"768\" srcset=\"https:\/\/d2p6e6u75xmxt8.cloudfront.net\/6\/2018\/01\/Ebike-Carretera-Unibike-2017-1024x768.jpg 1024w, https:\/\/d2p6e6u75xmxt8.cloudfront.net\/6\/2018\/01\/Ebike-Carretera-Unibike-2017-300x225.jpg 300w, https:\/\/d2p6e6u75xmxt8.cloudfront.net\/6\/2018\/01\/Ebike-Carretera-Unibike-2017-768x576.jpg 768w, https:\/\/d2p6e6u75xmxt8.cloudfront.net\/6\/2018\/01\/Ebike-Carretera-Unibike-2017.jpg 1280w\" sizes=\"auto, (max-width: 1024px) 100vw, 1024px\" \/><\/a><\/strong><\/h2>\n<h2><\/h2>\n<h2><strong>CARRETERA E BIKE<\/strong><\/h2>\n<h2><strong><a href=\"https:\/\/d2p6e6u75xmxt8.cloudfront.net\/6\/2018\/01\/Ebike-BH-Carretera-Unibike-2017.jpg\"><img loading=\"lazy\" decoding=\"async\" class=\"aligncenter size-large wp-image-2193\" src=\"https:\/\/d2p6e6u75xmxt8.cloudfront.net\/6\/2018\/01\/Ebike-BH-Carretera-Unibike-2017-1024x768.jpg\" alt=\"\" width=\"1024\" height=\"768\" srcset=\"https:\/\/d2p6e6u75xmxt8.cloudfront.net\/6\/2018\/01\/Ebike-BH-Carretera-Unibike-2017-1024x768.jpg 1024w, https:\/\/d2p6e6u75xmxt8.cloudfront.net\/6\/2018\/01\/Ebike-BH-Carretera-Unibike-2017-300x225.jpg 300w, https:\/\/d2p6e6u75xmxt8.cloudfront.net\/6\/2018\/01\/Ebike-BH-Carretera-Unibike-2017-768x576.jpg 768w, https:\/\/d2p6e6u75xmxt8.cloudfront.net\/6\/2018\/01\/Ebike-BH-Carretera-Unibike-2017.jpg 1280w\" sizes=\"auto, (max-width: 1024px) 100vw, 1024px\" \/><\/a><a href=\"https:\/\/d2p6e6u75xmxt8.cloudfront.net\/6\/2018\/01\/Ebike-Bianchi-Disco-Unibike-2017.jpg\"><img loading=\"lazy\" decoding=\"async\" class=\"aligncenter size-large wp-image-2194\" src=\"https:\/\/d2p6e6u75xmxt8.cloudfront.net\/6\/2018\/01\/Ebike-Bianchi-Disco-Unibike-2017-1024x768.jpg\" alt=\"\" width=\"1024\" height=\"768\" srcset=\"https:\/\/d2p6e6u75xmxt8.cloudfront.net\/6\/2018\/01\/Ebike-Bianchi-Disco-Unibike-2017-1024x768.jpg 1024w, https:\/\/d2p6e6u75xmxt8.cloudfront.net\/6\/2018\/01\/Ebike-Bianchi-Disco-Unibike-2017-300x225.jpg 300w, https:\/\/d2p6e6u75xmxt8.cloudfront.net\/6\/2018\/01\/Ebike-Bianchi-Disco-Unibike-2017-768x576.jpg 768w, https:\/\/d2p6e6u75xmxt8.cloudfront.net\/6\/2018\/01\/Ebike-Bianchi-Disco-Unibike-2017.jpg 1280w\" sizes=\"auto, (max-width: 1024px) 100vw, 1024px\" \/><\/a><a href=\"https:\/\/d2p6e6u75xmxt8.cloudfront.net\/6\/2018\/01\/Ebike-CUBe-carretera-Unibike-2017.jpg\"><img loading=\"lazy\" decoding=\"async\" class=\"aligncenter size-large wp-image-2196\" src=\"https:\/\/d2p6e6u75xmxt8.cloudfront.net\/6\/2018\/01\/Ebike-CUBe-carretera-Unibike-2017-1024x768.jpg\" alt=\"\" width=\"1024\" height=\"768\" srcset=\"https:\/\/d2p6e6u75xmxt8.cloudfront.net\/6\/2018\/01\/Ebike-CUBe-carretera-Unibike-2017-1024x768.jpg 1024w, https:\/\/d2p6e6u75xmxt8.cloudfront.net\/6\/2018\/01\/Ebike-CUBe-carretera-Unibike-2017-300x225.jpg 300w, https:\/\/d2p6e6u75xmxt8.cloudfront.net\/6\/2018\/01\/Ebike-CUBe-carretera-Unibike-2017-768x576.jpg 768w, https:\/\/d2p6e6u75xmxt8.cloudfront.net\/6\/2018\/01\/Ebike-CUBe-carretera-Unibike-2017.jpg 1280w\" sizes=\"auto, (max-width: 1024px) 100vw, 1024px\" \/><\/a><a href=\"https:\/\/d2p6e6u75xmxt8.cloudfront.net\/6\/2018\/01\/ebike-Orbea-Unibike-2017.jpg\"><img loading=\"lazy\" decoding=\"async\" class=\"aligncenter size-large wp-image-2198\" src=\"https:\/\/d2p6e6u75xmxt8.cloudfront.net\/6\/2018\/01\/ebike-Orbea-Unibike-2017-1024x768.jpg\" alt=\"\" width=\"1024\" height=\"768\" srcset=\"https:\/\/d2p6e6u75xmxt8.cloudfront.net\/6\/2018\/01\/ebike-Orbea-Unibike-2017-1024x768.jpg 1024w, https:\/\/d2p6e6u75xmxt8.cloudfront.net\/6\/2018\/01\/ebike-Orbea-Unibike-2017-300x225.jpg 300w, https:\/\/d2p6e6u75xmxt8.cloudfront.net\/6\/2018\/01\/ebike-Orbea-Unibike-2017-768x576.jpg 768w, https:\/\/d2p6e6u75xmxt8.cloudfront.net\/6\/2018\/01\/ebike-Orbea-Unibike-2017.jpg 1280w\" sizes=\"auto, (max-width: 1024px) 100vw, 1024px\" \/><br \/>\n<\/a>BICICLETAS URBANAS E BIKE<\/strong><\/h2>\n<h2><strong><a href=\"https:\/\/d2p6e6u75xmxt8.cloudfront.net\/6\/2018\/01\/Ebike-Urbana-Unibike-2017-20-1.jpg\"><img loading=\"lazy\" decoding=\"async\" class=\"aligncenter size-large wp-image-2199\" src=\"https:\/\/d2p6e6u75xmxt8.cloudfront.net\/6\/2018\/01\/Ebike-Urbana-Unibike-2017-20-1-1024x768.jpg\" alt=\"\" width=\"1024\" height=\"768\" srcset=\"https:\/\/d2p6e6u75xmxt8.cloudfront.net\/6\/2018\/01\/Ebike-Urbana-Unibike-2017-20-1-1024x768.jpg 1024w, https:\/\/d2p6e6u75xmxt8.cloudfront.net\/6\/2018\/01\/Ebike-Urbana-Unibike-2017-20-1-300x225.jpg 300w, https:\/\/d2p6e6u75xmxt8.cloudfront.net\/6\/2018\/01\/Ebike-Urbana-Unibike-2017-20-1-768x576.jpg 768w, https:\/\/d2p6e6u75xmxt8.cloudfront.net\/6\/2018\/01\/Ebike-Urbana-Unibike-2017-20-1.jpg 1280w\" sizes=\"auto, (max-width: 1024px) 100vw, 1024px\" \/><\/a><a href=\"https:\/\/d2p6e6u75xmxt8.cloudfront.net\/6\/2018\/01\/Ebike-Urbana-Unibike-2017-22.jpg\"><img loading=\"lazy\" decoding=\"async\" class=\"aligncenter size-large wp-image-2200\" src=\"https:\/\/d2p6e6u75xmxt8.cloudfront.net\/6\/2018\/01\/Ebike-Urbana-Unibike-2017-22-1024x768.jpg\" alt=\"\" width=\"1024\" height=\"768\" srcset=\"https:\/\/d2p6e6u75xmxt8.cloudfront.net\/6\/2018\/01\/Ebike-Urbana-Unibike-2017-22-1024x768.jpg 1024w, https:\/\/d2p6e6u75xmxt8.cloudfront.net\/6\/2018\/01\/Ebike-Urbana-Unibike-2017-22-300x225.jpg 300w, https:\/\/d2p6e6u75xmxt8.cloudfront.net\/6\/2018\/01\/Ebike-Urbana-Unibike-2017-22-768x576.jpg 768w, https:\/\/d2p6e6u75xmxt8.cloudfront.net\/6\/2018\/01\/Ebike-Urbana-Unibike-2017-22.jpg 1280w\" sizes=\"auto, (max-width: 1024px) 100vw, 1024px\" \/><\/a><\/strong><\/h2>\n<h2><\/h2>\n","protected":false},"excerpt":{"rendered":"<p>Las bicicletas el\u00e9ctricas han llegado para quedarse. Primero fueron las MTB de descenso, despu\u00e9s toda la gama de MTB, las [&hellip;]<\/p>\n","protected":false},"author":29,"featured_media":2204,"comment_status":"open","ping_status":"open","sticky":false,"template":"","format":"standard","meta":{"footnotes":""},"categories":[7,9,6],"tags":[275,274,127,277,276],"global-categories":[],"class_list":["post-2185","post","type-post","status-publish","format-standard","has-post-thumbnail","hentry","category-carretera","category-mtb-aventura","category-urban","tag-bicicletas-electricas","tag-bicilcetas-con-motor","tag-e-bike","tag-mtb-con-motor","tag-mtb-electrica"],"yoast_head":"<!-- This site is optimized with the Yoast SEO Premium plugin v25.3 (Yoast SEO v25.9) - https:\/\/yoast.com\/wordpress\/plugins\/seo\/ -->\n<title>Bicicletas el\u00e9ctricas 2018 - \u0160koda We Love Cycling - Spain<\/title>\n<meta name=\"description\" content=\"Las bicicletas el\u00e9ctricas han llegado para quedarse. MTB, urbanas, carretera, gravel... todas las bicicletas ya pueden incorporar su motor.\" \/>\n<meta name=\"robots\" content=\"index, follow, max-snippet:-1, max-image-preview:large, max-video-preview:-1\" \/>\n<link rel=\"canonical\" href=\"https:\/\/www.welovecycling.com\/es\/2018\/01\/30\/bicicletas-electricas-2018\/\" \/>\n<meta property=\"og:locale\" content=\"es_ES\" \/>\n<meta property=\"og:type\" content=\"article\" \/>\n<meta property=\"og:title\" content=\"Bicicletas el\u00e9ctricas 2018\" \/>\n<meta property=\"og:description\" content=\"Las bicicletas el\u00e9ctricas han llegado para quedarse. MTB, urbanas, carretera, gravel... todas las bicicletas ya pueden incorporar su motor.\" \/>\n<meta property=\"og:url\" content=\"https:\/\/www.welovecycling.com\/es\/2018\/01\/30\/bicicletas-electricas-2018\/\" \/>\n<meta property=\"og:site_name\" content=\"\u0160koda We Love Cycling - Spain\" \/>\n<meta property=\"article:published_time\" content=\"2018-01-30T09:06:13+00:00\" \/>\n<meta property=\"og:image\" content=\"https:\/\/d2p6e6u75xmxt8.cloudfront.net\/6\/2018\/01\/Ebike-Unibike-2017-30-e1614013814798.jpg\" \/>\n\t<meta property=\"og:image:width\" content=\"1280\" \/>\n\t<meta property=\"og:image:height\" content=\"729\" \/>\n\t<meta property=\"og:image:type\" content=\"image\/jpeg\" \/>\n<meta name=\"author\" content=\"We Love Cycling Spain\" \/>\n<meta name=\"twitter:card\" content=\"summary_large_image\" \/>\n<meta name=\"twitter:label1\" content=\"Written by\" \/>\n\t<meta name=\"twitter:data1\" content=\"Luis Ortega @ciclored\" \/>\n\t<meta name=\"twitter:label2\" content=\"Est. reading time\" \/>\n\t<meta name=\"twitter:data2\" content=\"3 minutes\" \/>\n<script type=\"application\/ld+json\" class=\"yoast-schema-graph\">{\"@context\":\"https:\/\/schema.org\",\"@graph\":[{\"@type\":\"WebPage\",\"@id\":\"https:\/\/www.welovecycling.com\/es\/2018\/01\/30\/bicicletas-electricas-2018\/\",\"url\":\"https:\/\/www.welovecycling.com\/es\/2018\/01\/30\/bicicletas-electricas-2018\/\",\"name\":\"Bicicletas el\u00e9ctricas 2018 - \u0160koda We Love Cycling - Spain\",\"isPartOf\":{\"@id\":\"https:\/\/www.welovecycling.com\/es\/#website\"},\"primaryImageOfPage\":{\"@id\":\"https:\/\/www.welovecycling.com\/es\/2018\/01\/30\/bicicletas-electricas-2018\/#primaryimage\"},\"image\":{\"@id\":\"https:\/\/www.welovecycling.com\/es\/2018\/01\/30\/bicicletas-electricas-2018\/#primaryimage\"},\"thumbnailUrl\":\"https:\/\/d2p6e6u75xmxt8.cloudfront.net\/6\/2018\/01\/Ebike-Unibike-2017-30-e1614013814798.jpg\",\"datePublished\":\"2018-01-30T09:06:13+00:00\",\"author\":{\"@id\":\"https:\/\/www.welovecycling.com\/es\/#\/schema\/person\/deb61715b5812698ee79fb96f343ccd4\"},\"description\":\"Las bicicletas el\u00e9ctricas han llegado para quedarse. MTB, urbanas, carretera, gravel... todas las bicicletas ya pueden incorporar su motor.\",\"breadcrumb\":{\"@id\":\"https:\/\/www.welovecycling.com\/es\/2018\/01\/30\/bicicletas-electricas-2018\/#breadcrumb\"},\"inLanguage\":\"es-ES\",\"potentialAction\":[{\"@type\":\"ReadAction\",\"target\":[\"https:\/\/www.welovecycling.com\/es\/2018\/01\/30\/bicicletas-electricas-2018\/\"]}]},{\"@type\":\"ImageObject\",\"inLanguage\":\"es-ES\",\"@id\":\"https:\/\/www.welovecycling.com\/es\/2018\/01\/30\/bicicletas-electricas-2018\/#primaryimage\",\"url\":\"https:\/\/d2p6e6u75xmxt8.cloudfront.net\/6\/2018\/01\/Ebike-Unibike-2017-30-e1614013814798.jpg\",\"contentUrl\":\"https:\/\/d2p6e6u75xmxt8.cloudfront.net\/6\/2018\/01\/Ebike-Unibike-2017-30-e1614013814798.jpg\",\"width\":1280,\"height\":729},{\"@type\":\"BreadcrumbList\",\"@id\":\"https:\/\/www.welovecycling.com\/es\/2018\/01\/30\/bicicletas-electricas-2018\/#breadcrumb\",\"itemListElement\":[{\"@type\":\"ListItem\",\"position\":1,\"name\":\"Home\",\"item\":\"https:\/\/www.welovecycling.com\/es\/\"},{\"@type\":\"ListItem\",\"position\":2,\"name\":\"Bicicletas el\u00e9ctricas 2018\"}]},{\"@type\":\"WebSite\",\"@id\":\"https:\/\/www.welovecycling.com\/es\/#website\",\"url\":\"https:\/\/www.welovecycling.com\/es\/\",\"name\":\"\u0160koda We Love Cycling - Spain\",\"description\":\"\u0160koda WeLoveCycling Spain\",\"potentialAction\":[{\"@type\":\"SearchAction\",\"target\":{\"@type\":\"EntryPoint\",\"urlTemplate\":\"https:\/\/www.welovecycling.com\/es\/?s={search_term_string}\"},\"query-input\":{\"@type\":\"PropertyValueSpecification\",\"valueRequired\":true,\"valueName\":\"search_term_string\"}}],\"inLanguage\":\"es-ES\"},{\"@type\":\"Person\",\"@id\":\"https:\/\/www.welovecycling.com\/es\/#\/schema\/person\/deb61715b5812698ee79fb96f343ccd4\",\"name\":\"We Love Cycling Spain\",\"image\":{\"@type\":\"ImageObject\",\"inLanguage\":\"es-ES\",\"@id\":\"https:\/\/www.welovecycling.com\/es\/#\/schema\/person\/image\/\",\"url\":\"https:\/\/secure.gravatar.com\/avatar\/c824b04e6df0e37a03219d0b6481672889df542894588964102459e46513159c?s=96&d=mm&r=g\",\"contentUrl\":\"https:\/\/secure.gravatar.com\/avatar\/c824b04e6df0e37a03219d0b6481672889df542894588964102459e46513159c?s=96&d=mm&r=g\",\"caption\":\"We Love Cycling Spain\"},\"url\":\"https:\/\/www.welovecycling.com\/es\/author\/amunoz\/\"}]}<\/script>\n<!-- \/ Yoast SEO Premium plugin. -->","yoast_head_json":{"title":"Bicicletas el\u00e9ctricas 2018 - \u0160koda We Love Cycling - Spain","description":"Las bicicletas el\u00e9ctricas han llegado para quedarse. MTB, urbanas, carretera, gravel... todas las bicicletas ya pueden incorporar su motor.","robots":{"index":"index","follow":"follow","max-snippet":"max-snippet:-1","max-image-preview":"max-image-preview:large","max-video-preview":"max-video-preview:-1"},"canonical":"https:\/\/www.welovecycling.com\/es\/2018\/01\/30\/bicicletas-electricas-2018\/","og_locale":"es_ES","og_type":"article","og_title":"Bicicletas el\u00e9ctricas 2018","og_description":"Las bicicletas el\u00e9ctricas han llegado para quedarse. MTB, urbanas, carretera, gravel... todas las bicicletas ya pueden incorporar su motor.","og_url":"https:\/\/www.welovecycling.com\/es\/2018\/01\/30\/bicicletas-electricas-2018\/","og_site_name":"\u0160koda We Love Cycling - Spain","article_published_time":"2018-01-30T09:06:13+00:00","og_image":[{"width":1280,"height":729,"url":"https:\/\/d2p6e6u75xmxt8.cloudfront.net\/6\/2018\/01\/Ebike-Unibike-2017-30-e1614013814798.jpg","type":"image\/jpeg"}],"author":"We Love Cycling Spain","twitter_card":"summary_large_image","twitter_misc":{"Written by":"Luis Ortega @ciclored","Est. reading time":"3 minutes"},"schema":{"@context":"https:\/\/schema.org","@graph":[{"@type":"WebPage","@id":"https:\/\/www.welovecycling.com\/es\/2018\/01\/30\/bicicletas-electricas-2018\/","url":"https:\/\/www.welovecycling.com\/es\/2018\/01\/30\/bicicletas-electricas-2018\/","name":"Bicicletas el\u00e9ctricas 2018 - \u0160koda We Love Cycling - Spain","isPartOf":{"@id":"https:\/\/www.welovecycling.com\/es\/#website"},"primaryImageOfPage":{"@id":"https:\/\/www.welovecycling.com\/es\/2018\/01\/30\/bicicletas-electricas-2018\/#primaryimage"},"image":{"@id":"https:\/\/www.welovecycling.com\/es\/2018\/01\/30\/bicicletas-electricas-2018\/#primaryimage"},"thumbnailUrl":"https:\/\/d2p6e6u75xmxt8.cloudfront.net\/6\/2018\/01\/Ebike-Unibike-2017-30-e1614013814798.jpg","datePublished":"2018-01-30T09:06:13+00:00","author":{"@id":"https:\/\/www.welovecycling.com\/es\/#\/schema\/person\/deb61715b5812698ee79fb96f343ccd4"},"description":"Las bicicletas el\u00e9ctricas han llegado para quedarse. MTB, urbanas, carretera, gravel... todas las bicicletas ya pueden incorporar su motor.","breadcrumb":{"@id":"https:\/\/www.welovecycling.com\/es\/2018\/01\/30\/bicicletas-electricas-2018\/#breadcrumb"},"inLanguage":"es-ES","potentialAction":[{"@type":"ReadAction","target":["https:\/\/www.welovecycling.com\/es\/2018\/01\/30\/bicicletas-electricas-2018\/"]}]},{"@type":"ImageObject","inLanguage":"es-ES","@id":"https:\/\/www.welovecycling.com\/es\/2018\/01\/30\/bicicletas-electricas-2018\/#primaryimage","url":"https:\/\/d2p6e6u75xmxt8.cloudfront.net\/6\/2018\/01\/Ebike-Unibike-2017-30-e1614013814798.jpg","contentUrl":"https:\/\/d2p6e6u75xmxt8.cloudfront.net\/6\/2018\/01\/Ebike-Unibike-2017-30-e1614013814798.jpg","width":1280,"height":729},{"@type":"BreadcrumbList","@id":"https:\/\/www.welovecycling.com\/es\/2018\/01\/30\/bicicletas-electricas-2018\/#breadcrumb","itemListElement":[{"@type":"ListItem","position":1,"name":"Home","item":"https:\/\/www.welovecycling.com\/es\/"},{"@type":"ListItem","position":2,"name":"Bicicletas el\u00e9ctricas 2018"}]},{"@type":"WebSite","@id":"https:\/\/www.welovecycling.com\/es\/#website","url":"https:\/\/www.welovecycling.com\/es\/","name":"\u0160koda We Love Cycling - Spain","description":"\u0160koda WeLoveCycling Spain","potentialAction":[{"@type":"SearchAction","target":{"@type":"EntryPoint","urlTemplate":"https:\/\/www.welovecycling.com\/es\/?s={search_term_string}"},"query-input":{"@type":"PropertyValueSpecification","valueRequired":true,"valueName":"search_term_string"}}],"inLanguage":"es-ES"},{"@type":"Person","@id":"https:\/\/www.welovecycling.com\/es\/#\/schema\/person\/deb61715b5812698ee79fb96f343ccd4","name":"We Love Cycling Spain","image":{"@type":"ImageObject","inLanguage":"es-ES","@id":"https:\/\/www.welovecycling.com\/es\/#\/schema\/person\/image\/","url":"https:\/\/secure.gravatar.com\/avatar\/c824b04e6df0e37a03219d0b6481672889df542894588964102459e46513159c?s=96&d=mm&r=g","contentUrl":"https:\/\/secure.gravatar.com\/avatar\/c824b04e6df0e37a03219d0b6481672889df542894588964102459e46513159c?s=96&d=mm&r=g","caption":"We Love Cycling Spain"},"url":"https:\/\/www.welovecycling.com\/es\/author\/amunoz\/"}]}},"_links":{"self":[{"href":"https:\/\/www.welovecycling.com\/es\/wp-json\/wp\/v2\/posts\/2185","targetHints":{"allow":["GET"]}}],"collection":[{"href":"https:\/\/www.welovecycling.com\/es\/wp-json\/wp\/v2\/posts"}],"about":[{"href":"https:\/\/www.welovecycling.com\/es\/wp-json\/wp\/v2\/types\/post"}],"author":[{"embeddable":true,"href":"https:\/\/www.welovecycling.com\/es\/wp-json\/wp\/v2\/users\/29"}],"replies":[{"embeddable":true,"href":"https:\/\/www.welovecycling.com\/es\/wp-json\/wp\/v2\/comments?post=2185"}],"version-history":[{"count":2,"href":"https:\/\/www.welovecycling.com\/es\/wp-json\/wp\/v2\/posts\/2185\/revisions"}],"predecessor-version":[{"id":2207,"href":"https:\/\/www.welovecycling.com\/es\/wp-json\/wp\/v2\/posts\/2185\/revisions\/2207"}],"wp:featuredmedia":[{"embeddable":true,"href":"https:\/\/www.welovecycling.com\/es\/wp-json\/wp\/v2\/media\/2204"}],"wp:attachment":[{"href":"https:\/\/www.welovecycling.com\/es\/wp-json\/wp\/v2\/media?parent=2185"}],"wp:term":[{"taxonomy":"category","embeddable":true,"href":"https:\/\/www.welovecycling.com\/es\/wp-json\/wp\/v2\/categories?post=2185"},{"taxonomy":"post_tag","embeddable":true,"href":"https:\/\/www.welovecycling.com\/es\/wp-json\/wp\/v2\/tags?post=2185"},{"taxonomy":"global-categories","embeddable":true,"href":"https:\/\/www.welovecycling.com\/es\/wp-json\/wp\/v2\/global-categories?post=2185"}],"curies":[{"name":"wp","href":"https:\/\/api.w.org\/{rel}","templated":true}]}}