{"id":2175,"date":"2018-01-29T16:39:12","date_gmt":"2018-01-29T14:39:12","guid":{"rendered":"https:\/\/www.welovecycling.com\/es\/?p=2175"},"modified":"2018-01-29T16:39:12","modified_gmt":"2018-01-29T14:39:12","slug":"entrenamiento-equipos-profesionales","status":"publish","type":"post","link":"https:\/\/www.welovecycling.com\/es\/2018\/01\/29\/entrenamiento-equipos-profesionales\/","title":{"rendered":"Los KOM del Tour en invierno"},"content":{"rendered":"<p><strong>En los meses de diciembre, enero y parte de febrero las costas espa\u00f1olas se convierten en el para\u00edso de entrenamiento para los equipos profesionales. Alicante, Mallorca, Girona o Canarias ven desfilar uno a uno a los ciclistas que luego se jugar\u00e1n las carreras m\u00e1s importantes durante la temporada. Eso s\u00ed, por cada zona de pasan &#8216;revientan&#8217; los KOM de Strava hasta hacerlos inalcazables, a no ser que luego vuelvan a competir por el mismo lugar. Es el Tour del invierno.\u00a0<\/strong><!--more--><\/p>\n<h2><strong>COSTA BLANCA<\/strong><\/h2>\n<p><strong>Calpe, Benidorm, Altea, Denia y en algunas ocasiones Gand\u00eda.<\/strong> En estos cuatro pueblos de la Costa Blanca de Alicante se concentra m\u00e1s de medio pelot\u00f3n World Tour y multitud de equipos Continentales Pro. Buscan escapar del fr\u00edo del norte de Europa, dar las primeras pedaladas de la temporada, hacer sus test de entrenamiento, que los ciclistas convivan con los que van a ser sus compa\u00f1eros durante el resto del a\u00f1o y probar todo tipo de material que luego van a usar, desde biomec\u00e1nicas para las bicicletas a tallas de ropa.<\/p>\n<p>De los World Tour, <strong>Quick Step<\/strong> es un habitual de Calpe, all\u00ed est\u00e1n en dos fases en los meses de diciembre y enero. Tambi\u00e9n Astan\u00e1, que hizo su concentraci\u00f3n a mediados de enero. <strong>Katusha<\/strong> tambi\u00e9n estuvo en ese mes, al igual que <strong>Dimesion Data, Lotto &#8211; Soudal, Sunweb y Groupama FDJ<\/strong> .<\/p>\n<div class=\"embed-controller-wrapper\">\n<div class=\"embed-wrapper\"><iframe title=\"First training camp 2018 season\" width=\"500\" height=\"281\" data-src=\"https:\/\/www.youtube.com\/embed\/lyoTTMnp13c?feature=oembed\" frameborder=\"0\" allow=\"accelerometer; autoplay; clipboard-write; encrypted-media; gyroscope; picture-in-picture; web-share\" referrerpolicy=\"strict-origin-when-cross-origin\" allowfullscreen><\/iframe><\/div>\n<\/div>\n<p>El <strong>BMC<\/strong> lleva medio lustro acudiendo dos veces a Denia y el Trek hac\u00eda lo mismo en diciembre en Benidorm. Por la zona tampoco faltaron los Continentales Pro, <strong>Cofidis, Direct Energie, Wanty, Verandas, Bardiani, Nippo Fantini, Novo Nordisk, Vital Concept, CCC y Topsport Vlaanderen<\/strong>. Los equipos espa\u00f1oles continentales tampoco &#8216;escapan&#8217; a esta moda y en Benidorm estuvieron los tres Caja Rural, <strong>Euskadi Murias Taldea y Burgos BH<\/strong>.<\/p>\n<p>Un poco m\u00e1s al norte, Gand\u00eda fue la sede del Campus de Entrenamiento del <strong>Ag2r de Bardet y Oliva el del Cofidis<\/strong> de los hermanos Herrada y Luis \u00c1ngel Mat\u00e9.<\/p>\n<p>Y pese a que el ritmo habitual es de rodaje, los KOM de los puertos m\u00e1s habituales que utilizan tienen sus nombres. El del <a href=\"https:\/\/www.strava.com\/activities\/1329179955\/segments\/32918366277\">Coll de Rates<\/a>, desde la vertiente norte es de <strong>Tejay Van Garderen<\/strong> y por la sur de Bingen Fern\u00e1ndez. Vall de Laguar es para el franc\u00e9s de Cofidis Le Turnier con Van Avermaet como tercero. <a href=\"https:\/\/www.strava.com\/activities\/1330550278\/segments\/32955142576\">Vall de Ebo<\/a> tambi\u00e9n es territorio Van Garderen, <a href=\"https:\/\/www.strava.com\/activities\/1330550278\/segments\/32955143381\">Confrides<\/a> de Bart de Clerq y el tramo final de <a href=\"https:\/\/www.strava.com\/segments\/3806966?filter=overall\">Tudons<\/a> de Simon Geschke. Eso s\u00ed, todos conseguidos en los meses de invierno.<\/p>\n<h2><strong>MALLORCA<\/strong><\/h2>\n<p>Los equipos profesionales comenzaron a conocer Mallorca a trav\u00e9s de la Challenge. Desde mediados de los 90 siempre hab\u00eda sido el inicio de la temporada, pero la llegada de pruebas como el Tour Down Under de australiana o La Vuelta a San Juan le han relegado ese honor a ser solo la apertura en Europa. Sin embargo esa fama le ha valido para acoger en parte de los equipos World Tour en los \u00faltimos a\u00f1os.<\/p>\n<div class=\"embed-controller-wrapper\">\n<div class=\"embed-wrapper\"><iframe title=\"BORA - hansgrohe | 2018 Launch Video\" width=\"500\" height=\"281\" data-src=\"https:\/\/www.youtube.com\/embed\/LH3PR7obTvw?feature=oembed\" frameborder=\"0\" allow=\"accelerometer; autoplay; clipboard-write; encrypted-media; gyroscope; picture-in-picture; web-share\" referrerpolicy=\"strict-origin-when-cross-origin\" allowfullscreen><\/iframe><\/div>\n<\/div>\n<p>Quiz\u00e1s el m\u00e1s destacado de todos es el <strong>Team Sky,<\/strong> que monta su base de operaciones en Alcudia, al norte de la isla, durante los meses de diciembre y enero. All\u00ed despliega a todo su equipo de ciclistas y auxiliares, que son casi un centenar de personas. En los \u00faltimos a\u00f1os el <strong>Bora de Sagan y el Trek<\/strong> tambi\u00e9n suele acudir a la isla y el Movistar en este 2018 ha aprovechado el inicio de la Challenge para estar una semana en el Rafa Nadal Sport Centre de Manacor.<\/p>\n<p>Las subidas de Puig Major, Valdemossa o Soller\u00a0 son los lugares de &#8216;peregrinaci\u00f3n&#8217; de los ciclistas profesionales, aunque sus KOM siempre se suelen superar en alguna de los Trofeos de la Challenge. La primera es del Caja Rural Antonio Molina, la de Valdemossa para Pablo Torres, del BH Burgos, en Coll de Soller el QST Laurent de Plus.<\/p>\n<h2><strong>GIRONA<\/strong><\/h2>\n<p>Desde que <strong>Lance Armstrong eligiese Girona<\/strong> como su base de operaciones en Europa para afrontar la temporada, la ciudad catalana se ha ido llenando de ciclistas americanos y australianos. Gran parte de culpa tuvo tambi\u00e9n Jonathan Vaughters, que desde que fund\u00f3 el Slipstream suele recomendar la comarca como zona ideal para vivir a sus ciclistas y, ya de paso, organizar sus Campus de entrenamiento para los meses de invierno.<\/p>\n<p><a href=\"https:\/\/www.youtube.com\/watch?v=dML27fJmPGM\">https:\/\/www.youtube.com\/watch?v=dML27fJmPGM<\/a><\/p>\n<p>En este 2018 no ha faltado a su cita y parte del<strong> Education First &#8211; Drapac<\/strong>, antiguo Cannondale, ha estado en enero concentrado en Girona para empezar a dar forma al asalto de Rigoberto Ur\u00e1n al Tour de Francia. No han sido los \u00fanicos, el<strong> Lotto Jumbo<\/strong> tambi\u00e9n estuvo a finales de diciembre por mediaci\u00f3n de su jefe de filas Robert Gesink, que reside all\u00ed habitualmente. El <strong>Mitchelton Scott Orica<\/strong> era uno de los habituales hasta la creaci\u00f3n del Tour Down Under, desde entonces la mayor\u00eda del equipo se queda en su Australia natal y el resto entrena en Europa. Eso s\u00ed, este a\u00f1o con una versi\u00f3n nueva de<a href=\"http:\/\/www.greenedgecycling.com\/news\/feature-we-enjoyed-it-so-much-we-decided-to-do-an-extra-30kilometres\"> Traning Camp itinerante<\/a> desde la Costa Brava hasta Almer\u00eda.<\/p>\n<h2><strong>CANARIAS<\/strong><\/h2>\n<p>Las <strong>islas Canaria<\/strong>s son, en diciembre y enero, el \u00fanico lugar de Europa donde se mantiene el verano. M\u00ednimas de 18 grados y m\u00e1ximas de 25 permiten entrenar cualquier d\u00eda sin pasar demasiado fr\u00edo. Los problemas log\u00edsticos (m\u00e1s de dos horas y media de vuelo y un d\u00eda para transportar cualquier veh\u00edculo en barco) hacen que casi ning\u00fan equipo profesional acuda all\u00ed para hacer su stage de entrenamiento. Solo en<strong> Tinkoff<\/strong> lo hizo al completo antes de su desaparici\u00f3n.<\/p>\n<p><a href=\"https:\/\/www.instagram.com\/p\/BddiSFwAPGZ\/?hl=es&#038;taken-by=ivan_cortina\">https:\/\/www.instagram.com\/p\/BddiSFwAPGZ\/?hl=es&amp;taken-by=ivan_cortina<\/a><\/p>\n<p>Sin embargo si es un lugar muy com\u00fan al que los ciclistas acuden por su cuenta para preparar la temporada fuera de los campus de entrenamiento de sus equipos. Adem\u00e1s de las buenas temperaturas en Gran Canaria y Tenerife tienen puertos de monta\u00f1a de hasta 2.000 metros de altitud para acumular metros de desnivel en cualquier etapa. Sin ir m\u00e1s lejos <strong>Van Avermaet, Kreuziger<\/strong>, los hermanos <strong>Yates o Iv\u00e1n Cortina<\/strong> acudieron este invierno a las islas para escapar del fr\u00edo europeo. Y en los meses de mayo y junio el Teide se convierte en la &#8216;base de operaciones&#8217; de casi todos los que preparan el Tour. All\u00ed llegaron a juntarse Nibali, Contador y Froome no hace demasiado.<\/p>\n<p>En Gran Canaria los KOM de algunas subidas los tiene Cedric Pineau en <a href=\"https:\/\/www.strava.com\/activities\/1302092392\/segments\/32197808187\">La Cruz de San Antonio<\/a>\u00a0, Thibaut Pinot <a href=\"https:\/\/www.strava.com\/segments\/693224?filter=overall\">Parador de Tejeda,<\/a>\u00a0y en Tenerife figuran entre los primeros del <a href=\"https:\/\/www.strava.com\/segments\/16008451\">Teide<\/a>\u00a0por una de sus vertientes ciclistas como Gesink, Kelderman o De Jongh y por <a href=\"https:\/\/www.strava.com\/segments\/5438916\">otra de ellas<\/a>, Grega Bole, Van Aert, Brajkovic o Bennet.<\/p>\n<p>&nbsp;<\/p>\n","protected":false},"excerpt":{"rendered":"<p>En los meses de diciembre, enero y parte de febrero las costas espa\u00f1olas se convierten en el para\u00edso de entrenamiento [&hellip;]<\/p>\n","protected":false},"author":29,"featured_media":2179,"comment_status":"open","ping_status":"open","sticky":false,"template":"","format":"standard","meta":{"footnotes":""},"categories":[7],"tags":[272,273,270,271],"global-categories":[],"class_list":["post-2175","post","type-post","status-publish","format-standard","has-post-thumbnail","hentry","category-carretera","tag-campus-calpe","tag-campus-mallorca","tag-entrenamiento-equipos-profesionales","tag-equipos-profesionales"],"yoast_head":"<!-- This site is optimized with the Yoast SEO Premium plugin v25.3 (Yoast SEO v25.9) - https:\/\/yoast.com\/wordpress\/plugins\/seo\/ -->\n<title>Los KOM del Tour en invierno - \u0160koda We Love Cycling - Spain<\/title>\n<meta name=\"description\" content=\"Un repaso a los lugares de entrenamiento de los equipos profesionales en Espa\u00f1a y los KOM que hacen en Strava en los puertos.\" \/>\n<meta name=\"robots\" content=\"index, follow, max-snippet:-1, max-image-preview:large, max-video-preview:-1\" \/>\n<link rel=\"canonical\" href=\"https:\/\/www.welovecycling.com\/es\/2018\/01\/29\/entrenamiento-equipos-profesionales\/\" \/>\n<meta property=\"og:locale\" content=\"es_ES\" \/>\n<meta property=\"og:type\" content=\"article\" \/>\n<meta property=\"og:title\" content=\"Los KOM del Tour en invierno\" \/>\n<meta property=\"og:description\" content=\"Un repaso a los lugares de entrenamiento de los equipos profesionales en Espa\u00f1a y los KOM que hacen en Strava en los puertos.\" \/>\n<meta property=\"og:url\" content=\"https:\/\/www.welovecycling.com\/es\/2018\/01\/29\/entrenamiento-equipos-profesionales\/\" \/>\n<meta property=\"og:site_name\" content=\"\u0160koda We Love Cycling - Spain\" \/>\n<meta property=\"article:published_time\" content=\"2018-01-29T14:39:12+00:00\" \/>\n<meta property=\"og:image\" content=\"https:\/\/d2p6e6u75xmxt8.cloudfront.net\/6\/2018\/01\/campus-quick-step.jpg\" \/>\n\t<meta property=\"og:image:width\" content=\"1600\" \/>\n\t<meta property=\"og:image:height\" content=\"1067\" \/>\n\t<meta property=\"og:image:type\" content=\"image\/jpeg\" \/>\n<meta name=\"author\" content=\"We Love Cycling Spain\" \/>\n<meta name=\"twitter:card\" content=\"summary_large_image\" \/>\n<meta name=\"twitter:label1\" content=\"Written by\" \/>\n\t<meta name=\"twitter:data1\" content=\"Luis Ortega @ciclored\" \/>\n\t<meta name=\"twitter:label2\" content=\"Est. reading time\" \/>\n\t<meta name=\"twitter:data2\" content=\"6 minutes\" \/>\n<script type=\"application\/ld+json\" class=\"yoast-schema-graph\">{\"@context\":\"https:\/\/schema.org\",\"@graph\":[{\"@type\":\"WebPage\",\"@id\":\"https:\/\/www.welovecycling.com\/es\/2018\/01\/29\/entrenamiento-equipos-profesionales\/\",\"url\":\"https:\/\/www.welovecycling.com\/es\/2018\/01\/29\/entrenamiento-equipos-profesionales\/\",\"name\":\"Los KOM del Tour en invierno - \u0160koda We Love Cycling - Spain\",\"isPartOf\":{\"@id\":\"https:\/\/www.welovecycling.com\/es\/#website\"},\"primaryImageOfPage\":{\"@id\":\"https:\/\/www.welovecycling.com\/es\/2018\/01\/29\/entrenamiento-equipos-profesionales\/#primaryimage\"},\"image\":{\"@id\":\"https:\/\/www.welovecycling.com\/es\/2018\/01\/29\/entrenamiento-equipos-profesionales\/#primaryimage\"},\"thumbnailUrl\":\"https:\/\/d2p6e6u75xmxt8.cloudfront.net\/6\/2018\/01\/campus-quick-step.jpg\",\"datePublished\":\"2018-01-29T14:39:12+00:00\",\"author\":{\"@id\":\"https:\/\/www.welovecycling.com\/es\/#\/schema\/person\/deb61715b5812698ee79fb96f343ccd4\"},\"description\":\"Un repaso a los lugares de entrenamiento de los equipos profesionales en Espa\u00f1a y los KOM que hacen en Strava en los puertos.\",\"breadcrumb\":{\"@id\":\"https:\/\/www.welovecycling.com\/es\/2018\/01\/29\/entrenamiento-equipos-profesionales\/#breadcrumb\"},\"inLanguage\":\"es-ES\",\"potentialAction\":[{\"@type\":\"ReadAction\",\"target\":[\"https:\/\/www.welovecycling.com\/es\/2018\/01\/29\/entrenamiento-equipos-profesionales\/\"]}]},{\"@type\":\"ImageObject\",\"inLanguage\":\"es-ES\",\"@id\":\"https:\/\/www.welovecycling.com\/es\/2018\/01\/29\/entrenamiento-equipos-profesionales\/#primaryimage\",\"url\":\"https:\/\/d2p6e6u75xmxt8.cloudfront.net\/6\/2018\/01\/campus-quick-step.jpg\",\"contentUrl\":\"https:\/\/d2p6e6u75xmxt8.cloudfront.net\/6\/2018\/01\/campus-quick-step.jpg\",\"width\":1600,\"height\":1067,\"caption\":\"Foto Quick Step\"},{\"@type\":\"BreadcrumbList\",\"@id\":\"https:\/\/www.welovecycling.com\/es\/2018\/01\/29\/entrenamiento-equipos-profesionales\/#breadcrumb\",\"itemListElement\":[{\"@type\":\"ListItem\",\"position\":1,\"name\":\"Home\",\"item\":\"https:\/\/www.welovecycling.com\/es\/\"},{\"@type\":\"ListItem\",\"position\":2,\"name\":\"Los KOM del Tour en invierno\"}]},{\"@type\":\"WebSite\",\"@id\":\"https:\/\/www.welovecycling.com\/es\/#website\",\"url\":\"https:\/\/www.welovecycling.com\/es\/\",\"name\":\"\u0160koda We Love Cycling - Spain\",\"description\":\"\u0160koda WeLoveCycling Spain\",\"potentialAction\":[{\"@type\":\"SearchAction\",\"target\":{\"@type\":\"EntryPoint\",\"urlTemplate\":\"https:\/\/www.welovecycling.com\/es\/?s={search_term_string}\"},\"query-input\":{\"@type\":\"PropertyValueSpecification\",\"valueRequired\":true,\"valueName\":\"search_term_string\"}}],\"inLanguage\":\"es-ES\"},{\"@type\":\"Person\",\"@id\":\"https:\/\/www.welovecycling.com\/es\/#\/schema\/person\/deb61715b5812698ee79fb96f343ccd4\",\"name\":\"We Love Cycling Spain\",\"image\":{\"@type\":\"ImageObject\",\"inLanguage\":\"es-ES\",\"@id\":\"https:\/\/www.welovecycling.com\/es\/#\/schema\/person\/image\/\",\"url\":\"https:\/\/secure.gravatar.com\/avatar\/c824b04e6df0e37a03219d0b6481672889df542894588964102459e46513159c?s=96&d=mm&r=g\",\"contentUrl\":\"https:\/\/secure.gravatar.com\/avatar\/c824b04e6df0e37a03219d0b6481672889df542894588964102459e46513159c?s=96&d=mm&r=g\",\"caption\":\"We Love Cycling Spain\"},\"url\":\"https:\/\/www.welovecycling.com\/es\/author\/amunoz\/\"}]}<\/script>\n<!-- \/ Yoast SEO Premium plugin. -->","yoast_head_json":{"title":"Los KOM del Tour en invierno - \u0160koda We Love Cycling - Spain","description":"Un repaso a los lugares de entrenamiento de los equipos profesionales en Espa\u00f1a y los KOM que hacen en Strava en los puertos.","robots":{"index":"index","follow":"follow","max-snippet":"max-snippet:-1","max-image-preview":"max-image-preview:large","max-video-preview":"max-video-preview:-1"},"canonical":"https:\/\/www.welovecycling.com\/es\/2018\/01\/29\/entrenamiento-equipos-profesionales\/","og_locale":"es_ES","og_type":"article","og_title":"Los KOM del Tour en invierno","og_description":"Un repaso a los lugares de entrenamiento de los equipos profesionales en Espa\u00f1a y los KOM que hacen en Strava en los puertos.","og_url":"https:\/\/www.welovecycling.com\/es\/2018\/01\/29\/entrenamiento-equipos-profesionales\/","og_site_name":"\u0160koda We Love Cycling - Spain","article_published_time":"2018-01-29T14:39:12+00:00","og_image":[{"width":1600,"height":1067,"url":"https:\/\/d2p6e6u75xmxt8.cloudfront.net\/6\/2018\/01\/campus-quick-step.jpg","type":"image\/jpeg"}],"author":"We Love Cycling Spain","twitter_card":"summary_large_image","twitter_misc":{"Written by":"Luis Ortega @ciclored","Est. reading time":"6 minutes"},"schema":{"@context":"https:\/\/schema.org","@graph":[{"@type":"WebPage","@id":"https:\/\/www.welovecycling.com\/es\/2018\/01\/29\/entrenamiento-equipos-profesionales\/","url":"https:\/\/www.welovecycling.com\/es\/2018\/01\/29\/entrenamiento-equipos-profesionales\/","name":"Los KOM del Tour en invierno - \u0160koda We Love Cycling - Spain","isPartOf":{"@id":"https:\/\/www.welovecycling.com\/es\/#website"},"primaryImageOfPage":{"@id":"https:\/\/www.welovecycling.com\/es\/2018\/01\/29\/entrenamiento-equipos-profesionales\/#primaryimage"},"image":{"@id":"https:\/\/www.welovecycling.com\/es\/2018\/01\/29\/entrenamiento-equipos-profesionales\/#primaryimage"},"thumbnailUrl":"https:\/\/d2p6e6u75xmxt8.cloudfront.net\/6\/2018\/01\/campus-quick-step.jpg","datePublished":"2018-01-29T14:39:12+00:00","author":{"@id":"https:\/\/www.welovecycling.com\/es\/#\/schema\/person\/deb61715b5812698ee79fb96f343ccd4"},"description":"Un repaso a los lugares de entrenamiento de los equipos profesionales en Espa\u00f1a y los KOM que hacen en Strava en los puertos.","breadcrumb":{"@id":"https:\/\/www.welovecycling.com\/es\/2018\/01\/29\/entrenamiento-equipos-profesionales\/#breadcrumb"},"inLanguage":"es-ES","potentialAction":[{"@type":"ReadAction","target":["https:\/\/www.welovecycling.com\/es\/2018\/01\/29\/entrenamiento-equipos-profesionales\/"]}]},{"@type":"ImageObject","inLanguage":"es-ES","@id":"https:\/\/www.welovecycling.com\/es\/2018\/01\/29\/entrenamiento-equipos-profesionales\/#primaryimage","url":"https:\/\/d2p6e6u75xmxt8.cloudfront.net\/6\/2018\/01\/campus-quick-step.jpg","contentUrl":"https:\/\/d2p6e6u75xmxt8.cloudfront.net\/6\/2018\/01\/campus-quick-step.jpg","width":1600,"height":1067,"caption":"Foto Quick Step"},{"@type":"BreadcrumbList","@id":"https:\/\/www.welovecycling.com\/es\/2018\/01\/29\/entrenamiento-equipos-profesionales\/#breadcrumb","itemListElement":[{"@type":"ListItem","position":1,"name":"Home","item":"https:\/\/www.welovecycling.com\/es\/"},{"@type":"ListItem","position":2,"name":"Los KOM del Tour en invierno"}]},{"@type":"WebSite","@id":"https:\/\/www.welovecycling.com\/es\/#website","url":"https:\/\/www.welovecycling.com\/es\/","name":"\u0160koda We Love Cycling - Spain","description":"\u0160koda WeLoveCycling Spain","potentialAction":[{"@type":"SearchAction","target":{"@type":"EntryPoint","urlTemplate":"https:\/\/www.welovecycling.com\/es\/?s={search_term_string}"},"query-input":{"@type":"PropertyValueSpecification","valueRequired":true,"valueName":"search_term_string"}}],"inLanguage":"es-ES"},{"@type":"Person","@id":"https:\/\/www.welovecycling.com\/es\/#\/schema\/person\/deb61715b5812698ee79fb96f343ccd4","name":"We Love Cycling Spain","image":{"@type":"ImageObject","inLanguage":"es-ES","@id":"https:\/\/www.welovecycling.com\/es\/#\/schema\/person\/image\/","url":"https:\/\/secure.gravatar.com\/avatar\/c824b04e6df0e37a03219d0b6481672889df542894588964102459e46513159c?s=96&d=mm&r=g","contentUrl":"https:\/\/secure.gravatar.com\/avatar\/c824b04e6df0e37a03219d0b6481672889df542894588964102459e46513159c?s=96&d=mm&r=g","caption":"We Love Cycling Spain"},"url":"https:\/\/www.welovecycling.com\/es\/author\/amunoz\/"}]}},"_links":{"self":[{"href":"https:\/\/www.welovecycling.com\/es\/wp-json\/wp\/v2\/posts\/2175","targetHints":{"allow":["GET"]}}],"collection":[{"href":"https:\/\/www.welovecycling.com\/es\/wp-json\/wp\/v2\/posts"}],"about":[{"href":"https:\/\/www.welovecycling.com\/es\/wp-json\/wp\/v2\/types\/post"}],"author":[{"embeddable":true,"href":"https:\/\/www.welovecycling.com\/es\/wp-json\/wp\/v2\/users\/29"}],"replies":[{"embeddable":true,"href":"https:\/\/www.welovecycling.com\/es\/wp-json\/wp\/v2\/comments?post=2175"}],"version-history":[{"count":2,"href":"https:\/\/www.welovecycling.com\/es\/wp-json\/wp\/v2\/posts\/2175\/revisions"}],"predecessor-version":[{"id":2180,"href":"https:\/\/www.welovecycling.com\/es\/wp-json\/wp\/v2\/posts\/2175\/revisions\/2180"}],"wp:featuredmedia":[{"embeddable":true,"href":"https:\/\/www.welovecycling.com\/es\/wp-json\/wp\/v2\/media\/2179"}],"wp:attachment":[{"href":"https:\/\/www.welovecycling.com\/es\/wp-json\/wp\/v2\/media?parent=2175"}],"wp:term":[{"taxonomy":"category","embeddable":true,"href":"https:\/\/www.welovecycling.com\/es\/wp-json\/wp\/v2\/categories?post=2175"},{"taxonomy":"post_tag","embeddable":true,"href":"https:\/\/www.welovecycling.com\/es\/wp-json\/wp\/v2\/tags?post=2175"},{"taxonomy":"global-categories","embeddable":true,"href":"https:\/\/www.welovecycling.com\/es\/wp-json\/wp\/v2\/global-categories?post=2175"}],"curies":[{"name":"wp","href":"https:\/\/api.w.org\/{rel}","templated":true}]}}