{"id":2121,"date":"2018-01-19T20:21:38","date_gmt":"2018-01-19T18:21:38","guid":{"rendered":"https:\/\/www.welovecycling.com\/es\/?p=2121"},"modified":"2018-01-19T20:21:38","modified_gmt":"2018-01-19T18:21:38","slug":"material-ciclista-de-invierno-de-rebajas","status":"publish","type":"post","link":"https:\/\/www.welovecycling.com\/es\/2018\/01\/19\/material-ciclista-de-invierno-de-rebajas\/","title":{"rendered":"Material ciclista de invierno de rebajas"},"content":{"rendered":"<p><strong>Pens\u00e9 que yo era el ciclista m\u00e1s duro por sobrevivir todo un invierno entrenando a -5 grados hasta que mi cu\u00f1ada canadiense me dijo que m\u00e1s de -10 grados para ella es todo un lujo. As\u00ed que \u00bfC\u00f3mo hacen los ciclistas all\u00ed para aguantar el fr\u00edo?<\/strong><!--more--><\/p>\n<h2><strong>Guardabarros, unos 30 euros<\/strong><\/h2>\n<p>Justo despu\u00e9s de Navidad es un buen momento para encontrar una gran <a href=\"https:\/\/www.evanscycles.com\/sks-bluemels-road-mudguard-set-700c-x-23-28c-EV312822?esvt=55068-GOUKE4302996&amp;esvq=&amp;esvadt=999999-0-1218158-1&amp;esvcrea=189702332832&amp;esvplace=&amp;esvd=c&amp;esvtg=pla-336713778210&amp;esvo=EV312822-35-MBLK&amp;esvaid=50080&amp;gclid=EAIaIQobChMIlqfVhNDa2AIVh-cbCh1TAQNOEAQYAyABEgJihvD_BwE\">cantidad de guardabarros.<\/a> Un buen conjunto de guardabarros completos mantiene lo peor de la sal y la arena corrosiva del invierno fuera de la cadena motriz de la bici. Pero lo que es m\u00e1s importante, evita que el agua helada de la carretera le ba\u00f1e los los pies y\u00a0 la espalda. Por unos 30 euros, esta compra barata har\u00e1 que sus rutas de invierno sean mucho, mucho m\u00e1s c\u00f3modas.<\/p>\n<p><a href=\"https:\/\/d2p6e6u75xmxt8.cloudfront.net\/6\/2018\/01\/sks-bluemels-road-700c-mudguard-set-matt-black-EV312822-8600-1.jpg\"><img loading=\"lazy\" decoding=\"async\" class=\"alignnone size-full wp-image-2122\" src=\"https:\/\/d2p6e6u75xmxt8.cloudfront.net\/6\/2018\/01\/sks-bluemels-road-700c-mudguard-set-matt-black-EV312822-8600-1.jpg\" alt=\"\" width=\"969\" height=\"638\" srcset=\"https:\/\/d2p6e6u75xmxt8.cloudfront.net\/6\/2018\/01\/sks-bluemels-road-700c-mudguard-set-matt-black-EV312822-8600-1.jpg 969w, https:\/\/d2p6e6u75xmxt8.cloudfront.net\/6\/2018\/01\/sks-bluemels-road-700c-mudguard-set-matt-black-EV312822-8600-1-300x198.jpg 300w, https:\/\/d2p6e6u75xmxt8.cloudfront.net\/6\/2018\/01\/sks-bluemels-road-700c-mudguard-set-matt-black-EV312822-8600-1-768x506.jpg 768w\" sizes=\"auto, (max-width: 969px) 100vw, 969px\" \/><\/a><\/p>\n<h2><strong>Guantes de marinero. Unos 20 euros<\/strong><\/h2>\n<p>Los marineros se mojan por la lluvia y el oleaje. Y mojarse significa tener fr\u00edo.\u00a0 Adem\u00e1s, los marineros necesitar\u00e1n que sus dedos funcionen lo suficientemente bien para poder atar los nudos y agarrar las cuerdas.<\/p>\n<p><a href=\"https:\/\/d2p6e6u75xmxt8.cloudfront.net\/6\/2018\/01\/big_615ae56b-1ee5-48f6-bc5c-ddba8d615db2.jpg\"><img loading=\"lazy\" decoding=\"async\" class=\"alignnone size-full wp-image-2126\" src=\"https:\/\/d2p6e6u75xmxt8.cloudfront.net\/6\/2018\/01\/big_615ae56b-1ee5-48f6-bc5c-ddba8d615db2.jpg\" alt=\"\" width=\"800\" height=\"800\" srcset=\"https:\/\/d2p6e6u75xmxt8.cloudfront.net\/6\/2018\/01\/big_615ae56b-1ee5-48f6-bc5c-ddba8d615db2.jpg 800w, https:\/\/d2p6e6u75xmxt8.cloudfront.net\/6\/2018\/01\/big_615ae56b-1ee5-48f6-bc5c-ddba8d615db2-150x150.jpg 150w, https:\/\/d2p6e6u75xmxt8.cloudfront.net\/6\/2018\/01\/big_615ae56b-1ee5-48f6-bc5c-ddba8d615db2-300x300.jpg 300w, https:\/\/d2p6e6u75xmxt8.cloudfront.net\/6\/2018\/01\/big_615ae56b-1ee5-48f6-bc5c-ddba8d615db2-768x768.jpg 768w\" sizes=\"auto, (max-width: 800px) 100vw, 800px\" \/><\/a><\/p>\n<p>Esto significa que los guantes de marinero cumplen con todos los requisitos de los guantes para ciclismo: manejables y protecci\u00f3n contra el fr\u00edo. Estos <a href=\"https:\/\/www.decathlon.co.uk\/900-neoprene-gloves-black-id_8398007.html\">guantes de neopreno<\/a> salen por unos 20 euros, y podr\u00e1s cambiar de marcha con facilidad.<\/p>\n<h2><strong>Protejemanos, Entre 20 y 40 euros<\/strong><\/h2>\n<p>Las manos son particularmente susceptibles al fr\u00edo, por lo que puede considerar usar estos <a href=\"https:\/\/www.aliexpress.com\/item\/ROCKBROS-Winter-Unisex-MTB-Motor-Cycling-Handlebar-Bar-End-Mittens-Mitts-Gloves-Mountain-Bicycle-Bike-Hands\/32790257102.html?spm=2114.search0104.3.9.4c3dbf08pp1lc3&amp;ws_ab_test=searchweb0_0,searchweb201602_4_10152_10151_10065_10344_10130_10068_10324_10342_10547_10325_10343_10340_10548_10341_10192_10190_10084_10083_10615_10307_10301_10303_10059_10314_10184_10534_100031_10604_10103_10142,searchweb201603_32,ppcSwitch_5&amp;algo_expid=97b736e7-064e-41b3-996d-bb1533dd389f-1&amp;algo_pvid=97b736e7-064e-41b3-996d-bb1533dd389f&amp;priceBeautifyAB=0\">protejemanos<\/a> para una protecci\u00f3n adicional. Puedes obtenerlos tanto para manillares como para manillares planos y, en combinaci\u00f3n con el neopreno, le garantizamos que cuando llegue a su destino podr\u00e1 disfrutar de un c\u00e1lido dedo pulgar.<\/p>\n<p><a href=\"https:\/\/d2p6e6u75xmxt8.cloudfront.net\/6\/2018\/01\/ROCKBROS-1-Pair-Winter-Unisex-Cycling-Handlebar-Bar-End-Mittens-Bicycle-Mitts-Gloves-Bike-Hand-Warmer.jpg\"><img loading=\"lazy\" decoding=\"async\" class=\"alignnone size-full wp-image-2132\" src=\"https:\/\/d2p6e6u75xmxt8.cloudfront.net\/6\/2018\/01\/ROCKBROS-1-Pair-Winter-Unisex-Cycling-Handlebar-Bar-End-Mittens-Bicycle-Mitts-Gloves-Bike-Hand-Warmer.jpg\" alt=\"\" width=\"1000\" height=\"1000\" srcset=\"https:\/\/d2p6e6u75xmxt8.cloudfront.net\/6\/2018\/01\/ROCKBROS-1-Pair-Winter-Unisex-Cycling-Handlebar-Bar-End-Mittens-Bicycle-Mitts-Gloves-Bike-Hand-Warmer.jpg 1000w, https:\/\/d2p6e6u75xmxt8.cloudfront.net\/6\/2018\/01\/ROCKBROS-1-Pair-Winter-Unisex-Cycling-Handlebar-Bar-End-Mittens-Bicycle-Mitts-Gloves-Bike-Hand-Warmer-150x150.jpg 150w, https:\/\/d2p6e6u75xmxt8.cloudfront.net\/6\/2018\/01\/ROCKBROS-1-Pair-Winter-Unisex-Cycling-Handlebar-Bar-End-Mittens-Bicycle-Mitts-Gloves-Bike-Hand-Warmer-300x300.jpg 300w, https:\/\/d2p6e6u75xmxt8.cloudfront.net\/6\/2018\/01\/ROCKBROS-1-Pair-Winter-Unisex-Cycling-Handlebar-Bar-End-Mittens-Bicycle-Mitts-Gloves-Bike-Hand-Warmer-768x768.jpg 768w\" sizes=\"auto, (max-width: 1000px) 100vw, 1000px\" \/><\/a><\/p>\n<h2><strong>Punteras, Unos 5 euros<\/strong><\/h2>\n<p>Tus zapatillas\u00a0 de carretera de <a href=\"https:\/\/www.rapha.cc\/gb\/en\/shop\/climber%27s-shoes\/product\/PCS02WH\">alta ventilaci\u00f3n<\/a> ahora parecen un poco in\u00fatiles en temperaturas bajo cero, as\u00ed que puedes reducir lo peor de las entradas de aire por los dedos de los pies con estas <a href=\"https:\/\/www.aliexpress.com\/item\/2017-Brand-New-2pcs-Cycling-Sports-Black-Nylon-Warm-Windproof-Bicycle-Shoe-Covers-Toe-Cap-Overshoes\/32801481771.html?spm=2114.search0104.3.1.4ccf76e3WihWwc&amp;ws_ab_test=searchweb0_0,searchweb201602_4_10152_10151_10065_10344_10130_10068_10324_10342_10547_10325_10343_10340_10548_10341_10192_10190_10084_10083_10615_10307_10301_10303_10059_10314_10184_10534_100031_10604_10103_10142,searchweb201603_32,ppcSwitch_5&amp;algo_expid=0efadd75-ce42-4a04-b413-5e4d18897b50-0&amp;algo_pvid=0efadd75-ce42-4a04-b413-5e4d18897b50&amp;priceBeautifyAB=0\">punteras<\/a>. En el momento de escribir este art\u00edculo se vend\u00edan por unos 5 euros\u00a0 y el material de nylon, por lo que ir\u00e1\u00a0 bien.<\/p>\n<p><a href=\"https:\/\/d2p6e6u75xmxt8.cloudfront.net\/6\/2018\/01\/2017-Brand-New-2pcs-Cycling-Sports-Black-Nylon-Warm-Windproof-Bicycle-Shoe-Covers-Toe-Cap-Overshoes.jpg\"><img loading=\"lazy\" decoding=\"async\" class=\"alignnone size-full wp-image-2135\" src=\"https:\/\/d2p6e6u75xmxt8.cloudfront.net\/6\/2018\/01\/2017-Brand-New-2pcs-Cycling-Sports-Black-Nylon-Warm-Windproof-Bicycle-Shoe-Covers-Toe-Cap-Overshoes.jpg\" alt=\"\" width=\"800\" height=\"800\" srcset=\"https:\/\/d2p6e6u75xmxt8.cloudfront.net\/6\/2018\/01\/2017-Brand-New-2pcs-Cycling-Sports-Black-Nylon-Warm-Windproof-Bicycle-Shoe-Covers-Toe-Cap-Overshoes.jpg 800w, https:\/\/d2p6e6u75xmxt8.cloudfront.net\/6\/2018\/01\/2017-Brand-New-2pcs-Cycling-Sports-Black-Nylon-Warm-Windproof-Bicycle-Shoe-Covers-Toe-Cap-Overshoes-150x150.jpg 150w, https:\/\/d2p6e6u75xmxt8.cloudfront.net\/6\/2018\/01\/2017-Brand-New-2pcs-Cycling-Sports-Black-Nylon-Warm-Windproof-Bicycle-Shoe-Covers-Toe-Cap-Overshoes-300x300.jpg 300w, https:\/\/d2p6e6u75xmxt8.cloudfront.net\/6\/2018\/01\/2017-Brand-New-2pcs-Cycling-Sports-Black-Nylon-Warm-Windproof-Bicycle-Shoe-Covers-Toe-Cap-Overshoes-768x768.jpg 768w\" sizes=\"auto, (max-width: 800px) 100vw, 800px\" \/><\/a><\/p>\n<h2><strong>Calcetines merino altos, 20 euros<\/strong><\/h2>\n<p>Mant\u00e9n los pies calientes con los <a href=\"https:\/\/www.meschaussettesrouges.com\/en\/gammarelli-socks\/55-black.html\">calcetines de merino over-the-calf<\/a>. Veinte euros pueden parecer caros, pero te durar\u00e1n miles de kil\u00f3metros y te mantendr\u00e1n caliente y adem\u00e1s son transpirables.\u00a0 La lanolina natural antibacteriana significa que rara vez es necesario lavarlos, y la lana absorbe la poca humedad manteniendo los pies secos y calientes.<a href=\"https:\/\/d2p6e6u75xmxt8.cloudfront.net\/6\/2018\/01\/15415.JPG.jpg\"><img loading=\"lazy\" decoding=\"async\" class=\"alignnone size-full wp-image-2138\" src=\"https:\/\/d2p6e6u75xmxt8.cloudfront.net\/6\/2018\/01\/15415.JPG.jpg\" alt=\"\" width=\"442\" height=\"327\" srcset=\"https:\/\/d2p6e6u75xmxt8.cloudfront.net\/6\/2018\/01\/15415.JPG.jpg 442w, https:\/\/d2p6e6u75xmxt8.cloudfront.net\/6\/2018\/01\/15415.JPG-300x222.jpg 300w\" sizes=\"auto, (max-width: 442px) 100vw, 442px\" \/><\/a><\/p>\n<h2><strong>Crema calentadora, Desde 10 euros<\/strong><\/h2>\n<p>Puedes encontrar muy buenas <a href=\"https:\/\/www.ebay.co.uk\/i\/322212798358?chn=ps&amp;adgroupid=47678200030&amp;rlsatarget=pla-384737486612&amp;abcId=1058846&amp;adtype=pla&amp;merchantid=107301633&amp;poi=&amp;googleloc=1006886&amp;device=c&amp;campaignid=864189576&amp;crdt=0\">ofertas de cremas calentadoras.<\/a>\u00a0 y abofetearlo generosamente. Los ciclistas parecen amarlo u odiarlo, pero atenuar\u00e1 el dolor y el fr\u00edo de los primeros 40 kil\u00f3metros\u00a0 en temperaturas bajo cero. Si usted puede encontrar una crema decente a un costo reducido, por favor compartalo en los comentarios!<\/p>\n<p><a href=\"https:\/\/d2p6e6u75xmxt8.cloudfront.net\/6\/2018\/01\/s-l1600-1.jpg\"><img loading=\"lazy\" decoding=\"async\" class=\"alignnone size-full wp-image-2141\" src=\"https:\/\/d2p6e6u75xmxt8.cloudfront.net\/6\/2018\/01\/s-l1600-1.jpg\" alt=\"\" width=\"1500\" height=\"1500\" srcset=\"https:\/\/d2p6e6u75xmxt8.cloudfront.net\/6\/2018\/01\/s-l1600-1.jpg 1500w, https:\/\/d2p6e6u75xmxt8.cloudfront.net\/6\/2018\/01\/s-l1600-1-150x150.jpg 150w, https:\/\/d2p6e6u75xmxt8.cloudfront.net\/6\/2018\/01\/s-l1600-1-300x300.jpg 300w, https:\/\/d2p6e6u75xmxt8.cloudfront.net\/6\/2018\/01\/s-l1600-1-768x768.jpg 768w, https:\/\/d2p6e6u75xmxt8.cloudfront.net\/6\/2018\/01\/s-l1600-1-1024x1024.jpg 1024w\" sizes=\"auto, (max-width: 1500px) 100vw, 1500px\" \/><\/a><\/p>\n<h2><strong>Dejate crecer el pelo, FREE<\/strong><\/h2>\n<p>Si tienes el cabello largo y grueso, d\u00e9jalo lo suficientemente suelto para que cubra tu frente y tus o\u00eddos.\u00a0 Las fibras naturales proporcionan el mejor aislamiento que el dinero no puede comprar. Deja que tu pelo crezca y cultiva la barba. Te quitar\u00e1 el viento de la cara.<\/p>\n<p>&nbsp;<\/p>\n<h2><strong>Ve m\u00e1s r\u00e1pido, Gratis<\/strong><\/h2>\n<p>Duerme bien por la ncohe, toma un buen desayuno, bebe una bebida azucarada caliente, ponte la ropa m\u00e1s caliente que tengas disponible, luego s\u00fabete a tu bicicleta y anda todo lo r\u00e1pido que puedas. Ir r\u00e1pido es la forma natural de mantenerte abrigado. Piense en el clima fr\u00edo como aire acondicionado &#8211; \u00a1no importa lo r\u00e1pido que usted pedalea, no va a romper el sudor!<\/p>\n","protected":false},"excerpt":{"rendered":"<p>Pens\u00e9 que yo era el ciclista m\u00e1s duro por sobrevivir todo un invierno entrenando a -5 grados hasta que mi [&hellip;]<\/p>\n","protected":false},"author":29,"featured_media":2144,"comment_status":"open","ping_status":"open","sticky":false,"template":"","format":"standard","meta":{"footnotes":""},"categories":[7,8,9,6],"tags":[262,260,263,261],"global-categories":[],"class_list":["post-2121","post","type-post","status-publish","format-standard","has-post-thumbnail","hentry","category-carretera","category-life-style","category-mtb-aventura","category-urban","tag-invierno-ciclista","tag-material-ciclista-de-invierno","tag-rebajas-ciclistas","tag-vestirse-para-el-invierno"],"yoast_head":"<!-- This site is optimized with the Yoast SEO Premium plugin v25.3 (Yoast SEO v25.9) - https:\/\/yoast.com\/wordpress\/plugins\/seo\/ -->\n<title>Material ciclista de invierno de rebajas - \u0160koda We Love Cycling - Spain<\/title>\n<meta name=\"description\" content=\"Material ciclista de invierno de rebajas. Prendas ciclistas baratas para combatir el fr\u00edo del invierno y la nieve. No pases fr\u00edo en bici.\" \/>\n<meta name=\"robots\" content=\"index, follow, max-snippet:-1, max-image-preview:large, max-video-preview:-1\" \/>\n<link rel=\"canonical\" href=\"https:\/\/www.welovecycling.com\/es\/2018\/01\/19\/material-ciclista-de-invierno-de-rebajas\/\" \/>\n<meta property=\"og:locale\" content=\"es_ES\" \/>\n<meta property=\"og:type\" content=\"article\" \/>\n<meta property=\"og:title\" content=\"Material ciclista de invierno de rebajas\" \/>\n<meta property=\"og:description\" content=\"Material ciclista de invierno de rebajas. Prendas ciclistas baratas para combatir el fr\u00edo del invierno y la nieve. No pases fr\u00edo en bici.\" \/>\n<meta property=\"og:url\" content=\"https:\/\/www.welovecycling.com\/es\/2018\/01\/19\/material-ciclista-de-invierno-de-rebajas\/\" \/>\n<meta property=\"og:site_name\" content=\"\u0160koda We Love Cycling - Spain\" \/>\n<meta property=\"article:published_time\" content=\"2018-01-19T18:21:38+00:00\" \/>\n<meta property=\"og:image\" content=\"https:\/\/d2p6e6u75xmxt8.cloudfront.net\/6\/2018\/01\/profimedia-0357945779-1.jpg\" \/>\n\t<meta property=\"og:image:width\" content=\"1366\" \/>\n\t<meta property=\"og:image:height\" content=\"600\" \/>\n\t<meta property=\"og:image:type\" content=\"image\/jpeg\" \/>\n<meta name=\"author\" content=\"We Love Cycling Spain\" \/>\n<meta name=\"twitter:card\" content=\"summary_large_image\" \/>\n<meta name=\"twitter:label1\" content=\"Written by\" \/>\n\t<meta name=\"twitter:data1\" content=\"Christopher Ashley\" \/>\n\t<meta name=\"twitter:label2\" content=\"Est. reading time\" \/>\n\t<meta name=\"twitter:data2\" content=\"3 minutes\" \/>\n<script type=\"application\/ld+json\" class=\"yoast-schema-graph\">{\"@context\":\"https:\/\/schema.org\",\"@graph\":[{\"@type\":\"WebPage\",\"@id\":\"https:\/\/www.welovecycling.com\/es\/2018\/01\/19\/material-ciclista-de-invierno-de-rebajas\/\",\"url\":\"https:\/\/www.welovecycling.com\/es\/2018\/01\/19\/material-ciclista-de-invierno-de-rebajas\/\",\"name\":\"Material ciclista de invierno de rebajas - \u0160koda We Love Cycling - Spain\",\"isPartOf\":{\"@id\":\"https:\/\/www.welovecycling.com\/es\/#website\"},\"primaryImageOfPage\":{\"@id\":\"https:\/\/www.welovecycling.com\/es\/2018\/01\/19\/material-ciclista-de-invierno-de-rebajas\/#primaryimage\"},\"image\":{\"@id\":\"https:\/\/www.welovecycling.com\/es\/2018\/01\/19\/material-ciclista-de-invierno-de-rebajas\/#primaryimage\"},\"thumbnailUrl\":\"https:\/\/d2p6e6u75xmxt8.cloudfront.net\/6\/2018\/01\/profimedia-0357945779-1.jpg\",\"datePublished\":\"2018-01-19T18:21:38+00:00\",\"author\":{\"@id\":\"https:\/\/www.welovecycling.com\/es\/#\/schema\/person\/deb61715b5812698ee79fb96f343ccd4\"},\"description\":\"Material ciclista de invierno de rebajas. Prendas ciclistas baratas para combatir el fr\u00edo del invierno y la nieve. No pases fr\u00edo en bici.\",\"breadcrumb\":{\"@id\":\"https:\/\/www.welovecycling.com\/es\/2018\/01\/19\/material-ciclista-de-invierno-de-rebajas\/#breadcrumb\"},\"inLanguage\":\"es-ES\",\"potentialAction\":[{\"@type\":\"ReadAction\",\"target\":[\"https:\/\/www.welovecycling.com\/es\/2018\/01\/19\/material-ciclista-de-invierno-de-rebajas\/\"]}]},{\"@type\":\"ImageObject\",\"inLanguage\":\"es-ES\",\"@id\":\"https:\/\/www.welovecycling.com\/es\/2018\/01\/19\/material-ciclista-de-invierno-de-rebajas\/#primaryimage\",\"url\":\"https:\/\/d2p6e6u75xmxt8.cloudfront.net\/6\/2018\/01\/profimedia-0357945779-1.jpg\",\"contentUrl\":\"https:\/\/d2p6e6u75xmxt8.cloudfront.net\/6\/2018\/01\/profimedia-0357945779-1.jpg\",\"width\":1366,\"height\":600},{\"@type\":\"BreadcrumbList\",\"@id\":\"https:\/\/www.welovecycling.com\/es\/2018\/01\/19\/material-ciclista-de-invierno-de-rebajas\/#breadcrumb\",\"itemListElement\":[{\"@type\":\"ListItem\",\"position\":1,\"name\":\"Home\",\"item\":\"https:\/\/www.welovecycling.com\/es\/\"},{\"@type\":\"ListItem\",\"position\":2,\"name\":\"Material ciclista de invierno de rebajas\"}]},{\"@type\":\"WebSite\",\"@id\":\"https:\/\/www.welovecycling.com\/es\/#website\",\"url\":\"https:\/\/www.welovecycling.com\/es\/\",\"name\":\"\u0160koda We Love Cycling - Spain\",\"description\":\"\u0160koda WeLoveCycling Spain\",\"potentialAction\":[{\"@type\":\"SearchAction\",\"target\":{\"@type\":\"EntryPoint\",\"urlTemplate\":\"https:\/\/www.welovecycling.com\/es\/?s={search_term_string}\"},\"query-input\":{\"@type\":\"PropertyValueSpecification\",\"valueRequired\":true,\"valueName\":\"search_term_string\"}}],\"inLanguage\":\"es-ES\"},{\"@type\":\"Person\",\"@id\":\"https:\/\/www.welovecycling.com\/es\/#\/schema\/person\/deb61715b5812698ee79fb96f343ccd4\",\"name\":\"We Love Cycling Spain\",\"image\":{\"@type\":\"ImageObject\",\"inLanguage\":\"es-ES\",\"@id\":\"https:\/\/www.welovecycling.com\/es\/#\/schema\/person\/image\/\",\"url\":\"https:\/\/secure.gravatar.com\/avatar\/c824b04e6df0e37a03219d0b6481672889df542894588964102459e46513159c?s=96&d=mm&r=g\",\"contentUrl\":\"https:\/\/secure.gravatar.com\/avatar\/c824b04e6df0e37a03219d0b6481672889df542894588964102459e46513159c?s=96&d=mm&r=g\",\"caption\":\"We Love Cycling Spain\"},\"url\":\"https:\/\/www.welovecycling.com\/es\/author\/amunoz\/\"}]}<\/script>\n<!-- \/ Yoast SEO Premium plugin. -->","yoast_head_json":{"title":"Material ciclista de invierno de rebajas - \u0160koda We Love Cycling - Spain","description":"Material ciclista de invierno de rebajas. Prendas ciclistas baratas para combatir el fr\u00edo del invierno y la nieve. No pases fr\u00edo en bici.","robots":{"index":"index","follow":"follow","max-snippet":"max-snippet:-1","max-image-preview":"max-image-preview:large","max-video-preview":"max-video-preview:-1"},"canonical":"https:\/\/www.welovecycling.com\/es\/2018\/01\/19\/material-ciclista-de-invierno-de-rebajas\/","og_locale":"es_ES","og_type":"article","og_title":"Material ciclista de invierno de rebajas","og_description":"Material ciclista de invierno de rebajas. Prendas ciclistas baratas para combatir el fr\u00edo del invierno y la nieve. No pases fr\u00edo en bici.","og_url":"https:\/\/www.welovecycling.com\/es\/2018\/01\/19\/material-ciclista-de-invierno-de-rebajas\/","og_site_name":"\u0160koda We Love Cycling - Spain","article_published_time":"2018-01-19T18:21:38+00:00","og_image":[{"width":1366,"height":600,"url":"https:\/\/d2p6e6u75xmxt8.cloudfront.net\/6\/2018\/01\/profimedia-0357945779-1.jpg","type":"image\/jpeg"}],"author":"We Love Cycling Spain","twitter_card":"summary_large_image","twitter_misc":{"Written by":"Christopher Ashley","Est. reading time":"3 minutes"},"schema":{"@context":"https:\/\/schema.org","@graph":[{"@type":"WebPage","@id":"https:\/\/www.welovecycling.com\/es\/2018\/01\/19\/material-ciclista-de-invierno-de-rebajas\/","url":"https:\/\/www.welovecycling.com\/es\/2018\/01\/19\/material-ciclista-de-invierno-de-rebajas\/","name":"Material ciclista de invierno de rebajas - \u0160koda We Love Cycling - Spain","isPartOf":{"@id":"https:\/\/www.welovecycling.com\/es\/#website"},"primaryImageOfPage":{"@id":"https:\/\/www.welovecycling.com\/es\/2018\/01\/19\/material-ciclista-de-invierno-de-rebajas\/#primaryimage"},"image":{"@id":"https:\/\/www.welovecycling.com\/es\/2018\/01\/19\/material-ciclista-de-invierno-de-rebajas\/#primaryimage"},"thumbnailUrl":"https:\/\/d2p6e6u75xmxt8.cloudfront.net\/6\/2018\/01\/profimedia-0357945779-1.jpg","datePublished":"2018-01-19T18:21:38+00:00","author":{"@id":"https:\/\/www.welovecycling.com\/es\/#\/schema\/person\/deb61715b5812698ee79fb96f343ccd4"},"description":"Material ciclista de invierno de rebajas. Prendas ciclistas baratas para combatir el fr\u00edo del invierno y la nieve. No pases fr\u00edo en bici.","breadcrumb":{"@id":"https:\/\/www.welovecycling.com\/es\/2018\/01\/19\/material-ciclista-de-invierno-de-rebajas\/#breadcrumb"},"inLanguage":"es-ES","potentialAction":[{"@type":"ReadAction","target":["https:\/\/www.welovecycling.com\/es\/2018\/01\/19\/material-ciclista-de-invierno-de-rebajas\/"]}]},{"@type":"ImageObject","inLanguage":"es-ES","@id":"https:\/\/www.welovecycling.com\/es\/2018\/01\/19\/material-ciclista-de-invierno-de-rebajas\/#primaryimage","url":"https:\/\/d2p6e6u75xmxt8.cloudfront.net\/6\/2018\/01\/profimedia-0357945779-1.jpg","contentUrl":"https:\/\/d2p6e6u75xmxt8.cloudfront.net\/6\/2018\/01\/profimedia-0357945779-1.jpg","width":1366,"height":600},{"@type":"BreadcrumbList","@id":"https:\/\/www.welovecycling.com\/es\/2018\/01\/19\/material-ciclista-de-invierno-de-rebajas\/#breadcrumb","itemListElement":[{"@type":"ListItem","position":1,"name":"Home","item":"https:\/\/www.welovecycling.com\/es\/"},{"@type":"ListItem","position":2,"name":"Material ciclista de invierno de rebajas"}]},{"@type":"WebSite","@id":"https:\/\/www.welovecycling.com\/es\/#website","url":"https:\/\/www.welovecycling.com\/es\/","name":"\u0160koda We Love Cycling - Spain","description":"\u0160koda WeLoveCycling Spain","potentialAction":[{"@type":"SearchAction","target":{"@type":"EntryPoint","urlTemplate":"https:\/\/www.welovecycling.com\/es\/?s={search_term_string}"},"query-input":{"@type":"PropertyValueSpecification","valueRequired":true,"valueName":"search_term_string"}}],"inLanguage":"es-ES"},{"@type":"Person","@id":"https:\/\/www.welovecycling.com\/es\/#\/schema\/person\/deb61715b5812698ee79fb96f343ccd4","name":"We Love Cycling Spain","image":{"@type":"ImageObject","inLanguage":"es-ES","@id":"https:\/\/www.welovecycling.com\/es\/#\/schema\/person\/image\/","url":"https:\/\/secure.gravatar.com\/avatar\/c824b04e6df0e37a03219d0b6481672889df542894588964102459e46513159c?s=96&d=mm&r=g","contentUrl":"https:\/\/secure.gravatar.com\/avatar\/c824b04e6df0e37a03219d0b6481672889df542894588964102459e46513159c?s=96&d=mm&r=g","caption":"We Love Cycling Spain"},"url":"https:\/\/www.welovecycling.com\/es\/author\/amunoz\/"}]}},"_links":{"self":[{"href":"https:\/\/www.welovecycling.com\/es\/wp-json\/wp\/v2\/posts\/2121","targetHints":{"allow":["GET"]}}],"collection":[{"href":"https:\/\/www.welovecycling.com\/es\/wp-json\/wp\/v2\/posts"}],"about":[{"href":"https:\/\/www.welovecycling.com\/es\/wp-json\/wp\/v2\/types\/post"}],"author":[{"embeddable":true,"href":"https:\/\/www.welovecycling.com\/es\/wp-json\/wp\/v2\/users\/29"}],"replies":[{"embeddable":true,"href":"https:\/\/www.welovecycling.com\/es\/wp-json\/wp\/v2\/comments?post=2121"}],"version-history":[{"count":2,"href":"https:\/\/www.welovecycling.com\/es\/wp-json\/wp\/v2\/posts\/2121\/revisions"}],"predecessor-version":[{"id":2163,"href":"https:\/\/www.welovecycling.com\/es\/wp-json\/wp\/v2\/posts\/2121\/revisions\/2163"}],"wp:featuredmedia":[{"embeddable":true,"href":"https:\/\/www.welovecycling.com\/es\/wp-json\/wp\/v2\/media\/2144"}],"wp:attachment":[{"href":"https:\/\/www.welovecycling.com\/es\/wp-json\/wp\/v2\/media?parent=2121"}],"wp:term":[{"taxonomy":"category","embeddable":true,"href":"https:\/\/www.welovecycling.com\/es\/wp-json\/wp\/v2\/categories?post=2121"},{"taxonomy":"post_tag","embeddable":true,"href":"https:\/\/www.welovecycling.com\/es\/wp-json\/wp\/v2\/tags?post=2121"},{"taxonomy":"global-categories","embeddable":true,"href":"https:\/\/www.welovecycling.com\/es\/wp-json\/wp\/v2\/global-categories?post=2121"}],"curies":[{"name":"wp","href":"https:\/\/api.w.org\/{rel}","templated":true}]}}