{"id":2120,"date":"2018-01-20T20:16:57","date_gmt":"2018-01-20T18:16:57","guid":{"rendered":"https:\/\/www.welovecycling.com\/es\/?p=2120"},"modified":"2018-01-20T20:16:57","modified_gmt":"2018-01-20T18:16:57","slug":"las-fotos-de-la-carrera-de-la-paz","status":"publish","type":"post","link":"https:\/\/www.welovecycling.com\/es\/2018\/01\/20\/las-fotos-de-la-carrera-de-la-paz\/","title":{"rendered":"Las fotos de la Carrera de la Paz. El Tour de Francia del Este"},"content":{"rendered":"<p><strong>La \u00faltima edici\u00f3n de la Carrera de la Paz se disput\u00f3 en 2006. Ahora es una carrera de tres d\u00edas para sub-23 que se celebra en May, en la Rep\u00fablica Checa. Pero, en el pasado, era lo m\u00e1s parecido al Tour de Francia en el bloque del Este. La carrera, que se corr\u00eda cada a\u00f1o, comenz\u00f3 con una doble edici\u00f3n entre Varsovia-Praga y Praga-Varsovia en 1948. Su nombre era Friedensfahrt en Alemania,\u00a0 Z\u00e1vod m\u00edru en Checoslovaquia y Wy\u015bcig Pokoj en Polonia.<\/strong><br \/>\n<!--more--><\/p>\n<p>Fue, como el Tour, patrocinado por los medios de comunicaci\u00f3n: los peri\u00f3dicos oficiales del Partido Comunista en este caso &#8211; Rud\u00e9 pr\u00e1vo de Checoslovaquia, Neues Deutschland de Alemania Oriental y Trybuna Ludu de Polonia. A diferencia de la carreraoccidental, la Carrera por la Paz era estrictamente s\u00f3lo para deportistas aficionados. Podr\u00edas, sin embargo, ver equipos de todo el mundo.<\/p>\n<p>La edici\u00f3n de 1968, que fue fotografiada en una serie que pod\u00e9is ver a continuaci\u00f3n, fue dise\u00f1ada a lo largo de la ruta Berl\u00edn &#8211; Praga &#8211; Varsovia. La distancia total de 2.352 km se reparti\u00f3 en 16 etapas. S\u00f3lo 67 de los 108 ciclistas la acabaron. El alem\u00e1n Axel Peschel se llev\u00f3 la victoria con un tiempo de 57 horas y 45 segundos. Karel V\u00e1vra de Checoslovaquia fue segundo, y Magiera de Polonia fue tercero. El impopular cuarto lugar fue para Saidkhuzhin de la Uni\u00f3n Sovi\u00e9tica.<\/p>\n<p>&#8220;Yo era peor, as\u00ed que perd\u00ed&#8221;, fue el \u00fanico comentario que obtuvieron los periodistas del novato Karel V\u00e1vra, a pesar de los numerables intentos de entrevista que le hicieron. Todo era diferente en ese entonces, \u00bfno?<\/p>\n<p>&nbsp;<\/p>\n<p><a href=\"https:\/\/d2p6e6u75xmxt8.cloudfront.net\/6\/2018\/01\/profimedia-0111733355.jpg\"><img loading=\"lazy\" decoding=\"async\" class=\"alignnone size-full wp-image-2124\" src=\"https:\/\/d2p6e6u75xmxt8.cloudfront.net\/6\/2018\/01\/profimedia-0111733355.jpg\" alt=\"\" width=\"1250\" height=\"827\" srcset=\"https:\/\/d2p6e6u75xmxt8.cloudfront.net\/6\/2018\/01\/profimedia-0111733355.jpg 1250w, https:\/\/d2p6e6u75xmxt8.cloudfront.net\/6\/2018\/01\/profimedia-0111733355-300x198.jpg 300w, https:\/\/d2p6e6u75xmxt8.cloudfront.net\/6\/2018\/01\/profimedia-0111733355-768x508.jpg 768w, https:\/\/d2p6e6u75xmxt8.cloudfront.net\/6\/2018\/01\/profimedia-0111733355-1024x677.jpg 1024w\" sizes=\"auto, (max-width: 1250px) 100vw, 1250px\" \/><\/a><\/p>\n<p><a href=\"https:\/\/d2p6e6u75xmxt8.cloudfront.net\/6\/2018\/01\/profimedia-0096170632.jpg\"><img loading=\"lazy\" decoding=\"async\" class=\"alignnone size-full wp-image-2131\" src=\"https:\/\/d2p6e6u75xmxt8.cloudfront.net\/6\/2018\/01\/profimedia-0096170632.jpg\" alt=\"\" width=\"1250\" height=\"838\" srcset=\"https:\/\/d2p6e6u75xmxt8.cloudfront.net\/6\/2018\/01\/profimedia-0096170632.jpg 1250w, https:\/\/d2p6e6u75xmxt8.cloudfront.net\/6\/2018\/01\/profimedia-0096170632-300x201.jpg 300w, https:\/\/d2p6e6u75xmxt8.cloudfront.net\/6\/2018\/01\/profimedia-0096170632-768x515.jpg 768w, https:\/\/d2p6e6u75xmxt8.cloudfront.net\/6\/2018\/01\/profimedia-0096170632-1024x686.jpg 1024w, https:\/\/d2p6e6u75xmxt8.cloudfront.net\/6\/2018\/01\/profimedia-0096170632-272x182.jpg 272w\" sizes=\"auto, (max-width: 1250px) 100vw, 1250px\" \/><\/a><\/p>\n<p><a href=\"https:\/\/d2p6e6u75xmxt8.cloudfront.net\/6\/2018\/01\/profimedia-0096170563.jpg\"><img loading=\"lazy\" decoding=\"async\" class=\"alignnone size-full wp-image-2136\" src=\"https:\/\/d2p6e6u75xmxt8.cloudfront.net\/6\/2018\/01\/profimedia-0096170563.jpg\" alt=\"\" width=\"1250\" height=\"841\" srcset=\"https:\/\/d2p6e6u75xmxt8.cloudfront.net\/6\/2018\/01\/profimedia-0096170563.jpg 1250w, https:\/\/d2p6e6u75xmxt8.cloudfront.net\/6\/2018\/01\/profimedia-0096170563-300x202.jpg 300w, https:\/\/d2p6e6u75xmxt8.cloudfront.net\/6\/2018\/01\/profimedia-0096170563-768x517.jpg 768w, https:\/\/d2p6e6u75xmxt8.cloudfront.net\/6\/2018\/01\/profimedia-0096170563-1024x689.jpg 1024w, https:\/\/d2p6e6u75xmxt8.cloudfront.net\/6\/2018\/01\/profimedia-0096170563-272x182.jpg 272w\" sizes=\"auto, (max-width: 1250px) 100vw, 1250px\" \/><\/a><\/p>\n<p><a href=\"https:\/\/d2p6e6u75xmxt8.cloudfront.net\/6\/2018\/01\/profimedia-0096170559.jpg\"><img loading=\"lazy\" decoding=\"async\" class=\"alignnone size-full wp-image-2142\" src=\"https:\/\/d2p6e6u75xmxt8.cloudfront.net\/6\/2018\/01\/profimedia-0096170559.jpg\" alt=\"\" width=\"1250\" height=\"832\" srcset=\"https:\/\/d2p6e6u75xmxt8.cloudfront.net\/6\/2018\/01\/profimedia-0096170559.jpg 1250w, https:\/\/d2p6e6u75xmxt8.cloudfront.net\/6\/2018\/01\/profimedia-0096170559-300x200.jpg 300w, https:\/\/d2p6e6u75xmxt8.cloudfront.net\/6\/2018\/01\/profimedia-0096170559-768x511.jpg 768w, https:\/\/d2p6e6u75xmxt8.cloudfront.net\/6\/2018\/01\/profimedia-0096170559-1024x682.jpg 1024w, https:\/\/d2p6e6u75xmxt8.cloudfront.net\/6\/2018\/01\/profimedia-0096170559-272x182.jpg 272w\" sizes=\"auto, (max-width: 1250px) 100vw, 1250px\" \/><\/a><\/p>\n<p><a href=\"https:\/\/d2p6e6u75xmxt8.cloudfront.net\/6\/2018\/01\/profimedia-0096170609.jpg\"><img loading=\"lazy\" decoding=\"async\" class=\"alignnone size-full wp-image-2146\" src=\"https:\/\/d2p6e6u75xmxt8.cloudfront.net\/6\/2018\/01\/profimedia-0096170609.jpg\" alt=\"\" width=\"1250\" height=\"838\" srcset=\"https:\/\/d2p6e6u75xmxt8.cloudfront.net\/6\/2018\/01\/profimedia-0096170609.jpg 1250w, https:\/\/d2p6e6u75xmxt8.cloudfront.net\/6\/2018\/01\/profimedia-0096170609-300x201.jpg 300w, https:\/\/d2p6e6u75xmxt8.cloudfront.net\/6\/2018\/01\/profimedia-0096170609-768x515.jpg 768w, https:\/\/d2p6e6u75xmxt8.cloudfront.net\/6\/2018\/01\/profimedia-0096170609-1024x686.jpg 1024w, https:\/\/d2p6e6u75xmxt8.cloudfront.net\/6\/2018\/01\/profimedia-0096170609-272x182.jpg 272w\" sizes=\"auto, (max-width: 1250px) 100vw, 1250px\" \/><\/a><\/p>\n<p><a href=\"https:\/\/d2p6e6u75xmxt8.cloudfront.net\/6\/2018\/01\/profimedia-0096170586.jpg\"><img loading=\"lazy\" decoding=\"async\" class=\"alignnone size-full wp-image-2148\" src=\"https:\/\/d2p6e6u75xmxt8.cloudfront.net\/6\/2018\/01\/profimedia-0096170586.jpg\" alt=\"\" width=\"1250\" height=\"834\" srcset=\"https:\/\/d2p6e6u75xmxt8.cloudfront.net\/6\/2018\/01\/profimedia-0096170586.jpg 1250w, https:\/\/d2p6e6u75xmxt8.cloudfront.net\/6\/2018\/01\/profimedia-0096170586-300x200.jpg 300w, https:\/\/d2p6e6u75xmxt8.cloudfront.net\/6\/2018\/01\/profimedia-0096170586-768x512.jpg 768w, https:\/\/d2p6e6u75xmxt8.cloudfront.net\/6\/2018\/01\/profimedia-0096170586-1024x683.jpg 1024w, https:\/\/d2p6e6u75xmxt8.cloudfront.net\/6\/2018\/01\/profimedia-0096170586-272x182.jpg 272w\" sizes=\"auto, (max-width: 1250px) 100vw, 1250px\" \/><\/a><\/p>\n<p><a href=\"https:\/\/d2p6e6u75xmxt8.cloudfront.net\/6\/2018\/01\/profimedia-0096170653.jpg\"><img loading=\"lazy\" decoding=\"async\" class=\"alignnone size-full wp-image-2150\" src=\"https:\/\/d2p6e6u75xmxt8.cloudfront.net\/6\/2018\/01\/profimedia-0096170653.jpg\" alt=\"\" width=\"1250\" height=\"834\" srcset=\"https:\/\/d2p6e6u75xmxt8.cloudfront.net\/6\/2018\/01\/profimedia-0096170653.jpg 1250w, https:\/\/d2p6e6u75xmxt8.cloudfront.net\/6\/2018\/01\/profimedia-0096170653-300x200.jpg 300w, https:\/\/d2p6e6u75xmxt8.cloudfront.net\/6\/2018\/01\/profimedia-0096170653-768x512.jpg 768w, https:\/\/d2p6e6u75xmxt8.cloudfront.net\/6\/2018\/01\/profimedia-0096170653-1024x683.jpg 1024w, https:\/\/d2p6e6u75xmxt8.cloudfront.net\/6\/2018\/01\/profimedia-0096170653-272x182.jpg 272w\" sizes=\"auto, (max-width: 1250px) 100vw, 1250px\" \/><\/a><\/p>\n<p><a href=\"https:\/\/d2p6e6u75xmxt8.cloudfront.net\/6\/2018\/01\/profimedia-0096170651.jpg\"><img loading=\"lazy\" decoding=\"async\" class=\"alignnone size-full wp-image-2152\" src=\"https:\/\/d2p6e6u75xmxt8.cloudfront.net\/6\/2018\/01\/profimedia-0096170651.jpg\" alt=\"\" width=\"1250\" height=\"826\" srcset=\"https:\/\/d2p6e6u75xmxt8.cloudfront.net\/6\/2018\/01\/profimedia-0096170651.jpg 1250w, https:\/\/d2p6e6u75xmxt8.cloudfront.net\/6\/2018\/01\/profimedia-0096170651-300x198.jpg 300w, https:\/\/d2p6e6u75xmxt8.cloudfront.net\/6\/2018\/01\/profimedia-0096170651-768x507.jpg 768w, https:\/\/d2p6e6u75xmxt8.cloudfront.net\/6\/2018\/01\/profimedia-0096170651-1024x677.jpg 1024w\" sizes=\"auto, (max-width: 1250px) 100vw, 1250px\" \/><\/a><\/p>\n<p><a href=\"https:\/\/d2p6e6u75xmxt8.cloudfront.net\/6\/2018\/01\/profimedia-0096170539.jpg\"><img loading=\"lazy\" decoding=\"async\" class=\"alignnone size-full wp-image-2154\" src=\"https:\/\/d2p6e6u75xmxt8.cloudfront.net\/6\/2018\/01\/profimedia-0096170539.jpg\" alt=\"\" width=\"1250\" height=\"799\" srcset=\"https:\/\/d2p6e6u75xmxt8.cloudfront.net\/6\/2018\/01\/profimedia-0096170539.jpg 1250w, https:\/\/d2p6e6u75xmxt8.cloudfront.net\/6\/2018\/01\/profimedia-0096170539-300x192.jpg 300w, https:\/\/d2p6e6u75xmxt8.cloudfront.net\/6\/2018\/01\/profimedia-0096170539-768x491.jpg 768w, https:\/\/d2p6e6u75xmxt8.cloudfront.net\/6\/2018\/01\/profimedia-0096170539-1024x655.jpg 1024w\" sizes=\"auto, (max-width: 1250px) 100vw, 1250px\" \/><\/a><\/p>\n<p><a href=\"https:\/\/d2p6e6u75xmxt8.cloudfront.net\/6\/2018\/01\/profimedia-0096170645.jpg\"><img loading=\"lazy\" decoding=\"async\" class=\"alignnone size-full wp-image-2156\" src=\"https:\/\/d2p6e6u75xmxt8.cloudfront.net\/6\/2018\/01\/profimedia-0096170645.jpg\" alt=\"\" width=\"1250\" height=\"832\" srcset=\"https:\/\/d2p6e6u75xmxt8.cloudfront.net\/6\/2018\/01\/profimedia-0096170645.jpg 1250w, https:\/\/d2p6e6u75xmxt8.cloudfront.net\/6\/2018\/01\/profimedia-0096170645-300x200.jpg 300w, https:\/\/d2p6e6u75xmxt8.cloudfront.net\/6\/2018\/01\/profimedia-0096170645-768x511.jpg 768w, https:\/\/d2p6e6u75xmxt8.cloudfront.net\/6\/2018\/01\/profimedia-0096170645-1024x682.jpg 1024w, https:\/\/d2p6e6u75xmxt8.cloudfront.net\/6\/2018\/01\/profimedia-0096170645-272x182.jpg 272w\" sizes=\"auto, (max-width: 1250px) 100vw, 1250px\" \/><\/a><\/p>\n<p><a href=\"https:\/\/d2p6e6u75xmxt8.cloudfront.net\/6\/2018\/01\/profimedia-0096170657.jpg\"><img loading=\"lazy\" decoding=\"async\" class=\"alignnone size-full wp-image-2158\" src=\"https:\/\/d2p6e6u75xmxt8.cloudfront.net\/6\/2018\/01\/profimedia-0096170657.jpg\" alt=\"\" width=\"1250\" height=\"834\" srcset=\"https:\/\/d2p6e6u75xmxt8.cloudfront.net\/6\/2018\/01\/profimedia-0096170657.jpg 1250w, https:\/\/d2p6e6u75xmxt8.cloudfront.net\/6\/2018\/01\/profimedia-0096170657-300x200.jpg 300w, https:\/\/d2p6e6u75xmxt8.cloudfront.net\/6\/2018\/01\/profimedia-0096170657-768x512.jpg 768w, https:\/\/d2p6e6u75xmxt8.cloudfront.net\/6\/2018\/01\/profimedia-0096170657-1024x683.jpg 1024w, https:\/\/d2p6e6u75xmxt8.cloudfront.net\/6\/2018\/01\/profimedia-0096170657-272x182.jpg 272w\" sizes=\"auto, (max-width: 1250px) 100vw, 1250px\" \/><\/a><\/p>\n","protected":false},"excerpt":{"rendered":"<p>La \u00faltima edici\u00f3n de la Carrera de la Paz se disput\u00f3 en 2006. Ahora es una carrera de tres d\u00edas [&hellip;]<\/p>\n","protected":false},"author":29,"featured_media":2160,"comment_status":"open","ping_status":"open","sticky":false,"template":"","format":"standard","meta":{"footnotes":""},"categories":[7],"tags":[264,265],"global-categories":[],"class_list":["post-2120","post","type-post","status-publish","format-standard","has-post-thumbnail","hentry","category-carretera","tag-carrera-de-la-paz","tag-fotos-carrera-de-la-paz"],"yoast_head":"<!-- This site is optimized with the Yoast SEO Premium plugin v25.3 (Yoast SEO v25.9) - https:\/\/yoast.com\/wordpress\/plugins\/seo\/ -->\n<title>Las fotos de la Carrera de la Paz. El Tour de Francia del Este - \u0160koda We Love Cycling - Spain<\/title>\n<meta name=\"description\" content=\"La \u00faltima edici\u00f3n de la Carrera de la Paz se disput\u00f3 en 2006. Aqu\u00ed tienes una selecci\u00f3n de las mejores fotos de la edici\u00f3n de 1968\" \/>\n<meta name=\"robots\" content=\"index, follow, max-snippet:-1, max-image-preview:large, max-video-preview:-1\" \/>\n<link rel=\"canonical\" href=\"https:\/\/www.welovecycling.com\/es\/2018\/01\/20\/las-fotos-de-la-carrera-de-la-paz\/\" \/>\n<meta property=\"og:locale\" content=\"es_ES\" \/>\n<meta property=\"og:type\" content=\"article\" \/>\n<meta property=\"og:title\" content=\"Las fotos de la Carrera de la Paz. El Tour de Francia del Este\" \/>\n<meta property=\"og:description\" content=\"La \u00faltima edici\u00f3n de la Carrera de la Paz se disput\u00f3 en 2006. Ahora es una carrera de tres d\u00edas para sub-23 que se celebra en May, en la Rep\u00fablica Checa. Pero, en el pasado, era lo m\u00e1s parecido al Tour de Francia en el bloque del Este. La carrera, que se corr\u00eda cada a\u00f1o, comenz\u00f3 con una doble edici\u00f3n entre Varsovia-Praga y Praga-Varsovia en 1948. Su nombre era Friedensfahrt en Alemania,\u00a0 Z\u00e1vod m\u00edru en Checoslovaquia y Wy\u015bcig Pokoj en Polonia.\" \/>\n<meta property=\"og:url\" content=\"https:\/\/www.welovecycling.com\/es\/2018\/01\/20\/las-fotos-de-la-carrera-de-la-paz\/\" \/>\n<meta property=\"og:site_name\" content=\"\u0160koda We Love Cycling - Spain\" \/>\n<meta property=\"article:published_time\" content=\"2018-01-20T18:16:57+00:00\" \/>\n<meta property=\"og:image\" content=\"https:\/\/d2p6e6u75xmxt8.cloudfront.net\/6\/2018\/01\/profimedia-0096170543-1.jpg\" \/>\n\t<meta property=\"og:image:width\" content=\"1366\" \/>\n\t<meta property=\"og:image:height\" content=\"600\" \/>\n\t<meta property=\"og:image:type\" content=\"image\/jpeg\" \/>\n<meta name=\"author\" content=\"We Love Cycling Spain\" \/>\n<meta name=\"twitter:card\" content=\"summary_large_image\" \/>\n<meta name=\"twitter:title\" content=\"Las fotos de la Carrera de la Paz. El Tour de Francia del Este\" \/>\n<meta name=\"twitter:description\" content=\"La \u00faltima edici\u00f3n de la Carrera de la Paz se disput\u00f3 en 2006. Ahora es una carrera de tres d\u00edas para sub-23 que se celebra en May, en la Rep\u00fablica Checa. Pero, en el pasado, era lo m\u00e1s parecido al Tour de Francia en el bloque del Este. La carrera, que se corr\u00eda cada a\u00f1o, comenz\u00f3 con una doble edici\u00f3n entre Varsovia-Praga y Praga-Varsovia en 1948. Su nombre era Friedensfahrt en Alemania,\u00a0 Z\u00e1vod m\u00edru en Checoslovaquia y Wy\u015bcig Pokoj en Polonia.\" \/>\n<meta name=\"twitter:label1\" content=\"Written by\" \/>\n\t<meta name=\"twitter:data1\" content=\"Monica Buck\" \/>\n\t<meta name=\"twitter:label2\" content=\"Est. reading time\" \/>\n\t<meta name=\"twitter:data2\" content=\"1 minute\" \/>\n<script type=\"application\/ld+json\" class=\"yoast-schema-graph\">{\"@context\":\"https:\/\/schema.org\",\"@graph\":[{\"@type\":\"WebPage\",\"@id\":\"https:\/\/www.welovecycling.com\/es\/2018\/01\/20\/las-fotos-de-la-carrera-de-la-paz\/\",\"url\":\"https:\/\/www.welovecycling.com\/es\/2018\/01\/20\/las-fotos-de-la-carrera-de-la-paz\/\",\"name\":\"Las fotos de la Carrera de la Paz. El Tour de Francia del Este - \u0160koda We Love Cycling - Spain\",\"isPartOf\":{\"@id\":\"https:\/\/www.welovecycling.com\/es\/#website\"},\"primaryImageOfPage\":{\"@id\":\"https:\/\/www.welovecycling.com\/es\/2018\/01\/20\/las-fotos-de-la-carrera-de-la-paz\/#primaryimage\"},\"image\":{\"@id\":\"https:\/\/www.welovecycling.com\/es\/2018\/01\/20\/las-fotos-de-la-carrera-de-la-paz\/#primaryimage\"},\"thumbnailUrl\":\"https:\/\/d2p6e6u75xmxt8.cloudfront.net\/6\/2018\/01\/profimedia-0096170543-1.jpg\",\"datePublished\":\"2018-01-20T18:16:57+00:00\",\"author\":{\"@id\":\"https:\/\/www.welovecycling.com\/es\/#\/schema\/person\/deb61715b5812698ee79fb96f343ccd4\"},\"description\":\"La \u00faltima edici\u00f3n de la Carrera de la Paz se disput\u00f3 en 2006. Aqu\u00ed tienes una selecci\u00f3n de las mejores fotos de la edici\u00f3n de 1968\",\"breadcrumb\":{\"@id\":\"https:\/\/www.welovecycling.com\/es\/2018\/01\/20\/las-fotos-de-la-carrera-de-la-paz\/#breadcrumb\"},\"inLanguage\":\"es-ES\",\"potentialAction\":[{\"@type\":\"ReadAction\",\"target\":[\"https:\/\/www.welovecycling.com\/es\/2018\/01\/20\/las-fotos-de-la-carrera-de-la-paz\/\"]}]},{\"@type\":\"ImageObject\",\"inLanguage\":\"es-ES\",\"@id\":\"https:\/\/www.welovecycling.com\/es\/2018\/01\/20\/las-fotos-de-la-carrera-de-la-paz\/#primaryimage\",\"url\":\"https:\/\/d2p6e6u75xmxt8.cloudfront.net\/6\/2018\/01\/profimedia-0096170543-1.jpg\",\"contentUrl\":\"https:\/\/d2p6e6u75xmxt8.cloudfront.net\/6\/2018\/01\/profimedia-0096170543-1.jpg\",\"width\":1366,\"height\":600},{\"@type\":\"BreadcrumbList\",\"@id\":\"https:\/\/www.welovecycling.com\/es\/2018\/01\/20\/las-fotos-de-la-carrera-de-la-paz\/#breadcrumb\",\"itemListElement\":[{\"@type\":\"ListItem\",\"position\":1,\"name\":\"Home\",\"item\":\"https:\/\/www.welovecycling.com\/es\/\"},{\"@type\":\"ListItem\",\"position\":2,\"name\":\"Las fotos de la Carrera de la Paz. El Tour de Francia del Este\"}]},{\"@type\":\"WebSite\",\"@id\":\"https:\/\/www.welovecycling.com\/es\/#website\",\"url\":\"https:\/\/www.welovecycling.com\/es\/\",\"name\":\"\u0160koda We Love Cycling - Spain\",\"description\":\"\u0160koda WeLoveCycling Spain\",\"potentialAction\":[{\"@type\":\"SearchAction\",\"target\":{\"@type\":\"EntryPoint\",\"urlTemplate\":\"https:\/\/www.welovecycling.com\/es\/?s={search_term_string}\"},\"query-input\":{\"@type\":\"PropertyValueSpecification\",\"valueRequired\":true,\"valueName\":\"search_term_string\"}}],\"inLanguage\":\"es-ES\"},{\"@type\":\"Person\",\"@id\":\"https:\/\/www.welovecycling.com\/es\/#\/schema\/person\/deb61715b5812698ee79fb96f343ccd4\",\"name\":\"We Love Cycling Spain\",\"image\":{\"@type\":\"ImageObject\",\"inLanguage\":\"es-ES\",\"@id\":\"https:\/\/www.welovecycling.com\/es\/#\/schema\/person\/image\/\",\"url\":\"https:\/\/secure.gravatar.com\/avatar\/c824b04e6df0e37a03219d0b6481672889df542894588964102459e46513159c?s=96&d=mm&r=g\",\"contentUrl\":\"https:\/\/secure.gravatar.com\/avatar\/c824b04e6df0e37a03219d0b6481672889df542894588964102459e46513159c?s=96&d=mm&r=g\",\"caption\":\"We Love Cycling Spain\"},\"url\":\"https:\/\/www.welovecycling.com\/es\/author\/amunoz\/\"}]}<\/script>\n<!-- \/ Yoast SEO Premium plugin. -->","yoast_head_json":{"title":"Las fotos de la Carrera de la Paz. El Tour de Francia del Este - \u0160koda We Love Cycling - Spain","description":"La \u00faltima edici\u00f3n de la Carrera de la Paz se disput\u00f3 en 2006. Aqu\u00ed tienes una selecci\u00f3n de las mejores fotos de la edici\u00f3n de 1968","robots":{"index":"index","follow":"follow","max-snippet":"max-snippet:-1","max-image-preview":"max-image-preview:large","max-video-preview":"max-video-preview:-1"},"canonical":"https:\/\/www.welovecycling.com\/es\/2018\/01\/20\/las-fotos-de-la-carrera-de-la-paz\/","og_locale":"es_ES","og_type":"article","og_title":"Las fotos de la Carrera de la Paz. El Tour de Francia del Este","og_description":"La \u00faltima edici\u00f3n de la Carrera de la Paz se disput\u00f3 en 2006. Ahora es una carrera de tres d\u00edas para sub-23 que se celebra en May, en la Rep\u00fablica Checa. Pero, en el pasado, era lo m\u00e1s parecido al Tour de Francia en el bloque del Este. La carrera, que se corr\u00eda cada a\u00f1o, comenz\u00f3 con una doble edici\u00f3n entre Varsovia-Praga y Praga-Varsovia en 1948. Su nombre era Friedensfahrt en Alemania,\u00a0 Z\u00e1vod m\u00edru en Checoslovaquia y Wy\u015bcig Pokoj en Polonia.","og_url":"https:\/\/www.welovecycling.com\/es\/2018\/01\/20\/las-fotos-de-la-carrera-de-la-paz\/","og_site_name":"\u0160koda We Love Cycling - Spain","article_published_time":"2018-01-20T18:16:57+00:00","og_image":[{"width":1366,"height":600,"url":"https:\/\/d2p6e6u75xmxt8.cloudfront.net\/6\/2018\/01\/profimedia-0096170543-1.jpg","type":"image\/jpeg"}],"author":"We Love Cycling Spain","twitter_card":"summary_large_image","twitter_title":"Las fotos de la Carrera de la Paz. El Tour de Francia del Este","twitter_description":"La \u00faltima edici\u00f3n de la Carrera de la Paz se disput\u00f3 en 2006. Ahora es una carrera de tres d\u00edas para sub-23 que se celebra en May, en la Rep\u00fablica Checa. Pero, en el pasado, era lo m\u00e1s parecido al Tour de Francia en el bloque del Este. La carrera, que se corr\u00eda cada a\u00f1o, comenz\u00f3 con una doble edici\u00f3n entre Varsovia-Praga y Praga-Varsovia en 1948. Su nombre era Friedensfahrt en Alemania,\u00a0 Z\u00e1vod m\u00edru en Checoslovaquia y Wy\u015bcig Pokoj en Polonia.","twitter_misc":{"Written by":"Monica Buck","Est. reading time":"1 minute"},"schema":{"@context":"https:\/\/schema.org","@graph":[{"@type":"WebPage","@id":"https:\/\/www.welovecycling.com\/es\/2018\/01\/20\/las-fotos-de-la-carrera-de-la-paz\/","url":"https:\/\/www.welovecycling.com\/es\/2018\/01\/20\/las-fotos-de-la-carrera-de-la-paz\/","name":"Las fotos de la Carrera de la Paz. El Tour de Francia del Este - \u0160koda We Love Cycling - Spain","isPartOf":{"@id":"https:\/\/www.welovecycling.com\/es\/#website"},"primaryImageOfPage":{"@id":"https:\/\/www.welovecycling.com\/es\/2018\/01\/20\/las-fotos-de-la-carrera-de-la-paz\/#primaryimage"},"image":{"@id":"https:\/\/www.welovecycling.com\/es\/2018\/01\/20\/las-fotos-de-la-carrera-de-la-paz\/#primaryimage"},"thumbnailUrl":"https:\/\/d2p6e6u75xmxt8.cloudfront.net\/6\/2018\/01\/profimedia-0096170543-1.jpg","datePublished":"2018-01-20T18:16:57+00:00","author":{"@id":"https:\/\/www.welovecycling.com\/es\/#\/schema\/person\/deb61715b5812698ee79fb96f343ccd4"},"description":"La \u00faltima edici\u00f3n de la Carrera de la Paz se disput\u00f3 en 2006. Aqu\u00ed tienes una selecci\u00f3n de las mejores fotos de la edici\u00f3n de 1968","breadcrumb":{"@id":"https:\/\/www.welovecycling.com\/es\/2018\/01\/20\/las-fotos-de-la-carrera-de-la-paz\/#breadcrumb"},"inLanguage":"es-ES","potentialAction":[{"@type":"ReadAction","target":["https:\/\/www.welovecycling.com\/es\/2018\/01\/20\/las-fotos-de-la-carrera-de-la-paz\/"]}]},{"@type":"ImageObject","inLanguage":"es-ES","@id":"https:\/\/www.welovecycling.com\/es\/2018\/01\/20\/las-fotos-de-la-carrera-de-la-paz\/#primaryimage","url":"https:\/\/d2p6e6u75xmxt8.cloudfront.net\/6\/2018\/01\/profimedia-0096170543-1.jpg","contentUrl":"https:\/\/d2p6e6u75xmxt8.cloudfront.net\/6\/2018\/01\/profimedia-0096170543-1.jpg","width":1366,"height":600},{"@type":"BreadcrumbList","@id":"https:\/\/www.welovecycling.com\/es\/2018\/01\/20\/las-fotos-de-la-carrera-de-la-paz\/#breadcrumb","itemListElement":[{"@type":"ListItem","position":1,"name":"Home","item":"https:\/\/www.welovecycling.com\/es\/"},{"@type":"ListItem","position":2,"name":"Las fotos de la Carrera de la Paz. El Tour de Francia del Este"}]},{"@type":"WebSite","@id":"https:\/\/www.welovecycling.com\/es\/#website","url":"https:\/\/www.welovecycling.com\/es\/","name":"\u0160koda We Love Cycling - Spain","description":"\u0160koda WeLoveCycling Spain","potentialAction":[{"@type":"SearchAction","target":{"@type":"EntryPoint","urlTemplate":"https:\/\/www.welovecycling.com\/es\/?s={search_term_string}"},"query-input":{"@type":"PropertyValueSpecification","valueRequired":true,"valueName":"search_term_string"}}],"inLanguage":"es-ES"},{"@type":"Person","@id":"https:\/\/www.welovecycling.com\/es\/#\/schema\/person\/deb61715b5812698ee79fb96f343ccd4","name":"We Love Cycling Spain","image":{"@type":"ImageObject","inLanguage":"es-ES","@id":"https:\/\/www.welovecycling.com\/es\/#\/schema\/person\/image\/","url":"https:\/\/secure.gravatar.com\/avatar\/c824b04e6df0e37a03219d0b6481672889df542894588964102459e46513159c?s=96&d=mm&r=g","contentUrl":"https:\/\/secure.gravatar.com\/avatar\/c824b04e6df0e37a03219d0b6481672889df542894588964102459e46513159c?s=96&d=mm&r=g","caption":"We Love Cycling Spain"},"url":"https:\/\/www.welovecycling.com\/es\/author\/amunoz\/"}]}},"_links":{"self":[{"href":"https:\/\/www.welovecycling.com\/es\/wp-json\/wp\/v2\/posts\/2120","targetHints":{"allow":["GET"]}}],"collection":[{"href":"https:\/\/www.welovecycling.com\/es\/wp-json\/wp\/v2\/posts"}],"about":[{"href":"https:\/\/www.welovecycling.com\/es\/wp-json\/wp\/v2\/types\/post"}],"author":[{"embeddable":true,"href":"https:\/\/www.welovecycling.com\/es\/wp-json\/wp\/v2\/users\/29"}],"replies":[{"embeddable":true,"href":"https:\/\/www.welovecycling.com\/es\/wp-json\/wp\/v2\/comments?post=2120"}],"version-history":[{"count":2,"href":"https:\/\/www.welovecycling.com\/es\/wp-json\/wp\/v2\/posts\/2120\/revisions"}],"predecessor-version":[{"id":2164,"href":"https:\/\/www.welovecycling.com\/es\/wp-json\/wp\/v2\/posts\/2120\/revisions\/2164"}],"wp:featuredmedia":[{"embeddable":true,"href":"https:\/\/www.welovecycling.com\/es\/wp-json\/wp\/v2\/media\/2160"}],"wp:attachment":[{"href":"https:\/\/www.welovecycling.com\/es\/wp-json\/wp\/v2\/media?parent=2120"}],"wp:term":[{"taxonomy":"category","embeddable":true,"href":"https:\/\/www.welovecycling.com\/es\/wp-json\/wp\/v2\/categories?post=2120"},{"taxonomy":"post_tag","embeddable":true,"href":"https:\/\/www.welovecycling.com\/es\/wp-json\/wp\/v2\/tags?post=2120"},{"taxonomy":"global-categories","embeddable":true,"href":"https:\/\/www.welovecycling.com\/es\/wp-json\/wp\/v2\/global-categories?post=2120"}],"curies":[{"name":"wp","href":"https:\/\/api.w.org\/{rel}","templated":true}]}}