{"id":2119,"date":"2018-01-19T11:36:25","date_gmt":"2018-01-19T09:36:25","guid":{"rendered":"https:\/\/www.welovecycling.com\/es\/?p=2119"},"modified":"2018-01-19T11:36:25","modified_gmt":"2018-01-19T09:36:25","slug":"tren-adaptado-para-viajar-en-bici","status":"publish","type":"post","link":"https:\/\/www.welovecycling.com\/es\/2018\/01\/19\/tren-adaptado-para-viajar-en-bici\/","title":{"rendered":"Un tren adaptado para viajar en bici. La soluci\u00f3n est\u00e1 en Jap\u00f3n"},"content":{"rendered":"<p><strong>\u00bfTe encantar\u00eda hacer etapas en lugares espectaculares pero no vas porque est\u00e1n demasiado lejos de tu casa? No tienes un coche para ir y los trenes que hay no est\u00e1n adaptados o en cuanto hay dos bicicletas no permiten ninguna mas. Jap\u00f3n, como siempre, ha encontrado la soluci\u00f3n. Un tren adaptado para viajar en bici.\u00a0<\/strong><!--more--><\/p>\n<p>La Compa\u00f1\u00eda Ferroviaria del Este de Jap\u00f3n (JR East) escuch\u00f3 las oraciones de los adictos al ciclismo y flot\u00f3 un tren especial de fin de semana desde Tokio a la Prefectura de Chiba que fue creado pensando en las bicicletas. Las compa\u00f1\u00edas ferroviarias japonesas generalmente no se oponen a llevar tu bicicleta a bordo, pero requieren que la desmontes hasta cierto punto o, como es el caso de JR East, que la pongas en una bolsa especial llamada &#8220;rinkobukuro&#8221; para evitar manchar la ropa de otros pasajeros con la cadena o con las ruedas sucias. El nuevo tren de seis coches, apodado B. B. Base, est\u00e1 equipado con ganchos para bicicletas especiales y puede acomodar hasta 99 personas con sus viajes<\/p>\n<lite-youtube videoid=DpvO7Asfc24 params=\"enablejsapi=1\" style=\"background-image: url('https:\/\/i.ytimg.com\/vi_webp\/DpvO7Asfc24\/maxresdefault.webp');\"><\/lite-youtube>\n<p>La Prefectura de Chiba es un destino popular para los ciclistas porque las carreteras son generalmente llanas, est\u00e1n bien asfaltadas y el clima es templado, por lo que la sucursal de JR East en Chiba decidi\u00f3 hacer que los ciclistas de la capital y las \u00e1reas adyacentes tuvieran un acceso m\u00e1s f\u00e1cil. &#8220;Esperamos contar con mucha gente a bordo de la Base B. B. para aumentar el n\u00famero de visitantes a la prefectura&#8221;, dijo Naonori Kyoden, gerente de la sucursal. Adem\u00e1s, esta no es la primera iniciativa en favor de\u00a0 la pr\u00e1ctica del ciclismo en el que se involucra esta rama de JR East ya que han estado co-patrocinando eventos ciclistas y triatlones alrededor de la pen\u00ednsula de Jap\u00f3n durante a\u00f1os.<\/p>\n<p>&nbsp;<\/p>\n<p>Este tren especial arranc\u00f3 el 6 de enero\u00a0 y est\u00e1 pintado con una pintura blanca especial con perfiles de bicicleta gris y plateada, por lo que sabes exactamente donde buscarlo en la estaci\u00f3n de Ryogoku, que fue seleccionada como punto de partida debido a las pendientes de su and\u00e9n adecuado para ruedas. B.B. Base es el nombre del tren y\u00a0 &#8220;base&#8221; significa que el tren deber\u00eda funcionar como un centro neur\u00e1lgico para los ciclistas que viajan<\/p>\n<p>&nbsp;<\/p>\n<p><a href=\"https:\/\/d2p6e6u75xmxt8.cloudfront.net\/6\/2018\/01\/bbbase_s6.jpg\"><img loading=\"lazy\" decoding=\"async\" class=\"alignnone size-full wp-image-2123\" src=\"https:\/\/d2p6e6u75xmxt8.cloudfront.net\/6\/2018\/01\/bbbase_s6.jpg\" alt=\"\" width=\"1024\" height=\"683\" srcset=\"https:\/\/d2p6e6u75xmxt8.cloudfront.net\/6\/2018\/01\/bbbase_s6.jpg 1024w, https:\/\/d2p6e6u75xmxt8.cloudfront.net\/6\/2018\/01\/bbbase_s6-300x200.jpg 300w, https:\/\/d2p6e6u75xmxt8.cloudfront.net\/6\/2018\/01\/bbbase_s6-768x512.jpg 768w, https:\/\/d2p6e6u75xmxt8.cloudfront.net\/6\/2018\/01\/bbbase_s6-272x182.jpg 272w\" sizes=\"auto, (max-width: 1024px) 100vw, 1024px\" \/><\/a><\/p>\n<p>JR East ofrece paquetes de ida y vuelta de un d\u00eda, a partir de 48 EUR, a diferentes partes de la prefectura, utilizando la l\u00ednea Narita Line, que llega a la ciudad m\u00e1s oriental de Choshi, la l\u00ednea Uchibo a lo largo de la bah\u00eda de Tokio o la l\u00ednea Sotobo a lo largo de la costa del Pac\u00edfico. Otros paquetes tur\u00edsticos incluyen estancias hoteleras en diferentes destinos. \u00a1Bien pensado, Jap\u00f3n!<\/p>\n","protected":false},"excerpt":{"rendered":"<p>\u00bfTe encantar\u00eda hacer etapas en lugares espectaculares pero no vas porque est\u00e1n demasiado lejos de tu casa? No tienes un [&hellip;]<\/p>\n","protected":false},"author":29,"featured_media":2128,"comment_status":"open","ping_status":"open","sticky":false,"template":"","format":"standard","meta":{"footnotes":""},"categories":[7,8,9,6],"tags":[258,259],"global-categories":[],"class_list":["post-2119","post","type-post","status-publish","format-standard","has-post-thumbnail","hentry","category-carretera","category-life-style","category-mtb-aventura","category-urban","tag-tren-ciclista","tag-trenes-para-bicicletas"],"yoast_head":"<!-- This site is optimized with the Yoast SEO Premium plugin v25.3 (Yoast SEO v25.9) - https:\/\/yoast.com\/wordpress\/plugins\/seo\/ -->\n<title>Un tren adaptado para viajar en bici. La soluci\u00f3n est\u00e1 en Jap\u00f3n - \u0160koda We Love Cycling - Spain<\/title>\n<meta name=\"description\" content=\"Un tren adaptado especialmente para viajar en bici. Ya existe y lo han creado en Jap\u00f3n. Un modelo que se puede exportar a Renfe.\" \/>\n<meta name=\"robots\" content=\"index, follow, max-snippet:-1, max-image-preview:large, max-video-preview:-1\" \/>\n<link rel=\"canonical\" href=\"https:\/\/www.welovecycling.com\/es\/2018\/01\/19\/tren-adaptado-para-viajar-en-bici\/\" \/>\n<meta property=\"og:locale\" content=\"es_ES\" \/>\n<meta property=\"og:type\" content=\"article\" \/>\n<meta property=\"og:title\" content=\"Un tren adaptado para viajar en bici. La soluci\u00f3n est\u00e1 en Jap\u00f3n\" \/>\n<meta property=\"og:description\" content=\"\u00bfTe encantar\u00eda hacer etapas en lugares espectaculares pero no vas porque est\u00e1n demasiado lejos de tu casa? No tienes un coche para ir y los trenes que hay no est\u00e1n adaptados o en cuanto hay dos bicicletas no permiten ninguna mas. Jap\u00f3n, como siempre, ha encontrado la soluci\u00f3n. Un tren adaptado para viajar en bici.\u00a0\" \/>\n<meta property=\"og:url\" content=\"https:\/\/www.welovecycling.com\/es\/2018\/01\/19\/tren-adaptado-para-viajar-en-bici\/\" \/>\n<meta property=\"og:site_name\" content=\"\u0160koda We Love Cycling - Spain\" \/>\n<meta property=\"article:published_time\" content=\"2018-01-19T09:36:25+00:00\" \/>\n<meta property=\"og:image\" content=\"https:\/\/d2p6e6u75xmxt8.cloudfront.net\/6\/2018\/01\/bicyclebikecover.jpg\" \/>\n\t<meta property=\"og:image:width\" content=\"1366\" \/>\n\t<meta property=\"og:image:height\" content=\"600\" \/>\n\t<meta property=\"og:image:type\" content=\"image\/jpeg\" \/>\n<meta name=\"author\" content=\"We Love Cycling Spain\" \/>\n<meta name=\"twitter:card\" content=\"summary_large_image\" \/>\n<meta name=\"twitter:title\" content=\"Un tren adaptado para viajar en bici. La soluci\u00f3n est\u00e1 en Jap\u00f3n\" \/>\n<meta name=\"twitter:description\" content=\"\u00bfTe encantar\u00eda hacer etapas en lugares espectaculares pero no vas porque est\u00e1n demasiado lejos de tu casa? No tienes un coche para ir y los trenes que hay no est\u00e1n adaptados o en cuanto hay dos bicicletas no permiten ninguna mas. Jap\u00f3n, como siempre, ha encontrado la soluci\u00f3n. Un tren adaptado para viajar en bici.\u00a0\" \/>\n<meta name=\"twitter:label1\" content=\"Written by\" \/>\n\t<meta name=\"twitter:data1\" content=\"Frantiska Blazkova\" \/>\n\t<meta name=\"twitter:label2\" content=\"Est. reading time\" \/>\n\t<meta name=\"twitter:data2\" content=\"2 minutes\" \/>\n<script type=\"application\/ld+json\" class=\"yoast-schema-graph\">{\"@context\":\"https:\/\/schema.org\",\"@graph\":[{\"@type\":\"WebPage\",\"@id\":\"https:\/\/www.welovecycling.com\/es\/2018\/01\/19\/tren-adaptado-para-viajar-en-bici\/\",\"url\":\"https:\/\/www.welovecycling.com\/es\/2018\/01\/19\/tren-adaptado-para-viajar-en-bici\/\",\"name\":\"Un tren adaptado para viajar en bici. La soluci\u00f3n est\u00e1 en Jap\u00f3n - \u0160koda We Love Cycling - Spain\",\"isPartOf\":{\"@id\":\"https:\/\/www.welovecycling.com\/es\/#website\"},\"primaryImageOfPage\":{\"@id\":\"https:\/\/www.welovecycling.com\/es\/2018\/01\/19\/tren-adaptado-para-viajar-en-bici\/#primaryimage\"},\"image\":{\"@id\":\"https:\/\/www.welovecycling.com\/es\/2018\/01\/19\/tren-adaptado-para-viajar-en-bici\/#primaryimage\"},\"thumbnailUrl\":\"https:\/\/d2p6e6u75xmxt8.cloudfront.net\/6\/2018\/01\/bicyclebikecover.jpg\",\"datePublished\":\"2018-01-19T09:36:25+00:00\",\"author\":{\"@id\":\"https:\/\/www.welovecycling.com\/es\/#\/schema\/person\/deb61715b5812698ee79fb96f343ccd4\"},\"description\":\"Un tren adaptado especialmente para viajar en bici. Ya existe y lo han creado en Jap\u00f3n. Un modelo que se puede exportar a Renfe.\",\"breadcrumb\":{\"@id\":\"https:\/\/www.welovecycling.com\/es\/2018\/01\/19\/tren-adaptado-para-viajar-en-bici\/#breadcrumb\"},\"inLanguage\":\"es-ES\",\"potentialAction\":[{\"@type\":\"ReadAction\",\"target\":[\"https:\/\/www.welovecycling.com\/es\/2018\/01\/19\/tren-adaptado-para-viajar-en-bici\/\"]}]},{\"@type\":\"ImageObject\",\"inLanguage\":\"es-ES\",\"@id\":\"https:\/\/www.welovecycling.com\/es\/2018\/01\/19\/tren-adaptado-para-viajar-en-bici\/#primaryimage\",\"url\":\"https:\/\/d2p6e6u75xmxt8.cloudfront.net\/6\/2018\/01\/bicyclebikecover.jpg\",\"contentUrl\":\"https:\/\/d2p6e6u75xmxt8.cloudfront.net\/6\/2018\/01\/bicyclebikecover.jpg\",\"width\":1366,\"height\":600},{\"@type\":\"BreadcrumbList\",\"@id\":\"https:\/\/www.welovecycling.com\/es\/2018\/01\/19\/tren-adaptado-para-viajar-en-bici\/#breadcrumb\",\"itemListElement\":[{\"@type\":\"ListItem\",\"position\":1,\"name\":\"Home\",\"item\":\"https:\/\/www.welovecycling.com\/es\/\"},{\"@type\":\"ListItem\",\"position\":2,\"name\":\"Un tren adaptado para viajar en bici. La soluci\u00f3n est\u00e1 en Jap\u00f3n\"}]},{\"@type\":\"WebSite\",\"@id\":\"https:\/\/www.welovecycling.com\/es\/#website\",\"url\":\"https:\/\/www.welovecycling.com\/es\/\",\"name\":\"\u0160koda We Love Cycling - Spain\",\"description\":\"\u0160koda WeLoveCycling Spain\",\"potentialAction\":[{\"@type\":\"SearchAction\",\"target\":{\"@type\":\"EntryPoint\",\"urlTemplate\":\"https:\/\/www.welovecycling.com\/es\/?s={search_term_string}\"},\"query-input\":{\"@type\":\"PropertyValueSpecification\",\"valueRequired\":true,\"valueName\":\"search_term_string\"}}],\"inLanguage\":\"es-ES\"},{\"@type\":\"Person\",\"@id\":\"https:\/\/www.welovecycling.com\/es\/#\/schema\/person\/deb61715b5812698ee79fb96f343ccd4\",\"name\":\"We Love Cycling Spain\",\"image\":{\"@type\":\"ImageObject\",\"inLanguage\":\"es-ES\",\"@id\":\"https:\/\/www.welovecycling.com\/es\/#\/schema\/person\/image\/\",\"url\":\"https:\/\/secure.gravatar.com\/avatar\/c824b04e6df0e37a03219d0b6481672889df542894588964102459e46513159c?s=96&d=mm&r=g\",\"contentUrl\":\"https:\/\/secure.gravatar.com\/avatar\/c824b04e6df0e37a03219d0b6481672889df542894588964102459e46513159c?s=96&d=mm&r=g\",\"caption\":\"We Love Cycling Spain\"},\"url\":\"https:\/\/www.welovecycling.com\/es\/author\/amunoz\/\"}]}<\/script>\n<!-- \/ Yoast SEO Premium plugin. -->","yoast_head_json":{"title":"Un tren adaptado para viajar en bici. La soluci\u00f3n est\u00e1 en Jap\u00f3n - \u0160koda We Love Cycling - Spain","description":"Un tren adaptado especialmente para viajar en bici. Ya existe y lo han creado en Jap\u00f3n. Un modelo que se puede exportar a Renfe.","robots":{"index":"index","follow":"follow","max-snippet":"max-snippet:-1","max-image-preview":"max-image-preview:large","max-video-preview":"max-video-preview:-1"},"canonical":"https:\/\/www.welovecycling.com\/es\/2018\/01\/19\/tren-adaptado-para-viajar-en-bici\/","og_locale":"es_ES","og_type":"article","og_title":"Un tren adaptado para viajar en bici. La soluci\u00f3n est\u00e1 en Jap\u00f3n","og_description":"\u00bfTe encantar\u00eda hacer etapas en lugares espectaculares pero no vas porque est\u00e1n demasiado lejos de tu casa? No tienes un coche para ir y los trenes que hay no est\u00e1n adaptados o en cuanto hay dos bicicletas no permiten ninguna mas. Jap\u00f3n, como siempre, ha encontrado la soluci\u00f3n. Un tren adaptado para viajar en bici.\u00a0","og_url":"https:\/\/www.welovecycling.com\/es\/2018\/01\/19\/tren-adaptado-para-viajar-en-bici\/","og_site_name":"\u0160koda We Love Cycling - Spain","article_published_time":"2018-01-19T09:36:25+00:00","og_image":[{"width":1366,"height":600,"url":"https:\/\/d2p6e6u75xmxt8.cloudfront.net\/6\/2018\/01\/bicyclebikecover.jpg","type":"image\/jpeg"}],"author":"We Love Cycling Spain","twitter_card":"summary_large_image","twitter_title":"Un tren adaptado para viajar en bici. La soluci\u00f3n est\u00e1 en Jap\u00f3n","twitter_description":"\u00bfTe encantar\u00eda hacer etapas en lugares espectaculares pero no vas porque est\u00e1n demasiado lejos de tu casa? No tienes un coche para ir y los trenes que hay no est\u00e1n adaptados o en cuanto hay dos bicicletas no permiten ninguna mas. Jap\u00f3n, como siempre, ha encontrado la soluci\u00f3n. Un tren adaptado para viajar en bici.\u00a0","twitter_misc":{"Written by":"Frantiska Blazkova","Est. reading time":"2 minutes"},"schema":{"@context":"https:\/\/schema.org","@graph":[{"@type":"WebPage","@id":"https:\/\/www.welovecycling.com\/es\/2018\/01\/19\/tren-adaptado-para-viajar-en-bici\/","url":"https:\/\/www.welovecycling.com\/es\/2018\/01\/19\/tren-adaptado-para-viajar-en-bici\/","name":"Un tren adaptado para viajar en bici. La soluci\u00f3n est\u00e1 en Jap\u00f3n - \u0160koda We Love Cycling - Spain","isPartOf":{"@id":"https:\/\/www.welovecycling.com\/es\/#website"},"primaryImageOfPage":{"@id":"https:\/\/www.welovecycling.com\/es\/2018\/01\/19\/tren-adaptado-para-viajar-en-bici\/#primaryimage"},"image":{"@id":"https:\/\/www.welovecycling.com\/es\/2018\/01\/19\/tren-adaptado-para-viajar-en-bici\/#primaryimage"},"thumbnailUrl":"https:\/\/d2p6e6u75xmxt8.cloudfront.net\/6\/2018\/01\/bicyclebikecover.jpg","datePublished":"2018-01-19T09:36:25+00:00","author":{"@id":"https:\/\/www.welovecycling.com\/es\/#\/schema\/person\/deb61715b5812698ee79fb96f343ccd4"},"description":"Un tren adaptado especialmente para viajar en bici. Ya existe y lo han creado en Jap\u00f3n. Un modelo que se puede exportar a Renfe.","breadcrumb":{"@id":"https:\/\/www.welovecycling.com\/es\/2018\/01\/19\/tren-adaptado-para-viajar-en-bici\/#breadcrumb"},"inLanguage":"es-ES","potentialAction":[{"@type":"ReadAction","target":["https:\/\/www.welovecycling.com\/es\/2018\/01\/19\/tren-adaptado-para-viajar-en-bici\/"]}]},{"@type":"ImageObject","inLanguage":"es-ES","@id":"https:\/\/www.welovecycling.com\/es\/2018\/01\/19\/tren-adaptado-para-viajar-en-bici\/#primaryimage","url":"https:\/\/d2p6e6u75xmxt8.cloudfront.net\/6\/2018\/01\/bicyclebikecover.jpg","contentUrl":"https:\/\/d2p6e6u75xmxt8.cloudfront.net\/6\/2018\/01\/bicyclebikecover.jpg","width":1366,"height":600},{"@type":"BreadcrumbList","@id":"https:\/\/www.welovecycling.com\/es\/2018\/01\/19\/tren-adaptado-para-viajar-en-bici\/#breadcrumb","itemListElement":[{"@type":"ListItem","position":1,"name":"Home","item":"https:\/\/www.welovecycling.com\/es\/"},{"@type":"ListItem","position":2,"name":"Un tren adaptado para viajar en bici. La soluci\u00f3n est\u00e1 en Jap\u00f3n"}]},{"@type":"WebSite","@id":"https:\/\/www.welovecycling.com\/es\/#website","url":"https:\/\/www.welovecycling.com\/es\/","name":"\u0160koda We Love Cycling - Spain","description":"\u0160koda WeLoveCycling Spain","potentialAction":[{"@type":"SearchAction","target":{"@type":"EntryPoint","urlTemplate":"https:\/\/www.welovecycling.com\/es\/?s={search_term_string}"},"query-input":{"@type":"PropertyValueSpecification","valueRequired":true,"valueName":"search_term_string"}}],"inLanguage":"es-ES"},{"@type":"Person","@id":"https:\/\/www.welovecycling.com\/es\/#\/schema\/person\/deb61715b5812698ee79fb96f343ccd4","name":"We Love Cycling Spain","image":{"@type":"ImageObject","inLanguage":"es-ES","@id":"https:\/\/www.welovecycling.com\/es\/#\/schema\/person\/image\/","url":"https:\/\/secure.gravatar.com\/avatar\/c824b04e6df0e37a03219d0b6481672889df542894588964102459e46513159c?s=96&d=mm&r=g","contentUrl":"https:\/\/secure.gravatar.com\/avatar\/c824b04e6df0e37a03219d0b6481672889df542894588964102459e46513159c?s=96&d=mm&r=g","caption":"We Love Cycling Spain"},"url":"https:\/\/www.welovecycling.com\/es\/author\/amunoz\/"}]}},"_links":{"self":[{"href":"https:\/\/www.welovecycling.com\/es\/wp-json\/wp\/v2\/posts\/2119","targetHints":{"allow":["GET"]}}],"collection":[{"href":"https:\/\/www.welovecycling.com\/es\/wp-json\/wp\/v2\/posts"}],"about":[{"href":"https:\/\/www.welovecycling.com\/es\/wp-json\/wp\/v2\/types\/post"}],"author":[{"embeddable":true,"href":"https:\/\/www.welovecycling.com\/es\/wp-json\/wp\/v2\/users\/29"}],"replies":[{"embeddable":true,"href":"https:\/\/www.welovecycling.com\/es\/wp-json\/wp\/v2\/comments?post=2119"}],"version-history":[{"count":2,"href":"https:\/\/www.welovecycling.com\/es\/wp-json\/wp\/v2\/posts\/2119\/revisions"}],"predecessor-version":[{"id":2161,"href":"https:\/\/www.welovecycling.com\/es\/wp-json\/wp\/v2\/posts\/2119\/revisions\/2161"}],"wp:featuredmedia":[{"embeddable":true,"href":"https:\/\/www.welovecycling.com\/es\/wp-json\/wp\/v2\/media\/2128"}],"wp:attachment":[{"href":"https:\/\/www.welovecycling.com\/es\/wp-json\/wp\/v2\/media?parent=2119"}],"wp:term":[{"taxonomy":"category","embeddable":true,"href":"https:\/\/www.welovecycling.com\/es\/wp-json\/wp\/v2\/categories?post=2119"},{"taxonomy":"post_tag","embeddable":true,"href":"https:\/\/www.welovecycling.com\/es\/wp-json\/wp\/v2\/tags?post=2119"},{"taxonomy":"global-categories","embeddable":true,"href":"https:\/\/www.welovecycling.com\/es\/wp-json\/wp\/v2\/global-categories?post=2119"}],"curies":[{"name":"wp","href":"https:\/\/api.w.org\/{rel}","templated":true}]}}