{"id":2105,"date":"2018-01-11T22:11:08","date_gmt":"2018-01-11T20:11:08","guid":{"rendered":"https:\/\/www.welovecycling.com\/es\/?p=2105"},"modified":"2018-01-11T22:31:47","modified_gmt":"2018-01-11T20:31:47","slug":"entrevista-el-giro-2018-por-benedetti-y-postlberger","status":"publish","type":"post","link":"https:\/\/www.welovecycling.com\/es\/2018\/01\/11\/entrevista-el-giro-2018-por-benedetti-y-postlberger\/","title":{"rendered":"Entrevista: El Giro 2018 por Benedetti y Postlberger"},"content":{"rendered":"<p><strong>Aunque todav\u00eda quedan meses para el Giro, ya estamos deseando que llegue. Por eso nos sentamos con Cesare Benedetti y Lukas P\u00f6stlberger, los sorprendentes ganadores de la primera etapa del a\u00f1o pasado (Maglia de la monta\u00f1a y Maglia Rosa) para hablar en detalle del Giro.<\/strong><br \/>\n<!--more--><\/p>\n<p><em><strong>\u00bfQu\u00e9 te parece el comienzo de este a\u00f1o en Israel?<\/strong><\/em><\/p>\n<p><strong>Cesare Benedetti:<\/strong> Bueno, seguramente ser\u00e1 un momento \u00fanico en la historia del ciclismo. Las grandes vueltas a menudo comienzam en el extranjero, pero esta vez la salida es incluso fuera de Europa! Eso es algo que no se pod\u00eda imaginar que sucediera hace unos a\u00f1os, pero ahora, gracias a la tecnolog\u00eda, el patrocinio, las instalaciones y los mejores medios de transporte, todo puede suceder.<\/p>\n<p>Para nosotros los corredores, la pesadilla log\u00edstica se ha reducido casi a cero, sin contar el largo vuelo entre la etapa 3 y 4, cuando el Giro volver\u00e1 a empezar desde Sicilia. Nunca antes hab\u00eda estado en Israel y no es un pa\u00eds al que ir\u00eda por mi cuenta. Es por eso que el ciclismo me est\u00e1 dando otra oportunidad de ver algo diferente en el mundo y el lugar donde naci\u00f3 el cristianismo.<\/p>\n<p>&nbsp;<\/p>\n<figure id=\"attachment_162952\" aria-describedby=\"caption-attachment-162952\" style=\"width: 1250px\" class=\"wp-caption alignnone\"><a href=\"https:\/\/d2p6e6u75xmxt8.cloudfront.net\/6\/2018\/01\/profimedia-0331474356.jpg\"><img loading=\"lazy\" decoding=\"async\" class=\"size-full wp-image-2106\" src=\"https:\/\/d2p6e6u75xmxt8.cloudfront.net\/6\/2018\/01\/profimedia-0331474356.jpg\" alt=\"\" width=\"1250\" height=\"833\" srcset=\"https:\/\/d2p6e6u75xmxt8.cloudfront.net\/6\/2018\/01\/profimedia-0331474356.jpg 1250w, https:\/\/d2p6e6u75xmxt8.cloudfront.net\/6\/2018\/01\/profimedia-0331474356-300x200.jpg 300w, https:\/\/d2p6e6u75xmxt8.cloudfront.net\/6\/2018\/01\/profimedia-0331474356-768x512.jpg 768w, https:\/\/d2p6e6u75xmxt8.cloudfront.net\/6\/2018\/01\/profimedia-0331474356-1024x682.jpg 1024w, https:\/\/d2p6e6u75xmxt8.cloudfront.net\/6\/2018\/01\/profimedia-0331474356-272x182.jpg 272w\" sizes=\"auto, (max-width: 1250px) 100vw, 1250px\" \/><\/a><figcaption id=\"caption-attachment-162952\" class=\"wp-caption-text\">Cesare Benedetti y\u00a0 Lukas Postlberger foto del inicio de la segunda etapa del Giro.<\/figcaption><\/figure>\n<p>&nbsp;<\/p>\n<p>Por un lado estoy muy contento de empezar la carrera all\u00ed, ser\u00e1 diferente a cualquier otro lugar donde pueda haber una salida. Por otro lado, no puedo ocultar que estoy un poco preocupado por la situaci\u00f3n all\u00ed, ya que hay una guerra que se viene librando desde los a\u00f1os setenta.<\/p>\n<p>Me gustar\u00eda pensar que los organizadores y el Gobierno israel\u00ed han considerado todas las posibles situaciones raciales y han tomado todas las medidas de seguridad para evitar cualquier problema.<\/p>\n<p><strong>Lukas P\u00f6stlberger:<\/strong> En mi opini\u00f3n, hubo situaciones similares tambi\u00e9n en el pasado, por ejemplo, cuando la salida fue en Irlanda, tambi\u00e9n fue un gran esfuerzo llevar todo el material all\u00ed y luego a Italia.<br \/>\nPor lo tanto, deber\u00eda funcionar bastante bien. La organizaci\u00f3n del Giro siempre es buena. Por otro lado, ser\u00e1 mucho estr\u00e9s con el viaje, pero como ciclistas profesionales estamos acostumbrados.<\/p>\n<p><em><strong>Despu\u00e9s de las etapas de Israel, el Giro ir\u00e1 de sur a norte de Italia. \u00bfQu\u00e9 puede pasar en esas etapas?<\/strong><\/em><\/p>\n<p><strong>Lukas P\u00f6stlberger<\/strong>: Creo que al principio habr\u00e1 algunas oportunidades para los velocistas. Pero tambi\u00e9n para los escaladores. Pero s\u00ed creo que la primera etapa decisiva para la gente que lucha por la general ser\u00e1 la etapa que acaba en Etna.<\/p>\n<p><strong>Cesare Benedetti<\/strong>: De regreso a Sicilia, la carrera ya ser\u00e1 dura, ya que no hay muchas zonas llanas en la isla. Y&#8230; luego toca subir al Etna. Sin duda la gente de la general debe llegar fina para poder atacar o al menos defenderse.<\/p>\n<figure id=\"attachment_162956\" aria-describedby=\"caption-attachment-162956\" style=\"width: 1250px\" class=\"wp-caption alignnone\"><a href=\"https:\/\/d2p6e6u75xmxt8.cloudfront.net\/6\/2018\/01\/profimedia-0358959371.jpg\"><img loading=\"lazy\" decoding=\"async\" class=\"size-full wp-image-2108\" src=\"https:\/\/d2p6e6u75xmxt8.cloudfront.net\/6\/2018\/01\/profimedia-0358959371.jpg\" alt=\"\" width=\"1250\" height=\"898\" srcset=\"https:\/\/d2p6e6u75xmxt8.cloudfront.net\/6\/2018\/01\/profimedia-0358959371.jpg 1250w, https:\/\/d2p6e6u75xmxt8.cloudfront.net\/6\/2018\/01\/profimedia-0358959371-300x216.jpg 300w, https:\/\/d2p6e6u75xmxt8.cloudfront.net\/6\/2018\/01\/profimedia-0358959371-768x552.jpg 768w, https:\/\/d2p6e6u75xmxt8.cloudfront.net\/6\/2018\/01\/profimedia-0358959371-1024x736.jpg 1024w\" sizes=\"auto, (max-width: 1250px) 100vw, 1250px\" \/><\/a><figcaption id=\"caption-attachment-162956\" class=\"wp-caption-text\">Cesare Benedetti posa durante la presentaci\u00f3n oficial del BORA-Hansgrohe Team 2018 en Schiltach,<\/figcaption><\/figure>\n<p>Despu\u00e9s habr\u00e1 un par de etapas\u00a0 para los velocistas, y tendr\u00e1n que jugarselo ah\u00ed porque despu\u00e9s llegan las monta\u00f1as y los terrenos &#8216;pestosos&#8217;<\/p>\n<p>El equipo de Bora-Hansgrohe para el Giro todav\u00eda no est\u00e1 definido, pero es casi seguro que ir\u00e1 Sam Bennett como el a\u00f1o pasado, as\u00ed que tendremos un velocista y dos gregarios para ayudarle a intentar conseguir buenos resultados en los sprints.<\/p>\n<p>&nbsp;<\/p>\n<p><em><strong>\u00bfC\u00f3mo ves las etapas de monta\u00f1a? \u00bfTe puedes desenvolver bien en ellas?<\/strong><\/em><\/p>\n<p><strong>Cesare Benedetti<\/strong>: Los que intenten ganar el Giro no van a esperar a la monta\u00f1a de la \u00faltima semana. Ya en los primeros 9 d\u00edas, tenemos 3 finales en alto Esto significa que quien quiera luchar por el GC final necesita llegar a la carrera con una muy buena forma f\u00edsica ya (yo dir\u00eda que necesitan estar en el 95% de su mejor forma f\u00edsica). \u00bfPor qu\u00e9? Bueno, para no perder un tiempo precioso en las primeras etapas, sobre el papel pueden parecer sencillas, pero no lo son.<\/p>\n<p>La ruta del 2018 me parece muy buena como ciclista, ya que hay algunas etapas de monta\u00f1a muy duras e intercaladas con otras, a priori, m\u00e1s sencillas.\u00a0 Esto permitir\u00e1 a los ciclistas respirar y recuperarse, y luego luchar a\u00fan m\u00e1s por las etapas de monta\u00f1a del final. Realmente creo que esto har\u00e1 que la carrera sea a\u00fan m\u00e1s espectacular.<\/p>\n<p>Si el equipo decide elegirme para la carrera estar\u00e9 ilusionado de escalar el famoso Zoncolan, ya que en las dos ediciones anteriores no se subi\u00f3. Tengo que ser honesto, no s\u00e9 qu\u00e9 corredores estar\u00e1n all\u00ed y si los jefes de equipo ya han decidido que ciclistas correr\u00e1n cada gran vuelta el a\u00f1o que viene. del Grand Tour correr\u00e1 el a\u00f1o que viene.<\/p>\n<p>&nbsp;<\/p>\n<p><strong>Lukas P\u00f6stlberger<\/strong>: Bueno, las etapas de monta\u00f1a son b\u00e1sicamente una gran lucha para m\u00ed para sobrevivir despu\u00e9s de hacer mi trabajo. La general se la jugar\u00e1n entre Chaves, Nibali, Dumoulin. Pero tambi\u00e9n nuestro Davide Formolo intentar\u00e1 darlo todo. Lo que he entrenado con \u00e9l he visto que es impresionante!<\/p>\n<figure id=\"attachment_162958\" aria-describedby=\"caption-attachment-162958\" style=\"width: 1250px\" class=\"wp-caption alignnone\"><a href=\"https:\/\/d2p6e6u75xmxt8.cloudfront.net\/6\/2018\/01\/profimedia-0331360565.jpg\"><img loading=\"lazy\" decoding=\"async\" class=\"wp-image-2110 size-full\" src=\"https:\/\/d2p6e6u75xmxt8.cloudfront.net\/6\/2018\/01\/profimedia-0331360565.jpg\" alt=\"\" width=\"1250\" height=\"833\" srcset=\"https:\/\/d2p6e6u75xmxt8.cloudfront.net\/6\/2018\/01\/profimedia-0331360565.jpg 1250w, https:\/\/d2p6e6u75xmxt8.cloudfront.net\/6\/2018\/01\/profimedia-0331360565-300x200.jpg 300w, https:\/\/d2p6e6u75xmxt8.cloudfront.net\/6\/2018\/01\/profimedia-0331360565-768x512.jpg 768w, https:\/\/d2p6e6u75xmxt8.cloudfront.net\/6\/2018\/01\/profimedia-0331360565-1024x682.jpg 1024w, https:\/\/d2p6e6u75xmxt8.cloudfront.net\/6\/2018\/01\/profimedia-0331360565-272x182.jpg 272w\" sizes=\"auto, (max-width: 1250px) 100vw, 1250px\" \/><\/a><figcaption id=\"caption-attachment-162958\" class=\"wp-caption-text\">Lukas cogiendo el rosa.<\/figcaption><\/figure>\n<p>Una cosa es seguro que influir\u00e1 en el pelot\u00f3n. Todos los equipos tendr\u00e1n un corredor menos para trabajar. Esto cambiar\u00e1 las grandes vueltas, no sabemos en qu\u00e9 sentido, pero las cambiar\u00e1.<\/p>\n<p><strong>Ver\u00e1s el Giro 2018? Quienes son tus favoritos?<\/strong><\/p>\n","protected":false},"excerpt":{"rendered":"<p>Aunque todav\u00eda quedan meses para el Giro, ya estamos deseando que llegue. Por eso nos sentamos con Cesare Benedetti y [&hellip;]<\/p>\n","protected":false},"author":29,"featured_media":2112,"comment_status":"open","ping_status":"open","sticky":false,"template":"","format":"standard","meta":{"footnotes":""},"categories":[7],"tags":[254,255,253],"global-categories":[],"class_list":["post-2105","post","type-post","status-publish","format-standard","has-post-thumbnail","hentry","category-carretera","tag-bora-giro-2018","tag-entrevistas-giro-2018","tag-giro-2018"],"yoast_head":"<!-- This site is optimized with the Yoast SEO Premium plugin v25.3 (Yoast SEO v25.9) - https:\/\/yoast.com\/wordpress\/plugins\/seo\/ -->\n<title>Entrevista: El Giro 2018 por Benedetti y Postlberger - \u0160koda We Love Cycling - Spain<\/title>\n<meta name=\"description\" content=\"Entrevista: El Giro 2018 por Benedetti y Postlberger. Los corredores del Bora nos cuentan como ser\u00e1 la edici\u00f3n 2018 del Giro de Italia.\" \/>\n<meta name=\"robots\" content=\"index, follow, max-snippet:-1, max-image-preview:large, max-video-preview:-1\" \/>\n<link rel=\"canonical\" href=\"https:\/\/www.welovecycling.com\/es\/2018\/01\/11\/entrevista-el-giro-2018-por-benedetti-y-postlberger\/\" \/>\n<meta property=\"og:locale\" content=\"es_ES\" \/>\n<meta property=\"og:type\" content=\"article\" \/>\n<meta property=\"og:title\" content=\"Entrevista: El Giro 2018 por Benedetti y Postlberger\" \/>\n<meta property=\"og:description\" content=\"Entrevista: El Giro 2018 por Benedetti y Postlberger. Los corredores del Bora nos cuentan como ser\u00e1 la edici\u00f3n 2018 del Giro de Italia.\" \/>\n<meta property=\"og:url\" content=\"https:\/\/www.welovecycling.com\/es\/2018\/01\/11\/entrevista-el-giro-2018-por-benedetti-y-postlberger\/\" \/>\n<meta property=\"og:site_name\" content=\"\u0160koda We Love Cycling - Spain\" \/>\n<meta property=\"article:published_time\" content=\"2018-01-11T20:11:08+00:00\" \/>\n<meta property=\"article:modified_time\" content=\"2018-01-11T20:31:47+00:00\" \/>\n<meta property=\"og:image\" content=\"https:\/\/d2p6e6u75xmxt8.cloudfront.net\/6\/2018\/01\/profimedia-0331456231-1-1.jpg\" \/>\n\t<meta property=\"og:image:width\" content=\"1366\" \/>\n\t<meta property=\"og:image:height\" content=\"600\" \/>\n\t<meta property=\"og:image:type\" content=\"image\/jpeg\" \/>\n<meta name=\"author\" content=\"We Love Cycling Spain\" \/>\n<meta name=\"twitter:card\" content=\"summary_large_image\" \/>\n<meta name=\"twitter:title\" content=\"Entrevista: El Giro 2018 por Benedetti y Postlberger\" \/>\n<meta name=\"twitter:label1\" content=\"Written by\" \/>\n\t<meta name=\"twitter:data1\" content=\"Jonathan Bouchard (Polska \u00e0 v\u00e9lo)\" \/>\n\t<meta name=\"twitter:label2\" content=\"Est. reading time\" \/>\n\t<meta name=\"twitter:data2\" content=\"5 minutes\" \/>\n<script type=\"application\/ld+json\" class=\"yoast-schema-graph\">{\"@context\":\"https:\/\/schema.org\",\"@graph\":[{\"@type\":\"WebPage\",\"@id\":\"https:\/\/www.welovecycling.com\/es\/2018\/01\/11\/entrevista-el-giro-2018-por-benedetti-y-postlberger\/\",\"url\":\"https:\/\/www.welovecycling.com\/es\/2018\/01\/11\/entrevista-el-giro-2018-por-benedetti-y-postlberger\/\",\"name\":\"Entrevista: El Giro 2018 por Benedetti y Postlberger - \u0160koda We Love Cycling - Spain\",\"isPartOf\":{\"@id\":\"https:\/\/www.welovecycling.com\/es\/#website\"},\"primaryImageOfPage\":{\"@id\":\"https:\/\/www.welovecycling.com\/es\/2018\/01\/11\/entrevista-el-giro-2018-por-benedetti-y-postlberger\/#primaryimage\"},\"image\":{\"@id\":\"https:\/\/www.welovecycling.com\/es\/2018\/01\/11\/entrevista-el-giro-2018-por-benedetti-y-postlberger\/#primaryimage\"},\"thumbnailUrl\":\"https:\/\/d2p6e6u75xmxt8.cloudfront.net\/6\/2018\/01\/profimedia-0331456231-1-1.jpg\",\"datePublished\":\"2018-01-11T20:11:08+00:00\",\"dateModified\":\"2018-01-11T20:31:47+00:00\",\"author\":{\"@id\":\"https:\/\/www.welovecycling.com\/es\/#\/schema\/person\/deb61715b5812698ee79fb96f343ccd4\"},\"description\":\"Entrevista: El Giro 2018 por Benedetti y Postlberger. Los corredores del Bora nos cuentan como ser\u00e1 la edici\u00f3n 2018 del Giro de Italia.\",\"breadcrumb\":{\"@id\":\"https:\/\/www.welovecycling.com\/es\/2018\/01\/11\/entrevista-el-giro-2018-por-benedetti-y-postlberger\/#breadcrumb\"},\"inLanguage\":\"es-ES\",\"potentialAction\":[{\"@type\":\"ReadAction\",\"target\":[\"https:\/\/www.welovecycling.com\/es\/2018\/01\/11\/entrevista-el-giro-2018-por-benedetti-y-postlberger\/\"]}]},{\"@type\":\"ImageObject\",\"inLanguage\":\"es-ES\",\"@id\":\"https:\/\/www.welovecycling.com\/es\/2018\/01\/11\/entrevista-el-giro-2018-por-benedetti-y-postlberger\/#primaryimage\",\"url\":\"https:\/\/d2p6e6u75xmxt8.cloudfront.net\/6\/2018\/01\/profimedia-0331456231-1-1.jpg\",\"contentUrl\":\"https:\/\/d2p6e6u75xmxt8.cloudfront.net\/6\/2018\/01\/profimedia-0331456231-1-1.jpg\",\"width\":1366,\"height\":600},{\"@type\":\"BreadcrumbList\",\"@id\":\"https:\/\/www.welovecycling.com\/es\/2018\/01\/11\/entrevista-el-giro-2018-por-benedetti-y-postlberger\/#breadcrumb\",\"itemListElement\":[{\"@type\":\"ListItem\",\"position\":1,\"name\":\"Home\",\"item\":\"https:\/\/www.welovecycling.com\/es\/\"},{\"@type\":\"ListItem\",\"position\":2,\"name\":\"Entrevista: El Giro 2018 por Benedetti y Postlberger\"}]},{\"@type\":\"WebSite\",\"@id\":\"https:\/\/www.welovecycling.com\/es\/#website\",\"url\":\"https:\/\/www.welovecycling.com\/es\/\",\"name\":\"\u0160koda We Love Cycling - Spain\",\"description\":\"\u0160koda WeLoveCycling Spain\",\"potentialAction\":[{\"@type\":\"SearchAction\",\"target\":{\"@type\":\"EntryPoint\",\"urlTemplate\":\"https:\/\/www.welovecycling.com\/es\/?s={search_term_string}\"},\"query-input\":{\"@type\":\"PropertyValueSpecification\",\"valueRequired\":true,\"valueName\":\"search_term_string\"}}],\"inLanguage\":\"es-ES\"},{\"@type\":\"Person\",\"@id\":\"https:\/\/www.welovecycling.com\/es\/#\/schema\/person\/deb61715b5812698ee79fb96f343ccd4\",\"name\":\"We Love Cycling Spain\",\"image\":{\"@type\":\"ImageObject\",\"inLanguage\":\"es-ES\",\"@id\":\"https:\/\/www.welovecycling.com\/es\/#\/schema\/person\/image\/\",\"url\":\"https:\/\/secure.gravatar.com\/avatar\/c824b04e6df0e37a03219d0b6481672889df542894588964102459e46513159c?s=96&d=mm&r=g\",\"contentUrl\":\"https:\/\/secure.gravatar.com\/avatar\/c824b04e6df0e37a03219d0b6481672889df542894588964102459e46513159c?s=96&d=mm&r=g\",\"caption\":\"We Love Cycling Spain\"},\"url\":\"https:\/\/www.welovecycling.com\/es\/author\/amunoz\/\"}]}<\/script>\n<!-- \/ Yoast SEO Premium plugin. -->","yoast_head_json":{"title":"Entrevista: El Giro 2018 por Benedetti y Postlberger - \u0160koda We Love Cycling - Spain","description":"Entrevista: El Giro 2018 por Benedetti y Postlberger. Los corredores del Bora nos cuentan como ser\u00e1 la edici\u00f3n 2018 del Giro de Italia.","robots":{"index":"index","follow":"follow","max-snippet":"max-snippet:-1","max-image-preview":"max-image-preview:large","max-video-preview":"max-video-preview:-1"},"canonical":"https:\/\/www.welovecycling.com\/es\/2018\/01\/11\/entrevista-el-giro-2018-por-benedetti-y-postlberger\/","og_locale":"es_ES","og_type":"article","og_title":"Entrevista: El Giro 2018 por Benedetti y Postlberger","og_description":"Entrevista: El Giro 2018 por Benedetti y Postlberger. Los corredores del Bora nos cuentan como ser\u00e1 la edici\u00f3n 2018 del Giro de Italia.","og_url":"https:\/\/www.welovecycling.com\/es\/2018\/01\/11\/entrevista-el-giro-2018-por-benedetti-y-postlberger\/","og_site_name":"\u0160koda We Love Cycling - Spain","article_published_time":"2018-01-11T20:11:08+00:00","article_modified_time":"2018-01-11T20:31:47+00:00","og_image":[{"width":1366,"height":600,"url":"https:\/\/d2p6e6u75xmxt8.cloudfront.net\/6\/2018\/01\/profimedia-0331456231-1-1.jpg","type":"image\/jpeg"}],"author":"We Love Cycling Spain","twitter_card":"summary_large_image","twitter_title":"Entrevista: El Giro 2018 por Benedetti y Postlberger","twitter_misc":{"Written by":"Jonathan Bouchard (Polska \u00e0 v\u00e9lo)","Est. reading time":"5 minutes"},"schema":{"@context":"https:\/\/schema.org","@graph":[{"@type":"WebPage","@id":"https:\/\/www.welovecycling.com\/es\/2018\/01\/11\/entrevista-el-giro-2018-por-benedetti-y-postlberger\/","url":"https:\/\/www.welovecycling.com\/es\/2018\/01\/11\/entrevista-el-giro-2018-por-benedetti-y-postlberger\/","name":"Entrevista: El Giro 2018 por Benedetti y Postlberger - \u0160koda We Love Cycling - Spain","isPartOf":{"@id":"https:\/\/www.welovecycling.com\/es\/#website"},"primaryImageOfPage":{"@id":"https:\/\/www.welovecycling.com\/es\/2018\/01\/11\/entrevista-el-giro-2018-por-benedetti-y-postlberger\/#primaryimage"},"image":{"@id":"https:\/\/www.welovecycling.com\/es\/2018\/01\/11\/entrevista-el-giro-2018-por-benedetti-y-postlberger\/#primaryimage"},"thumbnailUrl":"https:\/\/d2p6e6u75xmxt8.cloudfront.net\/6\/2018\/01\/profimedia-0331456231-1-1.jpg","datePublished":"2018-01-11T20:11:08+00:00","dateModified":"2018-01-11T20:31:47+00:00","author":{"@id":"https:\/\/www.welovecycling.com\/es\/#\/schema\/person\/deb61715b5812698ee79fb96f343ccd4"},"description":"Entrevista: El Giro 2018 por Benedetti y Postlberger. Los corredores del Bora nos cuentan como ser\u00e1 la edici\u00f3n 2018 del Giro de Italia.","breadcrumb":{"@id":"https:\/\/www.welovecycling.com\/es\/2018\/01\/11\/entrevista-el-giro-2018-por-benedetti-y-postlberger\/#breadcrumb"},"inLanguage":"es-ES","potentialAction":[{"@type":"ReadAction","target":["https:\/\/www.welovecycling.com\/es\/2018\/01\/11\/entrevista-el-giro-2018-por-benedetti-y-postlberger\/"]}]},{"@type":"ImageObject","inLanguage":"es-ES","@id":"https:\/\/www.welovecycling.com\/es\/2018\/01\/11\/entrevista-el-giro-2018-por-benedetti-y-postlberger\/#primaryimage","url":"https:\/\/d2p6e6u75xmxt8.cloudfront.net\/6\/2018\/01\/profimedia-0331456231-1-1.jpg","contentUrl":"https:\/\/d2p6e6u75xmxt8.cloudfront.net\/6\/2018\/01\/profimedia-0331456231-1-1.jpg","width":1366,"height":600},{"@type":"BreadcrumbList","@id":"https:\/\/www.welovecycling.com\/es\/2018\/01\/11\/entrevista-el-giro-2018-por-benedetti-y-postlberger\/#breadcrumb","itemListElement":[{"@type":"ListItem","position":1,"name":"Home","item":"https:\/\/www.welovecycling.com\/es\/"},{"@type":"ListItem","position":2,"name":"Entrevista: El Giro 2018 por Benedetti y Postlberger"}]},{"@type":"WebSite","@id":"https:\/\/www.welovecycling.com\/es\/#website","url":"https:\/\/www.welovecycling.com\/es\/","name":"\u0160koda We Love Cycling - Spain","description":"\u0160koda WeLoveCycling Spain","potentialAction":[{"@type":"SearchAction","target":{"@type":"EntryPoint","urlTemplate":"https:\/\/www.welovecycling.com\/es\/?s={search_term_string}"},"query-input":{"@type":"PropertyValueSpecification","valueRequired":true,"valueName":"search_term_string"}}],"inLanguage":"es-ES"},{"@type":"Person","@id":"https:\/\/www.welovecycling.com\/es\/#\/schema\/person\/deb61715b5812698ee79fb96f343ccd4","name":"We Love Cycling Spain","image":{"@type":"ImageObject","inLanguage":"es-ES","@id":"https:\/\/www.welovecycling.com\/es\/#\/schema\/person\/image\/","url":"https:\/\/secure.gravatar.com\/avatar\/c824b04e6df0e37a03219d0b6481672889df542894588964102459e46513159c?s=96&d=mm&r=g","contentUrl":"https:\/\/secure.gravatar.com\/avatar\/c824b04e6df0e37a03219d0b6481672889df542894588964102459e46513159c?s=96&d=mm&r=g","caption":"We Love Cycling Spain"},"url":"https:\/\/www.welovecycling.com\/es\/author\/amunoz\/"}]}},"_links":{"self":[{"href":"https:\/\/www.welovecycling.com\/es\/wp-json\/wp\/v2\/posts\/2105","targetHints":{"allow":["GET"]}}],"collection":[{"href":"https:\/\/www.welovecycling.com\/es\/wp-json\/wp\/v2\/posts"}],"about":[{"href":"https:\/\/www.welovecycling.com\/es\/wp-json\/wp\/v2\/types\/post"}],"author":[{"embeddable":true,"href":"https:\/\/www.welovecycling.com\/es\/wp-json\/wp\/v2\/users\/29"}],"replies":[{"embeddable":true,"href":"https:\/\/www.welovecycling.com\/es\/wp-json\/wp\/v2\/comments?post=2105"}],"version-history":[{"count":2,"href":"https:\/\/www.welovecycling.com\/es\/wp-json\/wp\/v2\/posts\/2105\/revisions"}],"predecessor-version":[{"id":2114,"href":"https:\/\/www.welovecycling.com\/es\/wp-json\/wp\/v2\/posts\/2105\/revisions\/2114"}],"wp:featuredmedia":[{"embeddable":true,"href":"https:\/\/www.welovecycling.com\/es\/wp-json\/wp\/v2\/media\/2112"}],"wp:attachment":[{"href":"https:\/\/www.welovecycling.com\/es\/wp-json\/wp\/v2\/media?parent=2105"}],"wp:term":[{"taxonomy":"category","embeddable":true,"href":"https:\/\/www.welovecycling.com\/es\/wp-json\/wp\/v2\/categories?post=2105"},{"taxonomy":"post_tag","embeddable":true,"href":"https:\/\/www.welovecycling.com\/es\/wp-json\/wp\/v2\/tags?post=2105"},{"taxonomy":"global-categories","embeddable":true,"href":"https:\/\/www.welovecycling.com\/es\/wp-json\/wp\/v2\/global-categories?post=2105"}],"curies":[{"name":"wp","href":"https:\/\/api.w.org\/{rel}","templated":true}]}}