{"id":2088,"date":"2018-01-06T19:13:45","date_gmt":"2018-01-06T17:13:45","guid":{"rendered":"https:\/\/www.welovecycling.com\/es\/?p=2088"},"modified":"2018-01-06T19:13:45","modified_gmt":"2018-01-06T17:13:45","slug":"plan-de-entrenamiento-ciclista-de-invierno-por-jiri-jezeks","status":"publish","type":"post","link":"https:\/\/www.welovecycling.com\/es\/2018\/01\/06\/plan-de-entrenamiento-ciclista-de-invierno-por-jiri-jezeks\/","title":{"rendered":"Plan de entrenamiento ciclista de invierno por Ji\u0159\u00ed Je\u017eek\u2019s"},"content":{"rendered":"<p><strong>Como ex-pro, puedo sentir que es todo un reto mantenerme en forma con el tiempo limitado de la agenda diaria. Especialmente en invierno, cuando los d\u00edas son m\u00e1s cortos y el clima no siempre es adecuado para montar en bicicleta al aire libre. Aqu\u00ed est\u00e1 mi plan de entrenamiento semanal para los primeros meses del pr\u00f3ximo a\u00f1o. Puedes ajustar el tiempo o tipo de actividad de acuerdo a tus tareas diarias, pero esto debe ser un m\u00ednimo que le mantendr\u00e1 m\u00e1s o menos en forma durante el invierno.\u00a0<\/strong><!--more--><\/p>\n<h2><strong>Lunes (d\u00eda f\u00e1cil)<\/strong><\/h2>\n<p>Ejercicio matutino de 20-40 minutos por la ma\u00f1ana &#8211; conjunto de yoga, pilates u otros ejercicios para despertar su cuerpo (hacer su propio conjunto, f\u00e1cil de encontrar algunos consejos en Internet) &#8211; destinado para hacerlo con el est\u00f3mago vac\u00edo (antes del desayuno).<\/p>\n<figure id=\"attachment_162940\" aria-describedby=\"caption-attachment-162940\" style=\"width: 960px\" class=\"wp-caption alignnone\"><a href=\"https:\/\/d2p6e6u75xmxt8.cloudfront.net\/6\/2018\/01\/IMG_2263.jpeg\"><img loading=\"lazy\" decoding=\"async\" class=\"wp-image-2089 size-full\" src=\"https:\/\/d2p6e6u75xmxt8.cloudfront.net\/6\/2018\/01\/IMG_2263.jpeg\" alt=\"\" width=\"960\" height=\"995\" srcset=\"https:\/\/d2p6e6u75xmxt8.cloudfront.net\/6\/2018\/01\/IMG_2263.jpeg 960w, https:\/\/d2p6e6u75xmxt8.cloudfront.net\/6\/2018\/01\/IMG_2263-289x300.jpeg 289w, https:\/\/d2p6e6u75xmxt8.cloudfront.net\/6\/2018\/01\/IMG_2263-768x796.jpeg 768w\" sizes=\"auto, (max-width: 960px) 100vw, 960px\" \/><\/a><figcaption id=\"caption-attachment-162940\" class=\"wp-caption-text\">Ji\u0159\u00ed and his morning exercise<\/figcaption><\/figure>\n<p>30-40 minutos de estiramientos nocturno &#8211; para ayudar a la recuperaci\u00f3n. Puedes a\u00f1adir sauna o masaje.<\/p>\n<h2><strong>Martes<\/strong><\/h2>\n<p>50 minutos de carrera matutina o 50 minutos de rodillo\/entrenador de interior por la ma\u00f1ana &#8211; destinado a hacerlo con el est\u00f3mago vac\u00edo (antes del desayuno). Ritmo suave- actividad aer\u00f3bica.<\/p>\n<p>Por la tarde dos horas de bici en carretera o una hora y media de rodillo a ritmo f\u00e1cil\/moderado.<\/p>\n<h2><strong>Mi\u00e9rcoles<\/strong><\/h2>\n<p>Ejercicio matutino de 20-40 minutos por la ma\u00f1ana &#8211; conjunto de yoga, pilates u otros ejercicios para despertar su cuerpo (hacer su propio conjunto, f\u00e1cil de encontrar algunos consejos en Internet) &#8211; destinado para hacerlo con el est\u00f3mago vac\u00edo (antes del desayuno).<\/p>\n<figure id=\"attachment_162942\" aria-describedby=\"caption-attachment-162942\" style=\"width: 1280px\" class=\"wp-caption alignnone\"><a href=\"https:\/\/d2p6e6u75xmxt8.cloudfront.net\/6\/2018\/01\/IMG_2301.jpeg\"><img loading=\"lazy\" decoding=\"async\" class=\"wp-image-2092 size-full\" src=\"https:\/\/d2p6e6u75xmxt8.cloudfront.net\/6\/2018\/01\/IMG_2301.jpeg\" alt=\"\" width=\"1280\" height=\"960\" srcset=\"https:\/\/d2p6e6u75xmxt8.cloudfront.net\/6\/2018\/01\/IMG_2301.jpeg 1280w, https:\/\/d2p6e6u75xmxt8.cloudfront.net\/6\/2018\/01\/IMG_2301-300x225.jpeg 300w, https:\/\/d2p6e6u75xmxt8.cloudfront.net\/6\/2018\/01\/IMG_2301-768x576.jpeg 768w, https:\/\/d2p6e6u75xmxt8.cloudfront.net\/6\/2018\/01\/IMG_2301-1024x768.jpeg 1024w\" sizes=\"auto, (max-width: 1280px) 100vw, 1280px\" \/><\/a><figcaption id=\"caption-attachment-162942\" class=\"wp-caption-text\">Working it hard<\/figcaption><\/figure>\n<p>Una hora y media de gimnasio vespertino &#8211; &#8220;programa de cuerpo completo&#8221; + trabajo en la fuerza de las piernas. Termine con 20 minutos de rodillo suave en el entrenador en el gimnasio.<\/p>\n<h2><strong>Jueves<\/strong><\/h2>\n<p>50 minutos de carrera matutina o 50 minutos de rodillo\/entrenador casero interior en casa &#8211; debes hacerlo con el est\u00f3mago vac\u00edo (antes del desayuno). Ritmo suave &#8211; actividad aer\u00f3bica.<\/p>\n<p>30-40 minutos de estiramientos nocturno &#8211; para ayudar a la recuperaci\u00f3n. Puedes a\u00f1adir sauna o masaje.<\/p>\n<h2><strong>Viernes<\/strong><\/h2>\n<p>Ejercicio matutino de 20-40 minutos por la ma\u00f1ana &#8211; conjunto de yoga, pilates u otros ejercicios para despertar su cuerpo (hacer su propio conjunto, f\u00e1cil de encontrar algunos consejos en Internet) &#8211; destinado para hacerlo con el est\u00f3mago vac\u00edo (antes del desayuno).<\/p>\n<figure id=\"attachment_162941\" aria-describedby=\"caption-attachment-162941\" style=\"width: 1280px\" class=\"wp-caption alignnone\"><a href=\"https:\/\/d2p6e6u75xmxt8.cloudfront.net\/6\/2018\/01\/IMG_6066.jpeg\"><img loading=\"lazy\" decoding=\"async\" class=\"size-full wp-image-2094\" src=\"https:\/\/d2p6e6u75xmxt8.cloudfront.net\/6\/2018\/01\/IMG_6066.jpeg\" alt=\"\" width=\"1280\" height=\"960\" srcset=\"https:\/\/d2p6e6u75xmxt8.cloudfront.net\/6\/2018\/01\/IMG_6066.jpeg 1280w, https:\/\/d2p6e6u75xmxt8.cloudfront.net\/6\/2018\/01\/IMG_6066-300x225.jpeg 300w, https:\/\/d2p6e6u75xmxt8.cloudfront.net\/6\/2018\/01\/IMG_6066-768x576.jpeg 768w, https:\/\/d2p6e6u75xmxt8.cloudfront.net\/6\/2018\/01\/IMG_6066-1024x768.jpeg 1024w\" sizes=\"auto, (max-width: 1280px) 100vw, 1280px\" \/><\/a><figcaption id=\"caption-attachment-162941\" class=\"wp-caption-text\">Make it count!<\/figcaption><\/figure>\n<p>Una hora y media horas de entrenamiento en bicicleta por la tarde o 60 minutos en el interior de casa o en una clase de spinning &#8211; f\u00e1cil \/ moderado con 6 veces de cadencia m\u00e1xima en intervalos de entre 30-60s. (si se trata de una clase de spinning en la &#8220;potencia alta&#8221; y seguir al instructor)<\/p>\n<h2><strong>Sabado<\/strong><\/h2>\n<p>40 minutos de carrera matutina o 50 minutos andando. Se deben hacer con el est\u00f3mago vac\u00edo y a ritmo suave.<\/p>\n<p>Tres o cuatro horas de entrenamiento en bici o dos horas de rodillo con resistencia f\u00e1cil. Si puedes rodar en grupo, mejor.-<\/p>\n<h2><strong>Domingo<\/strong><\/h2>\n<p>3 horas de entrenamiento\u00a0 en bicicleta por la ma\u00f1ana o una hora y media interior en rodillo\u00a0 a un tempo moderado (resistencia b\u00e1sica).<\/p>\n<figure id=\"attachment_162946\" aria-describedby=\"caption-attachment-162946\" style=\"width: 1280px\" class=\"wp-caption alignnone\"><a href=\"https:\/\/d2p6e6u75xmxt8.cloudfront.net\/6\/2018\/01\/IMG_2319.jpeg\"><img loading=\"lazy\" decoding=\"async\" class=\"size-full wp-image-2096\" src=\"https:\/\/d2p6e6u75xmxt8.cloudfront.net\/6\/2018\/01\/IMG_2319.jpeg\" alt=\"\" width=\"1280\" height=\"960\" srcset=\"https:\/\/d2p6e6u75xmxt8.cloudfront.net\/6\/2018\/01\/IMG_2319.jpeg 1280w, https:\/\/d2p6e6u75xmxt8.cloudfront.net\/6\/2018\/01\/IMG_2319-300x225.jpeg 300w, https:\/\/d2p6e6u75xmxt8.cloudfront.net\/6\/2018\/01\/IMG_2319-768x576.jpeg 768w, https:\/\/d2p6e6u75xmxt8.cloudfront.net\/6\/2018\/01\/IMG_2319-1024x768.jpeg 1024w\" sizes=\"auto, (max-width: 1280px) 100vw, 1280px\" \/><\/a><figcaption id=\"caption-attachment-162946\" class=\"wp-caption-text\">No such thing as bad weather!<\/figcaption><\/figure>\n<p>50 minutos de marcha por la tarde o 40 minutos subiendo y bajando las escaleras o 60-90 minutos de gimnasio\/trx\/crossfit.<\/p>\n<p><strong>Eso es todo. Ese es mi plan para las pr\u00f3ximas semanas. Puedes seguir el plan o\u00a0puedes personalizarlo a tus necesidades. Disfruta y no te olvides de seguir sonriendo. Come bien, mantente hidratado, trate de dormir lo suficiente y cuide bien de ti mismo y de tu familia!<\/strong><\/p>\n","protected":false},"excerpt":{"rendered":"<p>Como ex-pro, puedo sentir que es todo un reto mantenerme en forma con el tiempo limitado de la agenda diaria. [&hellip;]<\/p>\n","protected":false},"author":29,"featured_media":2098,"comment_status":"open","ping_status":"open","sticky":false,"template":"","format":"standard","meta":{"footnotes":""},"categories":[7,9],"tags":[252,251],"global-categories":[],"class_list":["post-2088","post","type-post","status-publish","format-standard","has-post-thumbnail","hentry","category-carretera","category-mtb-aventura","tag-como-entrenar-en-invierno","tag-entrenamiento-ciclista-en-invierno"],"yoast_head":"<!-- This site is optimized with the Yoast SEO Premium plugin v25.3 (Yoast SEO v25.9) - https:\/\/yoast.com\/wordpress\/plugins\/seo\/ -->\n<title>Plan de entrenamiento ciclista de invierno por Ji\u0159\u00ed Je\u017eek\u2019s - \u0160koda We Love Cycling - Spain<\/title>\n<meta name=\"description\" content=\"Plan de entrenamiento ciclista de invierno por Ji\u0159\u00ed Je\u017eek\u2019s. Una semana de entrenamiento cuando falta el tiempo y hay lluvia o fr\u00edo.\" \/>\n<meta name=\"robots\" content=\"index, follow, max-snippet:-1, max-image-preview:large, max-video-preview:-1\" \/>\n<link rel=\"canonical\" href=\"https:\/\/www.welovecycling.com\/es\/2018\/01\/06\/plan-de-entrenamiento-ciclista-de-invierno-por-jiri-jezeks\/\" \/>\n<meta property=\"og:locale\" content=\"es_ES\" \/>\n<meta property=\"og:type\" content=\"article\" \/>\n<meta property=\"og:title\" content=\"Plan de entrenamiento ciclista de invierno por Ji\u0159\u00ed Je\u017eek\u2019s\" \/>\n<meta property=\"og:description\" content=\"Plan de entrenamiento ciclista de invierno por Ji\u0159\u00ed Je\u017eek\u2019s. Una semana de entrenamiento cuando falta el tiempo y hay lluvia o fr\u00edo.\" \/>\n<meta property=\"og:url\" content=\"https:\/\/www.welovecycling.com\/es\/2018\/01\/06\/plan-de-entrenamiento-ciclista-de-invierno-por-jiri-jezeks\/\" \/>\n<meta property=\"og:site_name\" content=\"\u0160koda We Love Cycling - Spain\" \/>\n<meta property=\"article:published_time\" content=\"2018-01-06T17:13:45+00:00\" \/>\n<meta property=\"og:image\" content=\"https:\/\/d2p6e6u75xmxt8.cloudfront.net\/6\/2018\/01\/profimedia-0088214132-1.jpg\" \/>\n\t<meta property=\"og:image:width\" content=\"1366\" \/>\n\t<meta property=\"og:image:height\" content=\"600\" \/>\n\t<meta property=\"og:image:type\" content=\"image\/jpeg\" \/>\n<meta name=\"author\" content=\"We Love Cycling Spain\" \/>\n<meta name=\"twitter:card\" content=\"summary_large_image\" \/>\n<meta name=\"twitter:label1\" content=\"Written by\" \/>\n\t<meta name=\"twitter:data1\" content=\"Jiri Jezek\" \/>\n\t<meta name=\"twitter:label2\" content=\"Est. reading time\" \/>\n\t<meta name=\"twitter:data2\" content=\"3 minutes\" \/>\n<script type=\"application\/ld+json\" class=\"yoast-schema-graph\">{\"@context\":\"https:\/\/schema.org\",\"@graph\":[{\"@type\":\"WebPage\",\"@id\":\"https:\/\/www.welovecycling.com\/es\/2018\/01\/06\/plan-de-entrenamiento-ciclista-de-invierno-por-jiri-jezeks\/\",\"url\":\"https:\/\/www.welovecycling.com\/es\/2018\/01\/06\/plan-de-entrenamiento-ciclista-de-invierno-por-jiri-jezeks\/\",\"name\":\"Plan de entrenamiento ciclista de invierno por Ji\u0159\u00ed Je\u017eek\u2019s - \u0160koda We Love Cycling - Spain\",\"isPartOf\":{\"@id\":\"https:\/\/www.welovecycling.com\/es\/#website\"},\"primaryImageOfPage\":{\"@id\":\"https:\/\/www.welovecycling.com\/es\/2018\/01\/06\/plan-de-entrenamiento-ciclista-de-invierno-por-jiri-jezeks\/#primaryimage\"},\"image\":{\"@id\":\"https:\/\/www.welovecycling.com\/es\/2018\/01\/06\/plan-de-entrenamiento-ciclista-de-invierno-por-jiri-jezeks\/#primaryimage\"},\"thumbnailUrl\":\"https:\/\/d2p6e6u75xmxt8.cloudfront.net\/6\/2018\/01\/profimedia-0088214132-1.jpg\",\"datePublished\":\"2018-01-06T17:13:45+00:00\",\"author\":{\"@id\":\"https:\/\/www.welovecycling.com\/es\/#\/schema\/person\/deb61715b5812698ee79fb96f343ccd4\"},\"description\":\"Plan de entrenamiento ciclista de invierno por Ji\u0159\u00ed Je\u017eek\u2019s. Una semana de entrenamiento cuando falta el tiempo y hay lluvia o fr\u00edo.\",\"breadcrumb\":{\"@id\":\"https:\/\/www.welovecycling.com\/es\/2018\/01\/06\/plan-de-entrenamiento-ciclista-de-invierno-por-jiri-jezeks\/#breadcrumb\"},\"inLanguage\":\"es-ES\",\"potentialAction\":[{\"@type\":\"ReadAction\",\"target\":[\"https:\/\/www.welovecycling.com\/es\/2018\/01\/06\/plan-de-entrenamiento-ciclista-de-invierno-por-jiri-jezeks\/\"]}]},{\"@type\":\"ImageObject\",\"inLanguage\":\"es-ES\",\"@id\":\"https:\/\/www.welovecycling.com\/es\/2018\/01\/06\/plan-de-entrenamiento-ciclista-de-invierno-por-jiri-jezeks\/#primaryimage\",\"url\":\"https:\/\/d2p6e6u75xmxt8.cloudfront.net\/6\/2018\/01\/profimedia-0088214132-1.jpg\",\"contentUrl\":\"https:\/\/d2p6e6u75xmxt8.cloudfront.net\/6\/2018\/01\/profimedia-0088214132-1.jpg\",\"width\":1366,\"height\":600},{\"@type\":\"BreadcrumbList\",\"@id\":\"https:\/\/www.welovecycling.com\/es\/2018\/01\/06\/plan-de-entrenamiento-ciclista-de-invierno-por-jiri-jezeks\/#breadcrumb\",\"itemListElement\":[{\"@type\":\"ListItem\",\"position\":1,\"name\":\"Home\",\"item\":\"https:\/\/www.welovecycling.com\/es\/\"},{\"@type\":\"ListItem\",\"position\":2,\"name\":\"Plan de entrenamiento ciclista de invierno por Ji\u0159\u00ed Je\u017eek\u2019s\"}]},{\"@type\":\"WebSite\",\"@id\":\"https:\/\/www.welovecycling.com\/es\/#website\",\"url\":\"https:\/\/www.welovecycling.com\/es\/\",\"name\":\"\u0160koda We Love Cycling - Spain\",\"description\":\"\u0160koda WeLoveCycling Spain\",\"potentialAction\":[{\"@type\":\"SearchAction\",\"target\":{\"@type\":\"EntryPoint\",\"urlTemplate\":\"https:\/\/www.welovecycling.com\/es\/?s={search_term_string}\"},\"query-input\":{\"@type\":\"PropertyValueSpecification\",\"valueRequired\":true,\"valueName\":\"search_term_string\"}}],\"inLanguage\":\"es-ES\"},{\"@type\":\"Person\",\"@id\":\"https:\/\/www.welovecycling.com\/es\/#\/schema\/person\/deb61715b5812698ee79fb96f343ccd4\",\"name\":\"We Love Cycling Spain\",\"image\":{\"@type\":\"ImageObject\",\"inLanguage\":\"es-ES\",\"@id\":\"https:\/\/www.welovecycling.com\/es\/#\/schema\/person\/image\/\",\"url\":\"https:\/\/secure.gravatar.com\/avatar\/c824b04e6df0e37a03219d0b6481672889df542894588964102459e46513159c?s=96&d=mm&r=g\",\"contentUrl\":\"https:\/\/secure.gravatar.com\/avatar\/c824b04e6df0e37a03219d0b6481672889df542894588964102459e46513159c?s=96&d=mm&r=g\",\"caption\":\"We Love Cycling Spain\"},\"url\":\"https:\/\/www.welovecycling.com\/es\/author\/amunoz\/\"}]}<\/script>\n<!-- \/ Yoast SEO Premium plugin. -->","yoast_head_json":{"title":"Plan de entrenamiento ciclista de invierno por Ji\u0159\u00ed Je\u017eek\u2019s - \u0160koda We Love Cycling - Spain","description":"Plan de entrenamiento ciclista de invierno por Ji\u0159\u00ed Je\u017eek\u2019s. Una semana de entrenamiento cuando falta el tiempo y hay lluvia o fr\u00edo.","robots":{"index":"index","follow":"follow","max-snippet":"max-snippet:-1","max-image-preview":"max-image-preview:large","max-video-preview":"max-video-preview:-1"},"canonical":"https:\/\/www.welovecycling.com\/es\/2018\/01\/06\/plan-de-entrenamiento-ciclista-de-invierno-por-jiri-jezeks\/","og_locale":"es_ES","og_type":"article","og_title":"Plan de entrenamiento ciclista de invierno por Ji\u0159\u00ed Je\u017eek\u2019s","og_description":"Plan de entrenamiento ciclista de invierno por Ji\u0159\u00ed Je\u017eek\u2019s. Una semana de entrenamiento cuando falta el tiempo y hay lluvia o fr\u00edo.","og_url":"https:\/\/www.welovecycling.com\/es\/2018\/01\/06\/plan-de-entrenamiento-ciclista-de-invierno-por-jiri-jezeks\/","og_site_name":"\u0160koda We Love Cycling - Spain","article_published_time":"2018-01-06T17:13:45+00:00","og_image":[{"width":1366,"height":600,"url":"https:\/\/d2p6e6u75xmxt8.cloudfront.net\/6\/2018\/01\/profimedia-0088214132-1.jpg","type":"image\/jpeg"}],"author":"We Love Cycling Spain","twitter_card":"summary_large_image","twitter_misc":{"Written by":"Jiri Jezek","Est. reading time":"3 minutes"},"schema":{"@context":"https:\/\/schema.org","@graph":[{"@type":"WebPage","@id":"https:\/\/www.welovecycling.com\/es\/2018\/01\/06\/plan-de-entrenamiento-ciclista-de-invierno-por-jiri-jezeks\/","url":"https:\/\/www.welovecycling.com\/es\/2018\/01\/06\/plan-de-entrenamiento-ciclista-de-invierno-por-jiri-jezeks\/","name":"Plan de entrenamiento ciclista de invierno por Ji\u0159\u00ed Je\u017eek\u2019s - \u0160koda We Love Cycling - Spain","isPartOf":{"@id":"https:\/\/www.welovecycling.com\/es\/#website"},"primaryImageOfPage":{"@id":"https:\/\/www.welovecycling.com\/es\/2018\/01\/06\/plan-de-entrenamiento-ciclista-de-invierno-por-jiri-jezeks\/#primaryimage"},"image":{"@id":"https:\/\/www.welovecycling.com\/es\/2018\/01\/06\/plan-de-entrenamiento-ciclista-de-invierno-por-jiri-jezeks\/#primaryimage"},"thumbnailUrl":"https:\/\/d2p6e6u75xmxt8.cloudfront.net\/6\/2018\/01\/profimedia-0088214132-1.jpg","datePublished":"2018-01-06T17:13:45+00:00","author":{"@id":"https:\/\/www.welovecycling.com\/es\/#\/schema\/person\/deb61715b5812698ee79fb96f343ccd4"},"description":"Plan de entrenamiento ciclista de invierno por Ji\u0159\u00ed Je\u017eek\u2019s. Una semana de entrenamiento cuando falta el tiempo y hay lluvia o fr\u00edo.","breadcrumb":{"@id":"https:\/\/www.welovecycling.com\/es\/2018\/01\/06\/plan-de-entrenamiento-ciclista-de-invierno-por-jiri-jezeks\/#breadcrumb"},"inLanguage":"es-ES","potentialAction":[{"@type":"ReadAction","target":["https:\/\/www.welovecycling.com\/es\/2018\/01\/06\/plan-de-entrenamiento-ciclista-de-invierno-por-jiri-jezeks\/"]}]},{"@type":"ImageObject","inLanguage":"es-ES","@id":"https:\/\/www.welovecycling.com\/es\/2018\/01\/06\/plan-de-entrenamiento-ciclista-de-invierno-por-jiri-jezeks\/#primaryimage","url":"https:\/\/d2p6e6u75xmxt8.cloudfront.net\/6\/2018\/01\/profimedia-0088214132-1.jpg","contentUrl":"https:\/\/d2p6e6u75xmxt8.cloudfront.net\/6\/2018\/01\/profimedia-0088214132-1.jpg","width":1366,"height":600},{"@type":"BreadcrumbList","@id":"https:\/\/www.welovecycling.com\/es\/2018\/01\/06\/plan-de-entrenamiento-ciclista-de-invierno-por-jiri-jezeks\/#breadcrumb","itemListElement":[{"@type":"ListItem","position":1,"name":"Home","item":"https:\/\/www.welovecycling.com\/es\/"},{"@type":"ListItem","position":2,"name":"Plan de entrenamiento ciclista de invierno por Ji\u0159\u00ed Je\u017eek\u2019s"}]},{"@type":"WebSite","@id":"https:\/\/www.welovecycling.com\/es\/#website","url":"https:\/\/www.welovecycling.com\/es\/","name":"\u0160koda We Love Cycling - Spain","description":"\u0160koda WeLoveCycling Spain","potentialAction":[{"@type":"SearchAction","target":{"@type":"EntryPoint","urlTemplate":"https:\/\/www.welovecycling.com\/es\/?s={search_term_string}"},"query-input":{"@type":"PropertyValueSpecification","valueRequired":true,"valueName":"search_term_string"}}],"inLanguage":"es-ES"},{"@type":"Person","@id":"https:\/\/www.welovecycling.com\/es\/#\/schema\/person\/deb61715b5812698ee79fb96f343ccd4","name":"We Love Cycling Spain","image":{"@type":"ImageObject","inLanguage":"es-ES","@id":"https:\/\/www.welovecycling.com\/es\/#\/schema\/person\/image\/","url":"https:\/\/secure.gravatar.com\/avatar\/c824b04e6df0e37a03219d0b6481672889df542894588964102459e46513159c?s=96&d=mm&r=g","contentUrl":"https:\/\/secure.gravatar.com\/avatar\/c824b04e6df0e37a03219d0b6481672889df542894588964102459e46513159c?s=96&d=mm&r=g","caption":"We Love Cycling Spain"},"url":"https:\/\/www.welovecycling.com\/es\/author\/amunoz\/"}]}},"_links":{"self":[{"href":"https:\/\/www.welovecycling.com\/es\/wp-json\/wp\/v2\/posts\/2088","targetHints":{"allow":["GET"]}}],"collection":[{"href":"https:\/\/www.welovecycling.com\/es\/wp-json\/wp\/v2\/posts"}],"about":[{"href":"https:\/\/www.welovecycling.com\/es\/wp-json\/wp\/v2\/types\/post"}],"author":[{"embeddable":true,"href":"https:\/\/www.welovecycling.com\/es\/wp-json\/wp\/v2\/users\/29"}],"replies":[{"embeddable":true,"href":"https:\/\/www.welovecycling.com\/es\/wp-json\/wp\/v2\/comments?post=2088"}],"version-history":[{"count":2,"href":"https:\/\/www.welovecycling.com\/es\/wp-json\/wp\/v2\/posts\/2088\/revisions"}],"predecessor-version":[{"id":2104,"href":"https:\/\/www.welovecycling.com\/es\/wp-json\/wp\/v2\/posts\/2088\/revisions\/2104"}],"wp:featuredmedia":[{"embeddable":true,"href":"https:\/\/www.welovecycling.com\/es\/wp-json\/wp\/v2\/media\/2098"}],"wp:attachment":[{"href":"https:\/\/www.welovecycling.com\/es\/wp-json\/wp\/v2\/media?parent=2088"}],"wp:term":[{"taxonomy":"category","embeddable":true,"href":"https:\/\/www.welovecycling.com\/es\/wp-json\/wp\/v2\/categories?post=2088"},{"taxonomy":"post_tag","embeddable":true,"href":"https:\/\/www.welovecycling.com\/es\/wp-json\/wp\/v2\/tags?post=2088"},{"taxonomy":"global-categories","embeddable":true,"href":"https:\/\/www.welovecycling.com\/es\/wp-json\/wp\/v2\/global-categories?post=2088"}],"curies":[{"name":"wp","href":"https:\/\/api.w.org\/{rel}","templated":true}]}}