{"id":2069,"date":"2017-12-29T10:58:00","date_gmt":"2017-12-29T08:58:00","guid":{"rendered":"https:\/\/www.welovecycling.com\/es\/?p=2069"},"modified":"2017-12-29T10:58:00","modified_gmt":"2017-12-29T08:58:00","slug":"los-mejores-videos-de-ciclismo-2017","status":"publish","type":"post","link":"https:\/\/www.welovecycling.com\/es\/2017\/12\/29\/los-mejores-videos-de-ciclismo-2017\/","title":{"rendered":"VIDEO: Los mejores v\u00eddeos de ciclismo de 2017"},"content":{"rendered":"<p><strong>Uno siempre echa la vista atr\u00e1s cuando acaba un a\u00f1o. Empiezas a recordar todas las cosas que hizo y que no y arrancas la planificaci\u00f3n de los proyectos del a\u00f1o siguiente para que nada acabe, pero siempre mirando al pasado.\u00a0 No te preocupes, estamos aqu\u00ed para recordarte que el a\u00f1o 2017 realmente vali\u00f3 la pena y que, si miras hacia atr\u00e1s, ver\u00e1s todas las cosas maravillosas que logr\u00f3 hacer.<\/strong><\/p>\n<p><!--more--><\/p>\n<lite-youtube videoid=bFLzzvHf9ZA params=\"enablejsapi=1\" style=\"background-image: url('https:\/\/i.ytimg.com\/vi_webp\/bFLzzvHf9ZA\/maxresdefault.webp');\"><\/lite-youtube>\n<p>Porque as\u00ed es como nos sentimos. Hace un a\u00f1o iniciamos algunos proyectos y nos alegramos de despedirnos del 2017 porque podr\u00edamos tacharlos todos. Bueno, la mayor\u00eda de ellos. As\u00ed que, recuerda, sea ambicioso pero no demasiado duro consigo mismo, entrene y coma limpio, pero perm\u00edtase algunos d\u00edas de descanso y, lo m\u00e1s importante, sea bueno con usted mismo y con los dem\u00e1s. Estamos contentos de que hayas elegido pasar parte del tiempo de tu a\u00f1o con nosotros y esperamos que hayas disfrutado de todo lo que te enviamos.<\/p>\n<p><strong>As\u00ed que, aqu\u00ed viene otro proyecto &#8211; \u00a1Nos esforzaremos a\u00fan m\u00e1s el a\u00f1o que viene! Feliz A\u00f1o Nuevo<\/strong><\/p>\n<p>&nbsp;<\/p>\n<p>&nbsp;<\/p>\n<lite-youtube videoid=QP3wkUTHCrk params=\"enablejsapi=1\" style=\"background-image: url('https:\/\/i.ytimg.com\/vi_webp\/QP3wkUTHCrk\/maxresdefault.webp');\"><\/lite-youtube>\n<lite-youtube videoid=r3i8NShBpII params=\"enablejsapi=1\" style=\"background-image: url('https:\/\/i.ytimg.com\/vi_webp\/r3i8NShBpII\/maxresdefault.webp');\"><\/lite-youtube>\n<lite-youtube videoid=mNqx2f9Pgj0 params=\"enablejsapi=1\" style=\"background-image: url('https:\/\/i.ytimg.com\/vi_webp\/mNqx2f9Pgj0\/maxresdefault.webp');\"><\/lite-youtube>\n<lite-youtube videoid=uacHBmrepTM params=\"enablejsapi=1\" style=\"background-image: url('https:\/\/i.ytimg.com\/vi_webp\/uacHBmrepTM\/maxresdefault.webp');\"><\/lite-youtube>\n<lite-youtube videoid=vvp4URhGooM params=\"enablejsapi=1\" style=\"background-image: url('https:\/\/i.ytimg.com\/vi_webp\/vvp4URhGooM\/maxresdefault.webp');\"><\/lite-youtube>\n","protected":false},"excerpt":{"rendered":"<p>Uno siempre echa la vista atr\u00e1s cuando acaba un a\u00f1o. Empiezas a recordar todas las cosas que hizo y que [&hellip;]<\/p>\n","protected":false},"author":29,"featured_media":2070,"comment_status":"open","ping_status":"open","sticky":false,"template":"","format":"standard","meta":{"footnotes":""},"categories":[7,9],"tags":[],"global-categories":[],"class_list":["post-2069","post","type-post","status-publish","format-standard","has-post-thumbnail","hentry","category-carretera","category-mtb-aventura"],"yoast_head":"<!-- This site is optimized with the Yoast SEO Premium plugin v25.3 (Yoast SEO v25.9) - https:\/\/yoast.com\/wordpress\/plugins\/seo\/ -->\n<title>VIDEO: Los mejores v\u00eddeos de ciclismo de 2017 - \u0160koda We Love Cycling - Spain<\/title>\n<meta name=\"description\" content=\"Los mejores v\u00eddeos de ciclismo de 2017. Todo lo que hemos publicado en We Love Cycling en 2017 y los proyectos de la pr\u00f3xima temporada.\" \/>\n<meta name=\"robots\" content=\"index, follow, max-snippet:-1, max-image-preview:large, max-video-preview:-1\" \/>\n<link rel=\"canonical\" href=\"https:\/\/www.welovecycling.com\/es\/2017\/12\/29\/los-mejores-videos-de-ciclismo-2017\/\" \/>\n<meta property=\"og:locale\" content=\"es_ES\" \/>\n<meta property=\"og:type\" content=\"article\" \/>\n<meta property=\"og:title\" content=\"VIDEO: Los mejores v\u00eddeos de ciclismo de 2017\" \/>\n<meta property=\"og:description\" content=\"Los mejores v\u00eddeos de ciclismo de 2017. Todo lo que hemos publicado en We Love Cycling en 2017 y los proyectos de la pr\u00f3xima temporada.\" \/>\n<meta property=\"og:url\" content=\"https:\/\/www.welovecycling.com\/es\/2017\/12\/29\/los-mejores-videos-de-ciclismo-2017\/\" \/>\n<meta property=\"og:site_name\" content=\"\u0160koda We Love Cycling - Spain\" \/>\n<meta property=\"article:published_time\" content=\"2017-12-29T08:58:00+00:00\" \/>\n<meta property=\"og:image\" content=\"https:\/\/d2p6e6u75xmxt8.cloudfront.net\/6\/2017\/12\/rochecover1.jpg\" \/>\n\t<meta property=\"og:image:width\" content=\"1375\" \/>\n\t<meta property=\"og:image:height\" content=\"600\" \/>\n\t<meta property=\"og:image:type\" content=\"image\/jpeg\" \/>\n<meta name=\"author\" content=\"We Love Cycling Spain\" \/>\n<meta name=\"twitter:card\" content=\"summary_large_image\" \/>\n<meta name=\"twitter:title\" content=\"VIDEO: Los mejores v\u00eddeos de ciclismo de 2017\" \/>\n<meta name=\"twitter:description\" content=\"Los mejores v\u00eddeos de ciclismo de 2017. Todo lo que hemos publicado en We Love Cycling en 2017 y los proyectos de la pr\u00f3xima temporada.\" \/>\n<meta name=\"twitter:label1\" content=\"Written by\" \/>\n\t<meta name=\"twitter:data1\" content=\"We Love Cycling Spain\" \/>\n\t<meta name=\"twitter:label2\" content=\"Est. reading time\" \/>\n\t<meta name=\"twitter:data2\" content=\"1 minute\" \/>\n<script type=\"application\/ld+json\" class=\"yoast-schema-graph\">{\"@context\":\"https:\/\/schema.org\",\"@graph\":[{\"@type\":\"WebPage\",\"@id\":\"https:\/\/www.welovecycling.com\/es\/2017\/12\/29\/los-mejores-videos-de-ciclismo-2017\/\",\"url\":\"https:\/\/www.welovecycling.com\/es\/2017\/12\/29\/los-mejores-videos-de-ciclismo-2017\/\",\"name\":\"VIDEO: Los mejores v\u00eddeos de ciclismo de 2017 - \u0160koda We Love Cycling - Spain\",\"isPartOf\":{\"@id\":\"https:\/\/www.welovecycling.com\/es\/#website\"},\"primaryImageOfPage\":{\"@id\":\"https:\/\/www.welovecycling.com\/es\/2017\/12\/29\/los-mejores-videos-de-ciclismo-2017\/#primaryimage\"},\"image\":{\"@id\":\"https:\/\/www.welovecycling.com\/es\/2017\/12\/29\/los-mejores-videos-de-ciclismo-2017\/#primaryimage\"},\"thumbnailUrl\":\"https:\/\/d2p6e6u75xmxt8.cloudfront.net\/6\/2017\/12\/rochecover1.jpg\",\"datePublished\":\"2017-12-29T08:58:00+00:00\",\"author\":{\"@id\":\"https:\/\/www.welovecycling.com\/es\/#\/schema\/person\/deb61715b5812698ee79fb96f343ccd4\"},\"description\":\"Los mejores v\u00eddeos de ciclismo de 2017. Todo lo que hemos publicado en We Love Cycling en 2017 y los proyectos de la pr\u00f3xima temporada.\",\"breadcrumb\":{\"@id\":\"https:\/\/www.welovecycling.com\/es\/2017\/12\/29\/los-mejores-videos-de-ciclismo-2017\/#breadcrumb\"},\"inLanguage\":\"es-ES\",\"potentialAction\":[{\"@type\":\"ReadAction\",\"target\":[\"https:\/\/www.welovecycling.com\/es\/2017\/12\/29\/los-mejores-videos-de-ciclismo-2017\/\"]}]},{\"@type\":\"ImageObject\",\"inLanguage\":\"es-ES\",\"@id\":\"https:\/\/www.welovecycling.com\/es\/2017\/12\/29\/los-mejores-videos-de-ciclismo-2017\/#primaryimage\",\"url\":\"https:\/\/d2p6e6u75xmxt8.cloudfront.net\/6\/2017\/12\/rochecover1.jpg\",\"contentUrl\":\"https:\/\/d2p6e6u75xmxt8.cloudfront.net\/6\/2017\/12\/rochecover1.jpg\",\"width\":1375,\"height\":600},{\"@type\":\"BreadcrumbList\",\"@id\":\"https:\/\/www.welovecycling.com\/es\/2017\/12\/29\/los-mejores-videos-de-ciclismo-2017\/#breadcrumb\",\"itemListElement\":[{\"@type\":\"ListItem\",\"position\":1,\"name\":\"Home\",\"item\":\"https:\/\/www.welovecycling.com\/es\/\"},{\"@type\":\"ListItem\",\"position\":2,\"name\":\"VIDEO: Los mejores v\u00eddeos de ciclismo de 2017\"}]},{\"@type\":\"WebSite\",\"@id\":\"https:\/\/www.welovecycling.com\/es\/#website\",\"url\":\"https:\/\/www.welovecycling.com\/es\/\",\"name\":\"\u0160koda We Love Cycling - Spain\",\"description\":\"\u0160koda WeLoveCycling Spain\",\"potentialAction\":[{\"@type\":\"SearchAction\",\"target\":{\"@type\":\"EntryPoint\",\"urlTemplate\":\"https:\/\/www.welovecycling.com\/es\/?s={search_term_string}\"},\"query-input\":{\"@type\":\"PropertyValueSpecification\",\"valueRequired\":true,\"valueName\":\"search_term_string\"}}],\"inLanguage\":\"es-ES\"},{\"@type\":\"Person\",\"@id\":\"https:\/\/www.welovecycling.com\/es\/#\/schema\/person\/deb61715b5812698ee79fb96f343ccd4\",\"name\":\"We Love Cycling Spain\",\"image\":{\"@type\":\"ImageObject\",\"inLanguage\":\"es-ES\",\"@id\":\"https:\/\/www.welovecycling.com\/es\/#\/schema\/person\/image\/\",\"url\":\"https:\/\/secure.gravatar.com\/avatar\/c824b04e6df0e37a03219d0b6481672889df542894588964102459e46513159c?s=96&d=mm&r=g\",\"contentUrl\":\"https:\/\/secure.gravatar.com\/avatar\/c824b04e6df0e37a03219d0b6481672889df542894588964102459e46513159c?s=96&d=mm&r=g\",\"caption\":\"We Love Cycling Spain\"},\"url\":\"https:\/\/www.welovecycling.com\/es\/author\/amunoz\/\"}]}<\/script>\n<!-- \/ Yoast SEO Premium plugin. -->","yoast_head_json":{"title":"VIDEO: Los mejores v\u00eddeos de ciclismo de 2017 - \u0160koda We Love Cycling - Spain","description":"Los mejores v\u00eddeos de ciclismo de 2017. Todo lo que hemos publicado en We Love Cycling en 2017 y los proyectos de la pr\u00f3xima temporada.","robots":{"index":"index","follow":"follow","max-snippet":"max-snippet:-1","max-image-preview":"max-image-preview:large","max-video-preview":"max-video-preview:-1"},"canonical":"https:\/\/www.welovecycling.com\/es\/2017\/12\/29\/los-mejores-videos-de-ciclismo-2017\/","og_locale":"es_ES","og_type":"article","og_title":"VIDEO: Los mejores v\u00eddeos de ciclismo de 2017","og_description":"Los mejores v\u00eddeos de ciclismo de 2017. Todo lo que hemos publicado en We Love Cycling en 2017 y los proyectos de la pr\u00f3xima temporada.","og_url":"https:\/\/www.welovecycling.com\/es\/2017\/12\/29\/los-mejores-videos-de-ciclismo-2017\/","og_site_name":"\u0160koda We Love Cycling - Spain","article_published_time":"2017-12-29T08:58:00+00:00","og_image":[{"width":1375,"height":600,"url":"https:\/\/d2p6e6u75xmxt8.cloudfront.net\/6\/2017\/12\/rochecover1.jpg","type":"image\/jpeg"}],"author":"We Love Cycling Spain","twitter_card":"summary_large_image","twitter_title":"VIDEO: Los mejores v\u00eddeos de ciclismo de 2017","twitter_description":"Los mejores v\u00eddeos de ciclismo de 2017. Todo lo que hemos publicado en We Love Cycling en 2017 y los proyectos de la pr\u00f3xima temporada.","twitter_misc":{"Written by":"We Love Cycling Spain","Est. reading time":"1 minute"},"schema":{"@context":"https:\/\/schema.org","@graph":[{"@type":"WebPage","@id":"https:\/\/www.welovecycling.com\/es\/2017\/12\/29\/los-mejores-videos-de-ciclismo-2017\/","url":"https:\/\/www.welovecycling.com\/es\/2017\/12\/29\/los-mejores-videos-de-ciclismo-2017\/","name":"VIDEO: Los mejores v\u00eddeos de ciclismo de 2017 - \u0160koda We Love Cycling - Spain","isPartOf":{"@id":"https:\/\/www.welovecycling.com\/es\/#website"},"primaryImageOfPage":{"@id":"https:\/\/www.welovecycling.com\/es\/2017\/12\/29\/los-mejores-videos-de-ciclismo-2017\/#primaryimage"},"image":{"@id":"https:\/\/www.welovecycling.com\/es\/2017\/12\/29\/los-mejores-videos-de-ciclismo-2017\/#primaryimage"},"thumbnailUrl":"https:\/\/d2p6e6u75xmxt8.cloudfront.net\/6\/2017\/12\/rochecover1.jpg","datePublished":"2017-12-29T08:58:00+00:00","author":{"@id":"https:\/\/www.welovecycling.com\/es\/#\/schema\/person\/deb61715b5812698ee79fb96f343ccd4"},"description":"Los mejores v\u00eddeos de ciclismo de 2017. Todo lo que hemos publicado en We Love Cycling en 2017 y los proyectos de la pr\u00f3xima temporada.","breadcrumb":{"@id":"https:\/\/www.welovecycling.com\/es\/2017\/12\/29\/los-mejores-videos-de-ciclismo-2017\/#breadcrumb"},"inLanguage":"es-ES","potentialAction":[{"@type":"ReadAction","target":["https:\/\/www.welovecycling.com\/es\/2017\/12\/29\/los-mejores-videos-de-ciclismo-2017\/"]}]},{"@type":"ImageObject","inLanguage":"es-ES","@id":"https:\/\/www.welovecycling.com\/es\/2017\/12\/29\/los-mejores-videos-de-ciclismo-2017\/#primaryimage","url":"https:\/\/d2p6e6u75xmxt8.cloudfront.net\/6\/2017\/12\/rochecover1.jpg","contentUrl":"https:\/\/d2p6e6u75xmxt8.cloudfront.net\/6\/2017\/12\/rochecover1.jpg","width":1375,"height":600},{"@type":"BreadcrumbList","@id":"https:\/\/www.welovecycling.com\/es\/2017\/12\/29\/los-mejores-videos-de-ciclismo-2017\/#breadcrumb","itemListElement":[{"@type":"ListItem","position":1,"name":"Home","item":"https:\/\/www.welovecycling.com\/es\/"},{"@type":"ListItem","position":2,"name":"VIDEO: Los mejores v\u00eddeos de ciclismo de 2017"}]},{"@type":"WebSite","@id":"https:\/\/www.welovecycling.com\/es\/#website","url":"https:\/\/www.welovecycling.com\/es\/","name":"\u0160koda We Love Cycling - Spain","description":"\u0160koda WeLoveCycling Spain","potentialAction":[{"@type":"SearchAction","target":{"@type":"EntryPoint","urlTemplate":"https:\/\/www.welovecycling.com\/es\/?s={search_term_string}"},"query-input":{"@type":"PropertyValueSpecification","valueRequired":true,"valueName":"search_term_string"}}],"inLanguage":"es-ES"},{"@type":"Person","@id":"https:\/\/www.welovecycling.com\/es\/#\/schema\/person\/deb61715b5812698ee79fb96f343ccd4","name":"We Love Cycling Spain","image":{"@type":"ImageObject","inLanguage":"es-ES","@id":"https:\/\/www.welovecycling.com\/es\/#\/schema\/person\/image\/","url":"https:\/\/secure.gravatar.com\/avatar\/c824b04e6df0e37a03219d0b6481672889df542894588964102459e46513159c?s=96&d=mm&r=g","contentUrl":"https:\/\/secure.gravatar.com\/avatar\/c824b04e6df0e37a03219d0b6481672889df542894588964102459e46513159c?s=96&d=mm&r=g","caption":"We Love Cycling Spain"},"url":"https:\/\/www.welovecycling.com\/es\/author\/amunoz\/"}]}},"_links":{"self":[{"href":"https:\/\/www.welovecycling.com\/es\/wp-json\/wp\/v2\/posts\/2069","targetHints":{"allow":["GET"]}}],"collection":[{"href":"https:\/\/www.welovecycling.com\/es\/wp-json\/wp\/v2\/posts"}],"about":[{"href":"https:\/\/www.welovecycling.com\/es\/wp-json\/wp\/v2\/types\/post"}],"author":[{"embeddable":true,"href":"https:\/\/www.welovecycling.com\/es\/wp-json\/wp\/v2\/users\/29"}],"replies":[{"embeddable":true,"href":"https:\/\/www.welovecycling.com\/es\/wp-json\/wp\/v2\/comments?post=2069"}],"version-history":[{"count":2,"href":"https:\/\/www.welovecycling.com\/es\/wp-json\/wp\/v2\/posts\/2069\/revisions"}],"predecessor-version":[{"id":2072,"href":"https:\/\/www.welovecycling.com\/es\/wp-json\/wp\/v2\/posts\/2069\/revisions\/2072"}],"wp:featuredmedia":[{"embeddable":true,"href":"https:\/\/www.welovecycling.com\/es\/wp-json\/wp\/v2\/media\/2070"}],"wp:attachment":[{"href":"https:\/\/www.welovecycling.com\/es\/wp-json\/wp\/v2\/media?parent=2069"}],"wp:term":[{"taxonomy":"category","embeddable":true,"href":"https:\/\/www.welovecycling.com\/es\/wp-json\/wp\/v2\/categories?post=2069"},{"taxonomy":"post_tag","embeddable":true,"href":"https:\/\/www.welovecycling.com\/es\/wp-json\/wp\/v2\/tags?post=2069"},{"taxonomy":"global-categories","embeddable":true,"href":"https:\/\/www.welovecycling.com\/es\/wp-json\/wp\/v2\/global-categories?post=2069"}],"curies":[{"name":"wp","href":"https:\/\/api.w.org\/{rel}","templated":true}]}}